{"id":77757,"date":"2025-12-15T13:37:21","date_gmt":"2025-12-15T12:37:21","guid":{"rendered":"https:\/\/lasentinelle.dz\/?p=77757"},"modified":"2025-12-15T13:37:22","modified_gmt":"2025-12-15T12:37:22","slug":"can-de-handball-bouchekriou-devoile-une-liste-elargie-de-33-joueurs","status":"publish","type":"post","link":"https:\/\/lasentinelle.dz\/index.php\/2025\/12\/15\/can-de-handball-bouchekriou-devoile-une-liste-elargie-de-33-joueurs\/","title":{"rendered":"CAN de handball\u00a0: Bouchekriou d\u00e9voile une liste \u00e9largie de 33 joueurs\u00a0"},"content":{"rendered":"\n<p>Le s\u00e9lectionneur national de handball Salah Bouchekriou a rendu publique samedi une liste pr\u00e9liminaire de 33 joueurs en vue du Championnat d&rsquo;Afrique des nations pr\u00e9vu du 21 au 31 janvier 2026 au Rwanda. Cette s\u00e9lection \u00e9largie, qui m\u00eale exp\u00e9rience confirm\u00e9e et jeunesse prometteuse, traduit l&rsquo;ambition des Verts de d\u00e9passer la m\u00e9daille d&rsquo;argent obtenue lors de l&rsquo;\u00e9dition 2023 en \u00c9gypte et de d\u00e9crocher leur billet pour le Mondial 2027 en Allemagne.<\/p>\n\n\n\n<p>La F\u00e9d\u00e9ration alg\u00e9rienne de handball a officialis\u00e9 dans un communiqu\u00e9 la composition de cette pr\u00e9-liste qui constituera le vivier dans lequel Salah Bouchekriou puisera pour former son effectif d\u00e9finitif. Cette annonce intervient \u00e0 un peu plus d&rsquo;un mois du coup d&rsquo;envoi de la comp\u00e9tition continentale et s&rsquo;inscrit dans la strat\u00e9gie de pr\u00e9paration minutieuse du staff technique national. L&rsquo;objectif affich\u00e9 par la f\u00e9d\u00e9ration ne souffre d&rsquo;aucune ambigu\u00eft\u00e9 : constituer une \u00e9quipe comp\u00e9titive capable de rivaliser avec les meilleures formations africaines et de ramener un titre qui \u00e9chappe aux handballeurs alg\u00e9riens depuis trop longtemps. La philosophie qui sous-tend cette s\u00e9lection \u00e9largie repose sur un \u00e9quilibre soigneusement pens\u00e9 entre trois composantes essentielles. D&rsquo;abord, l&rsquo;exp\u00e9rience des cadres ayant d\u00e9j\u00e0 disput\u00e9 des \u00e9ch\u00e9ances continentales et connaissant les exigences du haut niveau africain. Ensuite, la jeunesse de talents \u00e9mergents susceptibles d&rsquo;apporter leur fougue et leur envie de s&rsquo;imposer sur la sc\u00e8ne internationale. Enfin, le dynamisme d&rsquo;un groupe capable d&rsquo;insuffler l&rsquo;intensit\u00e9 n\u00e9cessaire pour bousculer les hi\u00e9rarchies \u00e9tablies. Cette trilogie exp\u00e9rience-jeunesse-dynamisme repr\u00e9sente selon les responsables f\u00e9d\u00e9raux la recette la plus appropri\u00e9e pour franchir le palier qui s\u00e9pare actuellement l&rsquo;Alg\u00e9rie du titre continental.<\/p>\n\n\n\n<p>Sur les 33 noms d\u00e9voil\u00e9s, 17 \u00e9voluent dans des clubs du championnat national, preuve que le vivier local continue de produire des handballeurs de qualit\u00e9 capables de pr\u00e9tendre \u00e0 une s\u00e9lection en \u00e9quipe nationale. Les 16 autres joueurs sont issus de formations \u00e9trang\u00e8res. Au total, ces 33 internationaux repr\u00e9sentent 24 clubs diff\u00e9rents r\u00e9partis dans neuf championnats \u00e0 travers le monde.<\/p>\n\n\n\n<p>Le calendrier \u00e9tabli par le staff technique pr\u00e9voit que la liste d\u00e9finitive des joueurs retenus pour disputer la CAN rwandaise sera communiqu\u00e9e aux alentours du 16 janvier 2026, soit environ une semaine avant le d\u00e9but de la comp\u00e9tition. Cette date correspond \u00e0 l&rsquo;issue du dernier stage de pr\u00e9paration qui permettra au s\u00e9lectionneur d&rsquo;effectuer ses ultimes r\u00e9glages et d&rsquo;arr\u00eater d\u00e9finitivement ses choix. Entre aujourd&rsquo;hui et cette \u00e9ch\u00e9ance, plusieurs regroupements sont programm\u00e9s pour permettre \u00e0 Bouchekriou d&rsquo;\u00e9valuer l&rsquo;\u00e9tat de forme de chacun, de tester diff\u00e9rentes combinaisons tactiques et de souder un groupe appel\u00e9 \u00e0 vivre ensemble pendant pr\u00e8s de deux semaines au Rwanda.<\/p>\n\n\n\n<p>Le tirage au sort de la comp\u00e9tition a plac\u00e9 l&rsquo;Alg\u00e9rie dans le groupe A de cette 27<sup>e<\/sup>&nbsp;\u00e9dition continentale, aux c\u00f4t\u00e9s du Rwanda, pays organisateur qui b\u00e9n\u00e9ficiera naturellement du soutien de son public, du Nigeria, formation en pleine reconstruction mais toujours redoutable, et de la Zambie, outsider capable de cr\u00e9er la surprise. Le statut de favori dans cette poule impose une obligation de r\u00e9sultat face \u00e0 des adversaires th\u00e9oriquement \u00e0 port\u00e9e, mais l&rsquo;histoire du handball africain regorge d&rsquo;exemples de favoris pi\u00e9g\u00e9s par des s\u00e9lections sous-estim\u00e9es. La prudence et le s\u00e9rieux devront donc caract\u00e9riser l&rsquo;approche alg\u00e9rienne d\u00e8s la phase de groupes.<\/p>\n\n\n\n<p>Au-del\u00e0 de l&rsquo;enjeu continental imm\u00e9diat, cette CAN rwandaise rev\u00eat une importance capitale dans la perspective du Mondial 2027 pr\u00e9vu en Allemagne,. La comp\u00e9tition africaine servira en effet de tournoi qualificatif pour le rendez-vous plan\u00e9taire, offrant aux meilleures \u00e9quipes du continent des s\u00e9sames pour l&rsquo;Allemagne, une \u00e9ch\u00e9ance que les Verts ambitionnent de retrouver apr\u00e8s avoir disput\u00e9 la finale de la CAN-2024 au Caire, perdue face \u00e0 l&rsquo;Egyptex.&nbsp;<\/p>\n\n\n\n<p>M. Dahleb&nbsp;<\/p>\n\n\n\n<p><strong>Liste \u00e9largie de 33 joueurs :<\/strong><br><br>Abdeljalil Zennadi, Yahia Zemouchi, Mohamed Islam Seghiri, Redouane Saker, Zohir Naim, Salim Mezaza, Rabah Racim Meddahi, Abderrahmane Mamar Chaouch, Ahmed Anis Madhi, Mohamed Mouchif, Bastien Khermouche, Mohamed-Amine Khelifati, Ferhat Hamzaoui, Ayoub Hamdi, Adel Guemeida, Khalifa Ghedbane, Sami Douchet, Abdelouahab Djamati, Hichem Daoud, Mounir Chehri, Mohamed-Merouane Bouziane, Hani Abderrafik Bounab, Aziz Bouhal, Abderraouf Bouakaz, Elyas Bouadjaja, Nidhal Blida, Ayoub Abdi, Berkous Massoud, Abrous Rayan, Ayoub Benkaddour, Nori Benhalima, Youcef Atek, Abdelghani Alleg.<\/p>\n","protected":false},"excerpt":{"rendered":"<p>Le s\u00e9lectionneur national de handball Salah Bouchekriou a rendu publique samedi une liste pr\u00e9liminaire de 33 joueurs en vue du<\/p>\n","protected":false},"author":6,"featured_media":77758,"comment_status":"open","ping_status":"closed","sticky":false,"template":"","format":"standard","meta":{"colormag_page_container_layout":"default_layout","colormag_page_sidebar_layout":"default_layout","om_disable_all_campaigns":false,"_monsterinsights_skip_tracking":false,"_monsterinsights_sitenote_active":false,"_monsterinsights_sitenote_note":"","_monsterinsights_sitenote_category":0,"footnotes":"","_wpscppro_dont_share_socialmedia":false,"_wpscppro_custom_social_share_image":0,"_facebook_share_type":"default","_twitter_share_type":"default","_linkedin_share_type":"default","_pinterest_share_type":"default","_linkedin_share_type_page":"","_instagram_share_type":"default","_medium_share_type":"default","_threads_share_type":"default","_google_business_share_type":"default","_selected_social_profile":[],"_wpsp_enable_custom_social_template":false,"_wpsp_social_scheduling":{"enabled":false,"datetime":null,"platforms":[],"status":"template_only","dateOption":"today","timeOption":"now","customDays":"","customHours":"","customDate":"","customTime":"","schedulingType":"absolute"},"_wpsp_active_default_template":true},"categories":[33],"tags":[],"class_list":["post-77757","post","type-post","status-publish","format-standard","has-post-thumbnail","hentry","category-sports"],"aioseo_notices":[],"yoast_head":"<!-- This site is optimized with the Yoast SEO plugin v27.5 - https:\/\/yoast.com\/product\/yoast-seo-wordpress\/ -->\n<title>CAN de handball\u00a0: Bouchekriou d\u00e9voile une liste \u00e9largie de 33 joueurs\u00a0 - La Sentinelle<\/title>\n<meta name=\"robots\" content=\"index, follow, max-snippet:-1, max-image-preview:large, max-video-preview:-1\" \/>\n<link rel=\"canonical\" href=\"https:\/\/lasentinelle.dz\/index.php\/2025\/12\/15\/can-de-handball-bouchekriou-devoile-une-liste-elargie-de-33-joueurs\/\" \/>\n<meta property=\"og:locale\" content=\"fr_FR\" \/>\n<meta property=\"og:type\" content=\"article\" \/>\n<meta property=\"og:title\" content=\"CAN de handball\u00a0: Bouchekriou d\u00e9voile une liste \u00e9largie de 33 joueurs\u00a0 - La Sentinelle\" \/>\n<meta property=\"og:description\" content=\"Le s\u00e9lectionneur national de handball Salah Bouchekriou a rendu publique samedi une liste pr\u00e9liminaire de 33 joueurs en vue du\" \/>\n<meta property=\"og:url\" content=\"https:\/\/lasentinelle.dz\/index.php\/2025\/12\/15\/can-de-handball-bouchekriou-devoile-une-liste-elargie-de-33-joueurs\/\" \/>\n<meta property=\"og:site_name\" content=\"La Sentinelle\" \/>\n<meta property=\"article:publisher\" content=\"https:\/\/www.facebook.com\/La-Sentinelle-104059864394773\" \/>\n<meta property=\"article:published_time\" content=\"2025-12-15T12:37:21+00:00\" \/>\n<meta property=\"article:modified_time\" content=\"2025-12-15T12:37:22+00:00\" \/>\n<meta property=\"og:image\" content=\"https:\/\/lasentinelle.dz\/wp-content\/uploads\/2025\/12\/bouchekriou.jpg\" \/>\n\t<meta property=\"og:image:width\" content=\"1458\" \/>\n\t<meta property=\"og:image:height\" content=\"1094\" \/>\n\t<meta property=\"og:image:type\" content=\"image\/jpeg\" \/>\n<meta name=\"author\" content=\"admin\" \/>\n<meta name=\"twitter:card\" content=\"summary_large_image\" \/>\n<meta name=\"twitter:label1\" content=\"\u00c9crit par\" \/>\n\t<meta name=\"twitter:data1\" content=\"admin\" \/>\n\t<meta name=\"twitter:label2\" content=\"Dur\u00e9e de lecture estim\u00e9e\" \/>\n\t<meta name=\"twitter:data2\" content=\"4 minutes\" \/>\n<script type=\"application\/ld+json\" class=\"yoast-schema-graph\">{\"@context\":\"https:\\\/\\\/schema.org\",\"@graph\":[{\"@type\":\"Article\",\"@id\":\"https:\\\/\\\/lasentinelle.dz\\\/index.php\\\/2025\\\/12\\\/15\\\/can-de-handball-bouchekriou-devoile-une-liste-elargie-de-33-joueurs\\\/#article\",\"isPartOf\":{\"@id\":\"https:\\\/\\\/lasentinelle.dz\\\/index.php\\\/2025\\\/12\\\/15\\\/can-de-handball-bouchekriou-devoile-une-liste-elargie-de-33-joueurs\\\/\"},\"author\":{\"name\":\"admin\",\"@id\":\"https:\\\/\\\/lasentinelle.dz\\\/#\\\/schema\\\/person\\\/729ee0024f24e0b8c5ec17232f8e8b41\"},\"headline\":\"CAN de handball\u00a0: Bouchekriou d\u00e9voile une liste \u00e9largie de 33 joueurs\u00a0\",\"datePublished\":\"2025-12-15T12:37:21+00:00\",\"dateModified\":\"2025-12-15T12:37:22+00:00\",\"mainEntityOfPage\":{\"@id\":\"https:\\\/\\\/lasentinelle.dz\\\/index.php\\\/2025\\\/12\\\/15\\\/can-de-handball-bouchekriou-devoile-une-liste-elargie-de-33-joueurs\\\/\"},\"wordCount\":763,\"commentCount\":0,\"publisher\":{\"@id\":\"https:\\\/\\\/lasentinelle.dz\\\/#organization\"},\"image\":{\"@id\":\"https:\\\/\\\/lasentinelle.dz\\\/index.php\\\/2025\\\/12\\\/15\\\/can-de-handball-bouchekriou-devoile-une-liste-elargie-de-33-joueurs\\\/#primaryimage\"},\"thumbnailUrl\":\"https:\\\/\\\/lasentinelle.dz\\\/wp-content\\\/uploads\\\/2025\\\/12\\\/bouchekriou.jpg\",\"articleSection\":[\"Sports\"],\"inLanguage\":\"fr-FR\",\"potentialAction\":[{\"@type\":\"CommentAction\",\"name\":\"Comment\",\"target\":[\"https:\\\/\\\/lasentinelle.dz\\\/index.php\\\/2025\\\/12\\\/15\\\/can-de-handball-bouchekriou-devoile-une-liste-elargie-de-33-joueurs\\\/#respond\"]}]},{\"@type\":\"WebPage\",\"@id\":\"https:\\\/\\\/lasentinelle.dz\\\/index.php\\\/2025\\\/12\\\/15\\\/can-de-handball-bouchekriou-devoile-une-liste-elargie-de-33-joueurs\\\/\",\"url\":\"https:\\\/\\\/lasentinelle.dz\\\/index.php\\\/2025\\\/12\\\/15\\\/can-de-handball-bouchekriou-devoile-une-liste-elargie-de-33-joueurs\\\/\",\"name\":\"CAN de handball\u00a0: Bouchekriou d\u00e9voile une liste \u00e9largie de 33 joueurs\u00a0 - La Sentinelle\",\"isPartOf\":{\"@id\":\"https:\\\/\\\/lasentinelle.dz\\\/#website\"},\"primaryImageOfPage\":{\"@id\":\"https:\\\/\\\/lasentinelle.dz\\\/index.php\\\/2025\\\/12\\\/15\\\/can-de-handball-bouchekriou-devoile-une-liste-elargie-de-33-joueurs\\\/#primaryimage\"},\"image\":{\"@id\":\"https:\\\/\\\/lasentinelle.dz\\\/index.php\\\/2025\\\/12\\\/15\\\/can-de-handball-bouchekriou-devoile-une-liste-elargie-de-33-joueurs\\\/#primaryimage\"},\"thumbnailUrl\":\"https:\\\/\\\/lasentinelle.dz\\\/wp-content\\\/uploads\\\/2025\\\/12\\\/bouchekriou.jpg\",\"datePublished\":\"2025-12-15T12:37:21+00:00\",\"dateModified\":\"2025-12-15T12:37:22+00:00\",\"breadcrumb\":{\"@id\":\"https:\\\/\\\/lasentinelle.dz\\\/index.php\\\/2025\\\/12\\\/15\\\/can-de-handball-bouchekriou-devoile-une-liste-elargie-de-33-joueurs\\\/#breadcrumb\"},\"inLanguage\":\"fr-FR\",\"potentialAction\":[{\"@type\":\"ReadAction\",\"target\":[\"https:\\\/\\\/lasentinelle.dz\\\/index.php\\\/2025\\\/12\\\/15\\\/can-de-handball-bouchekriou-devoile-une-liste-elargie-de-33-joueurs\\\/\"]}]},{\"@type\":\"ImageObject\",\"inLanguage\":\"fr-FR\",\"@id\":\"https:\\\/\\\/lasentinelle.dz\\\/index.php\\\/2025\\\/12\\\/15\\\/can-de-handball-bouchekriou-devoile-une-liste-elargie-de-33-joueurs\\\/#primaryimage\",\"url\":\"https:\\\/\\\/lasentinelle.dz\\\/wp-content\\\/uploads\\\/2025\\\/12\\\/bouchekriou.jpg\",\"contentUrl\":\"https:\\\/\\\/lasentinelle.dz\\\/wp-content\\\/uploads\\\/2025\\\/12\\\/bouchekriou.jpg\",\"width\":1458,\"height\":1094,\"caption\":\"Algeria's coach Salah Bouchekriou looks on during the 23rd Men's Handball World Championships preliminary round Group D match Hungary vs Algeria at the Caja Magica in Madrid on January 19, 2013. AFP PHOTO\\\/ JAVIER SORIANO (Photo credit should read JAVIER SORIANO\\\/AFP via Getty Images)\"},{\"@type\":\"BreadcrumbList\",\"@id\":\"https:\\\/\\\/lasentinelle.dz\\\/index.php\\\/2025\\\/12\\\/15\\\/can-de-handball-bouchekriou-devoile-une-liste-elargie-de-33-joueurs\\\/#breadcrumb\",\"itemListElement\":[{\"@type\":\"ListItem\",\"position\":1,\"name\":\"Accueil\",\"item\":\"https:\\\/\\\/lasentinelle.dz\\\/\"},{\"@type\":\"ListItem\",\"position\":2,\"name\":\"CAN de handball\u00a0: Bouchekriou d\u00e9voile une liste \u00e9largie de 33 joueurs\u00a0\"}]},{\"@type\":\"WebSite\",\"@id\":\"https:\\\/\\\/lasentinelle.dz\\\/#website\",\"url\":\"https:\\\/\\\/lasentinelle.dz\\\/\",\"name\":\"La Sentinelle\",\"description\":\"Quotidien national d&#039;information\",\"publisher\":{\"@id\":\"https:\\\/\\\/lasentinelle.dz\\\/#organization\"},\"potentialAction\":[{\"@type\":\"SearchAction\",\"target\":{\"@type\":\"EntryPoint\",\"urlTemplate\":\"https:\\\/\\\/lasentinelle.dz\\\/?s={search_term_string}\"},\"query-input\":{\"@type\":\"PropertyValueSpecification\",\"valueRequired\":true,\"valueName\":\"search_term_string\"}}],\"inLanguage\":\"fr-FR\"},{\"@type\":\"Organization\",\"@id\":\"https:\\\/\\\/lasentinelle.dz\\\/#organization\",\"name\":\"Quotidien La Sentinelle\",\"url\":\"https:\\\/\\\/lasentinelle.dz\\\/\",\"logo\":{\"@type\":\"ImageObject\",\"inLanguage\":\"fr-FR\",\"@id\":\"https:\\\/\\\/lasentinelle.dz\\\/#\\\/schema\\\/logo\\\/image\\\/\",\"url\":\"https:\\\/\\\/lasentinelle.dz\\\/wp-content\\\/uploads\\\/2021\\\/09\\\/logo-sentinelleSLOGAN-1.png\",\"contentUrl\":\"https:\\\/\\\/lasentinelle.dz\\\/wp-content\\\/uploads\\\/2021\\\/09\\\/logo-sentinelleSLOGAN-1.png\",\"width\":615,\"height\":142,\"caption\":\"Quotidien La Sentinelle\"},\"image\":{\"@id\":\"https:\\\/\\\/lasentinelle.dz\\\/#\\\/schema\\\/logo\\\/image\\\/\"},\"sameAs\":[\"https:\\\/\\\/www.facebook.com\\\/La-Sentinelle-104059864394773\"]},{\"@type\":\"Person\",\"@id\":\"https:\\\/\\\/lasentinelle.dz\\\/#\\\/schema\\\/person\\\/729ee0024f24e0b8c5ec17232f8e8b41\",\"name\":\"admin\",\"image\":{\"@type\":\"ImageObject\",\"inLanguage\":\"fr-FR\",\"@id\":\"https:\\\/\\\/secure.gravatar.com\\\/avatar\\\/4c81fed838786e9b53f540bf46533e750f5d292099ae3b66cfc6fb1982e29df7?s=96&d=mm&r=g\",\"url\":\"https:\\\/\\\/secure.gravatar.com\\\/avatar\\\/4c81fed838786e9b53f540bf46533e750f5d292099ae3b66cfc6fb1982e29df7?s=96&d=mm&r=g\",\"contentUrl\":\"https:\\\/\\\/secure.gravatar.com\\\/avatar\\\/4c81fed838786e9b53f540bf46533e750f5d292099ae3b66cfc6fb1982e29df7?s=96&d=mm&r=g\",\"caption\":\"admin\"},\"description\":\"admin\",\"url\":\"https:\\\/\\\/lasentinelle.dz\\\/author\\\/admin\\\/\"}]}<\/script>\n<!-- \/ Yoast SEO plugin. -->","yoast_head_json":{"title":"CAN de handball\u00a0: Bouchekriou d\u00e9voile une liste \u00e9largie de 33 joueurs\u00a0 - La Sentinelle","robots":{"index":"index","follow":"follow","max-snippet":"max-snippet:-1","max-image-preview":"max-image-preview:large","max-video-preview":"max-video-preview:-1"},"canonical":"https:\/\/lasentinelle.dz\/index.php\/2025\/12\/15\/can-de-handball-bouchekriou-devoile-une-liste-elargie-de-33-joueurs\/","og_locale":"fr_FR","og_type":"article","og_title":"CAN de handball\u00a0: Bouchekriou d\u00e9voile une liste \u00e9largie de 33 joueurs\u00a0 - La Sentinelle","og_description":"Le s\u00e9lectionneur national de handball Salah Bouchekriou a rendu publique samedi une liste pr\u00e9liminaire de 33 joueurs en vue du","og_url":"https:\/\/lasentinelle.dz\/index.php\/2025\/12\/15\/can-de-handball-bouchekriou-devoile-une-liste-elargie-de-33-joueurs\/","og_site_name":"La Sentinelle","article_publisher":"https:\/\/www.facebook.com\/La-Sentinelle-104059864394773","article_published_time":"2025-12-15T12:37:21+00:00","article_modified_time":"2025-12-15T12:37:22+00:00","og_image":[{"width":1458,"height":1094,"url":"https:\/\/lasentinelle.dz\/wp-content\/uploads\/2025\/12\/bouchekriou.jpg","type":"image\/jpeg"}],"author":"admin","twitter_card":"summary_large_image","twitter_misc":{"\u00c9crit par":"admin","Dur\u00e9e de lecture estim\u00e9e":"4 minutes"},"schema":{"@context":"https:\/\/schema.org","@graph":[{"@type":"Article","@id":"https:\/\/lasentinelle.dz\/index.php\/2025\/12\/15\/can-de-handball-bouchekriou-devoile-une-liste-elargie-de-33-joueurs\/#article","isPartOf":{"@id":"https:\/\/lasentinelle.dz\/index.php\/2025\/12\/15\/can-de-handball-bouchekriou-devoile-une-liste-elargie-de-33-joueurs\/"},"author":{"name":"admin","@id":"https:\/\/lasentinelle.dz\/#\/schema\/person\/729ee0024f24e0b8c5ec17232f8e8b41"},"headline":"CAN de handball\u00a0: Bouchekriou d\u00e9voile une liste \u00e9largie de 33 joueurs\u00a0","datePublished":"2025-12-15T12:37:21+00:00","dateModified":"2025-12-15T12:37:22+00:00","mainEntityOfPage":{"@id":"https:\/\/lasentinelle.dz\/index.php\/2025\/12\/15\/can-de-handball-bouchekriou-devoile-une-liste-elargie-de-33-joueurs\/"},"wordCount":763,"commentCount":0,"publisher":{"@id":"https:\/\/lasentinelle.dz\/#organization"},"image":{"@id":"https:\/\/lasentinelle.dz\/index.php\/2025\/12\/15\/can-de-handball-bouchekriou-devoile-une-liste-elargie-de-33-joueurs\/#primaryimage"},"thumbnailUrl":"https:\/\/lasentinelle.dz\/wp-content\/uploads\/2025\/12\/bouchekriou.jpg","articleSection":["Sports"],"inLanguage":"fr-FR","potentialAction":[{"@type":"CommentAction","name":"Comment","target":["https:\/\/lasentinelle.dz\/index.php\/2025\/12\/15\/can-de-handball-bouchekriou-devoile-une-liste-elargie-de-33-joueurs\/#respond"]}]},{"@type":"WebPage","@id":"https:\/\/lasentinelle.dz\/index.php\/2025\/12\/15\/can-de-handball-bouchekriou-devoile-une-liste-elargie-de-33-joueurs\/","url":"https:\/\/lasentinelle.dz\/index.php\/2025\/12\/15\/can-de-handball-bouchekriou-devoile-une-liste-elargie-de-33-joueurs\/","name":"CAN de handball\u00a0: Bouchekriou d\u00e9voile une liste \u00e9largie de 33 joueurs\u00a0 - La Sentinelle","isPartOf":{"@id":"https:\/\/lasentinelle.dz\/#website"},"primaryImageOfPage":{"@id":"https:\/\/lasentinelle.dz\/index.php\/2025\/12\/15\/can-de-handball-bouchekriou-devoile-une-liste-elargie-de-33-joueurs\/#primaryimage"},"image":{"@id":"https:\/\/lasentinelle.dz\/index.php\/2025\/12\/15\/can-de-handball-bouchekriou-devoile-une-liste-elargie-de-33-joueurs\/#primaryimage"},"thumbnailUrl":"https:\/\/lasentinelle.dz\/wp-content\/uploads\/2025\/12\/bouchekriou.jpg","datePublished":"2025-12-15T12:37:21+00:00","dateModified":"2025-12-15T12:37:22+00:00","breadcrumb":{"@id":"https:\/\/lasentinelle.dz\/index.php\/2025\/12\/15\/can-de-handball-bouchekriou-devoile-une-liste-elargie-de-33-joueurs\/#breadcrumb"},"inLanguage":"fr-FR","potentialAction":[{"@type":"ReadAction","target":["https:\/\/lasentinelle.dz\/index.php\/2025\/12\/15\/can-de-handball-bouchekriou-devoile-une-liste-elargie-de-33-joueurs\/"]}]},{"@type":"ImageObject","inLanguage":"fr-FR","@id":"https:\/\/lasentinelle.dz\/index.php\/2025\/12\/15\/can-de-handball-bouchekriou-devoile-une-liste-elargie-de-33-joueurs\/#primaryimage","url":"https:\/\/lasentinelle.dz\/wp-content\/uploads\/2025\/12\/bouchekriou.jpg","contentUrl":"https:\/\/lasentinelle.dz\/wp-content\/uploads\/2025\/12\/bouchekriou.jpg","width":1458,"height":1094,"caption":"Algeria's coach Salah Bouchekriou looks on during the 23rd Men's Handball World Championships preliminary round Group D match Hungary vs Algeria at the Caja Magica in Madrid on January 19, 2013. AFP PHOTO\/ JAVIER SORIANO (Photo credit should read JAVIER SORIANO\/AFP via Getty Images)"},{"@type":"BreadcrumbList","@id":"https:\/\/lasentinelle.dz\/index.php\/2025\/12\/15\/can-de-handball-bouchekriou-devoile-une-liste-elargie-de-33-joueurs\/#breadcrumb","itemListElement":[{"@type":"ListItem","position":1,"name":"Accueil","item":"https:\/\/lasentinelle.dz\/"},{"@type":"ListItem","position":2,"name":"CAN de handball\u00a0: Bouchekriou d\u00e9voile une liste \u00e9largie de 33 joueurs\u00a0"}]},{"@type":"WebSite","@id":"https:\/\/lasentinelle.dz\/#website","url":"https:\/\/lasentinelle.dz\/","name":"La Sentinelle","description":"Quotidien national d&#039;information","publisher":{"@id":"https:\/\/lasentinelle.dz\/#organization"},"potentialAction":[{"@type":"SearchAction","target":{"@type":"EntryPoint","urlTemplate":"https:\/\/lasentinelle.dz\/?s={search_term_string}"},"query-input":{"@type":"PropertyValueSpecification","valueRequired":true,"valueName":"search_term_string"}}],"inLanguage":"fr-FR"},{"@type":"Organization","@id":"https:\/\/lasentinelle.dz\/#organization","name":"Quotidien La Sentinelle","url":"https:\/\/lasentinelle.dz\/","logo":{"@type":"ImageObject","inLanguage":"fr-FR","@id":"https:\/\/lasentinelle.dz\/#\/schema\/logo\/image\/","url":"https:\/\/lasentinelle.dz\/wp-content\/uploads\/2021\/09\/logo-sentinelleSLOGAN-1.png","contentUrl":"https:\/\/lasentinelle.dz\/wp-content\/uploads\/2021\/09\/logo-sentinelleSLOGAN-1.png","width":615,"height":142,"caption":"Quotidien La Sentinelle"},"image":{"@id":"https:\/\/lasentinelle.dz\/#\/schema\/logo\/image\/"},"sameAs":["https:\/\/www.facebook.com\/La-Sentinelle-104059864394773"]},{"@type":"Person","@id":"https:\/\/lasentinelle.dz\/#\/schema\/person\/729ee0024f24e0b8c5ec17232f8e8b41","name":"admin","image":{"@type":"ImageObject","inLanguage":"fr-FR","@id":"https:\/\/secure.gravatar.com\/avatar\/4c81fed838786e9b53f540bf46533e750f5d292099ae3b66cfc6fb1982e29df7?s=96&d=mm&r=g","url":"https:\/\/secure.gravatar.com\/avatar\/4c81fed838786e9b53f540bf46533e750f5d292099ae3b66cfc6fb1982e29df7?s=96&d=mm&r=g","contentUrl":"https:\/\/secure.gravatar.com\/avatar\/4c81fed838786e9b53f540bf46533e750f5d292099ae3b66cfc6fb1982e29df7?s=96&d=mm&r=g","caption":"admin"},"description":"admin","url":"https:\/\/lasentinelle.dz\/author\/admin\/"}]}},"_links":{"self":[{"href":"https:\/\/lasentinelle.dz\/index.php\/wp-json\/wp\/v2\/posts\/77757","targetHints":{"allow":["GET"]}}],"collection":[{"href":"https:\/\/lasentinelle.dz\/index.php\/wp-json\/wp\/v2\/posts"}],"about":[{"href":"https:\/\/lasentinelle.dz\/index.php\/wp-json\/wp\/v2\/types\/post"}],"author":[{"embeddable":true,"href":"https:\/\/lasentinelle.dz\/index.php\/wp-json\/wp\/v2\/users\/6"}],"replies":[{"embeddable":true,"href":"https:\/\/lasentinelle.dz\/index.php\/wp-json\/wp\/v2\/comments?post=77757"}],"version-history":[{"count":1,"href":"https:\/\/lasentinelle.dz\/index.php\/wp-json\/wp\/v2\/posts\/77757\/revisions"}],"predecessor-version":[{"id":77759,"href":"https:\/\/lasentinelle.dz\/index.php\/wp-json\/wp\/v2\/posts\/77757\/revisions\/77759"}],"wp:featuredmedia":[{"embeddable":true,"href":"https:\/\/lasentinelle.dz\/index.php\/wp-json\/wp\/v2\/media\/77758"}],"wp:attachment":[{"href":"https:\/\/lasentinelle.dz\/index.php\/wp-json\/wp\/v2\/media?parent=77757"}],"wp:term":[{"taxonomy":"category","embeddable":true,"href":"https:\/\/lasentinelle.dz\/index.php\/wp-json\/wp\/v2\/categories?post=77757"},{"taxonomy":"post_tag","embeddable":true,"href":"https:\/\/lasentinelle.dz\/index.php\/wp-json\/wp\/v2\/tags?post=77757"}],"curies":[{"name":"wp","href":"https:\/\/api.w.org\/{rel}","templated":true}]}}