{"id":77760,"date":"2025-12-15T13:38:17","date_gmt":"2025-12-15T12:38:17","guid":{"rendered":"https:\/\/lasentinelle.dz\/?p=77760"},"modified":"2025-12-15T13:38:18","modified_gmt":"2025-12-15T12:38:18","slug":"mondial-2026-largentine-menacee-dexclusion","status":"publish","type":"post","link":"https:\/\/lasentinelle.dz\/index.php\/2025\/12\/15\/mondial-2026-largentine-menacee-dexclusion\/","title":{"rendered":"Mondial 2026\u00a0: L&rsquo;Argentine menac\u00e9e d\u2019exclusion\u00a0!"},"content":{"rendered":"\n<p>Un scandale de corruption d&rsquo;une ampleur exceptionnelle menace l&rsquo;Argentine d&rsquo;exclusion de la Coupe du monde 2026. La F\u00e9d\u00e9ration argentine fait l&rsquo;objet d&rsquo;une vaste enqu\u00eate pour blanchiment d&rsquo;argent impliquant pr\u00e8s d&rsquo;un demi-milliard d&rsquo;euros. Une situation explosive pour les champions du monde en titre, que l&rsquo;Alg\u00e9rie doit affronter en phase de poules en juin 2026.&nbsp;L&rsquo;information a l&rsquo;effet d&rsquo;une bombe dans le monde du football. L&rsquo;Argentine, sacr\u00e9e championne du monde au Qatar en 2022 et d\u00e9j\u00e0 qualifi\u00e9e pour le Mondial 2026, pourrait ne jamais fouler les pelouses nord-am\u00e9ricaines. La raison ? Une affaire judiciaire aux ramifications explosives qui secoue actuellement la F\u00e9d\u00e9ration argentine de football et menace directement sa participation \u00e0 la prochaine Coupe du monde.<\/p>\n\n\n\n<p>Depuis plusieurs jours, la presse argentine r\u00e9v\u00e8le les dessous d&rsquo;une vaste op\u00e9ration men\u00e9e par la justice pour blanchiment d&rsquo;argent. Mardi dernier, les autorit\u00e9s ont proc\u00e9d\u00e9 \u00e0 plusieurs dizaines de perquisitions visant le si\u00e8ge de l&rsquo;AFA et plusieurs clubs professionnels. Au c\u0153ur de la tourmente figurent les plus hauts dirigeants de la f\u00e9d\u00e9ration, dont son pr\u00e9sident Claudio \u00ab\u00a0Chiqui\u00a0\u00bb Tapia, son collaborateur Pablo Toviggino et le tr\u00e9sorier adjoint Luciano Nakis. Ces responsables sont soup\u00e7onn\u00e9s d&rsquo;avoir accumul\u00e9 un patrimoine disproportionn\u00e9 par rapport \u00e0 leurs revenus officiels. L&rsquo;enqu\u00eate se concentre notamment sur la soci\u00e9t\u00e9 financi\u00e8re Sur Finanzas, partenaire de plusieurs clubs et de la s\u00e9lection argentine en 2024. Dirig\u00e9e par Luis Vallejo, proche du pr\u00e9sident de l&rsquo;AFA, cette entreprise est suspect\u00e9e de malversations financi\u00e8res pour un montant approchant le demi-milliard d&rsquo;euros. Les enqu\u00eateurs ont d\u00e9couvert que Vallejo poss\u00e8de un domaine spectaculaire de dix hectares avec h\u00e9liport, haras et plus de cinquante v\u00e9hicules de collection, enregistr\u00e9 au nom de pr\u00eate-noms pr\u00e9sum\u00e9s. La menace d&rsquo;exclusion brandie par la FIFA est d\u00e9sormais prise au s\u00e9rieux. Selon le quotidien La Naci\u00f3n, l&rsquo;instance mondiale pourrait sanctionner l&rsquo;Argentine si elle estime que les autorit\u00e9s publiques interf\u00e8rent dans la gestion de l&rsquo;AFA, un principe auquel la FIFA se montre historiquement inflexible. Pour \u00e9viter cette issue catastrophique, \u00ab\u00a0la solution r\u00e9side dans les tribunaux\u00a0\u00bb, souligne le journal argentin, insistant sur la n\u00e9cessit\u00e9 d&rsquo;une d\u00e9cision judiciaire rapide.<\/p>\n\n\n\n<p>Pour l&rsquo;Alg\u00e9rie, qui doit affronter l&rsquo;Albiceleste en phase de poules en juin 2026, cette crise soul\u00e8ve des interrogations in\u00e9dites. L&rsquo;absence \u00e9ventuelle de l&rsquo;Argentine simplifierait certes la t\u00e2che des Verts dans leur groupe, mais priverait \u00e9galement l&rsquo;\u00e9quipe nationale d&rsquo;une confrontation de prestige face aux champions du monde. Lionel Messi et ses co\u00e9quipiers, innocents de ces malversations, voient leurs ambitions sportives menac\u00e9es par des d\u00e9cisions prises en dehors des terrains. L&rsquo;attaquant argentin, pour qui ce Mondial 2026 devait marquer l&rsquo;apog\u00e9e d&rsquo;une carri\u00e8re l\u00e9gendaire, pourrait \u00eatre priv\u00e9 de d\u00e9fendre le titre conquis au Qatar. Dans les prochaines semaines, la justice argentine devra acc\u00e9l\u00e9rer ses investigations tandis que la FIFA se prononcera sur d&rsquo;\u00e9ventuelles sanctions.&nbsp;<\/p>\n\n\n\n<p>M.D.<\/p>\n","protected":false},"excerpt":{"rendered":"<p>Un scandale de corruption d&rsquo;une ampleur exceptionnelle menace l&rsquo;Argentine d&rsquo;exclusion de la Coupe du monde 2026. La F\u00e9d\u00e9ration argentine fait<\/p>\n","protected":false},"author":6,"featured_media":32831,"comment_status":"open","ping_status":"closed","sticky":false,"template":"","format":"standard","meta":{"colormag_page_container_layout":"default_layout","colormag_page_sidebar_layout":"default_layout","om_disable_all_campaigns":false,"_monsterinsights_skip_tracking":false,"_monsterinsights_sitenote_active":false,"_monsterinsights_sitenote_note":"","_monsterinsights_sitenote_category":0,"footnotes":"","_wpscppro_dont_share_socialmedia":false,"_wpscppro_custom_social_share_image":0,"_facebook_share_type":"default","_twitter_share_type":"default","_linkedin_share_type":"default","_pinterest_share_type":"default","_linkedin_share_type_page":"","_instagram_share_type":"default","_medium_share_type":"default","_threads_share_type":"default","_google_business_share_type":"default","_selected_social_profile":[],"_wpsp_enable_custom_social_template":false,"_wpsp_social_scheduling":{"enabled":false,"datetime":null,"platforms":[],"status":"template_only","dateOption":"today","timeOption":"now","customDays":"","customHours":"","customDate":"","customTime":"","schedulingType":"absolute"},"_wpsp_active_default_template":true},"categories":[33],"tags":[],"class_list":["post-77760","post","type-post","status-publish","format-standard","has-post-thumbnail","hentry","category-sports"],"aioseo_notices":[],"yoast_head":"<!-- This site is optimized with the Yoast SEO plugin v27.5 - https:\/\/yoast.com\/product\/yoast-seo-wordpress\/ -->\n<title>Mondial 2026\u00a0: L&rsquo;Argentine menac\u00e9e d\u2019exclusion\u00a0! - La Sentinelle<\/title>\n<meta name=\"robots\" content=\"index, follow, max-snippet:-1, max-image-preview:large, max-video-preview:-1\" \/>\n<link rel=\"canonical\" href=\"https:\/\/lasentinelle.dz\/index.php\/2025\/12\/15\/mondial-2026-largentine-menacee-dexclusion\/\" \/>\n<meta property=\"og:locale\" content=\"fr_FR\" \/>\n<meta property=\"og:type\" content=\"article\" \/>\n<meta property=\"og:title\" content=\"Mondial 2026\u00a0: L&rsquo;Argentine menac\u00e9e d\u2019exclusion\u00a0! - La Sentinelle\" \/>\n<meta property=\"og:description\" content=\"Un scandale de corruption d&rsquo;une ampleur exceptionnelle menace l&rsquo;Argentine d&rsquo;exclusion de la Coupe du monde 2026. La F\u00e9d\u00e9ration argentine fait\" \/>\n<meta property=\"og:url\" content=\"https:\/\/lasentinelle.dz\/index.php\/2025\/12\/15\/mondial-2026-largentine-menacee-dexclusion\/\" \/>\n<meta property=\"og:site_name\" content=\"La Sentinelle\" \/>\n<meta property=\"article:publisher\" content=\"https:\/\/www.facebook.com\/La-Sentinelle-104059864394773\" \/>\n<meta property=\"article:published_time\" content=\"2025-12-15T12:38:17+00:00\" \/>\n<meta property=\"article:modified_time\" content=\"2025-12-15T12:38:18+00:00\" \/>\n<meta property=\"og:image\" content=\"https:\/\/lasentinelle.dz\/wp-content\/uploads\/2022\/12\/argentine-1.jpeg\" \/>\n\t<meta property=\"og:image:width\" content=\"1000\" \/>\n\t<meta property=\"og:image:height\" content=\"667\" \/>\n\t<meta property=\"og:image:type\" content=\"image\/jpeg\" \/>\n<meta name=\"author\" content=\"admin\" \/>\n<meta name=\"twitter:card\" content=\"summary_large_image\" \/>\n<meta name=\"twitter:label1\" content=\"\u00c9crit par\" \/>\n\t<meta name=\"twitter:data1\" content=\"admin\" \/>\n\t<meta name=\"twitter:label2\" content=\"Dur\u00e9e de lecture estim\u00e9e\" \/>\n\t<meta name=\"twitter:data2\" content=\"3 minutes\" \/>\n<script type=\"application\/ld+json\" class=\"yoast-schema-graph\">{\"@context\":\"https:\\\/\\\/schema.org\",\"@graph\":[{\"@type\":\"Article\",\"@id\":\"https:\\\/\\\/lasentinelle.dz\\\/index.php\\\/2025\\\/12\\\/15\\\/mondial-2026-largentine-menacee-dexclusion\\\/#article\",\"isPartOf\":{\"@id\":\"https:\\\/\\\/lasentinelle.dz\\\/index.php\\\/2025\\\/12\\\/15\\\/mondial-2026-largentine-menacee-dexclusion\\\/\"},\"author\":{\"name\":\"admin\",\"@id\":\"https:\\\/\\\/lasentinelle.dz\\\/#\\\/schema\\\/person\\\/729ee0024f24e0b8c5ec17232f8e8b41\"},\"headline\":\"Mondial 2026\u00a0: L&rsquo;Argentine menac\u00e9e d\u2019exclusion\u00a0!\",\"datePublished\":\"2025-12-15T12:38:17+00:00\",\"dateModified\":\"2025-12-15T12:38:18+00:00\",\"mainEntityOfPage\":{\"@id\":\"https:\\\/\\\/lasentinelle.dz\\\/index.php\\\/2025\\\/12\\\/15\\\/mondial-2026-largentine-menacee-dexclusion\\\/\"},\"wordCount\":546,\"commentCount\":0,\"publisher\":{\"@id\":\"https:\\\/\\\/lasentinelle.dz\\\/#organization\"},\"image\":{\"@id\":\"https:\\\/\\\/lasentinelle.dz\\\/index.php\\\/2025\\\/12\\\/15\\\/mondial-2026-largentine-menacee-dexclusion\\\/#primaryimage\"},\"thumbnailUrl\":\"https:\\\/\\\/lasentinelle.dz\\\/wp-content\\\/uploads\\\/2022\\\/12\\\/argentine-1.jpeg\",\"articleSection\":[\"Sports\"],\"inLanguage\":\"fr-FR\",\"potentialAction\":[{\"@type\":\"CommentAction\",\"name\":\"Comment\",\"target\":[\"https:\\\/\\\/lasentinelle.dz\\\/index.php\\\/2025\\\/12\\\/15\\\/mondial-2026-largentine-menacee-dexclusion\\\/#respond\"]}]},{\"@type\":\"WebPage\",\"@id\":\"https:\\\/\\\/lasentinelle.dz\\\/index.php\\\/2025\\\/12\\\/15\\\/mondial-2026-largentine-menacee-dexclusion\\\/\",\"url\":\"https:\\\/\\\/lasentinelle.dz\\\/index.php\\\/2025\\\/12\\\/15\\\/mondial-2026-largentine-menacee-dexclusion\\\/\",\"name\":\"Mondial 2026\u00a0: L&rsquo;Argentine menac\u00e9e d\u2019exclusion\u00a0! - La Sentinelle\",\"isPartOf\":{\"@id\":\"https:\\\/\\\/lasentinelle.dz\\\/#website\"},\"primaryImageOfPage\":{\"@id\":\"https:\\\/\\\/lasentinelle.dz\\\/index.php\\\/2025\\\/12\\\/15\\\/mondial-2026-largentine-menacee-dexclusion\\\/#primaryimage\"},\"image\":{\"@id\":\"https:\\\/\\\/lasentinelle.dz\\\/index.php\\\/2025\\\/12\\\/15\\\/mondial-2026-largentine-menacee-dexclusion\\\/#primaryimage\"},\"thumbnailUrl\":\"https:\\\/\\\/lasentinelle.dz\\\/wp-content\\\/uploads\\\/2022\\\/12\\\/argentine-1.jpeg\",\"datePublished\":\"2025-12-15T12:38:17+00:00\",\"dateModified\":\"2025-12-15T12:38:18+00:00\",\"breadcrumb\":{\"@id\":\"https:\\\/\\\/lasentinelle.dz\\\/index.php\\\/2025\\\/12\\\/15\\\/mondial-2026-largentine-menacee-dexclusion\\\/#breadcrumb\"},\"inLanguage\":\"fr-FR\",\"potentialAction\":[{\"@type\":\"ReadAction\",\"target\":[\"https:\\\/\\\/lasentinelle.dz\\\/index.php\\\/2025\\\/12\\\/15\\\/mondial-2026-largentine-menacee-dexclusion\\\/\"]}]},{\"@type\":\"ImageObject\",\"inLanguage\":\"fr-FR\",\"@id\":\"https:\\\/\\\/lasentinelle.dz\\\/index.php\\\/2025\\\/12\\\/15\\\/mondial-2026-largentine-menacee-dexclusion\\\/#primaryimage\",\"url\":\"https:\\\/\\\/lasentinelle.dz\\\/wp-content\\\/uploads\\\/2022\\\/12\\\/argentine-1.jpeg\",\"contentUrl\":\"https:\\\/\\\/lasentinelle.dz\\\/wp-content\\\/uploads\\\/2022\\\/12\\\/argentine-1.jpeg\",\"width\":1000,\"height\":667,\"caption\":\"Argentina's Lionel Messi holds up the trophy after winning the World Cup final soccer match between Argentina and France at the Lusail Stadium in Lusail, Qatar, Sunday, Dec.18, 2022. (AP Photo\\\/Manu Fernandez)\"},{\"@type\":\"BreadcrumbList\",\"@id\":\"https:\\\/\\\/lasentinelle.dz\\\/index.php\\\/2025\\\/12\\\/15\\\/mondial-2026-largentine-menacee-dexclusion\\\/#breadcrumb\",\"itemListElement\":[{\"@type\":\"ListItem\",\"position\":1,\"name\":\"Accueil\",\"item\":\"https:\\\/\\\/lasentinelle.dz\\\/\"},{\"@type\":\"ListItem\",\"position\":2,\"name\":\"Mondial 2026\u00a0: L&rsquo;Argentine menac\u00e9e d\u2019exclusion\u00a0!\"}]},{\"@type\":\"WebSite\",\"@id\":\"https:\\\/\\\/lasentinelle.dz\\\/#website\",\"url\":\"https:\\\/\\\/lasentinelle.dz\\\/\",\"name\":\"La Sentinelle\",\"description\":\"Quotidien national d&#039;information\",\"publisher\":{\"@id\":\"https:\\\/\\\/lasentinelle.dz\\\/#organization\"},\"potentialAction\":[{\"@type\":\"SearchAction\",\"target\":{\"@type\":\"EntryPoint\",\"urlTemplate\":\"https:\\\/\\\/lasentinelle.dz\\\/?s={search_term_string}\"},\"query-input\":{\"@type\":\"PropertyValueSpecification\",\"valueRequired\":true,\"valueName\":\"search_term_string\"}}],\"inLanguage\":\"fr-FR\"},{\"@type\":\"Organization\",\"@id\":\"https:\\\/\\\/lasentinelle.dz\\\/#organization\",\"name\":\"Quotidien La Sentinelle\",\"url\":\"https:\\\/\\\/lasentinelle.dz\\\/\",\"logo\":{\"@type\":\"ImageObject\",\"inLanguage\":\"fr-FR\",\"@id\":\"https:\\\/\\\/lasentinelle.dz\\\/#\\\/schema\\\/logo\\\/image\\\/\",\"url\":\"https:\\\/\\\/lasentinelle.dz\\\/wp-content\\\/uploads\\\/2021\\\/09\\\/logo-sentinelleSLOGAN-1.png\",\"contentUrl\":\"https:\\\/\\\/lasentinelle.dz\\\/wp-content\\\/uploads\\\/2021\\\/09\\\/logo-sentinelleSLOGAN-1.png\",\"width\":615,\"height\":142,\"caption\":\"Quotidien La Sentinelle\"},\"image\":{\"@id\":\"https:\\\/\\\/lasentinelle.dz\\\/#\\\/schema\\\/logo\\\/image\\\/\"},\"sameAs\":[\"https:\\\/\\\/www.facebook.com\\\/La-Sentinelle-104059864394773\"]},{\"@type\":\"Person\",\"@id\":\"https:\\\/\\\/lasentinelle.dz\\\/#\\\/schema\\\/person\\\/729ee0024f24e0b8c5ec17232f8e8b41\",\"name\":\"admin\",\"image\":{\"@type\":\"ImageObject\",\"inLanguage\":\"fr-FR\",\"@id\":\"https:\\\/\\\/secure.gravatar.com\\\/avatar\\\/4c81fed838786e9b53f540bf46533e750f5d292099ae3b66cfc6fb1982e29df7?s=96&d=mm&r=g\",\"url\":\"https:\\\/\\\/secure.gravatar.com\\\/avatar\\\/4c81fed838786e9b53f540bf46533e750f5d292099ae3b66cfc6fb1982e29df7?s=96&d=mm&r=g\",\"contentUrl\":\"https:\\\/\\\/secure.gravatar.com\\\/avatar\\\/4c81fed838786e9b53f540bf46533e750f5d292099ae3b66cfc6fb1982e29df7?s=96&d=mm&r=g\",\"caption\":\"admin\"},\"description\":\"admin\",\"url\":\"https:\\\/\\\/lasentinelle.dz\\\/author\\\/admin\\\/\"}]}<\/script>\n<!-- \/ Yoast SEO plugin. -->","yoast_head_json":{"title":"Mondial 2026\u00a0: L&rsquo;Argentine menac\u00e9e d\u2019exclusion\u00a0! - La Sentinelle","robots":{"index":"index","follow":"follow","max-snippet":"max-snippet:-1","max-image-preview":"max-image-preview:large","max-video-preview":"max-video-preview:-1"},"canonical":"https:\/\/lasentinelle.dz\/index.php\/2025\/12\/15\/mondial-2026-largentine-menacee-dexclusion\/","og_locale":"fr_FR","og_type":"article","og_title":"Mondial 2026\u00a0: L&rsquo;Argentine menac\u00e9e d\u2019exclusion\u00a0! - La Sentinelle","og_description":"Un scandale de corruption d&rsquo;une ampleur exceptionnelle menace l&rsquo;Argentine d&rsquo;exclusion de la Coupe du monde 2026. La F\u00e9d\u00e9ration argentine fait","og_url":"https:\/\/lasentinelle.dz\/index.php\/2025\/12\/15\/mondial-2026-largentine-menacee-dexclusion\/","og_site_name":"La Sentinelle","article_publisher":"https:\/\/www.facebook.com\/La-Sentinelle-104059864394773","article_published_time":"2025-12-15T12:38:17+00:00","article_modified_time":"2025-12-15T12:38:18+00:00","og_image":[{"width":1000,"height":667,"url":"https:\/\/lasentinelle.dz\/wp-content\/uploads\/2022\/12\/argentine-1.jpeg","type":"image\/jpeg"}],"author":"admin","twitter_card":"summary_large_image","twitter_misc":{"\u00c9crit par":"admin","Dur\u00e9e de lecture estim\u00e9e":"3 minutes"},"schema":{"@context":"https:\/\/schema.org","@graph":[{"@type":"Article","@id":"https:\/\/lasentinelle.dz\/index.php\/2025\/12\/15\/mondial-2026-largentine-menacee-dexclusion\/#article","isPartOf":{"@id":"https:\/\/lasentinelle.dz\/index.php\/2025\/12\/15\/mondial-2026-largentine-menacee-dexclusion\/"},"author":{"name":"admin","@id":"https:\/\/lasentinelle.dz\/#\/schema\/person\/729ee0024f24e0b8c5ec17232f8e8b41"},"headline":"Mondial 2026\u00a0: L&rsquo;Argentine menac\u00e9e d\u2019exclusion\u00a0!","datePublished":"2025-12-15T12:38:17+00:00","dateModified":"2025-12-15T12:38:18+00:00","mainEntityOfPage":{"@id":"https:\/\/lasentinelle.dz\/index.php\/2025\/12\/15\/mondial-2026-largentine-menacee-dexclusion\/"},"wordCount":546,"commentCount":0,"publisher":{"@id":"https:\/\/lasentinelle.dz\/#organization"},"image":{"@id":"https:\/\/lasentinelle.dz\/index.php\/2025\/12\/15\/mondial-2026-largentine-menacee-dexclusion\/#primaryimage"},"thumbnailUrl":"https:\/\/lasentinelle.dz\/wp-content\/uploads\/2022\/12\/argentine-1.jpeg","articleSection":["Sports"],"inLanguage":"fr-FR","potentialAction":[{"@type":"CommentAction","name":"Comment","target":["https:\/\/lasentinelle.dz\/index.php\/2025\/12\/15\/mondial-2026-largentine-menacee-dexclusion\/#respond"]}]},{"@type":"WebPage","@id":"https:\/\/lasentinelle.dz\/index.php\/2025\/12\/15\/mondial-2026-largentine-menacee-dexclusion\/","url":"https:\/\/lasentinelle.dz\/index.php\/2025\/12\/15\/mondial-2026-largentine-menacee-dexclusion\/","name":"Mondial 2026\u00a0: L&rsquo;Argentine menac\u00e9e d\u2019exclusion\u00a0! - La Sentinelle","isPartOf":{"@id":"https:\/\/lasentinelle.dz\/#website"},"primaryImageOfPage":{"@id":"https:\/\/lasentinelle.dz\/index.php\/2025\/12\/15\/mondial-2026-largentine-menacee-dexclusion\/#primaryimage"},"image":{"@id":"https:\/\/lasentinelle.dz\/index.php\/2025\/12\/15\/mondial-2026-largentine-menacee-dexclusion\/#primaryimage"},"thumbnailUrl":"https:\/\/lasentinelle.dz\/wp-content\/uploads\/2022\/12\/argentine-1.jpeg","datePublished":"2025-12-15T12:38:17+00:00","dateModified":"2025-12-15T12:38:18+00:00","breadcrumb":{"@id":"https:\/\/lasentinelle.dz\/index.php\/2025\/12\/15\/mondial-2026-largentine-menacee-dexclusion\/#breadcrumb"},"inLanguage":"fr-FR","potentialAction":[{"@type":"ReadAction","target":["https:\/\/lasentinelle.dz\/index.php\/2025\/12\/15\/mondial-2026-largentine-menacee-dexclusion\/"]}]},{"@type":"ImageObject","inLanguage":"fr-FR","@id":"https:\/\/lasentinelle.dz\/index.php\/2025\/12\/15\/mondial-2026-largentine-menacee-dexclusion\/#primaryimage","url":"https:\/\/lasentinelle.dz\/wp-content\/uploads\/2022\/12\/argentine-1.jpeg","contentUrl":"https:\/\/lasentinelle.dz\/wp-content\/uploads\/2022\/12\/argentine-1.jpeg","width":1000,"height":667,"caption":"Argentina's Lionel Messi holds up the trophy after winning the World Cup final soccer match between Argentina and France at the Lusail Stadium in Lusail, Qatar, Sunday, Dec.18, 2022. (AP Photo\/Manu Fernandez)"},{"@type":"BreadcrumbList","@id":"https:\/\/lasentinelle.dz\/index.php\/2025\/12\/15\/mondial-2026-largentine-menacee-dexclusion\/#breadcrumb","itemListElement":[{"@type":"ListItem","position":1,"name":"Accueil","item":"https:\/\/lasentinelle.dz\/"},{"@type":"ListItem","position":2,"name":"Mondial 2026\u00a0: L&rsquo;Argentine menac\u00e9e d\u2019exclusion\u00a0!"}]},{"@type":"WebSite","@id":"https:\/\/lasentinelle.dz\/#website","url":"https:\/\/lasentinelle.dz\/","name":"La Sentinelle","description":"Quotidien national d&#039;information","publisher":{"@id":"https:\/\/lasentinelle.dz\/#organization"},"potentialAction":[{"@type":"SearchAction","target":{"@type":"EntryPoint","urlTemplate":"https:\/\/lasentinelle.dz\/?s={search_term_string}"},"query-input":{"@type":"PropertyValueSpecification","valueRequired":true,"valueName":"search_term_string"}}],"inLanguage":"fr-FR"},{"@type":"Organization","@id":"https:\/\/lasentinelle.dz\/#organization","name":"Quotidien La Sentinelle","url":"https:\/\/lasentinelle.dz\/","logo":{"@type":"ImageObject","inLanguage":"fr-FR","@id":"https:\/\/lasentinelle.dz\/#\/schema\/logo\/image\/","url":"https:\/\/lasentinelle.dz\/wp-content\/uploads\/2021\/09\/logo-sentinelleSLOGAN-1.png","contentUrl":"https:\/\/lasentinelle.dz\/wp-content\/uploads\/2021\/09\/logo-sentinelleSLOGAN-1.png","width":615,"height":142,"caption":"Quotidien La Sentinelle"},"image":{"@id":"https:\/\/lasentinelle.dz\/#\/schema\/logo\/image\/"},"sameAs":["https:\/\/www.facebook.com\/La-Sentinelle-104059864394773"]},{"@type":"Person","@id":"https:\/\/lasentinelle.dz\/#\/schema\/person\/729ee0024f24e0b8c5ec17232f8e8b41","name":"admin","image":{"@type":"ImageObject","inLanguage":"fr-FR","@id":"https:\/\/secure.gravatar.com\/avatar\/4c81fed838786e9b53f540bf46533e750f5d292099ae3b66cfc6fb1982e29df7?s=96&d=mm&r=g","url":"https:\/\/secure.gravatar.com\/avatar\/4c81fed838786e9b53f540bf46533e750f5d292099ae3b66cfc6fb1982e29df7?s=96&d=mm&r=g","contentUrl":"https:\/\/secure.gravatar.com\/avatar\/4c81fed838786e9b53f540bf46533e750f5d292099ae3b66cfc6fb1982e29df7?s=96&d=mm&r=g","caption":"admin"},"description":"admin","url":"https:\/\/lasentinelle.dz\/author\/admin\/"}]}},"_links":{"self":[{"href":"https:\/\/lasentinelle.dz\/index.php\/wp-json\/wp\/v2\/posts\/77760","targetHints":{"allow":["GET"]}}],"collection":[{"href":"https:\/\/lasentinelle.dz\/index.php\/wp-json\/wp\/v2\/posts"}],"about":[{"href":"https:\/\/lasentinelle.dz\/index.php\/wp-json\/wp\/v2\/types\/post"}],"author":[{"embeddable":true,"href":"https:\/\/lasentinelle.dz\/index.php\/wp-json\/wp\/v2\/users\/6"}],"replies":[{"embeddable":true,"href":"https:\/\/lasentinelle.dz\/index.php\/wp-json\/wp\/v2\/comments?post=77760"}],"version-history":[{"count":2,"href":"https:\/\/lasentinelle.dz\/index.php\/wp-json\/wp\/v2\/posts\/77760\/revisions"}],"predecessor-version":[{"id":77762,"href":"https:\/\/lasentinelle.dz\/index.php\/wp-json\/wp\/v2\/posts\/77760\/revisions\/77762"}],"wp:featuredmedia":[{"embeddable":true,"href":"https:\/\/lasentinelle.dz\/index.php\/wp-json\/wp\/v2\/media\/32831"}],"wp:attachment":[{"href":"https:\/\/lasentinelle.dz\/index.php\/wp-json\/wp\/v2\/media?parent=77760"}],"wp:term":[{"taxonomy":"category","embeddable":true,"href":"https:\/\/lasentinelle.dz\/index.php\/wp-json\/wp\/v2\/categories?post=77760"},{"taxonomy":"post_tag","embeddable":true,"href":"https:\/\/lasentinelle.dz\/index.php\/wp-json\/wp\/v2\/tags?post=77760"}],"curies":[{"name":"wp","href":"https:\/\/api.w.org\/{rel}","templated":true}]}}