{"id":77763,"date":"2025-12-15T13:39:10","date_gmt":"2025-12-15T12:39:10","guid":{"rendered":"https:\/\/lasentinelle.dz\/?p=77763"},"modified":"2025-12-15T13:39:11","modified_gmt":"2025-12-15T12:39:11","slug":"avant-le-rassemblement-de-len-les-verts-deurope-affutent-leurs-armes","status":"publish","type":"post","link":"https:\/\/lasentinelle.dz\/index.php\/2025\/12\/15\/avant-le-rassemblement-de-len-les-verts-deurope-affutent-leurs-armes\/","title":{"rendered":"Avant le rassemblement de l&rsquo;EN\u00a0: Les Verts d&rsquo;Europe aff\u00fbtent leurs armes\u00a0"},"content":{"rendered":"\n<p>\u00c0 quelques heures du regroupement de la s\u00e9lection nationale pr\u00e9vu ce lundi, les internationaux alg\u00e9riens \u00e9voluant en Europe ont livr\u00e9 des performances contrast\u00e9es ce week-end.<\/p>\n\n\n\n<p>En Allemagne, Mohamed Amine Amoura continue de monter en puissance au meilleur moment. L&rsquo;attaquant de Wolfsburg a inscrit son sixi\u00e8me but de la saison lors de la victoire 3-1 face au Borussia M\u00f6nchengladbach. Align\u00e9 en pointe, l&rsquo;international alg\u00e9rien a fait preuve d&rsquo;opportunisme en reprenant victorieusement un ballon repouss\u00e9 dans l&rsquo;axe \u00e0 la 30e minute, apr\u00e8s avoir parfaitement combin\u00e9 avec son ailier. Cette r\u00e9alisation permet \u00e0 Wolfsburg de grimper \u00e0 la 11e place de Bundesliga, \u00e0 seulement un point de son adversaire du jour. Pour Amoura, ce regain de forme tombe \u00e0 pic avant la CAN. Son sens du placement et sa capacit\u00e9 \u00e0 faire la diff\u00e9rence devant le but rassurent le staff technique des Verts.<\/p>\n\n\n\n<p>Toujours en Bundesliga, Ibrahim Maza a une fois de plus brill\u00e9 sous les couleurs du Bayer Leverkusen lors de la victoire 2-0 contre Cologne. Le milieu de terrain alg\u00e9rien, titulaire indiscutable dans l&rsquo;effectif du champion en titre, a livr\u00e9 une prestation remarquable dans l&rsquo;entrejeu. Sans \u00eatre d\u00e9cisif sur le plan statistique, Maza s&rsquo;est illustr\u00e9 par sa justesse technique et sa capacit\u00e9 \u00e0 trouver des solutions sous pression, registre dans lequel il excelle particuli\u00e8rement. Le pensionnaire de la Bundesliga a m\u00eame failli ouvrir le score, mais sa tentative a \u00e9t\u00e9 d\u00e9tourn\u00e9e par le portier adverse. \u00c0 19 ans seulement, Maza affiche un niveau de maturit\u00e9 impressionnant et semble parfaitement pr\u00eat \u00e0 disputer sa premi\u00e8re Coupe d&rsquo;Afrique des Nations.<\/p>\n\n\n\n<p>En France, la soir\u00e9e a \u00e9t\u00e9 nettement moins r\u00e9jouissante pour Ilan Kebbal. Le meneur de jeu du Paris FC, fra\u00eechement convoqu\u00e9 pour la CAN, a v\u00e9cu un samedi cauchemardesque malgr\u00e9 un d\u00e9but prometteur. D\u00e8s la premi\u00e8re minute, sa tentative de lob audacieux depuis plus de 40 m\u00e8tres a \u00e9t\u00e9 brillamment repouss\u00e9e par le gardien toulousain, annon\u00e7ant une soir\u00e9e compliqu\u00e9e. Le Paris FC s&rsquo;est lourdement inclin\u00e9 3-0 \u00e0 domicile face \u00e0 Toulouse, conc\u00e9dant sa plus large d\u00e9faite de la saison. Esseul\u00e9 sur le plan offensif, Kebbal n&rsquo;a pas pu emp\u00eacher la huiti\u00e8me d\u00e9faite francilienne, qui rapproche dangereusement le club de la zone rouge. Cette spirale n\u00e9gative de cinq matches sans victoire contraste fortement avec les ambitions affich\u00e9es par le projet parisien. Absent de cette rencontre en raison de sa phase de reprise apr\u00e8s blessure, Samir Chergui a n\u00e9anmoins \u00e9t\u00e9 retenu par le s\u00e9lectionneur pour la CAN. Le d\u00e9fenseur du Paris FC profitera du rassemblement pour retrouver du rythme et oublier les difficult\u00e9s actuelles de son club.<\/p>\n\n\n\n<p>Moncef D.<\/p>\n","protected":false},"excerpt":{"rendered":"<p>\u00c0 quelques heures du regroupement de la s\u00e9lection nationale pr\u00e9vu ce lundi, les internationaux alg\u00e9riens \u00e9voluant en Europe ont livr\u00e9<\/p>\n","protected":false},"author":6,"featured_media":77764,"comment_status":"open","ping_status":"closed","sticky":false,"template":"","format":"standard","meta":{"colormag_page_container_layout":"default_layout","colormag_page_sidebar_layout":"default_layout","om_disable_all_campaigns":false,"_monsterinsights_skip_tracking":false,"_monsterinsights_sitenote_active":false,"_monsterinsights_sitenote_note":"","_monsterinsights_sitenote_category":0,"footnotes":"","_wpscppro_dont_share_socialmedia":false,"_wpscppro_custom_social_share_image":0,"_facebook_share_type":"default","_twitter_share_type":"default","_linkedin_share_type":"default","_pinterest_share_type":"default","_linkedin_share_type_page":"","_instagram_share_type":"default","_medium_share_type":"default","_threads_share_type":"default","_google_business_share_type":"default","_selected_social_profile":[],"_wpsp_enable_custom_social_template":false,"_wpsp_social_scheduling":{"enabled":false,"datetime":null,"platforms":[],"status":"template_only","dateOption":"today","timeOption":"now","customDays":"","customHours":"","customDate":"","customTime":"","schedulingType":"absolute"},"_wpsp_active_default_template":true},"categories":[33],"tags":[],"class_list":["post-77763","post","type-post","status-publish","format-standard","has-post-thumbnail","hentry","category-sports"],"aioseo_notices":[],"yoast_head":"<!-- This site is optimized with the Yoast SEO plugin v27.5 - https:\/\/yoast.com\/product\/yoast-seo-wordpress\/ -->\n<title>Avant le rassemblement de l&rsquo;EN\u00a0: Les Verts d&rsquo;Europe aff\u00fbtent leurs armes\u00a0 - La Sentinelle<\/title>\n<meta name=\"robots\" content=\"index, follow, max-snippet:-1, max-image-preview:large, max-video-preview:-1\" \/>\n<link rel=\"canonical\" href=\"https:\/\/lasentinelle.dz\/index.php\/2025\/12\/15\/avant-le-rassemblement-de-len-les-verts-deurope-affutent-leurs-armes\/\" \/>\n<meta property=\"og:locale\" content=\"fr_FR\" \/>\n<meta property=\"og:type\" content=\"article\" \/>\n<meta property=\"og:title\" content=\"Avant le rassemblement de l&rsquo;EN\u00a0: Les Verts d&rsquo;Europe aff\u00fbtent leurs armes\u00a0 - La Sentinelle\" \/>\n<meta property=\"og:description\" content=\"\u00c0 quelques heures du regroupement de la s\u00e9lection nationale pr\u00e9vu ce lundi, les internationaux alg\u00e9riens \u00e9voluant en Europe ont livr\u00e9\" \/>\n<meta property=\"og:url\" content=\"https:\/\/lasentinelle.dz\/index.php\/2025\/12\/15\/avant-le-rassemblement-de-len-les-verts-deurope-affutent-leurs-armes\/\" \/>\n<meta property=\"og:site_name\" content=\"La Sentinelle\" \/>\n<meta property=\"article:publisher\" content=\"https:\/\/www.facebook.com\/La-Sentinelle-104059864394773\" \/>\n<meta property=\"article:published_time\" content=\"2025-12-15T12:39:10+00:00\" \/>\n<meta property=\"article:modified_time\" content=\"2025-12-15T12:39:11+00:00\" \/>\n<meta property=\"og:image\" content=\"https:\/\/lasentinelle.dz\/wp-content\/uploads\/2025\/12\/Amoura-Maza.jpg\" \/>\n\t<meta property=\"og:image:width\" content=\"1280\" \/>\n\t<meta property=\"og:image:height\" content=\"720\" \/>\n\t<meta property=\"og:image:type\" content=\"image\/jpeg\" \/>\n<meta name=\"author\" content=\"admin\" \/>\n<meta name=\"twitter:card\" content=\"summary_large_image\" \/>\n<meta name=\"twitter:label1\" content=\"\u00c9crit par\" \/>\n\t<meta name=\"twitter:data1\" content=\"admin\" \/>\n\t<meta name=\"twitter:label2\" content=\"Dur\u00e9e de lecture estim\u00e9e\" \/>\n\t<meta name=\"twitter:data2\" content=\"3 minutes\" \/>\n<script type=\"application\/ld+json\" class=\"yoast-schema-graph\">{\"@context\":\"https:\\\/\\\/schema.org\",\"@graph\":[{\"@type\":\"Article\",\"@id\":\"https:\\\/\\\/lasentinelle.dz\\\/index.php\\\/2025\\\/12\\\/15\\\/avant-le-rassemblement-de-len-les-verts-deurope-affutent-leurs-armes\\\/#article\",\"isPartOf\":{\"@id\":\"https:\\\/\\\/lasentinelle.dz\\\/index.php\\\/2025\\\/12\\\/15\\\/avant-le-rassemblement-de-len-les-verts-deurope-affutent-leurs-armes\\\/\"},\"author\":{\"name\":\"admin\",\"@id\":\"https:\\\/\\\/lasentinelle.dz\\\/#\\\/schema\\\/person\\\/729ee0024f24e0b8c5ec17232f8e8b41\"},\"headline\":\"Avant le rassemblement de l&rsquo;EN\u00a0: Les Verts d&rsquo;Europe aff\u00fbtent leurs armes\u00a0\",\"datePublished\":\"2025-12-15T12:39:10+00:00\",\"dateModified\":\"2025-12-15T12:39:11+00:00\",\"mainEntityOfPage\":{\"@id\":\"https:\\\/\\\/lasentinelle.dz\\\/index.php\\\/2025\\\/12\\\/15\\\/avant-le-rassemblement-de-len-les-verts-deurope-affutent-leurs-armes\\\/\"},\"wordCount\":478,\"commentCount\":0,\"publisher\":{\"@id\":\"https:\\\/\\\/lasentinelle.dz\\\/#organization\"},\"image\":{\"@id\":\"https:\\\/\\\/lasentinelle.dz\\\/index.php\\\/2025\\\/12\\\/15\\\/avant-le-rassemblement-de-len-les-verts-deurope-affutent-leurs-armes\\\/#primaryimage\"},\"thumbnailUrl\":\"https:\\\/\\\/lasentinelle.dz\\\/wp-content\\\/uploads\\\/2025\\\/12\\\/Amoura-Maza.jpg\",\"articleSection\":[\"Sports\"],\"inLanguage\":\"fr-FR\",\"potentialAction\":[{\"@type\":\"CommentAction\",\"name\":\"Comment\",\"target\":[\"https:\\\/\\\/lasentinelle.dz\\\/index.php\\\/2025\\\/12\\\/15\\\/avant-le-rassemblement-de-len-les-verts-deurope-affutent-leurs-armes\\\/#respond\"]}]},{\"@type\":\"WebPage\",\"@id\":\"https:\\\/\\\/lasentinelle.dz\\\/index.php\\\/2025\\\/12\\\/15\\\/avant-le-rassemblement-de-len-les-verts-deurope-affutent-leurs-armes\\\/\",\"url\":\"https:\\\/\\\/lasentinelle.dz\\\/index.php\\\/2025\\\/12\\\/15\\\/avant-le-rassemblement-de-len-les-verts-deurope-affutent-leurs-armes\\\/\",\"name\":\"Avant le rassemblement de l&rsquo;EN\u00a0: Les Verts d&rsquo;Europe aff\u00fbtent leurs armes\u00a0 - La Sentinelle\",\"isPartOf\":{\"@id\":\"https:\\\/\\\/lasentinelle.dz\\\/#website\"},\"primaryImageOfPage\":{\"@id\":\"https:\\\/\\\/lasentinelle.dz\\\/index.php\\\/2025\\\/12\\\/15\\\/avant-le-rassemblement-de-len-les-verts-deurope-affutent-leurs-armes\\\/#primaryimage\"},\"image\":{\"@id\":\"https:\\\/\\\/lasentinelle.dz\\\/index.php\\\/2025\\\/12\\\/15\\\/avant-le-rassemblement-de-len-les-verts-deurope-affutent-leurs-armes\\\/#primaryimage\"},\"thumbnailUrl\":\"https:\\\/\\\/lasentinelle.dz\\\/wp-content\\\/uploads\\\/2025\\\/12\\\/Amoura-Maza.jpg\",\"datePublished\":\"2025-12-15T12:39:10+00:00\",\"dateModified\":\"2025-12-15T12:39:11+00:00\",\"breadcrumb\":{\"@id\":\"https:\\\/\\\/lasentinelle.dz\\\/index.php\\\/2025\\\/12\\\/15\\\/avant-le-rassemblement-de-len-les-verts-deurope-affutent-leurs-armes\\\/#breadcrumb\"},\"inLanguage\":\"fr-FR\",\"potentialAction\":[{\"@type\":\"ReadAction\",\"target\":[\"https:\\\/\\\/lasentinelle.dz\\\/index.php\\\/2025\\\/12\\\/15\\\/avant-le-rassemblement-de-len-les-verts-deurope-affutent-leurs-armes\\\/\"]}]},{\"@type\":\"ImageObject\",\"inLanguage\":\"fr-FR\",\"@id\":\"https:\\\/\\\/lasentinelle.dz\\\/index.php\\\/2025\\\/12\\\/15\\\/avant-le-rassemblement-de-len-les-verts-deurope-affutent-leurs-armes\\\/#primaryimage\",\"url\":\"https:\\\/\\\/lasentinelle.dz\\\/wp-content\\\/uploads\\\/2025\\\/12\\\/Amoura-Maza.jpg\",\"contentUrl\":\"https:\\\/\\\/lasentinelle.dz\\\/wp-content\\\/uploads\\\/2025\\\/12\\\/Amoura-Maza.jpg\",\"width\":1280,\"height\":720},{\"@type\":\"BreadcrumbList\",\"@id\":\"https:\\\/\\\/lasentinelle.dz\\\/index.php\\\/2025\\\/12\\\/15\\\/avant-le-rassemblement-de-len-les-verts-deurope-affutent-leurs-armes\\\/#breadcrumb\",\"itemListElement\":[{\"@type\":\"ListItem\",\"position\":1,\"name\":\"Accueil\",\"item\":\"https:\\\/\\\/lasentinelle.dz\\\/\"},{\"@type\":\"ListItem\",\"position\":2,\"name\":\"Avant le rassemblement de l&rsquo;EN\u00a0: Les Verts d&rsquo;Europe aff\u00fbtent leurs armes\u00a0\"}]},{\"@type\":\"WebSite\",\"@id\":\"https:\\\/\\\/lasentinelle.dz\\\/#website\",\"url\":\"https:\\\/\\\/lasentinelle.dz\\\/\",\"name\":\"La Sentinelle\",\"description\":\"Quotidien national d&#039;information\",\"publisher\":{\"@id\":\"https:\\\/\\\/lasentinelle.dz\\\/#organization\"},\"potentialAction\":[{\"@type\":\"SearchAction\",\"target\":{\"@type\":\"EntryPoint\",\"urlTemplate\":\"https:\\\/\\\/lasentinelle.dz\\\/?s={search_term_string}\"},\"query-input\":{\"@type\":\"PropertyValueSpecification\",\"valueRequired\":true,\"valueName\":\"search_term_string\"}}],\"inLanguage\":\"fr-FR\"},{\"@type\":\"Organization\",\"@id\":\"https:\\\/\\\/lasentinelle.dz\\\/#organization\",\"name\":\"Quotidien La Sentinelle\",\"url\":\"https:\\\/\\\/lasentinelle.dz\\\/\",\"logo\":{\"@type\":\"ImageObject\",\"inLanguage\":\"fr-FR\",\"@id\":\"https:\\\/\\\/lasentinelle.dz\\\/#\\\/schema\\\/logo\\\/image\\\/\",\"url\":\"https:\\\/\\\/lasentinelle.dz\\\/wp-content\\\/uploads\\\/2021\\\/09\\\/logo-sentinelleSLOGAN-1.png\",\"contentUrl\":\"https:\\\/\\\/lasentinelle.dz\\\/wp-content\\\/uploads\\\/2021\\\/09\\\/logo-sentinelleSLOGAN-1.png\",\"width\":615,\"height\":142,\"caption\":\"Quotidien La Sentinelle\"},\"image\":{\"@id\":\"https:\\\/\\\/lasentinelle.dz\\\/#\\\/schema\\\/logo\\\/image\\\/\"},\"sameAs\":[\"https:\\\/\\\/www.facebook.com\\\/La-Sentinelle-104059864394773\"]},{\"@type\":\"Person\",\"@id\":\"https:\\\/\\\/lasentinelle.dz\\\/#\\\/schema\\\/person\\\/729ee0024f24e0b8c5ec17232f8e8b41\",\"name\":\"admin\",\"image\":{\"@type\":\"ImageObject\",\"inLanguage\":\"fr-FR\",\"@id\":\"https:\\\/\\\/secure.gravatar.com\\\/avatar\\\/4c81fed838786e9b53f540bf46533e750f5d292099ae3b66cfc6fb1982e29df7?s=96&d=mm&r=g\",\"url\":\"https:\\\/\\\/secure.gravatar.com\\\/avatar\\\/4c81fed838786e9b53f540bf46533e750f5d292099ae3b66cfc6fb1982e29df7?s=96&d=mm&r=g\",\"contentUrl\":\"https:\\\/\\\/secure.gravatar.com\\\/avatar\\\/4c81fed838786e9b53f540bf46533e750f5d292099ae3b66cfc6fb1982e29df7?s=96&d=mm&r=g\",\"caption\":\"admin\"},\"description\":\"admin\",\"url\":\"https:\\\/\\\/lasentinelle.dz\\\/author\\\/admin\\\/\"}]}<\/script>\n<!-- \/ Yoast SEO plugin. -->","yoast_head_json":{"title":"Avant le rassemblement de l&rsquo;EN\u00a0: Les Verts d&rsquo;Europe aff\u00fbtent leurs armes\u00a0 - La Sentinelle","robots":{"index":"index","follow":"follow","max-snippet":"max-snippet:-1","max-image-preview":"max-image-preview:large","max-video-preview":"max-video-preview:-1"},"canonical":"https:\/\/lasentinelle.dz\/index.php\/2025\/12\/15\/avant-le-rassemblement-de-len-les-verts-deurope-affutent-leurs-armes\/","og_locale":"fr_FR","og_type":"article","og_title":"Avant le rassemblement de l&rsquo;EN\u00a0: Les Verts d&rsquo;Europe aff\u00fbtent leurs armes\u00a0 - La Sentinelle","og_description":"\u00c0 quelques heures du regroupement de la s\u00e9lection nationale pr\u00e9vu ce lundi, les internationaux alg\u00e9riens \u00e9voluant en Europe ont livr\u00e9","og_url":"https:\/\/lasentinelle.dz\/index.php\/2025\/12\/15\/avant-le-rassemblement-de-len-les-verts-deurope-affutent-leurs-armes\/","og_site_name":"La Sentinelle","article_publisher":"https:\/\/www.facebook.com\/La-Sentinelle-104059864394773","article_published_time":"2025-12-15T12:39:10+00:00","article_modified_time":"2025-12-15T12:39:11+00:00","og_image":[{"width":1280,"height":720,"url":"https:\/\/lasentinelle.dz\/wp-content\/uploads\/2025\/12\/Amoura-Maza.jpg","type":"image\/jpeg"}],"author":"admin","twitter_card":"summary_large_image","twitter_misc":{"\u00c9crit par":"admin","Dur\u00e9e de lecture estim\u00e9e":"3 minutes"},"schema":{"@context":"https:\/\/schema.org","@graph":[{"@type":"Article","@id":"https:\/\/lasentinelle.dz\/index.php\/2025\/12\/15\/avant-le-rassemblement-de-len-les-verts-deurope-affutent-leurs-armes\/#article","isPartOf":{"@id":"https:\/\/lasentinelle.dz\/index.php\/2025\/12\/15\/avant-le-rassemblement-de-len-les-verts-deurope-affutent-leurs-armes\/"},"author":{"name":"admin","@id":"https:\/\/lasentinelle.dz\/#\/schema\/person\/729ee0024f24e0b8c5ec17232f8e8b41"},"headline":"Avant le rassemblement de l&rsquo;EN\u00a0: Les Verts d&rsquo;Europe aff\u00fbtent leurs armes\u00a0","datePublished":"2025-12-15T12:39:10+00:00","dateModified":"2025-12-15T12:39:11+00:00","mainEntityOfPage":{"@id":"https:\/\/lasentinelle.dz\/index.php\/2025\/12\/15\/avant-le-rassemblement-de-len-les-verts-deurope-affutent-leurs-armes\/"},"wordCount":478,"commentCount":0,"publisher":{"@id":"https:\/\/lasentinelle.dz\/#organization"},"image":{"@id":"https:\/\/lasentinelle.dz\/index.php\/2025\/12\/15\/avant-le-rassemblement-de-len-les-verts-deurope-affutent-leurs-armes\/#primaryimage"},"thumbnailUrl":"https:\/\/lasentinelle.dz\/wp-content\/uploads\/2025\/12\/Amoura-Maza.jpg","articleSection":["Sports"],"inLanguage":"fr-FR","potentialAction":[{"@type":"CommentAction","name":"Comment","target":["https:\/\/lasentinelle.dz\/index.php\/2025\/12\/15\/avant-le-rassemblement-de-len-les-verts-deurope-affutent-leurs-armes\/#respond"]}]},{"@type":"WebPage","@id":"https:\/\/lasentinelle.dz\/index.php\/2025\/12\/15\/avant-le-rassemblement-de-len-les-verts-deurope-affutent-leurs-armes\/","url":"https:\/\/lasentinelle.dz\/index.php\/2025\/12\/15\/avant-le-rassemblement-de-len-les-verts-deurope-affutent-leurs-armes\/","name":"Avant le rassemblement de l&rsquo;EN\u00a0: Les Verts d&rsquo;Europe aff\u00fbtent leurs armes\u00a0 - La Sentinelle","isPartOf":{"@id":"https:\/\/lasentinelle.dz\/#website"},"primaryImageOfPage":{"@id":"https:\/\/lasentinelle.dz\/index.php\/2025\/12\/15\/avant-le-rassemblement-de-len-les-verts-deurope-affutent-leurs-armes\/#primaryimage"},"image":{"@id":"https:\/\/lasentinelle.dz\/index.php\/2025\/12\/15\/avant-le-rassemblement-de-len-les-verts-deurope-affutent-leurs-armes\/#primaryimage"},"thumbnailUrl":"https:\/\/lasentinelle.dz\/wp-content\/uploads\/2025\/12\/Amoura-Maza.jpg","datePublished":"2025-12-15T12:39:10+00:00","dateModified":"2025-12-15T12:39:11+00:00","breadcrumb":{"@id":"https:\/\/lasentinelle.dz\/index.php\/2025\/12\/15\/avant-le-rassemblement-de-len-les-verts-deurope-affutent-leurs-armes\/#breadcrumb"},"inLanguage":"fr-FR","potentialAction":[{"@type":"ReadAction","target":["https:\/\/lasentinelle.dz\/index.php\/2025\/12\/15\/avant-le-rassemblement-de-len-les-verts-deurope-affutent-leurs-armes\/"]}]},{"@type":"ImageObject","inLanguage":"fr-FR","@id":"https:\/\/lasentinelle.dz\/index.php\/2025\/12\/15\/avant-le-rassemblement-de-len-les-verts-deurope-affutent-leurs-armes\/#primaryimage","url":"https:\/\/lasentinelle.dz\/wp-content\/uploads\/2025\/12\/Amoura-Maza.jpg","contentUrl":"https:\/\/lasentinelle.dz\/wp-content\/uploads\/2025\/12\/Amoura-Maza.jpg","width":1280,"height":720},{"@type":"BreadcrumbList","@id":"https:\/\/lasentinelle.dz\/index.php\/2025\/12\/15\/avant-le-rassemblement-de-len-les-verts-deurope-affutent-leurs-armes\/#breadcrumb","itemListElement":[{"@type":"ListItem","position":1,"name":"Accueil","item":"https:\/\/lasentinelle.dz\/"},{"@type":"ListItem","position":2,"name":"Avant le rassemblement de l&rsquo;EN\u00a0: Les Verts d&rsquo;Europe aff\u00fbtent leurs armes\u00a0"}]},{"@type":"WebSite","@id":"https:\/\/lasentinelle.dz\/#website","url":"https:\/\/lasentinelle.dz\/","name":"La Sentinelle","description":"Quotidien national d&#039;information","publisher":{"@id":"https:\/\/lasentinelle.dz\/#organization"},"potentialAction":[{"@type":"SearchAction","target":{"@type":"EntryPoint","urlTemplate":"https:\/\/lasentinelle.dz\/?s={search_term_string}"},"query-input":{"@type":"PropertyValueSpecification","valueRequired":true,"valueName":"search_term_string"}}],"inLanguage":"fr-FR"},{"@type":"Organization","@id":"https:\/\/lasentinelle.dz\/#organization","name":"Quotidien La Sentinelle","url":"https:\/\/lasentinelle.dz\/","logo":{"@type":"ImageObject","inLanguage":"fr-FR","@id":"https:\/\/lasentinelle.dz\/#\/schema\/logo\/image\/","url":"https:\/\/lasentinelle.dz\/wp-content\/uploads\/2021\/09\/logo-sentinelleSLOGAN-1.png","contentUrl":"https:\/\/lasentinelle.dz\/wp-content\/uploads\/2021\/09\/logo-sentinelleSLOGAN-1.png","width":615,"height":142,"caption":"Quotidien La Sentinelle"},"image":{"@id":"https:\/\/lasentinelle.dz\/#\/schema\/logo\/image\/"},"sameAs":["https:\/\/www.facebook.com\/La-Sentinelle-104059864394773"]},{"@type":"Person","@id":"https:\/\/lasentinelle.dz\/#\/schema\/person\/729ee0024f24e0b8c5ec17232f8e8b41","name":"admin","image":{"@type":"ImageObject","inLanguage":"fr-FR","@id":"https:\/\/secure.gravatar.com\/avatar\/4c81fed838786e9b53f540bf46533e750f5d292099ae3b66cfc6fb1982e29df7?s=96&d=mm&r=g","url":"https:\/\/secure.gravatar.com\/avatar\/4c81fed838786e9b53f540bf46533e750f5d292099ae3b66cfc6fb1982e29df7?s=96&d=mm&r=g","contentUrl":"https:\/\/secure.gravatar.com\/avatar\/4c81fed838786e9b53f540bf46533e750f5d292099ae3b66cfc6fb1982e29df7?s=96&d=mm&r=g","caption":"admin"},"description":"admin","url":"https:\/\/lasentinelle.dz\/author\/admin\/"}]}},"_links":{"self":[{"href":"https:\/\/lasentinelle.dz\/index.php\/wp-json\/wp\/v2\/posts\/77763","targetHints":{"allow":["GET"]}}],"collection":[{"href":"https:\/\/lasentinelle.dz\/index.php\/wp-json\/wp\/v2\/posts"}],"about":[{"href":"https:\/\/lasentinelle.dz\/index.php\/wp-json\/wp\/v2\/types\/post"}],"author":[{"embeddable":true,"href":"https:\/\/lasentinelle.dz\/index.php\/wp-json\/wp\/v2\/users\/6"}],"replies":[{"embeddable":true,"href":"https:\/\/lasentinelle.dz\/index.php\/wp-json\/wp\/v2\/comments?post=77763"}],"version-history":[{"count":2,"href":"https:\/\/lasentinelle.dz\/index.php\/wp-json\/wp\/v2\/posts\/77763\/revisions"}],"predecessor-version":[{"id":77766,"href":"https:\/\/lasentinelle.dz\/index.php\/wp-json\/wp\/v2\/posts\/77763\/revisions\/77766"}],"wp:featuredmedia":[{"embeddable":true,"href":"https:\/\/lasentinelle.dz\/index.php\/wp-json\/wp\/v2\/media\/77764"}],"wp:attachment":[{"href":"https:\/\/lasentinelle.dz\/index.php\/wp-json\/wp\/v2\/media?parent=77763"}],"wp:term":[{"taxonomy":"category","embeddable":true,"href":"https:\/\/lasentinelle.dz\/index.php\/wp-json\/wp\/v2\/categories?post=77763"},{"taxonomy":"post_tag","embeddable":true,"href":"https:\/\/lasentinelle.dz\/index.php\/wp-json\/wp\/v2\/tags?post=77763"}],"curies":[{"name":"wp","href":"https:\/\/api.w.org\/{rel}","templated":true}]}}