{"id":77790,"date":"2025-12-15T13:49:06","date_gmt":"2025-12-15T12:49:06","guid":{"rendered":"https:\/\/lasentinelle.dz\/?p=77790"},"modified":"2025-12-15T13:49:07","modified_gmt":"2025-12-15T12:49:07","slug":"grands-projets-dinfrastructures-course-contre-la-montre-pour-respecter-les-echeances","status":"publish","type":"post","link":"https:\/\/lasentinelle.dz\/index.php\/2025\/12\/15\/grands-projets-dinfrastructures-course-contre-la-montre-pour-respecter-les-echeances\/","title":{"rendered":"Grands projets d&rsquo;infrastructures\u00a0: Course contre la montre pour respecter les \u00e9ch\u00e9ances"},"content":{"rendered":"\n<p>Le ministre des Travaux publics mobilise ses \u00e9quipes pour boucler dans les d\u00e9lais plusieurs chantiers strat\u00e9giques, dont la ligne ferroviaire mini\u00e8re de l&rsquo;Ouest qui doit \u00eatre mise en service en janvier 2026 conform\u00e9ment aux instructions pr\u00e9sidentielles, en insistant sur un suivi terrain renforc\u00e9 et une coordination interminist\u00e9rielle accrue pour lever tout obstacle susceptible de retarder l&rsquo;ach\u00e8vement des infrastructures en cours.<\/p>\n\n\n\n<p>Abdelkader Djellaoui a multipli\u00e9 dimanche les r\u00e9unions de suivi au si\u00e8ge de son d\u00e9partement minist\u00e9riel pour s&rsquo;assurer du respect des calendriers de r\u00e9alisation des grands projets d&rsquo;infrastructures. Lors d&rsquo;une r\u00e9union hebdomadaire ordinaire en pr\u00e9sence des cadres centraux du minist\u00e8re et des responsables des organismes sous tutelle, le ministre a pass\u00e9 en revue l&rsquo;\u00e9tat d&rsquo;avancement de plusieurs chantiers majeurs, selon un communiqu\u00e9 du minist\u00e8re. Les expos\u00e9s d\u00e9taill\u00e9s ont port\u00e9 sur l&rsquo;extension du port d&rsquo;Annaba, comprenant la r\u00e9alisation du quai min\u00e9ralier inscrit dans le cadre du projet int\u00e9gr\u00e9 du phosphate, ainsi que sur la ligne mini\u00e8re Est reliant Annaba \u00e0 Bled El Hadba dans la wilaya de T\u00e9bessa sur une distance de 422 kilom\u00e8tres. Les projets de d\u00e9veloppement du r\u00e9seau routier, des p\u00e9n\u00e9trantes autorouti\u00e8res et des infrastructures a\u00e9roportuaires de base ont \u00e9galement fait l&rsquo;objet d&rsquo;\u00e9valuations approfondies. Le ministre a appel\u00e9 \u00e0 \u00ab\u00a0renforcer le suivi de terrain par les cadres centraux\u00a0\u00bb et \u00e0 \u00ab\u00a0maintenir une coordination continue avec les ma\u00eetres d&rsquo;\u0153uvre\u00a0\u00bb, insistant sur la n\u00e9cessit\u00e9 de \u00ab\u00a0lever tout obstacle \u00e9ventuel, afin d&rsquo;acc\u00e9l\u00e9rer le rythme des travaux et de respecter les d\u00e9lais de r\u00e9alisation\u00a0\u00bb, indique le communiqu\u00e9. Djellaoui a \u00e9galement mis l&rsquo;accent sur l&rsquo;imp\u00e9ratif de \u00ab\u00a0coordonner avec tous les secteurs concern\u00e9s dans le but de garantir la mise en service des grands projets strat\u00e9giques dans les d\u00e9lais fix\u00e9s\u00a0\u00bb. La ligne ferroviaire mini\u00e8re de l&rsquo;Ouest reliant B\u00e9char \u00e0 Tindouf et Gara Djebilet constitue le chantier le plus sensible sur le plan des d\u00e9lais. Le ministre a pr\u00e9sid\u00e9 le m\u00eame jour une r\u00e9union sp\u00e9cifique de la sous-commission charg\u00e9e de la mise en \u0153uvre de ce projet ferroviaire strat\u00e9gique pour l&rsquo;exploitation du minerai de fer. Un expos\u00e9 exhaustif a \u00e9t\u00e9 pr\u00e9sent\u00e9 concernant l&rsquo;\u00e9tat d&rsquo;avancement des travaux au niveau des tron\u00e7ons restants, \u00e0 la lumi\u00e8re des visites de terrain effectu\u00e9es r\u00e9cemment par Djellaoui dans les wilayas de Tindouf, B\u00e9ni Abbes et B\u00e9char. Le ministre s&rsquo;est enquis sur place de l&rsquo;\u00e9tat d&rsquo;avancement des chantiers qui ont enregistr\u00e9 un \u00ab\u00a0grand progr\u00e8s\u00a0\u00bb en atteignant les derni\u00e8res phases de r\u00e9alisation, selon la m\u00eame source officielle.<\/p>\n\n\n\n<p>Face \u00e0 l&rsquo;\u00e9ch\u00e9ance de janvier 2026 fix\u00e9e par le pr\u00e9sident de la R\u00e9publique, le ministre a insist\u00e9 sur \u00ab\u00a0la n\u00e9cessit\u00e9 de maintenir le m\u00eame rythme de travail, d&rsquo;intensifier les efforts et d&rsquo;assurer un suivi instantan\u00e9 aux niveaux central et local\u00a0\u00bb. Il a \u00e9galement appel\u00e9 \u00e0 \u00ab\u00a0la mobilisation de tous les moyens disponibles pour garantir le parach\u00e8vement des travaux restants avant la fin de l&rsquo;ann\u00e9e courante\u00a0\u00bb, souligne le communiqu\u00e9 du minist\u00e8re. Cette r\u00e9union intervient en application des instructions du pr\u00e9sident Abdelmadjid Tebboune donn\u00e9es lors du Conseil des ministres du 16 novembre dernier, concernant la mise en service de la ligne ferroviaire mini\u00e8re de l&rsquo;Ouest dans l&rsquo;ensemble de ses tron\u00e7ons en janvier 2026. Le projet de Gara Djebilet, qui rec\u00e8le l&rsquo;un des plus importants gisements de fer au monde avec des r\u00e9serves estim\u00e9es \u00e0 plusieurs milliards de tonnes, n\u00e9cessite cette infrastructure ferroviaire pour acheminer le minerai vers les ports d&rsquo;exportation. La mise en service de cette ligne constitue donc un pr\u00e9alable indispensable au lancement effectif de l&rsquo;exploitation mini\u00e8re et \u00e0 la transformation de l&rsquo;Alg\u00e9rie en acteur majeur du march\u00e9 mondial du fer. Les derni\u00e8res semaines de l&rsquo;ann\u00e9e 2025 s&rsquo;annoncent ainsi d\u00e9cisives pour tenir les engagements pris au plus haut niveau de l&rsquo;\u00c9tat et permettre au pays de valoriser ses ressources mini\u00e8res dans les meilleures conditions.<\/p>\n\n\n\n<p>Samir Benisid<\/p>\n","protected":false},"excerpt":{"rendered":"<p>Le ministre des Travaux publics mobilise ses \u00e9quipes pour boucler dans les d\u00e9lais plusieurs chantiers strat\u00e9giques, dont la ligne ferroviaire<\/p>\n","protected":false},"author":6,"featured_media":77051,"comment_status":"open","ping_status":"closed","sticky":false,"template":"","format":"standard","meta":{"colormag_page_container_layout":"default_layout","colormag_page_sidebar_layout":"default_layout","om_disable_all_campaigns":false,"_monsterinsights_skip_tracking":false,"_monsterinsights_sitenote_active":false,"_monsterinsights_sitenote_note":"","_monsterinsights_sitenote_category":0,"footnotes":"","_wpscppro_dont_share_socialmedia":false,"_wpscppro_custom_social_share_image":0,"_facebook_share_type":"default","_twitter_share_type":"default","_linkedin_share_type":"default","_pinterest_share_type":"default","_linkedin_share_type_page":"","_instagram_share_type":"default","_medium_share_type":"default","_threads_share_type":"default","_google_business_share_type":"default","_selected_social_profile":[],"_wpsp_enable_custom_social_template":false,"_wpsp_social_scheduling":{"enabled":false,"datetime":null,"platforms":[],"status":"template_only","dateOption":"today","timeOption":"now","customDays":"","customHours":"","customDate":"","customTime":"","schedulingType":"absolute"},"_wpsp_active_default_template":true},"categories":[52,27],"tags":[],"class_list":["post-77790","post","type-post","status-publish","format-standard","has-post-thumbnail","hentry","category-a-la-une","category-actualite"],"aioseo_notices":[],"yoast_head":"<!-- This site is optimized with the Yoast SEO plugin v27.5 - https:\/\/yoast.com\/product\/yoast-seo-wordpress\/ -->\n<title>Grands projets d&rsquo;infrastructures\u00a0: Course contre la montre pour respecter les \u00e9ch\u00e9ances - La Sentinelle<\/title>\n<meta name=\"robots\" content=\"index, follow, max-snippet:-1, max-image-preview:large, max-video-preview:-1\" \/>\n<link rel=\"canonical\" href=\"https:\/\/lasentinelle.dz\/index.php\/2025\/12\/15\/grands-projets-dinfrastructures-course-contre-la-montre-pour-respecter-les-echeances\/\" \/>\n<meta property=\"og:locale\" content=\"fr_FR\" \/>\n<meta property=\"og:type\" content=\"article\" \/>\n<meta property=\"og:title\" content=\"Grands projets d&rsquo;infrastructures\u00a0: Course contre la montre pour respecter les \u00e9ch\u00e9ances - La Sentinelle\" \/>\n<meta property=\"og:description\" content=\"Le ministre des Travaux publics mobilise ses \u00e9quipes pour boucler dans les d\u00e9lais plusieurs chantiers strat\u00e9giques, dont la ligne ferroviaire\" \/>\n<meta property=\"og:url\" content=\"https:\/\/lasentinelle.dz\/index.php\/2025\/12\/15\/grands-projets-dinfrastructures-course-contre-la-montre-pour-respecter-les-echeances\/\" \/>\n<meta property=\"og:site_name\" content=\"La Sentinelle\" \/>\n<meta property=\"article:publisher\" content=\"https:\/\/www.facebook.com\/La-Sentinelle-104059864394773\" \/>\n<meta property=\"article:published_time\" content=\"2025-12-15T12:49:06+00:00\" \/>\n<meta property=\"article:modified_time\" content=\"2025-12-15T12:49:07+00:00\" \/>\n<meta property=\"og:image\" content=\"https:\/\/lasentinelle.dz\/wp-content\/uploads\/2025\/12\/rail.webp\" \/>\n\t<meta property=\"og:image:width\" content=\"1080\" \/>\n\t<meta property=\"og:image:height\" content=\"720\" \/>\n\t<meta property=\"og:image:type\" content=\"image\/webp\" \/>\n<meta name=\"author\" content=\"admin\" \/>\n<meta name=\"twitter:card\" content=\"summary_large_image\" \/>\n<meta name=\"twitter:label1\" content=\"\u00c9crit par\" \/>\n\t<meta name=\"twitter:data1\" content=\"admin\" \/>\n\t<meta name=\"twitter:label2\" content=\"Dur\u00e9e de lecture estim\u00e9e\" \/>\n\t<meta name=\"twitter:data2\" content=\"4 minutes\" \/>\n<script type=\"application\/ld+json\" class=\"yoast-schema-graph\">{\"@context\":\"https:\\\/\\\/schema.org\",\"@graph\":[{\"@type\":\"Article\",\"@id\":\"https:\\\/\\\/lasentinelle.dz\\\/index.php\\\/2025\\\/12\\\/15\\\/grands-projets-dinfrastructures-course-contre-la-montre-pour-respecter-les-echeances\\\/#article\",\"isPartOf\":{\"@id\":\"https:\\\/\\\/lasentinelle.dz\\\/index.php\\\/2025\\\/12\\\/15\\\/grands-projets-dinfrastructures-course-contre-la-montre-pour-respecter-les-echeances\\\/\"},\"author\":{\"name\":\"admin\",\"@id\":\"https:\\\/\\\/lasentinelle.dz\\\/#\\\/schema\\\/person\\\/729ee0024f24e0b8c5ec17232f8e8b41\"},\"headline\":\"Grands projets d&rsquo;infrastructures\u00a0: Course contre la montre pour respecter les \u00e9ch\u00e9ances\",\"datePublished\":\"2025-12-15T12:49:06+00:00\",\"dateModified\":\"2025-12-15T12:49:07+00:00\",\"mainEntityOfPage\":{\"@id\":\"https:\\\/\\\/lasentinelle.dz\\\/index.php\\\/2025\\\/12\\\/15\\\/grands-projets-dinfrastructures-course-contre-la-montre-pour-respecter-les-echeances\\\/\"},\"wordCount\":729,\"commentCount\":0,\"publisher\":{\"@id\":\"https:\\\/\\\/lasentinelle.dz\\\/#organization\"},\"image\":{\"@id\":\"https:\\\/\\\/lasentinelle.dz\\\/index.php\\\/2025\\\/12\\\/15\\\/grands-projets-dinfrastructures-course-contre-la-montre-pour-respecter-les-echeances\\\/#primaryimage\"},\"thumbnailUrl\":\"https:\\\/\\\/lasentinelle.dz\\\/wp-content\\\/uploads\\\/2025\\\/12\\\/rail.webp\",\"articleSection\":[\"\u00c0 la Une\",\"Actualit\u00e9\"],\"inLanguage\":\"fr-FR\",\"potentialAction\":[{\"@type\":\"CommentAction\",\"name\":\"Comment\",\"target\":[\"https:\\\/\\\/lasentinelle.dz\\\/index.php\\\/2025\\\/12\\\/15\\\/grands-projets-dinfrastructures-course-contre-la-montre-pour-respecter-les-echeances\\\/#respond\"]}]},{\"@type\":\"WebPage\",\"@id\":\"https:\\\/\\\/lasentinelle.dz\\\/index.php\\\/2025\\\/12\\\/15\\\/grands-projets-dinfrastructures-course-contre-la-montre-pour-respecter-les-echeances\\\/\",\"url\":\"https:\\\/\\\/lasentinelle.dz\\\/index.php\\\/2025\\\/12\\\/15\\\/grands-projets-dinfrastructures-course-contre-la-montre-pour-respecter-les-echeances\\\/\",\"name\":\"Grands projets d&rsquo;infrastructures\u00a0: Course contre la montre pour respecter les \u00e9ch\u00e9ances - La Sentinelle\",\"isPartOf\":{\"@id\":\"https:\\\/\\\/lasentinelle.dz\\\/#website\"},\"primaryImageOfPage\":{\"@id\":\"https:\\\/\\\/lasentinelle.dz\\\/index.php\\\/2025\\\/12\\\/15\\\/grands-projets-dinfrastructures-course-contre-la-montre-pour-respecter-les-echeances\\\/#primaryimage\"},\"image\":{\"@id\":\"https:\\\/\\\/lasentinelle.dz\\\/index.php\\\/2025\\\/12\\\/15\\\/grands-projets-dinfrastructures-course-contre-la-montre-pour-respecter-les-echeances\\\/#primaryimage\"},\"thumbnailUrl\":\"https:\\\/\\\/lasentinelle.dz\\\/wp-content\\\/uploads\\\/2025\\\/12\\\/rail.webp\",\"datePublished\":\"2025-12-15T12:49:06+00:00\",\"dateModified\":\"2025-12-15T12:49:07+00:00\",\"breadcrumb\":{\"@id\":\"https:\\\/\\\/lasentinelle.dz\\\/index.php\\\/2025\\\/12\\\/15\\\/grands-projets-dinfrastructures-course-contre-la-montre-pour-respecter-les-echeances\\\/#breadcrumb\"},\"inLanguage\":\"fr-FR\",\"potentialAction\":[{\"@type\":\"ReadAction\",\"target\":[\"https:\\\/\\\/lasentinelle.dz\\\/index.php\\\/2025\\\/12\\\/15\\\/grands-projets-dinfrastructures-course-contre-la-montre-pour-respecter-les-echeances\\\/\"]}]},{\"@type\":\"ImageObject\",\"inLanguage\":\"fr-FR\",\"@id\":\"https:\\\/\\\/lasentinelle.dz\\\/index.php\\\/2025\\\/12\\\/15\\\/grands-projets-dinfrastructures-course-contre-la-montre-pour-respecter-les-echeances\\\/#primaryimage\",\"url\":\"https:\\\/\\\/lasentinelle.dz\\\/wp-content\\\/uploads\\\/2025\\\/12\\\/rail.webp\",\"contentUrl\":\"https:\\\/\\\/lasentinelle.dz\\\/wp-content\\\/uploads\\\/2025\\\/12\\\/rail.webp\",\"width\":1080,\"height\":720},{\"@type\":\"BreadcrumbList\",\"@id\":\"https:\\\/\\\/lasentinelle.dz\\\/index.php\\\/2025\\\/12\\\/15\\\/grands-projets-dinfrastructures-course-contre-la-montre-pour-respecter-les-echeances\\\/#breadcrumb\",\"itemListElement\":[{\"@type\":\"ListItem\",\"position\":1,\"name\":\"Accueil\",\"item\":\"https:\\\/\\\/lasentinelle.dz\\\/\"},{\"@type\":\"ListItem\",\"position\":2,\"name\":\"Grands projets d&rsquo;infrastructures\u00a0: Course contre la montre pour respecter les \u00e9ch\u00e9ances\"}]},{\"@type\":\"WebSite\",\"@id\":\"https:\\\/\\\/lasentinelle.dz\\\/#website\",\"url\":\"https:\\\/\\\/lasentinelle.dz\\\/\",\"name\":\"La Sentinelle\",\"description\":\"Quotidien national d&#039;information\",\"publisher\":{\"@id\":\"https:\\\/\\\/lasentinelle.dz\\\/#organization\"},\"potentialAction\":[{\"@type\":\"SearchAction\",\"target\":{\"@type\":\"EntryPoint\",\"urlTemplate\":\"https:\\\/\\\/lasentinelle.dz\\\/?s={search_term_string}\"},\"query-input\":{\"@type\":\"PropertyValueSpecification\",\"valueRequired\":true,\"valueName\":\"search_term_string\"}}],\"inLanguage\":\"fr-FR\"},{\"@type\":\"Organization\",\"@id\":\"https:\\\/\\\/lasentinelle.dz\\\/#organization\",\"name\":\"Quotidien La Sentinelle\",\"url\":\"https:\\\/\\\/lasentinelle.dz\\\/\",\"logo\":{\"@type\":\"ImageObject\",\"inLanguage\":\"fr-FR\",\"@id\":\"https:\\\/\\\/lasentinelle.dz\\\/#\\\/schema\\\/logo\\\/image\\\/\",\"url\":\"https:\\\/\\\/lasentinelle.dz\\\/wp-content\\\/uploads\\\/2021\\\/09\\\/logo-sentinelleSLOGAN-1.png\",\"contentUrl\":\"https:\\\/\\\/lasentinelle.dz\\\/wp-content\\\/uploads\\\/2021\\\/09\\\/logo-sentinelleSLOGAN-1.png\",\"width\":615,\"height\":142,\"caption\":\"Quotidien La Sentinelle\"},\"image\":{\"@id\":\"https:\\\/\\\/lasentinelle.dz\\\/#\\\/schema\\\/logo\\\/image\\\/\"},\"sameAs\":[\"https:\\\/\\\/www.facebook.com\\\/La-Sentinelle-104059864394773\"]},{\"@type\":\"Person\",\"@id\":\"https:\\\/\\\/lasentinelle.dz\\\/#\\\/schema\\\/person\\\/729ee0024f24e0b8c5ec17232f8e8b41\",\"name\":\"admin\",\"image\":{\"@type\":\"ImageObject\",\"inLanguage\":\"fr-FR\",\"@id\":\"https:\\\/\\\/secure.gravatar.com\\\/avatar\\\/4c81fed838786e9b53f540bf46533e750f5d292099ae3b66cfc6fb1982e29df7?s=96&d=mm&r=g\",\"url\":\"https:\\\/\\\/secure.gravatar.com\\\/avatar\\\/4c81fed838786e9b53f540bf46533e750f5d292099ae3b66cfc6fb1982e29df7?s=96&d=mm&r=g\",\"contentUrl\":\"https:\\\/\\\/secure.gravatar.com\\\/avatar\\\/4c81fed838786e9b53f540bf46533e750f5d292099ae3b66cfc6fb1982e29df7?s=96&d=mm&r=g\",\"caption\":\"admin\"},\"description\":\"admin\",\"url\":\"https:\\\/\\\/lasentinelle.dz\\\/author\\\/admin\\\/\"}]}<\/script>\n<!-- \/ Yoast SEO plugin. -->","yoast_head_json":{"title":"Grands projets d&rsquo;infrastructures\u00a0: Course contre la montre pour respecter les \u00e9ch\u00e9ances - La Sentinelle","robots":{"index":"index","follow":"follow","max-snippet":"max-snippet:-1","max-image-preview":"max-image-preview:large","max-video-preview":"max-video-preview:-1"},"canonical":"https:\/\/lasentinelle.dz\/index.php\/2025\/12\/15\/grands-projets-dinfrastructures-course-contre-la-montre-pour-respecter-les-echeances\/","og_locale":"fr_FR","og_type":"article","og_title":"Grands projets d&rsquo;infrastructures\u00a0: Course contre la montre pour respecter les \u00e9ch\u00e9ances - La Sentinelle","og_description":"Le ministre des Travaux publics mobilise ses \u00e9quipes pour boucler dans les d\u00e9lais plusieurs chantiers strat\u00e9giques, dont la ligne ferroviaire","og_url":"https:\/\/lasentinelle.dz\/index.php\/2025\/12\/15\/grands-projets-dinfrastructures-course-contre-la-montre-pour-respecter-les-echeances\/","og_site_name":"La Sentinelle","article_publisher":"https:\/\/www.facebook.com\/La-Sentinelle-104059864394773","article_published_time":"2025-12-15T12:49:06+00:00","article_modified_time":"2025-12-15T12:49:07+00:00","og_image":[{"width":1080,"height":720,"url":"https:\/\/lasentinelle.dz\/wp-content\/uploads\/2025\/12\/rail.webp","type":"image\/webp"}],"author":"admin","twitter_card":"summary_large_image","twitter_misc":{"\u00c9crit par":"admin","Dur\u00e9e de lecture estim\u00e9e":"4 minutes"},"schema":{"@context":"https:\/\/schema.org","@graph":[{"@type":"Article","@id":"https:\/\/lasentinelle.dz\/index.php\/2025\/12\/15\/grands-projets-dinfrastructures-course-contre-la-montre-pour-respecter-les-echeances\/#article","isPartOf":{"@id":"https:\/\/lasentinelle.dz\/index.php\/2025\/12\/15\/grands-projets-dinfrastructures-course-contre-la-montre-pour-respecter-les-echeances\/"},"author":{"name":"admin","@id":"https:\/\/lasentinelle.dz\/#\/schema\/person\/729ee0024f24e0b8c5ec17232f8e8b41"},"headline":"Grands projets d&rsquo;infrastructures\u00a0: Course contre la montre pour respecter les \u00e9ch\u00e9ances","datePublished":"2025-12-15T12:49:06+00:00","dateModified":"2025-12-15T12:49:07+00:00","mainEntityOfPage":{"@id":"https:\/\/lasentinelle.dz\/index.php\/2025\/12\/15\/grands-projets-dinfrastructures-course-contre-la-montre-pour-respecter-les-echeances\/"},"wordCount":729,"commentCount":0,"publisher":{"@id":"https:\/\/lasentinelle.dz\/#organization"},"image":{"@id":"https:\/\/lasentinelle.dz\/index.php\/2025\/12\/15\/grands-projets-dinfrastructures-course-contre-la-montre-pour-respecter-les-echeances\/#primaryimage"},"thumbnailUrl":"https:\/\/lasentinelle.dz\/wp-content\/uploads\/2025\/12\/rail.webp","articleSection":["\u00c0 la Une","Actualit\u00e9"],"inLanguage":"fr-FR","potentialAction":[{"@type":"CommentAction","name":"Comment","target":["https:\/\/lasentinelle.dz\/index.php\/2025\/12\/15\/grands-projets-dinfrastructures-course-contre-la-montre-pour-respecter-les-echeances\/#respond"]}]},{"@type":"WebPage","@id":"https:\/\/lasentinelle.dz\/index.php\/2025\/12\/15\/grands-projets-dinfrastructures-course-contre-la-montre-pour-respecter-les-echeances\/","url":"https:\/\/lasentinelle.dz\/index.php\/2025\/12\/15\/grands-projets-dinfrastructures-course-contre-la-montre-pour-respecter-les-echeances\/","name":"Grands projets d&rsquo;infrastructures\u00a0: Course contre la montre pour respecter les \u00e9ch\u00e9ances - La Sentinelle","isPartOf":{"@id":"https:\/\/lasentinelle.dz\/#website"},"primaryImageOfPage":{"@id":"https:\/\/lasentinelle.dz\/index.php\/2025\/12\/15\/grands-projets-dinfrastructures-course-contre-la-montre-pour-respecter-les-echeances\/#primaryimage"},"image":{"@id":"https:\/\/lasentinelle.dz\/index.php\/2025\/12\/15\/grands-projets-dinfrastructures-course-contre-la-montre-pour-respecter-les-echeances\/#primaryimage"},"thumbnailUrl":"https:\/\/lasentinelle.dz\/wp-content\/uploads\/2025\/12\/rail.webp","datePublished":"2025-12-15T12:49:06+00:00","dateModified":"2025-12-15T12:49:07+00:00","breadcrumb":{"@id":"https:\/\/lasentinelle.dz\/index.php\/2025\/12\/15\/grands-projets-dinfrastructures-course-contre-la-montre-pour-respecter-les-echeances\/#breadcrumb"},"inLanguage":"fr-FR","potentialAction":[{"@type":"ReadAction","target":["https:\/\/lasentinelle.dz\/index.php\/2025\/12\/15\/grands-projets-dinfrastructures-course-contre-la-montre-pour-respecter-les-echeances\/"]}]},{"@type":"ImageObject","inLanguage":"fr-FR","@id":"https:\/\/lasentinelle.dz\/index.php\/2025\/12\/15\/grands-projets-dinfrastructures-course-contre-la-montre-pour-respecter-les-echeances\/#primaryimage","url":"https:\/\/lasentinelle.dz\/wp-content\/uploads\/2025\/12\/rail.webp","contentUrl":"https:\/\/lasentinelle.dz\/wp-content\/uploads\/2025\/12\/rail.webp","width":1080,"height":720},{"@type":"BreadcrumbList","@id":"https:\/\/lasentinelle.dz\/index.php\/2025\/12\/15\/grands-projets-dinfrastructures-course-contre-la-montre-pour-respecter-les-echeances\/#breadcrumb","itemListElement":[{"@type":"ListItem","position":1,"name":"Accueil","item":"https:\/\/lasentinelle.dz\/"},{"@type":"ListItem","position":2,"name":"Grands projets d&rsquo;infrastructures\u00a0: Course contre la montre pour respecter les \u00e9ch\u00e9ances"}]},{"@type":"WebSite","@id":"https:\/\/lasentinelle.dz\/#website","url":"https:\/\/lasentinelle.dz\/","name":"La Sentinelle","description":"Quotidien national d&#039;information","publisher":{"@id":"https:\/\/lasentinelle.dz\/#organization"},"potentialAction":[{"@type":"SearchAction","target":{"@type":"EntryPoint","urlTemplate":"https:\/\/lasentinelle.dz\/?s={search_term_string}"},"query-input":{"@type":"PropertyValueSpecification","valueRequired":true,"valueName":"search_term_string"}}],"inLanguage":"fr-FR"},{"@type":"Organization","@id":"https:\/\/lasentinelle.dz\/#organization","name":"Quotidien La Sentinelle","url":"https:\/\/lasentinelle.dz\/","logo":{"@type":"ImageObject","inLanguage":"fr-FR","@id":"https:\/\/lasentinelle.dz\/#\/schema\/logo\/image\/","url":"https:\/\/lasentinelle.dz\/wp-content\/uploads\/2021\/09\/logo-sentinelleSLOGAN-1.png","contentUrl":"https:\/\/lasentinelle.dz\/wp-content\/uploads\/2021\/09\/logo-sentinelleSLOGAN-1.png","width":615,"height":142,"caption":"Quotidien La Sentinelle"},"image":{"@id":"https:\/\/lasentinelle.dz\/#\/schema\/logo\/image\/"},"sameAs":["https:\/\/www.facebook.com\/La-Sentinelle-104059864394773"]},{"@type":"Person","@id":"https:\/\/lasentinelle.dz\/#\/schema\/person\/729ee0024f24e0b8c5ec17232f8e8b41","name":"admin","image":{"@type":"ImageObject","inLanguage":"fr-FR","@id":"https:\/\/secure.gravatar.com\/avatar\/4c81fed838786e9b53f540bf46533e750f5d292099ae3b66cfc6fb1982e29df7?s=96&d=mm&r=g","url":"https:\/\/secure.gravatar.com\/avatar\/4c81fed838786e9b53f540bf46533e750f5d292099ae3b66cfc6fb1982e29df7?s=96&d=mm&r=g","contentUrl":"https:\/\/secure.gravatar.com\/avatar\/4c81fed838786e9b53f540bf46533e750f5d292099ae3b66cfc6fb1982e29df7?s=96&d=mm&r=g","caption":"admin"},"description":"admin","url":"https:\/\/lasentinelle.dz\/author\/admin\/"}]}},"_links":{"self":[{"href":"https:\/\/lasentinelle.dz\/index.php\/wp-json\/wp\/v2\/posts\/77790","targetHints":{"allow":["GET"]}}],"collection":[{"href":"https:\/\/lasentinelle.dz\/index.php\/wp-json\/wp\/v2\/posts"}],"about":[{"href":"https:\/\/lasentinelle.dz\/index.php\/wp-json\/wp\/v2\/types\/post"}],"author":[{"embeddable":true,"href":"https:\/\/lasentinelle.dz\/index.php\/wp-json\/wp\/v2\/users\/6"}],"replies":[{"embeddable":true,"href":"https:\/\/lasentinelle.dz\/index.php\/wp-json\/wp\/v2\/comments?post=77790"}],"version-history":[{"count":2,"href":"https:\/\/lasentinelle.dz\/index.php\/wp-json\/wp\/v2\/posts\/77790\/revisions"}],"predecessor-version":[{"id":77792,"href":"https:\/\/lasentinelle.dz\/index.php\/wp-json\/wp\/v2\/posts\/77790\/revisions\/77792"}],"wp:featuredmedia":[{"embeddable":true,"href":"https:\/\/lasentinelle.dz\/index.php\/wp-json\/wp\/v2\/media\/77051"}],"wp:attachment":[{"href":"https:\/\/lasentinelle.dz\/index.php\/wp-json\/wp\/v2\/media?parent=77790"}],"wp:term":[{"taxonomy":"category","embeddable":true,"href":"https:\/\/lasentinelle.dz\/index.php\/wp-json\/wp\/v2\/categories?post=77790"},{"taxonomy":"post_tag","embeddable":true,"href":"https:\/\/lasentinelle.dz\/index.php\/wp-json\/wp\/v2\/tags?post=77790"}],"curies":[{"name":"wp","href":"https:\/\/api.w.org\/{rel}","templated":true}]}}