{"id":77793,"date":"2025-12-15T13:49:46","date_gmt":"2025-12-15T12:49:46","guid":{"rendered":"https:\/\/lasentinelle.dz\/?p=77793"},"modified":"2025-12-15T13:49:47","modified_gmt":"2025-12-15T12:49:47","slug":"la-prefecture-des-yvelines-interdit-le-rassemblement-de-lorganisation-terroriste-mak","status":"publish","type":"post","link":"https:\/\/lasentinelle.dz\/index.php\/2025\/12\/15\/la-prefecture-des-yvelines-interdit-le-rassemblement-de-lorganisation-terroriste-mak\/","title":{"rendered":"La pr\u00e9fecture des Yvelines interdit le rassemblement de l&rsquo;organisation terroriste MAK"},"content":{"rendered":"\n<p>La pr\u00e9fecture des Yvelines en \u00cele-de-France a interdit dimanche le rassemblement de l&rsquo;organisation terroriste MAK pr\u00e9vu au Palais des Congr\u00e8s de Versailles, invoquant des raisons de s\u00e9curit\u00e9. Ce groupuscule, class\u00e9 terroriste en Alg\u00e9rie depuis 2021 et d\u00e9pourvu de tout ancrage populaire r\u00e9el, devait y proclamer une pseudo-ind\u00e9pendance de la Kabylie. La d\u00e9cision pr\u00e9fectorale intervient dans un contexte de reprise du dialogue entre Alger et Paris apr\u00e8s plusieurs mois de tensions diplomatiques. Le mouvement dirig\u00e9 par l&rsquo;ex-chanteur Ferhat Mehenni, autoproclam\u00e9 repr\u00e9sentant d&rsquo;une r\u00e9gion qu&rsquo;il ne repr\u00e9sente nullement, a annonc\u00e9 un recours judiciaire contre l&rsquo;interdiction. En Alg\u00e9rie, ce projet sparatiste se heurte \u00e0 un rejet massif et unanime. Les partis FFS, RCD et PT, solidement implant\u00e9s en Kabylie, ont r\u00e9affirm\u00e9 leur attachement \u00e0 l&rsquo;unit\u00e9 nationale. Samedi \u00e0 B\u00e9ja\u00efa, les maires ont unanimement rejet\u00e9 ce plan orchestr\u00e9 par des forces \u00e9trang\u00e8res hostiles \u00e0 l&rsquo;Alg\u00e9rie.<\/p>\n\n\n\n<p>R.N.<\/p>\n","protected":false},"excerpt":{"rendered":"<p>La pr\u00e9fecture des Yvelines en \u00cele-de-France a interdit dimanche le rassemblement de l&rsquo;organisation terroriste MAK pr\u00e9vu au Palais des Congr\u00e8s<\/p>\n","protected":false},"author":6,"featured_media":0,"comment_status":"open","ping_status":"closed","sticky":false,"template":"","format":"standard","meta":{"colormag_page_container_layout":"default_layout","colormag_page_sidebar_layout":"default_layout","om_disable_all_campaigns":false,"_monsterinsights_skip_tracking":false,"_monsterinsights_sitenote_active":false,"_monsterinsights_sitenote_note":"","_monsterinsights_sitenote_category":0,"footnotes":"","_wpscppro_dont_share_socialmedia":false,"_wpscppro_custom_social_share_image":0,"_facebook_share_type":"default","_twitter_share_type":"default","_linkedin_share_type":"default","_pinterest_share_type":"default","_linkedin_share_type_page":"","_instagram_share_type":"default","_medium_share_type":"default","_threads_share_type":"default","_google_business_share_type":"default","_selected_social_profile":[],"_wpsp_enable_custom_social_template":false,"_wpsp_social_scheduling":{"enabled":false,"datetime":null,"platforms":[],"status":"template_only","dateOption":"today","timeOption":"now","customDays":"","customHours":"","customDate":"","customTime":"","schedulingType":"absolute"},"_wpsp_active_default_template":true},"categories":[27],"tags":[],"class_list":["post-77793","post","type-post","status-publish","format-standard","hentry","category-actualite"],"aioseo_notices":[],"yoast_head":"<!-- This site is optimized with the Yoast SEO plugin v27.5 - https:\/\/yoast.com\/product\/yoast-seo-wordpress\/ -->\n<title>La pr\u00e9fecture des Yvelines interdit le rassemblement de l&rsquo;organisation terroriste MAK - La Sentinelle<\/title>\n<meta name=\"robots\" content=\"index, follow, max-snippet:-1, max-image-preview:large, max-video-preview:-1\" \/>\n<link rel=\"canonical\" href=\"https:\/\/lasentinelle.dz\/index.php\/2025\/12\/15\/la-prefecture-des-yvelines-interdit-le-rassemblement-de-lorganisation-terroriste-mak\/\" \/>\n<meta property=\"og:locale\" content=\"fr_FR\" \/>\n<meta property=\"og:type\" content=\"article\" \/>\n<meta property=\"og:title\" content=\"La pr\u00e9fecture des Yvelines interdit le rassemblement de l&rsquo;organisation terroriste MAK - La Sentinelle\" \/>\n<meta property=\"og:description\" content=\"La pr\u00e9fecture des Yvelines en \u00cele-de-France a interdit dimanche le rassemblement de l&rsquo;organisation terroriste MAK pr\u00e9vu au Palais des Congr\u00e8s\" \/>\n<meta property=\"og:url\" content=\"https:\/\/lasentinelle.dz\/index.php\/2025\/12\/15\/la-prefecture-des-yvelines-interdit-le-rassemblement-de-lorganisation-terroriste-mak\/\" \/>\n<meta property=\"og:site_name\" content=\"La Sentinelle\" \/>\n<meta property=\"article:publisher\" content=\"https:\/\/www.facebook.com\/La-Sentinelle-104059864394773\" \/>\n<meta property=\"article:published_time\" content=\"2025-12-15T12:49:46+00:00\" \/>\n<meta property=\"article:modified_time\" content=\"2025-12-15T12:49:47+00:00\" \/>\n<meta name=\"author\" content=\"admin\" \/>\n<meta name=\"twitter:card\" content=\"summary_large_image\" \/>\n<meta name=\"twitter:label1\" content=\"\u00c9crit par\" \/>\n\t<meta name=\"twitter:data1\" content=\"admin\" \/>\n\t<meta name=\"twitter:label2\" content=\"Dur\u00e9e de lecture estim\u00e9e\" \/>\n\t<meta name=\"twitter:data2\" content=\"1 minute\" \/>\n<script type=\"application\/ld+json\" class=\"yoast-schema-graph\">{\"@context\":\"https:\\\/\\\/schema.org\",\"@graph\":[{\"@type\":\"Article\",\"@id\":\"https:\\\/\\\/lasentinelle.dz\\\/index.php\\\/2025\\\/12\\\/15\\\/la-prefecture-des-yvelines-interdit-le-rassemblement-de-lorganisation-terroriste-mak\\\/#article\",\"isPartOf\":{\"@id\":\"https:\\\/\\\/lasentinelle.dz\\\/index.php\\\/2025\\\/12\\\/15\\\/la-prefecture-des-yvelines-interdit-le-rassemblement-de-lorganisation-terroriste-mak\\\/\"},\"author\":{\"name\":\"admin\",\"@id\":\"https:\\\/\\\/lasentinelle.dz\\\/#\\\/schema\\\/person\\\/729ee0024f24e0b8c5ec17232f8e8b41\"},\"headline\":\"La pr\u00e9fecture des Yvelines interdit le rassemblement de l&rsquo;organisation terroriste MAK\",\"datePublished\":\"2025-12-15T12:49:46+00:00\",\"dateModified\":\"2025-12-15T12:49:47+00:00\",\"mainEntityOfPage\":{\"@id\":\"https:\\\/\\\/lasentinelle.dz\\\/index.php\\\/2025\\\/12\\\/15\\\/la-prefecture-des-yvelines-interdit-le-rassemblement-de-lorganisation-terroriste-mak\\\/\"},\"wordCount\":180,\"commentCount\":0,\"publisher\":{\"@id\":\"https:\\\/\\\/lasentinelle.dz\\\/#organization\"},\"articleSection\":[\"Actualit\u00e9\"],\"inLanguage\":\"fr-FR\",\"potentialAction\":[{\"@type\":\"CommentAction\",\"name\":\"Comment\",\"target\":[\"https:\\\/\\\/lasentinelle.dz\\\/index.php\\\/2025\\\/12\\\/15\\\/la-prefecture-des-yvelines-interdit-le-rassemblement-de-lorganisation-terroriste-mak\\\/#respond\"]}]},{\"@type\":\"WebPage\",\"@id\":\"https:\\\/\\\/lasentinelle.dz\\\/index.php\\\/2025\\\/12\\\/15\\\/la-prefecture-des-yvelines-interdit-le-rassemblement-de-lorganisation-terroriste-mak\\\/\",\"url\":\"https:\\\/\\\/lasentinelle.dz\\\/index.php\\\/2025\\\/12\\\/15\\\/la-prefecture-des-yvelines-interdit-le-rassemblement-de-lorganisation-terroriste-mak\\\/\",\"name\":\"La pr\u00e9fecture des Yvelines interdit le rassemblement de l&rsquo;organisation terroriste MAK - La Sentinelle\",\"isPartOf\":{\"@id\":\"https:\\\/\\\/lasentinelle.dz\\\/#website\"},\"datePublished\":\"2025-12-15T12:49:46+00:00\",\"dateModified\":\"2025-12-15T12:49:47+00:00\",\"breadcrumb\":{\"@id\":\"https:\\\/\\\/lasentinelle.dz\\\/index.php\\\/2025\\\/12\\\/15\\\/la-prefecture-des-yvelines-interdit-le-rassemblement-de-lorganisation-terroriste-mak\\\/#breadcrumb\"},\"inLanguage\":\"fr-FR\",\"potentialAction\":[{\"@type\":\"ReadAction\",\"target\":[\"https:\\\/\\\/lasentinelle.dz\\\/index.php\\\/2025\\\/12\\\/15\\\/la-prefecture-des-yvelines-interdit-le-rassemblement-de-lorganisation-terroriste-mak\\\/\"]}]},{\"@type\":\"BreadcrumbList\",\"@id\":\"https:\\\/\\\/lasentinelle.dz\\\/index.php\\\/2025\\\/12\\\/15\\\/la-prefecture-des-yvelines-interdit-le-rassemblement-de-lorganisation-terroriste-mak\\\/#breadcrumb\",\"itemListElement\":[{\"@type\":\"ListItem\",\"position\":1,\"name\":\"Accueil\",\"item\":\"https:\\\/\\\/lasentinelle.dz\\\/\"},{\"@type\":\"ListItem\",\"position\":2,\"name\":\"La pr\u00e9fecture des Yvelines interdit le rassemblement de l&rsquo;organisation terroriste MAK\"}]},{\"@type\":\"WebSite\",\"@id\":\"https:\\\/\\\/lasentinelle.dz\\\/#website\",\"url\":\"https:\\\/\\\/lasentinelle.dz\\\/\",\"name\":\"La Sentinelle\",\"description\":\"Quotidien national d&#039;information\",\"publisher\":{\"@id\":\"https:\\\/\\\/lasentinelle.dz\\\/#organization\"},\"potentialAction\":[{\"@type\":\"SearchAction\",\"target\":{\"@type\":\"EntryPoint\",\"urlTemplate\":\"https:\\\/\\\/lasentinelle.dz\\\/?s={search_term_string}\"},\"query-input\":{\"@type\":\"PropertyValueSpecification\",\"valueRequired\":true,\"valueName\":\"search_term_string\"}}],\"inLanguage\":\"fr-FR\"},{\"@type\":\"Organization\",\"@id\":\"https:\\\/\\\/lasentinelle.dz\\\/#organization\",\"name\":\"Quotidien La Sentinelle\",\"url\":\"https:\\\/\\\/lasentinelle.dz\\\/\",\"logo\":{\"@type\":\"ImageObject\",\"inLanguage\":\"fr-FR\",\"@id\":\"https:\\\/\\\/lasentinelle.dz\\\/#\\\/schema\\\/logo\\\/image\\\/\",\"url\":\"https:\\\/\\\/lasentinelle.dz\\\/wp-content\\\/uploads\\\/2021\\\/09\\\/logo-sentinelleSLOGAN-1.png\",\"contentUrl\":\"https:\\\/\\\/lasentinelle.dz\\\/wp-content\\\/uploads\\\/2021\\\/09\\\/logo-sentinelleSLOGAN-1.png\",\"width\":615,\"height\":142,\"caption\":\"Quotidien La Sentinelle\"},\"image\":{\"@id\":\"https:\\\/\\\/lasentinelle.dz\\\/#\\\/schema\\\/logo\\\/image\\\/\"},\"sameAs\":[\"https:\\\/\\\/www.facebook.com\\\/La-Sentinelle-104059864394773\"]},{\"@type\":\"Person\",\"@id\":\"https:\\\/\\\/lasentinelle.dz\\\/#\\\/schema\\\/person\\\/729ee0024f24e0b8c5ec17232f8e8b41\",\"name\":\"admin\",\"image\":{\"@type\":\"ImageObject\",\"inLanguage\":\"fr-FR\",\"@id\":\"https:\\\/\\\/secure.gravatar.com\\\/avatar\\\/4c81fed838786e9b53f540bf46533e750f5d292099ae3b66cfc6fb1982e29df7?s=96&d=mm&r=g\",\"url\":\"https:\\\/\\\/secure.gravatar.com\\\/avatar\\\/4c81fed838786e9b53f540bf46533e750f5d292099ae3b66cfc6fb1982e29df7?s=96&d=mm&r=g\",\"contentUrl\":\"https:\\\/\\\/secure.gravatar.com\\\/avatar\\\/4c81fed838786e9b53f540bf46533e750f5d292099ae3b66cfc6fb1982e29df7?s=96&d=mm&r=g\",\"caption\":\"admin\"},\"description\":\"admin\",\"url\":\"https:\\\/\\\/lasentinelle.dz\\\/author\\\/admin\\\/\"}]}<\/script>\n<!-- \/ Yoast SEO plugin. -->","yoast_head_json":{"title":"La pr\u00e9fecture des Yvelines interdit le rassemblement de l&rsquo;organisation terroriste MAK - La Sentinelle","robots":{"index":"index","follow":"follow","max-snippet":"max-snippet:-1","max-image-preview":"max-image-preview:large","max-video-preview":"max-video-preview:-1"},"canonical":"https:\/\/lasentinelle.dz\/index.php\/2025\/12\/15\/la-prefecture-des-yvelines-interdit-le-rassemblement-de-lorganisation-terroriste-mak\/","og_locale":"fr_FR","og_type":"article","og_title":"La pr\u00e9fecture des Yvelines interdit le rassemblement de l&rsquo;organisation terroriste MAK - La Sentinelle","og_description":"La pr\u00e9fecture des Yvelines en \u00cele-de-France a interdit dimanche le rassemblement de l&rsquo;organisation terroriste MAK pr\u00e9vu au Palais des Congr\u00e8s","og_url":"https:\/\/lasentinelle.dz\/index.php\/2025\/12\/15\/la-prefecture-des-yvelines-interdit-le-rassemblement-de-lorganisation-terroriste-mak\/","og_site_name":"La Sentinelle","article_publisher":"https:\/\/www.facebook.com\/La-Sentinelle-104059864394773","article_published_time":"2025-12-15T12:49:46+00:00","article_modified_time":"2025-12-15T12:49:47+00:00","author":"admin","twitter_card":"summary_large_image","twitter_misc":{"\u00c9crit par":"admin","Dur\u00e9e de lecture estim\u00e9e":"1 minute"},"schema":{"@context":"https:\/\/schema.org","@graph":[{"@type":"Article","@id":"https:\/\/lasentinelle.dz\/index.php\/2025\/12\/15\/la-prefecture-des-yvelines-interdit-le-rassemblement-de-lorganisation-terroriste-mak\/#article","isPartOf":{"@id":"https:\/\/lasentinelle.dz\/index.php\/2025\/12\/15\/la-prefecture-des-yvelines-interdit-le-rassemblement-de-lorganisation-terroriste-mak\/"},"author":{"name":"admin","@id":"https:\/\/lasentinelle.dz\/#\/schema\/person\/729ee0024f24e0b8c5ec17232f8e8b41"},"headline":"La pr\u00e9fecture des Yvelines interdit le rassemblement de l&rsquo;organisation terroriste MAK","datePublished":"2025-12-15T12:49:46+00:00","dateModified":"2025-12-15T12:49:47+00:00","mainEntityOfPage":{"@id":"https:\/\/lasentinelle.dz\/index.php\/2025\/12\/15\/la-prefecture-des-yvelines-interdit-le-rassemblement-de-lorganisation-terroriste-mak\/"},"wordCount":180,"commentCount":0,"publisher":{"@id":"https:\/\/lasentinelle.dz\/#organization"},"articleSection":["Actualit\u00e9"],"inLanguage":"fr-FR","potentialAction":[{"@type":"CommentAction","name":"Comment","target":["https:\/\/lasentinelle.dz\/index.php\/2025\/12\/15\/la-prefecture-des-yvelines-interdit-le-rassemblement-de-lorganisation-terroriste-mak\/#respond"]}]},{"@type":"WebPage","@id":"https:\/\/lasentinelle.dz\/index.php\/2025\/12\/15\/la-prefecture-des-yvelines-interdit-le-rassemblement-de-lorganisation-terroriste-mak\/","url":"https:\/\/lasentinelle.dz\/index.php\/2025\/12\/15\/la-prefecture-des-yvelines-interdit-le-rassemblement-de-lorganisation-terroriste-mak\/","name":"La pr\u00e9fecture des Yvelines interdit le rassemblement de l&rsquo;organisation terroriste MAK - La Sentinelle","isPartOf":{"@id":"https:\/\/lasentinelle.dz\/#website"},"datePublished":"2025-12-15T12:49:46+00:00","dateModified":"2025-12-15T12:49:47+00:00","breadcrumb":{"@id":"https:\/\/lasentinelle.dz\/index.php\/2025\/12\/15\/la-prefecture-des-yvelines-interdit-le-rassemblement-de-lorganisation-terroriste-mak\/#breadcrumb"},"inLanguage":"fr-FR","potentialAction":[{"@type":"ReadAction","target":["https:\/\/lasentinelle.dz\/index.php\/2025\/12\/15\/la-prefecture-des-yvelines-interdit-le-rassemblement-de-lorganisation-terroriste-mak\/"]}]},{"@type":"BreadcrumbList","@id":"https:\/\/lasentinelle.dz\/index.php\/2025\/12\/15\/la-prefecture-des-yvelines-interdit-le-rassemblement-de-lorganisation-terroriste-mak\/#breadcrumb","itemListElement":[{"@type":"ListItem","position":1,"name":"Accueil","item":"https:\/\/lasentinelle.dz\/"},{"@type":"ListItem","position":2,"name":"La pr\u00e9fecture des Yvelines interdit le rassemblement de l&rsquo;organisation terroriste MAK"}]},{"@type":"WebSite","@id":"https:\/\/lasentinelle.dz\/#website","url":"https:\/\/lasentinelle.dz\/","name":"La Sentinelle","description":"Quotidien national d&#039;information","publisher":{"@id":"https:\/\/lasentinelle.dz\/#organization"},"potentialAction":[{"@type":"SearchAction","target":{"@type":"EntryPoint","urlTemplate":"https:\/\/lasentinelle.dz\/?s={search_term_string}"},"query-input":{"@type":"PropertyValueSpecification","valueRequired":true,"valueName":"search_term_string"}}],"inLanguage":"fr-FR"},{"@type":"Organization","@id":"https:\/\/lasentinelle.dz\/#organization","name":"Quotidien La Sentinelle","url":"https:\/\/lasentinelle.dz\/","logo":{"@type":"ImageObject","inLanguage":"fr-FR","@id":"https:\/\/lasentinelle.dz\/#\/schema\/logo\/image\/","url":"https:\/\/lasentinelle.dz\/wp-content\/uploads\/2021\/09\/logo-sentinelleSLOGAN-1.png","contentUrl":"https:\/\/lasentinelle.dz\/wp-content\/uploads\/2021\/09\/logo-sentinelleSLOGAN-1.png","width":615,"height":142,"caption":"Quotidien La Sentinelle"},"image":{"@id":"https:\/\/lasentinelle.dz\/#\/schema\/logo\/image\/"},"sameAs":["https:\/\/www.facebook.com\/La-Sentinelle-104059864394773"]},{"@type":"Person","@id":"https:\/\/lasentinelle.dz\/#\/schema\/person\/729ee0024f24e0b8c5ec17232f8e8b41","name":"admin","image":{"@type":"ImageObject","inLanguage":"fr-FR","@id":"https:\/\/secure.gravatar.com\/avatar\/4c81fed838786e9b53f540bf46533e750f5d292099ae3b66cfc6fb1982e29df7?s=96&d=mm&r=g","url":"https:\/\/secure.gravatar.com\/avatar\/4c81fed838786e9b53f540bf46533e750f5d292099ae3b66cfc6fb1982e29df7?s=96&d=mm&r=g","contentUrl":"https:\/\/secure.gravatar.com\/avatar\/4c81fed838786e9b53f540bf46533e750f5d292099ae3b66cfc6fb1982e29df7?s=96&d=mm&r=g","caption":"admin"},"description":"admin","url":"https:\/\/lasentinelle.dz\/author\/admin\/"}]}},"_links":{"self":[{"href":"https:\/\/lasentinelle.dz\/index.php\/wp-json\/wp\/v2\/posts\/77793","targetHints":{"allow":["GET"]}}],"collection":[{"href":"https:\/\/lasentinelle.dz\/index.php\/wp-json\/wp\/v2\/posts"}],"about":[{"href":"https:\/\/lasentinelle.dz\/index.php\/wp-json\/wp\/v2\/types\/post"}],"author":[{"embeddable":true,"href":"https:\/\/lasentinelle.dz\/index.php\/wp-json\/wp\/v2\/users\/6"}],"replies":[{"embeddable":true,"href":"https:\/\/lasentinelle.dz\/index.php\/wp-json\/wp\/v2\/comments?post=77793"}],"version-history":[{"count":2,"href":"https:\/\/lasentinelle.dz\/index.php\/wp-json\/wp\/v2\/posts\/77793\/revisions"}],"predecessor-version":[{"id":77795,"href":"https:\/\/lasentinelle.dz\/index.php\/wp-json\/wp\/v2\/posts\/77793\/revisions\/77795"}],"wp:attachment":[{"href":"https:\/\/lasentinelle.dz\/index.php\/wp-json\/wp\/v2\/media?parent=77793"}],"wp:term":[{"taxonomy":"category","embeddable":true,"href":"https:\/\/lasentinelle.dz\/index.php\/wp-json\/wp\/v2\/categories?post=77793"},{"taxonomy":"post_tag","embeddable":true,"href":"https:\/\/lasentinelle.dz\/index.php\/wp-json\/wp\/v2\/tags?post=77793"}],"curies":[{"name":"wp","href":"https:\/\/api.w.org\/{rel}","templated":true}]}}