{"id":77796,"date":"2025-12-15T13:50:30","date_gmt":"2025-12-15T12:50:30","guid":{"rendered":"https:\/\/lasentinelle.dz\/?p=77796"},"modified":"2025-12-15T13:50:31","modified_gmt":"2025-12-15T12:50:31","slug":"parlement-lunite-nationale-rempart-inexpugnable-face-aux-conspirations","status":"publish","type":"post","link":"https:\/\/lasentinelle.dz\/index.php\/2025\/12\/15\/parlement-lunite-nationale-rempart-inexpugnable-face-aux-conspirations\/","title":{"rendered":"Parlement\u00a0: L&rsquo;unit\u00e9 nationale, rempart inexpugnable face aux conspirations\u00a0"},"content":{"rendered":"\n<p>Les pr\u00e9sidents de l&rsquo;Assembl\u00e9e populaire nationale et du Conseil de la nation ont r\u00e9affirm\u00e9 dimanche \u00e0 Alger que l&rsquo;unit\u00e9 du peuple alg\u00e9rien et sa coh\u00e9sion constituent le fondement de la force du pays et le rempart face \u00e0 toutes les tentatives visant \u00e0 fragiliser sa stabilit\u00e9, \u00e0 l&rsquo;occasion de la comm\u00e9moration des manifestations historiques du 11 d\u00e9cembre 1960 qui avaient consacr\u00e9 les valeurs d&rsquo;attachement \u00e0 la terre et renforc\u00e9 les facteurs de r\u00e9silience face au colonisateur. Les deux instances parlementaires ont choisi ce moment symbolique pour marteler un message d&rsquo;unit\u00e9 nationale face aux d\u00e9fis contemporains. Lors d&rsquo;une r\u00e9union du bureau de l&rsquo;APN, Brahim Boughali a soulign\u00e9 que cette date glorieuse ravive dans les m\u00e9moires l&rsquo;ampleur des souffrances endur\u00e9es par les Alg\u00e9riens sous le joug colonial. \u00ab\u00a0Ce glorieux anniversaire fait ressurgir dans les esprits l&rsquo;ampleur des souffrances endur\u00e9es par les Alg\u00e9riens sous le joug de la colonisation qui a pratiqu\u00e9 les pires formes de r\u00e9pression, de torture et de m\u00e9pris, sans distinction aucune entre les enfants de notre patrie\u00a0\u00bb, a-t-il d\u00e9clar\u00e9, selon un communiqu\u00e9 de l&rsquo;APN. Le pr\u00e9sident de l&rsquo;Assembl\u00e9e a insist\u00e9 sur le fait que les \u00e9preuves historiques ont forg\u00e9 le caract\u00e8re du peuple alg\u00e9rien. \u00ab\u00a0L&rsquo;Alg\u00e9rie, unie par les drames et fa\u00e7onn\u00e9e par les \u00e9v\u00e8nements \u00e0 travers le temps, a donn\u00e9 naissance \u00e0 un peuple solide et aguerri \u00e0 la r\u00e9silience, d\u00e9montrant \u00e0 chaque \u00e9tape sa capacit\u00e9 \u00e0 surmonter les \u00e9preuves et \u00e0 faire front uni face \u00e0 l&rsquo;injustice et \u00e0 l&rsquo;agression\u00a0\u00bb, a affirm\u00e9 Boughali, \u00e9tablissant un parall\u00e8le entre les combats d&rsquo;hier et les d\u00e9fis d&rsquo;aujourd&rsquo;hui. Cette r\u00e9f\u00e9rence au pass\u00e9 glorieux n&rsquo;est pas anodine dans le contexte actuel. Le pr\u00e9sident de l&rsquo;APN a lanc\u00e9 un avertissement sans ambigu\u00eft\u00e9 concernant les menaces contemporaines pesant sur la coh\u00e9sion nationale. \u00ab\u00a0Le colonisateur, m\u00eame s&rsquo;il change d&rsquo;outils, conservera toujours le m\u00eame d\u00e9nominateur commun, celui de tenter de porter atteinte \u00e0 la coh\u00e9sion de ce brave peuple, \u00e0 travers des slogans mensongers aux intentions et objectifs d\u00e9masqu\u00e9s qui ne sauraient jamais tromper les enfants libres de l&rsquo;Alg\u00e9rie dans les diff\u00e9rentes r\u00e9gions du pays\u00a0\u00bb, a-t-il martel\u00e9.<\/p>\n\n\n\n<p>Boughali s&rsquo;est montr\u00e9 particuli\u00e8rement virulent contre les tentatives de division orchestr\u00e9es de l&rsquo;ext\u00e9rieur. \u00ab\u00a0Les conspirations qui se trament ouvertement dans des officines ne feront que consolider la conviction du peuple alg\u00e9rien que le pari du colonisateur sur les sceptiques est in\u00e9luctablement vou\u00e9 \u00e0 un \u00e9chec cuisant et qu&rsquo;elles ne feront que renforcer sa volont\u00e9 et sa d\u00e9termination d&rsquo;aller de l&rsquo;avant sur la voie de l&rsquo;unit\u00e9, de poursuivre l&rsquo;\u00e9dification nationale et de parachever le processus de d\u00e9veloppement, dans le respect des valeurs nationales, des principes supr\u00eames et de la dignit\u00e9 humaine\u00a0\u00bb, a-t-il soutenu avec force.<\/p>\n\n\n\n<p>Le responsable parlementaire a d\u00e9nonc\u00e9 le \u00ab\u00a0pari mis\u00e9rable sur la division et la fragmentation, sous des titres fallacieux et trompeurs\u00a0\u00bb, y voyant la preuve que \u00ab\u00a0l&rsquo;Alg\u00e9rie a d\u00e9rang\u00e9 des parties auxquelles il d\u00e9pla\u00eet de voir son peuple avoir surmont\u00e9 les difficult\u00e9s, et retrouv\u00e9 son r\u00f4le civilisationnel et d\u00e9mocratique, avec ses institutions constitutionnelles, et avec une volont\u00e9 populaire consciente qui assume ses responsabilit\u00e9s avec maturit\u00e9 et interagit positivement avec les transformations et mutations\u00a0\u00bb. Boughali affirme que la comm\u00e9moration de cet anniversaire intervient \u00ab\u00a0dans un contexte national o\u00f9 le peuple alg\u00e9rien avance \u00e0 pas fermes sur la voie du progr\u00e8s et de la renaissance, avec l&rsquo;adh\u00e9sion de tous ses enfants loyaux au processus de parach\u00e8vement des programmes de d\u00e9veloppement qui commencent \u00e0 porter leurs fruits dans divers domaines\u00a0\u00bb. Les conspirations et complots ourdis contre l&rsquo;Alg\u00e9rie \u00ab\u00a0se retourneront contre leurs auteurs, en essuyant d\u00e9ception sur d\u00e9ception et \u00e9chec sur \u00e9chec\u00a0\u00bb, a-t-il proph\u00e9tis\u00e9, convaincu que la prise de conscience et la coh\u00e9sion des Alg\u00e9riens seront \u00ab\u00a0le rempart inexpugnable face \u00e0 toutes les conspirations\u00a0\u00bb.<\/p>\n\n\n\n<p>Cette unit\u00e9 nationale, selon Boughali, puise sa l\u00e9gitimit\u00e9 dans le sang des martyrs. Elle s&rsquo;inscrit \u00ab\u00a0dans le cadre d&rsquo;une unit\u00e9 nationale puis\u00e9e des sacrifices des valeureux chouhada et des vaillants moudjahidine qui ont d\u00e9fendu la patrie dans les moments les plus difficiles\u00a0\u00bb, a-t-il rappel\u00e9, \u00e9tablissant ainsi une continuit\u00e9 entre la g\u00e9n\u00e9ration de la lib\u00e9ration et celle d&rsquo;aujourd&rsquo;hui. Le pr\u00e9sident de l&rsquo;APN a tenu \u00e0 rappeler les le\u00e7ons de l&rsquo;histoire. \u00ab\u00a0La glorieuse R\u00e9volution alg\u00e9rienne fut la r\u00e9ponse irr\u00e9futable \u00e0 tous les sceptiques qui remettaient en cause l&rsquo;unit\u00e9 du pays et son identit\u00e9\u00a0\u00bb, a-t-il soulign\u00e9, ajoutant que \u00ab\u00a0le peuple alg\u00e9rien qui a choisi la libert\u00e9 en toute conscience et avec une volont\u00e9 in\u00e9branlable, a d\u00e9montr\u00e9 au monde entier que sa diversit\u00e9 \u00e9tait une source de richesse et un facteur de son unit\u00e9 nationale\u00a0\u00bb.<\/p>\n\n\n\n<p>Au Conseil de la nation, chambre haute du Parlement, le message \u00e9tait similaire. Lors d&rsquo;une r\u00e9union pr\u00e9sid\u00e9e par Azzouz Nasri \u00e9largie aux pr\u00e9sidents des groupes parlementaires et \u00e0 l&rsquo;observateur parlementaire, le bureau a r\u00e9affirm\u00e9 que \u00ab\u00a0l&rsquo;unit\u00e9 du peuple alg\u00e9rien et sa coh\u00e9sion constituent le fondement de la force du pays\u00a0\u00bb. Le communiqu\u00e9 du Conseil souligne que cette instance a saisi l&rsquo;occasion pour \u00ab\u00a0r\u00e9affirmer que l&rsquo;unit\u00e9 de la patrie, la force du lien entre les membres de la nation alg\u00e9rienne et leur coh\u00e9sion sont source de puissance\u00a0\u00bb, rappelant ce que les p\u00e8res fondateurs ont accompli \u00ab\u00a0pour d\u00e9fendre l&rsquo;honneur de la nation, renforcer son immunit\u00e9 et pr\u00e9server son unit\u00e9 et sa stabilit\u00e9\u00a0\u00bb.<\/p>\n\n\n\n<p>Chokri Hafed<\/p>\n","protected":false},"excerpt":{"rendered":"<p>Les pr\u00e9sidents de l&rsquo;Assembl\u00e9e populaire nationale et du Conseil de la nation ont r\u00e9affirm\u00e9 dimanche \u00e0 Alger que l&rsquo;unit\u00e9 du<\/p>\n","protected":false},"author":6,"featured_media":37551,"comment_status":"open","ping_status":"closed","sticky":false,"template":"","format":"standard","meta":{"colormag_page_container_layout":"default_layout","colormag_page_sidebar_layout":"default_layout","om_disable_all_campaigns":false,"_monsterinsights_skip_tracking":false,"_monsterinsights_sitenote_active":false,"_monsterinsights_sitenote_note":"","_monsterinsights_sitenote_category":0,"footnotes":"","_wpscppro_dont_share_socialmedia":false,"_wpscppro_custom_social_share_image":0,"_facebook_share_type":"default","_twitter_share_type":"default","_linkedin_share_type":"default","_pinterest_share_type":"default","_linkedin_share_type_page":"","_instagram_share_type":"default","_medium_share_type":"default","_threads_share_type":"default","_google_business_share_type":"default","_selected_social_profile":[],"_wpsp_enable_custom_social_template":false,"_wpsp_social_scheduling":{"enabled":false,"datetime":null,"platforms":[],"status":"template_only","dateOption":"today","timeOption":"now","customDays":"","customHours":"","customDate":"","customTime":"","schedulingType":"absolute"},"_wpsp_active_default_template":true},"categories":[27],"tags":[],"class_list":["post-77796","post","type-post","status-publish","format-standard","has-post-thumbnail","hentry","category-actualite"],"aioseo_notices":[],"yoast_head":"<!-- This site is optimized with the Yoast SEO plugin v27.5 - https:\/\/yoast.com\/product\/yoast-seo-wordpress\/ -->\n<title>Parlement\u00a0: L&rsquo;unit\u00e9 nationale, rempart inexpugnable face aux conspirations\u00a0 - La Sentinelle<\/title>\n<meta name=\"robots\" content=\"index, follow, max-snippet:-1, max-image-preview:large, max-video-preview:-1\" \/>\n<link rel=\"canonical\" href=\"https:\/\/lasentinelle.dz\/index.php\/2025\/12\/15\/parlement-lunite-nationale-rempart-inexpugnable-face-aux-conspirations\/\" \/>\n<meta property=\"og:locale\" content=\"fr_FR\" \/>\n<meta property=\"og:type\" content=\"article\" \/>\n<meta property=\"og:title\" content=\"Parlement\u00a0: L&rsquo;unit\u00e9 nationale, rempart inexpugnable face aux conspirations\u00a0 - La Sentinelle\" \/>\n<meta property=\"og:description\" content=\"Les pr\u00e9sidents de l&rsquo;Assembl\u00e9e populaire nationale et du Conseil de la nation ont r\u00e9affirm\u00e9 dimanche \u00e0 Alger que l&rsquo;unit\u00e9 du\" \/>\n<meta property=\"og:url\" content=\"https:\/\/lasentinelle.dz\/index.php\/2025\/12\/15\/parlement-lunite-nationale-rempart-inexpugnable-face-aux-conspirations\/\" \/>\n<meta property=\"og:site_name\" content=\"La Sentinelle\" \/>\n<meta property=\"article:publisher\" content=\"https:\/\/www.facebook.com\/La-Sentinelle-104059864394773\" \/>\n<meta property=\"article:published_time\" content=\"2025-12-15T12:50:30+00:00\" \/>\n<meta property=\"article:modified_time\" content=\"2025-12-15T12:50:31+00:00\" \/>\n<meta property=\"og:image\" content=\"https:\/\/lasentinelle.dz\/wp-content\/uploads\/2023\/03\/brahim-boughali-11-10-2022.png\" \/>\n\t<meta property=\"og:image:width\" content=\"1200\" \/>\n\t<meta property=\"og:image:height\" content=\"900\" \/>\n\t<meta property=\"og:image:type\" content=\"image\/png\" \/>\n<meta name=\"author\" content=\"admin\" \/>\n<meta name=\"twitter:card\" content=\"summary_large_image\" \/>\n<meta name=\"twitter:label1\" content=\"\u00c9crit par\" \/>\n\t<meta name=\"twitter:data1\" content=\"admin\" \/>\n\t<meta name=\"twitter:label2\" content=\"Dur\u00e9e de lecture estim\u00e9e\" \/>\n\t<meta name=\"twitter:data2\" content=\"5 minutes\" \/>\n<script type=\"application\/ld+json\" class=\"yoast-schema-graph\">{\"@context\":\"https:\\\/\\\/schema.org\",\"@graph\":[{\"@type\":\"Article\",\"@id\":\"https:\\\/\\\/lasentinelle.dz\\\/index.php\\\/2025\\\/12\\\/15\\\/parlement-lunite-nationale-rempart-inexpugnable-face-aux-conspirations\\\/#article\",\"isPartOf\":{\"@id\":\"https:\\\/\\\/lasentinelle.dz\\\/index.php\\\/2025\\\/12\\\/15\\\/parlement-lunite-nationale-rempart-inexpugnable-face-aux-conspirations\\\/\"},\"author\":{\"name\":\"admin\",\"@id\":\"https:\\\/\\\/lasentinelle.dz\\\/#\\\/schema\\\/person\\\/729ee0024f24e0b8c5ec17232f8e8b41\"},\"headline\":\"Parlement\u00a0: L&rsquo;unit\u00e9 nationale, rempart inexpugnable face aux conspirations\u00a0\",\"datePublished\":\"2025-12-15T12:50:30+00:00\",\"dateModified\":\"2025-12-15T12:50:31+00:00\",\"mainEntityOfPage\":{\"@id\":\"https:\\\/\\\/lasentinelle.dz\\\/index.php\\\/2025\\\/12\\\/15\\\/parlement-lunite-nationale-rempart-inexpugnable-face-aux-conspirations\\\/\"},\"wordCount\":979,\"commentCount\":0,\"publisher\":{\"@id\":\"https:\\\/\\\/lasentinelle.dz\\\/#organization\"},\"image\":{\"@id\":\"https:\\\/\\\/lasentinelle.dz\\\/index.php\\\/2025\\\/12\\\/15\\\/parlement-lunite-nationale-rempart-inexpugnable-face-aux-conspirations\\\/#primaryimage\"},\"thumbnailUrl\":\"https:\\\/\\\/lasentinelle.dz\\\/wp-content\\\/uploads\\\/2023\\\/03\\\/brahim-boughali-11-10-2022.png\",\"articleSection\":[\"Actualit\u00e9\"],\"inLanguage\":\"fr-FR\",\"potentialAction\":[{\"@type\":\"CommentAction\",\"name\":\"Comment\",\"target\":[\"https:\\\/\\\/lasentinelle.dz\\\/index.php\\\/2025\\\/12\\\/15\\\/parlement-lunite-nationale-rempart-inexpugnable-face-aux-conspirations\\\/#respond\"]}]},{\"@type\":\"WebPage\",\"@id\":\"https:\\\/\\\/lasentinelle.dz\\\/index.php\\\/2025\\\/12\\\/15\\\/parlement-lunite-nationale-rempart-inexpugnable-face-aux-conspirations\\\/\",\"url\":\"https:\\\/\\\/lasentinelle.dz\\\/index.php\\\/2025\\\/12\\\/15\\\/parlement-lunite-nationale-rempart-inexpugnable-face-aux-conspirations\\\/\",\"name\":\"Parlement\u00a0: L&rsquo;unit\u00e9 nationale, rempart inexpugnable face aux conspirations\u00a0 - La Sentinelle\",\"isPartOf\":{\"@id\":\"https:\\\/\\\/lasentinelle.dz\\\/#website\"},\"primaryImageOfPage\":{\"@id\":\"https:\\\/\\\/lasentinelle.dz\\\/index.php\\\/2025\\\/12\\\/15\\\/parlement-lunite-nationale-rempart-inexpugnable-face-aux-conspirations\\\/#primaryimage\"},\"image\":{\"@id\":\"https:\\\/\\\/lasentinelle.dz\\\/index.php\\\/2025\\\/12\\\/15\\\/parlement-lunite-nationale-rempart-inexpugnable-face-aux-conspirations\\\/#primaryimage\"},\"thumbnailUrl\":\"https:\\\/\\\/lasentinelle.dz\\\/wp-content\\\/uploads\\\/2023\\\/03\\\/brahim-boughali-11-10-2022.png\",\"datePublished\":\"2025-12-15T12:50:30+00:00\",\"dateModified\":\"2025-12-15T12:50:31+00:00\",\"breadcrumb\":{\"@id\":\"https:\\\/\\\/lasentinelle.dz\\\/index.php\\\/2025\\\/12\\\/15\\\/parlement-lunite-nationale-rempart-inexpugnable-face-aux-conspirations\\\/#breadcrumb\"},\"inLanguage\":\"fr-FR\",\"potentialAction\":[{\"@type\":\"ReadAction\",\"target\":[\"https:\\\/\\\/lasentinelle.dz\\\/index.php\\\/2025\\\/12\\\/15\\\/parlement-lunite-nationale-rempart-inexpugnable-face-aux-conspirations\\\/\"]}]},{\"@type\":\"ImageObject\",\"inLanguage\":\"fr-FR\",\"@id\":\"https:\\\/\\\/lasentinelle.dz\\\/index.php\\\/2025\\\/12\\\/15\\\/parlement-lunite-nationale-rempart-inexpugnable-face-aux-conspirations\\\/#primaryimage\",\"url\":\"https:\\\/\\\/lasentinelle.dz\\\/wp-content\\\/uploads\\\/2023\\\/03\\\/brahim-boughali-11-10-2022.png\",\"contentUrl\":\"https:\\\/\\\/lasentinelle.dz\\\/wp-content\\\/uploads\\\/2023\\\/03\\\/brahim-boughali-11-10-2022.png\",\"width\":1200,\"height\":900},{\"@type\":\"BreadcrumbList\",\"@id\":\"https:\\\/\\\/lasentinelle.dz\\\/index.php\\\/2025\\\/12\\\/15\\\/parlement-lunite-nationale-rempart-inexpugnable-face-aux-conspirations\\\/#breadcrumb\",\"itemListElement\":[{\"@type\":\"ListItem\",\"position\":1,\"name\":\"Accueil\",\"item\":\"https:\\\/\\\/lasentinelle.dz\\\/\"},{\"@type\":\"ListItem\",\"position\":2,\"name\":\"Parlement\u00a0: L&rsquo;unit\u00e9 nationale, rempart inexpugnable face aux conspirations\u00a0\"}]},{\"@type\":\"WebSite\",\"@id\":\"https:\\\/\\\/lasentinelle.dz\\\/#website\",\"url\":\"https:\\\/\\\/lasentinelle.dz\\\/\",\"name\":\"La Sentinelle\",\"description\":\"Quotidien national d&#039;information\",\"publisher\":{\"@id\":\"https:\\\/\\\/lasentinelle.dz\\\/#organization\"},\"potentialAction\":[{\"@type\":\"SearchAction\",\"target\":{\"@type\":\"EntryPoint\",\"urlTemplate\":\"https:\\\/\\\/lasentinelle.dz\\\/?s={search_term_string}\"},\"query-input\":{\"@type\":\"PropertyValueSpecification\",\"valueRequired\":true,\"valueName\":\"search_term_string\"}}],\"inLanguage\":\"fr-FR\"},{\"@type\":\"Organization\",\"@id\":\"https:\\\/\\\/lasentinelle.dz\\\/#organization\",\"name\":\"Quotidien La Sentinelle\",\"url\":\"https:\\\/\\\/lasentinelle.dz\\\/\",\"logo\":{\"@type\":\"ImageObject\",\"inLanguage\":\"fr-FR\",\"@id\":\"https:\\\/\\\/lasentinelle.dz\\\/#\\\/schema\\\/logo\\\/image\\\/\",\"url\":\"https:\\\/\\\/lasentinelle.dz\\\/wp-content\\\/uploads\\\/2021\\\/09\\\/logo-sentinelleSLOGAN-1.png\",\"contentUrl\":\"https:\\\/\\\/lasentinelle.dz\\\/wp-content\\\/uploads\\\/2021\\\/09\\\/logo-sentinelleSLOGAN-1.png\",\"width\":615,\"height\":142,\"caption\":\"Quotidien La Sentinelle\"},\"image\":{\"@id\":\"https:\\\/\\\/lasentinelle.dz\\\/#\\\/schema\\\/logo\\\/image\\\/\"},\"sameAs\":[\"https:\\\/\\\/www.facebook.com\\\/La-Sentinelle-104059864394773\"]},{\"@type\":\"Person\",\"@id\":\"https:\\\/\\\/lasentinelle.dz\\\/#\\\/schema\\\/person\\\/729ee0024f24e0b8c5ec17232f8e8b41\",\"name\":\"admin\",\"image\":{\"@type\":\"ImageObject\",\"inLanguage\":\"fr-FR\",\"@id\":\"https:\\\/\\\/secure.gravatar.com\\\/avatar\\\/4c81fed838786e9b53f540bf46533e750f5d292099ae3b66cfc6fb1982e29df7?s=96&d=mm&r=g\",\"url\":\"https:\\\/\\\/secure.gravatar.com\\\/avatar\\\/4c81fed838786e9b53f540bf46533e750f5d292099ae3b66cfc6fb1982e29df7?s=96&d=mm&r=g\",\"contentUrl\":\"https:\\\/\\\/secure.gravatar.com\\\/avatar\\\/4c81fed838786e9b53f540bf46533e750f5d292099ae3b66cfc6fb1982e29df7?s=96&d=mm&r=g\",\"caption\":\"admin\"},\"description\":\"admin\",\"url\":\"https:\\\/\\\/lasentinelle.dz\\\/author\\\/admin\\\/\"}]}<\/script>\n<!-- \/ Yoast SEO plugin. -->","yoast_head_json":{"title":"Parlement\u00a0: L&rsquo;unit\u00e9 nationale, rempart inexpugnable face aux conspirations\u00a0 - La Sentinelle","robots":{"index":"index","follow":"follow","max-snippet":"max-snippet:-1","max-image-preview":"max-image-preview:large","max-video-preview":"max-video-preview:-1"},"canonical":"https:\/\/lasentinelle.dz\/index.php\/2025\/12\/15\/parlement-lunite-nationale-rempart-inexpugnable-face-aux-conspirations\/","og_locale":"fr_FR","og_type":"article","og_title":"Parlement\u00a0: L&rsquo;unit\u00e9 nationale, rempart inexpugnable face aux conspirations\u00a0 - La Sentinelle","og_description":"Les pr\u00e9sidents de l&rsquo;Assembl\u00e9e populaire nationale et du Conseil de la nation ont r\u00e9affirm\u00e9 dimanche \u00e0 Alger que l&rsquo;unit\u00e9 du","og_url":"https:\/\/lasentinelle.dz\/index.php\/2025\/12\/15\/parlement-lunite-nationale-rempart-inexpugnable-face-aux-conspirations\/","og_site_name":"La Sentinelle","article_publisher":"https:\/\/www.facebook.com\/La-Sentinelle-104059864394773","article_published_time":"2025-12-15T12:50:30+00:00","article_modified_time":"2025-12-15T12:50:31+00:00","og_image":[{"width":1200,"height":900,"url":"https:\/\/lasentinelle.dz\/wp-content\/uploads\/2023\/03\/brahim-boughali-11-10-2022.png","type":"image\/png"}],"author":"admin","twitter_card":"summary_large_image","twitter_misc":{"\u00c9crit par":"admin","Dur\u00e9e de lecture estim\u00e9e":"5 minutes"},"schema":{"@context":"https:\/\/schema.org","@graph":[{"@type":"Article","@id":"https:\/\/lasentinelle.dz\/index.php\/2025\/12\/15\/parlement-lunite-nationale-rempart-inexpugnable-face-aux-conspirations\/#article","isPartOf":{"@id":"https:\/\/lasentinelle.dz\/index.php\/2025\/12\/15\/parlement-lunite-nationale-rempart-inexpugnable-face-aux-conspirations\/"},"author":{"name":"admin","@id":"https:\/\/lasentinelle.dz\/#\/schema\/person\/729ee0024f24e0b8c5ec17232f8e8b41"},"headline":"Parlement\u00a0: L&rsquo;unit\u00e9 nationale, rempart inexpugnable face aux conspirations\u00a0","datePublished":"2025-12-15T12:50:30+00:00","dateModified":"2025-12-15T12:50:31+00:00","mainEntityOfPage":{"@id":"https:\/\/lasentinelle.dz\/index.php\/2025\/12\/15\/parlement-lunite-nationale-rempart-inexpugnable-face-aux-conspirations\/"},"wordCount":979,"commentCount":0,"publisher":{"@id":"https:\/\/lasentinelle.dz\/#organization"},"image":{"@id":"https:\/\/lasentinelle.dz\/index.php\/2025\/12\/15\/parlement-lunite-nationale-rempart-inexpugnable-face-aux-conspirations\/#primaryimage"},"thumbnailUrl":"https:\/\/lasentinelle.dz\/wp-content\/uploads\/2023\/03\/brahim-boughali-11-10-2022.png","articleSection":["Actualit\u00e9"],"inLanguage":"fr-FR","potentialAction":[{"@type":"CommentAction","name":"Comment","target":["https:\/\/lasentinelle.dz\/index.php\/2025\/12\/15\/parlement-lunite-nationale-rempart-inexpugnable-face-aux-conspirations\/#respond"]}]},{"@type":"WebPage","@id":"https:\/\/lasentinelle.dz\/index.php\/2025\/12\/15\/parlement-lunite-nationale-rempart-inexpugnable-face-aux-conspirations\/","url":"https:\/\/lasentinelle.dz\/index.php\/2025\/12\/15\/parlement-lunite-nationale-rempart-inexpugnable-face-aux-conspirations\/","name":"Parlement\u00a0: L&rsquo;unit\u00e9 nationale, rempart inexpugnable face aux conspirations\u00a0 - La Sentinelle","isPartOf":{"@id":"https:\/\/lasentinelle.dz\/#website"},"primaryImageOfPage":{"@id":"https:\/\/lasentinelle.dz\/index.php\/2025\/12\/15\/parlement-lunite-nationale-rempart-inexpugnable-face-aux-conspirations\/#primaryimage"},"image":{"@id":"https:\/\/lasentinelle.dz\/index.php\/2025\/12\/15\/parlement-lunite-nationale-rempart-inexpugnable-face-aux-conspirations\/#primaryimage"},"thumbnailUrl":"https:\/\/lasentinelle.dz\/wp-content\/uploads\/2023\/03\/brahim-boughali-11-10-2022.png","datePublished":"2025-12-15T12:50:30+00:00","dateModified":"2025-12-15T12:50:31+00:00","breadcrumb":{"@id":"https:\/\/lasentinelle.dz\/index.php\/2025\/12\/15\/parlement-lunite-nationale-rempart-inexpugnable-face-aux-conspirations\/#breadcrumb"},"inLanguage":"fr-FR","potentialAction":[{"@type":"ReadAction","target":["https:\/\/lasentinelle.dz\/index.php\/2025\/12\/15\/parlement-lunite-nationale-rempart-inexpugnable-face-aux-conspirations\/"]}]},{"@type":"ImageObject","inLanguage":"fr-FR","@id":"https:\/\/lasentinelle.dz\/index.php\/2025\/12\/15\/parlement-lunite-nationale-rempart-inexpugnable-face-aux-conspirations\/#primaryimage","url":"https:\/\/lasentinelle.dz\/wp-content\/uploads\/2023\/03\/brahim-boughali-11-10-2022.png","contentUrl":"https:\/\/lasentinelle.dz\/wp-content\/uploads\/2023\/03\/brahim-boughali-11-10-2022.png","width":1200,"height":900},{"@type":"BreadcrumbList","@id":"https:\/\/lasentinelle.dz\/index.php\/2025\/12\/15\/parlement-lunite-nationale-rempart-inexpugnable-face-aux-conspirations\/#breadcrumb","itemListElement":[{"@type":"ListItem","position":1,"name":"Accueil","item":"https:\/\/lasentinelle.dz\/"},{"@type":"ListItem","position":2,"name":"Parlement\u00a0: L&rsquo;unit\u00e9 nationale, rempart inexpugnable face aux conspirations\u00a0"}]},{"@type":"WebSite","@id":"https:\/\/lasentinelle.dz\/#website","url":"https:\/\/lasentinelle.dz\/","name":"La Sentinelle","description":"Quotidien national d&#039;information","publisher":{"@id":"https:\/\/lasentinelle.dz\/#organization"},"potentialAction":[{"@type":"SearchAction","target":{"@type":"EntryPoint","urlTemplate":"https:\/\/lasentinelle.dz\/?s={search_term_string}"},"query-input":{"@type":"PropertyValueSpecification","valueRequired":true,"valueName":"search_term_string"}}],"inLanguage":"fr-FR"},{"@type":"Organization","@id":"https:\/\/lasentinelle.dz\/#organization","name":"Quotidien La Sentinelle","url":"https:\/\/lasentinelle.dz\/","logo":{"@type":"ImageObject","inLanguage":"fr-FR","@id":"https:\/\/lasentinelle.dz\/#\/schema\/logo\/image\/","url":"https:\/\/lasentinelle.dz\/wp-content\/uploads\/2021\/09\/logo-sentinelleSLOGAN-1.png","contentUrl":"https:\/\/lasentinelle.dz\/wp-content\/uploads\/2021\/09\/logo-sentinelleSLOGAN-1.png","width":615,"height":142,"caption":"Quotidien La Sentinelle"},"image":{"@id":"https:\/\/lasentinelle.dz\/#\/schema\/logo\/image\/"},"sameAs":["https:\/\/www.facebook.com\/La-Sentinelle-104059864394773"]},{"@type":"Person","@id":"https:\/\/lasentinelle.dz\/#\/schema\/person\/729ee0024f24e0b8c5ec17232f8e8b41","name":"admin","image":{"@type":"ImageObject","inLanguage":"fr-FR","@id":"https:\/\/secure.gravatar.com\/avatar\/4c81fed838786e9b53f540bf46533e750f5d292099ae3b66cfc6fb1982e29df7?s=96&d=mm&r=g","url":"https:\/\/secure.gravatar.com\/avatar\/4c81fed838786e9b53f540bf46533e750f5d292099ae3b66cfc6fb1982e29df7?s=96&d=mm&r=g","contentUrl":"https:\/\/secure.gravatar.com\/avatar\/4c81fed838786e9b53f540bf46533e750f5d292099ae3b66cfc6fb1982e29df7?s=96&d=mm&r=g","caption":"admin"},"description":"admin","url":"https:\/\/lasentinelle.dz\/author\/admin\/"}]}},"_links":{"self":[{"href":"https:\/\/lasentinelle.dz\/index.php\/wp-json\/wp\/v2\/posts\/77796","targetHints":{"allow":["GET"]}}],"collection":[{"href":"https:\/\/lasentinelle.dz\/index.php\/wp-json\/wp\/v2\/posts"}],"about":[{"href":"https:\/\/lasentinelle.dz\/index.php\/wp-json\/wp\/v2\/types\/post"}],"author":[{"embeddable":true,"href":"https:\/\/lasentinelle.dz\/index.php\/wp-json\/wp\/v2\/users\/6"}],"replies":[{"embeddable":true,"href":"https:\/\/lasentinelle.dz\/index.php\/wp-json\/wp\/v2\/comments?post=77796"}],"version-history":[{"count":2,"href":"https:\/\/lasentinelle.dz\/index.php\/wp-json\/wp\/v2\/posts\/77796\/revisions"}],"predecessor-version":[{"id":77798,"href":"https:\/\/lasentinelle.dz\/index.php\/wp-json\/wp\/v2\/posts\/77796\/revisions\/77798"}],"wp:featuredmedia":[{"embeddable":true,"href":"https:\/\/lasentinelle.dz\/index.php\/wp-json\/wp\/v2\/media\/37551"}],"wp:attachment":[{"href":"https:\/\/lasentinelle.dz\/index.php\/wp-json\/wp\/v2\/media?parent=77796"}],"wp:term":[{"taxonomy":"category","embeddable":true,"href":"https:\/\/lasentinelle.dz\/index.php\/wp-json\/wp\/v2\/categories?post=77796"},{"taxonomy":"post_tag","embeddable":true,"href":"https:\/\/lasentinelle.dz\/index.php\/wp-json\/wp\/v2\/tags?post=77796"}],"curies":[{"name":"wp","href":"https:\/\/api.w.org\/{rel}","templated":true}]}}