{"id":77799,"date":"2025-12-15T13:51:12","date_gmt":"2025-12-15T12:51:12","guid":{"rendered":"https:\/\/lasentinelle.dz\/?p=77799"},"modified":"2025-12-15T13:51:14","modified_gmt":"2025-12-15T12:51:14","slug":"decheance-de-nationalite-pour-les-traitres-les-debats-souvrent-samedi-a-lapn","status":"publish","type":"post","link":"https:\/\/lasentinelle.dz\/index.php\/2025\/12\/15\/decheance-de-nationalite-pour-les-traitres-les-debats-souvrent-samedi-a-lapn\/","title":{"rendered":"D\u00e9ch\u00e9ance de nationalit\u00e9 pour les tra\u00eetres\u00a0: Les d\u00e9bats s&rsquo;ouvrent samedi \u00e0 l&rsquo;APN"},"content":{"rendered":"\n<p>L&rsquo;Assembl\u00e9e populaire nationale examinera samedi prochain une proposition de loi visant \u00e0 d\u00e9choir de leur nationalit\u00e9 les citoyens convaincus d&rsquo;actes de trahison ou d&rsquo;atteinte grave aux int\u00e9r\u00eats de l&rsquo;\u00c9tat. Le texte sera d\u00e9battu en s\u00e9ance pl\u00e9ni\u00e8re aux c\u00f4t\u00e9s d&rsquo;une autre proposition criminalisant la colonisation fran\u00e7aise en Alg\u00e9rie.&nbsp;<\/p>\n\n\n\n<p>Selon le communiqu\u00e9 de l&rsquo;Assembl\u00e9e populaire nationale publi\u00e9 ce dimanche, le pr\u00e9sident de la chambre basse du Parlement,&nbsp;&nbsp;Brahim Boughali, a pr\u00e9sid\u00e9 une r\u00e9union du bureau au cours de laquelle a \u00e9t\u00e9 arr\u00eat\u00e9 le programme des travaux pour la p\u00e9riode allant du 15 au 24 d\u00e9cembre. Le texte pr\u00e9cise qu&rsquo;apr\u00e8s la s\u00e9ance bimensuelle des questions orales pr\u00e9vue le jeudi 18 d\u00e9cembre, \u00ab\u00a0l\u2019Assembl\u00e9e populaire nationale consacrera une s\u00e9ance pl\u00e9ni\u00e8re le samedi 20 d\u00e9cembre 2025 \u00e0 la discussion de la proposition de loi modifiant et compl\u00e9tant l&rsquo;ordonnance num\u00e9ro 70-86 du 15 d\u00e9cembre 1970 portant code de la nationalit\u00e9 alg\u00e9rienne\u00a0\u00bb. Cette proposition, port\u00e9e par le d\u00e9put\u00e9 Hicham Sifer du Rassemblement national d\u00e9mocratique, vise \u00e0 permettre la d\u00e9ch\u00e9ance de nationalit\u00e9, qu&rsquo;elle soit acquise ou d&rsquo;origine, pour tout citoyen commettant \u00e0 l&rsquo;\u00e9tranger des actes susceptibles de porter gravement atteinte aux int\u00e9r\u00eats de l&rsquo;\u00c9tat ou \u00e0 l&rsquo;unit\u00e9 nationale.<\/p>\n\n\n\n<p>Le projet cible particuli\u00e8rement les ressortissants alg\u00e9riens qui font preuve de loyaut\u00e9 envers un autre pays tout en persistant \u00e0 renoncer \u00e0 leur loyaut\u00e9 \u00e0 l&rsquo;\u00c9tat alg\u00e9rien, ainsi que ceux qui fournissent des services \u00e0 un autre pays avec l&rsquo;intention de nuire aux int\u00e9r\u00eats de l&rsquo;Alg\u00e9rie. La mesure vise \u00e9galement quiconque travaille pour des forces militaires ou de s\u00e9curit\u00e9 \u00e9trang\u00e8res et continue \u00e0 leur fournir une assistance malgr\u00e9 un avertissement du gouvernement alg\u00e9rien. Les auteurs de la proposition incluent dans leur vis\u00e9e les ressortissants alg\u00e9riens qui traitent avec un \u00c9tat ou une entit\u00e9 hostile, ou qui sont actifs au sein d&rsquo;un groupe ou d&rsquo;une organisation terroriste ou subversive, quelle que soit sa forme ou son nom, ou qui les financent et les promeuvent d&rsquo;une mani\u00e8re qui porte atteinte aux int\u00e9r\u00eats de l&rsquo;\u00c9tat. La proposition \u00e9voque aussi la d\u00e9ch\u00e9ance de la nationalit\u00e9 acquise quand les faits sont commis sur le territoire alg\u00e9rien.<\/p>\n\n\n\n<p>Dans une d\u00e9claration au m\u00e9dia arabophone Al Djaza\u00efr en octobre dernier, le d\u00e9put\u00e9 Hichem Sifer avait expliqu\u00e9 que l&rsquo;initiative n&rsquo;\u00e9tait pas en porte-\u00e0-faux avec les dispositions de la Constitution, notamment son article 36, soutenant qu&rsquo;elle \u00e9tait conforme aux m\u00e9canismes internationaux qui permettent aux pays de r\u00e9voquer la citoyennet\u00e9 de ceux dont il est prouv\u00e9 qu&rsquo;ils sont impliqu\u00e9s dans des actes qui menacent leur s\u00e9curit\u00e9 ou manquent de loyaut\u00e9 envers eux.<\/p>\n\n\n\n<p><strong>Criminalisation de la colonisation fran\u00e7aise&nbsp;<\/strong><\/p>\n\n\n\n<p>Le lendemain, dimanche 21 d\u00e9cembre, les travaux parlementaires se poursuivront avec un autre texte. Selon le communiqu\u00e9 de l&rsquo;APN, une s\u00e9ance pl\u00e9ni\u00e8re sera programm\u00e9e \u00ab\u00a0pour discuter de la proposition de loi portant criminalisation de la colonisation fran\u00e7aise en Alg\u00e9rie, comprenant la pr\u00e9sentation de la proposition et du rapport pr\u00e9liminaire, ainsi que les interventions des pr\u00e9sidents des groupes parlementaires\u00a0\u00bb. La s\u00e9ance permettra aux diff\u00e9rents groupes parlementaires de pr\u00e9senter leurs positions sur ce texte qui vise \u00e0 donner un cadre juridique \u00e0 la qualification de crime contre l&rsquo;humanit\u00e9 attribu\u00e9e par l&rsquo;Alg\u00e9rie \u00e0 la colonisation fran\u00e7aise. Rappelons dans ce contexte, qu\u2019une commission ad-hoc a \u00e9t\u00e9 install\u00e9e au mois de mars dernier au niveau de l\u2019Assembl\u00e9e pour la r\u00e9daction de ce texte.<\/p>\n\n\n\n<p>Le programme parlementaire s&rsquo;ach\u00e8vera le mercredi 24 d\u00e9cembre par une s\u00e9ance pl\u00e9ni\u00e8re consacr\u00e9e au vote sur plusieurs textes de loi. Outre les deux propositions relatives \u00e0 la nationalit\u00e9 alg\u00e9rienne et \u00e0 la criminalisation de la colonisation, les d\u00e9put\u00e9s voteront \u00e9galement sur le projet de loi organique portant statut de la magistrature, le projet de loi fixant les r\u00e8gles g\u00e9n\u00e9rales relatives aux services de confiance pour les transactions \u00e9lectroniques et \u00e0 l&rsquo;identification \u00e9lectronique, ainsi que le projet de loi portant code de la route qui sera d\u00e9battu d\u00e8s ce lundi.&nbsp;Hocine Fadheli<\/p>\n","protected":false},"excerpt":{"rendered":"<p>L&rsquo;Assembl\u00e9e populaire nationale examinera samedi prochain une proposition de loi visant \u00e0 d\u00e9choir de leur nationalit\u00e9 les citoyens convaincus d&rsquo;actes<\/p>\n","protected":false},"author":6,"featured_media":77800,"comment_status":"open","ping_status":"closed","sticky":false,"template":"","format":"standard","meta":{"colormag_page_container_layout":"default_layout","colormag_page_sidebar_layout":"default_layout","om_disable_all_campaigns":false,"_monsterinsights_skip_tracking":false,"_monsterinsights_sitenote_active":false,"_monsterinsights_sitenote_note":"","_monsterinsights_sitenote_category":0,"footnotes":"","_wpscppro_dont_share_socialmedia":false,"_wpscppro_custom_social_share_image":0,"_facebook_share_type":"default","_twitter_share_type":"default","_linkedin_share_type":"default","_pinterest_share_type":"default","_linkedin_share_type_page":"","_instagram_share_type":"default","_medium_share_type":"default","_threads_share_type":"default","_google_business_share_type":"default","_selected_social_profile":[],"_wpsp_enable_custom_social_template":false,"_wpsp_social_scheduling":{"enabled":false,"datetime":null,"platforms":[],"status":"template_only","dateOption":"today","timeOption":"now","customDays":"","customHours":"","customDate":"","customTime":"","schedulingType":"absolute"},"_wpsp_active_default_template":true},"categories":[27],"tags":[],"class_list":["post-77799","post","type-post","status-publish","format-standard","has-post-thumbnail","hentry","category-actualite"],"aioseo_notices":[],"yoast_head":"<!-- This site is optimized with the Yoast SEO plugin v27.5 - https:\/\/yoast.com\/product\/yoast-seo-wordpress\/ -->\n<title>D\u00e9ch\u00e9ance de nationalit\u00e9 pour les tra\u00eetres\u00a0: Les d\u00e9bats s&rsquo;ouvrent samedi \u00e0 l&rsquo;APN - La Sentinelle<\/title>\n<meta name=\"robots\" content=\"index, follow, max-snippet:-1, max-image-preview:large, max-video-preview:-1\" \/>\n<link rel=\"canonical\" href=\"https:\/\/lasentinelle.dz\/index.php\/2025\/12\/15\/decheance-de-nationalite-pour-les-traitres-les-debats-souvrent-samedi-a-lapn\/\" \/>\n<meta property=\"og:locale\" content=\"fr_FR\" \/>\n<meta property=\"og:type\" content=\"article\" \/>\n<meta property=\"og:title\" content=\"D\u00e9ch\u00e9ance de nationalit\u00e9 pour les tra\u00eetres\u00a0: Les d\u00e9bats s&rsquo;ouvrent samedi \u00e0 l&rsquo;APN - La Sentinelle\" \/>\n<meta property=\"og:description\" content=\"L&rsquo;Assembl\u00e9e populaire nationale examinera samedi prochain une proposition de loi visant \u00e0 d\u00e9choir de leur nationalit\u00e9 les citoyens convaincus d&rsquo;actes\" \/>\n<meta property=\"og:url\" content=\"https:\/\/lasentinelle.dz\/index.php\/2025\/12\/15\/decheance-de-nationalite-pour-les-traitres-les-debats-souvrent-samedi-a-lapn\/\" \/>\n<meta property=\"og:site_name\" content=\"La Sentinelle\" \/>\n<meta property=\"article:publisher\" content=\"https:\/\/www.facebook.com\/La-Sentinelle-104059864394773\" \/>\n<meta property=\"article:published_time\" content=\"2025-12-15T12:51:12+00:00\" \/>\n<meta property=\"article:modified_time\" content=\"2025-12-15T12:51:14+00:00\" \/>\n<meta property=\"og:image\" content=\"https:\/\/lasentinelle.dz\/wp-content\/uploads\/2025\/12\/APN.webp\" \/>\n\t<meta property=\"og:image:width\" content=\"900\" \/>\n\t<meta property=\"og:image:height\" content=\"675\" \/>\n\t<meta property=\"og:image:type\" content=\"image\/webp\" \/>\n<meta name=\"author\" content=\"admin\" \/>\n<meta name=\"twitter:card\" content=\"summary_large_image\" \/>\n<meta name=\"twitter:label1\" content=\"\u00c9crit par\" \/>\n\t<meta name=\"twitter:data1\" content=\"admin\" \/>\n\t<meta name=\"twitter:label2\" content=\"Dur\u00e9e de lecture estim\u00e9e\" \/>\n\t<meta name=\"twitter:data2\" content=\"4 minutes\" \/>\n<script type=\"application\/ld+json\" class=\"yoast-schema-graph\">{\"@context\":\"https:\\\/\\\/schema.org\",\"@graph\":[{\"@type\":\"Article\",\"@id\":\"https:\\\/\\\/lasentinelle.dz\\\/index.php\\\/2025\\\/12\\\/15\\\/decheance-de-nationalite-pour-les-traitres-les-debats-souvrent-samedi-a-lapn\\\/#article\",\"isPartOf\":{\"@id\":\"https:\\\/\\\/lasentinelle.dz\\\/index.php\\\/2025\\\/12\\\/15\\\/decheance-de-nationalite-pour-les-traitres-les-debats-souvrent-samedi-a-lapn\\\/\"},\"author\":{\"name\":\"admin\",\"@id\":\"https:\\\/\\\/lasentinelle.dz\\\/#\\\/schema\\\/person\\\/729ee0024f24e0b8c5ec17232f8e8b41\"},\"headline\":\"D\u00e9ch\u00e9ance de nationalit\u00e9 pour les tra\u00eetres\u00a0: Les d\u00e9bats s&rsquo;ouvrent samedi \u00e0 l&rsquo;APN\",\"datePublished\":\"2025-12-15T12:51:12+00:00\",\"dateModified\":\"2025-12-15T12:51:14+00:00\",\"mainEntityOfPage\":{\"@id\":\"https:\\\/\\\/lasentinelle.dz\\\/index.php\\\/2025\\\/12\\\/15\\\/decheance-de-nationalite-pour-les-traitres-les-debats-souvrent-samedi-a-lapn\\\/\"},\"wordCount\":754,\"commentCount\":0,\"publisher\":{\"@id\":\"https:\\\/\\\/lasentinelle.dz\\\/#organization\"},\"image\":{\"@id\":\"https:\\\/\\\/lasentinelle.dz\\\/index.php\\\/2025\\\/12\\\/15\\\/decheance-de-nationalite-pour-les-traitres-les-debats-souvrent-samedi-a-lapn\\\/#primaryimage\"},\"thumbnailUrl\":\"https:\\\/\\\/lasentinelle.dz\\\/wp-content\\\/uploads\\\/2025\\\/12\\\/APN.webp\",\"articleSection\":[\"Actualit\u00e9\"],\"inLanguage\":\"fr-FR\",\"potentialAction\":[{\"@type\":\"CommentAction\",\"name\":\"Comment\",\"target\":[\"https:\\\/\\\/lasentinelle.dz\\\/index.php\\\/2025\\\/12\\\/15\\\/decheance-de-nationalite-pour-les-traitres-les-debats-souvrent-samedi-a-lapn\\\/#respond\"]}]},{\"@type\":\"WebPage\",\"@id\":\"https:\\\/\\\/lasentinelle.dz\\\/index.php\\\/2025\\\/12\\\/15\\\/decheance-de-nationalite-pour-les-traitres-les-debats-souvrent-samedi-a-lapn\\\/\",\"url\":\"https:\\\/\\\/lasentinelle.dz\\\/index.php\\\/2025\\\/12\\\/15\\\/decheance-de-nationalite-pour-les-traitres-les-debats-souvrent-samedi-a-lapn\\\/\",\"name\":\"D\u00e9ch\u00e9ance de nationalit\u00e9 pour les tra\u00eetres\u00a0: Les d\u00e9bats s&rsquo;ouvrent samedi \u00e0 l&rsquo;APN - La Sentinelle\",\"isPartOf\":{\"@id\":\"https:\\\/\\\/lasentinelle.dz\\\/#website\"},\"primaryImageOfPage\":{\"@id\":\"https:\\\/\\\/lasentinelle.dz\\\/index.php\\\/2025\\\/12\\\/15\\\/decheance-de-nationalite-pour-les-traitres-les-debats-souvrent-samedi-a-lapn\\\/#primaryimage\"},\"image\":{\"@id\":\"https:\\\/\\\/lasentinelle.dz\\\/index.php\\\/2025\\\/12\\\/15\\\/decheance-de-nationalite-pour-les-traitres-les-debats-souvrent-samedi-a-lapn\\\/#primaryimage\"},\"thumbnailUrl\":\"https:\\\/\\\/lasentinelle.dz\\\/wp-content\\\/uploads\\\/2025\\\/12\\\/APN.webp\",\"datePublished\":\"2025-12-15T12:51:12+00:00\",\"dateModified\":\"2025-12-15T12:51:14+00:00\",\"breadcrumb\":{\"@id\":\"https:\\\/\\\/lasentinelle.dz\\\/index.php\\\/2025\\\/12\\\/15\\\/decheance-de-nationalite-pour-les-traitres-les-debats-souvrent-samedi-a-lapn\\\/#breadcrumb\"},\"inLanguage\":\"fr-FR\",\"potentialAction\":[{\"@type\":\"ReadAction\",\"target\":[\"https:\\\/\\\/lasentinelle.dz\\\/index.php\\\/2025\\\/12\\\/15\\\/decheance-de-nationalite-pour-les-traitres-les-debats-souvrent-samedi-a-lapn\\\/\"]}]},{\"@type\":\"ImageObject\",\"inLanguage\":\"fr-FR\",\"@id\":\"https:\\\/\\\/lasentinelle.dz\\\/index.php\\\/2025\\\/12\\\/15\\\/decheance-de-nationalite-pour-les-traitres-les-debats-souvrent-samedi-a-lapn\\\/#primaryimage\",\"url\":\"https:\\\/\\\/lasentinelle.dz\\\/wp-content\\\/uploads\\\/2025\\\/12\\\/APN.webp\",\"contentUrl\":\"https:\\\/\\\/lasentinelle.dz\\\/wp-content\\\/uploads\\\/2025\\\/12\\\/APN.webp\",\"width\":900,\"height\":675},{\"@type\":\"BreadcrumbList\",\"@id\":\"https:\\\/\\\/lasentinelle.dz\\\/index.php\\\/2025\\\/12\\\/15\\\/decheance-de-nationalite-pour-les-traitres-les-debats-souvrent-samedi-a-lapn\\\/#breadcrumb\",\"itemListElement\":[{\"@type\":\"ListItem\",\"position\":1,\"name\":\"Accueil\",\"item\":\"https:\\\/\\\/lasentinelle.dz\\\/\"},{\"@type\":\"ListItem\",\"position\":2,\"name\":\"D\u00e9ch\u00e9ance de nationalit\u00e9 pour les tra\u00eetres\u00a0: Les d\u00e9bats s&rsquo;ouvrent samedi \u00e0 l&rsquo;APN\"}]},{\"@type\":\"WebSite\",\"@id\":\"https:\\\/\\\/lasentinelle.dz\\\/#website\",\"url\":\"https:\\\/\\\/lasentinelle.dz\\\/\",\"name\":\"La Sentinelle\",\"description\":\"Quotidien national d&#039;information\",\"publisher\":{\"@id\":\"https:\\\/\\\/lasentinelle.dz\\\/#organization\"},\"potentialAction\":[{\"@type\":\"SearchAction\",\"target\":{\"@type\":\"EntryPoint\",\"urlTemplate\":\"https:\\\/\\\/lasentinelle.dz\\\/?s={search_term_string}\"},\"query-input\":{\"@type\":\"PropertyValueSpecification\",\"valueRequired\":true,\"valueName\":\"search_term_string\"}}],\"inLanguage\":\"fr-FR\"},{\"@type\":\"Organization\",\"@id\":\"https:\\\/\\\/lasentinelle.dz\\\/#organization\",\"name\":\"Quotidien La Sentinelle\",\"url\":\"https:\\\/\\\/lasentinelle.dz\\\/\",\"logo\":{\"@type\":\"ImageObject\",\"inLanguage\":\"fr-FR\",\"@id\":\"https:\\\/\\\/lasentinelle.dz\\\/#\\\/schema\\\/logo\\\/image\\\/\",\"url\":\"https:\\\/\\\/lasentinelle.dz\\\/wp-content\\\/uploads\\\/2021\\\/09\\\/logo-sentinelleSLOGAN-1.png\",\"contentUrl\":\"https:\\\/\\\/lasentinelle.dz\\\/wp-content\\\/uploads\\\/2021\\\/09\\\/logo-sentinelleSLOGAN-1.png\",\"width\":615,\"height\":142,\"caption\":\"Quotidien La Sentinelle\"},\"image\":{\"@id\":\"https:\\\/\\\/lasentinelle.dz\\\/#\\\/schema\\\/logo\\\/image\\\/\"},\"sameAs\":[\"https:\\\/\\\/www.facebook.com\\\/La-Sentinelle-104059864394773\"]},{\"@type\":\"Person\",\"@id\":\"https:\\\/\\\/lasentinelle.dz\\\/#\\\/schema\\\/person\\\/729ee0024f24e0b8c5ec17232f8e8b41\",\"name\":\"admin\",\"image\":{\"@type\":\"ImageObject\",\"inLanguage\":\"fr-FR\",\"@id\":\"https:\\\/\\\/secure.gravatar.com\\\/avatar\\\/4c81fed838786e9b53f540bf46533e750f5d292099ae3b66cfc6fb1982e29df7?s=96&d=mm&r=g\",\"url\":\"https:\\\/\\\/secure.gravatar.com\\\/avatar\\\/4c81fed838786e9b53f540bf46533e750f5d292099ae3b66cfc6fb1982e29df7?s=96&d=mm&r=g\",\"contentUrl\":\"https:\\\/\\\/secure.gravatar.com\\\/avatar\\\/4c81fed838786e9b53f540bf46533e750f5d292099ae3b66cfc6fb1982e29df7?s=96&d=mm&r=g\",\"caption\":\"admin\"},\"description\":\"admin\",\"url\":\"https:\\\/\\\/lasentinelle.dz\\\/author\\\/admin\\\/\"}]}<\/script>\n<!-- \/ Yoast SEO plugin. -->","yoast_head_json":{"title":"D\u00e9ch\u00e9ance de nationalit\u00e9 pour les tra\u00eetres\u00a0: Les d\u00e9bats s&rsquo;ouvrent samedi \u00e0 l&rsquo;APN - La Sentinelle","robots":{"index":"index","follow":"follow","max-snippet":"max-snippet:-1","max-image-preview":"max-image-preview:large","max-video-preview":"max-video-preview:-1"},"canonical":"https:\/\/lasentinelle.dz\/index.php\/2025\/12\/15\/decheance-de-nationalite-pour-les-traitres-les-debats-souvrent-samedi-a-lapn\/","og_locale":"fr_FR","og_type":"article","og_title":"D\u00e9ch\u00e9ance de nationalit\u00e9 pour les tra\u00eetres\u00a0: Les d\u00e9bats s&rsquo;ouvrent samedi \u00e0 l&rsquo;APN - La Sentinelle","og_description":"L&rsquo;Assembl\u00e9e populaire nationale examinera samedi prochain une proposition de loi visant \u00e0 d\u00e9choir de leur nationalit\u00e9 les citoyens convaincus d&rsquo;actes","og_url":"https:\/\/lasentinelle.dz\/index.php\/2025\/12\/15\/decheance-de-nationalite-pour-les-traitres-les-debats-souvrent-samedi-a-lapn\/","og_site_name":"La Sentinelle","article_publisher":"https:\/\/www.facebook.com\/La-Sentinelle-104059864394773","article_published_time":"2025-12-15T12:51:12+00:00","article_modified_time":"2025-12-15T12:51:14+00:00","og_image":[{"width":900,"height":675,"url":"https:\/\/lasentinelle.dz\/wp-content\/uploads\/2025\/12\/APN.webp","type":"image\/webp"}],"author":"admin","twitter_card":"summary_large_image","twitter_misc":{"\u00c9crit par":"admin","Dur\u00e9e de lecture estim\u00e9e":"4 minutes"},"schema":{"@context":"https:\/\/schema.org","@graph":[{"@type":"Article","@id":"https:\/\/lasentinelle.dz\/index.php\/2025\/12\/15\/decheance-de-nationalite-pour-les-traitres-les-debats-souvrent-samedi-a-lapn\/#article","isPartOf":{"@id":"https:\/\/lasentinelle.dz\/index.php\/2025\/12\/15\/decheance-de-nationalite-pour-les-traitres-les-debats-souvrent-samedi-a-lapn\/"},"author":{"name":"admin","@id":"https:\/\/lasentinelle.dz\/#\/schema\/person\/729ee0024f24e0b8c5ec17232f8e8b41"},"headline":"D\u00e9ch\u00e9ance de nationalit\u00e9 pour les tra\u00eetres\u00a0: Les d\u00e9bats s&rsquo;ouvrent samedi \u00e0 l&rsquo;APN","datePublished":"2025-12-15T12:51:12+00:00","dateModified":"2025-12-15T12:51:14+00:00","mainEntityOfPage":{"@id":"https:\/\/lasentinelle.dz\/index.php\/2025\/12\/15\/decheance-de-nationalite-pour-les-traitres-les-debats-souvrent-samedi-a-lapn\/"},"wordCount":754,"commentCount":0,"publisher":{"@id":"https:\/\/lasentinelle.dz\/#organization"},"image":{"@id":"https:\/\/lasentinelle.dz\/index.php\/2025\/12\/15\/decheance-de-nationalite-pour-les-traitres-les-debats-souvrent-samedi-a-lapn\/#primaryimage"},"thumbnailUrl":"https:\/\/lasentinelle.dz\/wp-content\/uploads\/2025\/12\/APN.webp","articleSection":["Actualit\u00e9"],"inLanguage":"fr-FR","potentialAction":[{"@type":"CommentAction","name":"Comment","target":["https:\/\/lasentinelle.dz\/index.php\/2025\/12\/15\/decheance-de-nationalite-pour-les-traitres-les-debats-souvrent-samedi-a-lapn\/#respond"]}]},{"@type":"WebPage","@id":"https:\/\/lasentinelle.dz\/index.php\/2025\/12\/15\/decheance-de-nationalite-pour-les-traitres-les-debats-souvrent-samedi-a-lapn\/","url":"https:\/\/lasentinelle.dz\/index.php\/2025\/12\/15\/decheance-de-nationalite-pour-les-traitres-les-debats-souvrent-samedi-a-lapn\/","name":"D\u00e9ch\u00e9ance de nationalit\u00e9 pour les tra\u00eetres\u00a0: Les d\u00e9bats s&rsquo;ouvrent samedi \u00e0 l&rsquo;APN - La Sentinelle","isPartOf":{"@id":"https:\/\/lasentinelle.dz\/#website"},"primaryImageOfPage":{"@id":"https:\/\/lasentinelle.dz\/index.php\/2025\/12\/15\/decheance-de-nationalite-pour-les-traitres-les-debats-souvrent-samedi-a-lapn\/#primaryimage"},"image":{"@id":"https:\/\/lasentinelle.dz\/index.php\/2025\/12\/15\/decheance-de-nationalite-pour-les-traitres-les-debats-souvrent-samedi-a-lapn\/#primaryimage"},"thumbnailUrl":"https:\/\/lasentinelle.dz\/wp-content\/uploads\/2025\/12\/APN.webp","datePublished":"2025-12-15T12:51:12+00:00","dateModified":"2025-12-15T12:51:14+00:00","breadcrumb":{"@id":"https:\/\/lasentinelle.dz\/index.php\/2025\/12\/15\/decheance-de-nationalite-pour-les-traitres-les-debats-souvrent-samedi-a-lapn\/#breadcrumb"},"inLanguage":"fr-FR","potentialAction":[{"@type":"ReadAction","target":["https:\/\/lasentinelle.dz\/index.php\/2025\/12\/15\/decheance-de-nationalite-pour-les-traitres-les-debats-souvrent-samedi-a-lapn\/"]}]},{"@type":"ImageObject","inLanguage":"fr-FR","@id":"https:\/\/lasentinelle.dz\/index.php\/2025\/12\/15\/decheance-de-nationalite-pour-les-traitres-les-debats-souvrent-samedi-a-lapn\/#primaryimage","url":"https:\/\/lasentinelle.dz\/wp-content\/uploads\/2025\/12\/APN.webp","contentUrl":"https:\/\/lasentinelle.dz\/wp-content\/uploads\/2025\/12\/APN.webp","width":900,"height":675},{"@type":"BreadcrumbList","@id":"https:\/\/lasentinelle.dz\/index.php\/2025\/12\/15\/decheance-de-nationalite-pour-les-traitres-les-debats-souvrent-samedi-a-lapn\/#breadcrumb","itemListElement":[{"@type":"ListItem","position":1,"name":"Accueil","item":"https:\/\/lasentinelle.dz\/"},{"@type":"ListItem","position":2,"name":"D\u00e9ch\u00e9ance de nationalit\u00e9 pour les tra\u00eetres\u00a0: Les d\u00e9bats s&rsquo;ouvrent samedi \u00e0 l&rsquo;APN"}]},{"@type":"WebSite","@id":"https:\/\/lasentinelle.dz\/#website","url":"https:\/\/lasentinelle.dz\/","name":"La Sentinelle","description":"Quotidien national d&#039;information","publisher":{"@id":"https:\/\/lasentinelle.dz\/#organization"},"potentialAction":[{"@type":"SearchAction","target":{"@type":"EntryPoint","urlTemplate":"https:\/\/lasentinelle.dz\/?s={search_term_string}"},"query-input":{"@type":"PropertyValueSpecification","valueRequired":true,"valueName":"search_term_string"}}],"inLanguage":"fr-FR"},{"@type":"Organization","@id":"https:\/\/lasentinelle.dz\/#organization","name":"Quotidien La Sentinelle","url":"https:\/\/lasentinelle.dz\/","logo":{"@type":"ImageObject","inLanguage":"fr-FR","@id":"https:\/\/lasentinelle.dz\/#\/schema\/logo\/image\/","url":"https:\/\/lasentinelle.dz\/wp-content\/uploads\/2021\/09\/logo-sentinelleSLOGAN-1.png","contentUrl":"https:\/\/lasentinelle.dz\/wp-content\/uploads\/2021\/09\/logo-sentinelleSLOGAN-1.png","width":615,"height":142,"caption":"Quotidien La Sentinelle"},"image":{"@id":"https:\/\/lasentinelle.dz\/#\/schema\/logo\/image\/"},"sameAs":["https:\/\/www.facebook.com\/La-Sentinelle-104059864394773"]},{"@type":"Person","@id":"https:\/\/lasentinelle.dz\/#\/schema\/person\/729ee0024f24e0b8c5ec17232f8e8b41","name":"admin","image":{"@type":"ImageObject","inLanguage":"fr-FR","@id":"https:\/\/secure.gravatar.com\/avatar\/4c81fed838786e9b53f540bf46533e750f5d292099ae3b66cfc6fb1982e29df7?s=96&d=mm&r=g","url":"https:\/\/secure.gravatar.com\/avatar\/4c81fed838786e9b53f540bf46533e750f5d292099ae3b66cfc6fb1982e29df7?s=96&d=mm&r=g","contentUrl":"https:\/\/secure.gravatar.com\/avatar\/4c81fed838786e9b53f540bf46533e750f5d292099ae3b66cfc6fb1982e29df7?s=96&d=mm&r=g","caption":"admin"},"description":"admin","url":"https:\/\/lasentinelle.dz\/author\/admin\/"}]}},"_links":{"self":[{"href":"https:\/\/lasentinelle.dz\/index.php\/wp-json\/wp\/v2\/posts\/77799","targetHints":{"allow":["GET"]}}],"collection":[{"href":"https:\/\/lasentinelle.dz\/index.php\/wp-json\/wp\/v2\/posts"}],"about":[{"href":"https:\/\/lasentinelle.dz\/index.php\/wp-json\/wp\/v2\/types\/post"}],"author":[{"embeddable":true,"href":"https:\/\/lasentinelle.dz\/index.php\/wp-json\/wp\/v2\/users\/6"}],"replies":[{"embeddable":true,"href":"https:\/\/lasentinelle.dz\/index.php\/wp-json\/wp\/v2\/comments?post=77799"}],"version-history":[{"count":2,"href":"https:\/\/lasentinelle.dz\/index.php\/wp-json\/wp\/v2\/posts\/77799\/revisions"}],"predecessor-version":[{"id":77802,"href":"https:\/\/lasentinelle.dz\/index.php\/wp-json\/wp\/v2\/posts\/77799\/revisions\/77802"}],"wp:featuredmedia":[{"embeddable":true,"href":"https:\/\/lasentinelle.dz\/index.php\/wp-json\/wp\/v2\/media\/77800"}],"wp:attachment":[{"href":"https:\/\/lasentinelle.dz\/index.php\/wp-json\/wp\/v2\/media?parent=77799"}],"wp:term":[{"taxonomy":"category","embeddable":true,"href":"https:\/\/lasentinelle.dz\/index.php\/wp-json\/wp\/v2\/categories?post=77799"},{"taxonomy":"post_tag","embeddable":true,"href":"https:\/\/lasentinelle.dz\/index.php\/wp-json\/wp\/v2\/tags?post=77799"}],"curies":[{"name":"wp","href":"https:\/\/api.w.org\/{rel}","templated":true}]}}