{"id":77803,"date":"2025-12-15T13:53:07","date_gmt":"2025-12-15T12:53:07","guid":{"rendered":"https:\/\/lasentinelle.dz\/?p=77803"},"modified":"2025-12-15T13:53:08","modified_gmt":"2025-12-15T12:53:08","slug":"le-president-tebboune-signe-la-loi-de-finances-2026-un-arsenal-de-mesures-pour-soutenir-le-pouvoir-dachat-et-dynamiser-leconomie","status":"publish","type":"post","link":"https:\/\/lasentinelle.dz\/index.php\/2025\/12\/15\/le-president-tebboune-signe-la-loi-de-finances-2026-un-arsenal-de-mesures-pour-soutenir-le-pouvoir-dachat-et-dynamiser-leconomie\/","title":{"rendered":"Le pr\u00e9sident Tebboune signe la loi de Finances 2026\u00a0: Un arsenal de mesures pour soutenir le pouvoir d&rsquo;achat et dynamiser l&rsquo;\u00e9conomie"},"content":{"rendered":"\n<p>Le pr\u00e9sident de la R\u00e9publique, Abdelmadjid Tebboune, a sign\u00e9 dimanche la loi de Finances 2026 au si\u00e8ge de la Pr\u00e9sidence de la R\u00e9publique, en pr\u00e9sence des membres du gouvernement et de hauts responsables de l&rsquo;\u00c9tat. Cette c\u00e9r\u00e9monie, qui s&rsquo;est d\u00e9roul\u00e9e avant la r\u00e9union du Conseil des ministres, marque l&rsquo;entr\u00e9e en vigueur d\u00e8s le 1<sup>er<\/sup>&nbsp;janvier prochain d&rsquo;un texte ambitieux comportant une multitude de dispositions destin\u00e9es \u00e0 pr\u00e9server le pouvoir d&rsquo;achat des citoyens et \u00e0 insuffler un nouvel \u00e9lan \u00e0 l&rsquo;activit\u00e9 \u00e9conomique nationale.<\/p>\n\n\n\n<p>Le volet social de cette loi se distingue par la prolongation jusqu&rsquo;au 31 d\u00e9cembre 2026 des exon\u00e9rations fiscales et douani\u00e8res sur plusieurs produits de premi\u00e8re n\u00e9cessit\u00e9. L&rsquo;huile brute de soja, le caf\u00e9, les l\u00e9gumes secs ainsi que les viandes blanche et rouge continueront ainsi de b\u00e9n\u00e9ficier de ces avantages, garantissant la stabilit\u00e9 des prix sur le march\u00e9. Les importations de cheptels bovin et ovin destin\u00e9s \u00e0 l&rsquo;abattage, ainsi que les viandes fra\u00eeches r\u00e9frig\u00e9r\u00e9es, se verront appliquer un taux r\u00e9duit de droits de douane de 5%. Les fruits et l\u00e9gumes frais, les \u0153ufs, le poulet de chair et la dinde produits localement restent \u00e9galement exon\u00e9r\u00e9s de fiscalit\u00e9. Dans une d\u00e9marche visant \u00e0 encourager la production locale, les importateurs et transformateurs d&rsquo;huile de soja brute devront produire cette mati\u00e8re premi\u00e8re en Alg\u00e9rie ou s&rsquo;approvisionner sur le march\u00e9 national avant la fin de l&rsquo;ann\u00e9e 2026. Par ailleurs, une mesure sp\u00e9cifique autorise l&rsquo;importation de t\u00eates ovines vivantes destin\u00e9es \u00e0 l&rsquo;abattage \u00e0 l&rsquo;occasion de l&rsquo;Aid El Adha, du 15 avril au 30 juin 2026, avec une exemption totale de droits et taxes.<\/p>\n\n\n\n<p>Le secteur du logement occupe une place centrale dans cette loi de finances. Le Tr\u00e9sor public prendra en charge les int\u00e9r\u00eats et bonifiera \u00e0 hauteur de 5%&nbsp;&nbsp;les pr\u00eats bancaires accord\u00e9s dans le cadre du programme location-vente, qui pr\u00e9voit la r\u00e9alisation de 300.000 logements en 2026. Ce programme s&rsquo;inscrit dans l&rsquo;engagement gouvernemental de construire deux millions de logements entre 2025 et 2030. Les occupants de logements publics locatifs souhaitant acqu\u00e9rir leur bien disposent d\u00e9sormais d&rsquo;un d\u00e9lai prolong\u00e9 jusqu&rsquo;au 31 d\u00e9cembre 2026 pour d\u00e9poser leur demande d&rsquo;achat. Pour am\u00e9liorer les conditions de transport, la loi autorise l&rsquo;importation de 10.000 bus neufs destin\u00e9s au transport de personnes, en \u00e9tat final ou non mont\u00e9s, avec une exon\u00e9ration totale de droits et taxes. Cette mesure r\u00e9pond aux besoins urgents de renouvellement du parc de v\u00e9hicules des transporteurs. Dans une perspective de transition \u00e9nerg\u00e9tique, les droits de douane sur les chauffe-eaux solaires domestiques passent de trente \u00e0 15%, favorisant ainsi l&rsquo;adoption de solutions plus \u00e9conomiques et \u00e9cologiques.<\/p>\n\n\n\n<p>Sur le plan \u00e9conomique, la loi introduit des incitations majeures pour stimuler l&rsquo;investissement. Les start-ups pourront d\u00e9sormais b\u00e9n\u00e9ficier de deux ann\u00e9es d&rsquo;exon\u00e9ration fiscale lors du renouvellement de leur label, contre une seule auparavant. Les incubateurs d&rsquo;entreprises verront \u00e9galement leurs avantages fiscaux reconduits \u00e0 chaque renouvellement de leur agr\u00e9ment, assurant ainsi la p\u00e9rennit\u00e9 de l&rsquo;\u00e9cosyst\u00e8me entrepreneurial alg\u00e9rien. Les exportateurs b\u00e9n\u00e9ficieront d&rsquo;une prise en charge int\u00e9grale de leurs frais de participation aux \u00e9v\u00e9nements \u00e9conomiques internationaux par le Fonds sp\u00e9cial de promotion des exportations, abandonnant ainsi le syst\u00e8me de remboursement partiel pr\u00e9c\u00e9dent. Cette mesure vise \u00e0 renforcer la pr\u00e9sence des produits alg\u00e9riens sur les march\u00e9s internationaux et \u00e0 diversifier les revenus hors hydrocarbures.<\/p>\n\n\n\n<p>Un dispositif exceptionnel de r\u00e9gularisation fiscale volontaire a \u00e9t\u00e9 instaur\u00e9, permettant aux contribuables de r\u00e9gulariser leur situation avant le 31 d\u00e9cembre 2026 moyennant une imposition lib\u00e9ratoire unique de 8%, sans application de sanctions. La micro-importation fait \u00e9galement son entr\u00e9e dans le cadre l\u00e9gal, avec l&rsquo;attribution du statut d&rsquo;auto-entrepreneur aux personnes exer\u00e7ant cette activit\u00e9, assorties d&rsquo;un taux de droit de douane r\u00e9duit de 5% et d&rsquo;une imposition forfaitaire de 0,5 % par transaction.<\/p>\n\n\n\n<p>La transition \u00e9nerg\u00e9tique constitue un axe prioritaire de cette loi. Les entreprises investissant dans l&rsquo;hydrog\u00e8ne vert, le boisement ou la production d&rsquo;\u00e9nergies renouvelables pourront d\u00e9duire ces d\u00e9penses de leur b\u00e9n\u00e9fice imposable dans la limite de 5%. Les mat\u00e9riaux destin\u00e9s \u00e0 la fabrication de panneaux solaires photovolta\u00efques et les \u00e9lectrolyseurs pour la production d&rsquo;hydrog\u00e8ne b\u00e9n\u00e9ficient \u00e9galement d&rsquo;avantages douaniers significatifs. Enfin, le secteur de la p\u00eache maritime et de l&rsquo;aquaculture n&rsquo;est pas en reste avec l&rsquo;exon\u00e9ration des droits de douane sur les mati\u00e8res premi\u00e8res entrant dans la production d&rsquo;aliments pour l&rsquo;aquaculture, l&rsquo;application d&rsquo;un taux r\u00e9duit de TVA de 9%, et la possibilit\u00e9 d&rsquo;importer des navires de grande p\u00eache d&rsquo;occasion jusqu&rsquo;\u00e0 quinze ans d&rsquo;\u00e2ge, contre cinq ans pr\u00e9c\u00e9demment.<\/p>\n\n\n\n<p>Amar Malki<\/p>\n","protected":false},"excerpt":{"rendered":"<p>Le pr\u00e9sident de la R\u00e9publique, Abdelmadjid Tebboune, a sign\u00e9 dimanche la loi de Finances 2026 au si\u00e8ge de la Pr\u00e9sidence<\/p>\n","protected":false},"author":6,"featured_media":77804,"comment_status":"open","ping_status":"closed","sticky":false,"template":"","format":"standard","meta":{"colormag_page_container_layout":"default_layout","colormag_page_sidebar_layout":"default_layout","om_disable_all_campaigns":false,"_monsterinsights_skip_tracking":false,"_monsterinsights_sitenote_active":false,"_monsterinsights_sitenote_note":"","_monsterinsights_sitenote_category":0,"footnotes":"","_wpscppro_dont_share_socialmedia":false,"_wpscppro_custom_social_share_image":0,"_facebook_share_type":"default","_twitter_share_type":"default","_linkedin_share_type":"default","_pinterest_share_type":"default","_linkedin_share_type_page":"","_instagram_share_type":"default","_medium_share_type":"default","_threads_share_type":"default","_google_business_share_type":"default","_selected_social_profile":[],"_wpsp_enable_custom_social_template":false,"_wpsp_social_scheduling":{"enabled":false,"datetime":null,"platforms":[],"status":"template_only","dateOption":"today","timeOption":"now","customDays":"","customHours":"","customDate":"","customTime":"","schedulingType":"absolute"},"_wpsp_active_default_template":true},"categories":[27],"tags":[],"class_list":["post-77803","post","type-post","status-publish","format-standard","has-post-thumbnail","hentry","category-actualite"],"aioseo_notices":[],"yoast_head":"<!-- This site is optimized with the Yoast SEO plugin v27.5 - https:\/\/yoast.com\/product\/yoast-seo-wordpress\/ -->\n<title>Le pr\u00e9sident Tebboune signe la loi de Finances 2026\u00a0: Un arsenal de mesures pour soutenir le pouvoir d&rsquo;achat et dynamiser l&rsquo;\u00e9conomie - La Sentinelle<\/title>\n<meta name=\"robots\" content=\"index, follow, max-snippet:-1, max-image-preview:large, max-video-preview:-1\" \/>\n<link rel=\"canonical\" href=\"https:\/\/lasentinelle.dz\/index.php\/2025\/12\/15\/le-president-tebboune-signe-la-loi-de-finances-2026-un-arsenal-de-mesures-pour-soutenir-le-pouvoir-dachat-et-dynamiser-leconomie\/\" \/>\n<meta property=\"og:locale\" content=\"fr_FR\" \/>\n<meta property=\"og:type\" content=\"article\" \/>\n<meta property=\"og:title\" content=\"Le pr\u00e9sident Tebboune signe la loi de Finances 2026\u00a0: Un arsenal de mesures pour soutenir le pouvoir d&rsquo;achat et dynamiser l&rsquo;\u00e9conomie - La Sentinelle\" \/>\n<meta property=\"og:description\" content=\"Le pr\u00e9sident de la R\u00e9publique, Abdelmadjid Tebboune, a sign\u00e9 dimanche la loi de Finances 2026 au si\u00e8ge de la Pr\u00e9sidence\" \/>\n<meta property=\"og:url\" content=\"https:\/\/lasentinelle.dz\/index.php\/2025\/12\/15\/le-president-tebboune-signe-la-loi-de-finances-2026-un-arsenal-de-mesures-pour-soutenir-le-pouvoir-dachat-et-dynamiser-leconomie\/\" \/>\n<meta property=\"og:site_name\" content=\"La Sentinelle\" \/>\n<meta property=\"article:publisher\" content=\"https:\/\/www.facebook.com\/La-Sentinelle-104059864394773\" \/>\n<meta property=\"article:published_time\" content=\"2025-12-15T12:53:07+00:00\" \/>\n<meta property=\"article:modified_time\" content=\"2025-12-15T12:53:08+00:00\" \/>\n<meta property=\"og:image\" content=\"https:\/\/lasentinelle.dz\/wp-content\/uploads\/2025\/12\/Capture-d-ecran-2025-12-14-154118.jpg.webp\" \/>\n\t<meta property=\"og:image:width\" content=\"1400\" \/>\n\t<meta property=\"og:image:height\" content=\"1050\" \/>\n\t<meta property=\"og:image:type\" content=\"image\/webp\" \/>\n<meta name=\"author\" content=\"admin\" \/>\n<meta name=\"twitter:card\" content=\"summary_large_image\" \/>\n<meta name=\"twitter:label1\" content=\"\u00c9crit par\" \/>\n\t<meta name=\"twitter:data1\" content=\"admin\" \/>\n\t<meta name=\"twitter:label2\" content=\"Dur\u00e9e de lecture estim\u00e9e\" \/>\n\t<meta name=\"twitter:data2\" content=\"4 minutes\" \/>\n<script type=\"application\/ld+json\" class=\"yoast-schema-graph\">{\"@context\":\"https:\\\/\\\/schema.org\",\"@graph\":[{\"@type\":\"Article\",\"@id\":\"https:\\\/\\\/lasentinelle.dz\\\/index.php\\\/2025\\\/12\\\/15\\\/le-president-tebboune-signe-la-loi-de-finances-2026-un-arsenal-de-mesures-pour-soutenir-le-pouvoir-dachat-et-dynamiser-leconomie\\\/#article\",\"isPartOf\":{\"@id\":\"https:\\\/\\\/lasentinelle.dz\\\/index.php\\\/2025\\\/12\\\/15\\\/le-president-tebboune-signe-la-loi-de-finances-2026-un-arsenal-de-mesures-pour-soutenir-le-pouvoir-dachat-et-dynamiser-leconomie\\\/\"},\"author\":{\"name\":\"admin\",\"@id\":\"https:\\\/\\\/lasentinelle.dz\\\/#\\\/schema\\\/person\\\/729ee0024f24e0b8c5ec17232f8e8b41\"},\"headline\":\"Le pr\u00e9sident Tebboune signe la loi de Finances 2026\u00a0: Un arsenal de mesures pour soutenir le pouvoir d&rsquo;achat et dynamiser l&rsquo;\u00e9conomie\",\"datePublished\":\"2025-12-15T12:53:07+00:00\",\"dateModified\":\"2025-12-15T12:53:08+00:00\",\"mainEntityOfPage\":{\"@id\":\"https:\\\/\\\/lasentinelle.dz\\\/index.php\\\/2025\\\/12\\\/15\\\/le-president-tebboune-signe-la-loi-de-finances-2026-un-arsenal-de-mesures-pour-soutenir-le-pouvoir-dachat-et-dynamiser-leconomie\\\/\"},\"wordCount\":863,\"commentCount\":0,\"publisher\":{\"@id\":\"https:\\\/\\\/lasentinelle.dz\\\/#organization\"},\"image\":{\"@id\":\"https:\\\/\\\/lasentinelle.dz\\\/index.php\\\/2025\\\/12\\\/15\\\/le-president-tebboune-signe-la-loi-de-finances-2026-un-arsenal-de-mesures-pour-soutenir-le-pouvoir-dachat-et-dynamiser-leconomie\\\/#primaryimage\"},\"thumbnailUrl\":\"https:\\\/\\\/lasentinelle.dz\\\/wp-content\\\/uploads\\\/2025\\\/12\\\/Capture-d-ecran-2025-12-14-154118.jpg.webp\",\"articleSection\":[\"Actualit\u00e9\"],\"inLanguage\":\"fr-FR\",\"potentialAction\":[{\"@type\":\"CommentAction\",\"name\":\"Comment\",\"target\":[\"https:\\\/\\\/lasentinelle.dz\\\/index.php\\\/2025\\\/12\\\/15\\\/le-president-tebboune-signe-la-loi-de-finances-2026-un-arsenal-de-mesures-pour-soutenir-le-pouvoir-dachat-et-dynamiser-leconomie\\\/#respond\"]}]},{\"@type\":\"WebPage\",\"@id\":\"https:\\\/\\\/lasentinelle.dz\\\/index.php\\\/2025\\\/12\\\/15\\\/le-president-tebboune-signe-la-loi-de-finances-2026-un-arsenal-de-mesures-pour-soutenir-le-pouvoir-dachat-et-dynamiser-leconomie\\\/\",\"url\":\"https:\\\/\\\/lasentinelle.dz\\\/index.php\\\/2025\\\/12\\\/15\\\/le-president-tebboune-signe-la-loi-de-finances-2026-un-arsenal-de-mesures-pour-soutenir-le-pouvoir-dachat-et-dynamiser-leconomie\\\/\",\"name\":\"Le pr\u00e9sident Tebboune signe la loi de Finances 2026\u00a0: Un arsenal de mesures pour soutenir le pouvoir d&rsquo;achat et dynamiser l&rsquo;\u00e9conomie - La Sentinelle\",\"isPartOf\":{\"@id\":\"https:\\\/\\\/lasentinelle.dz\\\/#website\"},\"primaryImageOfPage\":{\"@id\":\"https:\\\/\\\/lasentinelle.dz\\\/index.php\\\/2025\\\/12\\\/15\\\/le-president-tebboune-signe-la-loi-de-finances-2026-un-arsenal-de-mesures-pour-soutenir-le-pouvoir-dachat-et-dynamiser-leconomie\\\/#primaryimage\"},\"image\":{\"@id\":\"https:\\\/\\\/lasentinelle.dz\\\/index.php\\\/2025\\\/12\\\/15\\\/le-president-tebboune-signe-la-loi-de-finances-2026-un-arsenal-de-mesures-pour-soutenir-le-pouvoir-dachat-et-dynamiser-leconomie\\\/#primaryimage\"},\"thumbnailUrl\":\"https:\\\/\\\/lasentinelle.dz\\\/wp-content\\\/uploads\\\/2025\\\/12\\\/Capture-d-ecran-2025-12-14-154118.jpg.webp\",\"datePublished\":\"2025-12-15T12:53:07+00:00\",\"dateModified\":\"2025-12-15T12:53:08+00:00\",\"breadcrumb\":{\"@id\":\"https:\\\/\\\/lasentinelle.dz\\\/index.php\\\/2025\\\/12\\\/15\\\/le-president-tebboune-signe-la-loi-de-finances-2026-un-arsenal-de-mesures-pour-soutenir-le-pouvoir-dachat-et-dynamiser-leconomie\\\/#breadcrumb\"},\"inLanguage\":\"fr-FR\",\"potentialAction\":[{\"@type\":\"ReadAction\",\"target\":[\"https:\\\/\\\/lasentinelle.dz\\\/index.php\\\/2025\\\/12\\\/15\\\/le-president-tebboune-signe-la-loi-de-finances-2026-un-arsenal-de-mesures-pour-soutenir-le-pouvoir-dachat-et-dynamiser-leconomie\\\/\"]}]},{\"@type\":\"ImageObject\",\"inLanguage\":\"fr-FR\",\"@id\":\"https:\\\/\\\/lasentinelle.dz\\\/index.php\\\/2025\\\/12\\\/15\\\/le-president-tebboune-signe-la-loi-de-finances-2026-un-arsenal-de-mesures-pour-soutenir-le-pouvoir-dachat-et-dynamiser-leconomie\\\/#primaryimage\",\"url\":\"https:\\\/\\\/lasentinelle.dz\\\/wp-content\\\/uploads\\\/2025\\\/12\\\/Capture-d-ecran-2025-12-14-154118.jpg.webp\",\"contentUrl\":\"https:\\\/\\\/lasentinelle.dz\\\/wp-content\\\/uploads\\\/2025\\\/12\\\/Capture-d-ecran-2025-12-14-154118.jpg.webp\",\"width\":1400,\"height\":1050},{\"@type\":\"BreadcrumbList\",\"@id\":\"https:\\\/\\\/lasentinelle.dz\\\/index.php\\\/2025\\\/12\\\/15\\\/le-president-tebboune-signe-la-loi-de-finances-2026-un-arsenal-de-mesures-pour-soutenir-le-pouvoir-dachat-et-dynamiser-leconomie\\\/#breadcrumb\",\"itemListElement\":[{\"@type\":\"ListItem\",\"position\":1,\"name\":\"Accueil\",\"item\":\"https:\\\/\\\/lasentinelle.dz\\\/\"},{\"@type\":\"ListItem\",\"position\":2,\"name\":\"Le pr\u00e9sident Tebboune signe la loi de Finances 2026\u00a0: Un arsenal de mesures pour soutenir le pouvoir d&rsquo;achat et dynamiser l&rsquo;\u00e9conomie\"}]},{\"@type\":\"WebSite\",\"@id\":\"https:\\\/\\\/lasentinelle.dz\\\/#website\",\"url\":\"https:\\\/\\\/lasentinelle.dz\\\/\",\"name\":\"La Sentinelle\",\"description\":\"Quotidien national d&#039;information\",\"publisher\":{\"@id\":\"https:\\\/\\\/lasentinelle.dz\\\/#organization\"},\"potentialAction\":[{\"@type\":\"SearchAction\",\"target\":{\"@type\":\"EntryPoint\",\"urlTemplate\":\"https:\\\/\\\/lasentinelle.dz\\\/?s={search_term_string}\"},\"query-input\":{\"@type\":\"PropertyValueSpecification\",\"valueRequired\":true,\"valueName\":\"search_term_string\"}}],\"inLanguage\":\"fr-FR\"},{\"@type\":\"Organization\",\"@id\":\"https:\\\/\\\/lasentinelle.dz\\\/#organization\",\"name\":\"Quotidien La Sentinelle\",\"url\":\"https:\\\/\\\/lasentinelle.dz\\\/\",\"logo\":{\"@type\":\"ImageObject\",\"inLanguage\":\"fr-FR\",\"@id\":\"https:\\\/\\\/lasentinelle.dz\\\/#\\\/schema\\\/logo\\\/image\\\/\",\"url\":\"https:\\\/\\\/lasentinelle.dz\\\/wp-content\\\/uploads\\\/2021\\\/09\\\/logo-sentinelleSLOGAN-1.png\",\"contentUrl\":\"https:\\\/\\\/lasentinelle.dz\\\/wp-content\\\/uploads\\\/2021\\\/09\\\/logo-sentinelleSLOGAN-1.png\",\"width\":615,\"height\":142,\"caption\":\"Quotidien La Sentinelle\"},\"image\":{\"@id\":\"https:\\\/\\\/lasentinelle.dz\\\/#\\\/schema\\\/logo\\\/image\\\/\"},\"sameAs\":[\"https:\\\/\\\/www.facebook.com\\\/La-Sentinelle-104059864394773\"]},{\"@type\":\"Person\",\"@id\":\"https:\\\/\\\/lasentinelle.dz\\\/#\\\/schema\\\/person\\\/729ee0024f24e0b8c5ec17232f8e8b41\",\"name\":\"admin\",\"image\":{\"@type\":\"ImageObject\",\"inLanguage\":\"fr-FR\",\"@id\":\"https:\\\/\\\/secure.gravatar.com\\\/avatar\\\/4c81fed838786e9b53f540bf46533e750f5d292099ae3b66cfc6fb1982e29df7?s=96&d=mm&r=g\",\"url\":\"https:\\\/\\\/secure.gravatar.com\\\/avatar\\\/4c81fed838786e9b53f540bf46533e750f5d292099ae3b66cfc6fb1982e29df7?s=96&d=mm&r=g\",\"contentUrl\":\"https:\\\/\\\/secure.gravatar.com\\\/avatar\\\/4c81fed838786e9b53f540bf46533e750f5d292099ae3b66cfc6fb1982e29df7?s=96&d=mm&r=g\",\"caption\":\"admin\"},\"description\":\"admin\",\"url\":\"https:\\\/\\\/lasentinelle.dz\\\/author\\\/admin\\\/\"}]}<\/script>\n<!-- \/ Yoast SEO plugin. -->","yoast_head_json":{"title":"Le pr\u00e9sident Tebboune signe la loi de Finances 2026\u00a0: Un arsenal de mesures pour soutenir le pouvoir d&rsquo;achat et dynamiser l&rsquo;\u00e9conomie - La Sentinelle","robots":{"index":"index","follow":"follow","max-snippet":"max-snippet:-1","max-image-preview":"max-image-preview:large","max-video-preview":"max-video-preview:-1"},"canonical":"https:\/\/lasentinelle.dz\/index.php\/2025\/12\/15\/le-president-tebboune-signe-la-loi-de-finances-2026-un-arsenal-de-mesures-pour-soutenir-le-pouvoir-dachat-et-dynamiser-leconomie\/","og_locale":"fr_FR","og_type":"article","og_title":"Le pr\u00e9sident Tebboune signe la loi de Finances 2026\u00a0: Un arsenal de mesures pour soutenir le pouvoir d&rsquo;achat et dynamiser l&rsquo;\u00e9conomie - La Sentinelle","og_description":"Le pr\u00e9sident de la R\u00e9publique, Abdelmadjid Tebboune, a sign\u00e9 dimanche la loi de Finances 2026 au si\u00e8ge de la Pr\u00e9sidence","og_url":"https:\/\/lasentinelle.dz\/index.php\/2025\/12\/15\/le-president-tebboune-signe-la-loi-de-finances-2026-un-arsenal-de-mesures-pour-soutenir-le-pouvoir-dachat-et-dynamiser-leconomie\/","og_site_name":"La Sentinelle","article_publisher":"https:\/\/www.facebook.com\/La-Sentinelle-104059864394773","article_published_time":"2025-12-15T12:53:07+00:00","article_modified_time":"2025-12-15T12:53:08+00:00","og_image":[{"width":1400,"height":1050,"url":"https:\/\/lasentinelle.dz\/wp-content\/uploads\/2025\/12\/Capture-d-ecran-2025-12-14-154118.jpg.webp","type":"image\/webp"}],"author":"admin","twitter_card":"summary_large_image","twitter_misc":{"\u00c9crit par":"admin","Dur\u00e9e de lecture estim\u00e9e":"4 minutes"},"schema":{"@context":"https:\/\/schema.org","@graph":[{"@type":"Article","@id":"https:\/\/lasentinelle.dz\/index.php\/2025\/12\/15\/le-president-tebboune-signe-la-loi-de-finances-2026-un-arsenal-de-mesures-pour-soutenir-le-pouvoir-dachat-et-dynamiser-leconomie\/#article","isPartOf":{"@id":"https:\/\/lasentinelle.dz\/index.php\/2025\/12\/15\/le-president-tebboune-signe-la-loi-de-finances-2026-un-arsenal-de-mesures-pour-soutenir-le-pouvoir-dachat-et-dynamiser-leconomie\/"},"author":{"name":"admin","@id":"https:\/\/lasentinelle.dz\/#\/schema\/person\/729ee0024f24e0b8c5ec17232f8e8b41"},"headline":"Le pr\u00e9sident Tebboune signe la loi de Finances 2026\u00a0: Un arsenal de mesures pour soutenir le pouvoir d&rsquo;achat et dynamiser l&rsquo;\u00e9conomie","datePublished":"2025-12-15T12:53:07+00:00","dateModified":"2025-12-15T12:53:08+00:00","mainEntityOfPage":{"@id":"https:\/\/lasentinelle.dz\/index.php\/2025\/12\/15\/le-president-tebboune-signe-la-loi-de-finances-2026-un-arsenal-de-mesures-pour-soutenir-le-pouvoir-dachat-et-dynamiser-leconomie\/"},"wordCount":863,"commentCount":0,"publisher":{"@id":"https:\/\/lasentinelle.dz\/#organization"},"image":{"@id":"https:\/\/lasentinelle.dz\/index.php\/2025\/12\/15\/le-president-tebboune-signe-la-loi-de-finances-2026-un-arsenal-de-mesures-pour-soutenir-le-pouvoir-dachat-et-dynamiser-leconomie\/#primaryimage"},"thumbnailUrl":"https:\/\/lasentinelle.dz\/wp-content\/uploads\/2025\/12\/Capture-d-ecran-2025-12-14-154118.jpg.webp","articleSection":["Actualit\u00e9"],"inLanguage":"fr-FR","potentialAction":[{"@type":"CommentAction","name":"Comment","target":["https:\/\/lasentinelle.dz\/index.php\/2025\/12\/15\/le-president-tebboune-signe-la-loi-de-finances-2026-un-arsenal-de-mesures-pour-soutenir-le-pouvoir-dachat-et-dynamiser-leconomie\/#respond"]}]},{"@type":"WebPage","@id":"https:\/\/lasentinelle.dz\/index.php\/2025\/12\/15\/le-president-tebboune-signe-la-loi-de-finances-2026-un-arsenal-de-mesures-pour-soutenir-le-pouvoir-dachat-et-dynamiser-leconomie\/","url":"https:\/\/lasentinelle.dz\/index.php\/2025\/12\/15\/le-president-tebboune-signe-la-loi-de-finances-2026-un-arsenal-de-mesures-pour-soutenir-le-pouvoir-dachat-et-dynamiser-leconomie\/","name":"Le pr\u00e9sident Tebboune signe la loi de Finances 2026\u00a0: Un arsenal de mesures pour soutenir le pouvoir d&rsquo;achat et dynamiser l&rsquo;\u00e9conomie - La Sentinelle","isPartOf":{"@id":"https:\/\/lasentinelle.dz\/#website"},"primaryImageOfPage":{"@id":"https:\/\/lasentinelle.dz\/index.php\/2025\/12\/15\/le-president-tebboune-signe-la-loi-de-finances-2026-un-arsenal-de-mesures-pour-soutenir-le-pouvoir-dachat-et-dynamiser-leconomie\/#primaryimage"},"image":{"@id":"https:\/\/lasentinelle.dz\/index.php\/2025\/12\/15\/le-president-tebboune-signe-la-loi-de-finances-2026-un-arsenal-de-mesures-pour-soutenir-le-pouvoir-dachat-et-dynamiser-leconomie\/#primaryimage"},"thumbnailUrl":"https:\/\/lasentinelle.dz\/wp-content\/uploads\/2025\/12\/Capture-d-ecran-2025-12-14-154118.jpg.webp","datePublished":"2025-12-15T12:53:07+00:00","dateModified":"2025-12-15T12:53:08+00:00","breadcrumb":{"@id":"https:\/\/lasentinelle.dz\/index.php\/2025\/12\/15\/le-president-tebboune-signe-la-loi-de-finances-2026-un-arsenal-de-mesures-pour-soutenir-le-pouvoir-dachat-et-dynamiser-leconomie\/#breadcrumb"},"inLanguage":"fr-FR","potentialAction":[{"@type":"ReadAction","target":["https:\/\/lasentinelle.dz\/index.php\/2025\/12\/15\/le-president-tebboune-signe-la-loi-de-finances-2026-un-arsenal-de-mesures-pour-soutenir-le-pouvoir-dachat-et-dynamiser-leconomie\/"]}]},{"@type":"ImageObject","inLanguage":"fr-FR","@id":"https:\/\/lasentinelle.dz\/index.php\/2025\/12\/15\/le-president-tebboune-signe-la-loi-de-finances-2026-un-arsenal-de-mesures-pour-soutenir-le-pouvoir-dachat-et-dynamiser-leconomie\/#primaryimage","url":"https:\/\/lasentinelle.dz\/wp-content\/uploads\/2025\/12\/Capture-d-ecran-2025-12-14-154118.jpg.webp","contentUrl":"https:\/\/lasentinelle.dz\/wp-content\/uploads\/2025\/12\/Capture-d-ecran-2025-12-14-154118.jpg.webp","width":1400,"height":1050},{"@type":"BreadcrumbList","@id":"https:\/\/lasentinelle.dz\/index.php\/2025\/12\/15\/le-president-tebboune-signe-la-loi-de-finances-2026-un-arsenal-de-mesures-pour-soutenir-le-pouvoir-dachat-et-dynamiser-leconomie\/#breadcrumb","itemListElement":[{"@type":"ListItem","position":1,"name":"Accueil","item":"https:\/\/lasentinelle.dz\/"},{"@type":"ListItem","position":2,"name":"Le pr\u00e9sident Tebboune signe la loi de Finances 2026\u00a0: Un arsenal de mesures pour soutenir le pouvoir d&rsquo;achat et dynamiser l&rsquo;\u00e9conomie"}]},{"@type":"WebSite","@id":"https:\/\/lasentinelle.dz\/#website","url":"https:\/\/lasentinelle.dz\/","name":"La Sentinelle","description":"Quotidien national d&#039;information","publisher":{"@id":"https:\/\/lasentinelle.dz\/#organization"},"potentialAction":[{"@type":"SearchAction","target":{"@type":"EntryPoint","urlTemplate":"https:\/\/lasentinelle.dz\/?s={search_term_string}"},"query-input":{"@type":"PropertyValueSpecification","valueRequired":true,"valueName":"search_term_string"}}],"inLanguage":"fr-FR"},{"@type":"Organization","@id":"https:\/\/lasentinelle.dz\/#organization","name":"Quotidien La Sentinelle","url":"https:\/\/lasentinelle.dz\/","logo":{"@type":"ImageObject","inLanguage":"fr-FR","@id":"https:\/\/lasentinelle.dz\/#\/schema\/logo\/image\/","url":"https:\/\/lasentinelle.dz\/wp-content\/uploads\/2021\/09\/logo-sentinelleSLOGAN-1.png","contentUrl":"https:\/\/lasentinelle.dz\/wp-content\/uploads\/2021\/09\/logo-sentinelleSLOGAN-1.png","width":615,"height":142,"caption":"Quotidien La Sentinelle"},"image":{"@id":"https:\/\/lasentinelle.dz\/#\/schema\/logo\/image\/"},"sameAs":["https:\/\/www.facebook.com\/La-Sentinelle-104059864394773"]},{"@type":"Person","@id":"https:\/\/lasentinelle.dz\/#\/schema\/person\/729ee0024f24e0b8c5ec17232f8e8b41","name":"admin","image":{"@type":"ImageObject","inLanguage":"fr-FR","@id":"https:\/\/secure.gravatar.com\/avatar\/4c81fed838786e9b53f540bf46533e750f5d292099ae3b66cfc6fb1982e29df7?s=96&d=mm&r=g","url":"https:\/\/secure.gravatar.com\/avatar\/4c81fed838786e9b53f540bf46533e750f5d292099ae3b66cfc6fb1982e29df7?s=96&d=mm&r=g","contentUrl":"https:\/\/secure.gravatar.com\/avatar\/4c81fed838786e9b53f540bf46533e750f5d292099ae3b66cfc6fb1982e29df7?s=96&d=mm&r=g","caption":"admin"},"description":"admin","url":"https:\/\/lasentinelle.dz\/author\/admin\/"}]}},"_links":{"self":[{"href":"https:\/\/lasentinelle.dz\/index.php\/wp-json\/wp\/v2\/posts\/77803","targetHints":{"allow":["GET"]}}],"collection":[{"href":"https:\/\/lasentinelle.dz\/index.php\/wp-json\/wp\/v2\/posts"}],"about":[{"href":"https:\/\/lasentinelle.dz\/index.php\/wp-json\/wp\/v2\/types\/post"}],"author":[{"embeddable":true,"href":"https:\/\/lasentinelle.dz\/index.php\/wp-json\/wp\/v2\/users\/6"}],"replies":[{"embeddable":true,"href":"https:\/\/lasentinelle.dz\/index.php\/wp-json\/wp\/v2\/comments?post=77803"}],"version-history":[{"count":2,"href":"https:\/\/lasentinelle.dz\/index.php\/wp-json\/wp\/v2\/posts\/77803\/revisions"}],"predecessor-version":[{"id":77806,"href":"https:\/\/lasentinelle.dz\/index.php\/wp-json\/wp\/v2\/posts\/77803\/revisions\/77806"}],"wp:featuredmedia":[{"embeddable":true,"href":"https:\/\/lasentinelle.dz\/index.php\/wp-json\/wp\/v2\/media\/77804"}],"wp:attachment":[{"href":"https:\/\/lasentinelle.dz\/index.php\/wp-json\/wp\/v2\/media?parent=77803"}],"wp:term":[{"taxonomy":"category","embeddable":true,"href":"https:\/\/lasentinelle.dz\/index.php\/wp-json\/wp\/v2\/categories?post=77803"},{"taxonomy":"post_tag","embeddable":true,"href":"https:\/\/lasentinelle.dz\/index.php\/wp-json\/wp\/v2\/tags?post=77803"}],"curies":[{"name":"wp","href":"https:\/\/api.w.org\/{rel}","templated":true}]}}