{"id":77807,"date":"2025-12-15T13:54:02","date_gmt":"2025-12-15T12:54:02","guid":{"rendered":"https:\/\/lasentinelle.dz\/?p=77807"},"modified":"2025-12-15T13:54:03","modified_gmt":"2025-12-15T12:54:03","slug":"tebboune-continue-de-concretiser-ses-engagements-sociaux-des-hausses-de-5-et-10-pour-les-retraites","status":"publish","type":"post","link":"https:\/\/lasentinelle.dz\/index.php\/2025\/12\/15\/tebboune-continue-de-concretiser-ses-engagements-sociaux-des-hausses-de-5-et-10-pour-les-retraites\/","title":{"rendered":"Tebboune continue de concr\u00e9tiser ses engagements sociaux\u00a0: Des hausses de 5 et 10% pour les retraites"},"content":{"rendered":"\n<p>Le pr\u00e9sident de la R\u00e9publique Abdelmadjid Tebboune a pr\u00e9sid\u00e9 dimanche une r\u00e9union du Conseil des ministres qui a approuv\u00e9 des augmentations substantielles des pensions de retraite, avec des hausses de 10% pour les revenus inf\u00e9rieurs ou \u00e9gaux \u00e0 20.000 dinars et de 5% pour ceux qui d\u00e9passent ce seuil. Cette d\u00e9cision s&rsquo;inscrit dans la continuit\u00e9 de la politique sociale ambitieuse du chef de l&rsquo;\u00c9tat visant \u00e0 pr\u00e9server le pouvoir d&rsquo;achat des citoyens, quelques semaines seulement apr\u00e8s l&rsquo;annonce du rel\u00e8vement du salaire minimum garanti \u00e0 24.000 dinars \u00e0 partir de janvier 2026.<\/p>\n\n\n\n<p>Selon le communiqu\u00e9 officiel du Conseil des ministres, le pr\u00e9sident Tebboune, en sa qualit\u00e9 de commandant supr\u00eame des forces arm\u00e9es et ministre de la D\u00e9fense nationale, a pr\u00e9sid\u00e9 cette r\u00e9union consacr\u00e9e \u00e0 plusieurs dossiers majeurs, dont \u00ab l&rsquo;augmentation des pensions et allocations de retraite, la cr\u00e9ation de deux nouvelles circonscriptions administratives, ainsi que la strat\u00e9gie nationale pour le d\u00e9veloppement du commerce \u00e9lectronique \u00bb. Apr\u00e8s la pr\u00e9sentation de l&rsquo;ordre du jour et le r\u00e9sum\u00e9 des d\u00e9cisions du dernier Conseil des ministres, le Premier ministre a expos\u00e9 l&rsquo;activit\u00e9 gouvernementale des deux derni\u00e8res semaines avant que le pr\u00e9sident ne d\u00e9livre ses instructions.<\/p>\n\n\n\n<p>Concernant les retraites, le Conseil des ministres a donc act\u00e9 \u00ab des augmentations de 10%, concernant les retrait\u00e9s qui per\u00e7oivent un montant inf\u00e9rieur ou \u00e9gal \u00e0 20.000 dinars, et de 5% pour les retrait\u00e9s qui per\u00e7oivent plus de 20.000 dinars \u00bb. Le communiqu\u00e9 pr\u00e9cise que \u00ab ces augmentations ont \u00e9t\u00e9 pr\u00e9c\u00e9d\u00e9es par des augmentations ant\u00e9rieures qui ont touch\u00e9 le salaire minimum garanti \u00bb. Cette d\u00e9cision devrait b\u00e9n\u00e9ficier \u00e0 des millions de retrait\u00e9s alg\u00e9riens et t\u00e9moigne de la volont\u00e9 du gouvernement de ne pas limiter les mesures sociales aux seuls actifs. Elle concr\u00e9tise l&rsquo;engagement pris par le Pr\u00e9sident lors de son rendez-vous p\u00e9riodique avec la presse nationale en septembre dernier, lorsqu&rsquo;il avait annonc\u00e9 qu&rsquo;il y aurait des augmentations d\u00e8s le d\u00e9but 2026 touchant plusieurs cat\u00e9gories, notamment les \u00e9tudiants, les ch\u00f4meurs et les retrait\u00e9s.<\/p>\n\n\n\n<p>Ces nouvelles mesures s&rsquo;ajoutent aux d\u00e9cisions historiques annonc\u00e9es le 31 novembre dernier lors du pr\u00e9c\u00e9dent Conseil des ministres. Le gouvernement avait alors d\u00e9cid\u00e9 de relever le salaire minimum de 20.000 \u00e0 24.000 dinars \u00e0 partir de janvier 2026, une augmentation de 4.000 dinars qualifi\u00e9e de \u00ab premi\u00e8re de cette ampleur depuis le d\u00e9but de la politique de rel\u00e8vement du salaire minimum garanti sur plusieurs d\u00e9cennies \u00bb. L&rsquo;allocation ch\u00f4mage avait \u00e9galement \u00e9t\u00e9 port\u00e9e de 15.000 \u00e0 18.000 dinars, tandis que le pr\u00e9sident ordonnait la simplification des proc\u00e9dures de renouvellement de cette allocation, initialement fix\u00e9e \u00e0 six mois mais devant d\u00e9sormais \u00eatre d&rsquo;une ann\u00e9e minimum renouvelable.<\/p>\n\n\n\n<p>Le pr\u00e9sident Tebboune a r\u00e9guli\u00e8rement affirm\u00e9 que la pr\u00e9servation du pouvoir d&rsquo;achat constitue une ligne rouge de sa politique \u00e9conomique et sociale. Ces augmentations successives, qui concernent d\u00e9sormais les salaires, les allocations ch\u00f4mage et les pensions de retraite, d\u00e9montrent la volont\u00e9 de tenir les engagements pr\u00e9sidentiels tout en respectant les capacit\u00e9s financi\u00e8res de l&rsquo;\u00c9tat. L&rsquo;objectif annonc\u00e9 demeure de doubler les salaires \u00e0 l&rsquo;horizon 2026-2027, conform\u00e9ment aux promesses r\u00e9affirm\u00e9es en avril 2024, dans une d\u00e9marche qui vise \u00e0 conjuguer justice sociale et prudence budg\u00e9taire.<\/p>\n\n\n\n<p><strong>Interdiction des d\u00e9molitions hivernales&nbsp;<\/strong><\/p>\n\n\n\n<p>Le pr\u00e9sident de la R\u00e9publique a \u00e9galement pris une mesure \u00e0 forte dimension sociale en interdisant formellement toute op\u00e9ration de d\u00e9molition de logements non r\u00e9glementaires durant la saison hivernale. Le communiqu\u00e9 du Conseil des ministres est sans ambigu\u00eft\u00e9 : le pr\u00e9sident a ordonn\u00e9 \u00ab l&rsquo;interdiction d&rsquo;ex\u00e9cuter toute op\u00e9ration de d\u00e9molition de constructions illicites pendant la saison hivernale, avec la suspension imm\u00e9diate des pr\u00e9sidents d&rsquo;assembl\u00e9es populaires communales qui recourent \u00e0 cette mesure arbitraire en plein hiver \u00bb. Cette directive ferme pr\u00e9cise que ces pratiques se font \u00ab sans prendre en consid\u00e9ration les lois alg\u00e9riennes en vigueur et les normes internationales \u00bb. Le chef de l&rsquo;\u00c9tat a charg\u00e9 les walis de veiller \u00e0 ce que \u00ab de telles op\u00e9rations soient ex\u00e9cut\u00e9es conform\u00e9ment aux cadres juridiques d\u00e9finis \u00bb. Cette instruction refl\u00e8te le souci du pr\u00e9sident Tebboune de conjuguer application de la loi et respect de la dignit\u00e9 humaine, particuli\u00e8rement durant les mois les plus rigoureux de l&rsquo;ann\u00e9e.<\/p>\n\n\n\n<p><strong>Pr\u00e9server la stabilit\u00e9 des prix agricoles<\/strong><\/p>\n\n\n\n<p>Dans le volet \u00e9conomique, le pr\u00e9sident a donn\u00e9 des instructions pr\u00e9cises pour prot\u00e9ger les agriculteurs. Il a ainsi \u00ab ordonn\u00e9 aux ministres de l&rsquo;Agriculture et de l&rsquo;Int\u00e9rieur de coordonner et de veiller, selon les diff\u00e9rents m\u00e9canismes et proc\u00e9dures n\u00e9cessaires, \u00e0 ce que les agriculteurs ne subissent pas de pertes caus\u00e9es par la m\u00e9vente de certaines r\u00e9coltes agricoles, et ce en recourant au stockage visant \u00e0 pr\u00e9server la stabilit\u00e9 des prix \u00bb. Cette mesure vise \u00e0 \u00e9viter les crises conjoncturelles qui peuvent fragiliser le secteur agricole et provoquer une volatilit\u00e9 des prix pr\u00e9judiciable tant aux producteurs qu&rsquo;aux consommateurs. Elle s&rsquo;inscrit dans une vision globale de s\u00e9curit\u00e9 alimentaire et de r\u00e9gulation du march\u00e9.<\/p>\n\n\n\n<p>Sur le plan administratif, le Conseil des ministres a approuv\u00e9 la cr\u00e9ation de deux nouvelles circonscriptions administratives, \u00e0 savoir Maghnia et El Eulma. Cette d\u00e9cision r\u00e9pond \u00e0 une demande de rapprochement de l&rsquo;administration des citoyens et devrait permettre une meilleure gestion des territoires concern\u00e9s.<\/p>\n\n\n\n<p>Concernant la strat\u00e9gie nationale pour le d\u00e9veloppement du commerce \u00e9lectronique, le Pr\u00e9sident Tebboune a soulign\u00e9 que \u00ab le commerce \u00e9lectronique constitue un grand d\u00e9fi qui n\u00e9cessite la participation de tous pour atteindre cet objectif \u00e9conomique \u00bb. Il a insist\u00e9 sur l&rsquo;utilisation des moyens n\u00e9cessaires, \u00ab notamment garantir la s\u00e9curit\u00e9 num\u00e9rique et \u00e9tablir davantage de facilit\u00e9s et encourager le commerce dans cette direction \u00bb. Le chef de l&rsquo;\u00c9tat a rappel\u00e9 que \u00ab la transparence commerciale est le premier objectif et le v\u00e9ritable fruit de la num\u00e9risation et du commerce \u00bb, marquant ainsi la priorit\u00e9 accord\u00e9e \u00e0 la modernisation de l&rsquo;\u00e9conomie nationale.<\/p>\n\n\n\n<p>Salim Amokrane<\/p>\n","protected":false},"excerpt":{"rendered":"<p>Le pr\u00e9sident de la R\u00e9publique Abdelmadjid Tebboune a pr\u00e9sid\u00e9 dimanche une r\u00e9union du Conseil des ministres qui a approuv\u00e9 des<\/p>\n","protected":false},"author":6,"featured_media":77808,"comment_status":"open","ping_status":"closed","sticky":false,"template":"","format":"standard","meta":{"colormag_page_container_layout":"default_layout","colormag_page_sidebar_layout":"default_layout","om_disable_all_campaigns":false,"_monsterinsights_skip_tracking":false,"_monsterinsights_sitenote_active":false,"_monsterinsights_sitenote_note":"","_monsterinsights_sitenote_category":0,"footnotes":"","_wpscppro_dont_share_socialmedia":false,"_wpscppro_custom_social_share_image":0,"_facebook_share_type":"default","_twitter_share_type":"default","_linkedin_share_type":"default","_pinterest_share_type":"default","_linkedin_share_type_page":"","_instagram_share_type":"default","_medium_share_type":"default","_threads_share_type":"default","_google_business_share_type":"default","_selected_social_profile":[],"_wpsp_enable_custom_social_template":false,"_wpsp_social_scheduling":{"enabled":false,"datetime":null,"platforms":[],"status":"template_only","dateOption":"today","timeOption":"now","customDays":"","customHours":"","customDate":"","customTime":"","schedulingType":"absolute"},"_wpsp_active_default_template":true},"categories":[52,27],"tags":[],"class_list":["post-77807","post","type-post","status-publish","format-standard","has-post-thumbnail","hentry","category-a-la-une","category-actualite"],"aioseo_notices":[],"yoast_head":"<!-- This site is optimized with the Yoast SEO plugin v27.5 - https:\/\/yoast.com\/product\/yoast-seo-wordpress\/ -->\n<title>Tebboune continue de concr\u00e9tiser ses engagements sociaux\u00a0: Des hausses de 5 et 10% pour les retraites - La Sentinelle<\/title>\n<meta name=\"robots\" content=\"index, follow, max-snippet:-1, max-image-preview:large, max-video-preview:-1\" \/>\n<link rel=\"canonical\" href=\"https:\/\/lasentinelle.dz\/index.php\/2025\/12\/15\/tebboune-continue-de-concretiser-ses-engagements-sociaux-des-hausses-de-5-et-10-pour-les-retraites\/\" \/>\n<meta property=\"og:locale\" content=\"fr_FR\" \/>\n<meta property=\"og:type\" content=\"article\" \/>\n<meta property=\"og:title\" content=\"Tebboune continue de concr\u00e9tiser ses engagements sociaux\u00a0: Des hausses de 5 et 10% pour les retraites - La Sentinelle\" \/>\n<meta property=\"og:description\" content=\"Le pr\u00e9sident de la R\u00e9publique Abdelmadjid Tebboune a pr\u00e9sid\u00e9 dimanche une r\u00e9union du Conseil des ministres qui a approuv\u00e9 des\" \/>\n<meta property=\"og:url\" content=\"https:\/\/lasentinelle.dz\/index.php\/2025\/12\/15\/tebboune-continue-de-concretiser-ses-engagements-sociaux-des-hausses-de-5-et-10-pour-les-retraites\/\" \/>\n<meta property=\"og:site_name\" content=\"La Sentinelle\" \/>\n<meta property=\"article:publisher\" content=\"https:\/\/www.facebook.com\/La-Sentinelle-104059864394773\" \/>\n<meta property=\"article:published_time\" content=\"2025-12-15T12:54:02+00:00\" \/>\n<meta property=\"article:modified_time\" content=\"2025-12-15T12:54:03+00:00\" \/>\n<meta property=\"og:image\" content=\"https:\/\/lasentinelle.dz\/wp-content\/uploads\/2025\/12\/tebboune.jpg\" \/>\n\t<meta property=\"og:image:width\" content=\"1280\" \/>\n\t<meta property=\"og:image:height\" content=\"853\" \/>\n\t<meta property=\"og:image:type\" content=\"image\/jpeg\" \/>\n<meta name=\"author\" content=\"admin\" \/>\n<meta name=\"twitter:card\" content=\"summary_large_image\" \/>\n<meta name=\"twitter:label1\" content=\"\u00c9crit par\" \/>\n\t<meta name=\"twitter:data1\" content=\"admin\" \/>\n\t<meta name=\"twitter:label2\" content=\"Dur\u00e9e de lecture estim\u00e9e\" \/>\n\t<meta name=\"twitter:data2\" content=\"5 minutes\" \/>\n<script type=\"application\/ld+json\" class=\"yoast-schema-graph\">{\"@context\":\"https:\\\/\\\/schema.org\",\"@graph\":[{\"@type\":\"Article\",\"@id\":\"https:\\\/\\\/lasentinelle.dz\\\/index.php\\\/2025\\\/12\\\/15\\\/tebboune-continue-de-concretiser-ses-engagements-sociaux-des-hausses-de-5-et-10-pour-les-retraites\\\/#article\",\"isPartOf\":{\"@id\":\"https:\\\/\\\/lasentinelle.dz\\\/index.php\\\/2025\\\/12\\\/15\\\/tebboune-continue-de-concretiser-ses-engagements-sociaux-des-hausses-de-5-et-10-pour-les-retraites\\\/\"},\"author\":{\"name\":\"admin\",\"@id\":\"https:\\\/\\\/lasentinelle.dz\\\/#\\\/schema\\\/person\\\/729ee0024f24e0b8c5ec17232f8e8b41\"},\"headline\":\"Tebboune continue de concr\u00e9tiser ses engagements sociaux\u00a0: Des hausses de 5 et 10% pour les retraites\",\"datePublished\":\"2025-12-15T12:54:02+00:00\",\"dateModified\":\"2025-12-15T12:54:03+00:00\",\"mainEntityOfPage\":{\"@id\":\"https:\\\/\\\/lasentinelle.dz\\\/index.php\\\/2025\\\/12\\\/15\\\/tebboune-continue-de-concretiser-ses-engagements-sociaux-des-hausses-de-5-et-10-pour-les-retraites\\\/\"},\"wordCount\":1054,\"commentCount\":0,\"publisher\":{\"@id\":\"https:\\\/\\\/lasentinelle.dz\\\/#organization\"},\"image\":{\"@id\":\"https:\\\/\\\/lasentinelle.dz\\\/index.php\\\/2025\\\/12\\\/15\\\/tebboune-continue-de-concretiser-ses-engagements-sociaux-des-hausses-de-5-et-10-pour-les-retraites\\\/#primaryimage\"},\"thumbnailUrl\":\"https:\\\/\\\/lasentinelle.dz\\\/wp-content\\\/uploads\\\/2025\\\/12\\\/tebboune.jpg\",\"articleSection\":[\"\u00c0 la Une\",\"Actualit\u00e9\"],\"inLanguage\":\"fr-FR\",\"potentialAction\":[{\"@type\":\"CommentAction\",\"name\":\"Comment\",\"target\":[\"https:\\\/\\\/lasentinelle.dz\\\/index.php\\\/2025\\\/12\\\/15\\\/tebboune-continue-de-concretiser-ses-engagements-sociaux-des-hausses-de-5-et-10-pour-les-retraites\\\/#respond\"]}]},{\"@type\":\"WebPage\",\"@id\":\"https:\\\/\\\/lasentinelle.dz\\\/index.php\\\/2025\\\/12\\\/15\\\/tebboune-continue-de-concretiser-ses-engagements-sociaux-des-hausses-de-5-et-10-pour-les-retraites\\\/\",\"url\":\"https:\\\/\\\/lasentinelle.dz\\\/index.php\\\/2025\\\/12\\\/15\\\/tebboune-continue-de-concretiser-ses-engagements-sociaux-des-hausses-de-5-et-10-pour-les-retraites\\\/\",\"name\":\"Tebboune continue de concr\u00e9tiser ses engagements sociaux\u00a0: Des hausses de 5 et 10% pour les retraites - La Sentinelle\",\"isPartOf\":{\"@id\":\"https:\\\/\\\/lasentinelle.dz\\\/#website\"},\"primaryImageOfPage\":{\"@id\":\"https:\\\/\\\/lasentinelle.dz\\\/index.php\\\/2025\\\/12\\\/15\\\/tebboune-continue-de-concretiser-ses-engagements-sociaux-des-hausses-de-5-et-10-pour-les-retraites\\\/#primaryimage\"},\"image\":{\"@id\":\"https:\\\/\\\/lasentinelle.dz\\\/index.php\\\/2025\\\/12\\\/15\\\/tebboune-continue-de-concretiser-ses-engagements-sociaux-des-hausses-de-5-et-10-pour-les-retraites\\\/#primaryimage\"},\"thumbnailUrl\":\"https:\\\/\\\/lasentinelle.dz\\\/wp-content\\\/uploads\\\/2025\\\/12\\\/tebboune.jpg\",\"datePublished\":\"2025-12-15T12:54:02+00:00\",\"dateModified\":\"2025-12-15T12:54:03+00:00\",\"breadcrumb\":{\"@id\":\"https:\\\/\\\/lasentinelle.dz\\\/index.php\\\/2025\\\/12\\\/15\\\/tebboune-continue-de-concretiser-ses-engagements-sociaux-des-hausses-de-5-et-10-pour-les-retraites\\\/#breadcrumb\"},\"inLanguage\":\"fr-FR\",\"potentialAction\":[{\"@type\":\"ReadAction\",\"target\":[\"https:\\\/\\\/lasentinelle.dz\\\/index.php\\\/2025\\\/12\\\/15\\\/tebboune-continue-de-concretiser-ses-engagements-sociaux-des-hausses-de-5-et-10-pour-les-retraites\\\/\"]}]},{\"@type\":\"ImageObject\",\"inLanguage\":\"fr-FR\",\"@id\":\"https:\\\/\\\/lasentinelle.dz\\\/index.php\\\/2025\\\/12\\\/15\\\/tebboune-continue-de-concretiser-ses-engagements-sociaux-des-hausses-de-5-et-10-pour-les-retraites\\\/#primaryimage\",\"url\":\"https:\\\/\\\/lasentinelle.dz\\\/wp-content\\\/uploads\\\/2025\\\/12\\\/tebboune.jpg\",\"contentUrl\":\"https:\\\/\\\/lasentinelle.dz\\\/wp-content\\\/uploads\\\/2025\\\/12\\\/tebboune.jpg\",\"width\":1280,\"height\":853},{\"@type\":\"BreadcrumbList\",\"@id\":\"https:\\\/\\\/lasentinelle.dz\\\/index.php\\\/2025\\\/12\\\/15\\\/tebboune-continue-de-concretiser-ses-engagements-sociaux-des-hausses-de-5-et-10-pour-les-retraites\\\/#breadcrumb\",\"itemListElement\":[{\"@type\":\"ListItem\",\"position\":1,\"name\":\"Accueil\",\"item\":\"https:\\\/\\\/lasentinelle.dz\\\/\"},{\"@type\":\"ListItem\",\"position\":2,\"name\":\"Tebboune continue de concr\u00e9tiser ses engagements sociaux\u00a0: Des hausses de 5 et 10% pour les retraites\"}]},{\"@type\":\"WebSite\",\"@id\":\"https:\\\/\\\/lasentinelle.dz\\\/#website\",\"url\":\"https:\\\/\\\/lasentinelle.dz\\\/\",\"name\":\"La Sentinelle\",\"description\":\"Quotidien national d&#039;information\",\"publisher\":{\"@id\":\"https:\\\/\\\/lasentinelle.dz\\\/#organization\"},\"potentialAction\":[{\"@type\":\"SearchAction\",\"target\":{\"@type\":\"EntryPoint\",\"urlTemplate\":\"https:\\\/\\\/lasentinelle.dz\\\/?s={search_term_string}\"},\"query-input\":{\"@type\":\"PropertyValueSpecification\",\"valueRequired\":true,\"valueName\":\"search_term_string\"}}],\"inLanguage\":\"fr-FR\"},{\"@type\":\"Organization\",\"@id\":\"https:\\\/\\\/lasentinelle.dz\\\/#organization\",\"name\":\"Quotidien La Sentinelle\",\"url\":\"https:\\\/\\\/lasentinelle.dz\\\/\",\"logo\":{\"@type\":\"ImageObject\",\"inLanguage\":\"fr-FR\",\"@id\":\"https:\\\/\\\/lasentinelle.dz\\\/#\\\/schema\\\/logo\\\/image\\\/\",\"url\":\"https:\\\/\\\/lasentinelle.dz\\\/wp-content\\\/uploads\\\/2021\\\/09\\\/logo-sentinelleSLOGAN-1.png\",\"contentUrl\":\"https:\\\/\\\/lasentinelle.dz\\\/wp-content\\\/uploads\\\/2021\\\/09\\\/logo-sentinelleSLOGAN-1.png\",\"width\":615,\"height\":142,\"caption\":\"Quotidien La Sentinelle\"},\"image\":{\"@id\":\"https:\\\/\\\/lasentinelle.dz\\\/#\\\/schema\\\/logo\\\/image\\\/\"},\"sameAs\":[\"https:\\\/\\\/www.facebook.com\\\/La-Sentinelle-104059864394773\"]},{\"@type\":\"Person\",\"@id\":\"https:\\\/\\\/lasentinelle.dz\\\/#\\\/schema\\\/person\\\/729ee0024f24e0b8c5ec17232f8e8b41\",\"name\":\"admin\",\"image\":{\"@type\":\"ImageObject\",\"inLanguage\":\"fr-FR\",\"@id\":\"https:\\\/\\\/secure.gravatar.com\\\/avatar\\\/4c81fed838786e9b53f540bf46533e750f5d292099ae3b66cfc6fb1982e29df7?s=96&d=mm&r=g\",\"url\":\"https:\\\/\\\/secure.gravatar.com\\\/avatar\\\/4c81fed838786e9b53f540bf46533e750f5d292099ae3b66cfc6fb1982e29df7?s=96&d=mm&r=g\",\"contentUrl\":\"https:\\\/\\\/secure.gravatar.com\\\/avatar\\\/4c81fed838786e9b53f540bf46533e750f5d292099ae3b66cfc6fb1982e29df7?s=96&d=mm&r=g\",\"caption\":\"admin\"},\"description\":\"admin\",\"url\":\"https:\\\/\\\/lasentinelle.dz\\\/author\\\/admin\\\/\"}]}<\/script>\n<!-- \/ Yoast SEO plugin. -->","yoast_head_json":{"title":"Tebboune continue de concr\u00e9tiser ses engagements sociaux\u00a0: Des hausses de 5 et 10% pour les retraites - La Sentinelle","robots":{"index":"index","follow":"follow","max-snippet":"max-snippet:-1","max-image-preview":"max-image-preview:large","max-video-preview":"max-video-preview:-1"},"canonical":"https:\/\/lasentinelle.dz\/index.php\/2025\/12\/15\/tebboune-continue-de-concretiser-ses-engagements-sociaux-des-hausses-de-5-et-10-pour-les-retraites\/","og_locale":"fr_FR","og_type":"article","og_title":"Tebboune continue de concr\u00e9tiser ses engagements sociaux\u00a0: Des hausses de 5 et 10% pour les retraites - La Sentinelle","og_description":"Le pr\u00e9sident de la R\u00e9publique Abdelmadjid Tebboune a pr\u00e9sid\u00e9 dimanche une r\u00e9union du Conseil des ministres qui a approuv\u00e9 des","og_url":"https:\/\/lasentinelle.dz\/index.php\/2025\/12\/15\/tebboune-continue-de-concretiser-ses-engagements-sociaux-des-hausses-de-5-et-10-pour-les-retraites\/","og_site_name":"La Sentinelle","article_publisher":"https:\/\/www.facebook.com\/La-Sentinelle-104059864394773","article_published_time":"2025-12-15T12:54:02+00:00","article_modified_time":"2025-12-15T12:54:03+00:00","og_image":[{"width":1280,"height":853,"url":"https:\/\/lasentinelle.dz\/wp-content\/uploads\/2025\/12\/tebboune.jpg","type":"image\/jpeg"}],"author":"admin","twitter_card":"summary_large_image","twitter_misc":{"\u00c9crit par":"admin","Dur\u00e9e de lecture estim\u00e9e":"5 minutes"},"schema":{"@context":"https:\/\/schema.org","@graph":[{"@type":"Article","@id":"https:\/\/lasentinelle.dz\/index.php\/2025\/12\/15\/tebboune-continue-de-concretiser-ses-engagements-sociaux-des-hausses-de-5-et-10-pour-les-retraites\/#article","isPartOf":{"@id":"https:\/\/lasentinelle.dz\/index.php\/2025\/12\/15\/tebboune-continue-de-concretiser-ses-engagements-sociaux-des-hausses-de-5-et-10-pour-les-retraites\/"},"author":{"name":"admin","@id":"https:\/\/lasentinelle.dz\/#\/schema\/person\/729ee0024f24e0b8c5ec17232f8e8b41"},"headline":"Tebboune continue de concr\u00e9tiser ses engagements sociaux\u00a0: Des hausses de 5 et 10% pour les retraites","datePublished":"2025-12-15T12:54:02+00:00","dateModified":"2025-12-15T12:54:03+00:00","mainEntityOfPage":{"@id":"https:\/\/lasentinelle.dz\/index.php\/2025\/12\/15\/tebboune-continue-de-concretiser-ses-engagements-sociaux-des-hausses-de-5-et-10-pour-les-retraites\/"},"wordCount":1054,"commentCount":0,"publisher":{"@id":"https:\/\/lasentinelle.dz\/#organization"},"image":{"@id":"https:\/\/lasentinelle.dz\/index.php\/2025\/12\/15\/tebboune-continue-de-concretiser-ses-engagements-sociaux-des-hausses-de-5-et-10-pour-les-retraites\/#primaryimage"},"thumbnailUrl":"https:\/\/lasentinelle.dz\/wp-content\/uploads\/2025\/12\/tebboune.jpg","articleSection":["\u00c0 la Une","Actualit\u00e9"],"inLanguage":"fr-FR","potentialAction":[{"@type":"CommentAction","name":"Comment","target":["https:\/\/lasentinelle.dz\/index.php\/2025\/12\/15\/tebboune-continue-de-concretiser-ses-engagements-sociaux-des-hausses-de-5-et-10-pour-les-retraites\/#respond"]}]},{"@type":"WebPage","@id":"https:\/\/lasentinelle.dz\/index.php\/2025\/12\/15\/tebboune-continue-de-concretiser-ses-engagements-sociaux-des-hausses-de-5-et-10-pour-les-retraites\/","url":"https:\/\/lasentinelle.dz\/index.php\/2025\/12\/15\/tebboune-continue-de-concretiser-ses-engagements-sociaux-des-hausses-de-5-et-10-pour-les-retraites\/","name":"Tebboune continue de concr\u00e9tiser ses engagements sociaux\u00a0: Des hausses de 5 et 10% pour les retraites - La Sentinelle","isPartOf":{"@id":"https:\/\/lasentinelle.dz\/#website"},"primaryImageOfPage":{"@id":"https:\/\/lasentinelle.dz\/index.php\/2025\/12\/15\/tebboune-continue-de-concretiser-ses-engagements-sociaux-des-hausses-de-5-et-10-pour-les-retraites\/#primaryimage"},"image":{"@id":"https:\/\/lasentinelle.dz\/index.php\/2025\/12\/15\/tebboune-continue-de-concretiser-ses-engagements-sociaux-des-hausses-de-5-et-10-pour-les-retraites\/#primaryimage"},"thumbnailUrl":"https:\/\/lasentinelle.dz\/wp-content\/uploads\/2025\/12\/tebboune.jpg","datePublished":"2025-12-15T12:54:02+00:00","dateModified":"2025-12-15T12:54:03+00:00","breadcrumb":{"@id":"https:\/\/lasentinelle.dz\/index.php\/2025\/12\/15\/tebboune-continue-de-concretiser-ses-engagements-sociaux-des-hausses-de-5-et-10-pour-les-retraites\/#breadcrumb"},"inLanguage":"fr-FR","potentialAction":[{"@type":"ReadAction","target":["https:\/\/lasentinelle.dz\/index.php\/2025\/12\/15\/tebboune-continue-de-concretiser-ses-engagements-sociaux-des-hausses-de-5-et-10-pour-les-retraites\/"]}]},{"@type":"ImageObject","inLanguage":"fr-FR","@id":"https:\/\/lasentinelle.dz\/index.php\/2025\/12\/15\/tebboune-continue-de-concretiser-ses-engagements-sociaux-des-hausses-de-5-et-10-pour-les-retraites\/#primaryimage","url":"https:\/\/lasentinelle.dz\/wp-content\/uploads\/2025\/12\/tebboune.jpg","contentUrl":"https:\/\/lasentinelle.dz\/wp-content\/uploads\/2025\/12\/tebboune.jpg","width":1280,"height":853},{"@type":"BreadcrumbList","@id":"https:\/\/lasentinelle.dz\/index.php\/2025\/12\/15\/tebboune-continue-de-concretiser-ses-engagements-sociaux-des-hausses-de-5-et-10-pour-les-retraites\/#breadcrumb","itemListElement":[{"@type":"ListItem","position":1,"name":"Accueil","item":"https:\/\/lasentinelle.dz\/"},{"@type":"ListItem","position":2,"name":"Tebboune continue de concr\u00e9tiser ses engagements sociaux\u00a0: Des hausses de 5 et 10% pour les retraites"}]},{"@type":"WebSite","@id":"https:\/\/lasentinelle.dz\/#website","url":"https:\/\/lasentinelle.dz\/","name":"La Sentinelle","description":"Quotidien national d&#039;information","publisher":{"@id":"https:\/\/lasentinelle.dz\/#organization"},"potentialAction":[{"@type":"SearchAction","target":{"@type":"EntryPoint","urlTemplate":"https:\/\/lasentinelle.dz\/?s={search_term_string}"},"query-input":{"@type":"PropertyValueSpecification","valueRequired":true,"valueName":"search_term_string"}}],"inLanguage":"fr-FR"},{"@type":"Organization","@id":"https:\/\/lasentinelle.dz\/#organization","name":"Quotidien La Sentinelle","url":"https:\/\/lasentinelle.dz\/","logo":{"@type":"ImageObject","inLanguage":"fr-FR","@id":"https:\/\/lasentinelle.dz\/#\/schema\/logo\/image\/","url":"https:\/\/lasentinelle.dz\/wp-content\/uploads\/2021\/09\/logo-sentinelleSLOGAN-1.png","contentUrl":"https:\/\/lasentinelle.dz\/wp-content\/uploads\/2021\/09\/logo-sentinelleSLOGAN-1.png","width":615,"height":142,"caption":"Quotidien La Sentinelle"},"image":{"@id":"https:\/\/lasentinelle.dz\/#\/schema\/logo\/image\/"},"sameAs":["https:\/\/www.facebook.com\/La-Sentinelle-104059864394773"]},{"@type":"Person","@id":"https:\/\/lasentinelle.dz\/#\/schema\/person\/729ee0024f24e0b8c5ec17232f8e8b41","name":"admin","image":{"@type":"ImageObject","inLanguage":"fr-FR","@id":"https:\/\/secure.gravatar.com\/avatar\/4c81fed838786e9b53f540bf46533e750f5d292099ae3b66cfc6fb1982e29df7?s=96&d=mm&r=g","url":"https:\/\/secure.gravatar.com\/avatar\/4c81fed838786e9b53f540bf46533e750f5d292099ae3b66cfc6fb1982e29df7?s=96&d=mm&r=g","contentUrl":"https:\/\/secure.gravatar.com\/avatar\/4c81fed838786e9b53f540bf46533e750f5d292099ae3b66cfc6fb1982e29df7?s=96&d=mm&r=g","caption":"admin"},"description":"admin","url":"https:\/\/lasentinelle.dz\/author\/admin\/"}]}},"_links":{"self":[{"href":"https:\/\/lasentinelle.dz\/index.php\/wp-json\/wp\/v2\/posts\/77807","targetHints":{"allow":["GET"]}}],"collection":[{"href":"https:\/\/lasentinelle.dz\/index.php\/wp-json\/wp\/v2\/posts"}],"about":[{"href":"https:\/\/lasentinelle.dz\/index.php\/wp-json\/wp\/v2\/types\/post"}],"author":[{"embeddable":true,"href":"https:\/\/lasentinelle.dz\/index.php\/wp-json\/wp\/v2\/users\/6"}],"replies":[{"embeddable":true,"href":"https:\/\/lasentinelle.dz\/index.php\/wp-json\/wp\/v2\/comments?post=77807"}],"version-history":[{"count":1,"href":"https:\/\/lasentinelle.dz\/index.php\/wp-json\/wp\/v2\/posts\/77807\/revisions"}],"predecessor-version":[{"id":77809,"href":"https:\/\/lasentinelle.dz\/index.php\/wp-json\/wp\/v2\/posts\/77807\/revisions\/77809"}],"wp:featuredmedia":[{"embeddable":true,"href":"https:\/\/lasentinelle.dz\/index.php\/wp-json\/wp\/v2\/media\/77808"}],"wp:attachment":[{"href":"https:\/\/lasentinelle.dz\/index.php\/wp-json\/wp\/v2\/media?parent=77807"}],"wp:term":[{"taxonomy":"category","embeddable":true,"href":"https:\/\/lasentinelle.dz\/index.php\/wp-json\/wp\/v2\/categories?post=77807"},{"taxonomy":"post_tag","embeddable":true,"href":"https:\/\/lasentinelle.dz\/index.php\/wp-json\/wp\/v2\/tags?post=77807"}],"curies":[{"name":"wp","href":"https:\/\/api.w.org\/{rel}","templated":true}]}}