{"id":7781,"date":"2021-09-15T00:01:00","date_gmt":"2021-09-14T23:01:00","guid":{"rendered":"https:\/\/lasentinelle.dz\/?p=7781"},"modified":"2021-09-14T15:43:19","modified_gmt":"2021-09-14T14:43:19","slug":"sebastiao-salgado-parmi-les-laureats-du-32e-nobel-des-arts","status":"publish","type":"post","link":"https:\/\/lasentinelle.dz\/index.php\/2021\/09\/15\/sebastiao-salgado-parmi-les-laureats-du-32e-nobel-des-arts\/","title":{"rendered":"Sebastiao Salgado, parmi les laur\u00e9ats du 32e \u00ab\u00a0Nobel des arts\u00a0\u00bb"},"content":{"rendered":"\n<p>Le photographe franco-br\u00e9silien Sebastiao Salgado, c\u00e9l\u00e8bre pour ses intenses photos en noir et blanc, fait partie des laur\u00e9ats du 32e PraemiumImperiale, consid\u00e9r\u00e9 comme le \u00ab\u00a0Nobel des arts\u00a0\u00bb qui r\u00e9compense aussi cette ann\u00e9e le violoncelliste Yo-Yo Ma.Ce prix prestigieux, dont le palmar\u00e8s a \u00e9t\u00e9 annonc\u00e9 mardi \u00e0 Paris, a \u00e9t\u00e9 cr\u00e9\u00e9 en 1988 par la Japan Art Association. Chaque laur\u00e9at re\u00e7oit la somme de 15 millions de yens (environ 115.000 euros), traditionnellement en octobre lors d&rsquo;une c\u00e9r\u00e9monie \u00e0 Tokyo de la part du prince Hitachi, fr\u00e8re cadet de l&#8217;empereur Akihito.En raison de la crise sanitaire, les c\u00e9r\u00e9monies n&rsquo;auront pas lieu cette ann\u00e9e.Sebastiao Salgado, 77 ans, a \u00e9t\u00e9 distingu\u00e9 dans la cat\u00e9gorie peinture, pour ses images o\u00f9 il rend compte avec un grand sens esth\u00e9tique de la condition des plus pauvres et de la d\u00e9gradation de l&rsquo;environnement. Son dernier projet \u00ab\u00a0Amazonia\u00a0\u00bb est une exploration de sept ann\u00e9es de l&rsquo;\u00e9cosyst\u00e8me amazonien et de la vie de ses populations autochtones.Ont \u00e9t\u00e9 \u00e9galement distingu\u00e9s le sculpteur am\u00e9ricain James Turrell, qui utilise l&rsquo;espace et la lumi\u00e8re comme moyens d&rsquo;expression, l&rsquo;architecte australien Glenn Murcutt, connu pour ses maisons modernistes s&rsquo;int\u00e9grant dans leur environnement rural (Pritzker 2002) et le violoncelliste virtuose Yo-Yo Ma.Consid\u00e9r\u00e9 comme l&rsquo;un des plus grands de son temps, le musicien am\u00e9ricain, n\u00e9 de parents chinois \u00e9tablis \u00e0 Paris, a enregistr\u00e9 plus d&rsquo;une centaine d&rsquo;albums et a remport\u00e9 de nombreuses r\u00e9compenses, dont 18 Grammy Awards au cours de sa carri\u00e8re.<\/p>\n\n\n\n<p>AFP<\/p>\n","protected":false},"excerpt":{"rendered":"<p>Le photographe franco-br\u00e9silien Sebastiao Salgado, c\u00e9l\u00e8bre pour ses intenses photos en noir et blanc, fait partie des laur\u00e9ats du 32e<\/p>\n","protected":false},"author":3,"featured_media":7782,"comment_status":"open","ping_status":"closed","sticky":false,"template":"","format":"standard","meta":{"colormag_page_container_layout":"default_layout","colormag_page_sidebar_layout":"default_layout","om_disable_all_campaigns":false,"_monsterinsights_skip_tracking":false,"_monsterinsights_sitenote_active":false,"_monsterinsights_sitenote_note":"","_monsterinsights_sitenote_category":0,"footnotes":"","_wpscppro_dont_share_socialmedia":false,"_wpscppro_custom_social_share_image":0,"_facebook_share_type":"","_twitter_share_type":"","_linkedin_share_type":"","_pinterest_share_type":"","_linkedin_share_type_page":"","_instagram_share_type":"","_medium_share_type":"","_threads_share_type":"","_google_business_share_type":"","_selected_social_profile":[],"_wpsp_enable_custom_social_template":false,"_wpsp_social_scheduling":{"enabled":false,"datetime":null,"platforms":[],"status":"template_only","dateOption":"today","timeOption":"now","customDays":"","customHours":"","customDate":"","customTime":"","schedulingType":"absolute"},"_wpsp_active_default_template":true},"categories":[36],"tags":[],"class_list":["post-7781","post","type-post","status-publish","format-standard","has-post-thumbnail","hentry","category-culture"],"aioseo_notices":[],"yoast_head":"<!-- This site is optimized with the Yoast SEO plugin v27.5 - https:\/\/yoast.com\/product\/yoast-seo-wordpress\/ -->\n<title>Sebastiao Salgado, parmi les laur\u00e9ats du 32e &quot;Nobel des arts&quot; - La Sentinelle<\/title>\n<meta name=\"robots\" content=\"index, follow, max-snippet:-1, max-image-preview:large, max-video-preview:-1\" \/>\n<link rel=\"canonical\" href=\"https:\/\/lasentinelle.dz\/index.php\/2021\/09\/15\/sebastiao-salgado-parmi-les-laureats-du-32e-nobel-des-arts\/\" \/>\n<meta property=\"og:locale\" content=\"fr_FR\" \/>\n<meta property=\"og:type\" content=\"article\" \/>\n<meta property=\"og:title\" content=\"Sebastiao Salgado, parmi les laur\u00e9ats du 32e &quot;Nobel des arts&quot; - La Sentinelle\" \/>\n<meta property=\"og:description\" content=\"Le photographe franco-br\u00e9silien Sebastiao Salgado, c\u00e9l\u00e8bre pour ses intenses photos en noir et blanc, fait partie des laur\u00e9ats du 32e\" \/>\n<meta property=\"og:url\" content=\"https:\/\/lasentinelle.dz\/index.php\/2021\/09\/15\/sebastiao-salgado-parmi-les-laureats-du-32e-nobel-des-arts\/\" \/>\n<meta property=\"og:site_name\" content=\"La Sentinelle\" \/>\n<meta property=\"article:publisher\" content=\"https:\/\/www.facebook.com\/La-Sentinelle-104059864394773\" \/>\n<meta property=\"article:published_time\" content=\"2021-09-14T23:01:00+00:00\" \/>\n<meta property=\"og:image\" content=\"https:\/\/lasentinelle.dz\/wp-content\/uploads\/2021\/09\/image_2021-09-14_154056.png\" \/>\n\t<meta property=\"og:image:width\" content=\"620\" \/>\n\t<meta property=\"og:image:height\" content=\"400\" \/>\n\t<meta property=\"og:image:type\" content=\"image\/png\" \/>\n<meta name=\"author\" content=\"La Sentinelle\" \/>\n<meta name=\"twitter:card\" content=\"summary_large_image\" \/>\n<meta name=\"twitter:label1\" content=\"\u00c9crit par\" \/>\n\t<meta name=\"twitter:data1\" content=\"La Sentinelle\" \/>\n\t<meta name=\"twitter:label2\" content=\"Dur\u00e9e de lecture estim\u00e9e\" \/>\n\t<meta name=\"twitter:data2\" content=\"2 minutes\" \/>\n<script type=\"application\/ld+json\" class=\"yoast-schema-graph\">{\"@context\":\"https:\\\/\\\/schema.org\",\"@graph\":[{\"@type\":\"Article\",\"@id\":\"https:\\\/\\\/lasentinelle.dz\\\/index.php\\\/2021\\\/09\\\/15\\\/sebastiao-salgado-parmi-les-laureats-du-32e-nobel-des-arts\\\/#article\",\"isPartOf\":{\"@id\":\"https:\\\/\\\/lasentinelle.dz\\\/index.php\\\/2021\\\/09\\\/15\\\/sebastiao-salgado-parmi-les-laureats-du-32e-nobel-des-arts\\\/\"},\"author\":{\"name\":\"La Sentinelle\",\"@id\":\"https:\\\/\\\/lasentinelle.dz\\\/#\\\/schema\\\/person\\\/d865044e22e70a75174ce8bcad3acfb3\"},\"headline\":\"Sebastiao Salgado, parmi les laur\u00e9ats du 32e \u00ab\u00a0Nobel des arts\u00a0\u00bb\",\"datePublished\":\"2021-09-14T23:01:00+00:00\",\"mainEntityOfPage\":{\"@id\":\"https:\\\/\\\/lasentinelle.dz\\\/index.php\\\/2021\\\/09\\\/15\\\/sebastiao-salgado-parmi-les-laureats-du-32e-nobel-des-arts\\\/\"},\"wordCount\":283,\"commentCount\":0,\"publisher\":{\"@id\":\"https:\\\/\\\/lasentinelle.dz\\\/#organization\"},\"image\":{\"@id\":\"https:\\\/\\\/lasentinelle.dz\\\/index.php\\\/2021\\\/09\\\/15\\\/sebastiao-salgado-parmi-les-laureats-du-32e-nobel-des-arts\\\/#primaryimage\"},\"thumbnailUrl\":\"https:\\\/\\\/lasentinelle.dz\\\/wp-content\\\/uploads\\\/2021\\\/09\\\/image_2021-09-14_154056.png\",\"articleSection\":[\"Culture\"],\"inLanguage\":\"fr-FR\",\"potentialAction\":[{\"@type\":\"CommentAction\",\"name\":\"Comment\",\"target\":[\"https:\\\/\\\/lasentinelle.dz\\\/index.php\\\/2021\\\/09\\\/15\\\/sebastiao-salgado-parmi-les-laureats-du-32e-nobel-des-arts\\\/#respond\"]}]},{\"@type\":\"WebPage\",\"@id\":\"https:\\\/\\\/lasentinelle.dz\\\/index.php\\\/2021\\\/09\\\/15\\\/sebastiao-salgado-parmi-les-laureats-du-32e-nobel-des-arts\\\/\",\"url\":\"https:\\\/\\\/lasentinelle.dz\\\/index.php\\\/2021\\\/09\\\/15\\\/sebastiao-salgado-parmi-les-laureats-du-32e-nobel-des-arts\\\/\",\"name\":\"Sebastiao Salgado, parmi les laur\u00e9ats du 32e \\\"Nobel des arts\\\" - La Sentinelle\",\"isPartOf\":{\"@id\":\"https:\\\/\\\/lasentinelle.dz\\\/#website\"},\"primaryImageOfPage\":{\"@id\":\"https:\\\/\\\/lasentinelle.dz\\\/index.php\\\/2021\\\/09\\\/15\\\/sebastiao-salgado-parmi-les-laureats-du-32e-nobel-des-arts\\\/#primaryimage\"},\"image\":{\"@id\":\"https:\\\/\\\/lasentinelle.dz\\\/index.php\\\/2021\\\/09\\\/15\\\/sebastiao-salgado-parmi-les-laureats-du-32e-nobel-des-arts\\\/#primaryimage\"},\"thumbnailUrl\":\"https:\\\/\\\/lasentinelle.dz\\\/wp-content\\\/uploads\\\/2021\\\/09\\\/image_2021-09-14_154056.png\",\"datePublished\":\"2021-09-14T23:01:00+00:00\",\"breadcrumb\":{\"@id\":\"https:\\\/\\\/lasentinelle.dz\\\/index.php\\\/2021\\\/09\\\/15\\\/sebastiao-salgado-parmi-les-laureats-du-32e-nobel-des-arts\\\/#breadcrumb\"},\"inLanguage\":\"fr-FR\",\"potentialAction\":[{\"@type\":\"ReadAction\",\"target\":[\"https:\\\/\\\/lasentinelle.dz\\\/index.php\\\/2021\\\/09\\\/15\\\/sebastiao-salgado-parmi-les-laureats-du-32e-nobel-des-arts\\\/\"]}]},{\"@type\":\"ImageObject\",\"inLanguage\":\"fr-FR\",\"@id\":\"https:\\\/\\\/lasentinelle.dz\\\/index.php\\\/2021\\\/09\\\/15\\\/sebastiao-salgado-parmi-les-laureats-du-32e-nobel-des-arts\\\/#primaryimage\",\"url\":\"https:\\\/\\\/lasentinelle.dz\\\/wp-content\\\/uploads\\\/2021\\\/09\\\/image_2021-09-14_154056.png\",\"contentUrl\":\"https:\\\/\\\/lasentinelle.dz\\\/wp-content\\\/uploads\\\/2021\\\/09\\\/image_2021-09-14_154056.png\",\"width\":620,\"height\":400},{\"@type\":\"BreadcrumbList\",\"@id\":\"https:\\\/\\\/lasentinelle.dz\\\/index.php\\\/2021\\\/09\\\/15\\\/sebastiao-salgado-parmi-les-laureats-du-32e-nobel-des-arts\\\/#breadcrumb\",\"itemListElement\":[{\"@type\":\"ListItem\",\"position\":1,\"name\":\"Accueil\",\"item\":\"https:\\\/\\\/lasentinelle.dz\\\/\"},{\"@type\":\"ListItem\",\"position\":2,\"name\":\"Sebastiao Salgado, parmi les laur\u00e9ats du 32e \u00ab\u00a0Nobel des arts\u00a0\u00bb\"}]},{\"@type\":\"WebSite\",\"@id\":\"https:\\\/\\\/lasentinelle.dz\\\/#website\",\"url\":\"https:\\\/\\\/lasentinelle.dz\\\/\",\"name\":\"La Sentinelle\",\"description\":\"Quotidien national d&#039;information\",\"publisher\":{\"@id\":\"https:\\\/\\\/lasentinelle.dz\\\/#organization\"},\"potentialAction\":[{\"@type\":\"SearchAction\",\"target\":{\"@type\":\"EntryPoint\",\"urlTemplate\":\"https:\\\/\\\/lasentinelle.dz\\\/?s={search_term_string}\"},\"query-input\":{\"@type\":\"PropertyValueSpecification\",\"valueRequired\":true,\"valueName\":\"search_term_string\"}}],\"inLanguage\":\"fr-FR\"},{\"@type\":\"Organization\",\"@id\":\"https:\\\/\\\/lasentinelle.dz\\\/#organization\",\"name\":\"Quotidien La Sentinelle\",\"url\":\"https:\\\/\\\/lasentinelle.dz\\\/\",\"logo\":{\"@type\":\"ImageObject\",\"inLanguage\":\"fr-FR\",\"@id\":\"https:\\\/\\\/lasentinelle.dz\\\/#\\\/schema\\\/logo\\\/image\\\/\",\"url\":\"https:\\\/\\\/lasentinelle.dz\\\/wp-content\\\/uploads\\\/2021\\\/09\\\/logo-sentinelleSLOGAN-1.png\",\"contentUrl\":\"https:\\\/\\\/lasentinelle.dz\\\/wp-content\\\/uploads\\\/2021\\\/09\\\/logo-sentinelleSLOGAN-1.png\",\"width\":615,\"height\":142,\"caption\":\"Quotidien La Sentinelle\"},\"image\":{\"@id\":\"https:\\\/\\\/lasentinelle.dz\\\/#\\\/schema\\\/logo\\\/image\\\/\"},\"sameAs\":[\"https:\\\/\\\/www.facebook.com\\\/La-Sentinelle-104059864394773\"]},{\"@type\":\"Person\",\"@id\":\"https:\\\/\\\/lasentinelle.dz\\\/#\\\/schema\\\/person\\\/d865044e22e70a75174ce8bcad3acfb3\",\"name\":\"La Sentinelle\",\"image\":{\"@type\":\"ImageObject\",\"inLanguage\":\"fr-FR\",\"@id\":\"https:\\\/\\\/secure.gravatar.com\\\/avatar\\\/57de8e5d4b15d43fb361a71fbb36338450fe67865b528a43dd10ef7c51a20392?s=96&d=mm&r=g\",\"url\":\"https:\\\/\\\/secure.gravatar.com\\\/avatar\\\/57de8e5d4b15d43fb361a71fbb36338450fe67865b528a43dd10ef7c51a20392?s=96&d=mm&r=g\",\"contentUrl\":\"https:\\\/\\\/secure.gravatar.com\\\/avatar\\\/57de8e5d4b15d43fb361a71fbb36338450fe67865b528a43dd10ef7c51a20392?s=96&d=mm&r=g\",\"caption\":\"La Sentinelle\"},\"sameAs\":[\"http:\\\/\\\/www.lasentinelle.dz\"],\"url\":\"https:\\\/\\\/lasentinelle.dz\\\/author\\\/redaction\\\/\"}]}<\/script>\n<!-- \/ Yoast SEO plugin. -->","yoast_head_json":{"title":"Sebastiao Salgado, parmi les laur\u00e9ats du 32e \"Nobel des arts\" - La Sentinelle","robots":{"index":"index","follow":"follow","max-snippet":"max-snippet:-1","max-image-preview":"max-image-preview:large","max-video-preview":"max-video-preview:-1"},"canonical":"https:\/\/lasentinelle.dz\/index.php\/2021\/09\/15\/sebastiao-salgado-parmi-les-laureats-du-32e-nobel-des-arts\/","og_locale":"fr_FR","og_type":"article","og_title":"Sebastiao Salgado, parmi les laur\u00e9ats du 32e \"Nobel des arts\" - La Sentinelle","og_description":"Le photographe franco-br\u00e9silien Sebastiao Salgado, c\u00e9l\u00e8bre pour ses intenses photos en noir et blanc, fait partie des laur\u00e9ats du 32e","og_url":"https:\/\/lasentinelle.dz\/index.php\/2021\/09\/15\/sebastiao-salgado-parmi-les-laureats-du-32e-nobel-des-arts\/","og_site_name":"La Sentinelle","article_publisher":"https:\/\/www.facebook.com\/La-Sentinelle-104059864394773","article_published_time":"2021-09-14T23:01:00+00:00","og_image":[{"width":620,"height":400,"url":"https:\/\/lasentinelle.dz\/wp-content\/uploads\/2021\/09\/image_2021-09-14_154056.png","type":"image\/png"}],"author":"La Sentinelle","twitter_card":"summary_large_image","twitter_misc":{"\u00c9crit par":"La Sentinelle","Dur\u00e9e de lecture estim\u00e9e":"2 minutes"},"schema":{"@context":"https:\/\/schema.org","@graph":[{"@type":"Article","@id":"https:\/\/lasentinelle.dz\/index.php\/2021\/09\/15\/sebastiao-salgado-parmi-les-laureats-du-32e-nobel-des-arts\/#article","isPartOf":{"@id":"https:\/\/lasentinelle.dz\/index.php\/2021\/09\/15\/sebastiao-salgado-parmi-les-laureats-du-32e-nobel-des-arts\/"},"author":{"name":"La Sentinelle","@id":"https:\/\/lasentinelle.dz\/#\/schema\/person\/d865044e22e70a75174ce8bcad3acfb3"},"headline":"Sebastiao Salgado, parmi les laur\u00e9ats du 32e \u00ab\u00a0Nobel des arts\u00a0\u00bb","datePublished":"2021-09-14T23:01:00+00:00","mainEntityOfPage":{"@id":"https:\/\/lasentinelle.dz\/index.php\/2021\/09\/15\/sebastiao-salgado-parmi-les-laureats-du-32e-nobel-des-arts\/"},"wordCount":283,"commentCount":0,"publisher":{"@id":"https:\/\/lasentinelle.dz\/#organization"},"image":{"@id":"https:\/\/lasentinelle.dz\/index.php\/2021\/09\/15\/sebastiao-salgado-parmi-les-laureats-du-32e-nobel-des-arts\/#primaryimage"},"thumbnailUrl":"https:\/\/lasentinelle.dz\/wp-content\/uploads\/2021\/09\/image_2021-09-14_154056.png","articleSection":["Culture"],"inLanguage":"fr-FR","potentialAction":[{"@type":"CommentAction","name":"Comment","target":["https:\/\/lasentinelle.dz\/index.php\/2021\/09\/15\/sebastiao-salgado-parmi-les-laureats-du-32e-nobel-des-arts\/#respond"]}]},{"@type":"WebPage","@id":"https:\/\/lasentinelle.dz\/index.php\/2021\/09\/15\/sebastiao-salgado-parmi-les-laureats-du-32e-nobel-des-arts\/","url":"https:\/\/lasentinelle.dz\/index.php\/2021\/09\/15\/sebastiao-salgado-parmi-les-laureats-du-32e-nobel-des-arts\/","name":"Sebastiao Salgado, parmi les laur\u00e9ats du 32e \"Nobel des arts\" - La Sentinelle","isPartOf":{"@id":"https:\/\/lasentinelle.dz\/#website"},"primaryImageOfPage":{"@id":"https:\/\/lasentinelle.dz\/index.php\/2021\/09\/15\/sebastiao-salgado-parmi-les-laureats-du-32e-nobel-des-arts\/#primaryimage"},"image":{"@id":"https:\/\/lasentinelle.dz\/index.php\/2021\/09\/15\/sebastiao-salgado-parmi-les-laureats-du-32e-nobel-des-arts\/#primaryimage"},"thumbnailUrl":"https:\/\/lasentinelle.dz\/wp-content\/uploads\/2021\/09\/image_2021-09-14_154056.png","datePublished":"2021-09-14T23:01:00+00:00","breadcrumb":{"@id":"https:\/\/lasentinelle.dz\/index.php\/2021\/09\/15\/sebastiao-salgado-parmi-les-laureats-du-32e-nobel-des-arts\/#breadcrumb"},"inLanguage":"fr-FR","potentialAction":[{"@type":"ReadAction","target":["https:\/\/lasentinelle.dz\/index.php\/2021\/09\/15\/sebastiao-salgado-parmi-les-laureats-du-32e-nobel-des-arts\/"]}]},{"@type":"ImageObject","inLanguage":"fr-FR","@id":"https:\/\/lasentinelle.dz\/index.php\/2021\/09\/15\/sebastiao-salgado-parmi-les-laureats-du-32e-nobel-des-arts\/#primaryimage","url":"https:\/\/lasentinelle.dz\/wp-content\/uploads\/2021\/09\/image_2021-09-14_154056.png","contentUrl":"https:\/\/lasentinelle.dz\/wp-content\/uploads\/2021\/09\/image_2021-09-14_154056.png","width":620,"height":400},{"@type":"BreadcrumbList","@id":"https:\/\/lasentinelle.dz\/index.php\/2021\/09\/15\/sebastiao-salgado-parmi-les-laureats-du-32e-nobel-des-arts\/#breadcrumb","itemListElement":[{"@type":"ListItem","position":1,"name":"Accueil","item":"https:\/\/lasentinelle.dz\/"},{"@type":"ListItem","position":2,"name":"Sebastiao Salgado, parmi les laur\u00e9ats du 32e \u00ab\u00a0Nobel des arts\u00a0\u00bb"}]},{"@type":"WebSite","@id":"https:\/\/lasentinelle.dz\/#website","url":"https:\/\/lasentinelle.dz\/","name":"La Sentinelle","description":"Quotidien national d&#039;information","publisher":{"@id":"https:\/\/lasentinelle.dz\/#organization"},"potentialAction":[{"@type":"SearchAction","target":{"@type":"EntryPoint","urlTemplate":"https:\/\/lasentinelle.dz\/?s={search_term_string}"},"query-input":{"@type":"PropertyValueSpecification","valueRequired":true,"valueName":"search_term_string"}}],"inLanguage":"fr-FR"},{"@type":"Organization","@id":"https:\/\/lasentinelle.dz\/#organization","name":"Quotidien La Sentinelle","url":"https:\/\/lasentinelle.dz\/","logo":{"@type":"ImageObject","inLanguage":"fr-FR","@id":"https:\/\/lasentinelle.dz\/#\/schema\/logo\/image\/","url":"https:\/\/lasentinelle.dz\/wp-content\/uploads\/2021\/09\/logo-sentinelleSLOGAN-1.png","contentUrl":"https:\/\/lasentinelle.dz\/wp-content\/uploads\/2021\/09\/logo-sentinelleSLOGAN-1.png","width":615,"height":142,"caption":"Quotidien La Sentinelle"},"image":{"@id":"https:\/\/lasentinelle.dz\/#\/schema\/logo\/image\/"},"sameAs":["https:\/\/www.facebook.com\/La-Sentinelle-104059864394773"]},{"@type":"Person","@id":"https:\/\/lasentinelle.dz\/#\/schema\/person\/d865044e22e70a75174ce8bcad3acfb3","name":"La Sentinelle","image":{"@type":"ImageObject","inLanguage":"fr-FR","@id":"https:\/\/secure.gravatar.com\/avatar\/57de8e5d4b15d43fb361a71fbb36338450fe67865b528a43dd10ef7c51a20392?s=96&d=mm&r=g","url":"https:\/\/secure.gravatar.com\/avatar\/57de8e5d4b15d43fb361a71fbb36338450fe67865b528a43dd10ef7c51a20392?s=96&d=mm&r=g","contentUrl":"https:\/\/secure.gravatar.com\/avatar\/57de8e5d4b15d43fb361a71fbb36338450fe67865b528a43dd10ef7c51a20392?s=96&d=mm&r=g","caption":"La Sentinelle"},"sameAs":["http:\/\/www.lasentinelle.dz"],"url":"https:\/\/lasentinelle.dz\/author\/redaction\/"}]}},"_links":{"self":[{"href":"https:\/\/lasentinelle.dz\/index.php\/wp-json\/wp\/v2\/posts\/7781","targetHints":{"allow":["GET"]}}],"collection":[{"href":"https:\/\/lasentinelle.dz\/index.php\/wp-json\/wp\/v2\/posts"}],"about":[{"href":"https:\/\/lasentinelle.dz\/index.php\/wp-json\/wp\/v2\/types\/post"}],"author":[{"embeddable":true,"href":"https:\/\/lasentinelle.dz\/index.php\/wp-json\/wp\/v2\/users\/3"}],"replies":[{"embeddable":true,"href":"https:\/\/lasentinelle.dz\/index.php\/wp-json\/wp\/v2\/comments?post=7781"}],"version-history":[{"count":1,"href":"https:\/\/lasentinelle.dz\/index.php\/wp-json\/wp\/v2\/posts\/7781\/revisions"}],"predecessor-version":[{"id":7783,"href":"https:\/\/lasentinelle.dz\/index.php\/wp-json\/wp\/v2\/posts\/7781\/revisions\/7783"}],"wp:featuredmedia":[{"embeddable":true,"href":"https:\/\/lasentinelle.dz\/index.php\/wp-json\/wp\/v2\/media\/7782"}],"wp:attachment":[{"href":"https:\/\/lasentinelle.dz\/index.php\/wp-json\/wp\/v2\/media?parent=7781"}],"wp:term":[{"taxonomy":"category","embeddable":true,"href":"https:\/\/lasentinelle.dz\/index.php\/wp-json\/wp\/v2\/categories?post=7781"},{"taxonomy":"post_tag","embeddable":true,"href":"https:\/\/lasentinelle.dz\/index.php\/wp-json\/wp\/v2\/tags?post=7781"}],"curies":[{"name":"wp","href":"https:\/\/api.w.org\/{rel}","templated":true}]}}