{"id":77810,"date":"2025-12-15T19:06:06","date_gmt":"2025-12-15T18:06:06","guid":{"rendered":"https:\/\/lasentinelle.dz\/?p=77810"},"modified":"2025-12-15T19:06:08","modified_gmt":"2025-12-15T18:06:08","slug":"catastrophes-naturelles-une-feuille-de-route-pour-la-decennie-a-venir","status":"publish","type":"post","link":"https:\/\/lasentinelle.dz\/index.php\/2025\/12\/15\/catastrophes-naturelles-une-feuille-de-route-pour-la-decennie-a-venir\/","title":{"rendered":"Catastrophes naturelles\u00a0: Une\u00a0feuille de route pour la d\u00e9cennie \u00e0 venir"},"content":{"rendered":"\n<p>Dimanche, au si\u00e8ge du minist\u00e8re de l&rsquo;Int\u00e9rieur, des Collectivit\u00e9s locales et des Transports, le Comit\u00e9 intersectoriel de pr\u00e9vention des risques de catastrophe a d\u00e9voil\u00e9 une strat\u00e9gie nationale ambitieuse couvrant la p\u00e9riode 2025-2035, marquant ainsi un tournant dans l&rsquo;approche face aux al\u00e9as naturels et aux risques majeurs.&nbsp;&nbsp;Selon le communiqu\u00e9 du minist\u00e8re publi\u00e9 lundi, la rencontre s&rsquo;est tenue \u00ab\u00a0conform\u00e9ment aux directives du ministre de l&rsquo;Int\u00e9rieur, des Collectivit\u00e9s locales et des Transports, M. Sa\u00efd Sayoud\u00a0\u00bb. L&rsquo;ordre du jour t\u00e9moigne d&rsquo;une volont\u00e9 de dresser un bilan exhaustif tout en projetant l&rsquo;action publique sur le long terme. La r\u00e9union a ainsi \u00e9t\u00e9 consacr\u00e9e \u00e0 \u00ab\u00a0la pr\u00e9sentation du rapport annuel sur la gestion des risques de catastrophe pour l&rsquo;ann\u00e9e 2024, et de la strat\u00e9gie nationale de gestion des risques de catastrophe pour la p\u00e9riode 2025-2035, ainsi qu&rsquo;\u00e0 l&rsquo;\u00e9valuation de l&rsquo;\u00e9tat d&rsquo;avancement des travaux des comit\u00e9s charg\u00e9s de l&rsquo;\u00e9laboration, de l&rsquo;actualisation et de la mise en \u0153uvre des plans publics de pr\u00e9vention\u00a0\u00bb, pr\u00e9cise le&nbsp;communiqu\u00e9.<\/p>\n\n\n\n<p>Cette strat\u00e9gie sur 10 ans intervient dans un contexte o\u00f9 l&rsquo;Alg\u00e9rie, comme de nombreux pays m\u00e9diterran\u00e9ens, fait face \u00e0 une multiplication des ph\u00e9nom\u00e8nes climatiques extr\u00eames. Inondations d\u00e9vastatrices, incendies de for\u00eat d&rsquo;une intensit\u00e9 croissante, s\u00e9ismes et glissements de terrain constituent autant de menaces qui exigent une r\u00e9ponse coordonn\u00e9e et anticipative des pouvoirs publics.&nbsp;&nbsp;L&rsquo;accent a \u00e9t\u00e9 mis lors de cette rencontre sur \u00ab\u00a0la n\u00e9cessit\u00e9 de renforcer la coordination intersectorielle et d&rsquo;adopter une approche proactive en mati\u00e8re de pr\u00e9vention des risques de catastrophe, \u00e0 m\u00eame d&rsquo;am\u00e9liorer le niveau de pr\u00e9paration et l&rsquo;efficacit\u00e9 des interventions sur le terrain\u00a0\u00bb, souligne le communiqu\u00e9.<\/p>\n\n\n\n<p>Le passage d&rsquo;une logique r\u00e9active \u00e0 une approche proactive constitue l&rsquo;autre pilier de cette nouvelle strat\u00e9gie. Il ne s&rsquo;agit plus seulement de g\u00e9rer l&rsquo;urgence lorsque la catastrophe survient, mais d&rsquo;anticiper, de pr\u00e9venir et de r\u00e9duire la vuln\u00e9rabilit\u00e9 des territoires et des populations. Cette mutation implique des investissements massifs dans les syst\u00e8mes d&rsquo;alerte pr\u00e9coce, la cartographie des zones \u00e0 risque, la mise aux normes antisismiques des b\u00e2timents, l&rsquo;am\u00e9nagement du territoire et la sensibilisation des citoyens.<\/p>\n\n\n\n<p>Comme le rappelle le communiqu\u00e9, cette r\u00e9union s&rsquo;inscrit dans \u00ab\u00a0le cadre des efforts continus de l&rsquo;\u00c9tat visant \u00e0 renforcer le syst\u00e8me de pr\u00e9vention et la prise en charge optimale des diff\u00e9rents risques\u00a0\u00bb. La pr\u00e9sentation de la strat\u00e9gie 2025-2035 marque ainsi une nouvelle \u00e9tape dans la construction d&rsquo;une r\u00e9silience nationale face aux catastrophes, avec l&rsquo;ambition de doter l&rsquo;Alg\u00e9rie d&rsquo;outils et de m\u00e9canismes \u00e0 la hauteur des d\u00e9fis climatiques et g\u00e9ologiques du 21e si\u00e8cle.<\/p>\n\n\n\n<p>Chokri Hafed<\/p>\n","protected":false},"excerpt":{"rendered":"<p>Dimanche, au si\u00e8ge du minist\u00e8re de l&rsquo;Int\u00e9rieur, des Collectivit\u00e9s locales et des Transports, le Comit\u00e9 intersectoriel de pr\u00e9vention des risques<\/p>\n","protected":false},"author":6,"featured_media":57040,"comment_status":"open","ping_status":"closed","sticky":false,"template":"","format":"standard","meta":{"colormag_page_container_layout":"default_layout","colormag_page_sidebar_layout":"default_layout","om_disable_all_campaigns":false,"_monsterinsights_skip_tracking":false,"_monsterinsights_sitenote_active":false,"_monsterinsights_sitenote_note":"","_monsterinsights_sitenote_category":0,"footnotes":"","_wpscppro_dont_share_socialmedia":false,"_wpscppro_custom_social_share_image":0,"_facebook_share_type":"default","_twitter_share_type":"default","_linkedin_share_type":"default","_pinterest_share_type":"default","_linkedin_share_type_page":"","_instagram_share_type":"default","_medium_share_type":"default","_threads_share_type":"default","_google_business_share_type":"default","_selected_social_profile":[],"_wpsp_enable_custom_social_template":false,"_wpsp_social_scheduling":{"enabled":false,"datetime":null,"platforms":[],"status":"template_only","dateOption":"today","timeOption":"now","customDays":"","customHours":"","customDate":"","customTime":"","schedulingType":"absolute"},"_wpsp_active_default_template":true},"categories":[52,27],"tags":[],"class_list":["post-77810","post","type-post","status-publish","format-standard","has-post-thumbnail","hentry","category-a-la-une","category-actualite"],"aioseo_notices":[],"yoast_head":"<!-- This site is optimized with the Yoast SEO plugin v27.5 - https:\/\/yoast.com\/product\/yoast-seo-wordpress\/ -->\n<title>Catastrophes naturelles\u00a0: Une\u00a0feuille de route pour la d\u00e9cennie \u00e0 venir - La Sentinelle<\/title>\n<meta name=\"robots\" content=\"index, follow, max-snippet:-1, max-image-preview:large, max-video-preview:-1\" \/>\n<link rel=\"canonical\" href=\"https:\/\/lasentinelle.dz\/index.php\/2025\/12\/15\/catastrophes-naturelles-une-feuille-de-route-pour-la-decennie-a-venir\/\" \/>\n<meta property=\"og:locale\" content=\"fr_FR\" \/>\n<meta property=\"og:type\" content=\"article\" \/>\n<meta property=\"og:title\" content=\"Catastrophes naturelles\u00a0: Une\u00a0feuille de route pour la d\u00e9cennie \u00e0 venir - La Sentinelle\" \/>\n<meta property=\"og:description\" content=\"Dimanche, au si\u00e8ge du minist\u00e8re de l&rsquo;Int\u00e9rieur, des Collectivit\u00e9s locales et des Transports, le Comit\u00e9 intersectoriel de pr\u00e9vention des risques\" \/>\n<meta property=\"og:url\" content=\"https:\/\/lasentinelle.dz\/index.php\/2025\/12\/15\/catastrophes-naturelles-une-feuille-de-route-pour-la-decennie-a-venir\/\" \/>\n<meta property=\"og:site_name\" content=\"La Sentinelle\" \/>\n<meta property=\"article:publisher\" content=\"https:\/\/www.facebook.com\/La-Sentinelle-104059864394773\" \/>\n<meta property=\"article:published_time\" content=\"2025-12-15T18:06:06+00:00\" \/>\n<meta property=\"article:modified_time\" content=\"2025-12-15T18:06:08+00:00\" \/>\n<meta property=\"og:image\" content=\"https:\/\/lasentinelle.dz\/wp-content\/uploads\/2024\/09\/bechar-inondation-2024-1.webp\" \/>\n\t<meta property=\"og:image:width\" content=\"900\" \/>\n\t<meta property=\"og:image:height\" content=\"675\" \/>\n\t<meta property=\"og:image:type\" content=\"image\/webp\" \/>\n<meta name=\"author\" content=\"admin\" \/>\n<meta name=\"twitter:card\" content=\"summary_large_image\" \/>\n<meta name=\"twitter:label1\" content=\"\u00c9crit par\" \/>\n\t<meta name=\"twitter:data1\" content=\"admin\" \/>\n\t<meta name=\"twitter:label2\" content=\"Dur\u00e9e de lecture estim\u00e9e\" \/>\n\t<meta name=\"twitter:data2\" content=\"3 minutes\" \/>\n<script type=\"application\/ld+json\" class=\"yoast-schema-graph\">{\"@context\":\"https:\\\/\\\/schema.org\",\"@graph\":[{\"@type\":\"Article\",\"@id\":\"https:\\\/\\\/lasentinelle.dz\\\/index.php\\\/2025\\\/12\\\/15\\\/catastrophes-naturelles-une-feuille-de-route-pour-la-decennie-a-venir\\\/#article\",\"isPartOf\":{\"@id\":\"https:\\\/\\\/lasentinelle.dz\\\/index.php\\\/2025\\\/12\\\/15\\\/catastrophes-naturelles-une-feuille-de-route-pour-la-decennie-a-venir\\\/\"},\"author\":{\"name\":\"admin\",\"@id\":\"https:\\\/\\\/lasentinelle.dz\\\/#\\\/schema\\\/person\\\/729ee0024f24e0b8c5ec17232f8e8b41\"},\"headline\":\"Catastrophes naturelles\u00a0: Une\u00a0feuille de route pour la d\u00e9cennie \u00e0 venir\",\"datePublished\":\"2025-12-15T18:06:06+00:00\",\"dateModified\":\"2025-12-15T18:06:08+00:00\",\"mainEntityOfPage\":{\"@id\":\"https:\\\/\\\/lasentinelle.dz\\\/index.php\\\/2025\\\/12\\\/15\\\/catastrophes-naturelles-une-feuille-de-route-pour-la-decennie-a-venir\\\/\"},\"wordCount\":509,\"commentCount\":0,\"publisher\":{\"@id\":\"https:\\\/\\\/lasentinelle.dz\\\/#organization\"},\"image\":{\"@id\":\"https:\\\/\\\/lasentinelle.dz\\\/index.php\\\/2025\\\/12\\\/15\\\/catastrophes-naturelles-une-feuille-de-route-pour-la-decennie-a-venir\\\/#primaryimage\"},\"thumbnailUrl\":\"https:\\\/\\\/lasentinelle.dz\\\/wp-content\\\/uploads\\\/2024\\\/09\\\/bechar-inondation-2024-1.webp\",\"articleSection\":[\"\u00c0 la Une\",\"Actualit\u00e9\"],\"inLanguage\":\"fr-FR\",\"potentialAction\":[{\"@type\":\"CommentAction\",\"name\":\"Comment\",\"target\":[\"https:\\\/\\\/lasentinelle.dz\\\/index.php\\\/2025\\\/12\\\/15\\\/catastrophes-naturelles-une-feuille-de-route-pour-la-decennie-a-venir\\\/#respond\"]}]},{\"@type\":\"WebPage\",\"@id\":\"https:\\\/\\\/lasentinelle.dz\\\/index.php\\\/2025\\\/12\\\/15\\\/catastrophes-naturelles-une-feuille-de-route-pour-la-decennie-a-venir\\\/\",\"url\":\"https:\\\/\\\/lasentinelle.dz\\\/index.php\\\/2025\\\/12\\\/15\\\/catastrophes-naturelles-une-feuille-de-route-pour-la-decennie-a-venir\\\/\",\"name\":\"Catastrophes naturelles\u00a0: Une\u00a0feuille de route pour la d\u00e9cennie \u00e0 venir - La Sentinelle\",\"isPartOf\":{\"@id\":\"https:\\\/\\\/lasentinelle.dz\\\/#website\"},\"primaryImageOfPage\":{\"@id\":\"https:\\\/\\\/lasentinelle.dz\\\/index.php\\\/2025\\\/12\\\/15\\\/catastrophes-naturelles-une-feuille-de-route-pour-la-decennie-a-venir\\\/#primaryimage\"},\"image\":{\"@id\":\"https:\\\/\\\/lasentinelle.dz\\\/index.php\\\/2025\\\/12\\\/15\\\/catastrophes-naturelles-une-feuille-de-route-pour-la-decennie-a-venir\\\/#primaryimage\"},\"thumbnailUrl\":\"https:\\\/\\\/lasentinelle.dz\\\/wp-content\\\/uploads\\\/2024\\\/09\\\/bechar-inondation-2024-1.webp\",\"datePublished\":\"2025-12-15T18:06:06+00:00\",\"dateModified\":\"2025-12-15T18:06:08+00:00\",\"breadcrumb\":{\"@id\":\"https:\\\/\\\/lasentinelle.dz\\\/index.php\\\/2025\\\/12\\\/15\\\/catastrophes-naturelles-une-feuille-de-route-pour-la-decennie-a-venir\\\/#breadcrumb\"},\"inLanguage\":\"fr-FR\",\"potentialAction\":[{\"@type\":\"ReadAction\",\"target\":[\"https:\\\/\\\/lasentinelle.dz\\\/index.php\\\/2025\\\/12\\\/15\\\/catastrophes-naturelles-une-feuille-de-route-pour-la-decennie-a-venir\\\/\"]}]},{\"@type\":\"ImageObject\",\"inLanguage\":\"fr-FR\",\"@id\":\"https:\\\/\\\/lasentinelle.dz\\\/index.php\\\/2025\\\/12\\\/15\\\/catastrophes-naturelles-une-feuille-de-route-pour-la-decennie-a-venir\\\/#primaryimage\",\"url\":\"https:\\\/\\\/lasentinelle.dz\\\/wp-content\\\/uploads\\\/2024\\\/09\\\/bechar-inondation-2024-1.webp\",\"contentUrl\":\"https:\\\/\\\/lasentinelle.dz\\\/wp-content\\\/uploads\\\/2024\\\/09\\\/bechar-inondation-2024-1.webp\",\"width\":900,\"height\":675},{\"@type\":\"BreadcrumbList\",\"@id\":\"https:\\\/\\\/lasentinelle.dz\\\/index.php\\\/2025\\\/12\\\/15\\\/catastrophes-naturelles-une-feuille-de-route-pour-la-decennie-a-venir\\\/#breadcrumb\",\"itemListElement\":[{\"@type\":\"ListItem\",\"position\":1,\"name\":\"Accueil\",\"item\":\"https:\\\/\\\/lasentinelle.dz\\\/\"},{\"@type\":\"ListItem\",\"position\":2,\"name\":\"Catastrophes naturelles\u00a0: Une\u00a0feuille de route pour la d\u00e9cennie \u00e0 venir\"}]},{\"@type\":\"WebSite\",\"@id\":\"https:\\\/\\\/lasentinelle.dz\\\/#website\",\"url\":\"https:\\\/\\\/lasentinelle.dz\\\/\",\"name\":\"La Sentinelle\",\"description\":\"Quotidien national d&#039;information\",\"publisher\":{\"@id\":\"https:\\\/\\\/lasentinelle.dz\\\/#organization\"},\"potentialAction\":[{\"@type\":\"SearchAction\",\"target\":{\"@type\":\"EntryPoint\",\"urlTemplate\":\"https:\\\/\\\/lasentinelle.dz\\\/?s={search_term_string}\"},\"query-input\":{\"@type\":\"PropertyValueSpecification\",\"valueRequired\":true,\"valueName\":\"search_term_string\"}}],\"inLanguage\":\"fr-FR\"},{\"@type\":\"Organization\",\"@id\":\"https:\\\/\\\/lasentinelle.dz\\\/#organization\",\"name\":\"Quotidien La Sentinelle\",\"url\":\"https:\\\/\\\/lasentinelle.dz\\\/\",\"logo\":{\"@type\":\"ImageObject\",\"inLanguage\":\"fr-FR\",\"@id\":\"https:\\\/\\\/lasentinelle.dz\\\/#\\\/schema\\\/logo\\\/image\\\/\",\"url\":\"https:\\\/\\\/lasentinelle.dz\\\/wp-content\\\/uploads\\\/2021\\\/09\\\/logo-sentinelleSLOGAN-1.png\",\"contentUrl\":\"https:\\\/\\\/lasentinelle.dz\\\/wp-content\\\/uploads\\\/2021\\\/09\\\/logo-sentinelleSLOGAN-1.png\",\"width\":615,\"height\":142,\"caption\":\"Quotidien La Sentinelle\"},\"image\":{\"@id\":\"https:\\\/\\\/lasentinelle.dz\\\/#\\\/schema\\\/logo\\\/image\\\/\"},\"sameAs\":[\"https:\\\/\\\/www.facebook.com\\\/La-Sentinelle-104059864394773\"]},{\"@type\":\"Person\",\"@id\":\"https:\\\/\\\/lasentinelle.dz\\\/#\\\/schema\\\/person\\\/729ee0024f24e0b8c5ec17232f8e8b41\",\"name\":\"admin\",\"image\":{\"@type\":\"ImageObject\",\"inLanguage\":\"fr-FR\",\"@id\":\"https:\\\/\\\/secure.gravatar.com\\\/avatar\\\/4c81fed838786e9b53f540bf46533e750f5d292099ae3b66cfc6fb1982e29df7?s=96&d=mm&r=g\",\"url\":\"https:\\\/\\\/secure.gravatar.com\\\/avatar\\\/4c81fed838786e9b53f540bf46533e750f5d292099ae3b66cfc6fb1982e29df7?s=96&d=mm&r=g\",\"contentUrl\":\"https:\\\/\\\/secure.gravatar.com\\\/avatar\\\/4c81fed838786e9b53f540bf46533e750f5d292099ae3b66cfc6fb1982e29df7?s=96&d=mm&r=g\",\"caption\":\"admin\"},\"description\":\"admin\",\"url\":\"https:\\\/\\\/lasentinelle.dz\\\/author\\\/admin\\\/\"}]}<\/script>\n<!-- \/ Yoast SEO plugin. -->","yoast_head_json":{"title":"Catastrophes naturelles\u00a0: Une\u00a0feuille de route pour la d\u00e9cennie \u00e0 venir - La Sentinelle","robots":{"index":"index","follow":"follow","max-snippet":"max-snippet:-1","max-image-preview":"max-image-preview:large","max-video-preview":"max-video-preview:-1"},"canonical":"https:\/\/lasentinelle.dz\/index.php\/2025\/12\/15\/catastrophes-naturelles-une-feuille-de-route-pour-la-decennie-a-venir\/","og_locale":"fr_FR","og_type":"article","og_title":"Catastrophes naturelles\u00a0: Une\u00a0feuille de route pour la d\u00e9cennie \u00e0 venir - La Sentinelle","og_description":"Dimanche, au si\u00e8ge du minist\u00e8re de l&rsquo;Int\u00e9rieur, des Collectivit\u00e9s locales et des Transports, le Comit\u00e9 intersectoriel de pr\u00e9vention des risques","og_url":"https:\/\/lasentinelle.dz\/index.php\/2025\/12\/15\/catastrophes-naturelles-une-feuille-de-route-pour-la-decennie-a-venir\/","og_site_name":"La Sentinelle","article_publisher":"https:\/\/www.facebook.com\/La-Sentinelle-104059864394773","article_published_time":"2025-12-15T18:06:06+00:00","article_modified_time":"2025-12-15T18:06:08+00:00","og_image":[{"width":900,"height":675,"url":"https:\/\/lasentinelle.dz\/wp-content\/uploads\/2024\/09\/bechar-inondation-2024-1.webp","type":"image\/webp"}],"author":"admin","twitter_card":"summary_large_image","twitter_misc":{"\u00c9crit par":"admin","Dur\u00e9e de lecture estim\u00e9e":"3 minutes"},"schema":{"@context":"https:\/\/schema.org","@graph":[{"@type":"Article","@id":"https:\/\/lasentinelle.dz\/index.php\/2025\/12\/15\/catastrophes-naturelles-une-feuille-de-route-pour-la-decennie-a-venir\/#article","isPartOf":{"@id":"https:\/\/lasentinelle.dz\/index.php\/2025\/12\/15\/catastrophes-naturelles-une-feuille-de-route-pour-la-decennie-a-venir\/"},"author":{"name":"admin","@id":"https:\/\/lasentinelle.dz\/#\/schema\/person\/729ee0024f24e0b8c5ec17232f8e8b41"},"headline":"Catastrophes naturelles\u00a0: Une\u00a0feuille de route pour la d\u00e9cennie \u00e0 venir","datePublished":"2025-12-15T18:06:06+00:00","dateModified":"2025-12-15T18:06:08+00:00","mainEntityOfPage":{"@id":"https:\/\/lasentinelle.dz\/index.php\/2025\/12\/15\/catastrophes-naturelles-une-feuille-de-route-pour-la-decennie-a-venir\/"},"wordCount":509,"commentCount":0,"publisher":{"@id":"https:\/\/lasentinelle.dz\/#organization"},"image":{"@id":"https:\/\/lasentinelle.dz\/index.php\/2025\/12\/15\/catastrophes-naturelles-une-feuille-de-route-pour-la-decennie-a-venir\/#primaryimage"},"thumbnailUrl":"https:\/\/lasentinelle.dz\/wp-content\/uploads\/2024\/09\/bechar-inondation-2024-1.webp","articleSection":["\u00c0 la Une","Actualit\u00e9"],"inLanguage":"fr-FR","potentialAction":[{"@type":"CommentAction","name":"Comment","target":["https:\/\/lasentinelle.dz\/index.php\/2025\/12\/15\/catastrophes-naturelles-une-feuille-de-route-pour-la-decennie-a-venir\/#respond"]}]},{"@type":"WebPage","@id":"https:\/\/lasentinelle.dz\/index.php\/2025\/12\/15\/catastrophes-naturelles-une-feuille-de-route-pour-la-decennie-a-venir\/","url":"https:\/\/lasentinelle.dz\/index.php\/2025\/12\/15\/catastrophes-naturelles-une-feuille-de-route-pour-la-decennie-a-venir\/","name":"Catastrophes naturelles\u00a0: Une\u00a0feuille de route pour la d\u00e9cennie \u00e0 venir - La Sentinelle","isPartOf":{"@id":"https:\/\/lasentinelle.dz\/#website"},"primaryImageOfPage":{"@id":"https:\/\/lasentinelle.dz\/index.php\/2025\/12\/15\/catastrophes-naturelles-une-feuille-de-route-pour-la-decennie-a-venir\/#primaryimage"},"image":{"@id":"https:\/\/lasentinelle.dz\/index.php\/2025\/12\/15\/catastrophes-naturelles-une-feuille-de-route-pour-la-decennie-a-venir\/#primaryimage"},"thumbnailUrl":"https:\/\/lasentinelle.dz\/wp-content\/uploads\/2024\/09\/bechar-inondation-2024-1.webp","datePublished":"2025-12-15T18:06:06+00:00","dateModified":"2025-12-15T18:06:08+00:00","breadcrumb":{"@id":"https:\/\/lasentinelle.dz\/index.php\/2025\/12\/15\/catastrophes-naturelles-une-feuille-de-route-pour-la-decennie-a-venir\/#breadcrumb"},"inLanguage":"fr-FR","potentialAction":[{"@type":"ReadAction","target":["https:\/\/lasentinelle.dz\/index.php\/2025\/12\/15\/catastrophes-naturelles-une-feuille-de-route-pour-la-decennie-a-venir\/"]}]},{"@type":"ImageObject","inLanguage":"fr-FR","@id":"https:\/\/lasentinelle.dz\/index.php\/2025\/12\/15\/catastrophes-naturelles-une-feuille-de-route-pour-la-decennie-a-venir\/#primaryimage","url":"https:\/\/lasentinelle.dz\/wp-content\/uploads\/2024\/09\/bechar-inondation-2024-1.webp","contentUrl":"https:\/\/lasentinelle.dz\/wp-content\/uploads\/2024\/09\/bechar-inondation-2024-1.webp","width":900,"height":675},{"@type":"BreadcrumbList","@id":"https:\/\/lasentinelle.dz\/index.php\/2025\/12\/15\/catastrophes-naturelles-une-feuille-de-route-pour-la-decennie-a-venir\/#breadcrumb","itemListElement":[{"@type":"ListItem","position":1,"name":"Accueil","item":"https:\/\/lasentinelle.dz\/"},{"@type":"ListItem","position":2,"name":"Catastrophes naturelles\u00a0: Une\u00a0feuille de route pour la d\u00e9cennie \u00e0 venir"}]},{"@type":"WebSite","@id":"https:\/\/lasentinelle.dz\/#website","url":"https:\/\/lasentinelle.dz\/","name":"La Sentinelle","description":"Quotidien national d&#039;information","publisher":{"@id":"https:\/\/lasentinelle.dz\/#organization"},"potentialAction":[{"@type":"SearchAction","target":{"@type":"EntryPoint","urlTemplate":"https:\/\/lasentinelle.dz\/?s={search_term_string}"},"query-input":{"@type":"PropertyValueSpecification","valueRequired":true,"valueName":"search_term_string"}}],"inLanguage":"fr-FR"},{"@type":"Organization","@id":"https:\/\/lasentinelle.dz\/#organization","name":"Quotidien La Sentinelle","url":"https:\/\/lasentinelle.dz\/","logo":{"@type":"ImageObject","inLanguage":"fr-FR","@id":"https:\/\/lasentinelle.dz\/#\/schema\/logo\/image\/","url":"https:\/\/lasentinelle.dz\/wp-content\/uploads\/2021\/09\/logo-sentinelleSLOGAN-1.png","contentUrl":"https:\/\/lasentinelle.dz\/wp-content\/uploads\/2021\/09\/logo-sentinelleSLOGAN-1.png","width":615,"height":142,"caption":"Quotidien La Sentinelle"},"image":{"@id":"https:\/\/lasentinelle.dz\/#\/schema\/logo\/image\/"},"sameAs":["https:\/\/www.facebook.com\/La-Sentinelle-104059864394773"]},{"@type":"Person","@id":"https:\/\/lasentinelle.dz\/#\/schema\/person\/729ee0024f24e0b8c5ec17232f8e8b41","name":"admin","image":{"@type":"ImageObject","inLanguage":"fr-FR","@id":"https:\/\/secure.gravatar.com\/avatar\/4c81fed838786e9b53f540bf46533e750f5d292099ae3b66cfc6fb1982e29df7?s=96&d=mm&r=g","url":"https:\/\/secure.gravatar.com\/avatar\/4c81fed838786e9b53f540bf46533e750f5d292099ae3b66cfc6fb1982e29df7?s=96&d=mm&r=g","contentUrl":"https:\/\/secure.gravatar.com\/avatar\/4c81fed838786e9b53f540bf46533e750f5d292099ae3b66cfc6fb1982e29df7?s=96&d=mm&r=g","caption":"admin"},"description":"admin","url":"https:\/\/lasentinelle.dz\/author\/admin\/"}]}},"_links":{"self":[{"href":"https:\/\/lasentinelle.dz\/index.php\/wp-json\/wp\/v2\/posts\/77810","targetHints":{"allow":["GET"]}}],"collection":[{"href":"https:\/\/lasentinelle.dz\/index.php\/wp-json\/wp\/v2\/posts"}],"about":[{"href":"https:\/\/lasentinelle.dz\/index.php\/wp-json\/wp\/v2\/types\/post"}],"author":[{"embeddable":true,"href":"https:\/\/lasentinelle.dz\/index.php\/wp-json\/wp\/v2\/users\/6"}],"replies":[{"embeddable":true,"href":"https:\/\/lasentinelle.dz\/index.php\/wp-json\/wp\/v2\/comments?post=77810"}],"version-history":[{"count":1,"href":"https:\/\/lasentinelle.dz\/index.php\/wp-json\/wp\/v2\/posts\/77810\/revisions"}],"predecessor-version":[{"id":77811,"href":"https:\/\/lasentinelle.dz\/index.php\/wp-json\/wp\/v2\/posts\/77810\/revisions\/77811"}],"wp:featuredmedia":[{"embeddable":true,"href":"https:\/\/lasentinelle.dz\/index.php\/wp-json\/wp\/v2\/media\/57040"}],"wp:attachment":[{"href":"https:\/\/lasentinelle.dz\/index.php\/wp-json\/wp\/v2\/media?parent=77810"}],"wp:term":[{"taxonomy":"category","embeddable":true,"href":"https:\/\/lasentinelle.dz\/index.php\/wp-json\/wp\/v2\/categories?post=77810"},{"taxonomy":"post_tag","embeddable":true,"href":"https:\/\/lasentinelle.dz\/index.php\/wp-json\/wp\/v2\/tags?post=77810"}],"curies":[{"name":"wp","href":"https:\/\/api.w.org\/{rel}","templated":true}]}}