{"id":77814,"date":"2025-12-15T19:10:23","date_gmt":"2025-12-15T18:10:23","guid":{"rendered":"https:\/\/lasentinelle.dz\/?p=77814"},"modified":"2025-12-15T19:10:24","modified_gmt":"2025-12-15T18:10:24","slug":"demantelement-dun-atelier-pour-production-et-commercialisation-de-complement-alimentaire-nocif-pour-la-sante","status":"publish","type":"post","link":"https:\/\/lasentinelle.dz\/index.php\/2025\/12\/15\/demantelement-dun-atelier-pour-production-et-commercialisation-de-complement-alimentaire-nocif-pour-la-sante\/","title":{"rendered":"D\u00e9mant\u00e8lement d&rsquo;un atelier pour production et commercialisation de compl\u00e9ment alimentaire nocif pour la sant\u00e9"},"content":{"rendered":"\n<p>Les enqu\u00eateurs du service de la s\u00e9curit\u00e9 alimentaire au sein du service central op\u00e9rationnel de lutte contre le crime organis\u00e9 de la Gendarmerie nationale (GN) sont parvenus \u00e0 mettre un terme \u00e0 l&rsquo;activit\u00e9 d&rsquo;un atelier et d&rsquo;un r\u00e9seau criminel produisant et commercialisant un compl\u00e9ment alimentaire sous l&rsquo;appellation de \u00ab\u00a0Khaltet El Soltane\u00a0\u00bb contenant des substances nocives pour la sant\u00e9 du consommateur, avec l&rsquo;arrestation de 3 individus suspects, indique, lundi, un communiqu\u00e9 des m\u00eames services. \u00ab\u00a0Dans le cadre de la lutte contre les atteintes \u00e0 la s\u00e9curit\u00e9 alimentaire et \u00e0 la protection du consommateur, les enqu\u00eateurs du service de la s\u00e9curit\u00e9 alimentaire relevant du service central op\u00e9rationnel de lutte contre le crime organis\u00e9 de la GN, ont mis fin \u00e0 l&rsquo;activit\u00e9 d&rsquo;un atelier ainsi que celle d&rsquo;un r\u00e9seau criminel produisant et commercialisant un compl\u00e9ment alimentaire sous l&rsquo;appellation de \u00ab\u00a0Khaltet El Soltane\u00a0\u00bb, commercialis\u00e9 via les r\u00e9seaux sociaux\u00a0\u00bb, pr\u00e9cise le communiqu\u00e9. Les analyses de laboratoire ont prouv\u00e9 que \u00ab\u00a0ce m\u00e9lange est compos\u00e9 de miel naturel, de fruits secs et d&rsquo;herbes naturelles, auquel sont ajout\u00e9es des substances pharmaceutiques d\u00e9livr\u00e9es uniquement sur ordonnance m\u00e9dicale, d&rsquo;origine inconnue et repr\u00e9sentant un danger pour la sant\u00e9 du consommateur\u00a0\u00bb, explique-t-on dans le communiqu\u00e9. L&rsquo;affaire fait suite \u00e0 des informations parvenues aux enqu\u00eateurs du service de la s\u00e9curit\u00e9 alimentaire de la GN, selon lesquelles \u00ab\u00a0un artisan de la ville de Maghnia \u00e0 Tlemcen produisait un compl\u00e9ment alimentaire qui a connu un succ\u00e8s chez les consommateurs, notamment via les r\u00e9seaux sociaux. Apr\u00e8s avoir soumis un \u00e9chantillon \u00e0 l&rsquo;expertise scientifique au niveau de l&rsquo;Institut national de criminalistique et de criminologie (INCC\/GN), il s&rsquo;est av\u00e9r\u00e9 que le produit contenait de la +Sild\u00e9nafil\u00a0\u00bb+ une substance d\u00e9livr\u00e9e uniquement sur ordonnance m\u00e9dicale, repr\u00e9sentant une menace directe sur la sant\u00e9 des consommateurs, notamment ceux atteints de pathologies cardio-vasculaires\u00a0\u00bb. Apr\u00e8s perquisition du local du principal suspect, sis \u00e0 Maghnia (Tlemcen) et exploit\u00e9 comme atelier pour la production de ce compl\u00e9ment alimentaire, parall\u00e8lement \u00e0 la perquisition du d\u00e9p\u00f4t relevant de la soci\u00e9t\u00e9 des services de livraison \u00e0 Alger, \u00ab\u00a0un total de 7978 boites de ce produit ont \u00e9t\u00e9 saisies, l&rsquo;expertise scientifique ayant prouv\u00e9 la pr\u00e9sence de +Sild\u00e9nafil+\u00a0\u00bb.<\/p>\n\n\n\n<p>L&rsquo;enqu\u00eate \u00ab\u00a0a d\u00e9montr\u00e9 que le principal accus\u00e9 a exploit\u00e9 son activit\u00e9 dans la fabrication de compl\u00e9ments alimentaires aux fins d&rsquo;escroquerie, d&rsquo;\u00e9vasion fiscale et d&rsquo;acc\u00e8s \u00e0 plusieurs avantages notamment fiscaux, r\u00e9alisant ainsi des revenus estim\u00e9s \u00e0 pr\u00e8s de 13 milliards de centimes en tr\u00e8s peu de temps, dont la somme de pr\u00e8s de 1,2 milliard de centimes a \u00e9t\u00e9 saisie en esp\u00e8ce, g\u00e9n\u00e9r\u00e9e de la vente et des transactions financi\u00e8res illicites faites en \u00e9vitant les moyens de paiement \u00e9crits.<\/p>\n\n\n\n<p>A la fin de l&rsquo;enqu\u00eate, \u00ab\u00a0les \u00e9l\u00e9ments de ce r\u00e9seau ont \u00e9t\u00e9 pr\u00e9sent\u00e9s devant les juridictions comp\u00e9tentes pour le d\u00e9lit de blanchiment d&rsquo;argent et \u00e9vasion fiscale, la production et la distribution de produits pharmaceutiques sans agr\u00e9ment, services commerciaux non d\u00e9pos\u00e9s, tromperie du consommateur, paiement et acceptation de paiement de montants financiers plafonn\u00e9s selon un syst\u00e8me d&rsquo;organisation extra-bancaire et extra-financier\u00a0\u00bb, conclut le communiqu\u00e9 de la Gendarmerie nationale. (APS)<\/p>\n","protected":false},"excerpt":{"rendered":"<p>Les enqu\u00eateurs du service de la s\u00e9curit\u00e9 alimentaire au sein du service central op\u00e9rationnel de lutte contre le crime organis\u00e9<\/p>\n","protected":false},"author":6,"featured_media":0,"comment_status":"open","ping_status":"closed","sticky":false,"template":"","format":"standard","meta":{"colormag_page_container_layout":"default_layout","colormag_page_sidebar_layout":"default_layout","om_disable_all_campaigns":false,"_monsterinsights_skip_tracking":false,"_monsterinsights_sitenote_active":false,"_monsterinsights_sitenote_note":"","_monsterinsights_sitenote_category":0,"footnotes":"","_wpscppro_dont_share_socialmedia":false,"_wpscppro_custom_social_share_image":0,"_facebook_share_type":"default","_twitter_share_type":"default","_linkedin_share_type":"default","_pinterest_share_type":"default","_linkedin_share_type_page":"","_instagram_share_type":"default","_medium_share_type":"default","_threads_share_type":"default","_google_business_share_type":"default","_selected_social_profile":[],"_wpsp_enable_custom_social_template":false,"_wpsp_social_scheduling":{"enabled":false,"datetime":null,"platforms":[],"status":"template_only","dateOption":"today","timeOption":"now","customDays":"","customHours":"","customDate":"","customTime":"","schedulingType":"absolute"},"_wpsp_active_default_template":true},"categories":[27],"tags":[],"class_list":["post-77814","post","type-post","status-publish","format-standard","hentry","category-actualite"],"aioseo_notices":[],"yoast_head":"<!-- This site is optimized with the Yoast SEO plugin v27.5 - https:\/\/yoast.com\/product\/yoast-seo-wordpress\/ -->\n<title>D\u00e9mant\u00e8lement d&rsquo;un atelier pour production et commercialisation de compl\u00e9ment alimentaire nocif pour la sant\u00e9 - La Sentinelle<\/title>\n<meta name=\"robots\" content=\"index, follow, max-snippet:-1, max-image-preview:large, max-video-preview:-1\" \/>\n<link rel=\"canonical\" href=\"https:\/\/lasentinelle.dz\/index.php\/2025\/12\/15\/demantelement-dun-atelier-pour-production-et-commercialisation-de-complement-alimentaire-nocif-pour-la-sante\/\" \/>\n<meta property=\"og:locale\" content=\"fr_FR\" \/>\n<meta property=\"og:type\" content=\"article\" \/>\n<meta property=\"og:title\" content=\"D\u00e9mant\u00e8lement d&rsquo;un atelier pour production et commercialisation de compl\u00e9ment alimentaire nocif pour la sant\u00e9 - La Sentinelle\" \/>\n<meta property=\"og:description\" content=\"Les enqu\u00eateurs du service de la s\u00e9curit\u00e9 alimentaire au sein du service central op\u00e9rationnel de lutte contre le crime organis\u00e9\" \/>\n<meta property=\"og:url\" content=\"https:\/\/lasentinelle.dz\/index.php\/2025\/12\/15\/demantelement-dun-atelier-pour-production-et-commercialisation-de-complement-alimentaire-nocif-pour-la-sante\/\" \/>\n<meta property=\"og:site_name\" content=\"La Sentinelle\" \/>\n<meta property=\"article:publisher\" content=\"https:\/\/www.facebook.com\/La-Sentinelle-104059864394773\" \/>\n<meta property=\"article:published_time\" content=\"2025-12-15T18:10:23+00:00\" \/>\n<meta property=\"article:modified_time\" content=\"2025-12-15T18:10:24+00:00\" \/>\n<meta name=\"author\" content=\"admin\" \/>\n<meta name=\"twitter:card\" content=\"summary_large_image\" \/>\n<meta name=\"twitter:label1\" content=\"\u00c9crit par\" \/>\n\t<meta name=\"twitter:data1\" content=\"admin\" \/>\n\t<meta name=\"twitter:label2\" content=\"Dur\u00e9e de lecture estim\u00e9e\" \/>\n\t<meta name=\"twitter:data2\" content=\"3 minutes\" \/>\n<script type=\"application\/ld+json\" class=\"yoast-schema-graph\">{\"@context\":\"https:\\\/\\\/schema.org\",\"@graph\":[{\"@type\":\"Article\",\"@id\":\"https:\\\/\\\/lasentinelle.dz\\\/index.php\\\/2025\\\/12\\\/15\\\/demantelement-dun-atelier-pour-production-et-commercialisation-de-complement-alimentaire-nocif-pour-la-sante\\\/#article\",\"isPartOf\":{\"@id\":\"https:\\\/\\\/lasentinelle.dz\\\/index.php\\\/2025\\\/12\\\/15\\\/demantelement-dun-atelier-pour-production-et-commercialisation-de-complement-alimentaire-nocif-pour-la-sante\\\/\"},\"author\":{\"name\":\"admin\",\"@id\":\"https:\\\/\\\/lasentinelle.dz\\\/#\\\/schema\\\/person\\\/729ee0024f24e0b8c5ec17232f8e8b41\"},\"headline\":\"D\u00e9mant\u00e8lement d&rsquo;un atelier pour production et commercialisation de compl\u00e9ment alimentaire nocif pour la sant\u00e9\",\"datePublished\":\"2025-12-15T18:10:23+00:00\",\"dateModified\":\"2025-12-15T18:10:24+00:00\",\"mainEntityOfPage\":{\"@id\":\"https:\\\/\\\/lasentinelle.dz\\\/index.php\\\/2025\\\/12\\\/15\\\/demantelement-dun-atelier-pour-production-et-commercialisation-de-complement-alimentaire-nocif-pour-la-sante\\\/\"},\"wordCount\":584,\"commentCount\":0,\"publisher\":{\"@id\":\"https:\\\/\\\/lasentinelle.dz\\\/#organization\"},\"articleSection\":[\"Actualit\u00e9\"],\"inLanguage\":\"fr-FR\",\"potentialAction\":[{\"@type\":\"CommentAction\",\"name\":\"Comment\",\"target\":[\"https:\\\/\\\/lasentinelle.dz\\\/index.php\\\/2025\\\/12\\\/15\\\/demantelement-dun-atelier-pour-production-et-commercialisation-de-complement-alimentaire-nocif-pour-la-sante\\\/#respond\"]}]},{\"@type\":\"WebPage\",\"@id\":\"https:\\\/\\\/lasentinelle.dz\\\/index.php\\\/2025\\\/12\\\/15\\\/demantelement-dun-atelier-pour-production-et-commercialisation-de-complement-alimentaire-nocif-pour-la-sante\\\/\",\"url\":\"https:\\\/\\\/lasentinelle.dz\\\/index.php\\\/2025\\\/12\\\/15\\\/demantelement-dun-atelier-pour-production-et-commercialisation-de-complement-alimentaire-nocif-pour-la-sante\\\/\",\"name\":\"D\u00e9mant\u00e8lement d&rsquo;un atelier pour production et commercialisation de compl\u00e9ment alimentaire nocif pour la sant\u00e9 - La Sentinelle\",\"isPartOf\":{\"@id\":\"https:\\\/\\\/lasentinelle.dz\\\/#website\"},\"datePublished\":\"2025-12-15T18:10:23+00:00\",\"dateModified\":\"2025-12-15T18:10:24+00:00\",\"breadcrumb\":{\"@id\":\"https:\\\/\\\/lasentinelle.dz\\\/index.php\\\/2025\\\/12\\\/15\\\/demantelement-dun-atelier-pour-production-et-commercialisation-de-complement-alimentaire-nocif-pour-la-sante\\\/#breadcrumb\"},\"inLanguage\":\"fr-FR\",\"potentialAction\":[{\"@type\":\"ReadAction\",\"target\":[\"https:\\\/\\\/lasentinelle.dz\\\/index.php\\\/2025\\\/12\\\/15\\\/demantelement-dun-atelier-pour-production-et-commercialisation-de-complement-alimentaire-nocif-pour-la-sante\\\/\"]}]},{\"@type\":\"BreadcrumbList\",\"@id\":\"https:\\\/\\\/lasentinelle.dz\\\/index.php\\\/2025\\\/12\\\/15\\\/demantelement-dun-atelier-pour-production-et-commercialisation-de-complement-alimentaire-nocif-pour-la-sante\\\/#breadcrumb\",\"itemListElement\":[{\"@type\":\"ListItem\",\"position\":1,\"name\":\"Accueil\",\"item\":\"https:\\\/\\\/lasentinelle.dz\\\/\"},{\"@type\":\"ListItem\",\"position\":2,\"name\":\"D\u00e9mant\u00e8lement d&rsquo;un atelier pour production et commercialisation de compl\u00e9ment alimentaire nocif pour la sant\u00e9\"}]},{\"@type\":\"WebSite\",\"@id\":\"https:\\\/\\\/lasentinelle.dz\\\/#website\",\"url\":\"https:\\\/\\\/lasentinelle.dz\\\/\",\"name\":\"La Sentinelle\",\"description\":\"Quotidien national d&#039;information\",\"publisher\":{\"@id\":\"https:\\\/\\\/lasentinelle.dz\\\/#organization\"},\"potentialAction\":[{\"@type\":\"SearchAction\",\"target\":{\"@type\":\"EntryPoint\",\"urlTemplate\":\"https:\\\/\\\/lasentinelle.dz\\\/?s={search_term_string}\"},\"query-input\":{\"@type\":\"PropertyValueSpecification\",\"valueRequired\":true,\"valueName\":\"search_term_string\"}}],\"inLanguage\":\"fr-FR\"},{\"@type\":\"Organization\",\"@id\":\"https:\\\/\\\/lasentinelle.dz\\\/#organization\",\"name\":\"Quotidien La Sentinelle\",\"url\":\"https:\\\/\\\/lasentinelle.dz\\\/\",\"logo\":{\"@type\":\"ImageObject\",\"inLanguage\":\"fr-FR\",\"@id\":\"https:\\\/\\\/lasentinelle.dz\\\/#\\\/schema\\\/logo\\\/image\\\/\",\"url\":\"https:\\\/\\\/lasentinelle.dz\\\/wp-content\\\/uploads\\\/2021\\\/09\\\/logo-sentinelleSLOGAN-1.png\",\"contentUrl\":\"https:\\\/\\\/lasentinelle.dz\\\/wp-content\\\/uploads\\\/2021\\\/09\\\/logo-sentinelleSLOGAN-1.png\",\"width\":615,\"height\":142,\"caption\":\"Quotidien La Sentinelle\"},\"image\":{\"@id\":\"https:\\\/\\\/lasentinelle.dz\\\/#\\\/schema\\\/logo\\\/image\\\/\"},\"sameAs\":[\"https:\\\/\\\/www.facebook.com\\\/La-Sentinelle-104059864394773\"]},{\"@type\":\"Person\",\"@id\":\"https:\\\/\\\/lasentinelle.dz\\\/#\\\/schema\\\/person\\\/729ee0024f24e0b8c5ec17232f8e8b41\",\"name\":\"admin\",\"image\":{\"@type\":\"ImageObject\",\"inLanguage\":\"fr-FR\",\"@id\":\"https:\\\/\\\/secure.gravatar.com\\\/avatar\\\/4c81fed838786e9b53f540bf46533e750f5d292099ae3b66cfc6fb1982e29df7?s=96&d=mm&r=g\",\"url\":\"https:\\\/\\\/secure.gravatar.com\\\/avatar\\\/4c81fed838786e9b53f540bf46533e750f5d292099ae3b66cfc6fb1982e29df7?s=96&d=mm&r=g\",\"contentUrl\":\"https:\\\/\\\/secure.gravatar.com\\\/avatar\\\/4c81fed838786e9b53f540bf46533e750f5d292099ae3b66cfc6fb1982e29df7?s=96&d=mm&r=g\",\"caption\":\"admin\"},\"description\":\"admin\",\"url\":\"https:\\\/\\\/lasentinelle.dz\\\/author\\\/admin\\\/\"}]}<\/script>\n<!-- \/ Yoast SEO plugin. -->","yoast_head_json":{"title":"D\u00e9mant\u00e8lement d&rsquo;un atelier pour production et commercialisation de compl\u00e9ment alimentaire nocif pour la sant\u00e9 - La Sentinelle","robots":{"index":"index","follow":"follow","max-snippet":"max-snippet:-1","max-image-preview":"max-image-preview:large","max-video-preview":"max-video-preview:-1"},"canonical":"https:\/\/lasentinelle.dz\/index.php\/2025\/12\/15\/demantelement-dun-atelier-pour-production-et-commercialisation-de-complement-alimentaire-nocif-pour-la-sante\/","og_locale":"fr_FR","og_type":"article","og_title":"D\u00e9mant\u00e8lement d&rsquo;un atelier pour production et commercialisation de compl\u00e9ment alimentaire nocif pour la sant\u00e9 - La Sentinelle","og_description":"Les enqu\u00eateurs du service de la s\u00e9curit\u00e9 alimentaire au sein du service central op\u00e9rationnel de lutte contre le crime organis\u00e9","og_url":"https:\/\/lasentinelle.dz\/index.php\/2025\/12\/15\/demantelement-dun-atelier-pour-production-et-commercialisation-de-complement-alimentaire-nocif-pour-la-sante\/","og_site_name":"La Sentinelle","article_publisher":"https:\/\/www.facebook.com\/La-Sentinelle-104059864394773","article_published_time":"2025-12-15T18:10:23+00:00","article_modified_time":"2025-12-15T18:10:24+00:00","author":"admin","twitter_card":"summary_large_image","twitter_misc":{"\u00c9crit par":"admin","Dur\u00e9e de lecture estim\u00e9e":"3 minutes"},"schema":{"@context":"https:\/\/schema.org","@graph":[{"@type":"Article","@id":"https:\/\/lasentinelle.dz\/index.php\/2025\/12\/15\/demantelement-dun-atelier-pour-production-et-commercialisation-de-complement-alimentaire-nocif-pour-la-sante\/#article","isPartOf":{"@id":"https:\/\/lasentinelle.dz\/index.php\/2025\/12\/15\/demantelement-dun-atelier-pour-production-et-commercialisation-de-complement-alimentaire-nocif-pour-la-sante\/"},"author":{"name":"admin","@id":"https:\/\/lasentinelle.dz\/#\/schema\/person\/729ee0024f24e0b8c5ec17232f8e8b41"},"headline":"D\u00e9mant\u00e8lement d&rsquo;un atelier pour production et commercialisation de compl\u00e9ment alimentaire nocif pour la sant\u00e9","datePublished":"2025-12-15T18:10:23+00:00","dateModified":"2025-12-15T18:10:24+00:00","mainEntityOfPage":{"@id":"https:\/\/lasentinelle.dz\/index.php\/2025\/12\/15\/demantelement-dun-atelier-pour-production-et-commercialisation-de-complement-alimentaire-nocif-pour-la-sante\/"},"wordCount":584,"commentCount":0,"publisher":{"@id":"https:\/\/lasentinelle.dz\/#organization"},"articleSection":["Actualit\u00e9"],"inLanguage":"fr-FR","potentialAction":[{"@type":"CommentAction","name":"Comment","target":["https:\/\/lasentinelle.dz\/index.php\/2025\/12\/15\/demantelement-dun-atelier-pour-production-et-commercialisation-de-complement-alimentaire-nocif-pour-la-sante\/#respond"]}]},{"@type":"WebPage","@id":"https:\/\/lasentinelle.dz\/index.php\/2025\/12\/15\/demantelement-dun-atelier-pour-production-et-commercialisation-de-complement-alimentaire-nocif-pour-la-sante\/","url":"https:\/\/lasentinelle.dz\/index.php\/2025\/12\/15\/demantelement-dun-atelier-pour-production-et-commercialisation-de-complement-alimentaire-nocif-pour-la-sante\/","name":"D\u00e9mant\u00e8lement d&rsquo;un atelier pour production et commercialisation de compl\u00e9ment alimentaire nocif pour la sant\u00e9 - La Sentinelle","isPartOf":{"@id":"https:\/\/lasentinelle.dz\/#website"},"datePublished":"2025-12-15T18:10:23+00:00","dateModified":"2025-12-15T18:10:24+00:00","breadcrumb":{"@id":"https:\/\/lasentinelle.dz\/index.php\/2025\/12\/15\/demantelement-dun-atelier-pour-production-et-commercialisation-de-complement-alimentaire-nocif-pour-la-sante\/#breadcrumb"},"inLanguage":"fr-FR","potentialAction":[{"@type":"ReadAction","target":["https:\/\/lasentinelle.dz\/index.php\/2025\/12\/15\/demantelement-dun-atelier-pour-production-et-commercialisation-de-complement-alimentaire-nocif-pour-la-sante\/"]}]},{"@type":"BreadcrumbList","@id":"https:\/\/lasentinelle.dz\/index.php\/2025\/12\/15\/demantelement-dun-atelier-pour-production-et-commercialisation-de-complement-alimentaire-nocif-pour-la-sante\/#breadcrumb","itemListElement":[{"@type":"ListItem","position":1,"name":"Accueil","item":"https:\/\/lasentinelle.dz\/"},{"@type":"ListItem","position":2,"name":"D\u00e9mant\u00e8lement d&rsquo;un atelier pour production et commercialisation de compl\u00e9ment alimentaire nocif pour la sant\u00e9"}]},{"@type":"WebSite","@id":"https:\/\/lasentinelle.dz\/#website","url":"https:\/\/lasentinelle.dz\/","name":"La Sentinelle","description":"Quotidien national d&#039;information","publisher":{"@id":"https:\/\/lasentinelle.dz\/#organization"},"potentialAction":[{"@type":"SearchAction","target":{"@type":"EntryPoint","urlTemplate":"https:\/\/lasentinelle.dz\/?s={search_term_string}"},"query-input":{"@type":"PropertyValueSpecification","valueRequired":true,"valueName":"search_term_string"}}],"inLanguage":"fr-FR"},{"@type":"Organization","@id":"https:\/\/lasentinelle.dz\/#organization","name":"Quotidien La Sentinelle","url":"https:\/\/lasentinelle.dz\/","logo":{"@type":"ImageObject","inLanguage":"fr-FR","@id":"https:\/\/lasentinelle.dz\/#\/schema\/logo\/image\/","url":"https:\/\/lasentinelle.dz\/wp-content\/uploads\/2021\/09\/logo-sentinelleSLOGAN-1.png","contentUrl":"https:\/\/lasentinelle.dz\/wp-content\/uploads\/2021\/09\/logo-sentinelleSLOGAN-1.png","width":615,"height":142,"caption":"Quotidien La Sentinelle"},"image":{"@id":"https:\/\/lasentinelle.dz\/#\/schema\/logo\/image\/"},"sameAs":["https:\/\/www.facebook.com\/La-Sentinelle-104059864394773"]},{"@type":"Person","@id":"https:\/\/lasentinelle.dz\/#\/schema\/person\/729ee0024f24e0b8c5ec17232f8e8b41","name":"admin","image":{"@type":"ImageObject","inLanguage":"fr-FR","@id":"https:\/\/secure.gravatar.com\/avatar\/4c81fed838786e9b53f540bf46533e750f5d292099ae3b66cfc6fb1982e29df7?s=96&d=mm&r=g","url":"https:\/\/secure.gravatar.com\/avatar\/4c81fed838786e9b53f540bf46533e750f5d292099ae3b66cfc6fb1982e29df7?s=96&d=mm&r=g","contentUrl":"https:\/\/secure.gravatar.com\/avatar\/4c81fed838786e9b53f540bf46533e750f5d292099ae3b66cfc6fb1982e29df7?s=96&d=mm&r=g","caption":"admin"},"description":"admin","url":"https:\/\/lasentinelle.dz\/author\/admin\/"}]}},"_links":{"self":[{"href":"https:\/\/lasentinelle.dz\/index.php\/wp-json\/wp\/v2\/posts\/77814","targetHints":{"allow":["GET"]}}],"collection":[{"href":"https:\/\/lasentinelle.dz\/index.php\/wp-json\/wp\/v2\/posts"}],"about":[{"href":"https:\/\/lasentinelle.dz\/index.php\/wp-json\/wp\/v2\/types\/post"}],"author":[{"embeddable":true,"href":"https:\/\/lasentinelle.dz\/index.php\/wp-json\/wp\/v2\/users\/6"}],"replies":[{"embeddable":true,"href":"https:\/\/lasentinelle.dz\/index.php\/wp-json\/wp\/v2\/comments?post=77814"}],"version-history":[{"count":2,"href":"https:\/\/lasentinelle.dz\/index.php\/wp-json\/wp\/v2\/posts\/77814\/revisions"}],"predecessor-version":[{"id":77816,"href":"https:\/\/lasentinelle.dz\/index.php\/wp-json\/wp\/v2\/posts\/77814\/revisions\/77816"}],"wp:attachment":[{"href":"https:\/\/lasentinelle.dz\/index.php\/wp-json\/wp\/v2\/media?parent=77814"}],"wp:term":[{"taxonomy":"category","embeddable":true,"href":"https:\/\/lasentinelle.dz\/index.php\/wp-json\/wp\/v2\/categories?post=77814"},{"taxonomy":"post_tag","embeddable":true,"href":"https:\/\/lasentinelle.dz\/index.php\/wp-json\/wp\/v2\/tags?post=77814"}],"curies":[{"name":"wp","href":"https:\/\/api.w.org\/{rel}","templated":true}]}}