{"id":77817,"date":"2025-12-15T19:13:35","date_gmt":"2025-12-15T18:13:35","guid":{"rendered":"https:\/\/lasentinelle.dz\/?p=77817"},"modified":"2025-12-15T19:13:36","modified_gmt":"2025-12-15T18:13:36","slug":"ski-alpin-abdelrahman-boudarbela-lance-sa-campagne-de-qualification-olympique","status":"publish","type":"post","link":"https:\/\/lasentinelle.dz\/index.php\/2025\/12\/15\/ski-alpin-abdelrahman-boudarbela-lance-sa-campagne-de-qualification-olympique\/","title":{"rendered":"Ski alpin\u00a0:\u00a0Abdelrahman Boudarbela lance sa campagne de qualification olympique\u00a0"},"content":{"rendered":"\n<p>Le skieur alg\u00e9rien Abdelrahman Boudarbela s&rsquo;appr\u00eate \u00e0 relever un d\u00e9fi de taille sur les pistes suisses. \u00c0 partir de ce mardi, le repr\u00e9sentant de l&rsquo;Alg\u00e9rie en ski alpin entame une s\u00e9rie d&rsquo;\u00e9preuves qualificatives cruciales pour d\u00e9crocher son billet vers les Jeux olympiques d&rsquo;hiver de Milan-Cortina, pr\u00e9vus du 6 au 22 f\u00e9vrier 2026. Cette annonce a \u00e9t\u00e9 officialis\u00e9e lundi par un communiqu\u00e9 conjoint du Comit\u00e9 olympique et sportif alg\u00e9rien et de la F\u00e9d\u00e9ration alg\u00e9rienne de ski et des sports de montagne.&nbsp;Le programme de Boudarbela s&rsquo;annonce intense et exigeant. Les 16 et 17 d\u00e9cembre, il affrontera les portes du slalom \u00e0 la station d&rsquo;Arolla, dans les Alpes valaisannes. Une semaine plus tard, les 22 et 23 d\u00e9cembre, cap sur Zinal o\u00f9 l&rsquo;attendront les virages plus larges du slalom g\u00e9ant. Ces rendez-vous helv\u00e9tiques constituent des \u00e9tapes d\u00e9terminantes dans la qu\u00eate du skieur alg\u00e9rien pour atteindre le graal olympique et repr\u00e9senter son pays sur la sc\u00e8ne hivernale mondiale.Cette participation s&rsquo;inscrit dans une dynamique plus large de d\u00e9veloppement des sports d&rsquo;hiver en Alg\u00e9rie. Les instances sportives nationales, \u00e0 travers une collaboration \u00e9troite entre le COA et la f\u00e9d\u00e9ration de ski, ont mis en place un programme de soutien ambitieux visant \u00e0 assurer une pr\u00e9sence alg\u00e9rienne aux prochaines Olympiades italiennes. Cette strat\u00e9gie t\u00e9moigne d&rsquo;une volont\u00e9 politique de diversifier les disciplines sportives pratiqu\u00e9es dans le pays et d&rsquo;\u00e9largir le spectre de repr\u00e9sentation internationale de l&rsquo;Alg\u00e9rie au-del\u00e0 des sports traditionnels.<\/p>\n\n\n\n<p>L&rsquo;engagement alg\u00e9rien dans les disciplines hivernales ne date pas d&rsquo;hier, mais conna\u00eet actuellement une phase d&rsquo;acc\u00e9l\u00e9ration notable. Le pays a r\u00e9cemment franchi une \u00e9tape significative en participant aux Jeux olympiques d&rsquo;hiver de la jeunesse en Cor\u00e9e du Sud. Cette exp\u00e9rience, d\u00e9crite comme encourageante par les observateurs, a permis de constater les progr\u00e8s accomplis dans les disciplines hivernales et a renforc\u00e9 la d\u00e9termination des responsables sportifs nationaux. Ces derniers nourrissent d\u00e9sormais l&rsquo;ambition d&rsquo;une participation honorable de l&rsquo;Alg\u00e9rie aux Jeux de Milan-Cortina dans la cat\u00e9gorie senior, marquant ainsi une nouvelle \u00e9tape dans l&rsquo;histoire du sport hivernal alg\u00e9rien.<\/p>\n\n\n\n<p>M.D.<\/p>\n","protected":false},"excerpt":{"rendered":"<p>Le skieur alg\u00e9rien Abdelrahman Boudarbela s&rsquo;appr\u00eate \u00e0 relever un d\u00e9fi de taille sur les pistes suisses. \u00c0 partir de ce<\/p>\n","protected":false},"author":6,"featured_media":77818,"comment_status":"open","ping_status":"closed","sticky":false,"template":"","format":"standard","meta":{"colormag_page_container_layout":"default_layout","colormag_page_sidebar_layout":"default_layout","om_disable_all_campaigns":false,"_monsterinsights_skip_tracking":false,"_monsterinsights_sitenote_active":false,"_monsterinsights_sitenote_note":"","_monsterinsights_sitenote_category":0,"footnotes":"","_wpscppro_dont_share_socialmedia":false,"_wpscppro_custom_social_share_image":0,"_facebook_share_type":"default","_twitter_share_type":"default","_linkedin_share_type":"default","_pinterest_share_type":"default","_linkedin_share_type_page":"","_instagram_share_type":"default","_medium_share_type":"default","_threads_share_type":"default","_google_business_share_type":"default","_selected_social_profile":[],"_wpsp_enable_custom_social_template":false,"_wpsp_social_scheduling":{"enabled":false,"datetime":null,"platforms":[],"status":"template_only","dateOption":"today","timeOption":"now","customDays":"","customHours":"","customDate":"","customTime":"","schedulingType":"absolute"},"_wpsp_active_default_template":true},"categories":[33],"tags":[],"class_list":["post-77817","post","type-post","status-publish","format-standard","has-post-thumbnail","hentry","category-sports"],"aioseo_notices":[],"yoast_head":"<!-- This site is optimized with the Yoast SEO plugin v27.5 - https:\/\/yoast.com\/product\/yoast-seo-wordpress\/ -->\n<title>Ski alpin\u00a0:\u00a0Abdelrahman Boudarbela lance sa campagne de qualification olympique\u00a0 - La Sentinelle<\/title>\n<meta name=\"robots\" content=\"index, follow, max-snippet:-1, max-image-preview:large, max-video-preview:-1\" \/>\n<link rel=\"canonical\" href=\"https:\/\/lasentinelle.dz\/index.php\/2025\/12\/15\/ski-alpin-abdelrahman-boudarbela-lance-sa-campagne-de-qualification-olympique\/\" \/>\n<meta property=\"og:locale\" content=\"fr_FR\" \/>\n<meta property=\"og:type\" content=\"article\" \/>\n<meta property=\"og:title\" content=\"Ski alpin\u00a0:\u00a0Abdelrahman Boudarbela lance sa campagne de qualification olympique\u00a0 - La Sentinelle\" \/>\n<meta property=\"og:description\" content=\"Le skieur alg\u00e9rien Abdelrahman Boudarbela s&rsquo;appr\u00eate \u00e0 relever un d\u00e9fi de taille sur les pistes suisses. \u00c0 partir de ce\" \/>\n<meta property=\"og:url\" content=\"https:\/\/lasentinelle.dz\/index.php\/2025\/12\/15\/ski-alpin-abdelrahman-boudarbela-lance-sa-campagne-de-qualification-olympique\/\" \/>\n<meta property=\"og:site_name\" content=\"La Sentinelle\" \/>\n<meta property=\"article:publisher\" content=\"https:\/\/www.facebook.com\/La-Sentinelle-104059864394773\" \/>\n<meta property=\"article:published_time\" content=\"2025-12-15T18:13:35+00:00\" \/>\n<meta property=\"article:modified_time\" content=\"2025-12-15T18:13:36+00:00\" \/>\n<meta property=\"og:image\" content=\"https:\/\/lasentinelle.dz\/wp-content\/uploads\/2025\/12\/ski-alpin-e1765822390744.jpeg\" \/>\n\t<meta property=\"og:image:width\" content=\"947\" \/>\n\t<meta property=\"og:image:height\" content=\"574\" \/>\n\t<meta property=\"og:image:type\" content=\"image\/jpeg\" \/>\n<meta name=\"author\" content=\"admin\" \/>\n<meta name=\"twitter:card\" content=\"summary_large_image\" \/>\n<meta name=\"twitter:label1\" content=\"\u00c9crit par\" \/>\n\t<meta name=\"twitter:data1\" content=\"admin\" \/>\n\t<meta name=\"twitter:label2\" content=\"Dur\u00e9e de lecture estim\u00e9e\" \/>\n\t<meta name=\"twitter:data2\" content=\"2 minutes\" \/>\n<script type=\"application\/ld+json\" class=\"yoast-schema-graph\">{\"@context\":\"https:\\\/\\\/schema.org\",\"@graph\":[{\"@type\":\"Article\",\"@id\":\"https:\\\/\\\/lasentinelle.dz\\\/index.php\\\/2025\\\/12\\\/15\\\/ski-alpin-abdelrahman-boudarbela-lance-sa-campagne-de-qualification-olympique\\\/#article\",\"isPartOf\":{\"@id\":\"https:\\\/\\\/lasentinelle.dz\\\/index.php\\\/2025\\\/12\\\/15\\\/ski-alpin-abdelrahman-boudarbela-lance-sa-campagne-de-qualification-olympique\\\/\"},\"author\":{\"name\":\"admin\",\"@id\":\"https:\\\/\\\/lasentinelle.dz\\\/#\\\/schema\\\/person\\\/729ee0024f24e0b8c5ec17232f8e8b41\"},\"headline\":\"Ski alpin\u00a0:\u00a0Abdelrahman Boudarbela lance sa campagne de qualification olympique\u00a0\",\"datePublished\":\"2025-12-15T18:13:35+00:00\",\"dateModified\":\"2025-12-15T18:13:36+00:00\",\"mainEntityOfPage\":{\"@id\":\"https:\\\/\\\/lasentinelle.dz\\\/index.php\\\/2025\\\/12\\\/15\\\/ski-alpin-abdelrahman-boudarbela-lance-sa-campagne-de-qualification-olympique\\\/\"},\"wordCount\":398,\"commentCount\":0,\"publisher\":{\"@id\":\"https:\\\/\\\/lasentinelle.dz\\\/#organization\"},\"image\":{\"@id\":\"https:\\\/\\\/lasentinelle.dz\\\/index.php\\\/2025\\\/12\\\/15\\\/ski-alpin-abdelrahman-boudarbela-lance-sa-campagne-de-qualification-olympique\\\/#primaryimage\"},\"thumbnailUrl\":\"https:\\\/\\\/lasentinelle.dz\\\/wp-content\\\/uploads\\\/2025\\\/12\\\/ski-alpin-e1765822390744.jpeg\",\"articleSection\":[\"Sports\"],\"inLanguage\":\"fr-FR\",\"potentialAction\":[{\"@type\":\"CommentAction\",\"name\":\"Comment\",\"target\":[\"https:\\\/\\\/lasentinelle.dz\\\/index.php\\\/2025\\\/12\\\/15\\\/ski-alpin-abdelrahman-boudarbela-lance-sa-campagne-de-qualification-olympique\\\/#respond\"]}]},{\"@type\":\"WebPage\",\"@id\":\"https:\\\/\\\/lasentinelle.dz\\\/index.php\\\/2025\\\/12\\\/15\\\/ski-alpin-abdelrahman-boudarbela-lance-sa-campagne-de-qualification-olympique\\\/\",\"url\":\"https:\\\/\\\/lasentinelle.dz\\\/index.php\\\/2025\\\/12\\\/15\\\/ski-alpin-abdelrahman-boudarbela-lance-sa-campagne-de-qualification-olympique\\\/\",\"name\":\"Ski alpin\u00a0:\u00a0Abdelrahman Boudarbela lance sa campagne de qualification olympique\u00a0 - La Sentinelle\",\"isPartOf\":{\"@id\":\"https:\\\/\\\/lasentinelle.dz\\\/#website\"},\"primaryImageOfPage\":{\"@id\":\"https:\\\/\\\/lasentinelle.dz\\\/index.php\\\/2025\\\/12\\\/15\\\/ski-alpin-abdelrahman-boudarbela-lance-sa-campagne-de-qualification-olympique\\\/#primaryimage\"},\"image\":{\"@id\":\"https:\\\/\\\/lasentinelle.dz\\\/index.php\\\/2025\\\/12\\\/15\\\/ski-alpin-abdelrahman-boudarbela-lance-sa-campagne-de-qualification-olympique\\\/#primaryimage\"},\"thumbnailUrl\":\"https:\\\/\\\/lasentinelle.dz\\\/wp-content\\\/uploads\\\/2025\\\/12\\\/ski-alpin-e1765822390744.jpeg\",\"datePublished\":\"2025-12-15T18:13:35+00:00\",\"dateModified\":\"2025-12-15T18:13:36+00:00\",\"breadcrumb\":{\"@id\":\"https:\\\/\\\/lasentinelle.dz\\\/index.php\\\/2025\\\/12\\\/15\\\/ski-alpin-abdelrahman-boudarbela-lance-sa-campagne-de-qualification-olympique\\\/#breadcrumb\"},\"inLanguage\":\"fr-FR\",\"potentialAction\":[{\"@type\":\"ReadAction\",\"target\":[\"https:\\\/\\\/lasentinelle.dz\\\/index.php\\\/2025\\\/12\\\/15\\\/ski-alpin-abdelrahman-boudarbela-lance-sa-campagne-de-qualification-olympique\\\/\"]}]},{\"@type\":\"ImageObject\",\"inLanguage\":\"fr-FR\",\"@id\":\"https:\\\/\\\/lasentinelle.dz\\\/index.php\\\/2025\\\/12\\\/15\\\/ski-alpin-abdelrahman-boudarbela-lance-sa-campagne-de-qualification-olympique\\\/#primaryimage\",\"url\":\"https:\\\/\\\/lasentinelle.dz\\\/wp-content\\\/uploads\\\/2025\\\/12\\\/ski-alpin-e1765822390744.jpeg\",\"contentUrl\":\"https:\\\/\\\/lasentinelle.dz\\\/wp-content\\\/uploads\\\/2025\\\/12\\\/ski-alpin-e1765822390744.jpeg\",\"width\":947,\"height\":574},{\"@type\":\"BreadcrumbList\",\"@id\":\"https:\\\/\\\/lasentinelle.dz\\\/index.php\\\/2025\\\/12\\\/15\\\/ski-alpin-abdelrahman-boudarbela-lance-sa-campagne-de-qualification-olympique\\\/#breadcrumb\",\"itemListElement\":[{\"@type\":\"ListItem\",\"position\":1,\"name\":\"Accueil\",\"item\":\"https:\\\/\\\/lasentinelle.dz\\\/\"},{\"@type\":\"ListItem\",\"position\":2,\"name\":\"Ski alpin\u00a0:\u00a0Abdelrahman Boudarbela lance sa campagne de qualification olympique\u00a0\"}]},{\"@type\":\"WebSite\",\"@id\":\"https:\\\/\\\/lasentinelle.dz\\\/#website\",\"url\":\"https:\\\/\\\/lasentinelle.dz\\\/\",\"name\":\"La Sentinelle\",\"description\":\"Quotidien national d&#039;information\",\"publisher\":{\"@id\":\"https:\\\/\\\/lasentinelle.dz\\\/#organization\"},\"potentialAction\":[{\"@type\":\"SearchAction\",\"target\":{\"@type\":\"EntryPoint\",\"urlTemplate\":\"https:\\\/\\\/lasentinelle.dz\\\/?s={search_term_string}\"},\"query-input\":{\"@type\":\"PropertyValueSpecification\",\"valueRequired\":true,\"valueName\":\"search_term_string\"}}],\"inLanguage\":\"fr-FR\"},{\"@type\":\"Organization\",\"@id\":\"https:\\\/\\\/lasentinelle.dz\\\/#organization\",\"name\":\"Quotidien La Sentinelle\",\"url\":\"https:\\\/\\\/lasentinelle.dz\\\/\",\"logo\":{\"@type\":\"ImageObject\",\"inLanguage\":\"fr-FR\",\"@id\":\"https:\\\/\\\/lasentinelle.dz\\\/#\\\/schema\\\/logo\\\/image\\\/\",\"url\":\"https:\\\/\\\/lasentinelle.dz\\\/wp-content\\\/uploads\\\/2021\\\/09\\\/logo-sentinelleSLOGAN-1.png\",\"contentUrl\":\"https:\\\/\\\/lasentinelle.dz\\\/wp-content\\\/uploads\\\/2021\\\/09\\\/logo-sentinelleSLOGAN-1.png\",\"width\":615,\"height\":142,\"caption\":\"Quotidien La Sentinelle\"},\"image\":{\"@id\":\"https:\\\/\\\/lasentinelle.dz\\\/#\\\/schema\\\/logo\\\/image\\\/\"},\"sameAs\":[\"https:\\\/\\\/www.facebook.com\\\/La-Sentinelle-104059864394773\"]},{\"@type\":\"Person\",\"@id\":\"https:\\\/\\\/lasentinelle.dz\\\/#\\\/schema\\\/person\\\/729ee0024f24e0b8c5ec17232f8e8b41\",\"name\":\"admin\",\"image\":{\"@type\":\"ImageObject\",\"inLanguage\":\"fr-FR\",\"@id\":\"https:\\\/\\\/secure.gravatar.com\\\/avatar\\\/4c81fed838786e9b53f540bf46533e750f5d292099ae3b66cfc6fb1982e29df7?s=96&d=mm&r=g\",\"url\":\"https:\\\/\\\/secure.gravatar.com\\\/avatar\\\/4c81fed838786e9b53f540bf46533e750f5d292099ae3b66cfc6fb1982e29df7?s=96&d=mm&r=g\",\"contentUrl\":\"https:\\\/\\\/secure.gravatar.com\\\/avatar\\\/4c81fed838786e9b53f540bf46533e750f5d292099ae3b66cfc6fb1982e29df7?s=96&d=mm&r=g\",\"caption\":\"admin\"},\"description\":\"admin\",\"url\":\"https:\\\/\\\/lasentinelle.dz\\\/author\\\/admin\\\/\"}]}<\/script>\n<!-- \/ Yoast SEO plugin. -->","yoast_head_json":{"title":"Ski alpin\u00a0:\u00a0Abdelrahman Boudarbela lance sa campagne de qualification olympique\u00a0 - La Sentinelle","robots":{"index":"index","follow":"follow","max-snippet":"max-snippet:-1","max-image-preview":"max-image-preview:large","max-video-preview":"max-video-preview:-1"},"canonical":"https:\/\/lasentinelle.dz\/index.php\/2025\/12\/15\/ski-alpin-abdelrahman-boudarbela-lance-sa-campagne-de-qualification-olympique\/","og_locale":"fr_FR","og_type":"article","og_title":"Ski alpin\u00a0:\u00a0Abdelrahman Boudarbela lance sa campagne de qualification olympique\u00a0 - La Sentinelle","og_description":"Le skieur alg\u00e9rien Abdelrahman Boudarbela s&rsquo;appr\u00eate \u00e0 relever un d\u00e9fi de taille sur les pistes suisses. \u00c0 partir de ce","og_url":"https:\/\/lasentinelle.dz\/index.php\/2025\/12\/15\/ski-alpin-abdelrahman-boudarbela-lance-sa-campagne-de-qualification-olympique\/","og_site_name":"La Sentinelle","article_publisher":"https:\/\/www.facebook.com\/La-Sentinelle-104059864394773","article_published_time":"2025-12-15T18:13:35+00:00","article_modified_time":"2025-12-15T18:13:36+00:00","og_image":[{"width":947,"height":574,"url":"https:\/\/lasentinelle.dz\/wp-content\/uploads\/2025\/12\/ski-alpin-e1765822390744.jpeg","type":"image\/jpeg"}],"author":"admin","twitter_card":"summary_large_image","twitter_misc":{"\u00c9crit par":"admin","Dur\u00e9e de lecture estim\u00e9e":"2 minutes"},"schema":{"@context":"https:\/\/schema.org","@graph":[{"@type":"Article","@id":"https:\/\/lasentinelle.dz\/index.php\/2025\/12\/15\/ski-alpin-abdelrahman-boudarbela-lance-sa-campagne-de-qualification-olympique\/#article","isPartOf":{"@id":"https:\/\/lasentinelle.dz\/index.php\/2025\/12\/15\/ski-alpin-abdelrahman-boudarbela-lance-sa-campagne-de-qualification-olympique\/"},"author":{"name":"admin","@id":"https:\/\/lasentinelle.dz\/#\/schema\/person\/729ee0024f24e0b8c5ec17232f8e8b41"},"headline":"Ski alpin\u00a0:\u00a0Abdelrahman Boudarbela lance sa campagne de qualification olympique\u00a0","datePublished":"2025-12-15T18:13:35+00:00","dateModified":"2025-12-15T18:13:36+00:00","mainEntityOfPage":{"@id":"https:\/\/lasentinelle.dz\/index.php\/2025\/12\/15\/ski-alpin-abdelrahman-boudarbela-lance-sa-campagne-de-qualification-olympique\/"},"wordCount":398,"commentCount":0,"publisher":{"@id":"https:\/\/lasentinelle.dz\/#organization"},"image":{"@id":"https:\/\/lasentinelle.dz\/index.php\/2025\/12\/15\/ski-alpin-abdelrahman-boudarbela-lance-sa-campagne-de-qualification-olympique\/#primaryimage"},"thumbnailUrl":"https:\/\/lasentinelle.dz\/wp-content\/uploads\/2025\/12\/ski-alpin-e1765822390744.jpeg","articleSection":["Sports"],"inLanguage":"fr-FR","potentialAction":[{"@type":"CommentAction","name":"Comment","target":["https:\/\/lasentinelle.dz\/index.php\/2025\/12\/15\/ski-alpin-abdelrahman-boudarbela-lance-sa-campagne-de-qualification-olympique\/#respond"]}]},{"@type":"WebPage","@id":"https:\/\/lasentinelle.dz\/index.php\/2025\/12\/15\/ski-alpin-abdelrahman-boudarbela-lance-sa-campagne-de-qualification-olympique\/","url":"https:\/\/lasentinelle.dz\/index.php\/2025\/12\/15\/ski-alpin-abdelrahman-boudarbela-lance-sa-campagne-de-qualification-olympique\/","name":"Ski alpin\u00a0:\u00a0Abdelrahman Boudarbela lance sa campagne de qualification olympique\u00a0 - La Sentinelle","isPartOf":{"@id":"https:\/\/lasentinelle.dz\/#website"},"primaryImageOfPage":{"@id":"https:\/\/lasentinelle.dz\/index.php\/2025\/12\/15\/ski-alpin-abdelrahman-boudarbela-lance-sa-campagne-de-qualification-olympique\/#primaryimage"},"image":{"@id":"https:\/\/lasentinelle.dz\/index.php\/2025\/12\/15\/ski-alpin-abdelrahman-boudarbela-lance-sa-campagne-de-qualification-olympique\/#primaryimage"},"thumbnailUrl":"https:\/\/lasentinelle.dz\/wp-content\/uploads\/2025\/12\/ski-alpin-e1765822390744.jpeg","datePublished":"2025-12-15T18:13:35+00:00","dateModified":"2025-12-15T18:13:36+00:00","breadcrumb":{"@id":"https:\/\/lasentinelle.dz\/index.php\/2025\/12\/15\/ski-alpin-abdelrahman-boudarbela-lance-sa-campagne-de-qualification-olympique\/#breadcrumb"},"inLanguage":"fr-FR","potentialAction":[{"@type":"ReadAction","target":["https:\/\/lasentinelle.dz\/index.php\/2025\/12\/15\/ski-alpin-abdelrahman-boudarbela-lance-sa-campagne-de-qualification-olympique\/"]}]},{"@type":"ImageObject","inLanguage":"fr-FR","@id":"https:\/\/lasentinelle.dz\/index.php\/2025\/12\/15\/ski-alpin-abdelrahman-boudarbela-lance-sa-campagne-de-qualification-olympique\/#primaryimage","url":"https:\/\/lasentinelle.dz\/wp-content\/uploads\/2025\/12\/ski-alpin-e1765822390744.jpeg","contentUrl":"https:\/\/lasentinelle.dz\/wp-content\/uploads\/2025\/12\/ski-alpin-e1765822390744.jpeg","width":947,"height":574},{"@type":"BreadcrumbList","@id":"https:\/\/lasentinelle.dz\/index.php\/2025\/12\/15\/ski-alpin-abdelrahman-boudarbela-lance-sa-campagne-de-qualification-olympique\/#breadcrumb","itemListElement":[{"@type":"ListItem","position":1,"name":"Accueil","item":"https:\/\/lasentinelle.dz\/"},{"@type":"ListItem","position":2,"name":"Ski alpin\u00a0:\u00a0Abdelrahman Boudarbela lance sa campagne de qualification olympique\u00a0"}]},{"@type":"WebSite","@id":"https:\/\/lasentinelle.dz\/#website","url":"https:\/\/lasentinelle.dz\/","name":"La Sentinelle","description":"Quotidien national d&#039;information","publisher":{"@id":"https:\/\/lasentinelle.dz\/#organization"},"potentialAction":[{"@type":"SearchAction","target":{"@type":"EntryPoint","urlTemplate":"https:\/\/lasentinelle.dz\/?s={search_term_string}"},"query-input":{"@type":"PropertyValueSpecification","valueRequired":true,"valueName":"search_term_string"}}],"inLanguage":"fr-FR"},{"@type":"Organization","@id":"https:\/\/lasentinelle.dz\/#organization","name":"Quotidien La Sentinelle","url":"https:\/\/lasentinelle.dz\/","logo":{"@type":"ImageObject","inLanguage":"fr-FR","@id":"https:\/\/lasentinelle.dz\/#\/schema\/logo\/image\/","url":"https:\/\/lasentinelle.dz\/wp-content\/uploads\/2021\/09\/logo-sentinelleSLOGAN-1.png","contentUrl":"https:\/\/lasentinelle.dz\/wp-content\/uploads\/2021\/09\/logo-sentinelleSLOGAN-1.png","width":615,"height":142,"caption":"Quotidien La Sentinelle"},"image":{"@id":"https:\/\/lasentinelle.dz\/#\/schema\/logo\/image\/"},"sameAs":["https:\/\/www.facebook.com\/La-Sentinelle-104059864394773"]},{"@type":"Person","@id":"https:\/\/lasentinelle.dz\/#\/schema\/person\/729ee0024f24e0b8c5ec17232f8e8b41","name":"admin","image":{"@type":"ImageObject","inLanguage":"fr-FR","@id":"https:\/\/secure.gravatar.com\/avatar\/4c81fed838786e9b53f540bf46533e750f5d292099ae3b66cfc6fb1982e29df7?s=96&d=mm&r=g","url":"https:\/\/secure.gravatar.com\/avatar\/4c81fed838786e9b53f540bf46533e750f5d292099ae3b66cfc6fb1982e29df7?s=96&d=mm&r=g","contentUrl":"https:\/\/secure.gravatar.com\/avatar\/4c81fed838786e9b53f540bf46533e750f5d292099ae3b66cfc6fb1982e29df7?s=96&d=mm&r=g","caption":"admin"},"description":"admin","url":"https:\/\/lasentinelle.dz\/author\/admin\/"}]}},"_links":{"self":[{"href":"https:\/\/lasentinelle.dz\/index.php\/wp-json\/wp\/v2\/posts\/77817","targetHints":{"allow":["GET"]}}],"collection":[{"href":"https:\/\/lasentinelle.dz\/index.php\/wp-json\/wp\/v2\/posts"}],"about":[{"href":"https:\/\/lasentinelle.dz\/index.php\/wp-json\/wp\/v2\/types\/post"}],"author":[{"embeddable":true,"href":"https:\/\/lasentinelle.dz\/index.php\/wp-json\/wp\/v2\/users\/6"}],"replies":[{"embeddable":true,"href":"https:\/\/lasentinelle.dz\/index.php\/wp-json\/wp\/v2\/comments?post=77817"}],"version-history":[{"count":1,"href":"https:\/\/lasentinelle.dz\/index.php\/wp-json\/wp\/v2\/posts\/77817\/revisions"}],"predecessor-version":[{"id":77819,"href":"https:\/\/lasentinelle.dz\/index.php\/wp-json\/wp\/v2\/posts\/77817\/revisions\/77819"}],"wp:featuredmedia":[{"embeddable":true,"href":"https:\/\/lasentinelle.dz\/index.php\/wp-json\/wp\/v2\/media\/77818"}],"wp:attachment":[{"href":"https:\/\/lasentinelle.dz\/index.php\/wp-json\/wp\/v2\/media?parent=77817"}],"wp:term":[{"taxonomy":"category","embeddable":true,"href":"https:\/\/lasentinelle.dz\/index.php\/wp-json\/wp\/v2\/categories?post=77817"},{"taxonomy":"post_tag","embeddable":true,"href":"https:\/\/lasentinelle.dz\/index.php\/wp-json\/wp\/v2\/tags?post=77817"}],"curies":[{"name":"wp","href":"https:\/\/api.w.org\/{rel}","templated":true}]}}