{"id":77824,"date":"2025-12-15T19:15:25","date_gmt":"2025-12-15T18:15:25","guid":{"rendered":"https:\/\/lasentinelle.dz\/?p=77824"},"modified":"2025-12-15T19:15:26","modified_gmt":"2025-12-15T18:15:26","slug":"a-la-veille-de-la-can-les-internationaux-algeriens-brillent-en-europe","status":"publish","type":"post","link":"https:\/\/lasentinelle.dz\/index.php\/2025\/12\/15\/a-la-veille-de-la-can-les-internationaux-algeriens-brillent-en-europe\/","title":{"rendered":"A la veille de\u00a0la CAN\u00a0:\u00a0Les internationaux alg\u00e9riens brillent en Europe\u00a0"},"content":{"rendered":"\n<p>Le week-end a \u00e9t\u00e9 particuli\u00e8rement faste pour les joueurs alg\u00e9riens \u00e9voluant dans les grands championnats&nbsp;europ\u00e9ens.&nbsp;Les Fennecs ont envoy\u00e9 de pr\u00e9cieux signaux \u00e0 leur s\u00e9lectionneur Vladimir Petkovic \u00e0 quelques jours du d\u00e9but de la Coupe d&rsquo;Afrique des Nations.<\/p>\n\n\n\n<p>En Croatie,&nbsp;Isma\u00ebl Bennacer a enfin trouv\u00e9 le chemin des filets avec le Dinamo Zagreb. Le milieu de terrain alg\u00e9rien, pr\u00eat\u00e9 par l&rsquo;AC Milan jusqu&rsquo;en fin de saison avec option d&rsquo;achat, a inscrit dimanche son premier but sous ses nouvelles couleurs lors de la large victoire \u00e0 l&rsquo;ext\u00e9rieur contre Slaven Belupo. Sur l&rsquo;\u00e9cran radar marquant la&nbsp;17<sup>e<\/sup>&nbsp;journ\u00e9e du championnat croate, Bennacer a frapp\u00e9 fort en trompant le gardien adverse d&rsquo;une frappe lointaine des vingt-cinq m\u00e8tres \u00e0 la trente-cinqui\u00e8me minute. Une r\u00e9alisation qui symbolise le retour en forme du joueur de vingt-huit ans, longtemps frein\u00e9 par les blessures. Titularis\u00e9 par Mario Kovacevic, l&rsquo;ancien Milanais n&rsquo;\u00e9tait pas seul \u00e0 repr\u00e9senter l&rsquo;Alg\u00e9rie sur le terrain puisque Monsef Bakrar \u00e9voluait \u00e9galement dans le onze de d\u00e9part. L&rsquo;attaquant s&rsquo;est d&rsquo;ailleurs illustr\u00e9 d\u00e8s l&rsquo;entame de la rencontre en d\u00e9livrant une passe d\u00e9cisive sur l&rsquo;\u00e9galisation pr\u00e9coce, avant de c\u00e9der sa place en cours de seconde p\u00e9riode. Cette victoire confortable permet au Dinamo Zagreb de conserver son fauteuil de leader avec&nbsp;35&nbsp;points au compteur, gardant une courte avance sur le Hajduk Split qui compte trente-quatre unit\u00e9s. Pour Bennacer, cette premi\u00e8re r\u00e9alisation intervient au moment id\u00e9al puisque son nom figure sur la liste des&nbsp;28&nbsp;joueurs convoqu\u00e9s pour la CAN qui d\u00e9bute le&nbsp;21&nbsp;d\u00e9cembre au Maroc.<\/p>\n\n\n\n<p>Du c\u00f4t\u00e9 de l&rsquo;Allemagne, Ramy Bensebaini a \u00e9galement marqu\u00e9 les esprits avec le Borussia Dortmund. Repositionn\u00e9 dans l&rsquo;axe de la d\u00e9fense en raison des absences d&rsquo;Anton et Andeslino, le d\u00e9fenseur international a retrouv\u00e9 son poste de stoppeur gauche dans un syst\u00e8me \u00e0 trois. Mais l&rsquo;ancien pensionnaire du Borussia M\u00f6nchengladbach n&rsquo;est pas rest\u00e9 cantonn\u00e9 \u00e0 ses t\u00e2ches d\u00e9fensives puisqu&rsquo;il a ouvert le score \u00e0 la&nbsp;31<sup>e<\/sup>&nbsp;minute lors du d\u00e9placement \u00e0 Fribourg. Sur un coup de pied arr\u00eat\u00e9, Bensebaini a d&rsquo;abord tent\u00e9 sa chance de la t\u00eate avant de concr\u00e9tiser du pied droit, inscrivant son troisi\u00e8me but de la saison et surtout le premier dans le cours du jeu. Malheureusement pour Dortmund, malgr\u00e9 plusieurs interventions d\u00e9cisives du gardien Kobel, l&rsquo;\u00e9quipe n&rsquo;a pu conserver son avance suite \u00e0 l&rsquo;expulsion de Jude Bellingham et a finalement conc\u00e9d\u00e9 l&rsquo;\u00e9galisation par Holler \u00e0 un quart d&rsquo;heure du terme.<\/p>\n\n\n\n<p>En Espagne, Luca Zidane a livr\u00e9 une prestation encourageante malgr\u00e9 la d\u00e9faite de Grenade face au Sporting Gij\u00f3n. Le gardien franco-alg\u00e9rien, qui pourrait bien \u00eatre le portier num\u00e9ro un lors de la CAN, a d\u00e9montr\u00e9 toute son aisance technique au pied, qualit\u00e9 h\u00e9rit\u00e9e de son illustre patronyme. Dans une rencontre marqu\u00e9e par trois interventions de la VAR, Zidane a r\u00e9alis\u00e9 plusieurs parades de qualit\u00e9 pour maintenir son \u00e9quipe dans le match. Si le revers final assombrit quelque peu le tableau et enfonce Grenade \u00e0 une inqui\u00e9tante&nbsp;19<sup>e<\/sup>&nbsp;place synonyme de rel\u00e9gation, le n\u00e9o-international alg\u00e9rien peut se satisfaire de sa performance individuelle avant de rejoindre la s\u00e9lection nationale pour l&rsquo;\u00e9ch\u00e9ance continentale.&nbsp;<\/p>\n\n\n\n<p>Moncef D.<\/p>\n","protected":false},"excerpt":{"rendered":"<p>Le week-end a \u00e9t\u00e9 particuli\u00e8rement faste pour les joueurs alg\u00e9riens \u00e9voluant dans les grands championnats&nbsp;europ\u00e9ens.&nbsp;Les Fennecs ont envoy\u00e9 de pr\u00e9cieux<\/p>\n","protected":false},"author":6,"featured_media":77825,"comment_status":"open","ping_status":"closed","sticky":false,"template":"","format":"standard","meta":{"colormag_page_container_layout":"default_layout","colormag_page_sidebar_layout":"default_layout","om_disable_all_campaigns":false,"_monsterinsights_skip_tracking":false,"_monsterinsights_sitenote_active":false,"_monsterinsights_sitenote_note":"","_monsterinsights_sitenote_category":0,"footnotes":"","_wpscppro_dont_share_socialmedia":false,"_wpscppro_custom_social_share_image":0,"_facebook_share_type":"default","_twitter_share_type":"default","_linkedin_share_type":"default","_pinterest_share_type":"default","_linkedin_share_type_page":"","_instagram_share_type":"default","_medium_share_type":"default","_threads_share_type":"default","_google_business_share_type":"default","_selected_social_profile":[],"_wpsp_enable_custom_social_template":false,"_wpsp_social_scheduling":{"enabled":false,"datetime":null,"platforms":[],"status":"template_only","dateOption":"today","timeOption":"now","customDays":"","customHours":"","customDate":"","customTime":"","schedulingType":"absolute"},"_wpsp_active_default_template":true},"categories":[33],"tags":[],"class_list":["post-77824","post","type-post","status-publish","format-standard","has-post-thumbnail","hentry","category-sports"],"aioseo_notices":[],"yoast_head":"<!-- This site is optimized with the Yoast SEO plugin v27.5 - https:\/\/yoast.com\/product\/yoast-seo-wordpress\/ -->\n<title>A la veille de\u00a0la CAN\u00a0:\u00a0Les internationaux alg\u00e9riens brillent en Europe\u00a0 - La Sentinelle<\/title>\n<meta name=\"robots\" content=\"index, follow, max-snippet:-1, max-image-preview:large, max-video-preview:-1\" \/>\n<link rel=\"canonical\" href=\"https:\/\/lasentinelle.dz\/index.php\/2025\/12\/15\/a-la-veille-de-la-can-les-internationaux-algeriens-brillent-en-europe\/\" \/>\n<meta property=\"og:locale\" content=\"fr_FR\" \/>\n<meta property=\"og:type\" content=\"article\" \/>\n<meta property=\"og:title\" content=\"A la veille de\u00a0la CAN\u00a0:\u00a0Les internationaux alg\u00e9riens brillent en Europe\u00a0 - La Sentinelle\" \/>\n<meta property=\"og:description\" content=\"Le week-end a \u00e9t\u00e9 particuli\u00e8rement faste pour les joueurs alg\u00e9riens \u00e9voluant dans les grands championnats&nbsp;europ\u00e9ens.&nbsp;Les Fennecs ont envoy\u00e9 de pr\u00e9cieux\" \/>\n<meta property=\"og:url\" content=\"https:\/\/lasentinelle.dz\/index.php\/2025\/12\/15\/a-la-veille-de-la-can-les-internationaux-algeriens-brillent-en-europe\/\" \/>\n<meta property=\"og:site_name\" content=\"La Sentinelle\" \/>\n<meta property=\"article:publisher\" content=\"https:\/\/www.facebook.com\/La-Sentinelle-104059864394773\" \/>\n<meta property=\"article:published_time\" content=\"2025-12-15T18:15:25+00:00\" \/>\n<meta property=\"article:modified_time\" content=\"2025-12-15T18:15:26+00:00\" \/>\n<meta property=\"og:image\" content=\"https:\/\/lasentinelle.dz\/wp-content\/uploads\/2025\/12\/Bennacer-Bensebaini.jpeg\" \/>\n\t<meta property=\"og:image:width\" content=\"2560\" \/>\n\t<meta property=\"og:image:height\" content=\"1440\" \/>\n\t<meta property=\"og:image:type\" content=\"image\/jpeg\" \/>\n<meta name=\"author\" content=\"admin\" \/>\n<meta name=\"twitter:card\" content=\"summary_large_image\" \/>\n<meta name=\"twitter:label1\" content=\"\u00c9crit par\" \/>\n\t<meta name=\"twitter:data1\" content=\"admin\" \/>\n\t<meta name=\"twitter:label2\" content=\"Dur\u00e9e de lecture estim\u00e9e\" \/>\n\t<meta name=\"twitter:data2\" content=\"3 minutes\" \/>\n<script type=\"application\/ld+json\" class=\"yoast-schema-graph\">{\"@context\":\"https:\\\/\\\/schema.org\",\"@graph\":[{\"@type\":\"Article\",\"@id\":\"https:\\\/\\\/lasentinelle.dz\\\/index.php\\\/2025\\\/12\\\/15\\\/a-la-veille-de-la-can-les-internationaux-algeriens-brillent-en-europe\\\/#article\",\"isPartOf\":{\"@id\":\"https:\\\/\\\/lasentinelle.dz\\\/index.php\\\/2025\\\/12\\\/15\\\/a-la-veille-de-la-can-les-internationaux-algeriens-brillent-en-europe\\\/\"},\"author\":{\"name\":\"admin\",\"@id\":\"https:\\\/\\\/lasentinelle.dz\\\/#\\\/schema\\\/person\\\/729ee0024f24e0b8c5ec17232f8e8b41\"},\"headline\":\"A la veille de\u00a0la CAN\u00a0:\u00a0Les internationaux alg\u00e9riens brillent en Europe\u00a0\",\"datePublished\":\"2025-12-15T18:15:25+00:00\",\"dateModified\":\"2025-12-15T18:15:26+00:00\",\"mainEntityOfPage\":{\"@id\":\"https:\\\/\\\/lasentinelle.dz\\\/index.php\\\/2025\\\/12\\\/15\\\/a-la-veille-de-la-can-les-internationaux-algeriens-brillent-en-europe\\\/\"},\"wordCount\":605,\"commentCount\":0,\"publisher\":{\"@id\":\"https:\\\/\\\/lasentinelle.dz\\\/#organization\"},\"image\":{\"@id\":\"https:\\\/\\\/lasentinelle.dz\\\/index.php\\\/2025\\\/12\\\/15\\\/a-la-veille-de-la-can-les-internationaux-algeriens-brillent-en-europe\\\/#primaryimage\"},\"thumbnailUrl\":\"https:\\\/\\\/lasentinelle.dz\\\/wp-content\\\/uploads\\\/2025\\\/12\\\/Bennacer-Bensebaini.jpeg\",\"articleSection\":[\"Sports\"],\"inLanguage\":\"fr-FR\",\"potentialAction\":[{\"@type\":\"CommentAction\",\"name\":\"Comment\",\"target\":[\"https:\\\/\\\/lasentinelle.dz\\\/index.php\\\/2025\\\/12\\\/15\\\/a-la-veille-de-la-can-les-internationaux-algeriens-brillent-en-europe\\\/#respond\"]}]},{\"@type\":\"WebPage\",\"@id\":\"https:\\\/\\\/lasentinelle.dz\\\/index.php\\\/2025\\\/12\\\/15\\\/a-la-veille-de-la-can-les-internationaux-algeriens-brillent-en-europe\\\/\",\"url\":\"https:\\\/\\\/lasentinelle.dz\\\/index.php\\\/2025\\\/12\\\/15\\\/a-la-veille-de-la-can-les-internationaux-algeriens-brillent-en-europe\\\/\",\"name\":\"A la veille de\u00a0la CAN\u00a0:\u00a0Les internationaux alg\u00e9riens brillent en Europe\u00a0 - La Sentinelle\",\"isPartOf\":{\"@id\":\"https:\\\/\\\/lasentinelle.dz\\\/#website\"},\"primaryImageOfPage\":{\"@id\":\"https:\\\/\\\/lasentinelle.dz\\\/index.php\\\/2025\\\/12\\\/15\\\/a-la-veille-de-la-can-les-internationaux-algeriens-brillent-en-europe\\\/#primaryimage\"},\"image\":{\"@id\":\"https:\\\/\\\/lasentinelle.dz\\\/index.php\\\/2025\\\/12\\\/15\\\/a-la-veille-de-la-can-les-internationaux-algeriens-brillent-en-europe\\\/#primaryimage\"},\"thumbnailUrl\":\"https:\\\/\\\/lasentinelle.dz\\\/wp-content\\\/uploads\\\/2025\\\/12\\\/Bennacer-Bensebaini.jpeg\",\"datePublished\":\"2025-12-15T18:15:25+00:00\",\"dateModified\":\"2025-12-15T18:15:26+00:00\",\"breadcrumb\":{\"@id\":\"https:\\\/\\\/lasentinelle.dz\\\/index.php\\\/2025\\\/12\\\/15\\\/a-la-veille-de-la-can-les-internationaux-algeriens-brillent-en-europe\\\/#breadcrumb\"},\"inLanguage\":\"fr-FR\",\"potentialAction\":[{\"@type\":\"ReadAction\",\"target\":[\"https:\\\/\\\/lasentinelle.dz\\\/index.php\\\/2025\\\/12\\\/15\\\/a-la-veille-de-la-can-les-internationaux-algeriens-brillent-en-europe\\\/\"]}]},{\"@type\":\"ImageObject\",\"inLanguage\":\"fr-FR\",\"@id\":\"https:\\\/\\\/lasentinelle.dz\\\/index.php\\\/2025\\\/12\\\/15\\\/a-la-veille-de-la-can-les-internationaux-algeriens-brillent-en-europe\\\/#primaryimage\",\"url\":\"https:\\\/\\\/lasentinelle.dz\\\/wp-content\\\/uploads\\\/2025\\\/12\\\/Bennacer-Bensebaini.jpeg\",\"contentUrl\":\"https:\\\/\\\/lasentinelle.dz\\\/wp-content\\\/uploads\\\/2025\\\/12\\\/Bennacer-Bensebaini.jpeg\",\"width\":2560,\"height\":1440,\"caption\":\"{\\\"remix_data\\\":[],\\\"source_tags\\\":[],\\\"origin\\\":\\\"unknown\\\",\\\"total_draw_time\\\":0,\\\"total_draw_actions\\\":0,\\\"layers_used\\\":0,\\\"brushes_used\\\":0,\\\"photos_added\\\":0,\\\"total_editor_actions\\\":{},\\\"tools_used\\\":{},\\\"is_sticker\\\":false,\\\"edited_since_last_sticker_save\\\":false,\\\"containsFTESticker\\\":false}\"},{\"@type\":\"BreadcrumbList\",\"@id\":\"https:\\\/\\\/lasentinelle.dz\\\/index.php\\\/2025\\\/12\\\/15\\\/a-la-veille-de-la-can-les-internationaux-algeriens-brillent-en-europe\\\/#breadcrumb\",\"itemListElement\":[{\"@type\":\"ListItem\",\"position\":1,\"name\":\"Accueil\",\"item\":\"https:\\\/\\\/lasentinelle.dz\\\/\"},{\"@type\":\"ListItem\",\"position\":2,\"name\":\"A la veille de\u00a0la CAN\u00a0:\u00a0Les internationaux alg\u00e9riens brillent en Europe\u00a0\"}]},{\"@type\":\"WebSite\",\"@id\":\"https:\\\/\\\/lasentinelle.dz\\\/#website\",\"url\":\"https:\\\/\\\/lasentinelle.dz\\\/\",\"name\":\"La Sentinelle\",\"description\":\"Quotidien national d&#039;information\",\"publisher\":{\"@id\":\"https:\\\/\\\/lasentinelle.dz\\\/#organization\"},\"potentialAction\":[{\"@type\":\"SearchAction\",\"target\":{\"@type\":\"EntryPoint\",\"urlTemplate\":\"https:\\\/\\\/lasentinelle.dz\\\/?s={search_term_string}\"},\"query-input\":{\"@type\":\"PropertyValueSpecification\",\"valueRequired\":true,\"valueName\":\"search_term_string\"}}],\"inLanguage\":\"fr-FR\"},{\"@type\":\"Organization\",\"@id\":\"https:\\\/\\\/lasentinelle.dz\\\/#organization\",\"name\":\"Quotidien La Sentinelle\",\"url\":\"https:\\\/\\\/lasentinelle.dz\\\/\",\"logo\":{\"@type\":\"ImageObject\",\"inLanguage\":\"fr-FR\",\"@id\":\"https:\\\/\\\/lasentinelle.dz\\\/#\\\/schema\\\/logo\\\/image\\\/\",\"url\":\"https:\\\/\\\/lasentinelle.dz\\\/wp-content\\\/uploads\\\/2021\\\/09\\\/logo-sentinelleSLOGAN-1.png\",\"contentUrl\":\"https:\\\/\\\/lasentinelle.dz\\\/wp-content\\\/uploads\\\/2021\\\/09\\\/logo-sentinelleSLOGAN-1.png\",\"width\":615,\"height\":142,\"caption\":\"Quotidien La Sentinelle\"},\"image\":{\"@id\":\"https:\\\/\\\/lasentinelle.dz\\\/#\\\/schema\\\/logo\\\/image\\\/\"},\"sameAs\":[\"https:\\\/\\\/www.facebook.com\\\/La-Sentinelle-104059864394773\"]},{\"@type\":\"Person\",\"@id\":\"https:\\\/\\\/lasentinelle.dz\\\/#\\\/schema\\\/person\\\/729ee0024f24e0b8c5ec17232f8e8b41\",\"name\":\"admin\",\"image\":{\"@type\":\"ImageObject\",\"inLanguage\":\"fr-FR\",\"@id\":\"https:\\\/\\\/secure.gravatar.com\\\/avatar\\\/4c81fed838786e9b53f540bf46533e750f5d292099ae3b66cfc6fb1982e29df7?s=96&d=mm&r=g\",\"url\":\"https:\\\/\\\/secure.gravatar.com\\\/avatar\\\/4c81fed838786e9b53f540bf46533e750f5d292099ae3b66cfc6fb1982e29df7?s=96&d=mm&r=g\",\"contentUrl\":\"https:\\\/\\\/secure.gravatar.com\\\/avatar\\\/4c81fed838786e9b53f540bf46533e750f5d292099ae3b66cfc6fb1982e29df7?s=96&d=mm&r=g\",\"caption\":\"admin\"},\"description\":\"admin\",\"url\":\"https:\\\/\\\/lasentinelle.dz\\\/author\\\/admin\\\/\"}]}<\/script>\n<!-- \/ Yoast SEO plugin. -->","yoast_head_json":{"title":"A la veille de\u00a0la CAN\u00a0:\u00a0Les internationaux alg\u00e9riens brillent en Europe\u00a0 - La Sentinelle","robots":{"index":"index","follow":"follow","max-snippet":"max-snippet:-1","max-image-preview":"max-image-preview:large","max-video-preview":"max-video-preview:-1"},"canonical":"https:\/\/lasentinelle.dz\/index.php\/2025\/12\/15\/a-la-veille-de-la-can-les-internationaux-algeriens-brillent-en-europe\/","og_locale":"fr_FR","og_type":"article","og_title":"A la veille de\u00a0la CAN\u00a0:\u00a0Les internationaux alg\u00e9riens brillent en Europe\u00a0 - La Sentinelle","og_description":"Le week-end a \u00e9t\u00e9 particuli\u00e8rement faste pour les joueurs alg\u00e9riens \u00e9voluant dans les grands championnats&nbsp;europ\u00e9ens.&nbsp;Les Fennecs ont envoy\u00e9 de pr\u00e9cieux","og_url":"https:\/\/lasentinelle.dz\/index.php\/2025\/12\/15\/a-la-veille-de-la-can-les-internationaux-algeriens-brillent-en-europe\/","og_site_name":"La Sentinelle","article_publisher":"https:\/\/www.facebook.com\/La-Sentinelle-104059864394773","article_published_time":"2025-12-15T18:15:25+00:00","article_modified_time":"2025-12-15T18:15:26+00:00","og_image":[{"width":2560,"height":1440,"url":"https:\/\/lasentinelle.dz\/wp-content\/uploads\/2025\/12\/Bennacer-Bensebaini.jpeg","type":"image\/jpeg"}],"author":"admin","twitter_card":"summary_large_image","twitter_misc":{"\u00c9crit par":"admin","Dur\u00e9e de lecture estim\u00e9e":"3 minutes"},"schema":{"@context":"https:\/\/schema.org","@graph":[{"@type":"Article","@id":"https:\/\/lasentinelle.dz\/index.php\/2025\/12\/15\/a-la-veille-de-la-can-les-internationaux-algeriens-brillent-en-europe\/#article","isPartOf":{"@id":"https:\/\/lasentinelle.dz\/index.php\/2025\/12\/15\/a-la-veille-de-la-can-les-internationaux-algeriens-brillent-en-europe\/"},"author":{"name":"admin","@id":"https:\/\/lasentinelle.dz\/#\/schema\/person\/729ee0024f24e0b8c5ec17232f8e8b41"},"headline":"A la veille de\u00a0la CAN\u00a0:\u00a0Les internationaux alg\u00e9riens brillent en Europe\u00a0","datePublished":"2025-12-15T18:15:25+00:00","dateModified":"2025-12-15T18:15:26+00:00","mainEntityOfPage":{"@id":"https:\/\/lasentinelle.dz\/index.php\/2025\/12\/15\/a-la-veille-de-la-can-les-internationaux-algeriens-brillent-en-europe\/"},"wordCount":605,"commentCount":0,"publisher":{"@id":"https:\/\/lasentinelle.dz\/#organization"},"image":{"@id":"https:\/\/lasentinelle.dz\/index.php\/2025\/12\/15\/a-la-veille-de-la-can-les-internationaux-algeriens-brillent-en-europe\/#primaryimage"},"thumbnailUrl":"https:\/\/lasentinelle.dz\/wp-content\/uploads\/2025\/12\/Bennacer-Bensebaini.jpeg","articleSection":["Sports"],"inLanguage":"fr-FR","potentialAction":[{"@type":"CommentAction","name":"Comment","target":["https:\/\/lasentinelle.dz\/index.php\/2025\/12\/15\/a-la-veille-de-la-can-les-internationaux-algeriens-brillent-en-europe\/#respond"]}]},{"@type":"WebPage","@id":"https:\/\/lasentinelle.dz\/index.php\/2025\/12\/15\/a-la-veille-de-la-can-les-internationaux-algeriens-brillent-en-europe\/","url":"https:\/\/lasentinelle.dz\/index.php\/2025\/12\/15\/a-la-veille-de-la-can-les-internationaux-algeriens-brillent-en-europe\/","name":"A la veille de\u00a0la CAN\u00a0:\u00a0Les internationaux alg\u00e9riens brillent en Europe\u00a0 - La Sentinelle","isPartOf":{"@id":"https:\/\/lasentinelle.dz\/#website"},"primaryImageOfPage":{"@id":"https:\/\/lasentinelle.dz\/index.php\/2025\/12\/15\/a-la-veille-de-la-can-les-internationaux-algeriens-brillent-en-europe\/#primaryimage"},"image":{"@id":"https:\/\/lasentinelle.dz\/index.php\/2025\/12\/15\/a-la-veille-de-la-can-les-internationaux-algeriens-brillent-en-europe\/#primaryimage"},"thumbnailUrl":"https:\/\/lasentinelle.dz\/wp-content\/uploads\/2025\/12\/Bennacer-Bensebaini.jpeg","datePublished":"2025-12-15T18:15:25+00:00","dateModified":"2025-12-15T18:15:26+00:00","breadcrumb":{"@id":"https:\/\/lasentinelle.dz\/index.php\/2025\/12\/15\/a-la-veille-de-la-can-les-internationaux-algeriens-brillent-en-europe\/#breadcrumb"},"inLanguage":"fr-FR","potentialAction":[{"@type":"ReadAction","target":["https:\/\/lasentinelle.dz\/index.php\/2025\/12\/15\/a-la-veille-de-la-can-les-internationaux-algeriens-brillent-en-europe\/"]}]},{"@type":"ImageObject","inLanguage":"fr-FR","@id":"https:\/\/lasentinelle.dz\/index.php\/2025\/12\/15\/a-la-veille-de-la-can-les-internationaux-algeriens-brillent-en-europe\/#primaryimage","url":"https:\/\/lasentinelle.dz\/wp-content\/uploads\/2025\/12\/Bennacer-Bensebaini.jpeg","contentUrl":"https:\/\/lasentinelle.dz\/wp-content\/uploads\/2025\/12\/Bennacer-Bensebaini.jpeg","width":2560,"height":1440,"caption":"{\"remix_data\":[],\"source_tags\":[],\"origin\":\"unknown\",\"total_draw_time\":0,\"total_draw_actions\":0,\"layers_used\":0,\"brushes_used\":0,\"photos_added\":0,\"total_editor_actions\":{},\"tools_used\":{},\"is_sticker\":false,\"edited_since_last_sticker_save\":false,\"containsFTESticker\":false}"},{"@type":"BreadcrumbList","@id":"https:\/\/lasentinelle.dz\/index.php\/2025\/12\/15\/a-la-veille-de-la-can-les-internationaux-algeriens-brillent-en-europe\/#breadcrumb","itemListElement":[{"@type":"ListItem","position":1,"name":"Accueil","item":"https:\/\/lasentinelle.dz\/"},{"@type":"ListItem","position":2,"name":"A la veille de\u00a0la CAN\u00a0:\u00a0Les internationaux alg\u00e9riens brillent en Europe\u00a0"}]},{"@type":"WebSite","@id":"https:\/\/lasentinelle.dz\/#website","url":"https:\/\/lasentinelle.dz\/","name":"La Sentinelle","description":"Quotidien national d&#039;information","publisher":{"@id":"https:\/\/lasentinelle.dz\/#organization"},"potentialAction":[{"@type":"SearchAction","target":{"@type":"EntryPoint","urlTemplate":"https:\/\/lasentinelle.dz\/?s={search_term_string}"},"query-input":{"@type":"PropertyValueSpecification","valueRequired":true,"valueName":"search_term_string"}}],"inLanguage":"fr-FR"},{"@type":"Organization","@id":"https:\/\/lasentinelle.dz\/#organization","name":"Quotidien La Sentinelle","url":"https:\/\/lasentinelle.dz\/","logo":{"@type":"ImageObject","inLanguage":"fr-FR","@id":"https:\/\/lasentinelle.dz\/#\/schema\/logo\/image\/","url":"https:\/\/lasentinelle.dz\/wp-content\/uploads\/2021\/09\/logo-sentinelleSLOGAN-1.png","contentUrl":"https:\/\/lasentinelle.dz\/wp-content\/uploads\/2021\/09\/logo-sentinelleSLOGAN-1.png","width":615,"height":142,"caption":"Quotidien La Sentinelle"},"image":{"@id":"https:\/\/lasentinelle.dz\/#\/schema\/logo\/image\/"},"sameAs":["https:\/\/www.facebook.com\/La-Sentinelle-104059864394773"]},{"@type":"Person","@id":"https:\/\/lasentinelle.dz\/#\/schema\/person\/729ee0024f24e0b8c5ec17232f8e8b41","name":"admin","image":{"@type":"ImageObject","inLanguage":"fr-FR","@id":"https:\/\/secure.gravatar.com\/avatar\/4c81fed838786e9b53f540bf46533e750f5d292099ae3b66cfc6fb1982e29df7?s=96&d=mm&r=g","url":"https:\/\/secure.gravatar.com\/avatar\/4c81fed838786e9b53f540bf46533e750f5d292099ae3b66cfc6fb1982e29df7?s=96&d=mm&r=g","contentUrl":"https:\/\/secure.gravatar.com\/avatar\/4c81fed838786e9b53f540bf46533e750f5d292099ae3b66cfc6fb1982e29df7?s=96&d=mm&r=g","caption":"admin"},"description":"admin","url":"https:\/\/lasentinelle.dz\/author\/admin\/"}]}},"_links":{"self":[{"href":"https:\/\/lasentinelle.dz\/index.php\/wp-json\/wp\/v2\/posts\/77824","targetHints":{"allow":["GET"]}}],"collection":[{"href":"https:\/\/lasentinelle.dz\/index.php\/wp-json\/wp\/v2\/posts"}],"about":[{"href":"https:\/\/lasentinelle.dz\/index.php\/wp-json\/wp\/v2\/types\/post"}],"author":[{"embeddable":true,"href":"https:\/\/lasentinelle.dz\/index.php\/wp-json\/wp\/v2\/users\/6"}],"replies":[{"embeddable":true,"href":"https:\/\/lasentinelle.dz\/index.php\/wp-json\/wp\/v2\/comments?post=77824"}],"version-history":[{"count":1,"href":"https:\/\/lasentinelle.dz\/index.php\/wp-json\/wp\/v2\/posts\/77824\/revisions"}],"predecessor-version":[{"id":77826,"href":"https:\/\/lasentinelle.dz\/index.php\/wp-json\/wp\/v2\/posts\/77824\/revisions\/77826"}],"wp:featuredmedia":[{"embeddable":true,"href":"https:\/\/lasentinelle.dz\/index.php\/wp-json\/wp\/v2\/media\/77825"}],"wp:attachment":[{"href":"https:\/\/lasentinelle.dz\/index.php\/wp-json\/wp\/v2\/media?parent=77824"}],"wp:term":[{"taxonomy":"category","embeddable":true,"href":"https:\/\/lasentinelle.dz\/index.php\/wp-json\/wp\/v2\/categories?post=77824"},{"taxonomy":"post_tag","embeddable":true,"href":"https:\/\/lasentinelle.dz\/index.php\/wp-json\/wp\/v2\/tags?post=77824"}],"curies":[{"name":"wp","href":"https:\/\/api.w.org\/{rel}","templated":true}]}}