{"id":77827,"date":"2025-12-15T19:16:16","date_gmt":"2025-12-15T18:16:16","guid":{"rendered":"https:\/\/lasentinelle.dz\/?p=77827"},"modified":"2025-12-15T19:16:16","modified_gmt":"2025-12-15T18:16:16","slug":"ligue-1-mobilis-13e-journee-un-programme-intense-avant-la-treve-hivernale","status":"publish","type":"post","link":"https:\/\/lasentinelle.dz\/index.php\/2025\/12\/15\/ligue-1-mobilis-13e-journee-un-programme-intense-avant-la-treve-hivernale\/","title":{"rendered":"Ligue 1 Mobilis\u00a0(13e\u00a0journ\u00e9e)\u00a0: Un programme intense avant la tr\u00eave hivernale"},"content":{"rendered":"\n<p>La Ligue de football professionnel a d\u00e9voil\u00e9 dimanche le calendrier complet de la treizi\u00e8me journ\u00e9e du championnat de Ligue 1 Mobilis, qui se d\u00e9roulera sur trois jours cons\u00e9cutifs du 18 au 20 d\u00e9cembre. Cette programmation dense, qui pr\u00e9c\u00e8de la traditionnelle pause hivernale, s&rsquo;annonce riche en enjeux avec notamment le d\u00e9placement p\u00e9rilleux du leader MC Alger et l&rsquo;affiche tant attendue entre l&rsquo;ES S\u00e9tif et la JS Kabylie.<\/p>\n\n\n\n<p>Les hostilit\u00e9s s&rsquo;ouvriront d\u00e8s le jeudi 18 d\u00e9cembre avec un menu all\u00e9chant de trois rencontres. Le coup d&rsquo;envoi de cette journ\u00e9e marathonienne sera donn\u00e9 \u00e0&nbsp;17h00&nbsp;avec deux affiches programm\u00e9es simultan\u00e9ment. L&rsquo;ASO Chlef accueillera le MC Oran, actuel troisi\u00e8me du classement \u00e0 \u00e9galit\u00e9 de points avec l&rsquo;Olympique Akbou, dans ce qui pourrait constituer un pi\u00e8ge pour les Oranais en qu\u00eate de maintien au contact du peloton de t\u00eate. Au m\u00eame moment, tous les regards se tourneront vers Ouargla o\u00f9 le leader incontest\u00e9, le MC Alger, effectuera un d\u00e9placement d\u00e9licat chez le promu MB Rouissat. Cette rencontre repr\u00e9sente un v\u00e9ritable test pour les Mouloud\u00e9ens qui devront composer avec les conditions particuli\u00e8res d&rsquo;un d\u00e9placement dans le Sud alg\u00e9rien. La soir\u00e9e du jeudi se cl\u00f4turera \u00e0&nbsp;20h00&nbsp;avec le derby alg\u00e9rois opposant l&rsquo;USM Alger \u00e0 l&rsquo;ES Ben Aknoun, un match \u00e0 connotation locale qui ne manquera pas de passionner les supporters de la capitale.<\/p>\n\n\n\n<p>Le vendredi 19 d\u00e9cembre offrira \u00e9galement son lot d&rsquo;\u00e9motions avec trois rencontres \u00e9chelonn\u00e9es tout au long de la journ\u00e9e. L&rsquo;apr\u00e8s-midi d\u00e9butera \u00e0&nbsp;14h30&nbsp;par la confrontation entre le MC El-Bayadh et l&rsquo;USM Khenchela, deux formations du milieu de tableau en qu\u00eate de points pour s\u00e9curiser leur position. \u00c0&nbsp;17h00, le CS Constantine recevra le Paradou AC dans un duel qui pourrait avoir son importance dans la course au maintien. Mais c&rsquo;est \u00e0&nbsp;18h00&nbsp;que se jouera l&rsquo;affiche phare de cette journ\u00e9e avec le choc ES S\u00e9tif contre JS Kabylie.&nbsp;<\/p>\n\n\n\n<p>Le rideau tombera le samedi 20 d\u00e9cembre avec les deux derni\u00e8res rencontres au programme. La JS Saoura ouvrira le bal \u00e0&nbsp;15h00&nbsp;en accueillant l&rsquo;ES Mostaganem, avant que la journ\u00e9e ne se conclue en apoth\u00e9ose \u00e0&nbsp;18h00&nbsp;heures avec l&rsquo;affiche CR Belouizdad contre Olympique Akbou.&nbsp;<\/p>\n\n\n\n<p>Au sortir de la douzi\u00e8me journ\u00e9e,&nbsp;le MC Alger domine outrageusement les d\u00e9bats avec&nbsp;25&nbsp;points au compteur et compte un matelas confortable de quatre longueurs sur ses plus proches poursuivants. Cette avance impressionnante est toutefois \u00e0 relativiser puisque le Doyen dispose de trois matchs en retard sur ses concurrents. Derri\u00e8re le leader, l&rsquo;Olympique Akbou et le MC Oran se partagent la deuxi\u00e8me place avec&nbsp;21points chacun, laissant pr\u00e9sager une lutte acharn\u00e9e pour le podium dans les semaines \u00e0 venir.<\/p>\n\n\n\n<p>M.D.<\/p>\n","protected":false},"excerpt":{"rendered":"<p>La Ligue de football professionnel a d\u00e9voil\u00e9 dimanche le calendrier complet de la treizi\u00e8me journ\u00e9e du championnat de Ligue 1<\/p>\n","protected":false},"author":6,"featured_media":67611,"comment_status":"open","ping_status":"closed","sticky":false,"template":"","format":"standard","meta":{"colormag_page_container_layout":"default_layout","colormag_page_sidebar_layout":"default_layout","om_disable_all_campaigns":false,"_monsterinsights_skip_tracking":false,"_monsterinsights_sitenote_active":false,"_monsterinsights_sitenote_note":"","_monsterinsights_sitenote_category":0,"footnotes":"","_wpscppro_dont_share_socialmedia":false,"_wpscppro_custom_social_share_image":0,"_facebook_share_type":"default","_twitter_share_type":"default","_linkedin_share_type":"default","_pinterest_share_type":"default","_linkedin_share_type_page":"","_instagram_share_type":"default","_medium_share_type":"default","_threads_share_type":"default","_google_business_share_type":"default","_selected_social_profile":[],"_wpsp_enable_custom_social_template":false,"_wpsp_social_scheduling":{"enabled":false,"datetime":null,"platforms":[],"status":"template_only","dateOption":"today","timeOption":"now","customDays":"","customHours":"","customDate":"","customTime":"","schedulingType":"absolute"},"_wpsp_active_default_template":true},"categories":[33],"tags":[],"class_list":["post-77827","post","type-post","status-publish","format-standard","has-post-thumbnail","hentry","category-sports"],"aioseo_notices":[],"yoast_head":"<!-- This site is optimized with the Yoast SEO plugin v27.5 - https:\/\/yoast.com\/product\/yoast-seo-wordpress\/ -->\n<title>Ligue 1 Mobilis\u00a0(13e\u00a0journ\u00e9e)\u00a0: Un programme intense avant la tr\u00eave hivernale - La Sentinelle<\/title>\n<meta name=\"robots\" content=\"index, follow, max-snippet:-1, max-image-preview:large, max-video-preview:-1\" \/>\n<link rel=\"canonical\" href=\"https:\/\/lasentinelle.dz\/index.php\/2025\/12\/15\/ligue-1-mobilis-13e-journee-un-programme-intense-avant-la-treve-hivernale\/\" \/>\n<meta property=\"og:locale\" content=\"fr_FR\" \/>\n<meta property=\"og:type\" content=\"article\" \/>\n<meta property=\"og:title\" content=\"Ligue 1 Mobilis\u00a0(13e\u00a0journ\u00e9e)\u00a0: Un programme intense avant la tr\u00eave hivernale - La Sentinelle\" \/>\n<meta property=\"og:description\" content=\"La Ligue de football professionnel a d\u00e9voil\u00e9 dimanche le calendrier complet de la treizi\u00e8me journ\u00e9e du championnat de Ligue 1\" \/>\n<meta property=\"og:url\" content=\"https:\/\/lasentinelle.dz\/index.php\/2025\/12\/15\/ligue-1-mobilis-13e-journee-un-programme-intense-avant-la-treve-hivernale\/\" \/>\n<meta property=\"og:site_name\" content=\"La Sentinelle\" \/>\n<meta property=\"article:publisher\" content=\"https:\/\/www.facebook.com\/La-Sentinelle-104059864394773\" \/>\n<meta property=\"article:published_time\" content=\"2025-12-15T18:16:16+00:00\" \/>\n<meta property=\"og:image\" content=\"https:\/\/lasentinelle.dz\/wp-content\/uploads\/2025\/05\/Ligue-1.jpeg\" \/>\n\t<meta property=\"og:image:width\" content=\"1280\" \/>\n\t<meta property=\"og:image:height\" content=\"720\" \/>\n\t<meta property=\"og:image:type\" content=\"image\/jpeg\" \/>\n<meta name=\"author\" content=\"admin\" \/>\n<meta name=\"twitter:card\" content=\"summary_large_image\" \/>\n<meta name=\"twitter:label1\" content=\"\u00c9crit par\" \/>\n\t<meta name=\"twitter:data1\" content=\"admin\" \/>\n\t<meta name=\"twitter:label2\" content=\"Dur\u00e9e de lecture estim\u00e9e\" \/>\n\t<meta name=\"twitter:data2\" content=\"3 minutes\" \/>\n<script type=\"application\/ld+json\" class=\"yoast-schema-graph\">{\"@context\":\"https:\\\/\\\/schema.org\",\"@graph\":[{\"@type\":\"Article\",\"@id\":\"https:\\\/\\\/lasentinelle.dz\\\/index.php\\\/2025\\\/12\\\/15\\\/ligue-1-mobilis-13e-journee-un-programme-intense-avant-la-treve-hivernale\\\/#article\",\"isPartOf\":{\"@id\":\"https:\\\/\\\/lasentinelle.dz\\\/index.php\\\/2025\\\/12\\\/15\\\/ligue-1-mobilis-13e-journee-un-programme-intense-avant-la-treve-hivernale\\\/\"},\"author\":{\"name\":\"admin\",\"@id\":\"https:\\\/\\\/lasentinelle.dz\\\/#\\\/schema\\\/person\\\/729ee0024f24e0b8c5ec17232f8e8b41\"},\"headline\":\"Ligue 1 Mobilis\u00a0(13e\u00a0journ\u00e9e)\u00a0: Un programme intense avant la tr\u00eave hivernale\",\"datePublished\":\"2025-12-15T18:16:16+00:00\",\"mainEntityOfPage\":{\"@id\":\"https:\\\/\\\/lasentinelle.dz\\\/index.php\\\/2025\\\/12\\\/15\\\/ligue-1-mobilis-13e-journee-un-programme-intense-avant-la-treve-hivernale\\\/\"},\"wordCount\":518,\"commentCount\":0,\"publisher\":{\"@id\":\"https:\\\/\\\/lasentinelle.dz\\\/#organization\"},\"image\":{\"@id\":\"https:\\\/\\\/lasentinelle.dz\\\/index.php\\\/2025\\\/12\\\/15\\\/ligue-1-mobilis-13e-journee-un-programme-intense-avant-la-treve-hivernale\\\/#primaryimage\"},\"thumbnailUrl\":\"https:\\\/\\\/lasentinelle.dz\\\/wp-content\\\/uploads\\\/2025\\\/05\\\/Ligue-1.jpeg\",\"articleSection\":[\"Sports\"],\"inLanguage\":\"fr-FR\",\"potentialAction\":[{\"@type\":\"CommentAction\",\"name\":\"Comment\",\"target\":[\"https:\\\/\\\/lasentinelle.dz\\\/index.php\\\/2025\\\/12\\\/15\\\/ligue-1-mobilis-13e-journee-un-programme-intense-avant-la-treve-hivernale\\\/#respond\"]}]},{\"@type\":\"WebPage\",\"@id\":\"https:\\\/\\\/lasentinelle.dz\\\/index.php\\\/2025\\\/12\\\/15\\\/ligue-1-mobilis-13e-journee-un-programme-intense-avant-la-treve-hivernale\\\/\",\"url\":\"https:\\\/\\\/lasentinelle.dz\\\/index.php\\\/2025\\\/12\\\/15\\\/ligue-1-mobilis-13e-journee-un-programme-intense-avant-la-treve-hivernale\\\/\",\"name\":\"Ligue 1 Mobilis\u00a0(13e\u00a0journ\u00e9e)\u00a0: Un programme intense avant la tr\u00eave hivernale - La Sentinelle\",\"isPartOf\":{\"@id\":\"https:\\\/\\\/lasentinelle.dz\\\/#website\"},\"primaryImageOfPage\":{\"@id\":\"https:\\\/\\\/lasentinelle.dz\\\/index.php\\\/2025\\\/12\\\/15\\\/ligue-1-mobilis-13e-journee-un-programme-intense-avant-la-treve-hivernale\\\/#primaryimage\"},\"image\":{\"@id\":\"https:\\\/\\\/lasentinelle.dz\\\/index.php\\\/2025\\\/12\\\/15\\\/ligue-1-mobilis-13e-journee-un-programme-intense-avant-la-treve-hivernale\\\/#primaryimage\"},\"thumbnailUrl\":\"https:\\\/\\\/lasentinelle.dz\\\/wp-content\\\/uploads\\\/2025\\\/05\\\/Ligue-1.jpeg\",\"datePublished\":\"2025-12-15T18:16:16+00:00\",\"breadcrumb\":{\"@id\":\"https:\\\/\\\/lasentinelle.dz\\\/index.php\\\/2025\\\/12\\\/15\\\/ligue-1-mobilis-13e-journee-un-programme-intense-avant-la-treve-hivernale\\\/#breadcrumb\"},\"inLanguage\":\"fr-FR\",\"potentialAction\":[{\"@type\":\"ReadAction\",\"target\":[\"https:\\\/\\\/lasentinelle.dz\\\/index.php\\\/2025\\\/12\\\/15\\\/ligue-1-mobilis-13e-journee-un-programme-intense-avant-la-treve-hivernale\\\/\"]}]},{\"@type\":\"ImageObject\",\"inLanguage\":\"fr-FR\",\"@id\":\"https:\\\/\\\/lasentinelle.dz\\\/index.php\\\/2025\\\/12\\\/15\\\/ligue-1-mobilis-13e-journee-un-programme-intense-avant-la-treve-hivernale\\\/#primaryimage\",\"url\":\"https:\\\/\\\/lasentinelle.dz\\\/wp-content\\\/uploads\\\/2025\\\/05\\\/Ligue-1.jpeg\",\"contentUrl\":\"https:\\\/\\\/lasentinelle.dz\\\/wp-content\\\/uploads\\\/2025\\\/05\\\/Ligue-1.jpeg\",\"width\":1280,\"height\":720},{\"@type\":\"BreadcrumbList\",\"@id\":\"https:\\\/\\\/lasentinelle.dz\\\/index.php\\\/2025\\\/12\\\/15\\\/ligue-1-mobilis-13e-journee-un-programme-intense-avant-la-treve-hivernale\\\/#breadcrumb\",\"itemListElement\":[{\"@type\":\"ListItem\",\"position\":1,\"name\":\"Accueil\",\"item\":\"https:\\\/\\\/lasentinelle.dz\\\/\"},{\"@type\":\"ListItem\",\"position\":2,\"name\":\"Ligue 1 Mobilis\u00a0(13e\u00a0journ\u00e9e)\u00a0: Un programme intense avant la tr\u00eave hivernale\"}]},{\"@type\":\"WebSite\",\"@id\":\"https:\\\/\\\/lasentinelle.dz\\\/#website\",\"url\":\"https:\\\/\\\/lasentinelle.dz\\\/\",\"name\":\"La Sentinelle\",\"description\":\"Quotidien national d&#039;information\",\"publisher\":{\"@id\":\"https:\\\/\\\/lasentinelle.dz\\\/#organization\"},\"potentialAction\":[{\"@type\":\"SearchAction\",\"target\":{\"@type\":\"EntryPoint\",\"urlTemplate\":\"https:\\\/\\\/lasentinelle.dz\\\/?s={search_term_string}\"},\"query-input\":{\"@type\":\"PropertyValueSpecification\",\"valueRequired\":true,\"valueName\":\"search_term_string\"}}],\"inLanguage\":\"fr-FR\"},{\"@type\":\"Organization\",\"@id\":\"https:\\\/\\\/lasentinelle.dz\\\/#organization\",\"name\":\"Quotidien La Sentinelle\",\"url\":\"https:\\\/\\\/lasentinelle.dz\\\/\",\"logo\":{\"@type\":\"ImageObject\",\"inLanguage\":\"fr-FR\",\"@id\":\"https:\\\/\\\/lasentinelle.dz\\\/#\\\/schema\\\/logo\\\/image\\\/\",\"url\":\"https:\\\/\\\/lasentinelle.dz\\\/wp-content\\\/uploads\\\/2021\\\/09\\\/logo-sentinelleSLOGAN-1.png\",\"contentUrl\":\"https:\\\/\\\/lasentinelle.dz\\\/wp-content\\\/uploads\\\/2021\\\/09\\\/logo-sentinelleSLOGAN-1.png\",\"width\":615,\"height\":142,\"caption\":\"Quotidien La Sentinelle\"},\"image\":{\"@id\":\"https:\\\/\\\/lasentinelle.dz\\\/#\\\/schema\\\/logo\\\/image\\\/\"},\"sameAs\":[\"https:\\\/\\\/www.facebook.com\\\/La-Sentinelle-104059864394773\"]},{\"@type\":\"Person\",\"@id\":\"https:\\\/\\\/lasentinelle.dz\\\/#\\\/schema\\\/person\\\/729ee0024f24e0b8c5ec17232f8e8b41\",\"name\":\"admin\",\"image\":{\"@type\":\"ImageObject\",\"inLanguage\":\"fr-FR\",\"@id\":\"https:\\\/\\\/secure.gravatar.com\\\/avatar\\\/4c81fed838786e9b53f540bf46533e750f5d292099ae3b66cfc6fb1982e29df7?s=96&d=mm&r=g\",\"url\":\"https:\\\/\\\/secure.gravatar.com\\\/avatar\\\/4c81fed838786e9b53f540bf46533e750f5d292099ae3b66cfc6fb1982e29df7?s=96&d=mm&r=g\",\"contentUrl\":\"https:\\\/\\\/secure.gravatar.com\\\/avatar\\\/4c81fed838786e9b53f540bf46533e750f5d292099ae3b66cfc6fb1982e29df7?s=96&d=mm&r=g\",\"caption\":\"admin\"},\"description\":\"admin\",\"url\":\"https:\\\/\\\/lasentinelle.dz\\\/author\\\/admin\\\/\"}]}<\/script>\n<!-- \/ Yoast SEO plugin. -->","yoast_head_json":{"title":"Ligue 1 Mobilis\u00a0(13e\u00a0journ\u00e9e)\u00a0: Un programme intense avant la tr\u00eave hivernale - La Sentinelle","robots":{"index":"index","follow":"follow","max-snippet":"max-snippet:-1","max-image-preview":"max-image-preview:large","max-video-preview":"max-video-preview:-1"},"canonical":"https:\/\/lasentinelle.dz\/index.php\/2025\/12\/15\/ligue-1-mobilis-13e-journee-un-programme-intense-avant-la-treve-hivernale\/","og_locale":"fr_FR","og_type":"article","og_title":"Ligue 1 Mobilis\u00a0(13e\u00a0journ\u00e9e)\u00a0: Un programme intense avant la tr\u00eave hivernale - La Sentinelle","og_description":"La Ligue de football professionnel a d\u00e9voil\u00e9 dimanche le calendrier complet de la treizi\u00e8me journ\u00e9e du championnat de Ligue 1","og_url":"https:\/\/lasentinelle.dz\/index.php\/2025\/12\/15\/ligue-1-mobilis-13e-journee-un-programme-intense-avant-la-treve-hivernale\/","og_site_name":"La Sentinelle","article_publisher":"https:\/\/www.facebook.com\/La-Sentinelle-104059864394773","article_published_time":"2025-12-15T18:16:16+00:00","og_image":[{"width":1280,"height":720,"url":"https:\/\/lasentinelle.dz\/wp-content\/uploads\/2025\/05\/Ligue-1.jpeg","type":"image\/jpeg"}],"author":"admin","twitter_card":"summary_large_image","twitter_misc":{"\u00c9crit par":"admin","Dur\u00e9e de lecture estim\u00e9e":"3 minutes"},"schema":{"@context":"https:\/\/schema.org","@graph":[{"@type":"Article","@id":"https:\/\/lasentinelle.dz\/index.php\/2025\/12\/15\/ligue-1-mobilis-13e-journee-un-programme-intense-avant-la-treve-hivernale\/#article","isPartOf":{"@id":"https:\/\/lasentinelle.dz\/index.php\/2025\/12\/15\/ligue-1-mobilis-13e-journee-un-programme-intense-avant-la-treve-hivernale\/"},"author":{"name":"admin","@id":"https:\/\/lasentinelle.dz\/#\/schema\/person\/729ee0024f24e0b8c5ec17232f8e8b41"},"headline":"Ligue 1 Mobilis\u00a0(13e\u00a0journ\u00e9e)\u00a0: Un programme intense avant la tr\u00eave hivernale","datePublished":"2025-12-15T18:16:16+00:00","mainEntityOfPage":{"@id":"https:\/\/lasentinelle.dz\/index.php\/2025\/12\/15\/ligue-1-mobilis-13e-journee-un-programme-intense-avant-la-treve-hivernale\/"},"wordCount":518,"commentCount":0,"publisher":{"@id":"https:\/\/lasentinelle.dz\/#organization"},"image":{"@id":"https:\/\/lasentinelle.dz\/index.php\/2025\/12\/15\/ligue-1-mobilis-13e-journee-un-programme-intense-avant-la-treve-hivernale\/#primaryimage"},"thumbnailUrl":"https:\/\/lasentinelle.dz\/wp-content\/uploads\/2025\/05\/Ligue-1.jpeg","articleSection":["Sports"],"inLanguage":"fr-FR","potentialAction":[{"@type":"CommentAction","name":"Comment","target":["https:\/\/lasentinelle.dz\/index.php\/2025\/12\/15\/ligue-1-mobilis-13e-journee-un-programme-intense-avant-la-treve-hivernale\/#respond"]}]},{"@type":"WebPage","@id":"https:\/\/lasentinelle.dz\/index.php\/2025\/12\/15\/ligue-1-mobilis-13e-journee-un-programme-intense-avant-la-treve-hivernale\/","url":"https:\/\/lasentinelle.dz\/index.php\/2025\/12\/15\/ligue-1-mobilis-13e-journee-un-programme-intense-avant-la-treve-hivernale\/","name":"Ligue 1 Mobilis\u00a0(13e\u00a0journ\u00e9e)\u00a0: Un programme intense avant la tr\u00eave hivernale - La Sentinelle","isPartOf":{"@id":"https:\/\/lasentinelle.dz\/#website"},"primaryImageOfPage":{"@id":"https:\/\/lasentinelle.dz\/index.php\/2025\/12\/15\/ligue-1-mobilis-13e-journee-un-programme-intense-avant-la-treve-hivernale\/#primaryimage"},"image":{"@id":"https:\/\/lasentinelle.dz\/index.php\/2025\/12\/15\/ligue-1-mobilis-13e-journee-un-programme-intense-avant-la-treve-hivernale\/#primaryimage"},"thumbnailUrl":"https:\/\/lasentinelle.dz\/wp-content\/uploads\/2025\/05\/Ligue-1.jpeg","datePublished":"2025-12-15T18:16:16+00:00","breadcrumb":{"@id":"https:\/\/lasentinelle.dz\/index.php\/2025\/12\/15\/ligue-1-mobilis-13e-journee-un-programme-intense-avant-la-treve-hivernale\/#breadcrumb"},"inLanguage":"fr-FR","potentialAction":[{"@type":"ReadAction","target":["https:\/\/lasentinelle.dz\/index.php\/2025\/12\/15\/ligue-1-mobilis-13e-journee-un-programme-intense-avant-la-treve-hivernale\/"]}]},{"@type":"ImageObject","inLanguage":"fr-FR","@id":"https:\/\/lasentinelle.dz\/index.php\/2025\/12\/15\/ligue-1-mobilis-13e-journee-un-programme-intense-avant-la-treve-hivernale\/#primaryimage","url":"https:\/\/lasentinelle.dz\/wp-content\/uploads\/2025\/05\/Ligue-1.jpeg","contentUrl":"https:\/\/lasentinelle.dz\/wp-content\/uploads\/2025\/05\/Ligue-1.jpeg","width":1280,"height":720},{"@type":"BreadcrumbList","@id":"https:\/\/lasentinelle.dz\/index.php\/2025\/12\/15\/ligue-1-mobilis-13e-journee-un-programme-intense-avant-la-treve-hivernale\/#breadcrumb","itemListElement":[{"@type":"ListItem","position":1,"name":"Accueil","item":"https:\/\/lasentinelle.dz\/"},{"@type":"ListItem","position":2,"name":"Ligue 1 Mobilis\u00a0(13e\u00a0journ\u00e9e)\u00a0: Un programme intense avant la tr\u00eave hivernale"}]},{"@type":"WebSite","@id":"https:\/\/lasentinelle.dz\/#website","url":"https:\/\/lasentinelle.dz\/","name":"La Sentinelle","description":"Quotidien national d&#039;information","publisher":{"@id":"https:\/\/lasentinelle.dz\/#organization"},"potentialAction":[{"@type":"SearchAction","target":{"@type":"EntryPoint","urlTemplate":"https:\/\/lasentinelle.dz\/?s={search_term_string}"},"query-input":{"@type":"PropertyValueSpecification","valueRequired":true,"valueName":"search_term_string"}}],"inLanguage":"fr-FR"},{"@type":"Organization","@id":"https:\/\/lasentinelle.dz\/#organization","name":"Quotidien La Sentinelle","url":"https:\/\/lasentinelle.dz\/","logo":{"@type":"ImageObject","inLanguage":"fr-FR","@id":"https:\/\/lasentinelle.dz\/#\/schema\/logo\/image\/","url":"https:\/\/lasentinelle.dz\/wp-content\/uploads\/2021\/09\/logo-sentinelleSLOGAN-1.png","contentUrl":"https:\/\/lasentinelle.dz\/wp-content\/uploads\/2021\/09\/logo-sentinelleSLOGAN-1.png","width":615,"height":142,"caption":"Quotidien La Sentinelle"},"image":{"@id":"https:\/\/lasentinelle.dz\/#\/schema\/logo\/image\/"},"sameAs":["https:\/\/www.facebook.com\/La-Sentinelle-104059864394773"]},{"@type":"Person","@id":"https:\/\/lasentinelle.dz\/#\/schema\/person\/729ee0024f24e0b8c5ec17232f8e8b41","name":"admin","image":{"@type":"ImageObject","inLanguage":"fr-FR","@id":"https:\/\/secure.gravatar.com\/avatar\/4c81fed838786e9b53f540bf46533e750f5d292099ae3b66cfc6fb1982e29df7?s=96&d=mm&r=g","url":"https:\/\/secure.gravatar.com\/avatar\/4c81fed838786e9b53f540bf46533e750f5d292099ae3b66cfc6fb1982e29df7?s=96&d=mm&r=g","contentUrl":"https:\/\/secure.gravatar.com\/avatar\/4c81fed838786e9b53f540bf46533e750f5d292099ae3b66cfc6fb1982e29df7?s=96&d=mm&r=g","caption":"admin"},"description":"admin","url":"https:\/\/lasentinelle.dz\/author\/admin\/"}]}},"_links":{"self":[{"href":"https:\/\/lasentinelle.dz\/index.php\/wp-json\/wp\/v2\/posts\/77827","targetHints":{"allow":["GET"]}}],"collection":[{"href":"https:\/\/lasentinelle.dz\/index.php\/wp-json\/wp\/v2\/posts"}],"about":[{"href":"https:\/\/lasentinelle.dz\/index.php\/wp-json\/wp\/v2\/types\/post"}],"author":[{"embeddable":true,"href":"https:\/\/lasentinelle.dz\/index.php\/wp-json\/wp\/v2\/users\/6"}],"replies":[{"embeddable":true,"href":"https:\/\/lasentinelle.dz\/index.php\/wp-json\/wp\/v2\/comments?post=77827"}],"version-history":[{"count":1,"href":"https:\/\/lasentinelle.dz\/index.php\/wp-json\/wp\/v2\/posts\/77827\/revisions"}],"predecessor-version":[{"id":77828,"href":"https:\/\/lasentinelle.dz\/index.php\/wp-json\/wp\/v2\/posts\/77827\/revisions\/77828"}],"wp:featuredmedia":[{"embeddable":true,"href":"https:\/\/lasentinelle.dz\/index.php\/wp-json\/wp\/v2\/media\/67611"}],"wp:attachment":[{"href":"https:\/\/lasentinelle.dz\/index.php\/wp-json\/wp\/v2\/media?parent=77827"}],"wp:term":[{"taxonomy":"category","embeddable":true,"href":"https:\/\/lasentinelle.dz\/index.php\/wp-json\/wp\/v2\/categories?post=77827"},{"taxonomy":"post_tag","embeddable":true,"href":"https:\/\/lasentinelle.dz\/index.php\/wp-json\/wp\/v2\/tags?post=77827"}],"curies":[{"name":"wp","href":"https:\/\/api.w.org\/{rel}","templated":true}]}}