{"id":77833,"date":"2025-12-15T19:21:02","date_gmt":"2025-12-15T18:21:02","guid":{"rendered":"https:\/\/lasentinelle.dz\/?p=77833"},"modified":"2025-12-15T19:21:04","modified_gmt":"2025-12-15T18:21:04","slug":"avec-six-nouveaux-classements-mila-renforce-la-protection-de-son-patrimoine-historique","status":"publish","type":"post","link":"https:\/\/lasentinelle.dz\/index.php\/2025\/12\/15\/avec-six-nouveaux-classements-mila-renforce-la-protection-de-son-patrimoine-historique\/","title":{"rendered":"Avec six nouveaux classements\u00a0:\u00a0Mila renforce la protection de son patrimoine historique\u00a0"},"content":{"rendered":"\n<p>Six biens culturels immobiliers, t\u00e9moins de strates historiques successives allant de l&rsquo;\u00e9poque romaine \u00e0 la p\u00e9riode coloniale, seront prochainement pr\u00e9sent\u00e9s devant la commission de wilaya&nbsp;de Mila&nbsp;des biens culturels prot\u00e9g\u00e9s en vue de leur classement et de leur int\u00e9gration \u00e0 l&rsquo;inventaire suppl\u00e9mentaire local. Cette d\u00e9marche s&rsquo;inscrit dans la dynamique nationale de sauvegarde du patrimoine mat\u00e9riel alg\u00e9rien, un chantier prioritaire pour les pouvoirs publics qui multiplient les initiatives visant \u00e0 s\u00e9curiser juridiquement et \u00e0 valoriser les richesses architecturales et historiques du pays.&nbsp;Selon Lazghed Chiaba, chef du service du patrimoine culturel \u00e0 la direction de la culture et des arts de Mila, les monuments concern\u00e9s refl\u00e8tent la diversit\u00e9 et la profondeur historique de cette r\u00e9gion du Nord-Est alg\u00e9rien. Parmi eux figurent l&rsquo;\u00e9glise Saint Luc dans la commune de Chelghoum La\u00efd, le mausol\u00e9e de Picatus \u00e0 Ain Mellouk, Ghar El Zema situ\u00e9 \u00e0 djebel Aggab dans la commune d&rsquo;Oued Athmania, Ain Bela\u00efd \u00e0 Teleghema, le moulin Verg\u00e8s \u00e0 Sennaoua dans la commune de Mila, ainsi que le centre de torture dit \u00ab\u00a0deuxi\u00e8me bureau\u00a0\u00bb dans la commune d&rsquo;Oued Endja. Ce dernier site rev\u00eat une charge m\u00e9morielle particuli\u00e8rement sensible, li\u00e9 aux heures sombres de la guerre de lib\u00e9ration nationale.&nbsp;Le responsable souligne que ces monuments rev\u00eatent une importance historique, arch\u00e9ologique et architecturale consid\u00e9rable, appartenant \u00e0 plusieurs phases historiques diff\u00e9rentes couvrant de la p\u00e9riode romaine \u00e0 celle de l&rsquo;occupation fran\u00e7aise. Cette stratification temporelle fait de Mila un v\u00e9ritable palimpseste architectural o\u00f9 se lisent les traces successives des civilisations qui ont marqu\u00e9 le territoire alg\u00e9rien. L&rsquo;\u00e9glise Saint Luc et le moulin Verg\u00e8s t\u00e9moignent de l&#8217;empreinte coloniale fran\u00e7aise, tandis que le mausol\u00e9e de Picatus et les vestiges arch\u00e9ologiques rappellent la pr\u00e9sence romaine mill\u00e9naire dans la r\u00e9gion, autrefois connue sous le nom de Milevum, important \u00e9v\u00each\u00e9 de l&rsquo;Afrique romaine chr\u00e9tienne.<\/p>\n\n\n\n<p>La proc\u00e9dure administrative arrive \u00e0 son terme. Lazghed Chiaba pr\u00e9cise que la phase d&rsquo;\u00e9laboration des dossiers de classement touche \u00e0 sa fin et que leur pr\u00e9sentation devant la commission de wilaya des biens culturels prot\u00e9g\u00e9s devra avoir lieu avant la fin du mois de d\u00e9cembre courant. Cette \u00e9ch\u00e9ance serr\u00e9e r\u00e9pond \u00e0 un objectif clair \u00e9nonc\u00e9 par le responsable : \u00ab\u00a0assurer la protection l\u00e9gale, la valorisation et la r\u00e9habilitation\u00a0\u00bb de ces biens patrimoniaux. Le classement juridique constitue en effet le pr\u00e9alable indispensable \u00e0 toute action de conservation et de mise en valeur, en dotant ces \u00e9difices d&rsquo;un statut protecteur qui emp\u00eache leur d\u00e9molition, leur transformation anarchique ou leur abandon.&nbsp;L&rsquo;enjeu d\u00e9passe largement ces six monuments. Les services de la direction de la culture et des arts de la wilaya recensent plus de 420 biens culturels immobiliers r\u00e9partis \u00e0 travers toutes les communes du territoire, dont seulement 23 b\u00e9n\u00e9ficient actuellement du statut de biens culturels prot\u00e9g\u00e9s. Ce d\u00e9s\u00e9quilibre entre le patrimoine existant et le patrimoine l\u00e9galement s\u00e9curis\u00e9 r\u00e9v\u00e8le l&rsquo;ampleur du travail restant \u00e0 accomplir. Les six nouveaux classements en pr\u00e9paration repr\u00e9sentent donc une avanc\u00e9e significative, mais \u00e9galement un signal de la n\u00e9cessit\u00e9 d&rsquo;acc\u00e9l\u00e9rer le recensement et la protection du patrimoine local face aux menaces que constituent l&rsquo;urbanisation acc\u00e9l\u00e9r\u00e9e, les d\u00e9gradations naturelles et parfois l&rsquo;indiff\u00e9rence.<\/p>\n\n\n\n<p>Cette initiative locale s&rsquo;inscrit dans une politique nationale ambitieuse de pr\u00e9servation du patrimoine culturel, consid\u00e9r\u00e9 comme un pilier de l&rsquo;identit\u00e9 nationale et un vecteur de d\u00e9veloppement touristique. Les autorit\u00e9s alg\u00e9riennes ont multipli\u00e9 ces derni\u00e8res ann\u00e9es les programmes de r\u00e9habilitation de sites historiques, de mus\u00e9es et de monuments, conscientes que la m\u00e9moire mat\u00e9rielle constitue un capital immat\u00e9riel essentiel pour les g\u00e9n\u00e9rations futures.&nbsp;<\/p>\n\n\n\n<p>M.S.<\/p>\n","protected":false},"excerpt":{"rendered":"<p>Six biens culturels immobiliers, t\u00e9moins de strates historiques successives allant de l&rsquo;\u00e9poque romaine \u00e0 la p\u00e9riode coloniale, seront prochainement pr\u00e9sent\u00e9s<\/p>\n","protected":false},"author":6,"featured_media":77834,"comment_status":"open","ping_status":"closed","sticky":false,"template":"","format":"standard","meta":{"colormag_page_container_layout":"default_layout","colormag_page_sidebar_layout":"default_layout","om_disable_all_campaigns":false,"_monsterinsights_skip_tracking":false,"_monsterinsights_sitenote_active":false,"_monsterinsights_sitenote_note":"","_monsterinsights_sitenote_category":0,"footnotes":"","_wpscppro_dont_share_socialmedia":false,"_wpscppro_custom_social_share_image":0,"_facebook_share_type":"default","_twitter_share_type":"default","_linkedin_share_type":"default","_pinterest_share_type":"default","_linkedin_share_type_page":"","_instagram_share_type":"default","_medium_share_type":"default","_threads_share_type":"default","_google_business_share_type":"default","_selected_social_profile":[],"_wpsp_enable_custom_social_template":false,"_wpsp_social_scheduling":{"enabled":false,"datetime":null,"platforms":[],"status":"template_only","dateOption":"today","timeOption":"now","customDays":"","customHours":"","customDate":"","customTime":"","schedulingType":"absolute"},"_wpsp_active_default_template":true},"categories":[36],"tags":[],"class_list":["post-77833","post","type-post","status-publish","format-standard","has-post-thumbnail","hentry","category-culture"],"aioseo_notices":[],"yoast_head":"<!-- This site is optimized with the Yoast SEO plugin v27.5 - https:\/\/yoast.com\/product\/yoast-seo-wordpress\/ -->\n<title>Avec six nouveaux classements\u00a0:\u00a0Mila renforce la protection de son patrimoine historique\u00a0 - La Sentinelle<\/title>\n<meta name=\"robots\" content=\"index, follow, max-snippet:-1, max-image-preview:large, max-video-preview:-1\" \/>\n<link rel=\"canonical\" href=\"https:\/\/lasentinelle.dz\/index.php\/2025\/12\/15\/avec-six-nouveaux-classements-mila-renforce-la-protection-de-son-patrimoine-historique\/\" \/>\n<meta property=\"og:locale\" content=\"fr_FR\" \/>\n<meta property=\"og:type\" content=\"article\" \/>\n<meta property=\"og:title\" content=\"Avec six nouveaux classements\u00a0:\u00a0Mila renforce la protection de son patrimoine historique\u00a0 - La Sentinelle\" \/>\n<meta property=\"og:description\" content=\"Six biens culturels immobiliers, t\u00e9moins de strates historiques successives allant de l&rsquo;\u00e9poque romaine \u00e0 la p\u00e9riode coloniale, seront prochainement pr\u00e9sent\u00e9s\" \/>\n<meta property=\"og:url\" content=\"https:\/\/lasentinelle.dz\/index.php\/2025\/12\/15\/avec-six-nouveaux-classements-mila-renforce-la-protection-de-son-patrimoine-historique\/\" \/>\n<meta property=\"og:site_name\" content=\"La Sentinelle\" \/>\n<meta property=\"article:publisher\" content=\"https:\/\/www.facebook.com\/La-Sentinelle-104059864394773\" \/>\n<meta property=\"article:published_time\" content=\"2025-12-15T18:21:02+00:00\" \/>\n<meta property=\"article:modified_time\" content=\"2025-12-15T18:21:04+00:00\" \/>\n<meta property=\"og:image\" content=\"https:\/\/lasentinelle.dz\/wp-content\/uploads\/2025\/12\/Ghar-El-Zema.jpeg\" \/>\n\t<meta property=\"og:image:width\" content=\"275\" \/>\n\t<meta property=\"og:image:height\" content=\"183\" \/>\n\t<meta property=\"og:image:type\" content=\"image\/jpeg\" \/>\n<meta name=\"author\" content=\"admin\" \/>\n<meta name=\"twitter:card\" content=\"summary_large_image\" \/>\n<meta name=\"twitter:label1\" content=\"\u00c9crit par\" \/>\n\t<meta name=\"twitter:data1\" content=\"admin\" \/>\n\t<meta name=\"twitter:label2\" content=\"Dur\u00e9e de lecture estim\u00e9e\" \/>\n\t<meta name=\"twitter:data2\" content=\"4 minutes\" \/>\n<script type=\"application\/ld+json\" class=\"yoast-schema-graph\">{\"@context\":\"https:\\\/\\\/schema.org\",\"@graph\":[{\"@type\":\"Article\",\"@id\":\"https:\\\/\\\/lasentinelle.dz\\\/index.php\\\/2025\\\/12\\\/15\\\/avec-six-nouveaux-classements-mila-renforce-la-protection-de-son-patrimoine-historique\\\/#article\",\"isPartOf\":{\"@id\":\"https:\\\/\\\/lasentinelle.dz\\\/index.php\\\/2025\\\/12\\\/15\\\/avec-six-nouveaux-classements-mila-renforce-la-protection-de-son-patrimoine-historique\\\/\"},\"author\":{\"name\":\"admin\",\"@id\":\"https:\\\/\\\/lasentinelle.dz\\\/#\\\/schema\\\/person\\\/729ee0024f24e0b8c5ec17232f8e8b41\"},\"headline\":\"Avec six nouveaux classements\u00a0:\u00a0Mila renforce la protection de son patrimoine historique\u00a0\",\"datePublished\":\"2025-12-15T18:21:02+00:00\",\"dateModified\":\"2025-12-15T18:21:04+00:00\",\"mainEntityOfPage\":{\"@id\":\"https:\\\/\\\/lasentinelle.dz\\\/index.php\\\/2025\\\/12\\\/15\\\/avec-six-nouveaux-classements-mila-renforce-la-protection-de-son-patrimoine-historique\\\/\"},\"wordCount\":679,\"commentCount\":0,\"publisher\":{\"@id\":\"https:\\\/\\\/lasentinelle.dz\\\/#organization\"},\"image\":{\"@id\":\"https:\\\/\\\/lasentinelle.dz\\\/index.php\\\/2025\\\/12\\\/15\\\/avec-six-nouveaux-classements-mila-renforce-la-protection-de-son-patrimoine-historique\\\/#primaryimage\"},\"thumbnailUrl\":\"https:\\\/\\\/lasentinelle.dz\\\/wp-content\\\/uploads\\\/2025\\\/12\\\/Ghar-El-Zema.jpeg\",\"articleSection\":[\"Culture\"],\"inLanguage\":\"fr-FR\",\"potentialAction\":[{\"@type\":\"CommentAction\",\"name\":\"Comment\",\"target\":[\"https:\\\/\\\/lasentinelle.dz\\\/index.php\\\/2025\\\/12\\\/15\\\/avec-six-nouveaux-classements-mila-renforce-la-protection-de-son-patrimoine-historique\\\/#respond\"]}]},{\"@type\":\"WebPage\",\"@id\":\"https:\\\/\\\/lasentinelle.dz\\\/index.php\\\/2025\\\/12\\\/15\\\/avec-six-nouveaux-classements-mila-renforce-la-protection-de-son-patrimoine-historique\\\/\",\"url\":\"https:\\\/\\\/lasentinelle.dz\\\/index.php\\\/2025\\\/12\\\/15\\\/avec-six-nouveaux-classements-mila-renforce-la-protection-de-son-patrimoine-historique\\\/\",\"name\":\"Avec six nouveaux classements\u00a0:\u00a0Mila renforce la protection de son patrimoine historique\u00a0 - La Sentinelle\",\"isPartOf\":{\"@id\":\"https:\\\/\\\/lasentinelle.dz\\\/#website\"},\"primaryImageOfPage\":{\"@id\":\"https:\\\/\\\/lasentinelle.dz\\\/index.php\\\/2025\\\/12\\\/15\\\/avec-six-nouveaux-classements-mila-renforce-la-protection-de-son-patrimoine-historique\\\/#primaryimage\"},\"image\":{\"@id\":\"https:\\\/\\\/lasentinelle.dz\\\/index.php\\\/2025\\\/12\\\/15\\\/avec-six-nouveaux-classements-mila-renforce-la-protection-de-son-patrimoine-historique\\\/#primaryimage\"},\"thumbnailUrl\":\"https:\\\/\\\/lasentinelle.dz\\\/wp-content\\\/uploads\\\/2025\\\/12\\\/Ghar-El-Zema.jpeg\",\"datePublished\":\"2025-12-15T18:21:02+00:00\",\"dateModified\":\"2025-12-15T18:21:04+00:00\",\"breadcrumb\":{\"@id\":\"https:\\\/\\\/lasentinelle.dz\\\/index.php\\\/2025\\\/12\\\/15\\\/avec-six-nouveaux-classements-mila-renforce-la-protection-de-son-patrimoine-historique\\\/#breadcrumb\"},\"inLanguage\":\"fr-FR\",\"potentialAction\":[{\"@type\":\"ReadAction\",\"target\":[\"https:\\\/\\\/lasentinelle.dz\\\/index.php\\\/2025\\\/12\\\/15\\\/avec-six-nouveaux-classements-mila-renforce-la-protection-de-son-patrimoine-historique\\\/\"]}]},{\"@type\":\"ImageObject\",\"inLanguage\":\"fr-FR\",\"@id\":\"https:\\\/\\\/lasentinelle.dz\\\/index.php\\\/2025\\\/12\\\/15\\\/avec-six-nouveaux-classements-mila-renforce-la-protection-de-son-patrimoine-historique\\\/#primaryimage\",\"url\":\"https:\\\/\\\/lasentinelle.dz\\\/wp-content\\\/uploads\\\/2025\\\/12\\\/Ghar-El-Zema.jpeg\",\"contentUrl\":\"https:\\\/\\\/lasentinelle.dz\\\/wp-content\\\/uploads\\\/2025\\\/12\\\/Ghar-El-Zema.jpeg\",\"width\":275,\"height\":183},{\"@type\":\"BreadcrumbList\",\"@id\":\"https:\\\/\\\/lasentinelle.dz\\\/index.php\\\/2025\\\/12\\\/15\\\/avec-six-nouveaux-classements-mila-renforce-la-protection-de-son-patrimoine-historique\\\/#breadcrumb\",\"itemListElement\":[{\"@type\":\"ListItem\",\"position\":1,\"name\":\"Accueil\",\"item\":\"https:\\\/\\\/lasentinelle.dz\\\/\"},{\"@type\":\"ListItem\",\"position\":2,\"name\":\"Avec six nouveaux classements\u00a0:\u00a0Mila renforce la protection de son patrimoine historique\u00a0\"}]},{\"@type\":\"WebSite\",\"@id\":\"https:\\\/\\\/lasentinelle.dz\\\/#website\",\"url\":\"https:\\\/\\\/lasentinelle.dz\\\/\",\"name\":\"La Sentinelle\",\"description\":\"Quotidien national d&#039;information\",\"publisher\":{\"@id\":\"https:\\\/\\\/lasentinelle.dz\\\/#organization\"},\"potentialAction\":[{\"@type\":\"SearchAction\",\"target\":{\"@type\":\"EntryPoint\",\"urlTemplate\":\"https:\\\/\\\/lasentinelle.dz\\\/?s={search_term_string}\"},\"query-input\":{\"@type\":\"PropertyValueSpecification\",\"valueRequired\":true,\"valueName\":\"search_term_string\"}}],\"inLanguage\":\"fr-FR\"},{\"@type\":\"Organization\",\"@id\":\"https:\\\/\\\/lasentinelle.dz\\\/#organization\",\"name\":\"Quotidien La Sentinelle\",\"url\":\"https:\\\/\\\/lasentinelle.dz\\\/\",\"logo\":{\"@type\":\"ImageObject\",\"inLanguage\":\"fr-FR\",\"@id\":\"https:\\\/\\\/lasentinelle.dz\\\/#\\\/schema\\\/logo\\\/image\\\/\",\"url\":\"https:\\\/\\\/lasentinelle.dz\\\/wp-content\\\/uploads\\\/2021\\\/09\\\/logo-sentinelleSLOGAN-1.png\",\"contentUrl\":\"https:\\\/\\\/lasentinelle.dz\\\/wp-content\\\/uploads\\\/2021\\\/09\\\/logo-sentinelleSLOGAN-1.png\",\"width\":615,\"height\":142,\"caption\":\"Quotidien La Sentinelle\"},\"image\":{\"@id\":\"https:\\\/\\\/lasentinelle.dz\\\/#\\\/schema\\\/logo\\\/image\\\/\"},\"sameAs\":[\"https:\\\/\\\/www.facebook.com\\\/La-Sentinelle-104059864394773\"]},{\"@type\":\"Person\",\"@id\":\"https:\\\/\\\/lasentinelle.dz\\\/#\\\/schema\\\/person\\\/729ee0024f24e0b8c5ec17232f8e8b41\",\"name\":\"admin\",\"image\":{\"@type\":\"ImageObject\",\"inLanguage\":\"fr-FR\",\"@id\":\"https:\\\/\\\/secure.gravatar.com\\\/avatar\\\/4c81fed838786e9b53f540bf46533e750f5d292099ae3b66cfc6fb1982e29df7?s=96&d=mm&r=g\",\"url\":\"https:\\\/\\\/secure.gravatar.com\\\/avatar\\\/4c81fed838786e9b53f540bf46533e750f5d292099ae3b66cfc6fb1982e29df7?s=96&d=mm&r=g\",\"contentUrl\":\"https:\\\/\\\/secure.gravatar.com\\\/avatar\\\/4c81fed838786e9b53f540bf46533e750f5d292099ae3b66cfc6fb1982e29df7?s=96&d=mm&r=g\",\"caption\":\"admin\"},\"description\":\"admin\",\"url\":\"https:\\\/\\\/lasentinelle.dz\\\/author\\\/admin\\\/\"}]}<\/script>\n<!-- \/ Yoast SEO plugin. -->","yoast_head_json":{"title":"Avec six nouveaux classements\u00a0:\u00a0Mila renforce la protection de son patrimoine historique\u00a0 - La Sentinelle","robots":{"index":"index","follow":"follow","max-snippet":"max-snippet:-1","max-image-preview":"max-image-preview:large","max-video-preview":"max-video-preview:-1"},"canonical":"https:\/\/lasentinelle.dz\/index.php\/2025\/12\/15\/avec-six-nouveaux-classements-mila-renforce-la-protection-de-son-patrimoine-historique\/","og_locale":"fr_FR","og_type":"article","og_title":"Avec six nouveaux classements\u00a0:\u00a0Mila renforce la protection de son patrimoine historique\u00a0 - La Sentinelle","og_description":"Six biens culturels immobiliers, t\u00e9moins de strates historiques successives allant de l&rsquo;\u00e9poque romaine \u00e0 la p\u00e9riode coloniale, seront prochainement pr\u00e9sent\u00e9s","og_url":"https:\/\/lasentinelle.dz\/index.php\/2025\/12\/15\/avec-six-nouveaux-classements-mila-renforce-la-protection-de-son-patrimoine-historique\/","og_site_name":"La Sentinelle","article_publisher":"https:\/\/www.facebook.com\/La-Sentinelle-104059864394773","article_published_time":"2025-12-15T18:21:02+00:00","article_modified_time":"2025-12-15T18:21:04+00:00","og_image":[{"width":275,"height":183,"url":"https:\/\/lasentinelle.dz\/wp-content\/uploads\/2025\/12\/Ghar-El-Zema.jpeg","type":"image\/jpeg"}],"author":"admin","twitter_card":"summary_large_image","twitter_misc":{"\u00c9crit par":"admin","Dur\u00e9e de lecture estim\u00e9e":"4 minutes"},"schema":{"@context":"https:\/\/schema.org","@graph":[{"@type":"Article","@id":"https:\/\/lasentinelle.dz\/index.php\/2025\/12\/15\/avec-six-nouveaux-classements-mila-renforce-la-protection-de-son-patrimoine-historique\/#article","isPartOf":{"@id":"https:\/\/lasentinelle.dz\/index.php\/2025\/12\/15\/avec-six-nouveaux-classements-mila-renforce-la-protection-de-son-patrimoine-historique\/"},"author":{"name":"admin","@id":"https:\/\/lasentinelle.dz\/#\/schema\/person\/729ee0024f24e0b8c5ec17232f8e8b41"},"headline":"Avec six nouveaux classements\u00a0:\u00a0Mila renforce la protection de son patrimoine historique\u00a0","datePublished":"2025-12-15T18:21:02+00:00","dateModified":"2025-12-15T18:21:04+00:00","mainEntityOfPage":{"@id":"https:\/\/lasentinelle.dz\/index.php\/2025\/12\/15\/avec-six-nouveaux-classements-mila-renforce-la-protection-de-son-patrimoine-historique\/"},"wordCount":679,"commentCount":0,"publisher":{"@id":"https:\/\/lasentinelle.dz\/#organization"},"image":{"@id":"https:\/\/lasentinelle.dz\/index.php\/2025\/12\/15\/avec-six-nouveaux-classements-mila-renforce-la-protection-de-son-patrimoine-historique\/#primaryimage"},"thumbnailUrl":"https:\/\/lasentinelle.dz\/wp-content\/uploads\/2025\/12\/Ghar-El-Zema.jpeg","articleSection":["Culture"],"inLanguage":"fr-FR","potentialAction":[{"@type":"CommentAction","name":"Comment","target":["https:\/\/lasentinelle.dz\/index.php\/2025\/12\/15\/avec-six-nouveaux-classements-mila-renforce-la-protection-de-son-patrimoine-historique\/#respond"]}]},{"@type":"WebPage","@id":"https:\/\/lasentinelle.dz\/index.php\/2025\/12\/15\/avec-six-nouveaux-classements-mila-renforce-la-protection-de-son-patrimoine-historique\/","url":"https:\/\/lasentinelle.dz\/index.php\/2025\/12\/15\/avec-six-nouveaux-classements-mila-renforce-la-protection-de-son-patrimoine-historique\/","name":"Avec six nouveaux classements\u00a0:\u00a0Mila renforce la protection de son patrimoine historique\u00a0 - La Sentinelle","isPartOf":{"@id":"https:\/\/lasentinelle.dz\/#website"},"primaryImageOfPage":{"@id":"https:\/\/lasentinelle.dz\/index.php\/2025\/12\/15\/avec-six-nouveaux-classements-mila-renforce-la-protection-de-son-patrimoine-historique\/#primaryimage"},"image":{"@id":"https:\/\/lasentinelle.dz\/index.php\/2025\/12\/15\/avec-six-nouveaux-classements-mila-renforce-la-protection-de-son-patrimoine-historique\/#primaryimage"},"thumbnailUrl":"https:\/\/lasentinelle.dz\/wp-content\/uploads\/2025\/12\/Ghar-El-Zema.jpeg","datePublished":"2025-12-15T18:21:02+00:00","dateModified":"2025-12-15T18:21:04+00:00","breadcrumb":{"@id":"https:\/\/lasentinelle.dz\/index.php\/2025\/12\/15\/avec-six-nouveaux-classements-mila-renforce-la-protection-de-son-patrimoine-historique\/#breadcrumb"},"inLanguage":"fr-FR","potentialAction":[{"@type":"ReadAction","target":["https:\/\/lasentinelle.dz\/index.php\/2025\/12\/15\/avec-six-nouveaux-classements-mila-renforce-la-protection-de-son-patrimoine-historique\/"]}]},{"@type":"ImageObject","inLanguage":"fr-FR","@id":"https:\/\/lasentinelle.dz\/index.php\/2025\/12\/15\/avec-six-nouveaux-classements-mila-renforce-la-protection-de-son-patrimoine-historique\/#primaryimage","url":"https:\/\/lasentinelle.dz\/wp-content\/uploads\/2025\/12\/Ghar-El-Zema.jpeg","contentUrl":"https:\/\/lasentinelle.dz\/wp-content\/uploads\/2025\/12\/Ghar-El-Zema.jpeg","width":275,"height":183},{"@type":"BreadcrumbList","@id":"https:\/\/lasentinelle.dz\/index.php\/2025\/12\/15\/avec-six-nouveaux-classements-mila-renforce-la-protection-de-son-patrimoine-historique\/#breadcrumb","itemListElement":[{"@type":"ListItem","position":1,"name":"Accueil","item":"https:\/\/lasentinelle.dz\/"},{"@type":"ListItem","position":2,"name":"Avec six nouveaux classements\u00a0:\u00a0Mila renforce la protection de son patrimoine historique\u00a0"}]},{"@type":"WebSite","@id":"https:\/\/lasentinelle.dz\/#website","url":"https:\/\/lasentinelle.dz\/","name":"La Sentinelle","description":"Quotidien national d&#039;information","publisher":{"@id":"https:\/\/lasentinelle.dz\/#organization"},"potentialAction":[{"@type":"SearchAction","target":{"@type":"EntryPoint","urlTemplate":"https:\/\/lasentinelle.dz\/?s={search_term_string}"},"query-input":{"@type":"PropertyValueSpecification","valueRequired":true,"valueName":"search_term_string"}}],"inLanguage":"fr-FR"},{"@type":"Organization","@id":"https:\/\/lasentinelle.dz\/#organization","name":"Quotidien La Sentinelle","url":"https:\/\/lasentinelle.dz\/","logo":{"@type":"ImageObject","inLanguage":"fr-FR","@id":"https:\/\/lasentinelle.dz\/#\/schema\/logo\/image\/","url":"https:\/\/lasentinelle.dz\/wp-content\/uploads\/2021\/09\/logo-sentinelleSLOGAN-1.png","contentUrl":"https:\/\/lasentinelle.dz\/wp-content\/uploads\/2021\/09\/logo-sentinelleSLOGAN-1.png","width":615,"height":142,"caption":"Quotidien La Sentinelle"},"image":{"@id":"https:\/\/lasentinelle.dz\/#\/schema\/logo\/image\/"},"sameAs":["https:\/\/www.facebook.com\/La-Sentinelle-104059864394773"]},{"@type":"Person","@id":"https:\/\/lasentinelle.dz\/#\/schema\/person\/729ee0024f24e0b8c5ec17232f8e8b41","name":"admin","image":{"@type":"ImageObject","inLanguage":"fr-FR","@id":"https:\/\/secure.gravatar.com\/avatar\/4c81fed838786e9b53f540bf46533e750f5d292099ae3b66cfc6fb1982e29df7?s=96&d=mm&r=g","url":"https:\/\/secure.gravatar.com\/avatar\/4c81fed838786e9b53f540bf46533e750f5d292099ae3b66cfc6fb1982e29df7?s=96&d=mm&r=g","contentUrl":"https:\/\/secure.gravatar.com\/avatar\/4c81fed838786e9b53f540bf46533e750f5d292099ae3b66cfc6fb1982e29df7?s=96&d=mm&r=g","caption":"admin"},"description":"admin","url":"https:\/\/lasentinelle.dz\/author\/admin\/"}]}},"_links":{"self":[{"href":"https:\/\/lasentinelle.dz\/index.php\/wp-json\/wp\/v2\/posts\/77833","targetHints":{"allow":["GET"]}}],"collection":[{"href":"https:\/\/lasentinelle.dz\/index.php\/wp-json\/wp\/v2\/posts"}],"about":[{"href":"https:\/\/lasentinelle.dz\/index.php\/wp-json\/wp\/v2\/types\/post"}],"author":[{"embeddable":true,"href":"https:\/\/lasentinelle.dz\/index.php\/wp-json\/wp\/v2\/users\/6"}],"replies":[{"embeddable":true,"href":"https:\/\/lasentinelle.dz\/index.php\/wp-json\/wp\/v2\/comments?post=77833"}],"version-history":[{"count":1,"href":"https:\/\/lasentinelle.dz\/index.php\/wp-json\/wp\/v2\/posts\/77833\/revisions"}],"predecessor-version":[{"id":77835,"href":"https:\/\/lasentinelle.dz\/index.php\/wp-json\/wp\/v2\/posts\/77833\/revisions\/77835"}],"wp:featuredmedia":[{"embeddable":true,"href":"https:\/\/lasentinelle.dz\/index.php\/wp-json\/wp\/v2\/media\/77834"}],"wp:attachment":[{"href":"https:\/\/lasentinelle.dz\/index.php\/wp-json\/wp\/v2\/media?parent=77833"}],"wp:term":[{"taxonomy":"category","embeddable":true,"href":"https:\/\/lasentinelle.dz\/index.php\/wp-json\/wp\/v2\/categories?post=77833"},{"taxonomy":"post_tag","embeddable":true,"href":"https:\/\/lasentinelle.dz\/index.php\/wp-json\/wp\/v2\/tags?post=77833"}],"curies":[{"name":"wp","href":"https:\/\/api.w.org\/{rel}","templated":true}]}}