{"id":77838,"date":"2025-12-15T19:23:01","date_gmt":"2025-12-15T18:23:01","guid":{"rendered":"https:\/\/lasentinelle.dz\/?p=77838"},"modified":"2025-12-15T19:23:04","modified_gmt":"2025-12-15T18:23:04","slug":"festival-international-de-la-musique-du-sud-celebrer-les-traditions-musicales-sahariennes","status":"publish","type":"post","link":"https:\/\/lasentinelle.dz\/index.php\/2025\/12\/15\/festival-international-de-la-musique-du-sud-celebrer-les-traditions-musicales-sahariennes\/","title":{"rendered":"Festival international de la musique du Sud\u00a0: C\u00e9l\u00e9brer les traditions musicales sahariennes"},"content":{"rendered":"\n<p>La capitale du Hoggar accueille du 16 au 21 d\u00e9cembre la premi\u00e8re \u00e9dition du&nbsp;festival d\u00e9di\u00e9 aux musiques sahariennes, conjuguant spectacles internationaux, r\u00e9flexions acad\u00e9miques et formation musicale, dans un contexte de relance du tourisme saharien.<\/p>\n\n\n\n<p>La wilaya de Tamanrasset s&rsquo;appr\u00eate \u00e0 vivre une semaine musicale in\u00e9dite. Du 16 au 21 d\u00e9cembre, la cit\u00e9 du Hoggar accueillera la premi\u00e8re \u00e9dition du Festival international de la musique du Sud, une manifestation culturelle d&rsquo;envergure qui ambitionne de c\u00e9l\u00e9brer les traditions musicales sahariennes tout en favorisant les \u00e9changes artistiques interculturels.<\/p>\n\n\n\n<p>Programm\u00e9 strat\u00e9giquement pendant la haute saison touristique saharienne, l&rsquo;\u00e9v\u00e9nement promet d&rsquo;enrichir l&rsquo;offre culturelle destin\u00e9e aux visiteurs nationaux et \u00e9trangers qui affluent dans la r\u00e9gion en cette p\u00e9riode de l&rsquo;ann\u00e9e. La maison de la Culture du centre-ville de Tamanrasset servira d&rsquo;\u00e9crin principal \u00e0 cette c\u00e9l\u00e9bration des rythmes du d\u00e9sert.<\/p>\n\n\n\n<p>Selon Abdelhamid Bouhala, charg\u00e9 de la communication du Festival, plusieurs soir\u00e9es anim\u00e9es par des artistes venus d&rsquo;Alg\u00e9rie et de l&rsquo;\u00e9tranger ponctueront cette semaine culturelle. Si les noms des participants n&rsquo;ont pas \u00e9t\u00e9 d\u00e9voil\u00e9s, l&rsquo;organisation promet une palette diversifi\u00e9e refl\u00e9tant la richesse des expressions musicales du Sud alg\u00e9rien et au-del\u00e0.<\/p>\n\n\n\n<p>Cette premi\u00e8re \u00e9dition ne se limite toutefois pas \u00e0 la simple programmation de concerts. Les organisateurs ont souhait\u00e9 doter le festival d&rsquo;une dimension r\u00e9flexive et p\u00e9dagogique, inscrivant l&rsquo;\u00e9v\u00e9nement dans une perspective de valorisation et de transmission du patrimoine musical saharien.<\/p>\n\n\n\n<p>Le programme acad\u00e9mique du festival abordera notamment deux th\u00e9matiques majeures. La premi\u00e8re communication portera sur le r\u00f4le de la musique du Sud dans l&rsquo;ancrage de l&rsquo;identit\u00e9 nationale, explor\u00e9e \u00e0 travers le prisme de l&rsquo;animation touristique.&nbsp;&nbsp;La seconde intervention analysera l&rsquo;exploitation de la musique alg\u00e9rienne dans les productions th\u00e9\u00e2trales et cin\u00e9matographiques, questionnant ainsi les passerelles entre diff\u00e9rentes formes d&rsquo;expression artistique et la place accord\u00e9e aux sonorit\u00e9s sahariennes dans la cr\u00e9ation contemporaine.<\/p>\n\n\n\n<p>Au-del\u00e0 des conf\u00e9rences, le festival mise sur la transmission directe des connaissances musicales. Des sessions de formation et des ateliers pratiques seront propos\u00e9s aux participants, encadr\u00e9s par des musicologues issus d&rsquo;instituts sp\u00e9cialis\u00e9s.&nbsp;&nbsp;L&rsquo;initiative s&rsquo;inscrit dans une dynamique plus large de valorisation du patrimoine culturel immat\u00e9riel alg\u00e9rien, dont les musiques du Sud constituent un pilier essentiel. En conjuguant spectacle vivant, r\u00e9flexion acad\u00e9mique et apprentissage pratique, le Festival international de la musique du Sud de Tamanrasset se positionne comme un rendez-vous culturel prometteur, susceptible de devenir un \u00e9v\u00e9nement annuel incontournable.<\/p>\n\n\n\n<p>Mohand Seghir<\/p>\n","protected":false},"excerpt":{"rendered":"<p>La capitale du Hoggar accueille du 16 au 21 d\u00e9cembre la premi\u00e8re \u00e9dition du&nbsp;festival d\u00e9di\u00e9 aux musiques sahariennes, conjuguant spectacles<\/p>\n","protected":false},"author":6,"featured_media":77839,"comment_status":"open","ping_status":"closed","sticky":false,"template":"","format":"standard","meta":{"colormag_page_container_layout":"default_layout","colormag_page_sidebar_layout":"default_layout","om_disable_all_campaigns":false,"_monsterinsights_skip_tracking":false,"_monsterinsights_sitenote_active":false,"_monsterinsights_sitenote_note":"","_monsterinsights_sitenote_category":0,"footnotes":"","_wpscppro_dont_share_socialmedia":false,"_wpscppro_custom_social_share_image":0,"_facebook_share_type":"default","_twitter_share_type":"default","_linkedin_share_type":"default","_pinterest_share_type":"default","_linkedin_share_type_page":"","_instagram_share_type":"default","_medium_share_type":"default","_threads_share_type":"default","_google_business_share_type":"default","_selected_social_profile":[],"_wpsp_enable_custom_social_template":false,"_wpsp_social_scheduling":{"enabled":false,"datetime":null,"platforms":[],"status":"template_only","dateOption":"today","timeOption":"now","customDays":"","customHours":"","customDate":"","customTime":"","schedulingType":"absolute"},"_wpsp_active_default_template":true},"categories":[36],"tags":[],"class_list":["post-77838","post","type-post","status-publish","format-standard","has-post-thumbnail","hentry","category-culture"],"aioseo_notices":[],"yoast_head":"<!-- This site is optimized with the Yoast SEO plugin v27.5 - https:\/\/yoast.com\/product\/yoast-seo-wordpress\/ -->\n<title>Festival international de la musique du Sud\u00a0: C\u00e9l\u00e9brer les traditions musicales sahariennes - La Sentinelle<\/title>\n<meta name=\"robots\" content=\"index, follow, max-snippet:-1, max-image-preview:large, max-video-preview:-1\" \/>\n<link rel=\"canonical\" href=\"https:\/\/lasentinelle.dz\/index.php\/2025\/12\/15\/festival-international-de-la-musique-du-sud-celebrer-les-traditions-musicales-sahariennes\/\" \/>\n<meta property=\"og:locale\" content=\"fr_FR\" \/>\n<meta property=\"og:type\" content=\"article\" \/>\n<meta property=\"og:title\" content=\"Festival international de la musique du Sud\u00a0: C\u00e9l\u00e9brer les traditions musicales sahariennes - La Sentinelle\" \/>\n<meta property=\"og:description\" content=\"La capitale du Hoggar accueille du 16 au 21 d\u00e9cembre la premi\u00e8re \u00e9dition du&nbsp;festival d\u00e9di\u00e9 aux musiques sahariennes, conjuguant spectacles\" \/>\n<meta property=\"og:url\" content=\"https:\/\/lasentinelle.dz\/index.php\/2025\/12\/15\/festival-international-de-la-musique-du-sud-celebrer-les-traditions-musicales-sahariennes\/\" \/>\n<meta property=\"og:site_name\" content=\"La Sentinelle\" \/>\n<meta property=\"article:publisher\" content=\"https:\/\/www.facebook.com\/La-Sentinelle-104059864394773\" \/>\n<meta property=\"article:published_time\" content=\"2025-12-15T18:23:01+00:00\" \/>\n<meta property=\"article:modified_time\" content=\"2025-12-15T18:23:04+00:00\" \/>\n<meta property=\"og:image\" content=\"https:\/\/lasentinelle.dz\/wp-content\/uploads\/2025\/12\/imzad.webp\" \/>\n\t<meta property=\"og:image:width\" content=\"675\" \/>\n\t<meta property=\"og:image:height\" content=\"445\" \/>\n\t<meta property=\"og:image:type\" content=\"image\/webp\" \/>\n<meta name=\"author\" content=\"admin\" \/>\n<meta name=\"twitter:card\" content=\"summary_large_image\" \/>\n<meta name=\"twitter:label1\" content=\"\u00c9crit par\" \/>\n\t<meta name=\"twitter:data1\" content=\"admin\" \/>\n\t<meta name=\"twitter:label2\" content=\"Dur\u00e9e de lecture estim\u00e9e\" \/>\n\t<meta name=\"twitter:data2\" content=\"3 minutes\" \/>\n<script type=\"application\/ld+json\" class=\"yoast-schema-graph\">{\"@context\":\"https:\\\/\\\/schema.org\",\"@graph\":[{\"@type\":\"Article\",\"@id\":\"https:\\\/\\\/lasentinelle.dz\\\/index.php\\\/2025\\\/12\\\/15\\\/festival-international-de-la-musique-du-sud-celebrer-les-traditions-musicales-sahariennes\\\/#article\",\"isPartOf\":{\"@id\":\"https:\\\/\\\/lasentinelle.dz\\\/index.php\\\/2025\\\/12\\\/15\\\/festival-international-de-la-musique-du-sud-celebrer-les-traditions-musicales-sahariennes\\\/\"},\"author\":{\"name\":\"admin\",\"@id\":\"https:\\\/\\\/lasentinelle.dz\\\/#\\\/schema\\\/person\\\/729ee0024f24e0b8c5ec17232f8e8b41\"},\"headline\":\"Festival international de la musique du Sud\u00a0: C\u00e9l\u00e9brer les traditions musicales sahariennes\",\"datePublished\":\"2025-12-15T18:23:01+00:00\",\"dateModified\":\"2025-12-15T18:23:04+00:00\",\"mainEntityOfPage\":{\"@id\":\"https:\\\/\\\/lasentinelle.dz\\\/index.php\\\/2025\\\/12\\\/15\\\/festival-international-de-la-musique-du-sud-celebrer-les-traditions-musicales-sahariennes\\\/\"},\"wordCount\":469,\"commentCount\":0,\"publisher\":{\"@id\":\"https:\\\/\\\/lasentinelle.dz\\\/#organization\"},\"image\":{\"@id\":\"https:\\\/\\\/lasentinelle.dz\\\/index.php\\\/2025\\\/12\\\/15\\\/festival-international-de-la-musique-du-sud-celebrer-les-traditions-musicales-sahariennes\\\/#primaryimage\"},\"thumbnailUrl\":\"https:\\\/\\\/lasentinelle.dz\\\/wp-content\\\/uploads\\\/2025\\\/12\\\/imzad.webp\",\"articleSection\":[\"Culture\"],\"inLanguage\":\"fr-FR\",\"potentialAction\":[{\"@type\":\"CommentAction\",\"name\":\"Comment\",\"target\":[\"https:\\\/\\\/lasentinelle.dz\\\/index.php\\\/2025\\\/12\\\/15\\\/festival-international-de-la-musique-du-sud-celebrer-les-traditions-musicales-sahariennes\\\/#respond\"]}]},{\"@type\":\"WebPage\",\"@id\":\"https:\\\/\\\/lasentinelle.dz\\\/index.php\\\/2025\\\/12\\\/15\\\/festival-international-de-la-musique-du-sud-celebrer-les-traditions-musicales-sahariennes\\\/\",\"url\":\"https:\\\/\\\/lasentinelle.dz\\\/index.php\\\/2025\\\/12\\\/15\\\/festival-international-de-la-musique-du-sud-celebrer-les-traditions-musicales-sahariennes\\\/\",\"name\":\"Festival international de la musique du Sud\u00a0: C\u00e9l\u00e9brer les traditions musicales sahariennes - La Sentinelle\",\"isPartOf\":{\"@id\":\"https:\\\/\\\/lasentinelle.dz\\\/#website\"},\"primaryImageOfPage\":{\"@id\":\"https:\\\/\\\/lasentinelle.dz\\\/index.php\\\/2025\\\/12\\\/15\\\/festival-international-de-la-musique-du-sud-celebrer-les-traditions-musicales-sahariennes\\\/#primaryimage\"},\"image\":{\"@id\":\"https:\\\/\\\/lasentinelle.dz\\\/index.php\\\/2025\\\/12\\\/15\\\/festival-international-de-la-musique-du-sud-celebrer-les-traditions-musicales-sahariennes\\\/#primaryimage\"},\"thumbnailUrl\":\"https:\\\/\\\/lasentinelle.dz\\\/wp-content\\\/uploads\\\/2025\\\/12\\\/imzad.webp\",\"datePublished\":\"2025-12-15T18:23:01+00:00\",\"dateModified\":\"2025-12-15T18:23:04+00:00\",\"breadcrumb\":{\"@id\":\"https:\\\/\\\/lasentinelle.dz\\\/index.php\\\/2025\\\/12\\\/15\\\/festival-international-de-la-musique-du-sud-celebrer-les-traditions-musicales-sahariennes\\\/#breadcrumb\"},\"inLanguage\":\"fr-FR\",\"potentialAction\":[{\"@type\":\"ReadAction\",\"target\":[\"https:\\\/\\\/lasentinelle.dz\\\/index.php\\\/2025\\\/12\\\/15\\\/festival-international-de-la-musique-du-sud-celebrer-les-traditions-musicales-sahariennes\\\/\"]}]},{\"@type\":\"ImageObject\",\"inLanguage\":\"fr-FR\",\"@id\":\"https:\\\/\\\/lasentinelle.dz\\\/index.php\\\/2025\\\/12\\\/15\\\/festival-international-de-la-musique-du-sud-celebrer-les-traditions-musicales-sahariennes\\\/#primaryimage\",\"url\":\"https:\\\/\\\/lasentinelle.dz\\\/wp-content\\\/uploads\\\/2025\\\/12\\\/imzad.webp\",\"contentUrl\":\"https:\\\/\\\/lasentinelle.dz\\\/wp-content\\\/uploads\\\/2025\\\/12\\\/imzad.webp\",\"width\":675,\"height\":445},{\"@type\":\"BreadcrumbList\",\"@id\":\"https:\\\/\\\/lasentinelle.dz\\\/index.php\\\/2025\\\/12\\\/15\\\/festival-international-de-la-musique-du-sud-celebrer-les-traditions-musicales-sahariennes\\\/#breadcrumb\",\"itemListElement\":[{\"@type\":\"ListItem\",\"position\":1,\"name\":\"Accueil\",\"item\":\"https:\\\/\\\/lasentinelle.dz\\\/\"},{\"@type\":\"ListItem\",\"position\":2,\"name\":\"Festival international de la musique du Sud\u00a0: C\u00e9l\u00e9brer les traditions musicales sahariennes\"}]},{\"@type\":\"WebSite\",\"@id\":\"https:\\\/\\\/lasentinelle.dz\\\/#website\",\"url\":\"https:\\\/\\\/lasentinelle.dz\\\/\",\"name\":\"La Sentinelle\",\"description\":\"Quotidien national d&#039;information\",\"publisher\":{\"@id\":\"https:\\\/\\\/lasentinelle.dz\\\/#organization\"},\"potentialAction\":[{\"@type\":\"SearchAction\",\"target\":{\"@type\":\"EntryPoint\",\"urlTemplate\":\"https:\\\/\\\/lasentinelle.dz\\\/?s={search_term_string}\"},\"query-input\":{\"@type\":\"PropertyValueSpecification\",\"valueRequired\":true,\"valueName\":\"search_term_string\"}}],\"inLanguage\":\"fr-FR\"},{\"@type\":\"Organization\",\"@id\":\"https:\\\/\\\/lasentinelle.dz\\\/#organization\",\"name\":\"Quotidien La Sentinelle\",\"url\":\"https:\\\/\\\/lasentinelle.dz\\\/\",\"logo\":{\"@type\":\"ImageObject\",\"inLanguage\":\"fr-FR\",\"@id\":\"https:\\\/\\\/lasentinelle.dz\\\/#\\\/schema\\\/logo\\\/image\\\/\",\"url\":\"https:\\\/\\\/lasentinelle.dz\\\/wp-content\\\/uploads\\\/2021\\\/09\\\/logo-sentinelleSLOGAN-1.png\",\"contentUrl\":\"https:\\\/\\\/lasentinelle.dz\\\/wp-content\\\/uploads\\\/2021\\\/09\\\/logo-sentinelleSLOGAN-1.png\",\"width\":615,\"height\":142,\"caption\":\"Quotidien La Sentinelle\"},\"image\":{\"@id\":\"https:\\\/\\\/lasentinelle.dz\\\/#\\\/schema\\\/logo\\\/image\\\/\"},\"sameAs\":[\"https:\\\/\\\/www.facebook.com\\\/La-Sentinelle-104059864394773\"]},{\"@type\":\"Person\",\"@id\":\"https:\\\/\\\/lasentinelle.dz\\\/#\\\/schema\\\/person\\\/729ee0024f24e0b8c5ec17232f8e8b41\",\"name\":\"admin\",\"image\":{\"@type\":\"ImageObject\",\"inLanguage\":\"fr-FR\",\"@id\":\"https:\\\/\\\/secure.gravatar.com\\\/avatar\\\/4c81fed838786e9b53f540bf46533e750f5d292099ae3b66cfc6fb1982e29df7?s=96&d=mm&r=g\",\"url\":\"https:\\\/\\\/secure.gravatar.com\\\/avatar\\\/4c81fed838786e9b53f540bf46533e750f5d292099ae3b66cfc6fb1982e29df7?s=96&d=mm&r=g\",\"contentUrl\":\"https:\\\/\\\/secure.gravatar.com\\\/avatar\\\/4c81fed838786e9b53f540bf46533e750f5d292099ae3b66cfc6fb1982e29df7?s=96&d=mm&r=g\",\"caption\":\"admin\"},\"description\":\"admin\",\"url\":\"https:\\\/\\\/lasentinelle.dz\\\/author\\\/admin\\\/\"}]}<\/script>\n<!-- \/ Yoast SEO plugin. -->","yoast_head_json":{"title":"Festival international de la musique du Sud\u00a0: C\u00e9l\u00e9brer les traditions musicales sahariennes - La Sentinelle","robots":{"index":"index","follow":"follow","max-snippet":"max-snippet:-1","max-image-preview":"max-image-preview:large","max-video-preview":"max-video-preview:-1"},"canonical":"https:\/\/lasentinelle.dz\/index.php\/2025\/12\/15\/festival-international-de-la-musique-du-sud-celebrer-les-traditions-musicales-sahariennes\/","og_locale":"fr_FR","og_type":"article","og_title":"Festival international de la musique du Sud\u00a0: C\u00e9l\u00e9brer les traditions musicales sahariennes - La Sentinelle","og_description":"La capitale du Hoggar accueille du 16 au 21 d\u00e9cembre la premi\u00e8re \u00e9dition du&nbsp;festival d\u00e9di\u00e9 aux musiques sahariennes, conjuguant spectacles","og_url":"https:\/\/lasentinelle.dz\/index.php\/2025\/12\/15\/festival-international-de-la-musique-du-sud-celebrer-les-traditions-musicales-sahariennes\/","og_site_name":"La Sentinelle","article_publisher":"https:\/\/www.facebook.com\/La-Sentinelle-104059864394773","article_published_time":"2025-12-15T18:23:01+00:00","article_modified_time":"2025-12-15T18:23:04+00:00","og_image":[{"width":675,"height":445,"url":"https:\/\/lasentinelle.dz\/wp-content\/uploads\/2025\/12\/imzad.webp","type":"image\/webp"}],"author":"admin","twitter_card":"summary_large_image","twitter_misc":{"\u00c9crit par":"admin","Dur\u00e9e de lecture estim\u00e9e":"3 minutes"},"schema":{"@context":"https:\/\/schema.org","@graph":[{"@type":"Article","@id":"https:\/\/lasentinelle.dz\/index.php\/2025\/12\/15\/festival-international-de-la-musique-du-sud-celebrer-les-traditions-musicales-sahariennes\/#article","isPartOf":{"@id":"https:\/\/lasentinelle.dz\/index.php\/2025\/12\/15\/festival-international-de-la-musique-du-sud-celebrer-les-traditions-musicales-sahariennes\/"},"author":{"name":"admin","@id":"https:\/\/lasentinelle.dz\/#\/schema\/person\/729ee0024f24e0b8c5ec17232f8e8b41"},"headline":"Festival international de la musique du Sud\u00a0: C\u00e9l\u00e9brer les traditions musicales sahariennes","datePublished":"2025-12-15T18:23:01+00:00","dateModified":"2025-12-15T18:23:04+00:00","mainEntityOfPage":{"@id":"https:\/\/lasentinelle.dz\/index.php\/2025\/12\/15\/festival-international-de-la-musique-du-sud-celebrer-les-traditions-musicales-sahariennes\/"},"wordCount":469,"commentCount":0,"publisher":{"@id":"https:\/\/lasentinelle.dz\/#organization"},"image":{"@id":"https:\/\/lasentinelle.dz\/index.php\/2025\/12\/15\/festival-international-de-la-musique-du-sud-celebrer-les-traditions-musicales-sahariennes\/#primaryimage"},"thumbnailUrl":"https:\/\/lasentinelle.dz\/wp-content\/uploads\/2025\/12\/imzad.webp","articleSection":["Culture"],"inLanguage":"fr-FR","potentialAction":[{"@type":"CommentAction","name":"Comment","target":["https:\/\/lasentinelle.dz\/index.php\/2025\/12\/15\/festival-international-de-la-musique-du-sud-celebrer-les-traditions-musicales-sahariennes\/#respond"]}]},{"@type":"WebPage","@id":"https:\/\/lasentinelle.dz\/index.php\/2025\/12\/15\/festival-international-de-la-musique-du-sud-celebrer-les-traditions-musicales-sahariennes\/","url":"https:\/\/lasentinelle.dz\/index.php\/2025\/12\/15\/festival-international-de-la-musique-du-sud-celebrer-les-traditions-musicales-sahariennes\/","name":"Festival international de la musique du Sud\u00a0: C\u00e9l\u00e9brer les traditions musicales sahariennes - La Sentinelle","isPartOf":{"@id":"https:\/\/lasentinelle.dz\/#website"},"primaryImageOfPage":{"@id":"https:\/\/lasentinelle.dz\/index.php\/2025\/12\/15\/festival-international-de-la-musique-du-sud-celebrer-les-traditions-musicales-sahariennes\/#primaryimage"},"image":{"@id":"https:\/\/lasentinelle.dz\/index.php\/2025\/12\/15\/festival-international-de-la-musique-du-sud-celebrer-les-traditions-musicales-sahariennes\/#primaryimage"},"thumbnailUrl":"https:\/\/lasentinelle.dz\/wp-content\/uploads\/2025\/12\/imzad.webp","datePublished":"2025-12-15T18:23:01+00:00","dateModified":"2025-12-15T18:23:04+00:00","breadcrumb":{"@id":"https:\/\/lasentinelle.dz\/index.php\/2025\/12\/15\/festival-international-de-la-musique-du-sud-celebrer-les-traditions-musicales-sahariennes\/#breadcrumb"},"inLanguage":"fr-FR","potentialAction":[{"@type":"ReadAction","target":["https:\/\/lasentinelle.dz\/index.php\/2025\/12\/15\/festival-international-de-la-musique-du-sud-celebrer-les-traditions-musicales-sahariennes\/"]}]},{"@type":"ImageObject","inLanguage":"fr-FR","@id":"https:\/\/lasentinelle.dz\/index.php\/2025\/12\/15\/festival-international-de-la-musique-du-sud-celebrer-les-traditions-musicales-sahariennes\/#primaryimage","url":"https:\/\/lasentinelle.dz\/wp-content\/uploads\/2025\/12\/imzad.webp","contentUrl":"https:\/\/lasentinelle.dz\/wp-content\/uploads\/2025\/12\/imzad.webp","width":675,"height":445},{"@type":"BreadcrumbList","@id":"https:\/\/lasentinelle.dz\/index.php\/2025\/12\/15\/festival-international-de-la-musique-du-sud-celebrer-les-traditions-musicales-sahariennes\/#breadcrumb","itemListElement":[{"@type":"ListItem","position":1,"name":"Accueil","item":"https:\/\/lasentinelle.dz\/"},{"@type":"ListItem","position":2,"name":"Festival international de la musique du Sud\u00a0: C\u00e9l\u00e9brer les traditions musicales sahariennes"}]},{"@type":"WebSite","@id":"https:\/\/lasentinelle.dz\/#website","url":"https:\/\/lasentinelle.dz\/","name":"La Sentinelle","description":"Quotidien national d&#039;information","publisher":{"@id":"https:\/\/lasentinelle.dz\/#organization"},"potentialAction":[{"@type":"SearchAction","target":{"@type":"EntryPoint","urlTemplate":"https:\/\/lasentinelle.dz\/?s={search_term_string}"},"query-input":{"@type":"PropertyValueSpecification","valueRequired":true,"valueName":"search_term_string"}}],"inLanguage":"fr-FR"},{"@type":"Organization","@id":"https:\/\/lasentinelle.dz\/#organization","name":"Quotidien La Sentinelle","url":"https:\/\/lasentinelle.dz\/","logo":{"@type":"ImageObject","inLanguage":"fr-FR","@id":"https:\/\/lasentinelle.dz\/#\/schema\/logo\/image\/","url":"https:\/\/lasentinelle.dz\/wp-content\/uploads\/2021\/09\/logo-sentinelleSLOGAN-1.png","contentUrl":"https:\/\/lasentinelle.dz\/wp-content\/uploads\/2021\/09\/logo-sentinelleSLOGAN-1.png","width":615,"height":142,"caption":"Quotidien La Sentinelle"},"image":{"@id":"https:\/\/lasentinelle.dz\/#\/schema\/logo\/image\/"},"sameAs":["https:\/\/www.facebook.com\/La-Sentinelle-104059864394773"]},{"@type":"Person","@id":"https:\/\/lasentinelle.dz\/#\/schema\/person\/729ee0024f24e0b8c5ec17232f8e8b41","name":"admin","image":{"@type":"ImageObject","inLanguage":"fr-FR","@id":"https:\/\/secure.gravatar.com\/avatar\/4c81fed838786e9b53f540bf46533e750f5d292099ae3b66cfc6fb1982e29df7?s=96&d=mm&r=g","url":"https:\/\/secure.gravatar.com\/avatar\/4c81fed838786e9b53f540bf46533e750f5d292099ae3b66cfc6fb1982e29df7?s=96&d=mm&r=g","contentUrl":"https:\/\/secure.gravatar.com\/avatar\/4c81fed838786e9b53f540bf46533e750f5d292099ae3b66cfc6fb1982e29df7?s=96&d=mm&r=g","caption":"admin"},"description":"admin","url":"https:\/\/lasentinelle.dz\/author\/admin\/"}]}},"_links":{"self":[{"href":"https:\/\/lasentinelle.dz\/index.php\/wp-json\/wp\/v2\/posts\/77838","targetHints":{"allow":["GET"]}}],"collection":[{"href":"https:\/\/lasentinelle.dz\/index.php\/wp-json\/wp\/v2\/posts"}],"about":[{"href":"https:\/\/lasentinelle.dz\/index.php\/wp-json\/wp\/v2\/types\/post"}],"author":[{"embeddable":true,"href":"https:\/\/lasentinelle.dz\/index.php\/wp-json\/wp\/v2\/users\/6"}],"replies":[{"embeddable":true,"href":"https:\/\/lasentinelle.dz\/index.php\/wp-json\/wp\/v2\/comments?post=77838"}],"version-history":[{"count":1,"href":"https:\/\/lasentinelle.dz\/index.php\/wp-json\/wp\/v2\/posts\/77838\/revisions"}],"predecessor-version":[{"id":77840,"href":"https:\/\/lasentinelle.dz\/index.php\/wp-json\/wp\/v2\/posts\/77838\/revisions\/77840"}],"wp:featuredmedia":[{"embeddable":true,"href":"https:\/\/lasentinelle.dz\/index.php\/wp-json\/wp\/v2\/media\/77839"}],"wp:attachment":[{"href":"https:\/\/lasentinelle.dz\/index.php\/wp-json\/wp\/v2\/media?parent=77838"}],"wp:term":[{"taxonomy":"category","embeddable":true,"href":"https:\/\/lasentinelle.dz\/index.php\/wp-json\/wp\/v2\/categories?post=77838"},{"taxonomy":"post_tag","embeddable":true,"href":"https:\/\/lasentinelle.dz\/index.php\/wp-json\/wp\/v2\/tags?post=77838"}],"curies":[{"name":"wp","href":"https:\/\/api.w.org\/{rel}","templated":true}]}}