{"id":77841,"date":"2025-12-15T19:24:18","date_gmt":"2025-12-15T18:24:18","guid":{"rendered":"https:\/\/lasentinelle.dz\/?p=77841"},"modified":"2025-12-15T19:24:19","modified_gmt":"2025-12-15T18:24:19","slug":"soudan-lua-condamne-une-attaque-meurtriere-contre-des-casques-bleus-a-kadugli","status":"publish","type":"post","link":"https:\/\/lasentinelle.dz\/index.php\/2025\/12\/15\/soudan-lua-condamne-une-attaque-meurtriere-contre-des-casques-bleus-a-kadugli\/","title":{"rendered":"Soudan\u00a0: L\u2019UA\u00a0condamne une attaque meurtri\u00e8re contre des Casques bleus \u00e0 Kadugli"},"content":{"rendered":"\n<p>Le pr\u00e9sident de la Commission de l&rsquo;Union africaine, Mahmoud Ali Youssouf, a condamn\u00e9 fermement l&rsquo;attaque meurtri\u00e8re perp\u00e9tr\u00e9e par drone contre la base logistique de maintien de la paix de la Force int\u00e9rimaire de s\u00e9curit\u00e9 des Nations Unies pour Abyei \u00e0 Kadugli, au Soudan, selon un communiqu\u00e9 de la Commission publi\u00e9 dimanche \u00e0 Addis-Abeba. Cette attaque a caus\u00e9 des pertes en vies humaines et des blessures parmi le personnel bangladais de maintien de la paix.&nbsp;Mahmoud Ali Youssouf a pr\u00e9cis\u00e9 que cet acte odieux constituait une grave violation du droit international humanitaire et une atteinte aux efforts d\u00e9ploy\u00e9s pour promouvoir la paix et la stabilit\u00e9 au Soudan. Il a soulign\u00e9 que les attaques contre les Casques bleus sont inacceptables et compromettent la paix et la s\u00e9curit\u00e9 r\u00e9gionales et internationales, affirmant que de tels actes ne dissuaderont pas l&rsquo;Union africaine et ses partenaires de leur engagement \u00e0 soutenir les op\u00e9rations de maintien de la paix et \u00e0 prot\u00e9ger les civils.&nbsp;Le pr\u00e9sident de la Commission a appel\u00e9 \u00e0 ce que les responsables de cette attaque soient rapidement identifi\u00e9s et traduits en justice et a exhort\u00e9 toutes les parties au conflit \u00e0 respecter leurs obligations en vertu du droit international, notamment la protection des casques bleus et du personnel humanitaire. Il a \u00e9galement exprim\u00e9 la pleine solidarit\u00e9 de l&rsquo;Union africaine avec le personnel de maintien de la paix touch\u00e9 et les pays contributeurs.&nbsp;Par ailleurs, au moins neuf civils soudanais ont \u00e9t\u00e9 tu\u00e9s et&nbsp;17&nbsp;&nbsp;autres ont \u00e9t\u00e9 bless\u00e9s dans une attaque aux drones et \u00e0 l&rsquo;artillerie men\u00e9e par les Forces de soutien rapide dans l&rsquo;\u00c9tat du Kordofan du Sud, selon un nouveau bilan publi\u00e9 lundi par le R\u00e9seau des m\u00e9decins soudanais. Dans un communiqu\u00e9, cette organisation m\u00e9dicale a d\u00e9clar\u00e9 que les Forces de soutien rapide ont men\u00e9 des bombardements d\u00e9lib\u00e9r\u00e9s ayant vis\u00e9 l&rsquo;h\u00f4pital militaire de Dilling ainsi que plusieurs zones civiles situ\u00e9es au sud de la ville, notamment les quartiers de Karol et d&rsquo;Al-Samasim. Un pr\u00e9c\u00e9dent bilan avait fait \u00e9tat de sept morts.<\/p>\n\n\n\n<p>Le R\u00e9seau des m\u00e9decins soudanais a qualifi\u00e9 cette attaque de violation flagrante du droit international humanitaire, lequel interdit de cibler les \u00e9tablissements de sant\u00e9 et les civils. L&rsquo;organisation a \u00e9galement condamn\u00e9 ce qu&rsquo;elle a d\u00e9crit comme des attaques syst\u00e9matiques contre les institutions m\u00e9dicales et le personnel de sant\u00e9, tenant les Forces de soutien rapide pour pleinement responsables de leurs graves cons\u00e9quences humanitaires et sanitaires.&nbsp;L&rsquo;organisation m\u00e9dicale a appel\u00e9 la communaut\u00e9 internationale ainsi que les organisations de d\u00e9fense des droits humains et les acteurs humanitaires \u00e0 agir de toute urgence afin de prot\u00e9ger les civils et les infrastructures m\u00e9dicales, garantir un acc\u00e8s sans entrave \u00e0 l&rsquo;aide humanitaire et lever le si\u00e8ge impos\u00e9 \u00e0 l&rsquo;\u00c9tat du Kordofan du Sud. Elle a \u00e9galement demand\u00e9 un renforcement de la pression internationale sur les dirigeants des Forces de soutien rapide accus\u00e9s d&rsquo;\u00eatre responsables de cette attaque.<\/p>\n\n\n\n<p>Selon des estimations des Nations unies, plus de&nbsp;41.000&nbsp;personnes ont fui les violences dans les \u00c9tats du Kordofan du Nord et du Sud au cours du mois de novembre. Les trois \u00c9tats du Kordofan sont le th\u00e9\u00e2tre de violents affrontements depuis plusieurs semaines entre l&rsquo;arm\u00e9e soudanaise et les Forces de soutien rapide, poussant des dizaines de milliers de civils \u00e0 prendre la fuite. Le conflit entre l&rsquo;arm\u00e9e soudanaise et les Forces de soutien rapide, qui a \u00e9clat\u00e9 en avril&nbsp;2023, a fait des milliers de morts et provoqu\u00e9 le d\u00e9placement de millions de personnes.<\/p>\n\n\n\n<p>L.S.<\/p>\n","protected":false},"excerpt":{"rendered":"<p>Le pr\u00e9sident de la Commission de l&rsquo;Union africaine, Mahmoud Ali Youssouf, a condamn\u00e9 fermement l&rsquo;attaque meurtri\u00e8re perp\u00e9tr\u00e9e par drone contre<\/p>\n","protected":false},"author":6,"featured_media":63237,"comment_status":"open","ping_status":"closed","sticky":false,"template":"","format":"standard","meta":{"colormag_page_container_layout":"default_layout","colormag_page_sidebar_layout":"default_layout","om_disable_all_campaigns":false,"_monsterinsights_skip_tracking":false,"_monsterinsights_sitenote_active":false,"_monsterinsights_sitenote_note":"","_monsterinsights_sitenote_category":0,"footnotes":"","_wpscppro_dont_share_socialmedia":false,"_wpscppro_custom_social_share_image":0,"_facebook_share_type":"default","_twitter_share_type":"default","_linkedin_share_type":"default","_pinterest_share_type":"default","_linkedin_share_type_page":"","_instagram_share_type":"default","_medium_share_type":"default","_threads_share_type":"default","_google_business_share_type":"default","_selected_social_profile":[],"_wpsp_enable_custom_social_template":false,"_wpsp_social_scheduling":{"enabled":false,"datetime":null,"platforms":[],"status":"template_only","dateOption":"today","timeOption":"now","customDays":"","customHours":"","customDate":"","customTime":"","schedulingType":"absolute"},"_wpsp_active_default_template":true},"categories":[37],"tags":[],"class_list":["post-77841","post","type-post","status-publish","format-standard","has-post-thumbnail","hentry","category-monde"],"aioseo_notices":[],"yoast_head":"<!-- This site is optimized with the Yoast SEO plugin v27.5 - https:\/\/yoast.com\/product\/yoast-seo-wordpress\/ -->\n<title>Soudan\u00a0: L\u2019UA\u00a0condamne une attaque meurtri\u00e8re contre des Casques bleus \u00e0 Kadugli - La Sentinelle<\/title>\n<meta name=\"robots\" content=\"index, follow, max-snippet:-1, max-image-preview:large, max-video-preview:-1\" \/>\n<link rel=\"canonical\" href=\"https:\/\/lasentinelle.dz\/index.php\/2025\/12\/15\/soudan-lua-condamne-une-attaque-meurtriere-contre-des-casques-bleus-a-kadugli\/\" \/>\n<meta property=\"og:locale\" content=\"fr_FR\" \/>\n<meta property=\"og:type\" content=\"article\" \/>\n<meta property=\"og:title\" content=\"Soudan\u00a0: L\u2019UA\u00a0condamne une attaque meurtri\u00e8re contre des Casques bleus \u00e0 Kadugli - La Sentinelle\" \/>\n<meta property=\"og:description\" content=\"Le pr\u00e9sident de la Commission de l&rsquo;Union africaine, Mahmoud Ali Youssouf, a condamn\u00e9 fermement l&rsquo;attaque meurtri\u00e8re perp\u00e9tr\u00e9e par drone contre\" \/>\n<meta property=\"og:url\" content=\"https:\/\/lasentinelle.dz\/index.php\/2025\/12\/15\/soudan-lua-condamne-une-attaque-meurtriere-contre-des-casques-bleus-a-kadugli\/\" \/>\n<meta property=\"og:site_name\" content=\"La Sentinelle\" \/>\n<meta property=\"article:publisher\" content=\"https:\/\/www.facebook.com\/La-Sentinelle-104059864394773\" \/>\n<meta property=\"article:published_time\" content=\"2025-12-15T18:24:18+00:00\" \/>\n<meta property=\"article:modified_time\" content=\"2025-12-15T18:24:19+00:00\" \/>\n<meta property=\"og:image\" content=\"https:\/\/lasentinelle.dz\/wp-content\/uploads\/2025\/02\/Union-africaine.webp\" \/>\n\t<meta property=\"og:image:width\" content=\"900\" \/>\n\t<meta property=\"og:image:height\" content=\"675\" \/>\n\t<meta property=\"og:image:type\" content=\"image\/webp\" \/>\n<meta name=\"author\" content=\"admin\" \/>\n<meta name=\"twitter:card\" content=\"summary_large_image\" \/>\n<meta name=\"twitter:label1\" content=\"\u00c9crit par\" \/>\n\t<meta name=\"twitter:data1\" content=\"admin\" \/>\n\t<meta name=\"twitter:label2\" content=\"Dur\u00e9e de lecture estim\u00e9e\" \/>\n\t<meta name=\"twitter:data2\" content=\"4 minutes\" \/>\n<script type=\"application\/ld+json\" class=\"yoast-schema-graph\">{\"@context\":\"https:\\\/\\\/schema.org\",\"@graph\":[{\"@type\":\"Article\",\"@id\":\"https:\\\/\\\/lasentinelle.dz\\\/index.php\\\/2025\\\/12\\\/15\\\/soudan-lua-condamne-une-attaque-meurtriere-contre-des-casques-bleus-a-kadugli\\\/#article\",\"isPartOf\":{\"@id\":\"https:\\\/\\\/lasentinelle.dz\\\/index.php\\\/2025\\\/12\\\/15\\\/soudan-lua-condamne-une-attaque-meurtriere-contre-des-casques-bleus-a-kadugli\\\/\"},\"author\":{\"name\":\"admin\",\"@id\":\"https:\\\/\\\/lasentinelle.dz\\\/#\\\/schema\\\/person\\\/729ee0024f24e0b8c5ec17232f8e8b41\"},\"headline\":\"Soudan\u00a0: L\u2019UA\u00a0condamne une attaque meurtri\u00e8re contre des Casques bleus \u00e0 Kadugli\",\"datePublished\":\"2025-12-15T18:24:18+00:00\",\"dateModified\":\"2025-12-15T18:24:19+00:00\",\"mainEntityOfPage\":{\"@id\":\"https:\\\/\\\/lasentinelle.dz\\\/index.php\\\/2025\\\/12\\\/15\\\/soudan-lua-condamne-une-attaque-meurtriere-contre-des-casques-bleus-a-kadugli\\\/\"},\"wordCount\":640,\"commentCount\":0,\"publisher\":{\"@id\":\"https:\\\/\\\/lasentinelle.dz\\\/#organization\"},\"image\":{\"@id\":\"https:\\\/\\\/lasentinelle.dz\\\/index.php\\\/2025\\\/12\\\/15\\\/soudan-lua-condamne-une-attaque-meurtriere-contre-des-casques-bleus-a-kadugli\\\/#primaryimage\"},\"thumbnailUrl\":\"https:\\\/\\\/lasentinelle.dz\\\/wp-content\\\/uploads\\\/2025\\\/02\\\/Union-africaine.webp\",\"articleSection\":[\"Monde\"],\"inLanguage\":\"fr-FR\",\"potentialAction\":[{\"@type\":\"CommentAction\",\"name\":\"Comment\",\"target\":[\"https:\\\/\\\/lasentinelle.dz\\\/index.php\\\/2025\\\/12\\\/15\\\/soudan-lua-condamne-une-attaque-meurtriere-contre-des-casques-bleus-a-kadugli\\\/#respond\"]}]},{\"@type\":\"WebPage\",\"@id\":\"https:\\\/\\\/lasentinelle.dz\\\/index.php\\\/2025\\\/12\\\/15\\\/soudan-lua-condamne-une-attaque-meurtriere-contre-des-casques-bleus-a-kadugli\\\/\",\"url\":\"https:\\\/\\\/lasentinelle.dz\\\/index.php\\\/2025\\\/12\\\/15\\\/soudan-lua-condamne-une-attaque-meurtriere-contre-des-casques-bleus-a-kadugli\\\/\",\"name\":\"Soudan\u00a0: L\u2019UA\u00a0condamne une attaque meurtri\u00e8re contre des Casques bleus \u00e0 Kadugli - La Sentinelle\",\"isPartOf\":{\"@id\":\"https:\\\/\\\/lasentinelle.dz\\\/#website\"},\"primaryImageOfPage\":{\"@id\":\"https:\\\/\\\/lasentinelle.dz\\\/index.php\\\/2025\\\/12\\\/15\\\/soudan-lua-condamne-une-attaque-meurtriere-contre-des-casques-bleus-a-kadugli\\\/#primaryimage\"},\"image\":{\"@id\":\"https:\\\/\\\/lasentinelle.dz\\\/index.php\\\/2025\\\/12\\\/15\\\/soudan-lua-condamne-une-attaque-meurtriere-contre-des-casques-bleus-a-kadugli\\\/#primaryimage\"},\"thumbnailUrl\":\"https:\\\/\\\/lasentinelle.dz\\\/wp-content\\\/uploads\\\/2025\\\/02\\\/Union-africaine.webp\",\"datePublished\":\"2025-12-15T18:24:18+00:00\",\"dateModified\":\"2025-12-15T18:24:19+00:00\",\"breadcrumb\":{\"@id\":\"https:\\\/\\\/lasentinelle.dz\\\/index.php\\\/2025\\\/12\\\/15\\\/soudan-lua-condamne-une-attaque-meurtriere-contre-des-casques-bleus-a-kadugli\\\/#breadcrumb\"},\"inLanguage\":\"fr-FR\",\"potentialAction\":[{\"@type\":\"ReadAction\",\"target\":[\"https:\\\/\\\/lasentinelle.dz\\\/index.php\\\/2025\\\/12\\\/15\\\/soudan-lua-condamne-une-attaque-meurtriere-contre-des-casques-bleus-a-kadugli\\\/\"]}]},{\"@type\":\"ImageObject\",\"inLanguage\":\"fr-FR\",\"@id\":\"https:\\\/\\\/lasentinelle.dz\\\/index.php\\\/2025\\\/12\\\/15\\\/soudan-lua-condamne-une-attaque-meurtriere-contre-des-casques-bleus-a-kadugli\\\/#primaryimage\",\"url\":\"https:\\\/\\\/lasentinelle.dz\\\/wp-content\\\/uploads\\\/2025\\\/02\\\/Union-africaine.webp\",\"contentUrl\":\"https:\\\/\\\/lasentinelle.dz\\\/wp-content\\\/uploads\\\/2025\\\/02\\\/Union-africaine.webp\",\"width\":900,\"height\":675},{\"@type\":\"BreadcrumbList\",\"@id\":\"https:\\\/\\\/lasentinelle.dz\\\/index.php\\\/2025\\\/12\\\/15\\\/soudan-lua-condamne-une-attaque-meurtriere-contre-des-casques-bleus-a-kadugli\\\/#breadcrumb\",\"itemListElement\":[{\"@type\":\"ListItem\",\"position\":1,\"name\":\"Accueil\",\"item\":\"https:\\\/\\\/lasentinelle.dz\\\/\"},{\"@type\":\"ListItem\",\"position\":2,\"name\":\"Soudan\u00a0: L\u2019UA\u00a0condamne une attaque meurtri\u00e8re contre des Casques bleus \u00e0 Kadugli\"}]},{\"@type\":\"WebSite\",\"@id\":\"https:\\\/\\\/lasentinelle.dz\\\/#website\",\"url\":\"https:\\\/\\\/lasentinelle.dz\\\/\",\"name\":\"La Sentinelle\",\"description\":\"Quotidien national d&#039;information\",\"publisher\":{\"@id\":\"https:\\\/\\\/lasentinelle.dz\\\/#organization\"},\"potentialAction\":[{\"@type\":\"SearchAction\",\"target\":{\"@type\":\"EntryPoint\",\"urlTemplate\":\"https:\\\/\\\/lasentinelle.dz\\\/?s={search_term_string}\"},\"query-input\":{\"@type\":\"PropertyValueSpecification\",\"valueRequired\":true,\"valueName\":\"search_term_string\"}}],\"inLanguage\":\"fr-FR\"},{\"@type\":\"Organization\",\"@id\":\"https:\\\/\\\/lasentinelle.dz\\\/#organization\",\"name\":\"Quotidien La Sentinelle\",\"url\":\"https:\\\/\\\/lasentinelle.dz\\\/\",\"logo\":{\"@type\":\"ImageObject\",\"inLanguage\":\"fr-FR\",\"@id\":\"https:\\\/\\\/lasentinelle.dz\\\/#\\\/schema\\\/logo\\\/image\\\/\",\"url\":\"https:\\\/\\\/lasentinelle.dz\\\/wp-content\\\/uploads\\\/2021\\\/09\\\/logo-sentinelleSLOGAN-1.png\",\"contentUrl\":\"https:\\\/\\\/lasentinelle.dz\\\/wp-content\\\/uploads\\\/2021\\\/09\\\/logo-sentinelleSLOGAN-1.png\",\"width\":615,\"height\":142,\"caption\":\"Quotidien La Sentinelle\"},\"image\":{\"@id\":\"https:\\\/\\\/lasentinelle.dz\\\/#\\\/schema\\\/logo\\\/image\\\/\"},\"sameAs\":[\"https:\\\/\\\/www.facebook.com\\\/La-Sentinelle-104059864394773\"]},{\"@type\":\"Person\",\"@id\":\"https:\\\/\\\/lasentinelle.dz\\\/#\\\/schema\\\/person\\\/729ee0024f24e0b8c5ec17232f8e8b41\",\"name\":\"admin\",\"image\":{\"@type\":\"ImageObject\",\"inLanguage\":\"fr-FR\",\"@id\":\"https:\\\/\\\/secure.gravatar.com\\\/avatar\\\/4c81fed838786e9b53f540bf46533e750f5d292099ae3b66cfc6fb1982e29df7?s=96&d=mm&r=g\",\"url\":\"https:\\\/\\\/secure.gravatar.com\\\/avatar\\\/4c81fed838786e9b53f540bf46533e750f5d292099ae3b66cfc6fb1982e29df7?s=96&d=mm&r=g\",\"contentUrl\":\"https:\\\/\\\/secure.gravatar.com\\\/avatar\\\/4c81fed838786e9b53f540bf46533e750f5d292099ae3b66cfc6fb1982e29df7?s=96&d=mm&r=g\",\"caption\":\"admin\"},\"description\":\"admin\",\"url\":\"https:\\\/\\\/lasentinelle.dz\\\/author\\\/admin\\\/\"}]}<\/script>\n<!-- \/ Yoast SEO plugin. -->","yoast_head_json":{"title":"Soudan\u00a0: L\u2019UA\u00a0condamne une attaque meurtri\u00e8re contre des Casques bleus \u00e0 Kadugli - La Sentinelle","robots":{"index":"index","follow":"follow","max-snippet":"max-snippet:-1","max-image-preview":"max-image-preview:large","max-video-preview":"max-video-preview:-1"},"canonical":"https:\/\/lasentinelle.dz\/index.php\/2025\/12\/15\/soudan-lua-condamne-une-attaque-meurtriere-contre-des-casques-bleus-a-kadugli\/","og_locale":"fr_FR","og_type":"article","og_title":"Soudan\u00a0: L\u2019UA\u00a0condamne une attaque meurtri\u00e8re contre des Casques bleus \u00e0 Kadugli - La Sentinelle","og_description":"Le pr\u00e9sident de la Commission de l&rsquo;Union africaine, Mahmoud Ali Youssouf, a condamn\u00e9 fermement l&rsquo;attaque meurtri\u00e8re perp\u00e9tr\u00e9e par drone contre","og_url":"https:\/\/lasentinelle.dz\/index.php\/2025\/12\/15\/soudan-lua-condamne-une-attaque-meurtriere-contre-des-casques-bleus-a-kadugli\/","og_site_name":"La Sentinelle","article_publisher":"https:\/\/www.facebook.com\/La-Sentinelle-104059864394773","article_published_time":"2025-12-15T18:24:18+00:00","article_modified_time":"2025-12-15T18:24:19+00:00","og_image":[{"width":900,"height":675,"url":"https:\/\/lasentinelle.dz\/wp-content\/uploads\/2025\/02\/Union-africaine.webp","type":"image\/webp"}],"author":"admin","twitter_card":"summary_large_image","twitter_misc":{"\u00c9crit par":"admin","Dur\u00e9e de lecture estim\u00e9e":"4 minutes"},"schema":{"@context":"https:\/\/schema.org","@graph":[{"@type":"Article","@id":"https:\/\/lasentinelle.dz\/index.php\/2025\/12\/15\/soudan-lua-condamne-une-attaque-meurtriere-contre-des-casques-bleus-a-kadugli\/#article","isPartOf":{"@id":"https:\/\/lasentinelle.dz\/index.php\/2025\/12\/15\/soudan-lua-condamne-une-attaque-meurtriere-contre-des-casques-bleus-a-kadugli\/"},"author":{"name":"admin","@id":"https:\/\/lasentinelle.dz\/#\/schema\/person\/729ee0024f24e0b8c5ec17232f8e8b41"},"headline":"Soudan\u00a0: L\u2019UA\u00a0condamne une attaque meurtri\u00e8re contre des Casques bleus \u00e0 Kadugli","datePublished":"2025-12-15T18:24:18+00:00","dateModified":"2025-12-15T18:24:19+00:00","mainEntityOfPage":{"@id":"https:\/\/lasentinelle.dz\/index.php\/2025\/12\/15\/soudan-lua-condamne-une-attaque-meurtriere-contre-des-casques-bleus-a-kadugli\/"},"wordCount":640,"commentCount":0,"publisher":{"@id":"https:\/\/lasentinelle.dz\/#organization"},"image":{"@id":"https:\/\/lasentinelle.dz\/index.php\/2025\/12\/15\/soudan-lua-condamne-une-attaque-meurtriere-contre-des-casques-bleus-a-kadugli\/#primaryimage"},"thumbnailUrl":"https:\/\/lasentinelle.dz\/wp-content\/uploads\/2025\/02\/Union-africaine.webp","articleSection":["Monde"],"inLanguage":"fr-FR","potentialAction":[{"@type":"CommentAction","name":"Comment","target":["https:\/\/lasentinelle.dz\/index.php\/2025\/12\/15\/soudan-lua-condamne-une-attaque-meurtriere-contre-des-casques-bleus-a-kadugli\/#respond"]}]},{"@type":"WebPage","@id":"https:\/\/lasentinelle.dz\/index.php\/2025\/12\/15\/soudan-lua-condamne-une-attaque-meurtriere-contre-des-casques-bleus-a-kadugli\/","url":"https:\/\/lasentinelle.dz\/index.php\/2025\/12\/15\/soudan-lua-condamne-une-attaque-meurtriere-contre-des-casques-bleus-a-kadugli\/","name":"Soudan\u00a0: L\u2019UA\u00a0condamne une attaque meurtri\u00e8re contre des Casques bleus \u00e0 Kadugli - La Sentinelle","isPartOf":{"@id":"https:\/\/lasentinelle.dz\/#website"},"primaryImageOfPage":{"@id":"https:\/\/lasentinelle.dz\/index.php\/2025\/12\/15\/soudan-lua-condamne-une-attaque-meurtriere-contre-des-casques-bleus-a-kadugli\/#primaryimage"},"image":{"@id":"https:\/\/lasentinelle.dz\/index.php\/2025\/12\/15\/soudan-lua-condamne-une-attaque-meurtriere-contre-des-casques-bleus-a-kadugli\/#primaryimage"},"thumbnailUrl":"https:\/\/lasentinelle.dz\/wp-content\/uploads\/2025\/02\/Union-africaine.webp","datePublished":"2025-12-15T18:24:18+00:00","dateModified":"2025-12-15T18:24:19+00:00","breadcrumb":{"@id":"https:\/\/lasentinelle.dz\/index.php\/2025\/12\/15\/soudan-lua-condamne-une-attaque-meurtriere-contre-des-casques-bleus-a-kadugli\/#breadcrumb"},"inLanguage":"fr-FR","potentialAction":[{"@type":"ReadAction","target":["https:\/\/lasentinelle.dz\/index.php\/2025\/12\/15\/soudan-lua-condamne-une-attaque-meurtriere-contre-des-casques-bleus-a-kadugli\/"]}]},{"@type":"ImageObject","inLanguage":"fr-FR","@id":"https:\/\/lasentinelle.dz\/index.php\/2025\/12\/15\/soudan-lua-condamne-une-attaque-meurtriere-contre-des-casques-bleus-a-kadugli\/#primaryimage","url":"https:\/\/lasentinelle.dz\/wp-content\/uploads\/2025\/02\/Union-africaine.webp","contentUrl":"https:\/\/lasentinelle.dz\/wp-content\/uploads\/2025\/02\/Union-africaine.webp","width":900,"height":675},{"@type":"BreadcrumbList","@id":"https:\/\/lasentinelle.dz\/index.php\/2025\/12\/15\/soudan-lua-condamne-une-attaque-meurtriere-contre-des-casques-bleus-a-kadugli\/#breadcrumb","itemListElement":[{"@type":"ListItem","position":1,"name":"Accueil","item":"https:\/\/lasentinelle.dz\/"},{"@type":"ListItem","position":2,"name":"Soudan\u00a0: L\u2019UA\u00a0condamne une attaque meurtri\u00e8re contre des Casques bleus \u00e0 Kadugli"}]},{"@type":"WebSite","@id":"https:\/\/lasentinelle.dz\/#website","url":"https:\/\/lasentinelle.dz\/","name":"La Sentinelle","description":"Quotidien national d&#039;information","publisher":{"@id":"https:\/\/lasentinelle.dz\/#organization"},"potentialAction":[{"@type":"SearchAction","target":{"@type":"EntryPoint","urlTemplate":"https:\/\/lasentinelle.dz\/?s={search_term_string}"},"query-input":{"@type":"PropertyValueSpecification","valueRequired":true,"valueName":"search_term_string"}}],"inLanguage":"fr-FR"},{"@type":"Organization","@id":"https:\/\/lasentinelle.dz\/#organization","name":"Quotidien La Sentinelle","url":"https:\/\/lasentinelle.dz\/","logo":{"@type":"ImageObject","inLanguage":"fr-FR","@id":"https:\/\/lasentinelle.dz\/#\/schema\/logo\/image\/","url":"https:\/\/lasentinelle.dz\/wp-content\/uploads\/2021\/09\/logo-sentinelleSLOGAN-1.png","contentUrl":"https:\/\/lasentinelle.dz\/wp-content\/uploads\/2021\/09\/logo-sentinelleSLOGAN-1.png","width":615,"height":142,"caption":"Quotidien La Sentinelle"},"image":{"@id":"https:\/\/lasentinelle.dz\/#\/schema\/logo\/image\/"},"sameAs":["https:\/\/www.facebook.com\/La-Sentinelle-104059864394773"]},{"@type":"Person","@id":"https:\/\/lasentinelle.dz\/#\/schema\/person\/729ee0024f24e0b8c5ec17232f8e8b41","name":"admin","image":{"@type":"ImageObject","inLanguage":"fr-FR","@id":"https:\/\/secure.gravatar.com\/avatar\/4c81fed838786e9b53f540bf46533e750f5d292099ae3b66cfc6fb1982e29df7?s=96&d=mm&r=g","url":"https:\/\/secure.gravatar.com\/avatar\/4c81fed838786e9b53f540bf46533e750f5d292099ae3b66cfc6fb1982e29df7?s=96&d=mm&r=g","contentUrl":"https:\/\/secure.gravatar.com\/avatar\/4c81fed838786e9b53f540bf46533e750f5d292099ae3b66cfc6fb1982e29df7?s=96&d=mm&r=g","caption":"admin"},"description":"admin","url":"https:\/\/lasentinelle.dz\/author\/admin\/"}]}},"_links":{"self":[{"href":"https:\/\/lasentinelle.dz\/index.php\/wp-json\/wp\/v2\/posts\/77841","targetHints":{"allow":["GET"]}}],"collection":[{"href":"https:\/\/lasentinelle.dz\/index.php\/wp-json\/wp\/v2\/posts"}],"about":[{"href":"https:\/\/lasentinelle.dz\/index.php\/wp-json\/wp\/v2\/types\/post"}],"author":[{"embeddable":true,"href":"https:\/\/lasentinelle.dz\/index.php\/wp-json\/wp\/v2\/users\/6"}],"replies":[{"embeddable":true,"href":"https:\/\/lasentinelle.dz\/index.php\/wp-json\/wp\/v2\/comments?post=77841"}],"version-history":[{"count":1,"href":"https:\/\/lasentinelle.dz\/index.php\/wp-json\/wp\/v2\/posts\/77841\/revisions"}],"predecessor-version":[{"id":77842,"href":"https:\/\/lasentinelle.dz\/index.php\/wp-json\/wp\/v2\/posts\/77841\/revisions\/77842"}],"wp:featuredmedia":[{"embeddable":true,"href":"https:\/\/lasentinelle.dz\/index.php\/wp-json\/wp\/v2\/media\/63237"}],"wp:attachment":[{"href":"https:\/\/lasentinelle.dz\/index.php\/wp-json\/wp\/v2\/media?parent=77841"}],"wp:term":[{"taxonomy":"category","embeddable":true,"href":"https:\/\/lasentinelle.dz\/index.php\/wp-json\/wp\/v2\/categories?post=77841"},{"taxonomy":"post_tag","embeddable":true,"href":"https:\/\/lasentinelle.dz\/index.php\/wp-json\/wp\/v2\/tags?post=77841"}],"curies":[{"name":"wp","href":"https:\/\/api.w.org\/{rel}","templated":true}]}}