{"id":77843,"date":"2025-12-15T19:25:31","date_gmt":"2025-12-15T18:25:31","guid":{"rendered":"https:\/\/lasentinelle.dz\/?p=77843"},"modified":"2025-12-15T19:25:32","modified_gmt":"2025-12-15T18:25:32","slug":"ghaza-lagression-sioniste-sintensifie","status":"publish","type":"post","link":"https:\/\/lasentinelle.dz\/index.php\/2025\/12\/15\/ghaza-lagression-sioniste-sintensifie\/","title":{"rendered":"Ghaza\u00a0:\u00a0L&rsquo;agression sioniste s&rsquo;intensifie\u00a0"},"content":{"rendered":"\n<p>Les infrastructures m\u00e9dicales au bord de l&rsquo;effondrement alors que le bilan d\u00e9passe les 70.000 martyrs.<\/p>\n\n\n\n<p>L\u2019agression g\u00e9nocidaire sioniste&nbsp;contre la bande de Ghaza se poursuit avec une intensit\u00e9 alarmante,&nbsp;maintenant&nbsp;l&rsquo;enclave palestinienne dans une spirale de destruction et de souffrance humaine sans pr\u00e9c\u00e9dent. Les forces d&rsquo;occupation ont lanc\u00e9 une nouvelle s\u00e9rie de frappes a\u00e9riennes contre la ville de Rafah, situ\u00e9e au sud de la bande, accompagn\u00e9es de tirs nourris de v\u00e9hicules militaires d\u00e9ploy\u00e9s dans le secteur nord, cr\u00e9ant un climat de terreur parmi la population civile. Simultan\u00e9ment, l&rsquo;artillerie de l&rsquo;occupation a bombard\u00e9 l&rsquo;est du camp de r\u00e9fugi\u00e9s d&rsquo;al-Bureij, au centre de l&rsquo;enclave, tandis que des v\u00e9hicules militaires ont ouvert un feu intensif pr\u00e8s du rond-point d&rsquo;Abou Hamid, au c\u0153ur de Khan Younis.<\/p>\n\n\n\n<p>Dans ce contexte de violence syst\u00e9matique, les \u00e9quipes de la D\u00e9fense civile de la ville de Ghaza ont r\u00e9ussi \u00e0 extraire quatorze corps de martyrs des d\u00e9combres de la maison de la famille Salem, d\u00e9truite lors des bombardements. Les op\u00e9rations de secours se d\u00e9roulent dans des conditions extr\u00eamement p\u00e9rilleuses, avec des moyens d\u00e9risoires, alors que les sauveteurs s&rsquo;efforcent de pr\u00e9server la dignit\u00e9 des victimes en leur assurant une s\u00e9pulture conforme. Cette sc\u00e8ne tragique se r\u00e9p\u00e8te quotidiennement \u00e0 travers toute l&rsquo;enclave, o\u00f9 de nombreuses victimes demeurent ensevelies sous les ruines, hors de port\u00e9e des \u00e9quipes de secours et d&rsquo;ambulances.<\/p>\n\n\n\n<p>Le syst\u00e8me de sant\u00e9 palestinien, d\u00e9j\u00e0 exsangue, fait face \u00e0 un effondrement imminent. Les maladies infectieuses, particuli\u00e8rement celles affectant les syst\u00e8mes respiratoire et digestif, se propagent de mani\u00e8re alarmante parmi les enfants, exer\u00e7ant une pression insoutenable sur les \u00e9tablissements sanitaires. Les autorit\u00e9s comp\u00e9tentes r\u00e9v\u00e8lent que le nombre de patients d\u00e9passe la capacit\u00e9 hospitali\u00e8re d&rsquo;environ quatre fois le nombre de lits disponibles, une situation qui t\u00e9moigne de l&rsquo;ampleur de la catastrophe humanitaire. La porte-parole du Comit\u00e9 international de la Croix-Rouge a d&rsquo;ailleurs soulign\u00e9 l&rsquo;urgence d&rsquo;une intervention imm\u00e9diate, notamment face \u00e0 la poursuite des pr\u00e9cipitations qui aggravent les conditions de vie des personnes d\u00e9plac\u00e9es.<\/p>\n\n\n\n<p>Le bilan humain de cette agression g\u00e9nocidaire atteint d\u00e9sormais des proportions effroyables. Selon les autorit\u00e9s sanitaires palestiniennes, le nombre de martyrs s&rsquo;\u00e9l\u00e8ve \u00e0 70 665, dont une majorit\u00e9 \u00e9crasante d&rsquo;enfants et de femmes, depuis le d\u00e9clenchement de&nbsp;l\u2019agression g\u00e9nocidaire&nbsp;le 7 octobre 2023. Le nombre de bless\u00e9s a quant \u00e0 lui atteint 171 145 personnes. Au cours des derni\u00e8res&nbsp;24&nbsp;heures seulement, deux martyrs et six bless\u00e9s ont \u00e9t\u00e9 admis dans les h\u00f4pitaux de l&rsquo;enclave. Depuis l&rsquo;entr\u00e9e en vigueur du cessez-le-feu en octobre dernier, dont la fragilit\u00e9 ne cesse d&rsquo;\u00eatre d\u00e9montr\u00e9e, 393 Palestiniens sont tomb\u00e9s en martyrs et 1 068 autres ont \u00e9t\u00e9 bless\u00e9s, tandis que 632 corps ont pu \u00eatre r\u00e9cup\u00e9r\u00e9s.<\/p>\n\n\n\n<p>Au-del\u00e0 des pertes humaines, la destruction mat\u00e9rielle atteint des niveaux apocalyptiques.<\/p>\n\n\n\n<p><strong>70% des b\u00e2tisses d\u00e9truites<\/strong><\/p>\n\n\n\n<p>Le ministre palestinien des Travaux publics et du Logement, Ahed Fa\u00efq Bseisso, a r\u00e9v\u00e9l\u00e9 lors du sixi\u00e8me Forum minist\u00e9riel arabe sur le logement et le d\u00e9veloppement urbain durable, tenu \u00e0 Doha, que pr\u00e8s de 70&nbsp;%du secteur r\u00e9sidentiel de Ghaza a \u00e9t\u00e9 totalement d\u00e9truit ou rendu inhabitable. Cette d\u00e9vastation laisse plus de 1,7 million de personnes d\u00e9plac\u00e9es sans abri, dans des conditions humanitaires extr\u00eamement pr\u00e9caires. Plus de 300 000 unit\u00e9s de logement ont \u00e9t\u00e9 enti\u00e8rement an\u00e9anties, n\u00e9cessitant une reconstruction fond\u00e9e sur une planification urbaine globale plut\u00f4t que sur des solutions improvis\u00e9es.<\/p>\n\n\n\n<p>Le ministre a \u00e9galement soulign\u00e9 que le volume des d\u00e9combres \u00e0 Ghaza d\u00e9passe 60 millions de tonnes, entravant le retour des populations et dissimulant sous les ruines des quartiers entiers. Les infrastructures essentielles d&rsquo;eau, d&rsquo;\u00e9lectricit\u00e9 et d&rsquo;assainissement ont \u00e9t\u00e9 massivement d\u00e9truites, aggravant davantage la crise humanitaire.&nbsp;<\/p>\n\n\n\n<p>Sur le plan diplomatique, la ministre palestinienne des Affaires \u00e9trang\u00e8res et des Expatri\u00e9s, Varsen Aghbekian Shahine, actuellement en visite au Ghana, a appel\u00e9 \u00e0 des efforts coordonn\u00e9s et \u00e0 un renforcement du travail diplomatique pour faire entendre la voix du peuple palestinien. Elle a \u00e9galement \u00e9voqu\u00e9 la situation dramatique des prisonniers dans les ge\u00f4les de l&rsquo;occupation, document\u00e9e par les r\u00e9cents rapports des Nations unies qui r\u00e9v\u00e8lent de graves violations, incluant des t\u00e9moignages de torture et d&rsquo;agressions sexuelles.<\/p>\n\n\n\n<p>La ministre a insist\u00e9 sur le fait que la paix ne peut \u00eatre r\u00e9alis\u00e9e sans que justice soit rendue au peuple palestinien, appelant l&rsquo;\u00c9glise \u00e0 continuer de jouer un r\u00f4le actif dans la d\u00e9fense de la v\u00e9rit\u00e9. Un congr\u00e8s international, sous l&rsquo;\u00e9gide de la Banque mondiale, se tiendra prochainement afin de cr\u00e9er un fonds sp\u00e9cial pour la reconstruction de Ghaza.&nbsp;<\/p>\n\n\n\n<p>Lyes Sa\u00eedi<\/p>\n","protected":false},"excerpt":{"rendered":"<p>Les infrastructures m\u00e9dicales au bord de l&rsquo;effondrement alors que le bilan d\u00e9passe les 70.000 martyrs. L\u2019agression g\u00e9nocidaire sioniste&nbsp;contre la bande<\/p>\n","protected":false},"author":6,"featured_media":77844,"comment_status":"open","ping_status":"closed","sticky":false,"template":"","format":"standard","meta":{"colormag_page_container_layout":"default_layout","colormag_page_sidebar_layout":"default_layout","om_disable_all_campaigns":false,"_monsterinsights_skip_tracking":false,"_monsterinsights_sitenote_active":false,"_monsterinsights_sitenote_note":"","_monsterinsights_sitenote_category":0,"footnotes":"","_wpscppro_dont_share_socialmedia":false,"_wpscppro_custom_social_share_image":0,"_facebook_share_type":"default","_twitter_share_type":"default","_linkedin_share_type":"default","_pinterest_share_type":"default","_linkedin_share_type_page":"","_instagram_share_type":"default","_medium_share_type":"default","_threads_share_type":"default","_google_business_share_type":"default","_selected_social_profile":[],"_wpsp_enable_custom_social_template":false,"_wpsp_social_scheduling":{"enabled":false,"datetime":null,"platforms":[],"status":"template_only","dateOption":"today","timeOption":"now","customDays":"","customHours":"","customDate":"","customTime":"","schedulingType":"absolute"},"_wpsp_active_default_template":true},"categories":[37],"tags":[],"class_list":["post-77843","post","type-post","status-publish","format-standard","has-post-thumbnail","hentry","category-monde"],"aioseo_notices":[],"yoast_head":"<!-- This site is optimized with the Yoast SEO plugin v27.5 - https:\/\/yoast.com\/product\/yoast-seo-wordpress\/ -->\n<title>Ghaza\u00a0:\u00a0L&rsquo;agression sioniste s&rsquo;intensifie\u00a0 - La Sentinelle<\/title>\n<meta name=\"robots\" content=\"index, follow, max-snippet:-1, max-image-preview:large, max-video-preview:-1\" \/>\n<link rel=\"canonical\" href=\"https:\/\/lasentinelle.dz\/index.php\/2025\/12\/15\/ghaza-lagression-sioniste-sintensifie\/\" \/>\n<meta property=\"og:locale\" content=\"fr_FR\" \/>\n<meta property=\"og:type\" content=\"article\" \/>\n<meta property=\"og:title\" content=\"Ghaza\u00a0:\u00a0L&rsquo;agression sioniste s&rsquo;intensifie\u00a0 - La Sentinelle\" \/>\n<meta property=\"og:description\" content=\"Les infrastructures m\u00e9dicales au bord de l&rsquo;effondrement alors que le bilan d\u00e9passe les 70.000 martyrs. L\u2019agression g\u00e9nocidaire sioniste&nbsp;contre la bande\" \/>\n<meta property=\"og:url\" content=\"https:\/\/lasentinelle.dz\/index.php\/2025\/12\/15\/ghaza-lagression-sioniste-sintensifie\/\" \/>\n<meta property=\"og:site_name\" content=\"La Sentinelle\" \/>\n<meta property=\"article:publisher\" content=\"https:\/\/www.facebook.com\/La-Sentinelle-104059864394773\" \/>\n<meta property=\"article:published_time\" content=\"2025-12-15T18:25:31+00:00\" \/>\n<meta property=\"article:modified_time\" content=\"2025-12-15T18:25:32+00:00\" \/>\n<meta property=\"og:image\" content=\"https:\/\/lasentinelle.dz\/wp-content\/uploads\/2025\/12\/Ghaza-1.jpeg\" \/>\n\t<meta property=\"og:image:width\" content=\"594\" \/>\n\t<meta property=\"og:image:height\" content=\"396\" \/>\n\t<meta property=\"og:image:type\" content=\"image\/jpeg\" \/>\n<meta name=\"author\" content=\"admin\" \/>\n<meta name=\"twitter:card\" content=\"summary_large_image\" \/>\n<meta name=\"twitter:label1\" content=\"\u00c9crit par\" \/>\n\t<meta name=\"twitter:data1\" content=\"admin\" \/>\n\t<meta name=\"twitter:label2\" content=\"Dur\u00e9e de lecture estim\u00e9e\" \/>\n\t<meta name=\"twitter:data2\" content=\"4 minutes\" \/>\n<script type=\"application\/ld+json\" class=\"yoast-schema-graph\">{\"@context\":\"https:\\\/\\\/schema.org\",\"@graph\":[{\"@type\":\"Article\",\"@id\":\"https:\\\/\\\/lasentinelle.dz\\\/index.php\\\/2025\\\/12\\\/15\\\/ghaza-lagression-sioniste-sintensifie\\\/#article\",\"isPartOf\":{\"@id\":\"https:\\\/\\\/lasentinelle.dz\\\/index.php\\\/2025\\\/12\\\/15\\\/ghaza-lagression-sioniste-sintensifie\\\/\"},\"author\":{\"name\":\"admin\",\"@id\":\"https:\\\/\\\/lasentinelle.dz\\\/#\\\/schema\\\/person\\\/729ee0024f24e0b8c5ec17232f8e8b41\"},\"headline\":\"Ghaza\u00a0:\u00a0L&rsquo;agression sioniste s&rsquo;intensifie\u00a0\",\"datePublished\":\"2025-12-15T18:25:31+00:00\",\"dateModified\":\"2025-12-15T18:25:32+00:00\",\"mainEntityOfPage\":{\"@id\":\"https:\\\/\\\/lasentinelle.dz\\\/index.php\\\/2025\\\/12\\\/15\\\/ghaza-lagression-sioniste-sintensifie\\\/\"},\"wordCount\":860,\"commentCount\":0,\"publisher\":{\"@id\":\"https:\\\/\\\/lasentinelle.dz\\\/#organization\"},\"image\":{\"@id\":\"https:\\\/\\\/lasentinelle.dz\\\/index.php\\\/2025\\\/12\\\/15\\\/ghaza-lagression-sioniste-sintensifie\\\/#primaryimage\"},\"thumbnailUrl\":\"https:\\\/\\\/lasentinelle.dz\\\/wp-content\\\/uploads\\\/2025\\\/12\\\/Ghaza-1.jpeg\",\"articleSection\":[\"Monde\"],\"inLanguage\":\"fr-FR\",\"potentialAction\":[{\"@type\":\"CommentAction\",\"name\":\"Comment\",\"target\":[\"https:\\\/\\\/lasentinelle.dz\\\/index.php\\\/2025\\\/12\\\/15\\\/ghaza-lagression-sioniste-sintensifie\\\/#respond\"]}]},{\"@type\":\"WebPage\",\"@id\":\"https:\\\/\\\/lasentinelle.dz\\\/index.php\\\/2025\\\/12\\\/15\\\/ghaza-lagression-sioniste-sintensifie\\\/\",\"url\":\"https:\\\/\\\/lasentinelle.dz\\\/index.php\\\/2025\\\/12\\\/15\\\/ghaza-lagression-sioniste-sintensifie\\\/\",\"name\":\"Ghaza\u00a0:\u00a0L&rsquo;agression sioniste s&rsquo;intensifie\u00a0 - La Sentinelle\",\"isPartOf\":{\"@id\":\"https:\\\/\\\/lasentinelle.dz\\\/#website\"},\"primaryImageOfPage\":{\"@id\":\"https:\\\/\\\/lasentinelle.dz\\\/index.php\\\/2025\\\/12\\\/15\\\/ghaza-lagression-sioniste-sintensifie\\\/#primaryimage\"},\"image\":{\"@id\":\"https:\\\/\\\/lasentinelle.dz\\\/index.php\\\/2025\\\/12\\\/15\\\/ghaza-lagression-sioniste-sintensifie\\\/#primaryimage\"},\"thumbnailUrl\":\"https:\\\/\\\/lasentinelle.dz\\\/wp-content\\\/uploads\\\/2025\\\/12\\\/Ghaza-1.jpeg\",\"datePublished\":\"2025-12-15T18:25:31+00:00\",\"dateModified\":\"2025-12-15T18:25:32+00:00\",\"breadcrumb\":{\"@id\":\"https:\\\/\\\/lasentinelle.dz\\\/index.php\\\/2025\\\/12\\\/15\\\/ghaza-lagression-sioniste-sintensifie\\\/#breadcrumb\"},\"inLanguage\":\"fr-FR\",\"potentialAction\":[{\"@type\":\"ReadAction\",\"target\":[\"https:\\\/\\\/lasentinelle.dz\\\/index.php\\\/2025\\\/12\\\/15\\\/ghaza-lagression-sioniste-sintensifie\\\/\"]}]},{\"@type\":\"ImageObject\",\"inLanguage\":\"fr-FR\",\"@id\":\"https:\\\/\\\/lasentinelle.dz\\\/index.php\\\/2025\\\/12\\\/15\\\/ghaza-lagression-sioniste-sintensifie\\\/#primaryimage\",\"url\":\"https:\\\/\\\/lasentinelle.dz\\\/wp-content\\\/uploads\\\/2025\\\/12\\\/Ghaza-1.jpeg\",\"contentUrl\":\"https:\\\/\\\/lasentinelle.dz\\\/wp-content\\\/uploads\\\/2025\\\/12\\\/Ghaza-1.jpeg\",\"width\":594,\"height\":396},{\"@type\":\"BreadcrumbList\",\"@id\":\"https:\\\/\\\/lasentinelle.dz\\\/index.php\\\/2025\\\/12\\\/15\\\/ghaza-lagression-sioniste-sintensifie\\\/#breadcrumb\",\"itemListElement\":[{\"@type\":\"ListItem\",\"position\":1,\"name\":\"Accueil\",\"item\":\"https:\\\/\\\/lasentinelle.dz\\\/\"},{\"@type\":\"ListItem\",\"position\":2,\"name\":\"Ghaza\u00a0:\u00a0L&rsquo;agression sioniste s&rsquo;intensifie\u00a0\"}]},{\"@type\":\"WebSite\",\"@id\":\"https:\\\/\\\/lasentinelle.dz\\\/#website\",\"url\":\"https:\\\/\\\/lasentinelle.dz\\\/\",\"name\":\"La Sentinelle\",\"description\":\"Quotidien national d&#039;information\",\"publisher\":{\"@id\":\"https:\\\/\\\/lasentinelle.dz\\\/#organization\"},\"potentialAction\":[{\"@type\":\"SearchAction\",\"target\":{\"@type\":\"EntryPoint\",\"urlTemplate\":\"https:\\\/\\\/lasentinelle.dz\\\/?s={search_term_string}\"},\"query-input\":{\"@type\":\"PropertyValueSpecification\",\"valueRequired\":true,\"valueName\":\"search_term_string\"}}],\"inLanguage\":\"fr-FR\"},{\"@type\":\"Organization\",\"@id\":\"https:\\\/\\\/lasentinelle.dz\\\/#organization\",\"name\":\"Quotidien La Sentinelle\",\"url\":\"https:\\\/\\\/lasentinelle.dz\\\/\",\"logo\":{\"@type\":\"ImageObject\",\"inLanguage\":\"fr-FR\",\"@id\":\"https:\\\/\\\/lasentinelle.dz\\\/#\\\/schema\\\/logo\\\/image\\\/\",\"url\":\"https:\\\/\\\/lasentinelle.dz\\\/wp-content\\\/uploads\\\/2021\\\/09\\\/logo-sentinelleSLOGAN-1.png\",\"contentUrl\":\"https:\\\/\\\/lasentinelle.dz\\\/wp-content\\\/uploads\\\/2021\\\/09\\\/logo-sentinelleSLOGAN-1.png\",\"width\":615,\"height\":142,\"caption\":\"Quotidien La Sentinelle\"},\"image\":{\"@id\":\"https:\\\/\\\/lasentinelle.dz\\\/#\\\/schema\\\/logo\\\/image\\\/\"},\"sameAs\":[\"https:\\\/\\\/www.facebook.com\\\/La-Sentinelle-104059864394773\"]},{\"@type\":\"Person\",\"@id\":\"https:\\\/\\\/lasentinelle.dz\\\/#\\\/schema\\\/person\\\/729ee0024f24e0b8c5ec17232f8e8b41\",\"name\":\"admin\",\"image\":{\"@type\":\"ImageObject\",\"inLanguage\":\"fr-FR\",\"@id\":\"https:\\\/\\\/secure.gravatar.com\\\/avatar\\\/4c81fed838786e9b53f540bf46533e750f5d292099ae3b66cfc6fb1982e29df7?s=96&d=mm&r=g\",\"url\":\"https:\\\/\\\/secure.gravatar.com\\\/avatar\\\/4c81fed838786e9b53f540bf46533e750f5d292099ae3b66cfc6fb1982e29df7?s=96&d=mm&r=g\",\"contentUrl\":\"https:\\\/\\\/secure.gravatar.com\\\/avatar\\\/4c81fed838786e9b53f540bf46533e750f5d292099ae3b66cfc6fb1982e29df7?s=96&d=mm&r=g\",\"caption\":\"admin\"},\"description\":\"admin\",\"url\":\"https:\\\/\\\/lasentinelle.dz\\\/author\\\/admin\\\/\"}]}<\/script>\n<!-- \/ Yoast SEO plugin. -->","yoast_head_json":{"title":"Ghaza\u00a0:\u00a0L&rsquo;agression sioniste s&rsquo;intensifie\u00a0 - La Sentinelle","robots":{"index":"index","follow":"follow","max-snippet":"max-snippet:-1","max-image-preview":"max-image-preview:large","max-video-preview":"max-video-preview:-1"},"canonical":"https:\/\/lasentinelle.dz\/index.php\/2025\/12\/15\/ghaza-lagression-sioniste-sintensifie\/","og_locale":"fr_FR","og_type":"article","og_title":"Ghaza\u00a0:\u00a0L&rsquo;agression sioniste s&rsquo;intensifie\u00a0 - La Sentinelle","og_description":"Les infrastructures m\u00e9dicales au bord de l&rsquo;effondrement alors que le bilan d\u00e9passe les 70.000 martyrs. L\u2019agression g\u00e9nocidaire sioniste&nbsp;contre la bande","og_url":"https:\/\/lasentinelle.dz\/index.php\/2025\/12\/15\/ghaza-lagression-sioniste-sintensifie\/","og_site_name":"La Sentinelle","article_publisher":"https:\/\/www.facebook.com\/La-Sentinelle-104059864394773","article_published_time":"2025-12-15T18:25:31+00:00","article_modified_time":"2025-12-15T18:25:32+00:00","og_image":[{"width":594,"height":396,"url":"https:\/\/lasentinelle.dz\/wp-content\/uploads\/2025\/12\/Ghaza-1.jpeg","type":"image\/jpeg"}],"author":"admin","twitter_card":"summary_large_image","twitter_misc":{"\u00c9crit par":"admin","Dur\u00e9e de lecture estim\u00e9e":"4 minutes"},"schema":{"@context":"https:\/\/schema.org","@graph":[{"@type":"Article","@id":"https:\/\/lasentinelle.dz\/index.php\/2025\/12\/15\/ghaza-lagression-sioniste-sintensifie\/#article","isPartOf":{"@id":"https:\/\/lasentinelle.dz\/index.php\/2025\/12\/15\/ghaza-lagression-sioniste-sintensifie\/"},"author":{"name":"admin","@id":"https:\/\/lasentinelle.dz\/#\/schema\/person\/729ee0024f24e0b8c5ec17232f8e8b41"},"headline":"Ghaza\u00a0:\u00a0L&rsquo;agression sioniste s&rsquo;intensifie\u00a0","datePublished":"2025-12-15T18:25:31+00:00","dateModified":"2025-12-15T18:25:32+00:00","mainEntityOfPage":{"@id":"https:\/\/lasentinelle.dz\/index.php\/2025\/12\/15\/ghaza-lagression-sioniste-sintensifie\/"},"wordCount":860,"commentCount":0,"publisher":{"@id":"https:\/\/lasentinelle.dz\/#organization"},"image":{"@id":"https:\/\/lasentinelle.dz\/index.php\/2025\/12\/15\/ghaza-lagression-sioniste-sintensifie\/#primaryimage"},"thumbnailUrl":"https:\/\/lasentinelle.dz\/wp-content\/uploads\/2025\/12\/Ghaza-1.jpeg","articleSection":["Monde"],"inLanguage":"fr-FR","potentialAction":[{"@type":"CommentAction","name":"Comment","target":["https:\/\/lasentinelle.dz\/index.php\/2025\/12\/15\/ghaza-lagression-sioniste-sintensifie\/#respond"]}]},{"@type":"WebPage","@id":"https:\/\/lasentinelle.dz\/index.php\/2025\/12\/15\/ghaza-lagression-sioniste-sintensifie\/","url":"https:\/\/lasentinelle.dz\/index.php\/2025\/12\/15\/ghaza-lagression-sioniste-sintensifie\/","name":"Ghaza\u00a0:\u00a0L&rsquo;agression sioniste s&rsquo;intensifie\u00a0 - La Sentinelle","isPartOf":{"@id":"https:\/\/lasentinelle.dz\/#website"},"primaryImageOfPage":{"@id":"https:\/\/lasentinelle.dz\/index.php\/2025\/12\/15\/ghaza-lagression-sioniste-sintensifie\/#primaryimage"},"image":{"@id":"https:\/\/lasentinelle.dz\/index.php\/2025\/12\/15\/ghaza-lagression-sioniste-sintensifie\/#primaryimage"},"thumbnailUrl":"https:\/\/lasentinelle.dz\/wp-content\/uploads\/2025\/12\/Ghaza-1.jpeg","datePublished":"2025-12-15T18:25:31+00:00","dateModified":"2025-12-15T18:25:32+00:00","breadcrumb":{"@id":"https:\/\/lasentinelle.dz\/index.php\/2025\/12\/15\/ghaza-lagression-sioniste-sintensifie\/#breadcrumb"},"inLanguage":"fr-FR","potentialAction":[{"@type":"ReadAction","target":["https:\/\/lasentinelle.dz\/index.php\/2025\/12\/15\/ghaza-lagression-sioniste-sintensifie\/"]}]},{"@type":"ImageObject","inLanguage":"fr-FR","@id":"https:\/\/lasentinelle.dz\/index.php\/2025\/12\/15\/ghaza-lagression-sioniste-sintensifie\/#primaryimage","url":"https:\/\/lasentinelle.dz\/wp-content\/uploads\/2025\/12\/Ghaza-1.jpeg","contentUrl":"https:\/\/lasentinelle.dz\/wp-content\/uploads\/2025\/12\/Ghaza-1.jpeg","width":594,"height":396},{"@type":"BreadcrumbList","@id":"https:\/\/lasentinelle.dz\/index.php\/2025\/12\/15\/ghaza-lagression-sioniste-sintensifie\/#breadcrumb","itemListElement":[{"@type":"ListItem","position":1,"name":"Accueil","item":"https:\/\/lasentinelle.dz\/"},{"@type":"ListItem","position":2,"name":"Ghaza\u00a0:\u00a0L&rsquo;agression sioniste s&rsquo;intensifie\u00a0"}]},{"@type":"WebSite","@id":"https:\/\/lasentinelle.dz\/#website","url":"https:\/\/lasentinelle.dz\/","name":"La Sentinelle","description":"Quotidien national d&#039;information","publisher":{"@id":"https:\/\/lasentinelle.dz\/#organization"},"potentialAction":[{"@type":"SearchAction","target":{"@type":"EntryPoint","urlTemplate":"https:\/\/lasentinelle.dz\/?s={search_term_string}"},"query-input":{"@type":"PropertyValueSpecification","valueRequired":true,"valueName":"search_term_string"}}],"inLanguage":"fr-FR"},{"@type":"Organization","@id":"https:\/\/lasentinelle.dz\/#organization","name":"Quotidien La Sentinelle","url":"https:\/\/lasentinelle.dz\/","logo":{"@type":"ImageObject","inLanguage":"fr-FR","@id":"https:\/\/lasentinelle.dz\/#\/schema\/logo\/image\/","url":"https:\/\/lasentinelle.dz\/wp-content\/uploads\/2021\/09\/logo-sentinelleSLOGAN-1.png","contentUrl":"https:\/\/lasentinelle.dz\/wp-content\/uploads\/2021\/09\/logo-sentinelleSLOGAN-1.png","width":615,"height":142,"caption":"Quotidien La Sentinelle"},"image":{"@id":"https:\/\/lasentinelle.dz\/#\/schema\/logo\/image\/"},"sameAs":["https:\/\/www.facebook.com\/La-Sentinelle-104059864394773"]},{"@type":"Person","@id":"https:\/\/lasentinelle.dz\/#\/schema\/person\/729ee0024f24e0b8c5ec17232f8e8b41","name":"admin","image":{"@type":"ImageObject","inLanguage":"fr-FR","@id":"https:\/\/secure.gravatar.com\/avatar\/4c81fed838786e9b53f540bf46533e750f5d292099ae3b66cfc6fb1982e29df7?s=96&d=mm&r=g","url":"https:\/\/secure.gravatar.com\/avatar\/4c81fed838786e9b53f540bf46533e750f5d292099ae3b66cfc6fb1982e29df7?s=96&d=mm&r=g","contentUrl":"https:\/\/secure.gravatar.com\/avatar\/4c81fed838786e9b53f540bf46533e750f5d292099ae3b66cfc6fb1982e29df7?s=96&d=mm&r=g","caption":"admin"},"description":"admin","url":"https:\/\/lasentinelle.dz\/author\/admin\/"}]}},"_links":{"self":[{"href":"https:\/\/lasentinelle.dz\/index.php\/wp-json\/wp\/v2\/posts\/77843","targetHints":{"allow":["GET"]}}],"collection":[{"href":"https:\/\/lasentinelle.dz\/index.php\/wp-json\/wp\/v2\/posts"}],"about":[{"href":"https:\/\/lasentinelle.dz\/index.php\/wp-json\/wp\/v2\/types\/post"}],"author":[{"embeddable":true,"href":"https:\/\/lasentinelle.dz\/index.php\/wp-json\/wp\/v2\/users\/6"}],"replies":[{"embeddable":true,"href":"https:\/\/lasentinelle.dz\/index.php\/wp-json\/wp\/v2\/comments?post=77843"}],"version-history":[{"count":2,"href":"https:\/\/lasentinelle.dz\/index.php\/wp-json\/wp\/v2\/posts\/77843\/revisions"}],"predecessor-version":[{"id":77846,"href":"https:\/\/lasentinelle.dz\/index.php\/wp-json\/wp\/v2\/posts\/77843\/revisions\/77846"}],"wp:featuredmedia":[{"embeddable":true,"href":"https:\/\/lasentinelle.dz\/index.php\/wp-json\/wp\/v2\/media\/77844"}],"wp:attachment":[{"href":"https:\/\/lasentinelle.dz\/index.php\/wp-json\/wp\/v2\/media?parent=77843"}],"wp:term":[{"taxonomy":"category","embeddable":true,"href":"https:\/\/lasentinelle.dz\/index.php\/wp-json\/wp\/v2\/categories?post=77843"},{"taxonomy":"post_tag","embeddable":true,"href":"https:\/\/lasentinelle.dz\/index.php\/wp-json\/wp\/v2\/tags?post=77843"}],"curies":[{"name":"wp","href":"https:\/\/api.w.org\/{rel}","templated":true}]}}