{"id":77861,"date":"2025-12-15T19:33:33","date_gmt":"2025-12-15T18:33:33","guid":{"rendered":"https:\/\/lasentinelle.dz\/?p=77861"},"modified":"2025-12-15T19:33:34","modified_gmt":"2025-12-15T18:33:34","slug":"ce-que-prevoit-la-loi-sur-la-criminalisation-du-colonialisme-francais-en-algerie","status":"publish","type":"post","link":"https:\/\/lasentinelle.dz\/index.php\/2025\/12\/15\/ce-que-prevoit-la-loi-sur-la-criminalisation-du-colonialisme-francais-en-algerie\/","title":{"rendered":"Ce que pr\u00e9voit la loi sur la criminalisation du colonialisme fran\u00e7ais en Alg\u00e9rie"},"content":{"rendered":"\n<p>La commission de la D\u00e9fense de l&rsquo;Assembl\u00e9e populaire nationale a entam\u00e9 l&rsquo;examen d&rsquo;un projet de loi criminalisant le colonialisme, qui devrait \u00eatre soumis au vote le 24 d\u00e9cembre&nbsp;en cours. Selon des \u00e9l\u00e9ments du texte publi\u00e9s par nos confr\u00e8res du quotidien El Khabar, ce projet constitue une \u00e9tape majeure dans la volont\u00e9 d&rsquo;obtenir une reconnaissance officielle des crimes coloniaux.&nbsp;La version finale du projet sera pr\u00e9sent\u00e9e aux d\u00e9put\u00e9s lors d&rsquo;une s\u00e9ance pl\u00e9ni\u00e8re pr\u00e9vue le 21 d\u00e9cembre, avant le vote&nbsp;pr\u00e9vu le mercredi suivant. Le pr\u00e9sident de l&rsquo;APN,&nbsp;Brahim Boughali, a tenu&nbsp;dans cette perspective,&nbsp;dimanche soir une r\u00e9union avec les membres de la commission&nbsp;Ad-Hoc&nbsp;de r\u00e9daction du projet de loi.&nbsp;Selon les \u00e9l\u00e9ments d\u00e9voil\u00e9s par nos confr\u00e8res, ce&nbsp;projet de loi, compos\u00e9 de&nbsp;26&nbsp;articles, s&rsquo;appuie sur les principes du droit international qui affirment le droit des peuples \u00e0 l&rsquo;autod\u00e9termination, l&rsquo;application de la justice historique et le principe de non-impunit\u00e9. Il vise \u00e0 criminaliser le colonialisme fran\u00e7ais en Alg\u00e9rie depuis l&rsquo;agression du 14 juin 1830 jusqu&rsquo;au 5 juillet 1962, ainsi que ses cons\u00e9quences directes et indirectes qui ont perdur\u00e9 par la suite.&nbsp;Le&nbsp;texte&nbsp;r\u00e9affirme que&nbsp;le colonialisme fran\u00e7ais&nbsp;en&nbsp;l&rsquo;Alg\u00e9rie est consid\u00e9r\u00e9 comme un crime d&rsquo;\u00c9tat violant les principes et valeurs humaines, politiques, \u00e9conomiques et culturelles consacr\u00e9s par les lois, les conventions et les coutumes internationales et nationales.<\/p>\n\n\n\n<p><strong>27 types de crimes coloniaux<\/strong><\/p>\n\n\n\n<p>Le projet de loi r\u00e9pertorie&nbsp;27&nbsp;formes de crimes coloniaux fran\u00e7ais, incluant selon l&rsquo;article 5 les meurtres et attaques militaires contre les populations civiles, l&rsquo;usage excessif de la force arm\u00e9e, l&rsquo;utilisation d&rsquo;armes non conventionnelles et interdites internationalement, la pose de mines ainsi que les exp\u00e9riences et explosions nucl\u00e9aires, les ex\u00e9cutions extrajudiciaires, le pillage du tr\u00e9sor de l&rsquo;\u00c9tat alg\u00e9rien, la soumission des Alg\u00e9riens \u00e0 des lois d&rsquo;exception, et la pratique de la torture physique et psychologique barbare \u00e0 grande \u00e9chelle.&nbsp;Le texte mentionne \u00e9galement les atteintes graves \u00e0 l&rsquo;int\u00e9grit\u00e9 physique ou \u00e0 la sant\u00e9 mentale, la discrimination raciale et les traitements inhumains, la privation d\u00e9lib\u00e9r\u00e9e des droits fondamentaux, la d\u00e9portation ill\u00e9gale de populations civiles et la confiscation de propri\u00e9t\u00e9s. Parmi les exemples cit\u00e9s figure la d\u00e9portation de centaines de r\u00e9sistants alg\u00e9riens en Nouvelle-Cal\u00e9donie au&nbsp;19<sup>e<\/sup>&nbsp;si\u00e8cle, qui n&rsquo;ont jamais pu revenir en Alg\u00e9rie et auxquels une grande plaque comm\u00e9morative a \u00e9t\u00e9 \u00e9rig\u00e9e face au port d&rsquo;Alger. Le projet inclut aussi les tribunaux sp\u00e9ciaux, les disparitions forc\u00e9es et la d\u00e9tention de personnes, le regroupement de populations dans des camps et leur utilisation comme boucliers humains, la privation d&rsquo;\u00e9ducation, le viol ou l&rsquo;esclavage sexuel, la profanation et destruction de lieux de culte, les crimes de christianisation forc\u00e9e et les tentatives d&rsquo;effacement de l&rsquo;identit\u00e9 nationale, l&rsquo;attribution syst\u00e9matique de surnoms d\u00e9gradants aux Alg\u00e9riens, ainsi que&nbsp;la conscription&nbsp;forc\u00e9e&nbsp;dans les forces arm\u00e9es fran\u00e7aises, incluant&nbsp;durant&nbsp;les deux guerres mondiales.<\/p>\n\n\n\n<p>Le projet stipule que les crimes coloniaux contre le peuple alg\u00e9rien mentionn\u00e9s dans l&rsquo;article 5 sont imprescriptibles, quelle que soit leur degr\u00e9 d&rsquo;ex\u00e9cution, qu&rsquo;ils aient \u00e9t\u00e9 commis par des \u00e9l\u00e9ments des forces arm\u00e9es, de la police ou d&rsquo;autres appareils r\u00e9guliers arm\u00e9s relevant des autorit\u00e9s coloniales, ou par des milices arm\u00e9es ou des forces suppl\u00e9tives, ind\u00e9pendamment de leur r\u00f4le en tant qu&rsquo;auteurs principaux ou complices. L&rsquo;article 7 \u00e9voque le crime de haute trahison, soit toutes les formes de collaboration des harkis et assimil\u00e9s avec les autorit\u00e9s coloniales contre les diff\u00e9rentes formes de lutte pour la r\u00e9cup\u00e9ration de la souverainet\u00e9 nationale et l&rsquo;ind\u00e9pendance.<\/p>\n\n\n\n<p>Selon le texte, l&rsquo;\u00c9tat fran\u00e7ais assume la responsabilit\u00e9 juridique de son pass\u00e9 colonial en Alg\u00e9rie et des trag\u00e9dies qu&rsquo;il a engendr\u00e9es. L&rsquo;\u00c9tat alg\u00e9rien \u0153uvre par tous les moyens juridiques et judiciaires pour obtenir la reconnaissance et les excuses officielles de la France pour son pass\u00e9 colonial. La r\u00e9paration globale et \u00e9quitable de tous les dommages mat\u00e9riels et moraux caus\u00e9s par le colonialisme fran\u00e7ais est consid\u00e9r\u00e9e comme un droit \u00e9tabli pour l&rsquo;\u00c9tat et le peuple alg\u00e9riens. L&rsquo;Alg\u00e9rie r\u00e9clame notamment le nettoyage des sites d&rsquo;explosions nucl\u00e9aires contamin\u00e9s par la radioactivit\u00e9, la remise des cartes des explosions nucl\u00e9aires et des exp\u00e9riences chimiques ainsi que des mines plant\u00e9es, l&rsquo;indemnisation des victimes des d\u00e9g\u00e2ts nucl\u00e9aires et des mines, la restitution des fonds du tr\u00e9sor pill\u00e9s, le retour de toutes les valeurs mat\u00e9rielles et morales spoli\u00e9es, y compris les archives nationales consid\u00e9r\u00e9es comme un droit inali\u00e9nable du peuple alg\u00e9rien et partie int\u00e9grante de sa m\u00e9moire nationale, ainsi que le rapatriement des restes des figures de la r\u00e9sistance et de la r\u00e9volution pour \u00eatre enterr\u00e9s sur le sol alg\u00e9rien.<\/p>\n\n\n\n<p>Concernant la protection des symboles r\u00e9volutionnaires, le texte garantit la dignit\u00e9 de tous les Alg\u00e9riens ayant contribu\u00e9 directement ou indirectement \u00e0 la lutte contre le colonialisme fran\u00e7ais durant la r\u00e9sistance populaire, le mouvement national et la r\u00e9volution de lib\u00e9ration. Il d\u00e9finit l&rsquo;apologie du colonialisme comme tout propos, acte, geste, \u00e9crit, dessin, publication de vid\u00e9os ou d&rsquo;enregistrements sonores visant \u00e0 justifier ou glorifier le colonialisme fran\u00e7ais. Les personnes coupables de ces actes encourent une peine de prison de cinq \u00e0 dix ans et une amende de&nbsp;500.000&nbsp;\u00e0 un million de dinars, en plus de la perte des droits civils et politiques.&nbsp;Cette initiative l\u00e9gislative&nbsp;s&rsquo;inscrit aujourd&rsquo;hui dans le cadre de la charte africaine pour la criminalisation de l&rsquo;esclavage et du colonialisme adopt\u00e9e par le sommet de l&rsquo;Union africaine, qui a confi\u00e9 \u00e0 l&rsquo;Alg\u00e9rie, au Ghana et \u00e0 l&rsquo;Afrique du Sud la mission de porter cette cause aux niveaux r\u00e9gional et international.<\/p>\n\n\n\n<p>Hocine Fadheli<\/p>\n","protected":false},"excerpt":{"rendered":"<p>La commission de la D\u00e9fense de l&rsquo;Assembl\u00e9e populaire nationale a entam\u00e9 l&rsquo;examen d&rsquo;un projet de loi criminalisant le colonialisme, qui<\/p>\n","protected":false},"author":6,"featured_media":77862,"comment_status":"open","ping_status":"closed","sticky":false,"template":"","format":"standard","meta":{"colormag_page_container_layout":"default_layout","colormag_page_sidebar_layout":"default_layout","om_disable_all_campaigns":false,"_monsterinsights_skip_tracking":false,"_monsterinsights_sitenote_active":false,"_monsterinsights_sitenote_note":"","_monsterinsights_sitenote_category":0,"footnotes":"","_wpscppro_dont_share_socialmedia":false,"_wpscppro_custom_social_share_image":0,"_facebook_share_type":"default","_twitter_share_type":"default","_linkedin_share_type":"default","_pinterest_share_type":"default","_linkedin_share_type_page":"","_instagram_share_type":"default","_medium_share_type":"default","_threads_share_type":"default","_google_business_share_type":"default","_selected_social_profile":[],"_wpsp_enable_custom_social_template":false,"_wpsp_social_scheduling":{"enabled":false,"datetime":null,"platforms":[],"status":"template_only","dateOption":"today","timeOption":"now","customDays":"","customHours":"","customDate":"","customTime":"","schedulingType":"absolute"},"_wpsp_active_default_template":true},"categories":[27],"tags":[],"class_list":["post-77861","post","type-post","status-publish","format-standard","has-post-thumbnail","hentry","category-actualite"],"aioseo_notices":[],"yoast_head":"<!-- This site is optimized with the Yoast SEO plugin v27.5 - https:\/\/yoast.com\/product\/yoast-seo-wordpress\/ -->\n<title>Ce que pr\u00e9voit la loi sur la criminalisation du colonialisme fran\u00e7ais en Alg\u00e9rie - La Sentinelle<\/title>\n<meta name=\"robots\" content=\"index, follow, max-snippet:-1, max-image-preview:large, max-video-preview:-1\" \/>\n<link rel=\"canonical\" href=\"https:\/\/lasentinelle.dz\/index.php\/2025\/12\/15\/ce-que-prevoit-la-loi-sur-la-criminalisation-du-colonialisme-francais-en-algerie\/\" \/>\n<meta property=\"og:locale\" content=\"fr_FR\" \/>\n<meta property=\"og:type\" content=\"article\" \/>\n<meta property=\"og:title\" content=\"Ce que pr\u00e9voit la loi sur la criminalisation du colonialisme fran\u00e7ais en Alg\u00e9rie - La Sentinelle\" \/>\n<meta property=\"og:description\" content=\"La commission de la D\u00e9fense de l&rsquo;Assembl\u00e9e populaire nationale a entam\u00e9 l&rsquo;examen d&rsquo;un projet de loi criminalisant le colonialisme, qui\" \/>\n<meta property=\"og:url\" content=\"https:\/\/lasentinelle.dz\/index.php\/2025\/12\/15\/ce-que-prevoit-la-loi-sur-la-criminalisation-du-colonialisme-francais-en-algerie\/\" \/>\n<meta property=\"og:site_name\" content=\"La Sentinelle\" \/>\n<meta property=\"article:publisher\" content=\"https:\/\/www.facebook.com\/La-Sentinelle-104059864394773\" \/>\n<meta property=\"article:published_time\" content=\"2025-12-15T18:33:33+00:00\" \/>\n<meta property=\"article:modified_time\" content=\"2025-12-15T18:33:34+00:00\" \/>\n<meta property=\"og:image\" content=\"https:\/\/lasentinelle.dz\/wp-content\/uploads\/2025\/12\/france-crimes-coloniaux.jpeg\" \/>\n\t<meta property=\"og:image:width\" content=\"1060\" \/>\n\t<meta property=\"og:image:height\" content=\"800\" \/>\n\t<meta property=\"og:image:type\" content=\"image\/jpeg\" \/>\n<meta name=\"author\" content=\"admin\" \/>\n<meta name=\"twitter:card\" content=\"summary_large_image\" \/>\n<meta name=\"twitter:label1\" content=\"\u00c9crit par\" \/>\n\t<meta name=\"twitter:data1\" content=\"admin\" \/>\n\t<meta name=\"twitter:label2\" content=\"Dur\u00e9e de lecture estim\u00e9e\" \/>\n\t<meta name=\"twitter:data2\" content=\"5 minutes\" \/>\n<script type=\"application\/ld+json\" class=\"yoast-schema-graph\">{\"@context\":\"https:\\\/\\\/schema.org\",\"@graph\":[{\"@type\":\"Article\",\"@id\":\"https:\\\/\\\/lasentinelle.dz\\\/index.php\\\/2025\\\/12\\\/15\\\/ce-que-prevoit-la-loi-sur-la-criminalisation-du-colonialisme-francais-en-algerie\\\/#article\",\"isPartOf\":{\"@id\":\"https:\\\/\\\/lasentinelle.dz\\\/index.php\\\/2025\\\/12\\\/15\\\/ce-que-prevoit-la-loi-sur-la-criminalisation-du-colonialisme-francais-en-algerie\\\/\"},\"author\":{\"name\":\"admin\",\"@id\":\"https:\\\/\\\/lasentinelle.dz\\\/#\\\/schema\\\/person\\\/729ee0024f24e0b8c5ec17232f8e8b41\"},\"headline\":\"Ce que pr\u00e9voit la loi sur la criminalisation du colonialisme fran\u00e7ais en Alg\u00e9rie\",\"datePublished\":\"2025-12-15T18:33:33+00:00\",\"dateModified\":\"2025-12-15T18:33:34+00:00\",\"mainEntityOfPage\":{\"@id\":\"https:\\\/\\\/lasentinelle.dz\\\/index.php\\\/2025\\\/12\\\/15\\\/ce-que-prevoit-la-loi-sur-la-criminalisation-du-colonialisme-francais-en-algerie\\\/\"},\"wordCount\":1092,\"commentCount\":0,\"publisher\":{\"@id\":\"https:\\\/\\\/lasentinelle.dz\\\/#organization\"},\"image\":{\"@id\":\"https:\\\/\\\/lasentinelle.dz\\\/index.php\\\/2025\\\/12\\\/15\\\/ce-que-prevoit-la-loi-sur-la-criminalisation-du-colonialisme-francais-en-algerie\\\/#primaryimage\"},\"thumbnailUrl\":\"https:\\\/\\\/lasentinelle.dz\\\/wp-content\\\/uploads\\\/2025\\\/12\\\/france-crimes-coloniaux.jpeg\",\"articleSection\":[\"Actualit\u00e9\"],\"inLanguage\":\"fr-FR\",\"potentialAction\":[{\"@type\":\"CommentAction\",\"name\":\"Comment\",\"target\":[\"https:\\\/\\\/lasentinelle.dz\\\/index.php\\\/2025\\\/12\\\/15\\\/ce-que-prevoit-la-loi-sur-la-criminalisation-du-colonialisme-francais-en-algerie\\\/#respond\"]}]},{\"@type\":\"WebPage\",\"@id\":\"https:\\\/\\\/lasentinelle.dz\\\/index.php\\\/2025\\\/12\\\/15\\\/ce-que-prevoit-la-loi-sur-la-criminalisation-du-colonialisme-francais-en-algerie\\\/\",\"url\":\"https:\\\/\\\/lasentinelle.dz\\\/index.php\\\/2025\\\/12\\\/15\\\/ce-que-prevoit-la-loi-sur-la-criminalisation-du-colonialisme-francais-en-algerie\\\/\",\"name\":\"Ce que pr\u00e9voit la loi sur la criminalisation du colonialisme fran\u00e7ais en Alg\u00e9rie - La Sentinelle\",\"isPartOf\":{\"@id\":\"https:\\\/\\\/lasentinelle.dz\\\/#website\"},\"primaryImageOfPage\":{\"@id\":\"https:\\\/\\\/lasentinelle.dz\\\/index.php\\\/2025\\\/12\\\/15\\\/ce-que-prevoit-la-loi-sur-la-criminalisation-du-colonialisme-francais-en-algerie\\\/#primaryimage\"},\"image\":{\"@id\":\"https:\\\/\\\/lasentinelle.dz\\\/index.php\\\/2025\\\/12\\\/15\\\/ce-que-prevoit-la-loi-sur-la-criminalisation-du-colonialisme-francais-en-algerie\\\/#primaryimage\"},\"thumbnailUrl\":\"https:\\\/\\\/lasentinelle.dz\\\/wp-content\\\/uploads\\\/2025\\\/12\\\/france-crimes-coloniaux.jpeg\",\"datePublished\":\"2025-12-15T18:33:33+00:00\",\"dateModified\":\"2025-12-15T18:33:34+00:00\",\"breadcrumb\":{\"@id\":\"https:\\\/\\\/lasentinelle.dz\\\/index.php\\\/2025\\\/12\\\/15\\\/ce-que-prevoit-la-loi-sur-la-criminalisation-du-colonialisme-francais-en-algerie\\\/#breadcrumb\"},\"inLanguage\":\"fr-FR\",\"potentialAction\":[{\"@type\":\"ReadAction\",\"target\":[\"https:\\\/\\\/lasentinelle.dz\\\/index.php\\\/2025\\\/12\\\/15\\\/ce-que-prevoit-la-loi-sur-la-criminalisation-du-colonialisme-francais-en-algerie\\\/\"]}]},{\"@type\":\"ImageObject\",\"inLanguage\":\"fr-FR\",\"@id\":\"https:\\\/\\\/lasentinelle.dz\\\/index.php\\\/2025\\\/12\\\/15\\\/ce-que-prevoit-la-loi-sur-la-criminalisation-du-colonialisme-francais-en-algerie\\\/#primaryimage\",\"url\":\"https:\\\/\\\/lasentinelle.dz\\\/wp-content\\\/uploads\\\/2025\\\/12\\\/france-crimes-coloniaux.jpeg\",\"contentUrl\":\"https:\\\/\\\/lasentinelle.dz\\\/wp-content\\\/uploads\\\/2025\\\/12\\\/france-crimes-coloniaux.jpeg\",\"width\":1060,\"height\":800},{\"@type\":\"BreadcrumbList\",\"@id\":\"https:\\\/\\\/lasentinelle.dz\\\/index.php\\\/2025\\\/12\\\/15\\\/ce-que-prevoit-la-loi-sur-la-criminalisation-du-colonialisme-francais-en-algerie\\\/#breadcrumb\",\"itemListElement\":[{\"@type\":\"ListItem\",\"position\":1,\"name\":\"Accueil\",\"item\":\"https:\\\/\\\/lasentinelle.dz\\\/\"},{\"@type\":\"ListItem\",\"position\":2,\"name\":\"Ce que pr\u00e9voit la loi sur la criminalisation du colonialisme fran\u00e7ais en Alg\u00e9rie\"}]},{\"@type\":\"WebSite\",\"@id\":\"https:\\\/\\\/lasentinelle.dz\\\/#website\",\"url\":\"https:\\\/\\\/lasentinelle.dz\\\/\",\"name\":\"La Sentinelle\",\"description\":\"Quotidien national d&#039;information\",\"publisher\":{\"@id\":\"https:\\\/\\\/lasentinelle.dz\\\/#organization\"},\"potentialAction\":[{\"@type\":\"SearchAction\",\"target\":{\"@type\":\"EntryPoint\",\"urlTemplate\":\"https:\\\/\\\/lasentinelle.dz\\\/?s={search_term_string}\"},\"query-input\":{\"@type\":\"PropertyValueSpecification\",\"valueRequired\":true,\"valueName\":\"search_term_string\"}}],\"inLanguage\":\"fr-FR\"},{\"@type\":\"Organization\",\"@id\":\"https:\\\/\\\/lasentinelle.dz\\\/#organization\",\"name\":\"Quotidien La Sentinelle\",\"url\":\"https:\\\/\\\/lasentinelle.dz\\\/\",\"logo\":{\"@type\":\"ImageObject\",\"inLanguage\":\"fr-FR\",\"@id\":\"https:\\\/\\\/lasentinelle.dz\\\/#\\\/schema\\\/logo\\\/image\\\/\",\"url\":\"https:\\\/\\\/lasentinelle.dz\\\/wp-content\\\/uploads\\\/2021\\\/09\\\/logo-sentinelleSLOGAN-1.png\",\"contentUrl\":\"https:\\\/\\\/lasentinelle.dz\\\/wp-content\\\/uploads\\\/2021\\\/09\\\/logo-sentinelleSLOGAN-1.png\",\"width\":615,\"height\":142,\"caption\":\"Quotidien La Sentinelle\"},\"image\":{\"@id\":\"https:\\\/\\\/lasentinelle.dz\\\/#\\\/schema\\\/logo\\\/image\\\/\"},\"sameAs\":[\"https:\\\/\\\/www.facebook.com\\\/La-Sentinelle-104059864394773\"]},{\"@type\":\"Person\",\"@id\":\"https:\\\/\\\/lasentinelle.dz\\\/#\\\/schema\\\/person\\\/729ee0024f24e0b8c5ec17232f8e8b41\",\"name\":\"admin\",\"image\":{\"@type\":\"ImageObject\",\"inLanguage\":\"fr-FR\",\"@id\":\"https:\\\/\\\/secure.gravatar.com\\\/avatar\\\/4c81fed838786e9b53f540bf46533e750f5d292099ae3b66cfc6fb1982e29df7?s=96&d=mm&r=g\",\"url\":\"https:\\\/\\\/secure.gravatar.com\\\/avatar\\\/4c81fed838786e9b53f540bf46533e750f5d292099ae3b66cfc6fb1982e29df7?s=96&d=mm&r=g\",\"contentUrl\":\"https:\\\/\\\/secure.gravatar.com\\\/avatar\\\/4c81fed838786e9b53f540bf46533e750f5d292099ae3b66cfc6fb1982e29df7?s=96&d=mm&r=g\",\"caption\":\"admin\"},\"description\":\"admin\",\"url\":\"https:\\\/\\\/lasentinelle.dz\\\/author\\\/admin\\\/\"}]}<\/script>\n<!-- \/ Yoast SEO plugin. -->","yoast_head_json":{"title":"Ce que pr\u00e9voit la loi sur la criminalisation du colonialisme fran\u00e7ais en Alg\u00e9rie - La Sentinelle","robots":{"index":"index","follow":"follow","max-snippet":"max-snippet:-1","max-image-preview":"max-image-preview:large","max-video-preview":"max-video-preview:-1"},"canonical":"https:\/\/lasentinelle.dz\/index.php\/2025\/12\/15\/ce-que-prevoit-la-loi-sur-la-criminalisation-du-colonialisme-francais-en-algerie\/","og_locale":"fr_FR","og_type":"article","og_title":"Ce que pr\u00e9voit la loi sur la criminalisation du colonialisme fran\u00e7ais en Alg\u00e9rie - La Sentinelle","og_description":"La commission de la D\u00e9fense de l&rsquo;Assembl\u00e9e populaire nationale a entam\u00e9 l&rsquo;examen d&rsquo;un projet de loi criminalisant le colonialisme, qui","og_url":"https:\/\/lasentinelle.dz\/index.php\/2025\/12\/15\/ce-que-prevoit-la-loi-sur-la-criminalisation-du-colonialisme-francais-en-algerie\/","og_site_name":"La Sentinelle","article_publisher":"https:\/\/www.facebook.com\/La-Sentinelle-104059864394773","article_published_time":"2025-12-15T18:33:33+00:00","article_modified_time":"2025-12-15T18:33:34+00:00","og_image":[{"width":1060,"height":800,"url":"https:\/\/lasentinelle.dz\/wp-content\/uploads\/2025\/12\/france-crimes-coloniaux.jpeg","type":"image\/jpeg"}],"author":"admin","twitter_card":"summary_large_image","twitter_misc":{"\u00c9crit par":"admin","Dur\u00e9e de lecture estim\u00e9e":"5 minutes"},"schema":{"@context":"https:\/\/schema.org","@graph":[{"@type":"Article","@id":"https:\/\/lasentinelle.dz\/index.php\/2025\/12\/15\/ce-que-prevoit-la-loi-sur-la-criminalisation-du-colonialisme-francais-en-algerie\/#article","isPartOf":{"@id":"https:\/\/lasentinelle.dz\/index.php\/2025\/12\/15\/ce-que-prevoit-la-loi-sur-la-criminalisation-du-colonialisme-francais-en-algerie\/"},"author":{"name":"admin","@id":"https:\/\/lasentinelle.dz\/#\/schema\/person\/729ee0024f24e0b8c5ec17232f8e8b41"},"headline":"Ce que pr\u00e9voit la loi sur la criminalisation du colonialisme fran\u00e7ais en Alg\u00e9rie","datePublished":"2025-12-15T18:33:33+00:00","dateModified":"2025-12-15T18:33:34+00:00","mainEntityOfPage":{"@id":"https:\/\/lasentinelle.dz\/index.php\/2025\/12\/15\/ce-que-prevoit-la-loi-sur-la-criminalisation-du-colonialisme-francais-en-algerie\/"},"wordCount":1092,"commentCount":0,"publisher":{"@id":"https:\/\/lasentinelle.dz\/#organization"},"image":{"@id":"https:\/\/lasentinelle.dz\/index.php\/2025\/12\/15\/ce-que-prevoit-la-loi-sur-la-criminalisation-du-colonialisme-francais-en-algerie\/#primaryimage"},"thumbnailUrl":"https:\/\/lasentinelle.dz\/wp-content\/uploads\/2025\/12\/france-crimes-coloniaux.jpeg","articleSection":["Actualit\u00e9"],"inLanguage":"fr-FR","potentialAction":[{"@type":"CommentAction","name":"Comment","target":["https:\/\/lasentinelle.dz\/index.php\/2025\/12\/15\/ce-que-prevoit-la-loi-sur-la-criminalisation-du-colonialisme-francais-en-algerie\/#respond"]}]},{"@type":"WebPage","@id":"https:\/\/lasentinelle.dz\/index.php\/2025\/12\/15\/ce-que-prevoit-la-loi-sur-la-criminalisation-du-colonialisme-francais-en-algerie\/","url":"https:\/\/lasentinelle.dz\/index.php\/2025\/12\/15\/ce-que-prevoit-la-loi-sur-la-criminalisation-du-colonialisme-francais-en-algerie\/","name":"Ce que pr\u00e9voit la loi sur la criminalisation du colonialisme fran\u00e7ais en Alg\u00e9rie - La Sentinelle","isPartOf":{"@id":"https:\/\/lasentinelle.dz\/#website"},"primaryImageOfPage":{"@id":"https:\/\/lasentinelle.dz\/index.php\/2025\/12\/15\/ce-que-prevoit-la-loi-sur-la-criminalisation-du-colonialisme-francais-en-algerie\/#primaryimage"},"image":{"@id":"https:\/\/lasentinelle.dz\/index.php\/2025\/12\/15\/ce-que-prevoit-la-loi-sur-la-criminalisation-du-colonialisme-francais-en-algerie\/#primaryimage"},"thumbnailUrl":"https:\/\/lasentinelle.dz\/wp-content\/uploads\/2025\/12\/france-crimes-coloniaux.jpeg","datePublished":"2025-12-15T18:33:33+00:00","dateModified":"2025-12-15T18:33:34+00:00","breadcrumb":{"@id":"https:\/\/lasentinelle.dz\/index.php\/2025\/12\/15\/ce-que-prevoit-la-loi-sur-la-criminalisation-du-colonialisme-francais-en-algerie\/#breadcrumb"},"inLanguage":"fr-FR","potentialAction":[{"@type":"ReadAction","target":["https:\/\/lasentinelle.dz\/index.php\/2025\/12\/15\/ce-que-prevoit-la-loi-sur-la-criminalisation-du-colonialisme-francais-en-algerie\/"]}]},{"@type":"ImageObject","inLanguage":"fr-FR","@id":"https:\/\/lasentinelle.dz\/index.php\/2025\/12\/15\/ce-que-prevoit-la-loi-sur-la-criminalisation-du-colonialisme-francais-en-algerie\/#primaryimage","url":"https:\/\/lasentinelle.dz\/wp-content\/uploads\/2025\/12\/france-crimes-coloniaux.jpeg","contentUrl":"https:\/\/lasentinelle.dz\/wp-content\/uploads\/2025\/12\/france-crimes-coloniaux.jpeg","width":1060,"height":800},{"@type":"BreadcrumbList","@id":"https:\/\/lasentinelle.dz\/index.php\/2025\/12\/15\/ce-que-prevoit-la-loi-sur-la-criminalisation-du-colonialisme-francais-en-algerie\/#breadcrumb","itemListElement":[{"@type":"ListItem","position":1,"name":"Accueil","item":"https:\/\/lasentinelle.dz\/"},{"@type":"ListItem","position":2,"name":"Ce que pr\u00e9voit la loi sur la criminalisation du colonialisme fran\u00e7ais en Alg\u00e9rie"}]},{"@type":"WebSite","@id":"https:\/\/lasentinelle.dz\/#website","url":"https:\/\/lasentinelle.dz\/","name":"La Sentinelle","description":"Quotidien national d&#039;information","publisher":{"@id":"https:\/\/lasentinelle.dz\/#organization"},"potentialAction":[{"@type":"SearchAction","target":{"@type":"EntryPoint","urlTemplate":"https:\/\/lasentinelle.dz\/?s={search_term_string}"},"query-input":{"@type":"PropertyValueSpecification","valueRequired":true,"valueName":"search_term_string"}}],"inLanguage":"fr-FR"},{"@type":"Organization","@id":"https:\/\/lasentinelle.dz\/#organization","name":"Quotidien La Sentinelle","url":"https:\/\/lasentinelle.dz\/","logo":{"@type":"ImageObject","inLanguage":"fr-FR","@id":"https:\/\/lasentinelle.dz\/#\/schema\/logo\/image\/","url":"https:\/\/lasentinelle.dz\/wp-content\/uploads\/2021\/09\/logo-sentinelleSLOGAN-1.png","contentUrl":"https:\/\/lasentinelle.dz\/wp-content\/uploads\/2021\/09\/logo-sentinelleSLOGAN-1.png","width":615,"height":142,"caption":"Quotidien La Sentinelle"},"image":{"@id":"https:\/\/lasentinelle.dz\/#\/schema\/logo\/image\/"},"sameAs":["https:\/\/www.facebook.com\/La-Sentinelle-104059864394773"]},{"@type":"Person","@id":"https:\/\/lasentinelle.dz\/#\/schema\/person\/729ee0024f24e0b8c5ec17232f8e8b41","name":"admin","image":{"@type":"ImageObject","inLanguage":"fr-FR","@id":"https:\/\/secure.gravatar.com\/avatar\/4c81fed838786e9b53f540bf46533e750f5d292099ae3b66cfc6fb1982e29df7?s=96&d=mm&r=g","url":"https:\/\/secure.gravatar.com\/avatar\/4c81fed838786e9b53f540bf46533e750f5d292099ae3b66cfc6fb1982e29df7?s=96&d=mm&r=g","contentUrl":"https:\/\/secure.gravatar.com\/avatar\/4c81fed838786e9b53f540bf46533e750f5d292099ae3b66cfc6fb1982e29df7?s=96&d=mm&r=g","caption":"admin"},"description":"admin","url":"https:\/\/lasentinelle.dz\/author\/admin\/"}]}},"_links":{"self":[{"href":"https:\/\/lasentinelle.dz\/index.php\/wp-json\/wp\/v2\/posts\/77861","targetHints":{"allow":["GET"]}}],"collection":[{"href":"https:\/\/lasentinelle.dz\/index.php\/wp-json\/wp\/v2\/posts"}],"about":[{"href":"https:\/\/lasentinelle.dz\/index.php\/wp-json\/wp\/v2\/types\/post"}],"author":[{"embeddable":true,"href":"https:\/\/lasentinelle.dz\/index.php\/wp-json\/wp\/v2\/users\/6"}],"replies":[{"embeddable":true,"href":"https:\/\/lasentinelle.dz\/index.php\/wp-json\/wp\/v2\/comments?post=77861"}],"version-history":[{"count":1,"href":"https:\/\/lasentinelle.dz\/index.php\/wp-json\/wp\/v2\/posts\/77861\/revisions"}],"predecessor-version":[{"id":77863,"href":"https:\/\/lasentinelle.dz\/index.php\/wp-json\/wp\/v2\/posts\/77861\/revisions\/77863"}],"wp:featuredmedia":[{"embeddable":true,"href":"https:\/\/lasentinelle.dz\/index.php\/wp-json\/wp\/v2\/media\/77862"}],"wp:attachment":[{"href":"https:\/\/lasentinelle.dz\/index.php\/wp-json\/wp\/v2\/media?parent=77861"}],"wp:term":[{"taxonomy":"category","embeddable":true,"href":"https:\/\/lasentinelle.dz\/index.php\/wp-json\/wp\/v2\/categories?post=77861"},{"taxonomy":"post_tag","embeddable":true,"href":"https:\/\/lasentinelle.dz\/index.php\/wp-json\/wp\/v2\/tags?post=77861"}],"curies":[{"name":"wp","href":"https:\/\/api.w.org\/{rel}","templated":true}]}}