{"id":77864,"date":"2025-12-15T19:34:59","date_gmt":"2025-12-15T18:34:59","guid":{"rendered":"https:\/\/lasentinelle.dz\/?p=77864"},"modified":"2025-12-15T19:35:01","modified_gmt":"2025-12-15T18:35:01","slug":"lutte-contre-le-terrorisme-lalgerie-reaffirme-son-leadership-africain","status":"publish","type":"post","link":"https:\/\/lasentinelle.dz\/index.php\/2025\/12\/15\/lutte-contre-le-terrorisme-lalgerie-reaffirme-son-leadership-africain\/","title":{"rendered":"Lutte contre le terrorisme\u00a0:\u00a0L&rsquo;Alg\u00e9rie r\u00e9affirme son leadership africain\u00a0"},"content":{"rendered":"\n<p>La secr\u00e9taire d&rsquo;\u00c9tat aupr\u00e8s du ministre des Affaires \u00e9trang\u00e8res, charg\u00e9e des Affaires africaines, Selma Bakhta Mansouri, a r\u00e9it\u00e9r\u00e9 lundi l&rsquo;engagement de l&rsquo;Alg\u00e9rie dans la lutte contre le terrorisme en Afrique, lors de l&rsquo;ouverture \u00e0 Alger d&rsquo;une r\u00e9union consultative des experts sur le plan d&rsquo;action strat\u00e9gique africain antiterroriste, organis\u00e9e par le Centre de l&rsquo;Union africaine pour la lutte contre le terrorisme.&nbsp;Cette rencontre de deux jours, qui se d\u00e9roule \u00e0 huis clos avec la participation d&rsquo;une \u00e9lite d&rsquo;experts et de sp\u00e9cialistes venus de diff\u00e9rentes r\u00e9gions et institutions africaines, vise \u00e0 \u00e9valuer et actualiser les m\u00e9canismes continentaux de lutte contre le terrorisme pour les adapter aux \u00e9volutions actuelles de la menace. Les participants examinent la r\u00e9solution et le projet du plan d&rsquo;action strat\u00e9gique continental, ainsi que le cadre politique et les plans d&rsquo;action r\u00e9gionaux, dans le but de renforcer la r\u00e9ponse africaine commune face \u00e0 un ph\u00e9nom\u00e8ne qui fait de l&rsquo;Afrique la premi\u00e8re victime mondiale du terrorisme.&nbsp;Dans son allocution d&rsquo;ouverture, Mme Mansouri a dress\u00e9 un tableau alarmant de l&rsquo;ampleur de la menace terroriste sur le continent africain. \u00ab\u00a0Le terrorisme n&rsquo;est plus un ph\u00e9nom\u00e8ne conjoncturel ou limit\u00e9 \u00e0 certaines zones g\u00e9ographiques, mais il s&rsquo;est transform\u00e9 en une menace transfrontali\u00e8re qui s&rsquo;adapte et s&rsquo;alimente des interactions complexes alliant criminalit\u00e9 organis\u00e9e transnationale, \u00e9conomies illicites, trafic ill\u00e9gal de ressources et exploitation croissante des technologies modernes\u00a0\u00bb, a-t-elle d\u00e9clar\u00e9. La secr\u00e9taire d&rsquo;\u00c9tat a soulign\u00e9 que \u00ab\u00a0l&rsquo;Afrique subit aujourd&rsquo;hui lourdement le poids de cette menace, repr\u00e9sentant plus de 70 % des victimes du terrorisme \u00e0 l&rsquo;\u00e9chelle mondiale, dans une crise structurelle qui affecte l&rsquo;autorit\u00e9 des \u00c9tats, compromet les trajectoires de d\u00e9veloppement et alimente des spirales d&rsquo;instabilit\u00e9\u00a0\u00bb.&nbsp;Cette situation critique a conduit les chefs d&rsquo;\u00c9tat et de gouvernement africains \u00e0 convoquer un sommet extraordinaire de l&rsquo;Union africaine \u00e0 Malabo en 2022, au cours duquel ils ont confi\u00e9 au pr\u00e9sident&nbsp;de la R\u00e9publique&nbsp;Abdelmadjid Tebboune le mandat de Coordonnateur de l&rsquo;UA sur la pr\u00e9vention et la lutte contre le terrorisme et l&rsquo;extr\u00e9misme violent. Ce mandat vise \u00e0 mobiliser la volont\u00e9 politique au plus haut niveau et \u00e0 consolider l&rsquo;appropriation africaine des strat\u00e9gies de lutte contre le terrorisme.<\/p>\n\n\n\n<p>Face \u00e0 la complexit\u00e9 des d\u00e9fis s\u00e9curitaires, Mme Mansouri a estim\u00e9 qu'\u00a0\u00bbil est n\u00e9cessaire que l&rsquo;Afrique renforce sa pr\u00e9sence et son r\u00f4le en tant qu&rsquo;acteur strat\u00e9gique influent dans l&rsquo;effort international de lutte contre le terrorisme, \u00e0 travers une approche continentale plus coh\u00e9rente et int\u00e9gr\u00e9e, reposant sur une vision claire et le renforcement de la souverainet\u00e9 strat\u00e9gique\u00a0\u00bb. Elle a appel\u00e9 \u00e0 l&rsquo;activation des m\u00e9canismes continentaux propos\u00e9s, en particulier le Fonds sp\u00e9cial de lutte contre le terrorisme, le mandat d&rsquo;arr\u00eat africain et la liste africaine des entit\u00e9s terroristes.&nbsp;La secr\u00e9taire d&rsquo;\u00c9tat a \u00e9galement insist\u00e9 sur la n\u00e9cessit\u00e9 de renforcer le sous-comit\u00e9 du Conseil de paix et de s\u00e9curit\u00e9 charg\u00e9 de la lutte contre le terrorisme, soulignant que le renforcement des capacit\u00e9s humaines, techniques et financi\u00e8res des m\u00e9canismes africains sp\u00e9cialis\u00e9s constitue un \u00e9l\u00e9ment d\u00e9cisif pour garantir l&rsquo;efficacit\u00e9 de toute r\u00e9ponse collective. Elle a notamment cit\u00e9 la Force africaine en attente, l&rsquo;agence AFRIPOL, le Comit\u00e9 africain de renseignement et de s\u00e9curit\u00e9, et le Centre de l&rsquo;Union africaine pour la lutte contre le terrorisme comme des institutions essentielles \u00e0 consolider.&nbsp;De son c\u00f4t\u00e9, le directeur adjoint du CUACT, Idriss Mounir Lallali, a soulign\u00e9 le r\u00f4le central de l&rsquo;Alg\u00e9rie dans les efforts de l&rsquo;UA pour combattre le terrorisme et pr\u00e9venir l&rsquo;extr\u00e9misme violent. Il a rappel\u00e9 que l&rsquo;accueil du CUACT&nbsp;\u00e0 Alger&nbsp;et la participation active de l&rsquo;Alg\u00e9rie aux m\u00e9canismes africains et internationaux refl\u00e8tent l&rsquo;engagement ferme du pays en faveur de la paix et de la s\u00e9curit\u00e9 sur le continent. M. Lallali a \u00e9galement fait observer que la participation de l&rsquo;Alg\u00e9rie \u00e0 l&rsquo;\u00e9laboration des instruments juridiques et proc\u00e9duraux de lutte contre le terrorisme, tels que la Convention de 1999, le Plan d&rsquo;action continental de 2002 et le Protocole additionnel de 2004, fait du pays un point d&rsquo;ancrage de la vision africaine collective.&nbsp;Les travaux de cette r\u00e9union consultative, qui constitue une plateforme essentielle pour l&rsquo;\u00e9change d&rsquo;expertises et le partage des meilleures pratiques entre les diff\u00e9rents acteurs, seront couronn\u00e9s par une s\u00e9rie de recommandations pratiques destin\u00e9es \u00e0 renforcer la coop\u00e9ration r\u00e9gionale et internationale dans le domaine de la lutte antiterroriste. Cette approche globale vise \u00e0 traiter non seulement les manifestations du terrorisme, mais \u00e9galement ses racines profondes, dans une perspective de pr\u00e9vention et de d\u00e9veloppement durable pour l&rsquo;ensemble du continent africain.<\/p>\n\n\n\n<p>Salim Amokrane<\/p>\n","protected":false},"excerpt":{"rendered":"<p>La secr\u00e9taire d&rsquo;\u00c9tat aupr\u00e8s du ministre des Affaires \u00e9trang\u00e8res, charg\u00e9e des Affaires africaines, Selma Bakhta Mansouri, a r\u00e9it\u00e9r\u00e9 lundi l&rsquo;engagement<\/p>\n","protected":false},"author":6,"featured_media":77865,"comment_status":"open","ping_status":"closed","sticky":false,"template":"","format":"standard","meta":{"colormag_page_container_layout":"default_layout","colormag_page_sidebar_layout":"default_layout","om_disable_all_campaigns":false,"_monsterinsights_skip_tracking":false,"_monsterinsights_sitenote_active":false,"_monsterinsights_sitenote_note":"","_monsterinsights_sitenote_category":0,"footnotes":"","_wpscppro_dont_share_socialmedia":false,"_wpscppro_custom_social_share_image":0,"_facebook_share_type":"default","_twitter_share_type":"default","_linkedin_share_type":"default","_pinterest_share_type":"default","_linkedin_share_type_page":"","_instagram_share_type":"default","_medium_share_type":"default","_threads_share_type":"default","_google_business_share_type":"default","_selected_social_profile":[],"_wpsp_enable_custom_social_template":false,"_wpsp_social_scheduling":{"enabled":false,"datetime":null,"platforms":[],"status":"template_only","dateOption":"today","timeOption":"now","customDays":"","customHours":"","customDate":"","customTime":"","schedulingType":"absolute"},"_wpsp_active_default_template":true},"categories":[52,27],"tags":[],"class_list":["post-77864","post","type-post","status-publish","format-standard","has-post-thumbnail","hentry","category-a-la-une","category-actualite"],"aioseo_notices":[],"yoast_head":"<!-- This site is optimized with the Yoast SEO plugin v27.5 - https:\/\/yoast.com\/product\/yoast-seo-wordpress\/ -->\n<title>Lutte contre le terrorisme\u00a0:\u00a0L&rsquo;Alg\u00e9rie r\u00e9affirme son leadership africain\u00a0 - La Sentinelle<\/title>\n<meta name=\"robots\" content=\"index, follow, max-snippet:-1, max-image-preview:large, max-video-preview:-1\" \/>\n<link rel=\"canonical\" href=\"https:\/\/lasentinelle.dz\/index.php\/2025\/12\/15\/lutte-contre-le-terrorisme-lalgerie-reaffirme-son-leadership-africain\/\" \/>\n<meta property=\"og:locale\" content=\"fr_FR\" \/>\n<meta property=\"og:type\" content=\"article\" \/>\n<meta property=\"og:title\" content=\"Lutte contre le terrorisme\u00a0:\u00a0L&rsquo;Alg\u00e9rie r\u00e9affirme son leadership africain\u00a0 - La Sentinelle\" \/>\n<meta property=\"og:description\" content=\"La secr\u00e9taire d&rsquo;\u00c9tat aupr\u00e8s du ministre des Affaires \u00e9trang\u00e8res, charg\u00e9e des Affaires africaines, Selma Bakhta Mansouri, a r\u00e9it\u00e9r\u00e9 lundi l&rsquo;engagement\" \/>\n<meta property=\"og:url\" content=\"https:\/\/lasentinelle.dz\/index.php\/2025\/12\/15\/lutte-contre-le-terrorisme-lalgerie-reaffirme-son-leadership-africain\/\" \/>\n<meta property=\"og:site_name\" content=\"La Sentinelle\" \/>\n<meta property=\"article:publisher\" content=\"https:\/\/www.facebook.com\/La-Sentinelle-104059864394773\" \/>\n<meta property=\"article:published_time\" content=\"2025-12-15T18:34:59+00:00\" \/>\n<meta property=\"article:modified_time\" content=\"2025-12-15T18:35:01+00:00\" \/>\n<meta property=\"og:image\" content=\"https:\/\/lasentinelle.dz\/wp-content\/uploads\/2025\/12\/597675545_1168512218763143_4170902523952384393_n.jpeg\" \/>\n\t<meta property=\"og:image:width\" content=\"1080\" \/>\n\t<meta property=\"og:image:height\" content=\"720\" \/>\n\t<meta property=\"og:image:type\" content=\"image\/jpeg\" \/>\n<meta name=\"author\" content=\"admin\" \/>\n<meta name=\"twitter:card\" content=\"summary_large_image\" \/>\n<meta name=\"twitter:label1\" content=\"\u00c9crit par\" \/>\n\t<meta name=\"twitter:data1\" content=\"admin\" \/>\n\t<meta name=\"twitter:label2\" content=\"Dur\u00e9e de lecture estim\u00e9e\" \/>\n\t<meta name=\"twitter:data2\" content=\"4 minutes\" \/>\n<script type=\"application\/ld+json\" class=\"yoast-schema-graph\">{\"@context\":\"https:\\\/\\\/schema.org\",\"@graph\":[{\"@type\":\"Article\",\"@id\":\"https:\\\/\\\/lasentinelle.dz\\\/index.php\\\/2025\\\/12\\\/15\\\/lutte-contre-le-terrorisme-lalgerie-reaffirme-son-leadership-africain\\\/#article\",\"isPartOf\":{\"@id\":\"https:\\\/\\\/lasentinelle.dz\\\/index.php\\\/2025\\\/12\\\/15\\\/lutte-contre-le-terrorisme-lalgerie-reaffirme-son-leadership-africain\\\/\"},\"author\":{\"name\":\"admin\",\"@id\":\"https:\\\/\\\/lasentinelle.dz\\\/#\\\/schema\\\/person\\\/729ee0024f24e0b8c5ec17232f8e8b41\"},\"headline\":\"Lutte contre le terrorisme\u00a0:\u00a0L&rsquo;Alg\u00e9rie r\u00e9affirme son leadership africain\u00a0\",\"datePublished\":\"2025-12-15T18:34:59+00:00\",\"dateModified\":\"2025-12-15T18:35:01+00:00\",\"mainEntityOfPage\":{\"@id\":\"https:\\\/\\\/lasentinelle.dz\\\/index.php\\\/2025\\\/12\\\/15\\\/lutte-contre-le-terrorisme-lalgerie-reaffirme-son-leadership-africain\\\/\"},\"wordCount\":857,\"commentCount\":0,\"publisher\":{\"@id\":\"https:\\\/\\\/lasentinelle.dz\\\/#organization\"},\"image\":{\"@id\":\"https:\\\/\\\/lasentinelle.dz\\\/index.php\\\/2025\\\/12\\\/15\\\/lutte-contre-le-terrorisme-lalgerie-reaffirme-son-leadership-africain\\\/#primaryimage\"},\"thumbnailUrl\":\"https:\\\/\\\/lasentinelle.dz\\\/wp-content\\\/uploads\\\/2025\\\/12\\\/597675545_1168512218763143_4170902523952384393_n.jpeg\",\"articleSection\":[\"\u00c0 la Une\",\"Actualit\u00e9\"],\"inLanguage\":\"fr-FR\",\"potentialAction\":[{\"@type\":\"CommentAction\",\"name\":\"Comment\",\"target\":[\"https:\\\/\\\/lasentinelle.dz\\\/index.php\\\/2025\\\/12\\\/15\\\/lutte-contre-le-terrorisme-lalgerie-reaffirme-son-leadership-africain\\\/#respond\"]}]},{\"@type\":\"WebPage\",\"@id\":\"https:\\\/\\\/lasentinelle.dz\\\/index.php\\\/2025\\\/12\\\/15\\\/lutte-contre-le-terrorisme-lalgerie-reaffirme-son-leadership-africain\\\/\",\"url\":\"https:\\\/\\\/lasentinelle.dz\\\/index.php\\\/2025\\\/12\\\/15\\\/lutte-contre-le-terrorisme-lalgerie-reaffirme-son-leadership-africain\\\/\",\"name\":\"Lutte contre le terrorisme\u00a0:\u00a0L&rsquo;Alg\u00e9rie r\u00e9affirme son leadership africain\u00a0 - La Sentinelle\",\"isPartOf\":{\"@id\":\"https:\\\/\\\/lasentinelle.dz\\\/#website\"},\"primaryImageOfPage\":{\"@id\":\"https:\\\/\\\/lasentinelle.dz\\\/index.php\\\/2025\\\/12\\\/15\\\/lutte-contre-le-terrorisme-lalgerie-reaffirme-son-leadership-africain\\\/#primaryimage\"},\"image\":{\"@id\":\"https:\\\/\\\/lasentinelle.dz\\\/index.php\\\/2025\\\/12\\\/15\\\/lutte-contre-le-terrorisme-lalgerie-reaffirme-son-leadership-africain\\\/#primaryimage\"},\"thumbnailUrl\":\"https:\\\/\\\/lasentinelle.dz\\\/wp-content\\\/uploads\\\/2025\\\/12\\\/597675545_1168512218763143_4170902523952384393_n.jpeg\",\"datePublished\":\"2025-12-15T18:34:59+00:00\",\"dateModified\":\"2025-12-15T18:35:01+00:00\",\"breadcrumb\":{\"@id\":\"https:\\\/\\\/lasentinelle.dz\\\/index.php\\\/2025\\\/12\\\/15\\\/lutte-contre-le-terrorisme-lalgerie-reaffirme-son-leadership-africain\\\/#breadcrumb\"},\"inLanguage\":\"fr-FR\",\"potentialAction\":[{\"@type\":\"ReadAction\",\"target\":[\"https:\\\/\\\/lasentinelle.dz\\\/index.php\\\/2025\\\/12\\\/15\\\/lutte-contre-le-terrorisme-lalgerie-reaffirme-son-leadership-africain\\\/\"]}]},{\"@type\":\"ImageObject\",\"inLanguage\":\"fr-FR\",\"@id\":\"https:\\\/\\\/lasentinelle.dz\\\/index.php\\\/2025\\\/12\\\/15\\\/lutte-contre-le-terrorisme-lalgerie-reaffirme-son-leadership-africain\\\/#primaryimage\",\"url\":\"https:\\\/\\\/lasentinelle.dz\\\/wp-content\\\/uploads\\\/2025\\\/12\\\/597675545_1168512218763143_4170902523952384393_n.jpeg\",\"contentUrl\":\"https:\\\/\\\/lasentinelle.dz\\\/wp-content\\\/uploads\\\/2025\\\/12\\\/597675545_1168512218763143_4170902523952384393_n.jpeg\",\"width\":1080,\"height\":720},{\"@type\":\"BreadcrumbList\",\"@id\":\"https:\\\/\\\/lasentinelle.dz\\\/index.php\\\/2025\\\/12\\\/15\\\/lutte-contre-le-terrorisme-lalgerie-reaffirme-son-leadership-africain\\\/#breadcrumb\",\"itemListElement\":[{\"@type\":\"ListItem\",\"position\":1,\"name\":\"Accueil\",\"item\":\"https:\\\/\\\/lasentinelle.dz\\\/\"},{\"@type\":\"ListItem\",\"position\":2,\"name\":\"Lutte contre le terrorisme\u00a0:\u00a0L&rsquo;Alg\u00e9rie r\u00e9affirme son leadership africain\u00a0\"}]},{\"@type\":\"WebSite\",\"@id\":\"https:\\\/\\\/lasentinelle.dz\\\/#website\",\"url\":\"https:\\\/\\\/lasentinelle.dz\\\/\",\"name\":\"La Sentinelle\",\"description\":\"Quotidien national d&#039;information\",\"publisher\":{\"@id\":\"https:\\\/\\\/lasentinelle.dz\\\/#organization\"},\"potentialAction\":[{\"@type\":\"SearchAction\",\"target\":{\"@type\":\"EntryPoint\",\"urlTemplate\":\"https:\\\/\\\/lasentinelle.dz\\\/?s={search_term_string}\"},\"query-input\":{\"@type\":\"PropertyValueSpecification\",\"valueRequired\":true,\"valueName\":\"search_term_string\"}}],\"inLanguage\":\"fr-FR\"},{\"@type\":\"Organization\",\"@id\":\"https:\\\/\\\/lasentinelle.dz\\\/#organization\",\"name\":\"Quotidien La Sentinelle\",\"url\":\"https:\\\/\\\/lasentinelle.dz\\\/\",\"logo\":{\"@type\":\"ImageObject\",\"inLanguage\":\"fr-FR\",\"@id\":\"https:\\\/\\\/lasentinelle.dz\\\/#\\\/schema\\\/logo\\\/image\\\/\",\"url\":\"https:\\\/\\\/lasentinelle.dz\\\/wp-content\\\/uploads\\\/2021\\\/09\\\/logo-sentinelleSLOGAN-1.png\",\"contentUrl\":\"https:\\\/\\\/lasentinelle.dz\\\/wp-content\\\/uploads\\\/2021\\\/09\\\/logo-sentinelleSLOGAN-1.png\",\"width\":615,\"height\":142,\"caption\":\"Quotidien La Sentinelle\"},\"image\":{\"@id\":\"https:\\\/\\\/lasentinelle.dz\\\/#\\\/schema\\\/logo\\\/image\\\/\"},\"sameAs\":[\"https:\\\/\\\/www.facebook.com\\\/La-Sentinelle-104059864394773\"]},{\"@type\":\"Person\",\"@id\":\"https:\\\/\\\/lasentinelle.dz\\\/#\\\/schema\\\/person\\\/729ee0024f24e0b8c5ec17232f8e8b41\",\"name\":\"admin\",\"image\":{\"@type\":\"ImageObject\",\"inLanguage\":\"fr-FR\",\"@id\":\"https:\\\/\\\/secure.gravatar.com\\\/avatar\\\/4c81fed838786e9b53f540bf46533e750f5d292099ae3b66cfc6fb1982e29df7?s=96&d=mm&r=g\",\"url\":\"https:\\\/\\\/secure.gravatar.com\\\/avatar\\\/4c81fed838786e9b53f540bf46533e750f5d292099ae3b66cfc6fb1982e29df7?s=96&d=mm&r=g\",\"contentUrl\":\"https:\\\/\\\/secure.gravatar.com\\\/avatar\\\/4c81fed838786e9b53f540bf46533e750f5d292099ae3b66cfc6fb1982e29df7?s=96&d=mm&r=g\",\"caption\":\"admin\"},\"description\":\"admin\",\"url\":\"https:\\\/\\\/lasentinelle.dz\\\/author\\\/admin\\\/\"}]}<\/script>\n<!-- \/ Yoast SEO plugin. -->","yoast_head_json":{"title":"Lutte contre le terrorisme\u00a0:\u00a0L&rsquo;Alg\u00e9rie r\u00e9affirme son leadership africain\u00a0 - La Sentinelle","robots":{"index":"index","follow":"follow","max-snippet":"max-snippet:-1","max-image-preview":"max-image-preview:large","max-video-preview":"max-video-preview:-1"},"canonical":"https:\/\/lasentinelle.dz\/index.php\/2025\/12\/15\/lutte-contre-le-terrorisme-lalgerie-reaffirme-son-leadership-africain\/","og_locale":"fr_FR","og_type":"article","og_title":"Lutte contre le terrorisme\u00a0:\u00a0L&rsquo;Alg\u00e9rie r\u00e9affirme son leadership africain\u00a0 - La Sentinelle","og_description":"La secr\u00e9taire d&rsquo;\u00c9tat aupr\u00e8s du ministre des Affaires \u00e9trang\u00e8res, charg\u00e9e des Affaires africaines, Selma Bakhta Mansouri, a r\u00e9it\u00e9r\u00e9 lundi l&rsquo;engagement","og_url":"https:\/\/lasentinelle.dz\/index.php\/2025\/12\/15\/lutte-contre-le-terrorisme-lalgerie-reaffirme-son-leadership-africain\/","og_site_name":"La Sentinelle","article_publisher":"https:\/\/www.facebook.com\/La-Sentinelle-104059864394773","article_published_time":"2025-12-15T18:34:59+00:00","article_modified_time":"2025-12-15T18:35:01+00:00","og_image":[{"width":1080,"height":720,"url":"https:\/\/lasentinelle.dz\/wp-content\/uploads\/2025\/12\/597675545_1168512218763143_4170902523952384393_n.jpeg","type":"image\/jpeg"}],"author":"admin","twitter_card":"summary_large_image","twitter_misc":{"\u00c9crit par":"admin","Dur\u00e9e de lecture estim\u00e9e":"4 minutes"},"schema":{"@context":"https:\/\/schema.org","@graph":[{"@type":"Article","@id":"https:\/\/lasentinelle.dz\/index.php\/2025\/12\/15\/lutte-contre-le-terrorisme-lalgerie-reaffirme-son-leadership-africain\/#article","isPartOf":{"@id":"https:\/\/lasentinelle.dz\/index.php\/2025\/12\/15\/lutte-contre-le-terrorisme-lalgerie-reaffirme-son-leadership-africain\/"},"author":{"name":"admin","@id":"https:\/\/lasentinelle.dz\/#\/schema\/person\/729ee0024f24e0b8c5ec17232f8e8b41"},"headline":"Lutte contre le terrorisme\u00a0:\u00a0L&rsquo;Alg\u00e9rie r\u00e9affirme son leadership africain\u00a0","datePublished":"2025-12-15T18:34:59+00:00","dateModified":"2025-12-15T18:35:01+00:00","mainEntityOfPage":{"@id":"https:\/\/lasentinelle.dz\/index.php\/2025\/12\/15\/lutte-contre-le-terrorisme-lalgerie-reaffirme-son-leadership-africain\/"},"wordCount":857,"commentCount":0,"publisher":{"@id":"https:\/\/lasentinelle.dz\/#organization"},"image":{"@id":"https:\/\/lasentinelle.dz\/index.php\/2025\/12\/15\/lutte-contre-le-terrorisme-lalgerie-reaffirme-son-leadership-africain\/#primaryimage"},"thumbnailUrl":"https:\/\/lasentinelle.dz\/wp-content\/uploads\/2025\/12\/597675545_1168512218763143_4170902523952384393_n.jpeg","articleSection":["\u00c0 la Une","Actualit\u00e9"],"inLanguage":"fr-FR","potentialAction":[{"@type":"CommentAction","name":"Comment","target":["https:\/\/lasentinelle.dz\/index.php\/2025\/12\/15\/lutte-contre-le-terrorisme-lalgerie-reaffirme-son-leadership-africain\/#respond"]}]},{"@type":"WebPage","@id":"https:\/\/lasentinelle.dz\/index.php\/2025\/12\/15\/lutte-contre-le-terrorisme-lalgerie-reaffirme-son-leadership-africain\/","url":"https:\/\/lasentinelle.dz\/index.php\/2025\/12\/15\/lutte-contre-le-terrorisme-lalgerie-reaffirme-son-leadership-africain\/","name":"Lutte contre le terrorisme\u00a0:\u00a0L&rsquo;Alg\u00e9rie r\u00e9affirme son leadership africain\u00a0 - La Sentinelle","isPartOf":{"@id":"https:\/\/lasentinelle.dz\/#website"},"primaryImageOfPage":{"@id":"https:\/\/lasentinelle.dz\/index.php\/2025\/12\/15\/lutte-contre-le-terrorisme-lalgerie-reaffirme-son-leadership-africain\/#primaryimage"},"image":{"@id":"https:\/\/lasentinelle.dz\/index.php\/2025\/12\/15\/lutte-contre-le-terrorisme-lalgerie-reaffirme-son-leadership-africain\/#primaryimage"},"thumbnailUrl":"https:\/\/lasentinelle.dz\/wp-content\/uploads\/2025\/12\/597675545_1168512218763143_4170902523952384393_n.jpeg","datePublished":"2025-12-15T18:34:59+00:00","dateModified":"2025-12-15T18:35:01+00:00","breadcrumb":{"@id":"https:\/\/lasentinelle.dz\/index.php\/2025\/12\/15\/lutte-contre-le-terrorisme-lalgerie-reaffirme-son-leadership-africain\/#breadcrumb"},"inLanguage":"fr-FR","potentialAction":[{"@type":"ReadAction","target":["https:\/\/lasentinelle.dz\/index.php\/2025\/12\/15\/lutte-contre-le-terrorisme-lalgerie-reaffirme-son-leadership-africain\/"]}]},{"@type":"ImageObject","inLanguage":"fr-FR","@id":"https:\/\/lasentinelle.dz\/index.php\/2025\/12\/15\/lutte-contre-le-terrorisme-lalgerie-reaffirme-son-leadership-africain\/#primaryimage","url":"https:\/\/lasentinelle.dz\/wp-content\/uploads\/2025\/12\/597675545_1168512218763143_4170902523952384393_n.jpeg","contentUrl":"https:\/\/lasentinelle.dz\/wp-content\/uploads\/2025\/12\/597675545_1168512218763143_4170902523952384393_n.jpeg","width":1080,"height":720},{"@type":"BreadcrumbList","@id":"https:\/\/lasentinelle.dz\/index.php\/2025\/12\/15\/lutte-contre-le-terrorisme-lalgerie-reaffirme-son-leadership-africain\/#breadcrumb","itemListElement":[{"@type":"ListItem","position":1,"name":"Accueil","item":"https:\/\/lasentinelle.dz\/"},{"@type":"ListItem","position":2,"name":"Lutte contre le terrorisme\u00a0:\u00a0L&rsquo;Alg\u00e9rie r\u00e9affirme son leadership africain\u00a0"}]},{"@type":"WebSite","@id":"https:\/\/lasentinelle.dz\/#website","url":"https:\/\/lasentinelle.dz\/","name":"La Sentinelle","description":"Quotidien national d&#039;information","publisher":{"@id":"https:\/\/lasentinelle.dz\/#organization"},"potentialAction":[{"@type":"SearchAction","target":{"@type":"EntryPoint","urlTemplate":"https:\/\/lasentinelle.dz\/?s={search_term_string}"},"query-input":{"@type":"PropertyValueSpecification","valueRequired":true,"valueName":"search_term_string"}}],"inLanguage":"fr-FR"},{"@type":"Organization","@id":"https:\/\/lasentinelle.dz\/#organization","name":"Quotidien La Sentinelle","url":"https:\/\/lasentinelle.dz\/","logo":{"@type":"ImageObject","inLanguage":"fr-FR","@id":"https:\/\/lasentinelle.dz\/#\/schema\/logo\/image\/","url":"https:\/\/lasentinelle.dz\/wp-content\/uploads\/2021\/09\/logo-sentinelleSLOGAN-1.png","contentUrl":"https:\/\/lasentinelle.dz\/wp-content\/uploads\/2021\/09\/logo-sentinelleSLOGAN-1.png","width":615,"height":142,"caption":"Quotidien La Sentinelle"},"image":{"@id":"https:\/\/lasentinelle.dz\/#\/schema\/logo\/image\/"},"sameAs":["https:\/\/www.facebook.com\/La-Sentinelle-104059864394773"]},{"@type":"Person","@id":"https:\/\/lasentinelle.dz\/#\/schema\/person\/729ee0024f24e0b8c5ec17232f8e8b41","name":"admin","image":{"@type":"ImageObject","inLanguage":"fr-FR","@id":"https:\/\/secure.gravatar.com\/avatar\/4c81fed838786e9b53f540bf46533e750f5d292099ae3b66cfc6fb1982e29df7?s=96&d=mm&r=g","url":"https:\/\/secure.gravatar.com\/avatar\/4c81fed838786e9b53f540bf46533e750f5d292099ae3b66cfc6fb1982e29df7?s=96&d=mm&r=g","contentUrl":"https:\/\/secure.gravatar.com\/avatar\/4c81fed838786e9b53f540bf46533e750f5d292099ae3b66cfc6fb1982e29df7?s=96&d=mm&r=g","caption":"admin"},"description":"admin","url":"https:\/\/lasentinelle.dz\/author\/admin\/"}]}},"_links":{"self":[{"href":"https:\/\/lasentinelle.dz\/index.php\/wp-json\/wp\/v2\/posts\/77864","targetHints":{"allow":["GET"]}}],"collection":[{"href":"https:\/\/lasentinelle.dz\/index.php\/wp-json\/wp\/v2\/posts"}],"about":[{"href":"https:\/\/lasentinelle.dz\/index.php\/wp-json\/wp\/v2\/types\/post"}],"author":[{"embeddable":true,"href":"https:\/\/lasentinelle.dz\/index.php\/wp-json\/wp\/v2\/users\/6"}],"replies":[{"embeddable":true,"href":"https:\/\/lasentinelle.dz\/index.php\/wp-json\/wp\/v2\/comments?post=77864"}],"version-history":[{"count":2,"href":"https:\/\/lasentinelle.dz\/index.php\/wp-json\/wp\/v2\/posts\/77864\/revisions"}],"predecessor-version":[{"id":77867,"href":"https:\/\/lasentinelle.dz\/index.php\/wp-json\/wp\/v2\/posts\/77864\/revisions\/77867"}],"wp:featuredmedia":[{"embeddable":true,"href":"https:\/\/lasentinelle.dz\/index.php\/wp-json\/wp\/v2\/media\/77865"}],"wp:attachment":[{"href":"https:\/\/lasentinelle.dz\/index.php\/wp-json\/wp\/v2\/media?parent=77864"}],"wp:term":[{"taxonomy":"category","embeddable":true,"href":"https:\/\/lasentinelle.dz\/index.php\/wp-json\/wp\/v2\/categories?post=77864"},{"taxonomy":"post_tag","embeddable":true,"href":"https:\/\/lasentinelle.dz\/index.php\/wp-json\/wp\/v2\/tags?post=77864"}],"curies":[{"name":"wp","href":"https:\/\/api.w.org\/{rel}","templated":true}]}}