{"id":77872,"date":"2025-12-15T19:37:11","date_gmt":"2025-12-15T18:37:11","guid":{"rendered":"https:\/\/lasentinelle.dz\/?p=77872"},"modified":"2025-12-15T19:37:13","modified_gmt":"2025-12-15T18:37:13","slug":"afin-daugmenter-significativement-le-debit-internet-pose-prochaine-dun-nouveau-cable-sous-marin","status":"publish","type":"post","link":"https:\/\/lasentinelle.dz\/index.php\/2025\/12\/15\/afin-daugmenter-significativement-le-debit-internet-pose-prochaine-dun-nouveau-cable-sous-marin\/","title":{"rendered":"Afin d&rsquo;augmenter significativement le d\u00e9bit internet\u00a0: Pose prochaine d\u2019un nouveau c\u00e2ble sous-marin"},"content":{"rendered":"\n<p>L&rsquo;Alg\u00e9rie s&rsquo;appr\u00eate \u00e0 franchir une nouvelle \u00e9tape dans le d\u00e9veloppement de son infrastructure num\u00e9rique. Le ministre de la Poste et des T\u00e9l\u00e9communications, Sid Ali Zerrouki, a annonc\u00e9 lundi \u00e0 Alger la pose imminente de la premi\u00e8re pierre d&rsquo;un nouveau c\u00e2ble sous-marin qui reliera le pays au r\u00e9seau international de t\u00e9l\u00e9communications. Cette infrastructure strat\u00e9gique devrait permettre d&rsquo;augmenter significativement le d\u00e9bit internet disponible sur le territoire national.\u00a0Invit\u00e9 du Forum de la Cha\u00eene 1 de la Radio alg\u00e9rienne, le ministre a pr\u00e9cis\u00e9 que \u00ab\u00a0la premi\u00e8re pierre d&rsquo;un nouveau c\u00e2ble sous-marin sera pos\u00e9e dans les deux prochains jours afin de renforcer l&rsquo;infrastructure internet en Alg\u00e9rie, dont la capacit\u00e9 s&rsquo;\u00e9l\u00e8ve \u00e0 10,2 t\u00e9rabits\u00a0\u00bb. M. Zerrouki s&rsquo;est montr\u00e9 rassurant quant \u00e0 la situation actuelle du pays en mati\u00e8re de connectivit\u00e9, affirmant que \u00ab\u00a0l&rsquo;Alg\u00e9rie se trouve actuellement dans une situation confortable en mati\u00e8re de d\u00e9bit internet, gr\u00e2ce \u00e0 cette capacit\u00e9 de stockage tr\u00e8s importante\u00a0\u00bb.\u00a0Cette annonce s&rsquo;inscrit dans une dynamique plus large de modernisation du secteur des t\u00e9l\u00e9communications. Le ministre a soulign\u00e9 que la transformation num\u00e9rique est devenue \u00ab\u00a0une n\u00e9cessit\u00e9 imp\u00e9rative\u00a0\u00bb, comme en t\u00e9moigne le lancement officiel de la 5G d\u00e9but d\u00e9cembre. Ce nouveau standard de t\u00e9l\u00e9phonie mobile, op\u00e9rationnel depuis le 3 d\u00e9cembre, concerne dans une premi\u00e8re phase plusieurs wilayas avant d&rsquo;\u00eatre progressivement \u00e9tendu \u00e0 l&rsquo;ensemble du territoire national. M. Zerrouki a pr\u00e9cis\u00e9 que les op\u00e9rateurs de t\u00e9l\u00e9phonie mobile sont techniquement pr\u00eats \u00e0 d\u00e9ployer ces r\u00e9seaux et \u00e0 utiliser les technologies modernes n\u00e9cessaires.\u00a0Le ministre a tenu \u00e0 d\u00e9mentir tout retard dans le d\u00e9ploiement de la 5G en Alg\u00e9rie, expliquant que le pays a pr\u00e9f\u00e9r\u00e9 se pr\u00e9parer minutieusement sur plusieurs aspects, notamment juridiques et techniques, particuli\u00e8rement en ce qui concerne les fr\u00e9quences du spectre, consid\u00e9r\u00e9es comme essentielles au lancement de tout service de t\u00e9l\u00e9communications. Il a \u00e9galement \u00e9voqu\u00e9 la possibilit\u00e9 d&rsquo;utiliser l&rsquo;infrastructure de la 4G pour faciliter le d\u00e9ploiement progressif de la 5G, une approche qui permettra de r\u00e9duire les co\u00fbts tout en acc\u00e9l\u00e9rant la couverture nationale.\u00a0<\/p>\n\n\n\n<p><strong>Vers trois millions d&rsquo;abonn\u00e9s \u00e0 la fibre optique<\/strong><\/p>\n\n\n\n<p>Sur le front de la fibre optique, les chiffres t\u00e9moignent d&rsquo;une croissance soutenue. Le nombre d&rsquo;abonn\u00e9s raccord\u00e9s \u00e0 cette technologie a atteint 2,9 millions, et devrait franchir le cap des trois millions dans les semaines \u00e0 venir. L&rsquo;objectif \u00e0 moyen terme est ambitieux : la g\u00e9n\u00e9ralisation du raccordement \u00e0 ce service d&rsquo;ici 2027, avec un objectif de 6,7 millions d&rsquo;abonn\u00e9s. M. Zerrouki a \u00e9galement soulign\u00e9 que le r\u00e9seau alg\u00e9rien de fibre optique a atteint les fronti\u00e8res de la Mauritanie et du Niger.<\/p>\n\n\n\n<p>Le ministre a par ailleurs mis en avant le r\u00f4le de l&rsquo;Alg\u00e9rie dans la protection des donn\u00e9es africaines, \u00e0 travers l&rsquo;adoption le 7 d\u00e9cembre de la \u00ab\u00a0D\u00e9claration d&rsquo;Alger\u00a0\u00bb sur les plateformes num\u00e9riques \u00e9quitables, s\u00fbres et responsables en Afrique. Ce document pr\u00e9sente un plan d&rsquo;action concret pour s\u00e9curiser les donn\u00e9es du continent.&nbsp;Concernant le paiement \u00e9lectronique, les progr\u00e8s sont \u00e9galement notables. M. Zerrouki a r\u00e9v\u00e9l\u00e9 que 150 millions d&rsquo;op\u00e9rations par carte Edahabia ont \u00e9t\u00e9 effectu\u00e9es en 2025, contre 83 millions en 2024. L&rsquo;objectif fix\u00e9 pour les deux prochaines ann\u00e9es est d&rsquo;atteindre un milliard de transactions annuelles. Le ministre a annonc\u00e9 le lancement prochain de nouvelles applications, notamment \u00ab\u00a0Cashless\u00a0\u00bb, destin\u00e9e aux op\u00e9rateurs \u00e9conomiques et aux commer\u00e7ants, ainsi qu&rsquo;un nouveau compte permettant des transactions commerciales non mon\u00e9taires.<\/p>\n\n\n\n<p>Enfin, sur le volet des ressources humaines, M. Zerrouki a fait le point sur le concours de recrutement lanc\u00e9 par le secteur. Sur 180.000 candidats, 7.000 remplissaient les conditions requises. Les dix premiers candidats ont \u00e9t\u00e9 retenus pour chaque poste et passent actuellement des entretiens avec les commissions de wilayas en vue de s\u00e9lectionner les profils les plus appropri\u00e9s. Les proc\u00e8s-verbaux d&rsquo;installation leur seront remis dans les prochains jours.<\/p>\n\n\n\n<p>Malik Meziane<\/p>\n","protected":false},"excerpt":{"rendered":"<p>L&rsquo;Alg\u00e9rie s&rsquo;appr\u00eate \u00e0 franchir une nouvelle \u00e9tape dans le d\u00e9veloppement de son infrastructure num\u00e9rique. Le ministre de la Poste et<\/p>\n","protected":false},"author":6,"featured_media":69598,"comment_status":"open","ping_status":"closed","sticky":false,"template":"","format":"standard","meta":{"colormag_page_container_layout":"default_layout","colormag_page_sidebar_layout":"default_layout","om_disable_all_campaigns":false,"_monsterinsights_skip_tracking":false,"_monsterinsights_sitenote_active":false,"_monsterinsights_sitenote_note":"","_monsterinsights_sitenote_category":0,"footnotes":"","_wpscppro_dont_share_socialmedia":false,"_wpscppro_custom_social_share_image":0,"_facebook_share_type":"default","_twitter_share_type":"default","_linkedin_share_type":"default","_pinterest_share_type":"default","_linkedin_share_type_page":"","_instagram_share_type":"default","_medium_share_type":"default","_threads_share_type":"default","_google_business_share_type":"default","_selected_social_profile":[],"_wpsp_enable_custom_social_template":false,"_wpsp_social_scheduling":{"enabled":false,"datetime":null,"platforms":[],"status":"template_only","dateOption":"today","timeOption":"now","customDays":"","customHours":"","customDate":"","customTime":"","schedulingType":"absolute"},"_wpsp_active_default_template":true},"categories":[52,27],"tags":[],"class_list":["post-77872","post","type-post","status-publish","format-standard","has-post-thumbnail","hentry","category-a-la-une","category-actualite"],"aioseo_notices":[],"yoast_head":"<!-- This site is optimized with the Yoast SEO plugin v27.5 - https:\/\/yoast.com\/product\/yoast-seo-wordpress\/ -->\n<title>Afin d&rsquo;augmenter significativement le d\u00e9bit internet\u00a0: Pose prochaine d\u2019un nouveau c\u00e2ble sous-marin - La Sentinelle<\/title>\n<meta name=\"robots\" content=\"index, follow, max-snippet:-1, max-image-preview:large, max-video-preview:-1\" \/>\n<link rel=\"canonical\" href=\"https:\/\/lasentinelle.dz\/index.php\/2025\/12\/15\/afin-daugmenter-significativement-le-debit-internet-pose-prochaine-dun-nouveau-cable-sous-marin\/\" \/>\n<meta property=\"og:locale\" content=\"fr_FR\" \/>\n<meta property=\"og:type\" content=\"article\" \/>\n<meta property=\"og:title\" content=\"Afin d&rsquo;augmenter significativement le d\u00e9bit internet\u00a0: Pose prochaine d\u2019un nouveau c\u00e2ble sous-marin - La Sentinelle\" \/>\n<meta property=\"og:description\" content=\"L&rsquo;Alg\u00e9rie s&rsquo;appr\u00eate \u00e0 franchir une nouvelle \u00e9tape dans le d\u00e9veloppement de son infrastructure num\u00e9rique. Le ministre de la Poste et\" \/>\n<meta property=\"og:url\" content=\"https:\/\/lasentinelle.dz\/index.php\/2025\/12\/15\/afin-daugmenter-significativement-le-debit-internet-pose-prochaine-dun-nouveau-cable-sous-marin\/\" \/>\n<meta property=\"og:site_name\" content=\"La Sentinelle\" \/>\n<meta property=\"article:publisher\" content=\"https:\/\/www.facebook.com\/La-Sentinelle-104059864394773\" \/>\n<meta property=\"article:published_time\" content=\"2025-12-15T18:37:11+00:00\" \/>\n<meta property=\"article:modified_time\" content=\"2025-12-15T18:37:13+00:00\" \/>\n<meta property=\"og:image\" content=\"https:\/\/lasentinelle.dz\/wp-content\/uploads\/2025\/06\/cable.jpg\" \/>\n\t<meta property=\"og:image:width\" content=\"896\" \/>\n\t<meta property=\"og:image:height\" content=\"598\" \/>\n\t<meta property=\"og:image:type\" content=\"image\/jpeg\" \/>\n<meta name=\"author\" content=\"admin\" \/>\n<meta name=\"twitter:card\" content=\"summary_large_image\" \/>\n<meta name=\"twitter:label1\" content=\"\u00c9crit par\" \/>\n\t<meta name=\"twitter:data1\" content=\"admin\" \/>\n\t<meta name=\"twitter:label2\" content=\"Dur\u00e9e de lecture estim\u00e9e\" \/>\n\t<meta name=\"twitter:data2\" content=\"4 minutes\" \/>\n<script type=\"application\/ld+json\" class=\"yoast-schema-graph\">{\"@context\":\"https:\\\/\\\/schema.org\",\"@graph\":[{\"@type\":\"Article\",\"@id\":\"https:\\\/\\\/lasentinelle.dz\\\/index.php\\\/2025\\\/12\\\/15\\\/afin-daugmenter-significativement-le-debit-internet-pose-prochaine-dun-nouveau-cable-sous-marin\\\/#article\",\"isPartOf\":{\"@id\":\"https:\\\/\\\/lasentinelle.dz\\\/index.php\\\/2025\\\/12\\\/15\\\/afin-daugmenter-significativement-le-debit-internet-pose-prochaine-dun-nouveau-cable-sous-marin\\\/\"},\"author\":{\"name\":\"admin\",\"@id\":\"https:\\\/\\\/lasentinelle.dz\\\/#\\\/schema\\\/person\\\/729ee0024f24e0b8c5ec17232f8e8b41\"},\"headline\":\"Afin d&rsquo;augmenter significativement le d\u00e9bit internet\u00a0: Pose prochaine d\u2019un nouveau c\u00e2ble sous-marin\",\"datePublished\":\"2025-12-15T18:37:11+00:00\",\"dateModified\":\"2025-12-15T18:37:13+00:00\",\"mainEntityOfPage\":{\"@id\":\"https:\\\/\\\/lasentinelle.dz\\\/index.php\\\/2025\\\/12\\\/15\\\/afin-daugmenter-significativement-le-debit-internet-pose-prochaine-dun-nouveau-cable-sous-marin\\\/\"},\"wordCount\":723,\"commentCount\":0,\"publisher\":{\"@id\":\"https:\\\/\\\/lasentinelle.dz\\\/#organization\"},\"image\":{\"@id\":\"https:\\\/\\\/lasentinelle.dz\\\/index.php\\\/2025\\\/12\\\/15\\\/afin-daugmenter-significativement-le-debit-internet-pose-prochaine-dun-nouveau-cable-sous-marin\\\/#primaryimage\"},\"thumbnailUrl\":\"https:\\\/\\\/lasentinelle.dz\\\/wp-content\\\/uploads\\\/2025\\\/06\\\/cable.jpg\",\"articleSection\":[\"\u00c0 la Une\",\"Actualit\u00e9\"],\"inLanguage\":\"fr-FR\",\"potentialAction\":[{\"@type\":\"CommentAction\",\"name\":\"Comment\",\"target\":[\"https:\\\/\\\/lasentinelle.dz\\\/index.php\\\/2025\\\/12\\\/15\\\/afin-daugmenter-significativement-le-debit-internet-pose-prochaine-dun-nouveau-cable-sous-marin\\\/#respond\"]}]},{\"@type\":\"WebPage\",\"@id\":\"https:\\\/\\\/lasentinelle.dz\\\/index.php\\\/2025\\\/12\\\/15\\\/afin-daugmenter-significativement-le-debit-internet-pose-prochaine-dun-nouveau-cable-sous-marin\\\/\",\"url\":\"https:\\\/\\\/lasentinelle.dz\\\/index.php\\\/2025\\\/12\\\/15\\\/afin-daugmenter-significativement-le-debit-internet-pose-prochaine-dun-nouveau-cable-sous-marin\\\/\",\"name\":\"Afin d&rsquo;augmenter significativement le d\u00e9bit internet\u00a0: Pose prochaine d\u2019un nouveau c\u00e2ble sous-marin - La Sentinelle\",\"isPartOf\":{\"@id\":\"https:\\\/\\\/lasentinelle.dz\\\/#website\"},\"primaryImageOfPage\":{\"@id\":\"https:\\\/\\\/lasentinelle.dz\\\/index.php\\\/2025\\\/12\\\/15\\\/afin-daugmenter-significativement-le-debit-internet-pose-prochaine-dun-nouveau-cable-sous-marin\\\/#primaryimage\"},\"image\":{\"@id\":\"https:\\\/\\\/lasentinelle.dz\\\/index.php\\\/2025\\\/12\\\/15\\\/afin-daugmenter-significativement-le-debit-internet-pose-prochaine-dun-nouveau-cable-sous-marin\\\/#primaryimage\"},\"thumbnailUrl\":\"https:\\\/\\\/lasentinelle.dz\\\/wp-content\\\/uploads\\\/2025\\\/06\\\/cable.jpg\",\"datePublished\":\"2025-12-15T18:37:11+00:00\",\"dateModified\":\"2025-12-15T18:37:13+00:00\",\"breadcrumb\":{\"@id\":\"https:\\\/\\\/lasentinelle.dz\\\/index.php\\\/2025\\\/12\\\/15\\\/afin-daugmenter-significativement-le-debit-internet-pose-prochaine-dun-nouveau-cable-sous-marin\\\/#breadcrumb\"},\"inLanguage\":\"fr-FR\",\"potentialAction\":[{\"@type\":\"ReadAction\",\"target\":[\"https:\\\/\\\/lasentinelle.dz\\\/index.php\\\/2025\\\/12\\\/15\\\/afin-daugmenter-significativement-le-debit-internet-pose-prochaine-dun-nouveau-cable-sous-marin\\\/\"]}]},{\"@type\":\"ImageObject\",\"inLanguage\":\"fr-FR\",\"@id\":\"https:\\\/\\\/lasentinelle.dz\\\/index.php\\\/2025\\\/12\\\/15\\\/afin-daugmenter-significativement-le-debit-internet-pose-prochaine-dun-nouveau-cable-sous-marin\\\/#primaryimage\",\"url\":\"https:\\\/\\\/lasentinelle.dz\\\/wp-content\\\/uploads\\\/2025\\\/06\\\/cable.jpg\",\"contentUrl\":\"https:\\\/\\\/lasentinelle.dz\\\/wp-content\\\/uploads\\\/2025\\\/06\\\/cable.jpg\",\"width\":896,\"height\":598},{\"@type\":\"BreadcrumbList\",\"@id\":\"https:\\\/\\\/lasentinelle.dz\\\/index.php\\\/2025\\\/12\\\/15\\\/afin-daugmenter-significativement-le-debit-internet-pose-prochaine-dun-nouveau-cable-sous-marin\\\/#breadcrumb\",\"itemListElement\":[{\"@type\":\"ListItem\",\"position\":1,\"name\":\"Accueil\",\"item\":\"https:\\\/\\\/lasentinelle.dz\\\/\"},{\"@type\":\"ListItem\",\"position\":2,\"name\":\"Afin d&rsquo;augmenter significativement le d\u00e9bit internet\u00a0: Pose prochaine d\u2019un nouveau c\u00e2ble sous-marin\"}]},{\"@type\":\"WebSite\",\"@id\":\"https:\\\/\\\/lasentinelle.dz\\\/#website\",\"url\":\"https:\\\/\\\/lasentinelle.dz\\\/\",\"name\":\"La Sentinelle\",\"description\":\"Quotidien national d&#039;information\",\"publisher\":{\"@id\":\"https:\\\/\\\/lasentinelle.dz\\\/#organization\"},\"potentialAction\":[{\"@type\":\"SearchAction\",\"target\":{\"@type\":\"EntryPoint\",\"urlTemplate\":\"https:\\\/\\\/lasentinelle.dz\\\/?s={search_term_string}\"},\"query-input\":{\"@type\":\"PropertyValueSpecification\",\"valueRequired\":true,\"valueName\":\"search_term_string\"}}],\"inLanguage\":\"fr-FR\"},{\"@type\":\"Organization\",\"@id\":\"https:\\\/\\\/lasentinelle.dz\\\/#organization\",\"name\":\"Quotidien La Sentinelle\",\"url\":\"https:\\\/\\\/lasentinelle.dz\\\/\",\"logo\":{\"@type\":\"ImageObject\",\"inLanguage\":\"fr-FR\",\"@id\":\"https:\\\/\\\/lasentinelle.dz\\\/#\\\/schema\\\/logo\\\/image\\\/\",\"url\":\"https:\\\/\\\/lasentinelle.dz\\\/wp-content\\\/uploads\\\/2021\\\/09\\\/logo-sentinelleSLOGAN-1.png\",\"contentUrl\":\"https:\\\/\\\/lasentinelle.dz\\\/wp-content\\\/uploads\\\/2021\\\/09\\\/logo-sentinelleSLOGAN-1.png\",\"width\":615,\"height\":142,\"caption\":\"Quotidien La Sentinelle\"},\"image\":{\"@id\":\"https:\\\/\\\/lasentinelle.dz\\\/#\\\/schema\\\/logo\\\/image\\\/\"},\"sameAs\":[\"https:\\\/\\\/www.facebook.com\\\/La-Sentinelle-104059864394773\"]},{\"@type\":\"Person\",\"@id\":\"https:\\\/\\\/lasentinelle.dz\\\/#\\\/schema\\\/person\\\/729ee0024f24e0b8c5ec17232f8e8b41\",\"name\":\"admin\",\"image\":{\"@type\":\"ImageObject\",\"inLanguage\":\"fr-FR\",\"@id\":\"https:\\\/\\\/secure.gravatar.com\\\/avatar\\\/4c81fed838786e9b53f540bf46533e750f5d292099ae3b66cfc6fb1982e29df7?s=96&d=mm&r=g\",\"url\":\"https:\\\/\\\/secure.gravatar.com\\\/avatar\\\/4c81fed838786e9b53f540bf46533e750f5d292099ae3b66cfc6fb1982e29df7?s=96&d=mm&r=g\",\"contentUrl\":\"https:\\\/\\\/secure.gravatar.com\\\/avatar\\\/4c81fed838786e9b53f540bf46533e750f5d292099ae3b66cfc6fb1982e29df7?s=96&d=mm&r=g\",\"caption\":\"admin\"},\"description\":\"admin\",\"url\":\"https:\\\/\\\/lasentinelle.dz\\\/author\\\/admin\\\/\"}]}<\/script>\n<!-- \/ Yoast SEO plugin. -->","yoast_head_json":{"title":"Afin d&rsquo;augmenter significativement le d\u00e9bit internet\u00a0: Pose prochaine d\u2019un nouveau c\u00e2ble sous-marin - La Sentinelle","robots":{"index":"index","follow":"follow","max-snippet":"max-snippet:-1","max-image-preview":"max-image-preview:large","max-video-preview":"max-video-preview:-1"},"canonical":"https:\/\/lasentinelle.dz\/index.php\/2025\/12\/15\/afin-daugmenter-significativement-le-debit-internet-pose-prochaine-dun-nouveau-cable-sous-marin\/","og_locale":"fr_FR","og_type":"article","og_title":"Afin d&rsquo;augmenter significativement le d\u00e9bit internet\u00a0: Pose prochaine d\u2019un nouveau c\u00e2ble sous-marin - La Sentinelle","og_description":"L&rsquo;Alg\u00e9rie s&rsquo;appr\u00eate \u00e0 franchir une nouvelle \u00e9tape dans le d\u00e9veloppement de son infrastructure num\u00e9rique. Le ministre de la Poste et","og_url":"https:\/\/lasentinelle.dz\/index.php\/2025\/12\/15\/afin-daugmenter-significativement-le-debit-internet-pose-prochaine-dun-nouveau-cable-sous-marin\/","og_site_name":"La Sentinelle","article_publisher":"https:\/\/www.facebook.com\/La-Sentinelle-104059864394773","article_published_time":"2025-12-15T18:37:11+00:00","article_modified_time":"2025-12-15T18:37:13+00:00","og_image":[{"width":896,"height":598,"url":"https:\/\/lasentinelle.dz\/wp-content\/uploads\/2025\/06\/cable.jpg","type":"image\/jpeg"}],"author":"admin","twitter_card":"summary_large_image","twitter_misc":{"\u00c9crit par":"admin","Dur\u00e9e de lecture estim\u00e9e":"4 minutes"},"schema":{"@context":"https:\/\/schema.org","@graph":[{"@type":"Article","@id":"https:\/\/lasentinelle.dz\/index.php\/2025\/12\/15\/afin-daugmenter-significativement-le-debit-internet-pose-prochaine-dun-nouveau-cable-sous-marin\/#article","isPartOf":{"@id":"https:\/\/lasentinelle.dz\/index.php\/2025\/12\/15\/afin-daugmenter-significativement-le-debit-internet-pose-prochaine-dun-nouveau-cable-sous-marin\/"},"author":{"name":"admin","@id":"https:\/\/lasentinelle.dz\/#\/schema\/person\/729ee0024f24e0b8c5ec17232f8e8b41"},"headline":"Afin d&rsquo;augmenter significativement le d\u00e9bit internet\u00a0: Pose prochaine d\u2019un nouveau c\u00e2ble sous-marin","datePublished":"2025-12-15T18:37:11+00:00","dateModified":"2025-12-15T18:37:13+00:00","mainEntityOfPage":{"@id":"https:\/\/lasentinelle.dz\/index.php\/2025\/12\/15\/afin-daugmenter-significativement-le-debit-internet-pose-prochaine-dun-nouveau-cable-sous-marin\/"},"wordCount":723,"commentCount":0,"publisher":{"@id":"https:\/\/lasentinelle.dz\/#organization"},"image":{"@id":"https:\/\/lasentinelle.dz\/index.php\/2025\/12\/15\/afin-daugmenter-significativement-le-debit-internet-pose-prochaine-dun-nouveau-cable-sous-marin\/#primaryimage"},"thumbnailUrl":"https:\/\/lasentinelle.dz\/wp-content\/uploads\/2025\/06\/cable.jpg","articleSection":["\u00c0 la Une","Actualit\u00e9"],"inLanguage":"fr-FR","potentialAction":[{"@type":"CommentAction","name":"Comment","target":["https:\/\/lasentinelle.dz\/index.php\/2025\/12\/15\/afin-daugmenter-significativement-le-debit-internet-pose-prochaine-dun-nouveau-cable-sous-marin\/#respond"]}]},{"@type":"WebPage","@id":"https:\/\/lasentinelle.dz\/index.php\/2025\/12\/15\/afin-daugmenter-significativement-le-debit-internet-pose-prochaine-dun-nouveau-cable-sous-marin\/","url":"https:\/\/lasentinelle.dz\/index.php\/2025\/12\/15\/afin-daugmenter-significativement-le-debit-internet-pose-prochaine-dun-nouveau-cable-sous-marin\/","name":"Afin d&rsquo;augmenter significativement le d\u00e9bit internet\u00a0: Pose prochaine d\u2019un nouveau c\u00e2ble sous-marin - La Sentinelle","isPartOf":{"@id":"https:\/\/lasentinelle.dz\/#website"},"primaryImageOfPage":{"@id":"https:\/\/lasentinelle.dz\/index.php\/2025\/12\/15\/afin-daugmenter-significativement-le-debit-internet-pose-prochaine-dun-nouveau-cable-sous-marin\/#primaryimage"},"image":{"@id":"https:\/\/lasentinelle.dz\/index.php\/2025\/12\/15\/afin-daugmenter-significativement-le-debit-internet-pose-prochaine-dun-nouveau-cable-sous-marin\/#primaryimage"},"thumbnailUrl":"https:\/\/lasentinelle.dz\/wp-content\/uploads\/2025\/06\/cable.jpg","datePublished":"2025-12-15T18:37:11+00:00","dateModified":"2025-12-15T18:37:13+00:00","breadcrumb":{"@id":"https:\/\/lasentinelle.dz\/index.php\/2025\/12\/15\/afin-daugmenter-significativement-le-debit-internet-pose-prochaine-dun-nouveau-cable-sous-marin\/#breadcrumb"},"inLanguage":"fr-FR","potentialAction":[{"@type":"ReadAction","target":["https:\/\/lasentinelle.dz\/index.php\/2025\/12\/15\/afin-daugmenter-significativement-le-debit-internet-pose-prochaine-dun-nouveau-cable-sous-marin\/"]}]},{"@type":"ImageObject","inLanguage":"fr-FR","@id":"https:\/\/lasentinelle.dz\/index.php\/2025\/12\/15\/afin-daugmenter-significativement-le-debit-internet-pose-prochaine-dun-nouveau-cable-sous-marin\/#primaryimage","url":"https:\/\/lasentinelle.dz\/wp-content\/uploads\/2025\/06\/cable.jpg","contentUrl":"https:\/\/lasentinelle.dz\/wp-content\/uploads\/2025\/06\/cable.jpg","width":896,"height":598},{"@type":"BreadcrumbList","@id":"https:\/\/lasentinelle.dz\/index.php\/2025\/12\/15\/afin-daugmenter-significativement-le-debit-internet-pose-prochaine-dun-nouveau-cable-sous-marin\/#breadcrumb","itemListElement":[{"@type":"ListItem","position":1,"name":"Accueil","item":"https:\/\/lasentinelle.dz\/"},{"@type":"ListItem","position":2,"name":"Afin d&rsquo;augmenter significativement le d\u00e9bit internet\u00a0: Pose prochaine d\u2019un nouveau c\u00e2ble sous-marin"}]},{"@type":"WebSite","@id":"https:\/\/lasentinelle.dz\/#website","url":"https:\/\/lasentinelle.dz\/","name":"La Sentinelle","description":"Quotidien national d&#039;information","publisher":{"@id":"https:\/\/lasentinelle.dz\/#organization"},"potentialAction":[{"@type":"SearchAction","target":{"@type":"EntryPoint","urlTemplate":"https:\/\/lasentinelle.dz\/?s={search_term_string}"},"query-input":{"@type":"PropertyValueSpecification","valueRequired":true,"valueName":"search_term_string"}}],"inLanguage":"fr-FR"},{"@type":"Organization","@id":"https:\/\/lasentinelle.dz\/#organization","name":"Quotidien La Sentinelle","url":"https:\/\/lasentinelle.dz\/","logo":{"@type":"ImageObject","inLanguage":"fr-FR","@id":"https:\/\/lasentinelle.dz\/#\/schema\/logo\/image\/","url":"https:\/\/lasentinelle.dz\/wp-content\/uploads\/2021\/09\/logo-sentinelleSLOGAN-1.png","contentUrl":"https:\/\/lasentinelle.dz\/wp-content\/uploads\/2021\/09\/logo-sentinelleSLOGAN-1.png","width":615,"height":142,"caption":"Quotidien La Sentinelle"},"image":{"@id":"https:\/\/lasentinelle.dz\/#\/schema\/logo\/image\/"},"sameAs":["https:\/\/www.facebook.com\/La-Sentinelle-104059864394773"]},{"@type":"Person","@id":"https:\/\/lasentinelle.dz\/#\/schema\/person\/729ee0024f24e0b8c5ec17232f8e8b41","name":"admin","image":{"@type":"ImageObject","inLanguage":"fr-FR","@id":"https:\/\/secure.gravatar.com\/avatar\/4c81fed838786e9b53f540bf46533e750f5d292099ae3b66cfc6fb1982e29df7?s=96&d=mm&r=g","url":"https:\/\/secure.gravatar.com\/avatar\/4c81fed838786e9b53f540bf46533e750f5d292099ae3b66cfc6fb1982e29df7?s=96&d=mm&r=g","contentUrl":"https:\/\/secure.gravatar.com\/avatar\/4c81fed838786e9b53f540bf46533e750f5d292099ae3b66cfc6fb1982e29df7?s=96&d=mm&r=g","caption":"admin"},"description":"admin","url":"https:\/\/lasentinelle.dz\/author\/admin\/"}]}},"_links":{"self":[{"href":"https:\/\/lasentinelle.dz\/index.php\/wp-json\/wp\/v2\/posts\/77872","targetHints":{"allow":["GET"]}}],"collection":[{"href":"https:\/\/lasentinelle.dz\/index.php\/wp-json\/wp\/v2\/posts"}],"about":[{"href":"https:\/\/lasentinelle.dz\/index.php\/wp-json\/wp\/v2\/types\/post"}],"author":[{"embeddable":true,"href":"https:\/\/lasentinelle.dz\/index.php\/wp-json\/wp\/v2\/users\/6"}],"replies":[{"embeddable":true,"href":"https:\/\/lasentinelle.dz\/index.php\/wp-json\/wp\/v2\/comments?post=77872"}],"version-history":[{"count":2,"href":"https:\/\/lasentinelle.dz\/index.php\/wp-json\/wp\/v2\/posts\/77872\/revisions"}],"predecessor-version":[{"id":77874,"href":"https:\/\/lasentinelle.dz\/index.php\/wp-json\/wp\/v2\/posts\/77872\/revisions\/77874"}],"wp:featuredmedia":[{"embeddable":true,"href":"https:\/\/lasentinelle.dz\/index.php\/wp-json\/wp\/v2\/media\/69598"}],"wp:attachment":[{"href":"https:\/\/lasentinelle.dz\/index.php\/wp-json\/wp\/v2\/media?parent=77872"}],"wp:term":[{"taxonomy":"category","embeddable":true,"href":"https:\/\/lasentinelle.dz\/index.php\/wp-json\/wp\/v2\/categories?post=77872"},{"taxonomy":"post_tag","embeddable":true,"href":"https:\/\/lasentinelle.dz\/index.php\/wp-json\/wp\/v2\/tags?post=77872"}],"curies":[{"name":"wp","href":"https:\/\/api.w.org\/{rel}","templated":true}]}}