{"id":77879,"date":"2025-12-15T19:39:34","date_gmt":"2025-12-15T18:39:34","guid":{"rendered":"https:\/\/lasentinelle.dz\/?p=77879"},"modified":"2025-12-15T19:39:35","modified_gmt":"2025-12-15T18:39:35","slug":"le-nouveau-code-de-la-route-presente-a-lapn-un-arsenal-legislatif-renforce-face-a-lhecatombe-routiere","status":"publish","type":"post","link":"https:\/\/lasentinelle.dz\/index.php\/2025\/12\/15\/le-nouveau-code-de-la-route-presente-a-lapn-un-arsenal-legislatif-renforce-face-a-lhecatombe-routiere\/","title":{"rendered":"Le nouveau Code de la route\u00a0pr\u00e9sent\u00e9 \u00e0 l\u2019APN\u00a0: Un arsenal l\u00e9gislatif renforc\u00e9 face \u00e0 l&rsquo;h\u00e9catombe routi\u00e8re"},"content":{"rendered":"\n<p>Le ministre de l&rsquo;Int\u00e9rieur, des Collectivit\u00e9s locales et des Transports, Sa\u00efd Sayoud, a pr\u00e9sent\u00e9 lundi devant l&rsquo;Assembl\u00e9e populaire nationale un projet de loi portant nouveau Code de la route, marquant une \u00e9tape d\u00e9cisive dans la lutte contre l&rsquo;ins\u00e9curit\u00e9 routi\u00e8re qui endeuille quotidiennement des familles alg\u00e9riennes.&nbsp;Le ministre a d&#8217;embl\u00e9e situ\u00e9 le contexte de cette initiative l\u00e9gislative en rappelant que l&rsquo;\u00e9laboration de ce texte s&rsquo;inscrit dans le cadre de la mise en \u0153uvre des instructions du pr\u00e9sident de la R\u00e9publique, Abdelmadjid Tebboune, visant \u00e0 \u00ab\u00a0renforcer les mesures permettant d&rsquo;\u00e9radiquer le ph\u00e9nom\u00e8ne de l&rsquo;ins\u00e9curit\u00e9 routi\u00e8re\u00a0\u00bb, outre \u00ab\u00a0l&rsquo;organisation du trafic routier en phase avec le nombre croissant de v\u00e9hicules et le d\u00e9veloppement de l&rsquo;infrastructure\u00a0\u00bb.&nbsp;&nbsp;Sa\u00efd Sayoud a pr\u00e9cis\u00e9 que pour atteindre cet objectif ambitieux, le projet de loi pr\u00e9voit \u00ab\u00a0un cadre l\u00e9gal strict\u00a0\u00bb destin\u00e9 \u00e0 limiter les accidents de la circulation, comprenant plusieurs mesures qui faciliteront la mise en \u0153uvre efficace des m\u00e9canismes op\u00e9rationnels pr\u00e9vus dans ce projet de loi. Parmi ces mesures figure la r\u00e9vision en profondeur des conditions et modalit\u00e9s d&rsquo;obtention du permis de conduire. D\u00e9sormais, le texte pr\u00e9voit le d\u00e9p\u00f4t d&rsquo;un dossier remplissant des conditions l\u00e9gales renforc\u00e9es, notamment un certificat m\u00e9dical prouvant l&rsquo;aptitude de la personne \u00e0 conduire des v\u00e9hicules et des analyses n\u00e9gatives prouvant la non-consommation de stup\u00e9fiants, une innovation majeure qui r\u00e9pond \u00e0 la multiplication des accidents impliquant des conducteurs sous l&#8217;emprise de substances illicites.&nbsp;Afin de renforcer le contr\u00f4le de la s\u00e9curit\u00e9 routi\u00e8re, le texte comporte des dispositions pr\u00e9voyant d&rsquo;\u00e9quiper les agents de contr\u00f4le relevant des services de s\u00e9curit\u00e9 en appareils de d\u00e9tection de la consommation de stup\u00e9fiants, en dispositifs de contr\u00f4le du poids des charges aux points de contr\u00f4le de s\u00e9curit\u00e9 et en moyens technologiques permettant le paiement \u00e9lectronique des amendes.&nbsp;<\/p>\n\n\n\n<p>Le projet de loi propose \u00e9galement des dispositions innovantes pr\u00e9voyant la mise en place d&rsquo;agents asserment\u00e9s charg\u00e9s du contr\u00f4le technique des v\u00e9hicules, \u00e0 travers \u00ab\u00a0l&rsquo;obligation pour tous les contr\u00f4leurs techniques des agences de contr\u00f4le technique des v\u00e9hicules, les experts des mines et les experts agr\u00e9\u00e9s de pr\u00eater serment l\u00e9gal devant le tribunal\u00a0\u00bb.&nbsp;<\/p>\n\n\n\n<p>L&rsquo;un des apports majeurs du texte r\u00e9side dans la cr\u00e9ation d&rsquo;un \u00ab\u00a0syst\u00e8me national des points noirs\u00a0\u00bb, destin\u00e9 \u00e0 collecter et \u00e0 \u00e9changer les donn\u00e9es et statistiques relatives aux accidents de la route. Ce syst\u00e8me sera aliment\u00e9 r\u00e9guli\u00e8rement par les services de s\u00e9curit\u00e9, les services de sant\u00e9 comp\u00e9tents, la Protection civile et tout autre intervenant dans le domaine, permettant ainsi une approche scientifique et pr\u00e9ventive de la lutte contre l&rsquo;ins\u00e9curit\u00e9 routi\u00e8re fond\u00e9e sur l&rsquo;identification pr\u00e9cise des zones dangereuses.<\/p>\n\n\n\n<p>Sur le plan r\u00e9pressif, le projet de loi innove en classant les infractions li\u00e9es au code de la route selon leur gravit\u00e9 en contraventions et d\u00e9lits, et introduit pour la premi\u00e8re fois dans la l\u00e9gislation routi\u00e8re des crimes, tout en fixant les peines correspondantes. Il pr\u00e9voit \u00e9galement \u00ab\u00a0des dispositions sp\u00e9cifiques relatives aux sanctions compl\u00e9mentaires, comme le retrait ou l&rsquo;annulation du permis de conduire et la confiscation du v\u00e9hicule\u00a0\u00bb, durcissant ainsi consid\u00e9rablement l&rsquo;arsenal r\u00e9pressif \u00e0 disposition des autorit\u00e9s. Symboliquement, le projet de loi propose \u00e9galement l&rsquo;institution d&rsquo;une \u00ab\u00a0Journ\u00e9e nationale de la s\u00e9curit\u00e9 routi\u00e8re\u00a0\u00bb, correspondant \u00e0 la date de promulgation de la loi.&nbsp;Dans son rapport pr\u00e9liminaire, la Commission sp\u00e9cialis\u00e9e de l&rsquo;APN a salu\u00e9 le contenu de ce projet de loi, qui intervient \u00ab\u00a0en r\u00e9ponse \u00e0 la situation pr\u00e9occupante de la s\u00e9curit\u00e9 routi\u00e8re dans notre pays\u00a0\u00bb, notant que des dispositions globales et strictes ont \u00e9t\u00e9 propos\u00e9es, pr\u00e9voyant l&rsquo;\u00e9largissement de la responsabilit\u00e9 \u00e0 l&rsquo;ensemble des acteurs intervenant sur le r\u00e9seau routier.&nbsp;Rappelons que le directeur du transport routier et de la logistique au minist\u00e8re de l\u2019Int\u00e9rieur et des Transports, Abdelghani Hammani, a indiqu\u00e9, ce dimanche, sur les onde de la Radio alg\u00e9rienne que&nbsp;&nbsp;24 644 accidents ont \u00e9t\u00e9 d\u00e9nombr\u00e9s entre 2022 et 2024 avec un triste bilan de 3 159 d\u00e9c\u00e8s et 33 513 bless\u00e9s, et un co\u00fbt estim\u00e9 par l\u2019&rsquo;inspection g\u00e9n\u00e9rale des finances (IGF) \u00e0 230 milliards de dinars.<\/p>\n\n\n\n<p>Chokri Hafed<\/p>\n","protected":false},"excerpt":{"rendered":"<p>Le ministre de l&rsquo;Int\u00e9rieur, des Collectivit\u00e9s locales et des Transports, Sa\u00efd Sayoud, a pr\u00e9sent\u00e9 lundi devant l&rsquo;Assembl\u00e9e populaire nationale un<\/p>\n","protected":false},"author":6,"featured_media":77880,"comment_status":"open","ping_status":"closed","sticky":false,"template":"","format":"standard","meta":{"colormag_page_container_layout":"default_layout","colormag_page_sidebar_layout":"default_layout","om_disable_all_campaigns":false,"_monsterinsights_skip_tracking":false,"_monsterinsights_sitenote_active":false,"_monsterinsights_sitenote_note":"","_monsterinsights_sitenote_category":0,"footnotes":"","_wpscppro_dont_share_socialmedia":false,"_wpscppro_custom_social_share_image":0,"_facebook_share_type":"default","_twitter_share_type":"default","_linkedin_share_type":"default","_pinterest_share_type":"default","_linkedin_share_type_page":"","_instagram_share_type":"default","_medium_share_type":"default","_threads_share_type":"default","_google_business_share_type":"default","_selected_social_profile":[],"_wpsp_enable_custom_social_template":false,"_wpsp_social_scheduling":{"enabled":false,"datetime":null,"platforms":[],"status":"template_only","dateOption":"today","timeOption":"now","customDays":"","customHours":"","customDate":"","customTime":"","schedulingType":"absolute"},"_wpsp_active_default_template":true},"categories":[27],"tags":[],"class_list":["post-77879","post","type-post","status-publish","format-standard","has-post-thumbnail","hentry","category-actualite"],"aioseo_notices":[],"yoast_head":"<!-- This site is optimized with the Yoast SEO plugin v27.5 - https:\/\/yoast.com\/product\/yoast-seo-wordpress\/ -->\n<title>Le nouveau Code de la route\u00a0pr\u00e9sent\u00e9 \u00e0 l\u2019APN\u00a0: Un arsenal l\u00e9gislatif renforc\u00e9 face \u00e0 l&rsquo;h\u00e9catombe routi\u00e8re - La Sentinelle<\/title>\n<meta name=\"robots\" content=\"index, follow, max-snippet:-1, max-image-preview:large, max-video-preview:-1\" \/>\n<link rel=\"canonical\" href=\"https:\/\/lasentinelle.dz\/index.php\/2025\/12\/15\/le-nouveau-code-de-la-route-presente-a-lapn-un-arsenal-legislatif-renforce-face-a-lhecatombe-routiere\/\" \/>\n<meta property=\"og:locale\" content=\"fr_FR\" \/>\n<meta property=\"og:type\" content=\"article\" \/>\n<meta property=\"og:title\" content=\"Le nouveau Code de la route\u00a0pr\u00e9sent\u00e9 \u00e0 l\u2019APN\u00a0: Un arsenal l\u00e9gislatif renforc\u00e9 face \u00e0 l&rsquo;h\u00e9catombe routi\u00e8re - La Sentinelle\" \/>\n<meta property=\"og:description\" content=\"Le ministre de l&rsquo;Int\u00e9rieur, des Collectivit\u00e9s locales et des Transports, Sa\u00efd Sayoud, a pr\u00e9sent\u00e9 lundi devant l&rsquo;Assembl\u00e9e populaire nationale un\" \/>\n<meta property=\"og:url\" content=\"https:\/\/lasentinelle.dz\/index.php\/2025\/12\/15\/le-nouveau-code-de-la-route-presente-a-lapn-un-arsenal-legislatif-renforce-face-a-lhecatombe-routiere\/\" \/>\n<meta property=\"og:site_name\" content=\"La Sentinelle\" \/>\n<meta property=\"article:publisher\" content=\"https:\/\/www.facebook.com\/La-Sentinelle-104059864394773\" \/>\n<meta property=\"article:published_time\" content=\"2025-12-15T18:39:34+00:00\" \/>\n<meta property=\"article:modified_time\" content=\"2025-12-15T18:39:35+00:00\" \/>\n<meta property=\"og:image\" content=\"https:\/\/lasentinelle.dz\/wp-content\/uploads\/2025\/12\/sayoud-apn.jpeg\" \/>\n\t<meta property=\"og:image:width\" content=\"1600\" \/>\n\t<meta property=\"og:image:height\" content=\"1066\" \/>\n\t<meta property=\"og:image:type\" content=\"image\/jpeg\" \/>\n<meta name=\"author\" content=\"admin\" \/>\n<meta name=\"twitter:card\" content=\"summary_large_image\" \/>\n<meta name=\"twitter:label1\" content=\"\u00c9crit par\" \/>\n\t<meta name=\"twitter:data1\" content=\"admin\" \/>\n\t<meta name=\"twitter:label2\" content=\"Dur\u00e9e de lecture estim\u00e9e\" \/>\n\t<meta name=\"twitter:data2\" content=\"4 minutes\" \/>\n<script type=\"application\/ld+json\" class=\"yoast-schema-graph\">{\"@context\":\"https:\\\/\\\/schema.org\",\"@graph\":[{\"@type\":\"Article\",\"@id\":\"https:\\\/\\\/lasentinelle.dz\\\/index.php\\\/2025\\\/12\\\/15\\\/le-nouveau-code-de-la-route-presente-a-lapn-un-arsenal-legislatif-renforce-face-a-lhecatombe-routiere\\\/#article\",\"isPartOf\":{\"@id\":\"https:\\\/\\\/lasentinelle.dz\\\/index.php\\\/2025\\\/12\\\/15\\\/le-nouveau-code-de-la-route-presente-a-lapn-un-arsenal-legislatif-renforce-face-a-lhecatombe-routiere\\\/\"},\"author\":{\"name\":\"admin\",\"@id\":\"https:\\\/\\\/lasentinelle.dz\\\/#\\\/schema\\\/person\\\/729ee0024f24e0b8c5ec17232f8e8b41\"},\"headline\":\"Le nouveau Code de la route\u00a0pr\u00e9sent\u00e9 \u00e0 l\u2019APN\u00a0: Un arsenal l\u00e9gislatif renforc\u00e9 face \u00e0 l&rsquo;h\u00e9catombe routi\u00e8re\",\"datePublished\":\"2025-12-15T18:39:34+00:00\",\"dateModified\":\"2025-12-15T18:39:35+00:00\",\"mainEntityOfPage\":{\"@id\":\"https:\\\/\\\/lasentinelle.dz\\\/index.php\\\/2025\\\/12\\\/15\\\/le-nouveau-code-de-la-route-presente-a-lapn-un-arsenal-legislatif-renforce-face-a-lhecatombe-routiere\\\/\"},\"wordCount\":796,\"commentCount\":0,\"publisher\":{\"@id\":\"https:\\\/\\\/lasentinelle.dz\\\/#organization\"},\"image\":{\"@id\":\"https:\\\/\\\/lasentinelle.dz\\\/index.php\\\/2025\\\/12\\\/15\\\/le-nouveau-code-de-la-route-presente-a-lapn-un-arsenal-legislatif-renforce-face-a-lhecatombe-routiere\\\/#primaryimage\"},\"thumbnailUrl\":\"https:\\\/\\\/lasentinelle.dz\\\/wp-content\\\/uploads\\\/2025\\\/12\\\/sayoud-apn.jpeg\",\"articleSection\":[\"Actualit\u00e9\"],\"inLanguage\":\"fr-FR\",\"potentialAction\":[{\"@type\":\"CommentAction\",\"name\":\"Comment\",\"target\":[\"https:\\\/\\\/lasentinelle.dz\\\/index.php\\\/2025\\\/12\\\/15\\\/le-nouveau-code-de-la-route-presente-a-lapn-un-arsenal-legislatif-renforce-face-a-lhecatombe-routiere\\\/#respond\"]}]},{\"@type\":\"WebPage\",\"@id\":\"https:\\\/\\\/lasentinelle.dz\\\/index.php\\\/2025\\\/12\\\/15\\\/le-nouveau-code-de-la-route-presente-a-lapn-un-arsenal-legislatif-renforce-face-a-lhecatombe-routiere\\\/\",\"url\":\"https:\\\/\\\/lasentinelle.dz\\\/index.php\\\/2025\\\/12\\\/15\\\/le-nouveau-code-de-la-route-presente-a-lapn-un-arsenal-legislatif-renforce-face-a-lhecatombe-routiere\\\/\",\"name\":\"Le nouveau Code de la route\u00a0pr\u00e9sent\u00e9 \u00e0 l\u2019APN\u00a0: Un arsenal l\u00e9gislatif renforc\u00e9 face \u00e0 l&rsquo;h\u00e9catombe routi\u00e8re - La Sentinelle\",\"isPartOf\":{\"@id\":\"https:\\\/\\\/lasentinelle.dz\\\/#website\"},\"primaryImageOfPage\":{\"@id\":\"https:\\\/\\\/lasentinelle.dz\\\/index.php\\\/2025\\\/12\\\/15\\\/le-nouveau-code-de-la-route-presente-a-lapn-un-arsenal-legislatif-renforce-face-a-lhecatombe-routiere\\\/#primaryimage\"},\"image\":{\"@id\":\"https:\\\/\\\/lasentinelle.dz\\\/index.php\\\/2025\\\/12\\\/15\\\/le-nouveau-code-de-la-route-presente-a-lapn-un-arsenal-legislatif-renforce-face-a-lhecatombe-routiere\\\/#primaryimage\"},\"thumbnailUrl\":\"https:\\\/\\\/lasentinelle.dz\\\/wp-content\\\/uploads\\\/2025\\\/12\\\/sayoud-apn.jpeg\",\"datePublished\":\"2025-12-15T18:39:34+00:00\",\"dateModified\":\"2025-12-15T18:39:35+00:00\",\"breadcrumb\":{\"@id\":\"https:\\\/\\\/lasentinelle.dz\\\/index.php\\\/2025\\\/12\\\/15\\\/le-nouveau-code-de-la-route-presente-a-lapn-un-arsenal-legislatif-renforce-face-a-lhecatombe-routiere\\\/#breadcrumb\"},\"inLanguage\":\"fr-FR\",\"potentialAction\":[{\"@type\":\"ReadAction\",\"target\":[\"https:\\\/\\\/lasentinelle.dz\\\/index.php\\\/2025\\\/12\\\/15\\\/le-nouveau-code-de-la-route-presente-a-lapn-un-arsenal-legislatif-renforce-face-a-lhecatombe-routiere\\\/\"]}]},{\"@type\":\"ImageObject\",\"inLanguage\":\"fr-FR\",\"@id\":\"https:\\\/\\\/lasentinelle.dz\\\/index.php\\\/2025\\\/12\\\/15\\\/le-nouveau-code-de-la-route-presente-a-lapn-un-arsenal-legislatif-renforce-face-a-lhecatombe-routiere\\\/#primaryimage\",\"url\":\"https:\\\/\\\/lasentinelle.dz\\\/wp-content\\\/uploads\\\/2025\\\/12\\\/sayoud-apn.jpeg\",\"contentUrl\":\"https:\\\/\\\/lasentinelle.dz\\\/wp-content\\\/uploads\\\/2025\\\/12\\\/sayoud-apn.jpeg\",\"width\":1600,\"height\":1066},{\"@type\":\"BreadcrumbList\",\"@id\":\"https:\\\/\\\/lasentinelle.dz\\\/index.php\\\/2025\\\/12\\\/15\\\/le-nouveau-code-de-la-route-presente-a-lapn-un-arsenal-legislatif-renforce-face-a-lhecatombe-routiere\\\/#breadcrumb\",\"itemListElement\":[{\"@type\":\"ListItem\",\"position\":1,\"name\":\"Accueil\",\"item\":\"https:\\\/\\\/lasentinelle.dz\\\/\"},{\"@type\":\"ListItem\",\"position\":2,\"name\":\"Le nouveau Code de la route\u00a0pr\u00e9sent\u00e9 \u00e0 l\u2019APN\u00a0: Un arsenal l\u00e9gislatif renforc\u00e9 face \u00e0 l&rsquo;h\u00e9catombe routi\u00e8re\"}]},{\"@type\":\"WebSite\",\"@id\":\"https:\\\/\\\/lasentinelle.dz\\\/#website\",\"url\":\"https:\\\/\\\/lasentinelle.dz\\\/\",\"name\":\"La Sentinelle\",\"description\":\"Quotidien national d&#039;information\",\"publisher\":{\"@id\":\"https:\\\/\\\/lasentinelle.dz\\\/#organization\"},\"potentialAction\":[{\"@type\":\"SearchAction\",\"target\":{\"@type\":\"EntryPoint\",\"urlTemplate\":\"https:\\\/\\\/lasentinelle.dz\\\/?s={search_term_string}\"},\"query-input\":{\"@type\":\"PropertyValueSpecification\",\"valueRequired\":true,\"valueName\":\"search_term_string\"}}],\"inLanguage\":\"fr-FR\"},{\"@type\":\"Organization\",\"@id\":\"https:\\\/\\\/lasentinelle.dz\\\/#organization\",\"name\":\"Quotidien La Sentinelle\",\"url\":\"https:\\\/\\\/lasentinelle.dz\\\/\",\"logo\":{\"@type\":\"ImageObject\",\"inLanguage\":\"fr-FR\",\"@id\":\"https:\\\/\\\/lasentinelle.dz\\\/#\\\/schema\\\/logo\\\/image\\\/\",\"url\":\"https:\\\/\\\/lasentinelle.dz\\\/wp-content\\\/uploads\\\/2021\\\/09\\\/logo-sentinelleSLOGAN-1.png\",\"contentUrl\":\"https:\\\/\\\/lasentinelle.dz\\\/wp-content\\\/uploads\\\/2021\\\/09\\\/logo-sentinelleSLOGAN-1.png\",\"width\":615,\"height\":142,\"caption\":\"Quotidien La Sentinelle\"},\"image\":{\"@id\":\"https:\\\/\\\/lasentinelle.dz\\\/#\\\/schema\\\/logo\\\/image\\\/\"},\"sameAs\":[\"https:\\\/\\\/www.facebook.com\\\/La-Sentinelle-104059864394773\"]},{\"@type\":\"Person\",\"@id\":\"https:\\\/\\\/lasentinelle.dz\\\/#\\\/schema\\\/person\\\/729ee0024f24e0b8c5ec17232f8e8b41\",\"name\":\"admin\",\"image\":{\"@type\":\"ImageObject\",\"inLanguage\":\"fr-FR\",\"@id\":\"https:\\\/\\\/secure.gravatar.com\\\/avatar\\\/4c81fed838786e9b53f540bf46533e750f5d292099ae3b66cfc6fb1982e29df7?s=96&d=mm&r=g\",\"url\":\"https:\\\/\\\/secure.gravatar.com\\\/avatar\\\/4c81fed838786e9b53f540bf46533e750f5d292099ae3b66cfc6fb1982e29df7?s=96&d=mm&r=g\",\"contentUrl\":\"https:\\\/\\\/secure.gravatar.com\\\/avatar\\\/4c81fed838786e9b53f540bf46533e750f5d292099ae3b66cfc6fb1982e29df7?s=96&d=mm&r=g\",\"caption\":\"admin\"},\"description\":\"admin\",\"url\":\"https:\\\/\\\/lasentinelle.dz\\\/author\\\/admin\\\/\"}]}<\/script>\n<!-- \/ Yoast SEO plugin. -->","yoast_head_json":{"title":"Le nouveau Code de la route\u00a0pr\u00e9sent\u00e9 \u00e0 l\u2019APN\u00a0: Un arsenal l\u00e9gislatif renforc\u00e9 face \u00e0 l&rsquo;h\u00e9catombe routi\u00e8re - La Sentinelle","robots":{"index":"index","follow":"follow","max-snippet":"max-snippet:-1","max-image-preview":"max-image-preview:large","max-video-preview":"max-video-preview:-1"},"canonical":"https:\/\/lasentinelle.dz\/index.php\/2025\/12\/15\/le-nouveau-code-de-la-route-presente-a-lapn-un-arsenal-legislatif-renforce-face-a-lhecatombe-routiere\/","og_locale":"fr_FR","og_type":"article","og_title":"Le nouveau Code de la route\u00a0pr\u00e9sent\u00e9 \u00e0 l\u2019APN\u00a0: Un arsenal l\u00e9gislatif renforc\u00e9 face \u00e0 l&rsquo;h\u00e9catombe routi\u00e8re - La Sentinelle","og_description":"Le ministre de l&rsquo;Int\u00e9rieur, des Collectivit\u00e9s locales et des Transports, Sa\u00efd Sayoud, a pr\u00e9sent\u00e9 lundi devant l&rsquo;Assembl\u00e9e populaire nationale un","og_url":"https:\/\/lasentinelle.dz\/index.php\/2025\/12\/15\/le-nouveau-code-de-la-route-presente-a-lapn-un-arsenal-legislatif-renforce-face-a-lhecatombe-routiere\/","og_site_name":"La Sentinelle","article_publisher":"https:\/\/www.facebook.com\/La-Sentinelle-104059864394773","article_published_time":"2025-12-15T18:39:34+00:00","article_modified_time":"2025-12-15T18:39:35+00:00","og_image":[{"width":1600,"height":1066,"url":"https:\/\/lasentinelle.dz\/wp-content\/uploads\/2025\/12\/sayoud-apn.jpeg","type":"image\/jpeg"}],"author":"admin","twitter_card":"summary_large_image","twitter_misc":{"\u00c9crit par":"admin","Dur\u00e9e de lecture estim\u00e9e":"4 minutes"},"schema":{"@context":"https:\/\/schema.org","@graph":[{"@type":"Article","@id":"https:\/\/lasentinelle.dz\/index.php\/2025\/12\/15\/le-nouveau-code-de-la-route-presente-a-lapn-un-arsenal-legislatif-renforce-face-a-lhecatombe-routiere\/#article","isPartOf":{"@id":"https:\/\/lasentinelle.dz\/index.php\/2025\/12\/15\/le-nouveau-code-de-la-route-presente-a-lapn-un-arsenal-legislatif-renforce-face-a-lhecatombe-routiere\/"},"author":{"name":"admin","@id":"https:\/\/lasentinelle.dz\/#\/schema\/person\/729ee0024f24e0b8c5ec17232f8e8b41"},"headline":"Le nouveau Code de la route\u00a0pr\u00e9sent\u00e9 \u00e0 l\u2019APN\u00a0: Un arsenal l\u00e9gislatif renforc\u00e9 face \u00e0 l&rsquo;h\u00e9catombe routi\u00e8re","datePublished":"2025-12-15T18:39:34+00:00","dateModified":"2025-12-15T18:39:35+00:00","mainEntityOfPage":{"@id":"https:\/\/lasentinelle.dz\/index.php\/2025\/12\/15\/le-nouveau-code-de-la-route-presente-a-lapn-un-arsenal-legislatif-renforce-face-a-lhecatombe-routiere\/"},"wordCount":796,"commentCount":0,"publisher":{"@id":"https:\/\/lasentinelle.dz\/#organization"},"image":{"@id":"https:\/\/lasentinelle.dz\/index.php\/2025\/12\/15\/le-nouveau-code-de-la-route-presente-a-lapn-un-arsenal-legislatif-renforce-face-a-lhecatombe-routiere\/#primaryimage"},"thumbnailUrl":"https:\/\/lasentinelle.dz\/wp-content\/uploads\/2025\/12\/sayoud-apn.jpeg","articleSection":["Actualit\u00e9"],"inLanguage":"fr-FR","potentialAction":[{"@type":"CommentAction","name":"Comment","target":["https:\/\/lasentinelle.dz\/index.php\/2025\/12\/15\/le-nouveau-code-de-la-route-presente-a-lapn-un-arsenal-legislatif-renforce-face-a-lhecatombe-routiere\/#respond"]}]},{"@type":"WebPage","@id":"https:\/\/lasentinelle.dz\/index.php\/2025\/12\/15\/le-nouveau-code-de-la-route-presente-a-lapn-un-arsenal-legislatif-renforce-face-a-lhecatombe-routiere\/","url":"https:\/\/lasentinelle.dz\/index.php\/2025\/12\/15\/le-nouveau-code-de-la-route-presente-a-lapn-un-arsenal-legislatif-renforce-face-a-lhecatombe-routiere\/","name":"Le nouveau Code de la route\u00a0pr\u00e9sent\u00e9 \u00e0 l\u2019APN\u00a0: Un arsenal l\u00e9gislatif renforc\u00e9 face \u00e0 l&rsquo;h\u00e9catombe routi\u00e8re - La Sentinelle","isPartOf":{"@id":"https:\/\/lasentinelle.dz\/#website"},"primaryImageOfPage":{"@id":"https:\/\/lasentinelle.dz\/index.php\/2025\/12\/15\/le-nouveau-code-de-la-route-presente-a-lapn-un-arsenal-legislatif-renforce-face-a-lhecatombe-routiere\/#primaryimage"},"image":{"@id":"https:\/\/lasentinelle.dz\/index.php\/2025\/12\/15\/le-nouveau-code-de-la-route-presente-a-lapn-un-arsenal-legislatif-renforce-face-a-lhecatombe-routiere\/#primaryimage"},"thumbnailUrl":"https:\/\/lasentinelle.dz\/wp-content\/uploads\/2025\/12\/sayoud-apn.jpeg","datePublished":"2025-12-15T18:39:34+00:00","dateModified":"2025-12-15T18:39:35+00:00","breadcrumb":{"@id":"https:\/\/lasentinelle.dz\/index.php\/2025\/12\/15\/le-nouveau-code-de-la-route-presente-a-lapn-un-arsenal-legislatif-renforce-face-a-lhecatombe-routiere\/#breadcrumb"},"inLanguage":"fr-FR","potentialAction":[{"@type":"ReadAction","target":["https:\/\/lasentinelle.dz\/index.php\/2025\/12\/15\/le-nouveau-code-de-la-route-presente-a-lapn-un-arsenal-legislatif-renforce-face-a-lhecatombe-routiere\/"]}]},{"@type":"ImageObject","inLanguage":"fr-FR","@id":"https:\/\/lasentinelle.dz\/index.php\/2025\/12\/15\/le-nouveau-code-de-la-route-presente-a-lapn-un-arsenal-legislatif-renforce-face-a-lhecatombe-routiere\/#primaryimage","url":"https:\/\/lasentinelle.dz\/wp-content\/uploads\/2025\/12\/sayoud-apn.jpeg","contentUrl":"https:\/\/lasentinelle.dz\/wp-content\/uploads\/2025\/12\/sayoud-apn.jpeg","width":1600,"height":1066},{"@type":"BreadcrumbList","@id":"https:\/\/lasentinelle.dz\/index.php\/2025\/12\/15\/le-nouveau-code-de-la-route-presente-a-lapn-un-arsenal-legislatif-renforce-face-a-lhecatombe-routiere\/#breadcrumb","itemListElement":[{"@type":"ListItem","position":1,"name":"Accueil","item":"https:\/\/lasentinelle.dz\/"},{"@type":"ListItem","position":2,"name":"Le nouveau Code de la route\u00a0pr\u00e9sent\u00e9 \u00e0 l\u2019APN\u00a0: Un arsenal l\u00e9gislatif renforc\u00e9 face \u00e0 l&rsquo;h\u00e9catombe routi\u00e8re"}]},{"@type":"WebSite","@id":"https:\/\/lasentinelle.dz\/#website","url":"https:\/\/lasentinelle.dz\/","name":"La Sentinelle","description":"Quotidien national d&#039;information","publisher":{"@id":"https:\/\/lasentinelle.dz\/#organization"},"potentialAction":[{"@type":"SearchAction","target":{"@type":"EntryPoint","urlTemplate":"https:\/\/lasentinelle.dz\/?s={search_term_string}"},"query-input":{"@type":"PropertyValueSpecification","valueRequired":true,"valueName":"search_term_string"}}],"inLanguage":"fr-FR"},{"@type":"Organization","@id":"https:\/\/lasentinelle.dz\/#organization","name":"Quotidien La Sentinelle","url":"https:\/\/lasentinelle.dz\/","logo":{"@type":"ImageObject","inLanguage":"fr-FR","@id":"https:\/\/lasentinelle.dz\/#\/schema\/logo\/image\/","url":"https:\/\/lasentinelle.dz\/wp-content\/uploads\/2021\/09\/logo-sentinelleSLOGAN-1.png","contentUrl":"https:\/\/lasentinelle.dz\/wp-content\/uploads\/2021\/09\/logo-sentinelleSLOGAN-1.png","width":615,"height":142,"caption":"Quotidien La Sentinelle"},"image":{"@id":"https:\/\/lasentinelle.dz\/#\/schema\/logo\/image\/"},"sameAs":["https:\/\/www.facebook.com\/La-Sentinelle-104059864394773"]},{"@type":"Person","@id":"https:\/\/lasentinelle.dz\/#\/schema\/person\/729ee0024f24e0b8c5ec17232f8e8b41","name":"admin","image":{"@type":"ImageObject","inLanguage":"fr-FR","@id":"https:\/\/secure.gravatar.com\/avatar\/4c81fed838786e9b53f540bf46533e750f5d292099ae3b66cfc6fb1982e29df7?s=96&d=mm&r=g","url":"https:\/\/secure.gravatar.com\/avatar\/4c81fed838786e9b53f540bf46533e750f5d292099ae3b66cfc6fb1982e29df7?s=96&d=mm&r=g","contentUrl":"https:\/\/secure.gravatar.com\/avatar\/4c81fed838786e9b53f540bf46533e750f5d292099ae3b66cfc6fb1982e29df7?s=96&d=mm&r=g","caption":"admin"},"description":"admin","url":"https:\/\/lasentinelle.dz\/author\/admin\/"}]}},"_links":{"self":[{"href":"https:\/\/lasentinelle.dz\/index.php\/wp-json\/wp\/v2\/posts\/77879","targetHints":{"allow":["GET"]}}],"collection":[{"href":"https:\/\/lasentinelle.dz\/index.php\/wp-json\/wp\/v2\/posts"}],"about":[{"href":"https:\/\/lasentinelle.dz\/index.php\/wp-json\/wp\/v2\/types\/post"}],"author":[{"embeddable":true,"href":"https:\/\/lasentinelle.dz\/index.php\/wp-json\/wp\/v2\/users\/6"}],"replies":[{"embeddable":true,"href":"https:\/\/lasentinelle.dz\/index.php\/wp-json\/wp\/v2\/comments?post=77879"}],"version-history":[{"count":2,"href":"https:\/\/lasentinelle.dz\/index.php\/wp-json\/wp\/v2\/posts\/77879\/revisions"}],"predecessor-version":[{"id":77882,"href":"https:\/\/lasentinelle.dz\/index.php\/wp-json\/wp\/v2\/posts\/77879\/revisions\/77882"}],"wp:featuredmedia":[{"embeddable":true,"href":"https:\/\/lasentinelle.dz\/index.php\/wp-json\/wp\/v2\/media\/77880"}],"wp:attachment":[{"href":"https:\/\/lasentinelle.dz\/index.php\/wp-json\/wp\/v2\/media?parent=77879"}],"wp:term":[{"taxonomy":"category","embeddable":true,"href":"https:\/\/lasentinelle.dz\/index.php\/wp-json\/wp\/v2\/categories?post=77879"},{"taxonomy":"post_tag","embeddable":true,"href":"https:\/\/lasentinelle.dz\/index.php\/wp-json\/wp\/v2\/tags?post=77879"}],"curies":[{"name":"wp","href":"https:\/\/api.w.org\/{rel}","templated":true}]}}