{"id":77883,"date":"2025-12-15T19:40:21","date_gmt":"2025-12-15T18:40:21","guid":{"rendered":"https:\/\/lasentinelle.dz\/?p=77883"},"modified":"2025-12-15T19:40:22","modified_gmt":"2025-12-15T18:40:22","slug":"proces-imetal-des-peines-allant-de-3-a-15-ans-de-prison-pronocees","status":"publish","type":"post","link":"https:\/\/lasentinelle.dz\/index.php\/2025\/12\/15\/proces-imetal-des-peines-allant-de-3-a-15-ans-de-prison-pronocees\/","title":{"rendered":"Proc\u00e8s\u00a0Imetal\u00a0: Des\u00a0peines allant de 3 \u00e0 15 ans de prison\u00a0pronoc\u00e9es"},"content":{"rendered":"\n<p>Le&nbsp;p\u00f4le p\u00e9nal \u00e9conomique et financier&nbsp;du Tribunal&nbsp;de Sidi M&rsquo;hamed a rendu hier, lundi, son verdict dans le proc\u00e8s&nbsp;Imetal. Les condamnations prononc\u00e9es dans cette affaire de corruption&nbsp;ont atteint jusqu&rsquo;\u00e0 15 ans de prison ferme, assorties de la confiscation de tous les biens saisis. Il s&rsquo;agit de la plus lourde peine jamais prononc\u00e9e dans ce type d&rsquo;affaire, selon une source judiciaire.&nbsp;Selon les d\u00e9tails apport\u00e9s par notre source, le pr\u00e9sident du p\u00f4le \u00e9conomique et financier a retenu une peine de six ans de prison ferme \u00e0 l&rsquo;encontre du principal accus\u00e9 dans cette affaire, l&rsquo;ancien pr\u00e9sident-directeur g\u00e9n\u00e9ral du groupe \u00ab\u00a0Sider\u00a0\u00bb, L.A., ainsi qu&rsquo;une amende d&rsquo;un million de dinars alg\u00e9riens. Le m\u00eame magistrat a prononc\u00e9 une peine de trois ans de prison ferme \u00e0 l&rsquo;encontre du d\u00e9sormais ex-directeur de l&rsquo;exploitation \u00e0 l&rsquo;Entreprise nationale de r\u00e9cup\u00e9ration, A.A., ainsi qu&rsquo;une amende de 500 000 dinars alg\u00e9riens.&nbsp;Les accus\u00e9s F.K., B.H. et A.M-Ch. ont \u00e9galement \u00e9t\u00e9 condamn\u00e9s \u00e0 trois ans de prison ferme, assortis d&rsquo;amendes comprises entre 200 000 et 500 000 dinars alg\u00e9riens pour chacun d&rsquo;eux. La m\u00eame instance de justice a, par ailleurs, condamn\u00e9 B.Ch., propri\u00e9taire de la soci\u00e9t\u00e9 \u00ab\u00a0House\u00a0\u00bb, \u00e0 cinq ans de prison ferme et \u00e0 une amende d&rsquo;un million de dinars alg\u00e9riens, tandis que sa soci\u00e9t\u00e9 a \u00e9t\u00e9 condamn\u00e9e \u00e0 une amende de deux millions de dinars.<\/p>\n\n\n\n<p>D&rsquo;autres condamnations plus cl\u00e9mentes ont \u00e9t\u00e9 prononc\u00e9es \u00e0 l&rsquo;encontre d&rsquo;autres accus\u00e9s, dont B.Kh., qui s&rsquo;en est sorti avec 18 mois de prison avec sursis. De m\u00eame pour Y.D., qui a \u00e9cop\u00e9 d&rsquo;un an de prison avec sursis, et B.S., condamn\u00e9 \u00e0 une ann\u00e9e de prison ferme. Pour ce qui est de l&rsquo;accus\u00e9 Ch.A.A., le niveau de la peine a \u00e9t\u00e9 \u00e9lev\u00e9 avec dix ans de prison ferme.<\/p>\n\n\n\n<p>Concernant l&rsquo;ancien pr\u00e9sident-directeur g\u00e9n\u00e9ral de l&rsquo;Entreprise nationale de r\u00e9cup\u00e9ration, B.A., le pr\u00e9sident du p\u00f4le a prononc\u00e9 15 ans de r\u00e9clusion criminelle, tout en confirmant les mandats d&rsquo;arr\u00eat internationaux \u00e9mis \u00e0 son encontre. Alors que les verdicts sont tomb\u00e9s comme un couperet sur les accus\u00e9s, deux autres mis en cause, Al-F. et Ch.M.S., ont \u00e9t\u00e9 acquitt\u00e9s de toutes les charges retenues contre eux, ont conclu nos sources.<\/p>\n\n\n\n<p>Rappelons que lors du proc\u00e8s tenu en novembre dernier, le parquet pr\u00e8s le p\u00f4le p\u00e9nal \u00e9conomique et financier de Sidi M&rsquo;hamed avait requis des peines allant jusqu&rsquo;\u00e0 15 ans de prison ferme \u00e0 l&rsquo;encontre des accus\u00e9s, en plus de la confiscation de l&rsquo;ensemble des biens saisis. Les mis en cause dans cette affaire ont \u00e9t\u00e9 poursuivis pour corruption touchant le groupe public des industries m\u00e9tallurgiques et sid\u00e9rurgiques \u00ab\u00a0Imetal\u00a0\u00bb ainsi que plusieurs de ses filiales.&nbsp;Lors du proc\u00e8s, ont \u00e9t\u00e9 r\u00e9v\u00e9l\u00e9s, preuves \u00e0 l&rsquo;appui, les d\u00e9tails sur les manquements constat\u00e9s, \u00e0 savoir l&rsquo;octroi d&rsquo;avantages injustifi\u00e9s, les d\u00e9tournements de fonds publics, les voyages et r\u00e9servations d&rsquo;h\u00f4tels non justifi\u00e9s, les concessions immobili\u00e8res contraires \u00e0 la r\u00e9glementation, ainsi qu&rsquo;un syst\u00e8me de recrutement bas\u00e9 sur le n\u00e9potisme et le favoritisme. Des pratiques qui ont conduit \u00e0 la dilapidation des deniers publics et au blocage du d\u00e9veloppement \u00e9conomique.<\/p>\n\n\n\n<p><strong>Sofia Chahine<\/strong><\/p>\n","protected":false},"excerpt":{"rendered":"<p>Le&nbsp;p\u00f4le p\u00e9nal \u00e9conomique et financier&nbsp;du Tribunal&nbsp;de Sidi M&rsquo;hamed a rendu hier, lundi, son verdict dans le proc\u00e8s&nbsp;Imetal. Les condamnations prononc\u00e9es<\/p>\n","protected":false},"author":6,"featured_media":54967,"comment_status":"open","ping_status":"closed","sticky":false,"template":"","format":"standard","meta":{"colormag_page_container_layout":"default_layout","colormag_page_sidebar_layout":"default_layout","om_disable_all_campaigns":false,"_monsterinsights_skip_tracking":false,"_monsterinsights_sitenote_active":false,"_monsterinsights_sitenote_note":"","_monsterinsights_sitenote_category":0,"footnotes":"","_wpscppro_dont_share_socialmedia":false,"_wpscppro_custom_social_share_image":0,"_facebook_share_type":"default","_twitter_share_type":"default","_linkedin_share_type":"default","_pinterest_share_type":"default","_linkedin_share_type_page":"","_instagram_share_type":"default","_medium_share_type":"default","_threads_share_type":"default","_google_business_share_type":"default","_selected_social_profile":[],"_wpsp_enable_custom_social_template":false,"_wpsp_social_scheduling":{"enabled":false,"datetime":null,"platforms":[],"status":"template_only","dateOption":"today","timeOption":"now","customDays":"","customHours":"","customDate":"","customTime":"","schedulingType":"absolute"},"_wpsp_active_default_template":true},"categories":[27],"tags":[],"class_list":["post-77883","post","type-post","status-publish","format-standard","has-post-thumbnail","hentry","category-actualite"],"aioseo_notices":[],"yoast_head":"<!-- This site is optimized with the Yoast SEO plugin v27.5 - https:\/\/yoast.com\/product\/yoast-seo-wordpress\/ -->\n<title>Proc\u00e8s\u00a0Imetal\u00a0: Des\u00a0peines allant de 3 \u00e0 15 ans de prison\u00a0pronoc\u00e9es - La Sentinelle<\/title>\n<meta name=\"robots\" content=\"index, follow, max-snippet:-1, max-image-preview:large, max-video-preview:-1\" \/>\n<link rel=\"canonical\" href=\"https:\/\/lasentinelle.dz\/index.php\/2025\/12\/15\/proces-imetal-des-peines-allant-de-3-a-15-ans-de-prison-pronocees\/\" \/>\n<meta property=\"og:locale\" content=\"fr_FR\" \/>\n<meta property=\"og:type\" content=\"article\" \/>\n<meta property=\"og:title\" content=\"Proc\u00e8s\u00a0Imetal\u00a0: Des\u00a0peines allant de 3 \u00e0 15 ans de prison\u00a0pronoc\u00e9es - La Sentinelle\" \/>\n<meta property=\"og:description\" content=\"Le&nbsp;p\u00f4le p\u00e9nal \u00e9conomique et financier&nbsp;du Tribunal&nbsp;de Sidi M&rsquo;hamed a rendu hier, lundi, son verdict dans le proc\u00e8s&nbsp;Imetal. Les condamnations prononc\u00e9es\" \/>\n<meta property=\"og:url\" content=\"https:\/\/lasentinelle.dz\/index.php\/2025\/12\/15\/proces-imetal-des-peines-allant-de-3-a-15-ans-de-prison-pronocees\/\" \/>\n<meta property=\"og:site_name\" content=\"La Sentinelle\" \/>\n<meta property=\"article:publisher\" content=\"https:\/\/www.facebook.com\/La-Sentinelle-104059864394773\" \/>\n<meta property=\"article:published_time\" content=\"2025-12-15T18:40:21+00:00\" \/>\n<meta property=\"article:modified_time\" content=\"2025-12-15T18:40:22+00:00\" \/>\n<meta property=\"og:image\" content=\"https:\/\/lasentinelle.dz\/wp-content\/uploads\/2024\/07\/justice.jpg\" \/>\n\t<meta property=\"og:image:width\" content=\"1023\" \/>\n\t<meta property=\"og:image:height\" content=\"583\" \/>\n\t<meta property=\"og:image:type\" content=\"image\/jpeg\" \/>\n<meta name=\"author\" content=\"admin\" \/>\n<meta name=\"twitter:card\" content=\"summary_large_image\" \/>\n<meta name=\"twitter:label1\" content=\"\u00c9crit par\" \/>\n\t<meta name=\"twitter:data1\" content=\"admin\" \/>\n\t<meta name=\"twitter:label2\" content=\"Dur\u00e9e de lecture estim\u00e9e\" \/>\n\t<meta name=\"twitter:data2\" content=\"3 minutes\" \/>\n<script type=\"application\/ld+json\" class=\"yoast-schema-graph\">{\"@context\":\"https:\\\/\\\/schema.org\",\"@graph\":[{\"@type\":\"Article\",\"@id\":\"https:\\\/\\\/lasentinelle.dz\\\/index.php\\\/2025\\\/12\\\/15\\\/proces-imetal-des-peines-allant-de-3-a-15-ans-de-prison-pronocees\\\/#article\",\"isPartOf\":{\"@id\":\"https:\\\/\\\/lasentinelle.dz\\\/index.php\\\/2025\\\/12\\\/15\\\/proces-imetal-des-peines-allant-de-3-a-15-ans-de-prison-pronocees\\\/\"},\"author\":{\"name\":\"admin\",\"@id\":\"https:\\\/\\\/lasentinelle.dz\\\/#\\\/schema\\\/person\\\/729ee0024f24e0b8c5ec17232f8e8b41\"},\"headline\":\"Proc\u00e8s\u00a0Imetal\u00a0: Des\u00a0peines allant de 3 \u00e0 15 ans de prison\u00a0pronoc\u00e9es\",\"datePublished\":\"2025-12-15T18:40:21+00:00\",\"dateModified\":\"2025-12-15T18:40:22+00:00\",\"mainEntityOfPage\":{\"@id\":\"https:\\\/\\\/lasentinelle.dz\\\/index.php\\\/2025\\\/12\\\/15\\\/proces-imetal-des-peines-allant-de-3-a-15-ans-de-prison-pronocees\\\/\"},\"wordCount\":603,\"commentCount\":0,\"publisher\":{\"@id\":\"https:\\\/\\\/lasentinelle.dz\\\/#organization\"},\"image\":{\"@id\":\"https:\\\/\\\/lasentinelle.dz\\\/index.php\\\/2025\\\/12\\\/15\\\/proces-imetal-des-peines-allant-de-3-a-15-ans-de-prison-pronocees\\\/#primaryimage\"},\"thumbnailUrl\":\"https:\\\/\\\/lasentinelle.dz\\\/wp-content\\\/uploads\\\/2024\\\/07\\\/justice.jpg\",\"articleSection\":[\"Actualit\u00e9\"],\"inLanguage\":\"fr-FR\",\"potentialAction\":[{\"@type\":\"CommentAction\",\"name\":\"Comment\",\"target\":[\"https:\\\/\\\/lasentinelle.dz\\\/index.php\\\/2025\\\/12\\\/15\\\/proces-imetal-des-peines-allant-de-3-a-15-ans-de-prison-pronocees\\\/#respond\"]}]},{\"@type\":\"WebPage\",\"@id\":\"https:\\\/\\\/lasentinelle.dz\\\/index.php\\\/2025\\\/12\\\/15\\\/proces-imetal-des-peines-allant-de-3-a-15-ans-de-prison-pronocees\\\/\",\"url\":\"https:\\\/\\\/lasentinelle.dz\\\/index.php\\\/2025\\\/12\\\/15\\\/proces-imetal-des-peines-allant-de-3-a-15-ans-de-prison-pronocees\\\/\",\"name\":\"Proc\u00e8s\u00a0Imetal\u00a0: Des\u00a0peines allant de 3 \u00e0 15 ans de prison\u00a0pronoc\u00e9es - La Sentinelle\",\"isPartOf\":{\"@id\":\"https:\\\/\\\/lasentinelle.dz\\\/#website\"},\"primaryImageOfPage\":{\"@id\":\"https:\\\/\\\/lasentinelle.dz\\\/index.php\\\/2025\\\/12\\\/15\\\/proces-imetal-des-peines-allant-de-3-a-15-ans-de-prison-pronocees\\\/#primaryimage\"},\"image\":{\"@id\":\"https:\\\/\\\/lasentinelle.dz\\\/index.php\\\/2025\\\/12\\\/15\\\/proces-imetal-des-peines-allant-de-3-a-15-ans-de-prison-pronocees\\\/#primaryimage\"},\"thumbnailUrl\":\"https:\\\/\\\/lasentinelle.dz\\\/wp-content\\\/uploads\\\/2024\\\/07\\\/justice.jpg\",\"datePublished\":\"2025-12-15T18:40:21+00:00\",\"dateModified\":\"2025-12-15T18:40:22+00:00\",\"breadcrumb\":{\"@id\":\"https:\\\/\\\/lasentinelle.dz\\\/index.php\\\/2025\\\/12\\\/15\\\/proces-imetal-des-peines-allant-de-3-a-15-ans-de-prison-pronocees\\\/#breadcrumb\"},\"inLanguage\":\"fr-FR\",\"potentialAction\":[{\"@type\":\"ReadAction\",\"target\":[\"https:\\\/\\\/lasentinelle.dz\\\/index.php\\\/2025\\\/12\\\/15\\\/proces-imetal-des-peines-allant-de-3-a-15-ans-de-prison-pronocees\\\/\"]}]},{\"@type\":\"ImageObject\",\"inLanguage\":\"fr-FR\",\"@id\":\"https:\\\/\\\/lasentinelle.dz\\\/index.php\\\/2025\\\/12\\\/15\\\/proces-imetal-des-peines-allant-de-3-a-15-ans-de-prison-pronocees\\\/#primaryimage\",\"url\":\"https:\\\/\\\/lasentinelle.dz\\\/wp-content\\\/uploads\\\/2024\\\/07\\\/justice.jpg\",\"contentUrl\":\"https:\\\/\\\/lasentinelle.dz\\\/wp-content\\\/uploads\\\/2024\\\/07\\\/justice.jpg\",\"width\":1023,\"height\":583},{\"@type\":\"BreadcrumbList\",\"@id\":\"https:\\\/\\\/lasentinelle.dz\\\/index.php\\\/2025\\\/12\\\/15\\\/proces-imetal-des-peines-allant-de-3-a-15-ans-de-prison-pronocees\\\/#breadcrumb\",\"itemListElement\":[{\"@type\":\"ListItem\",\"position\":1,\"name\":\"Accueil\",\"item\":\"https:\\\/\\\/lasentinelle.dz\\\/\"},{\"@type\":\"ListItem\",\"position\":2,\"name\":\"Proc\u00e8s\u00a0Imetal\u00a0: Des\u00a0peines allant de 3 \u00e0 15 ans de prison\u00a0pronoc\u00e9es\"}]},{\"@type\":\"WebSite\",\"@id\":\"https:\\\/\\\/lasentinelle.dz\\\/#website\",\"url\":\"https:\\\/\\\/lasentinelle.dz\\\/\",\"name\":\"La Sentinelle\",\"description\":\"Quotidien national d&#039;information\",\"publisher\":{\"@id\":\"https:\\\/\\\/lasentinelle.dz\\\/#organization\"},\"potentialAction\":[{\"@type\":\"SearchAction\",\"target\":{\"@type\":\"EntryPoint\",\"urlTemplate\":\"https:\\\/\\\/lasentinelle.dz\\\/?s={search_term_string}\"},\"query-input\":{\"@type\":\"PropertyValueSpecification\",\"valueRequired\":true,\"valueName\":\"search_term_string\"}}],\"inLanguage\":\"fr-FR\"},{\"@type\":\"Organization\",\"@id\":\"https:\\\/\\\/lasentinelle.dz\\\/#organization\",\"name\":\"Quotidien La Sentinelle\",\"url\":\"https:\\\/\\\/lasentinelle.dz\\\/\",\"logo\":{\"@type\":\"ImageObject\",\"inLanguage\":\"fr-FR\",\"@id\":\"https:\\\/\\\/lasentinelle.dz\\\/#\\\/schema\\\/logo\\\/image\\\/\",\"url\":\"https:\\\/\\\/lasentinelle.dz\\\/wp-content\\\/uploads\\\/2021\\\/09\\\/logo-sentinelleSLOGAN-1.png\",\"contentUrl\":\"https:\\\/\\\/lasentinelle.dz\\\/wp-content\\\/uploads\\\/2021\\\/09\\\/logo-sentinelleSLOGAN-1.png\",\"width\":615,\"height\":142,\"caption\":\"Quotidien La Sentinelle\"},\"image\":{\"@id\":\"https:\\\/\\\/lasentinelle.dz\\\/#\\\/schema\\\/logo\\\/image\\\/\"},\"sameAs\":[\"https:\\\/\\\/www.facebook.com\\\/La-Sentinelle-104059864394773\"]},{\"@type\":\"Person\",\"@id\":\"https:\\\/\\\/lasentinelle.dz\\\/#\\\/schema\\\/person\\\/729ee0024f24e0b8c5ec17232f8e8b41\",\"name\":\"admin\",\"image\":{\"@type\":\"ImageObject\",\"inLanguage\":\"fr-FR\",\"@id\":\"https:\\\/\\\/secure.gravatar.com\\\/avatar\\\/4c81fed838786e9b53f540bf46533e750f5d292099ae3b66cfc6fb1982e29df7?s=96&d=mm&r=g\",\"url\":\"https:\\\/\\\/secure.gravatar.com\\\/avatar\\\/4c81fed838786e9b53f540bf46533e750f5d292099ae3b66cfc6fb1982e29df7?s=96&d=mm&r=g\",\"contentUrl\":\"https:\\\/\\\/secure.gravatar.com\\\/avatar\\\/4c81fed838786e9b53f540bf46533e750f5d292099ae3b66cfc6fb1982e29df7?s=96&d=mm&r=g\",\"caption\":\"admin\"},\"description\":\"admin\",\"url\":\"https:\\\/\\\/lasentinelle.dz\\\/author\\\/admin\\\/\"}]}<\/script>\n<!-- \/ Yoast SEO plugin. -->","yoast_head_json":{"title":"Proc\u00e8s\u00a0Imetal\u00a0: Des\u00a0peines allant de 3 \u00e0 15 ans de prison\u00a0pronoc\u00e9es - La Sentinelle","robots":{"index":"index","follow":"follow","max-snippet":"max-snippet:-1","max-image-preview":"max-image-preview:large","max-video-preview":"max-video-preview:-1"},"canonical":"https:\/\/lasentinelle.dz\/index.php\/2025\/12\/15\/proces-imetal-des-peines-allant-de-3-a-15-ans-de-prison-pronocees\/","og_locale":"fr_FR","og_type":"article","og_title":"Proc\u00e8s\u00a0Imetal\u00a0: Des\u00a0peines allant de 3 \u00e0 15 ans de prison\u00a0pronoc\u00e9es - La Sentinelle","og_description":"Le&nbsp;p\u00f4le p\u00e9nal \u00e9conomique et financier&nbsp;du Tribunal&nbsp;de Sidi M&rsquo;hamed a rendu hier, lundi, son verdict dans le proc\u00e8s&nbsp;Imetal. Les condamnations prononc\u00e9es","og_url":"https:\/\/lasentinelle.dz\/index.php\/2025\/12\/15\/proces-imetal-des-peines-allant-de-3-a-15-ans-de-prison-pronocees\/","og_site_name":"La Sentinelle","article_publisher":"https:\/\/www.facebook.com\/La-Sentinelle-104059864394773","article_published_time":"2025-12-15T18:40:21+00:00","article_modified_time":"2025-12-15T18:40:22+00:00","og_image":[{"width":1023,"height":583,"url":"https:\/\/lasentinelle.dz\/wp-content\/uploads\/2024\/07\/justice.jpg","type":"image\/jpeg"}],"author":"admin","twitter_card":"summary_large_image","twitter_misc":{"\u00c9crit par":"admin","Dur\u00e9e de lecture estim\u00e9e":"3 minutes"},"schema":{"@context":"https:\/\/schema.org","@graph":[{"@type":"Article","@id":"https:\/\/lasentinelle.dz\/index.php\/2025\/12\/15\/proces-imetal-des-peines-allant-de-3-a-15-ans-de-prison-pronocees\/#article","isPartOf":{"@id":"https:\/\/lasentinelle.dz\/index.php\/2025\/12\/15\/proces-imetal-des-peines-allant-de-3-a-15-ans-de-prison-pronocees\/"},"author":{"name":"admin","@id":"https:\/\/lasentinelle.dz\/#\/schema\/person\/729ee0024f24e0b8c5ec17232f8e8b41"},"headline":"Proc\u00e8s\u00a0Imetal\u00a0: Des\u00a0peines allant de 3 \u00e0 15 ans de prison\u00a0pronoc\u00e9es","datePublished":"2025-12-15T18:40:21+00:00","dateModified":"2025-12-15T18:40:22+00:00","mainEntityOfPage":{"@id":"https:\/\/lasentinelle.dz\/index.php\/2025\/12\/15\/proces-imetal-des-peines-allant-de-3-a-15-ans-de-prison-pronocees\/"},"wordCount":603,"commentCount":0,"publisher":{"@id":"https:\/\/lasentinelle.dz\/#organization"},"image":{"@id":"https:\/\/lasentinelle.dz\/index.php\/2025\/12\/15\/proces-imetal-des-peines-allant-de-3-a-15-ans-de-prison-pronocees\/#primaryimage"},"thumbnailUrl":"https:\/\/lasentinelle.dz\/wp-content\/uploads\/2024\/07\/justice.jpg","articleSection":["Actualit\u00e9"],"inLanguage":"fr-FR","potentialAction":[{"@type":"CommentAction","name":"Comment","target":["https:\/\/lasentinelle.dz\/index.php\/2025\/12\/15\/proces-imetal-des-peines-allant-de-3-a-15-ans-de-prison-pronocees\/#respond"]}]},{"@type":"WebPage","@id":"https:\/\/lasentinelle.dz\/index.php\/2025\/12\/15\/proces-imetal-des-peines-allant-de-3-a-15-ans-de-prison-pronocees\/","url":"https:\/\/lasentinelle.dz\/index.php\/2025\/12\/15\/proces-imetal-des-peines-allant-de-3-a-15-ans-de-prison-pronocees\/","name":"Proc\u00e8s\u00a0Imetal\u00a0: Des\u00a0peines allant de 3 \u00e0 15 ans de prison\u00a0pronoc\u00e9es - La Sentinelle","isPartOf":{"@id":"https:\/\/lasentinelle.dz\/#website"},"primaryImageOfPage":{"@id":"https:\/\/lasentinelle.dz\/index.php\/2025\/12\/15\/proces-imetal-des-peines-allant-de-3-a-15-ans-de-prison-pronocees\/#primaryimage"},"image":{"@id":"https:\/\/lasentinelle.dz\/index.php\/2025\/12\/15\/proces-imetal-des-peines-allant-de-3-a-15-ans-de-prison-pronocees\/#primaryimage"},"thumbnailUrl":"https:\/\/lasentinelle.dz\/wp-content\/uploads\/2024\/07\/justice.jpg","datePublished":"2025-12-15T18:40:21+00:00","dateModified":"2025-12-15T18:40:22+00:00","breadcrumb":{"@id":"https:\/\/lasentinelle.dz\/index.php\/2025\/12\/15\/proces-imetal-des-peines-allant-de-3-a-15-ans-de-prison-pronocees\/#breadcrumb"},"inLanguage":"fr-FR","potentialAction":[{"@type":"ReadAction","target":["https:\/\/lasentinelle.dz\/index.php\/2025\/12\/15\/proces-imetal-des-peines-allant-de-3-a-15-ans-de-prison-pronocees\/"]}]},{"@type":"ImageObject","inLanguage":"fr-FR","@id":"https:\/\/lasentinelle.dz\/index.php\/2025\/12\/15\/proces-imetal-des-peines-allant-de-3-a-15-ans-de-prison-pronocees\/#primaryimage","url":"https:\/\/lasentinelle.dz\/wp-content\/uploads\/2024\/07\/justice.jpg","contentUrl":"https:\/\/lasentinelle.dz\/wp-content\/uploads\/2024\/07\/justice.jpg","width":1023,"height":583},{"@type":"BreadcrumbList","@id":"https:\/\/lasentinelle.dz\/index.php\/2025\/12\/15\/proces-imetal-des-peines-allant-de-3-a-15-ans-de-prison-pronocees\/#breadcrumb","itemListElement":[{"@type":"ListItem","position":1,"name":"Accueil","item":"https:\/\/lasentinelle.dz\/"},{"@type":"ListItem","position":2,"name":"Proc\u00e8s\u00a0Imetal\u00a0: Des\u00a0peines allant de 3 \u00e0 15 ans de prison\u00a0pronoc\u00e9es"}]},{"@type":"WebSite","@id":"https:\/\/lasentinelle.dz\/#website","url":"https:\/\/lasentinelle.dz\/","name":"La Sentinelle","description":"Quotidien national d&#039;information","publisher":{"@id":"https:\/\/lasentinelle.dz\/#organization"},"potentialAction":[{"@type":"SearchAction","target":{"@type":"EntryPoint","urlTemplate":"https:\/\/lasentinelle.dz\/?s={search_term_string}"},"query-input":{"@type":"PropertyValueSpecification","valueRequired":true,"valueName":"search_term_string"}}],"inLanguage":"fr-FR"},{"@type":"Organization","@id":"https:\/\/lasentinelle.dz\/#organization","name":"Quotidien La Sentinelle","url":"https:\/\/lasentinelle.dz\/","logo":{"@type":"ImageObject","inLanguage":"fr-FR","@id":"https:\/\/lasentinelle.dz\/#\/schema\/logo\/image\/","url":"https:\/\/lasentinelle.dz\/wp-content\/uploads\/2021\/09\/logo-sentinelleSLOGAN-1.png","contentUrl":"https:\/\/lasentinelle.dz\/wp-content\/uploads\/2021\/09\/logo-sentinelleSLOGAN-1.png","width":615,"height":142,"caption":"Quotidien La Sentinelle"},"image":{"@id":"https:\/\/lasentinelle.dz\/#\/schema\/logo\/image\/"},"sameAs":["https:\/\/www.facebook.com\/La-Sentinelle-104059864394773"]},{"@type":"Person","@id":"https:\/\/lasentinelle.dz\/#\/schema\/person\/729ee0024f24e0b8c5ec17232f8e8b41","name":"admin","image":{"@type":"ImageObject","inLanguage":"fr-FR","@id":"https:\/\/secure.gravatar.com\/avatar\/4c81fed838786e9b53f540bf46533e750f5d292099ae3b66cfc6fb1982e29df7?s=96&d=mm&r=g","url":"https:\/\/secure.gravatar.com\/avatar\/4c81fed838786e9b53f540bf46533e750f5d292099ae3b66cfc6fb1982e29df7?s=96&d=mm&r=g","contentUrl":"https:\/\/secure.gravatar.com\/avatar\/4c81fed838786e9b53f540bf46533e750f5d292099ae3b66cfc6fb1982e29df7?s=96&d=mm&r=g","caption":"admin"},"description":"admin","url":"https:\/\/lasentinelle.dz\/author\/admin\/"}]}},"_links":{"self":[{"href":"https:\/\/lasentinelle.dz\/index.php\/wp-json\/wp\/v2\/posts\/77883","targetHints":{"allow":["GET"]}}],"collection":[{"href":"https:\/\/lasentinelle.dz\/index.php\/wp-json\/wp\/v2\/posts"}],"about":[{"href":"https:\/\/lasentinelle.dz\/index.php\/wp-json\/wp\/v2\/types\/post"}],"author":[{"embeddable":true,"href":"https:\/\/lasentinelle.dz\/index.php\/wp-json\/wp\/v2\/users\/6"}],"replies":[{"embeddable":true,"href":"https:\/\/lasentinelle.dz\/index.php\/wp-json\/wp\/v2\/comments?post=77883"}],"version-history":[{"count":1,"href":"https:\/\/lasentinelle.dz\/index.php\/wp-json\/wp\/v2\/posts\/77883\/revisions"}],"predecessor-version":[{"id":77884,"href":"https:\/\/lasentinelle.dz\/index.php\/wp-json\/wp\/v2\/posts\/77883\/revisions\/77884"}],"wp:featuredmedia":[{"embeddable":true,"href":"https:\/\/lasentinelle.dz\/index.php\/wp-json\/wp\/v2\/media\/54967"}],"wp:attachment":[{"href":"https:\/\/lasentinelle.dz\/index.php\/wp-json\/wp\/v2\/media?parent=77883"}],"wp:term":[{"taxonomy":"category","embeddable":true,"href":"https:\/\/lasentinelle.dz\/index.php\/wp-json\/wp\/v2\/categories?post=77883"},{"taxonomy":"post_tag","embeddable":true,"href":"https:\/\/lasentinelle.dz\/index.php\/wp-json\/wp\/v2\/tags?post=77883"}],"curies":[{"name":"wp","href":"https:\/\/api.w.org\/{rel}","templated":true}]}}