{"id":77885,"date":"2025-12-15T19:41:09","date_gmt":"2025-12-15T18:41:09","guid":{"rendered":"https:\/\/lasentinelle.dz\/?p=77885"},"modified":"2025-12-15T19:41:11","modified_gmt":"2025-12-15T18:41:11","slug":"un-filet-de-securite-pour-les-salaries-des-entreprises-confisquees-pour-corruption","status":"publish","type":"post","link":"https:\/\/lasentinelle.dz\/index.php\/2025\/12\/15\/un-filet-de-securite-pour-les-salaries-des-entreprises-confisquees-pour-corruption\/","title":{"rendered":"Un filet de s\u00e9curit\u00e9 pour les salari\u00e9s des entreprises confisqu\u00e9es pour corruption"},"content":{"rendered":"\n<p>Le gouvernement vient d\u2019adopter un dispositif exceptionnel garantissant une protection sociale aux travailleurs victimes collat\u00e9rales des scandales de corruption. Retraite anticip\u00e9e, assurance ch\u00f4mage ou indemnit\u00e9s de licenciement : l\u2019\u00c9tat prend en charge l\u2019int\u00e9gralit\u00e9 des mesures pour les employ\u00e9s des entreprises dont les biens ont \u00e9t\u00e9 confisqu\u00e9s.<\/p>\n\n\n\n<p>Un d\u00e9cret ex\u00e9cutif publi\u00e9 le 1er d\u00e9cembre 2025 au Journal officiel instaure un m\u00e9canisme in\u00e9dit de protection des salari\u00e9s d&rsquo;entreprises \u00e9conomiques frapp\u00e9es par des d\u00e9cisions judiciaires d\u00e9finitives de confiscation dans le cadre d&rsquo;affaires de corruption. Cette mesure, qui s&rsquo;inscrit dans l&rsquo;application de la loi de finances compl\u00e9mentaire de 2022, t\u00e9moigne de la volont\u00e9 des autorit\u00e9s de ne pas faire porter aux travailleurs ordinaires les cons\u00e9quences des malversations de leurs anciens dirigeants.&nbsp;Le texte vise trois cat\u00e9gories d&rsquo;entreprises touch\u00e9es par la confiscation : celles o\u00f9 un administrateur judiciaire a \u00e9t\u00e9 d\u00e9sign\u00e9, celles ayant totalement cess\u00e9 leur activit\u00e9, et celles contraintes d&rsquo;adopter un volet social de restructuration. Pour&nbsp;lessalari\u00e9s brutalement plong\u00e9s dans l&rsquo;incertitude, le d\u00e9cret pr\u00e9voit trois options de sortie adapt\u00e9es \u00e0 leur situation personnelle.&nbsp;La premi\u00e8re mesure concerne l&rsquo;ouverture du droit \u00e0 la retraite anticip\u00e9e pour les travailleurs approchant de l&rsquo;\u00e2ge l\u00e9gal de d\u00e9part. Le texte pr\u00e9cise que \u00ab\u00a0la date de jouissance de la retraite anticip\u00e9e prend effet \u00e0 compter de la date de d\u00e9p\u00f4t du dossier au niveau de la&nbsp;Caisse nationale de retraite\u00a0\u00bb, garantissant ainsi une continuit\u00e9 de revenus imm\u00e9diate. L&rsquo;\u00c9tat assumera int\u00e9gralement le versement de la contribution forfaitaire ouvrant ce droit, ainsi que les cotisations de s\u00e9curit\u00e9 sociale correspondantes.&nbsp;Pour les salari\u00e9s plus jeunes ne remplissant pas les conditions de la retraite, le dispositif ouvre l&rsquo;acc\u00e8s au r\u00e9gime d&rsquo;assurance ch\u00f4mage. L\u00e0 encore, l&rsquo;\u00c9tat se substitue aux entreprises d\u00e9faillantes en versant directement \u00ab\u00a0la contribution ouvrant droit aux prestations de l&rsquo;assurance ch\u00f4mage\u00a0\u00bb. La Caisse nationale d&rsquo;assurance ch\u00f4mage, charg\u00e9e d&rsquo;\u00e9tudier et de liquider ces dossiers, devra respecter un d\u00e9lai maximum d&rsquo;un mois pour traiter chaque demande.<\/p>\n\n\n\n<p>Enfin, pour les travailleurs ne pouvant b\u00e9n\u00e9ficier ni de la retraite anticip\u00e9e ni de l&rsquo;assurance ch\u00f4mage, le d\u00e9cret instaure une indemnit\u00e9 de licenciement calcul\u00e9e sur la base d&rsquo;un mois de salaire par ann\u00e9e d&rsquo;anciennet\u00e9, dans la limite de quinze mois. Le montant est d\u00e9termin\u00e9 \u00e0 partir de \u00ab\u00a0la moyenne des salaires du travailleur au cours des douze derniers mois d&rsquo;activit\u00e9\u00a0\u00bb, avec un plancher fix\u00e9 au salaire national minimum garanti et un plafond \u00e0 trois fois ce montant. Innovation notable, cette indemnit\u00e9 sera vers\u00e9e par la Caisse nationale d&rsquo;assurance ch\u00f4mage pour le compte de l&rsquo;\u00c9tat, qui remboursera ensuite l&rsquo;organisme.<\/p>\n\n\n\n<p>Le dispositif pr\u00e9voit \u00e9galement la cr\u00e9ation d&rsquo;une commission nationale de suivi, compos\u00e9e de repr\u00e9sentants de plusieurs minist\u00e8res, des caisses de s\u00e9curit\u00e9 sociale, et des organisations syndicales de travailleurs et d&#8217;employeurs. Cette instance plurielle sera charg\u00e9e \u00ab\u00a0du suivi et de l&rsquo;\u00e9valuation de l&rsquo;\u00e9tat d&rsquo;ex\u00e9cution des mesures d\u00e9cid\u00e9es\u00a0\u00bb et devra pr\u00e9senter des rapports trimestriels sur l&rsquo;avancement des op\u00e9rations de prise en charge.<\/p>\n\n\n\n<p>Un aspect crucial du texte concerne la simplification des proc\u00e9dures pour les travailleurs. Si un administrateur a \u00e9t\u00e9 d\u00e9sign\u00e9 par les autorit\u00e9s, c&rsquo;est \u00e0 lui de d\u00e9poser les dossiers aupr\u00e8s des organismes comp\u00e9tents. Mais en l&rsquo;absence d&rsquo;administrateur, le travailleur peut d\u00e9poser personnellement son dossier aupr\u00e8s de l&rsquo;agence de wilaya de la Caisse nationale d&rsquo;assurance ch\u00f4mage, qui se chargera de le traiter ou de l&rsquo;orienter vers l&rsquo;organisme concern\u00e9. Cette disposition \u00e9vite que les victimes ne soient prisonni\u00e8res de situations administratives bloqu\u00e9es.&nbsp;Le financement de ces mesures exceptionnelles repose enti\u00e8rement sur le Tr\u00e9sor public. Les organismes de s\u00e9curit\u00e9 sociale sont tenus de prendre en charge imm\u00e9diatement les prestations, avant m\u00eame que les contributions ou cotisations dues par les entreprises confisqu\u00e9es ne soient r\u00e9gl\u00e9es. L&rsquo;\u00c9tat proc\u00e9dera ensuite \u00e0 des remboursements trimestriels sur pr\u00e9sentation de situations financi\u00e8res justificatives \u00e9tablies par ces organismes et vis\u00e9es par le minist\u00e8re du Travail.&nbsp;Les modalit\u00e9s pratiques d&rsquo;application seront pr\u00e9cis\u00e9es par un arr\u00eat\u00e9 interminist\u00e9riel \u00e0 venir, associant les minist\u00e8res des Finances et du Travail.&nbsp;<\/p>\n\n\n\n<p>Amar Malki<\/p>\n","protected":false},"excerpt":{"rendered":"<p>Le gouvernement vient d\u2019adopter un dispositif exceptionnel garantissant une protection sociale aux travailleurs victimes collat\u00e9rales des scandales de corruption. Retraite<\/p>\n","protected":false},"author":6,"featured_media":66249,"comment_status":"open","ping_status":"closed","sticky":false,"template":"","format":"standard","meta":{"colormag_page_container_layout":"default_layout","colormag_page_sidebar_layout":"default_layout","om_disable_all_campaigns":false,"_monsterinsights_skip_tracking":false,"_monsterinsights_sitenote_active":false,"_monsterinsights_sitenote_note":"","_monsterinsights_sitenote_category":0,"footnotes":"","_wpscppro_dont_share_socialmedia":false,"_wpscppro_custom_social_share_image":0,"_facebook_share_type":"default","_twitter_share_type":"default","_linkedin_share_type":"default","_pinterest_share_type":"default","_linkedin_share_type_page":"","_instagram_share_type":"default","_medium_share_type":"default","_threads_share_type":"default","_google_business_share_type":"default","_selected_social_profile":[],"_wpsp_enable_custom_social_template":false,"_wpsp_social_scheduling":{"enabled":false,"datetime":null,"platforms":[],"status":"template_only","dateOption":"today","timeOption":"now","customDays":"","customHours":"","customDate":"","customTime":"","schedulingType":"absolute"},"_wpsp_active_default_template":true},"categories":[52,27],"tags":[],"class_list":["post-77885","post","type-post","status-publish","format-standard","has-post-thumbnail","hentry","category-a-la-une","category-actualite"],"aioseo_notices":[],"yoast_head":"<!-- This site is optimized with the Yoast SEO plugin v27.5 - https:\/\/yoast.com\/product\/yoast-seo-wordpress\/ -->\n<title>Un filet de s\u00e9curit\u00e9 pour les salari\u00e9s des entreprises confisqu\u00e9es pour corruption - La Sentinelle<\/title>\n<meta name=\"robots\" content=\"index, follow, max-snippet:-1, max-image-preview:large, max-video-preview:-1\" \/>\n<link rel=\"canonical\" href=\"https:\/\/lasentinelle.dz\/index.php\/2025\/12\/15\/un-filet-de-securite-pour-les-salaries-des-entreprises-confisquees-pour-corruption\/\" \/>\n<meta property=\"og:locale\" content=\"fr_FR\" \/>\n<meta property=\"og:type\" content=\"article\" \/>\n<meta property=\"og:title\" content=\"Un filet de s\u00e9curit\u00e9 pour les salari\u00e9s des entreprises confisqu\u00e9es pour corruption - La Sentinelle\" \/>\n<meta property=\"og:description\" content=\"Le gouvernement vient d\u2019adopter un dispositif exceptionnel garantissant une protection sociale aux travailleurs victimes collat\u00e9rales des scandales de corruption. Retraite\" \/>\n<meta property=\"og:url\" content=\"https:\/\/lasentinelle.dz\/index.php\/2025\/12\/15\/un-filet-de-securite-pour-les-salaries-des-entreprises-confisquees-pour-corruption\/\" \/>\n<meta property=\"og:site_name\" content=\"La Sentinelle\" \/>\n<meta property=\"article:publisher\" content=\"https:\/\/www.facebook.com\/La-Sentinelle-104059864394773\" \/>\n<meta property=\"article:published_time\" content=\"2025-12-15T18:41:09+00:00\" \/>\n<meta property=\"article:modified_time\" content=\"2025-12-15T18:41:11+00:00\" \/>\n<meta property=\"og:image\" content=\"https:\/\/lasentinelle.dz\/wp-content\/uploads\/2025\/04\/biens-detournes.jpeg\" \/>\n\t<meta property=\"og:image:width\" content=\"838\" \/>\n\t<meta property=\"og:image:height\" content=\"557\" \/>\n\t<meta property=\"og:image:type\" content=\"image\/jpeg\" \/>\n<meta name=\"author\" content=\"admin\" \/>\n<meta name=\"twitter:card\" content=\"summary_large_image\" \/>\n<meta name=\"twitter:label1\" content=\"\u00c9crit par\" \/>\n\t<meta name=\"twitter:data1\" content=\"admin\" \/>\n\t<meta name=\"twitter:label2\" content=\"Dur\u00e9e de lecture estim\u00e9e\" \/>\n\t<meta name=\"twitter:data2\" content=\"4 minutes\" \/>\n<script type=\"application\/ld+json\" class=\"yoast-schema-graph\">{\"@context\":\"https:\\\/\\\/schema.org\",\"@graph\":[{\"@type\":\"Article\",\"@id\":\"https:\\\/\\\/lasentinelle.dz\\\/index.php\\\/2025\\\/12\\\/15\\\/un-filet-de-securite-pour-les-salaries-des-entreprises-confisquees-pour-corruption\\\/#article\",\"isPartOf\":{\"@id\":\"https:\\\/\\\/lasentinelle.dz\\\/index.php\\\/2025\\\/12\\\/15\\\/un-filet-de-securite-pour-les-salaries-des-entreprises-confisquees-pour-corruption\\\/\"},\"author\":{\"name\":\"admin\",\"@id\":\"https:\\\/\\\/lasentinelle.dz\\\/#\\\/schema\\\/person\\\/729ee0024f24e0b8c5ec17232f8e8b41\"},\"headline\":\"Un filet de s\u00e9curit\u00e9 pour les salari\u00e9s des entreprises confisqu\u00e9es pour corruption\",\"datePublished\":\"2025-12-15T18:41:09+00:00\",\"dateModified\":\"2025-12-15T18:41:11+00:00\",\"mainEntityOfPage\":{\"@id\":\"https:\\\/\\\/lasentinelle.dz\\\/index.php\\\/2025\\\/12\\\/15\\\/un-filet-de-securite-pour-les-salaries-des-entreprises-confisquees-pour-corruption\\\/\"},\"wordCount\":789,\"commentCount\":0,\"publisher\":{\"@id\":\"https:\\\/\\\/lasentinelle.dz\\\/#organization\"},\"image\":{\"@id\":\"https:\\\/\\\/lasentinelle.dz\\\/index.php\\\/2025\\\/12\\\/15\\\/un-filet-de-securite-pour-les-salaries-des-entreprises-confisquees-pour-corruption\\\/#primaryimage\"},\"thumbnailUrl\":\"https:\\\/\\\/lasentinelle.dz\\\/wp-content\\\/uploads\\\/2025\\\/04\\\/biens-detournes.jpeg\",\"articleSection\":[\"\u00c0 la Une\",\"Actualit\u00e9\"],\"inLanguage\":\"fr-FR\",\"potentialAction\":[{\"@type\":\"CommentAction\",\"name\":\"Comment\",\"target\":[\"https:\\\/\\\/lasentinelle.dz\\\/index.php\\\/2025\\\/12\\\/15\\\/un-filet-de-securite-pour-les-salaries-des-entreprises-confisquees-pour-corruption\\\/#respond\"]}]},{\"@type\":\"WebPage\",\"@id\":\"https:\\\/\\\/lasentinelle.dz\\\/index.php\\\/2025\\\/12\\\/15\\\/un-filet-de-securite-pour-les-salaries-des-entreprises-confisquees-pour-corruption\\\/\",\"url\":\"https:\\\/\\\/lasentinelle.dz\\\/index.php\\\/2025\\\/12\\\/15\\\/un-filet-de-securite-pour-les-salaries-des-entreprises-confisquees-pour-corruption\\\/\",\"name\":\"Un filet de s\u00e9curit\u00e9 pour les salari\u00e9s des entreprises confisqu\u00e9es pour corruption - La Sentinelle\",\"isPartOf\":{\"@id\":\"https:\\\/\\\/lasentinelle.dz\\\/#website\"},\"primaryImageOfPage\":{\"@id\":\"https:\\\/\\\/lasentinelle.dz\\\/index.php\\\/2025\\\/12\\\/15\\\/un-filet-de-securite-pour-les-salaries-des-entreprises-confisquees-pour-corruption\\\/#primaryimage\"},\"image\":{\"@id\":\"https:\\\/\\\/lasentinelle.dz\\\/index.php\\\/2025\\\/12\\\/15\\\/un-filet-de-securite-pour-les-salaries-des-entreprises-confisquees-pour-corruption\\\/#primaryimage\"},\"thumbnailUrl\":\"https:\\\/\\\/lasentinelle.dz\\\/wp-content\\\/uploads\\\/2025\\\/04\\\/biens-detournes.jpeg\",\"datePublished\":\"2025-12-15T18:41:09+00:00\",\"dateModified\":\"2025-12-15T18:41:11+00:00\",\"breadcrumb\":{\"@id\":\"https:\\\/\\\/lasentinelle.dz\\\/index.php\\\/2025\\\/12\\\/15\\\/un-filet-de-securite-pour-les-salaries-des-entreprises-confisquees-pour-corruption\\\/#breadcrumb\"},\"inLanguage\":\"fr-FR\",\"potentialAction\":[{\"@type\":\"ReadAction\",\"target\":[\"https:\\\/\\\/lasentinelle.dz\\\/index.php\\\/2025\\\/12\\\/15\\\/un-filet-de-securite-pour-les-salaries-des-entreprises-confisquees-pour-corruption\\\/\"]}]},{\"@type\":\"ImageObject\",\"inLanguage\":\"fr-FR\",\"@id\":\"https:\\\/\\\/lasentinelle.dz\\\/index.php\\\/2025\\\/12\\\/15\\\/un-filet-de-securite-pour-les-salaries-des-entreprises-confisquees-pour-corruption\\\/#primaryimage\",\"url\":\"https:\\\/\\\/lasentinelle.dz\\\/wp-content\\\/uploads\\\/2025\\\/04\\\/biens-detournes.jpeg\",\"contentUrl\":\"https:\\\/\\\/lasentinelle.dz\\\/wp-content\\\/uploads\\\/2025\\\/04\\\/biens-detournes.jpeg\",\"width\":838,\"height\":557},{\"@type\":\"BreadcrumbList\",\"@id\":\"https:\\\/\\\/lasentinelle.dz\\\/index.php\\\/2025\\\/12\\\/15\\\/un-filet-de-securite-pour-les-salaries-des-entreprises-confisquees-pour-corruption\\\/#breadcrumb\",\"itemListElement\":[{\"@type\":\"ListItem\",\"position\":1,\"name\":\"Accueil\",\"item\":\"https:\\\/\\\/lasentinelle.dz\\\/\"},{\"@type\":\"ListItem\",\"position\":2,\"name\":\"Un filet de s\u00e9curit\u00e9 pour les salari\u00e9s des entreprises confisqu\u00e9es pour corruption\"}]},{\"@type\":\"WebSite\",\"@id\":\"https:\\\/\\\/lasentinelle.dz\\\/#website\",\"url\":\"https:\\\/\\\/lasentinelle.dz\\\/\",\"name\":\"La Sentinelle\",\"description\":\"Quotidien national d&#039;information\",\"publisher\":{\"@id\":\"https:\\\/\\\/lasentinelle.dz\\\/#organization\"},\"potentialAction\":[{\"@type\":\"SearchAction\",\"target\":{\"@type\":\"EntryPoint\",\"urlTemplate\":\"https:\\\/\\\/lasentinelle.dz\\\/?s={search_term_string}\"},\"query-input\":{\"@type\":\"PropertyValueSpecification\",\"valueRequired\":true,\"valueName\":\"search_term_string\"}}],\"inLanguage\":\"fr-FR\"},{\"@type\":\"Organization\",\"@id\":\"https:\\\/\\\/lasentinelle.dz\\\/#organization\",\"name\":\"Quotidien La Sentinelle\",\"url\":\"https:\\\/\\\/lasentinelle.dz\\\/\",\"logo\":{\"@type\":\"ImageObject\",\"inLanguage\":\"fr-FR\",\"@id\":\"https:\\\/\\\/lasentinelle.dz\\\/#\\\/schema\\\/logo\\\/image\\\/\",\"url\":\"https:\\\/\\\/lasentinelle.dz\\\/wp-content\\\/uploads\\\/2021\\\/09\\\/logo-sentinelleSLOGAN-1.png\",\"contentUrl\":\"https:\\\/\\\/lasentinelle.dz\\\/wp-content\\\/uploads\\\/2021\\\/09\\\/logo-sentinelleSLOGAN-1.png\",\"width\":615,\"height\":142,\"caption\":\"Quotidien La Sentinelle\"},\"image\":{\"@id\":\"https:\\\/\\\/lasentinelle.dz\\\/#\\\/schema\\\/logo\\\/image\\\/\"},\"sameAs\":[\"https:\\\/\\\/www.facebook.com\\\/La-Sentinelle-104059864394773\"]},{\"@type\":\"Person\",\"@id\":\"https:\\\/\\\/lasentinelle.dz\\\/#\\\/schema\\\/person\\\/729ee0024f24e0b8c5ec17232f8e8b41\",\"name\":\"admin\",\"image\":{\"@type\":\"ImageObject\",\"inLanguage\":\"fr-FR\",\"@id\":\"https:\\\/\\\/secure.gravatar.com\\\/avatar\\\/4c81fed838786e9b53f540bf46533e750f5d292099ae3b66cfc6fb1982e29df7?s=96&d=mm&r=g\",\"url\":\"https:\\\/\\\/secure.gravatar.com\\\/avatar\\\/4c81fed838786e9b53f540bf46533e750f5d292099ae3b66cfc6fb1982e29df7?s=96&d=mm&r=g\",\"contentUrl\":\"https:\\\/\\\/secure.gravatar.com\\\/avatar\\\/4c81fed838786e9b53f540bf46533e750f5d292099ae3b66cfc6fb1982e29df7?s=96&d=mm&r=g\",\"caption\":\"admin\"},\"description\":\"admin\",\"url\":\"https:\\\/\\\/lasentinelle.dz\\\/author\\\/admin\\\/\"}]}<\/script>\n<!-- \/ Yoast SEO plugin. -->","yoast_head_json":{"title":"Un filet de s\u00e9curit\u00e9 pour les salari\u00e9s des entreprises confisqu\u00e9es pour corruption - La Sentinelle","robots":{"index":"index","follow":"follow","max-snippet":"max-snippet:-1","max-image-preview":"max-image-preview:large","max-video-preview":"max-video-preview:-1"},"canonical":"https:\/\/lasentinelle.dz\/index.php\/2025\/12\/15\/un-filet-de-securite-pour-les-salaries-des-entreprises-confisquees-pour-corruption\/","og_locale":"fr_FR","og_type":"article","og_title":"Un filet de s\u00e9curit\u00e9 pour les salari\u00e9s des entreprises confisqu\u00e9es pour corruption - La Sentinelle","og_description":"Le gouvernement vient d\u2019adopter un dispositif exceptionnel garantissant une protection sociale aux travailleurs victimes collat\u00e9rales des scandales de corruption. Retraite","og_url":"https:\/\/lasentinelle.dz\/index.php\/2025\/12\/15\/un-filet-de-securite-pour-les-salaries-des-entreprises-confisquees-pour-corruption\/","og_site_name":"La Sentinelle","article_publisher":"https:\/\/www.facebook.com\/La-Sentinelle-104059864394773","article_published_time":"2025-12-15T18:41:09+00:00","article_modified_time":"2025-12-15T18:41:11+00:00","og_image":[{"width":838,"height":557,"url":"https:\/\/lasentinelle.dz\/wp-content\/uploads\/2025\/04\/biens-detournes.jpeg","type":"image\/jpeg"}],"author":"admin","twitter_card":"summary_large_image","twitter_misc":{"\u00c9crit par":"admin","Dur\u00e9e de lecture estim\u00e9e":"4 minutes"},"schema":{"@context":"https:\/\/schema.org","@graph":[{"@type":"Article","@id":"https:\/\/lasentinelle.dz\/index.php\/2025\/12\/15\/un-filet-de-securite-pour-les-salaries-des-entreprises-confisquees-pour-corruption\/#article","isPartOf":{"@id":"https:\/\/lasentinelle.dz\/index.php\/2025\/12\/15\/un-filet-de-securite-pour-les-salaries-des-entreprises-confisquees-pour-corruption\/"},"author":{"name":"admin","@id":"https:\/\/lasentinelle.dz\/#\/schema\/person\/729ee0024f24e0b8c5ec17232f8e8b41"},"headline":"Un filet de s\u00e9curit\u00e9 pour les salari\u00e9s des entreprises confisqu\u00e9es pour corruption","datePublished":"2025-12-15T18:41:09+00:00","dateModified":"2025-12-15T18:41:11+00:00","mainEntityOfPage":{"@id":"https:\/\/lasentinelle.dz\/index.php\/2025\/12\/15\/un-filet-de-securite-pour-les-salaries-des-entreprises-confisquees-pour-corruption\/"},"wordCount":789,"commentCount":0,"publisher":{"@id":"https:\/\/lasentinelle.dz\/#organization"},"image":{"@id":"https:\/\/lasentinelle.dz\/index.php\/2025\/12\/15\/un-filet-de-securite-pour-les-salaries-des-entreprises-confisquees-pour-corruption\/#primaryimage"},"thumbnailUrl":"https:\/\/lasentinelle.dz\/wp-content\/uploads\/2025\/04\/biens-detournes.jpeg","articleSection":["\u00c0 la Une","Actualit\u00e9"],"inLanguage":"fr-FR","potentialAction":[{"@type":"CommentAction","name":"Comment","target":["https:\/\/lasentinelle.dz\/index.php\/2025\/12\/15\/un-filet-de-securite-pour-les-salaries-des-entreprises-confisquees-pour-corruption\/#respond"]}]},{"@type":"WebPage","@id":"https:\/\/lasentinelle.dz\/index.php\/2025\/12\/15\/un-filet-de-securite-pour-les-salaries-des-entreprises-confisquees-pour-corruption\/","url":"https:\/\/lasentinelle.dz\/index.php\/2025\/12\/15\/un-filet-de-securite-pour-les-salaries-des-entreprises-confisquees-pour-corruption\/","name":"Un filet de s\u00e9curit\u00e9 pour les salari\u00e9s des entreprises confisqu\u00e9es pour corruption - La Sentinelle","isPartOf":{"@id":"https:\/\/lasentinelle.dz\/#website"},"primaryImageOfPage":{"@id":"https:\/\/lasentinelle.dz\/index.php\/2025\/12\/15\/un-filet-de-securite-pour-les-salaries-des-entreprises-confisquees-pour-corruption\/#primaryimage"},"image":{"@id":"https:\/\/lasentinelle.dz\/index.php\/2025\/12\/15\/un-filet-de-securite-pour-les-salaries-des-entreprises-confisquees-pour-corruption\/#primaryimage"},"thumbnailUrl":"https:\/\/lasentinelle.dz\/wp-content\/uploads\/2025\/04\/biens-detournes.jpeg","datePublished":"2025-12-15T18:41:09+00:00","dateModified":"2025-12-15T18:41:11+00:00","breadcrumb":{"@id":"https:\/\/lasentinelle.dz\/index.php\/2025\/12\/15\/un-filet-de-securite-pour-les-salaries-des-entreprises-confisquees-pour-corruption\/#breadcrumb"},"inLanguage":"fr-FR","potentialAction":[{"@type":"ReadAction","target":["https:\/\/lasentinelle.dz\/index.php\/2025\/12\/15\/un-filet-de-securite-pour-les-salaries-des-entreprises-confisquees-pour-corruption\/"]}]},{"@type":"ImageObject","inLanguage":"fr-FR","@id":"https:\/\/lasentinelle.dz\/index.php\/2025\/12\/15\/un-filet-de-securite-pour-les-salaries-des-entreprises-confisquees-pour-corruption\/#primaryimage","url":"https:\/\/lasentinelle.dz\/wp-content\/uploads\/2025\/04\/biens-detournes.jpeg","contentUrl":"https:\/\/lasentinelle.dz\/wp-content\/uploads\/2025\/04\/biens-detournes.jpeg","width":838,"height":557},{"@type":"BreadcrumbList","@id":"https:\/\/lasentinelle.dz\/index.php\/2025\/12\/15\/un-filet-de-securite-pour-les-salaries-des-entreprises-confisquees-pour-corruption\/#breadcrumb","itemListElement":[{"@type":"ListItem","position":1,"name":"Accueil","item":"https:\/\/lasentinelle.dz\/"},{"@type":"ListItem","position":2,"name":"Un filet de s\u00e9curit\u00e9 pour les salari\u00e9s des entreprises confisqu\u00e9es pour corruption"}]},{"@type":"WebSite","@id":"https:\/\/lasentinelle.dz\/#website","url":"https:\/\/lasentinelle.dz\/","name":"La Sentinelle","description":"Quotidien national d&#039;information","publisher":{"@id":"https:\/\/lasentinelle.dz\/#organization"},"potentialAction":[{"@type":"SearchAction","target":{"@type":"EntryPoint","urlTemplate":"https:\/\/lasentinelle.dz\/?s={search_term_string}"},"query-input":{"@type":"PropertyValueSpecification","valueRequired":true,"valueName":"search_term_string"}}],"inLanguage":"fr-FR"},{"@type":"Organization","@id":"https:\/\/lasentinelle.dz\/#organization","name":"Quotidien La Sentinelle","url":"https:\/\/lasentinelle.dz\/","logo":{"@type":"ImageObject","inLanguage":"fr-FR","@id":"https:\/\/lasentinelle.dz\/#\/schema\/logo\/image\/","url":"https:\/\/lasentinelle.dz\/wp-content\/uploads\/2021\/09\/logo-sentinelleSLOGAN-1.png","contentUrl":"https:\/\/lasentinelle.dz\/wp-content\/uploads\/2021\/09\/logo-sentinelleSLOGAN-1.png","width":615,"height":142,"caption":"Quotidien La Sentinelle"},"image":{"@id":"https:\/\/lasentinelle.dz\/#\/schema\/logo\/image\/"},"sameAs":["https:\/\/www.facebook.com\/La-Sentinelle-104059864394773"]},{"@type":"Person","@id":"https:\/\/lasentinelle.dz\/#\/schema\/person\/729ee0024f24e0b8c5ec17232f8e8b41","name":"admin","image":{"@type":"ImageObject","inLanguage":"fr-FR","@id":"https:\/\/secure.gravatar.com\/avatar\/4c81fed838786e9b53f540bf46533e750f5d292099ae3b66cfc6fb1982e29df7?s=96&d=mm&r=g","url":"https:\/\/secure.gravatar.com\/avatar\/4c81fed838786e9b53f540bf46533e750f5d292099ae3b66cfc6fb1982e29df7?s=96&d=mm&r=g","contentUrl":"https:\/\/secure.gravatar.com\/avatar\/4c81fed838786e9b53f540bf46533e750f5d292099ae3b66cfc6fb1982e29df7?s=96&d=mm&r=g","caption":"admin"},"description":"admin","url":"https:\/\/lasentinelle.dz\/author\/admin\/"}]}},"_links":{"self":[{"href":"https:\/\/lasentinelle.dz\/index.php\/wp-json\/wp\/v2\/posts\/77885","targetHints":{"allow":["GET"]}}],"collection":[{"href":"https:\/\/lasentinelle.dz\/index.php\/wp-json\/wp\/v2\/posts"}],"about":[{"href":"https:\/\/lasentinelle.dz\/index.php\/wp-json\/wp\/v2\/types\/post"}],"author":[{"embeddable":true,"href":"https:\/\/lasentinelle.dz\/index.php\/wp-json\/wp\/v2\/users\/6"}],"replies":[{"embeddable":true,"href":"https:\/\/lasentinelle.dz\/index.php\/wp-json\/wp\/v2\/comments?post=77885"}],"version-history":[{"count":1,"href":"https:\/\/lasentinelle.dz\/index.php\/wp-json\/wp\/v2\/posts\/77885\/revisions"}],"predecessor-version":[{"id":77886,"href":"https:\/\/lasentinelle.dz\/index.php\/wp-json\/wp\/v2\/posts\/77885\/revisions\/77886"}],"wp:featuredmedia":[{"embeddable":true,"href":"https:\/\/lasentinelle.dz\/index.php\/wp-json\/wp\/v2\/media\/66249"}],"wp:attachment":[{"href":"https:\/\/lasentinelle.dz\/index.php\/wp-json\/wp\/v2\/media?parent=77885"}],"wp:term":[{"taxonomy":"category","embeddable":true,"href":"https:\/\/lasentinelle.dz\/index.php\/wp-json\/wp\/v2\/categories?post=77885"},{"taxonomy":"post_tag","embeddable":true,"href":"https:\/\/lasentinelle.dz\/index.php\/wp-json\/wp\/v2\/tags?post=77885"}],"curies":[{"name":"wp","href":"https:\/\/api.w.org\/{rel}","templated":true}]}}