{"id":77887,"date":"2025-12-17T13:42:13","date_gmt":"2025-12-17T12:42:13","guid":{"rendered":"https:\/\/lasentinelle.dz\/?p=77887"},"modified":"2025-12-17T13:42:14","modified_gmt":"2025-12-17T12:42:14","slug":"recul-historique-de-la-securite-des-journalistes-dans-le-monde","status":"publish","type":"post","link":"https:\/\/lasentinelle.dz\/index.php\/2025\/12\/17\/recul-historique-de-la-securite-des-journalistes-dans-le-monde\/","title":{"rendered":"Recul \u00ab\u00a0historique\u00a0\u00bb de la s\u00e9curit\u00e9 des journalistes dans le monde\u00a0"},"content":{"rendered":"\n<p>La s\u00e9curit\u00e9 des journalistes et la libert\u00e9 d&rsquo;expression dans le monde ont connu un recul \u00ab\u00a0historique\u00a0\u00bb ces treize derni\u00e8res ann\u00e9es, en raison notamment \u00e0 l&rsquo;augmentation des attaques dont font l&rsquo;objet les journalistes, tant dans la vie r\u00e9elle qu&rsquo;en ligne, rel\u00e8ve l&rsquo;Unesco dans un nouveau rapport. Le rapport de l&rsquo;Unesco concerne les tendances mondiales en mati\u00e8re de libert\u00e9 d&rsquo;expression et de d\u00e9veloppement des m\u00e9dias 2022-2025, publi\u00e9 tous les quatre ans par l&rsquo;organisation onusienne. Au cours de la p\u00e9riode \u00e9tudi\u00e9e (2022-2025), 186 journalistes ont \u00e9t\u00e9 tu\u00e9s alors qu&rsquo;ils couvraient des guerres et des zones de conflit, soit une augmentation de 67 % par rapport \u00e0 la pr\u00e9c\u00e9dente p\u00e9riode couverte par le rapport (2018-2021). Sur la seule ann\u00e9e 2025, 93 journalistes ont \u00e9t\u00e9 tu\u00e9s, dont 60 dans des zones de conflit, note l&rsquo;organisation. Malgr\u00e9 les engagements internationaux visant \u00e0 mettre fin \u00e0 l&rsquo;impunit\u00e9 pour les meurtres de journalistes, les poursuites judiciaires restent rares. Si des \u00ab\u00a0progr\u00e8s modestes\u00a0\u00bb ont \u00e9t\u00e9 r\u00e9alis\u00e9s, le taux d&rsquo;impunit\u00e9 \u00e9tant pass\u00e9 de 95 % en 2012 \u00e0 85 % en 2024, la plupart des auteurs de ces crimes restent impunis. Aujourd&rsquo;hui, les journalistes sont confront\u00e9s \u00e0 un spectre toujours plus large d&rsquo;attaques &#8211; physiques, num\u00e9riques, juridiques. Certains sont victimes de menaces qui les obligent \u00e0 fuir leur foyer : depuis 2018, plus de 900 journalistes en Am\u00e9rique latine et dans les Cara\u00efbes ont \u00e9t\u00e9 contraints \u00e0 l&rsquo;exil. Le rapport r\u00e9v\u00e8le \u00e9galement une baisse de 10 % de la libert\u00e9 d&rsquo;expression dans le monde depuis 2012, \u00ab\u00a0un niveau qui n&rsquo;avait pas \u00e9t\u00e9 atteint depuis des d\u00e9cennies\u00a0\u00bb, alertant sur l'\u00a0\u00bbaugmentation consid\u00e9rable\u00a0\u00bb de l&rsquo;autocensure parmi les journalistes, avec une hausse de 63 % sur la m\u00eame p\u00e9riode, \u00e0 un rythme d&rsquo;environ 5 % par an. Il dresse un tableau alarmant, mais il propose \u00e9galement des solutions pratiques que les Etats membres peuvent mettre en \u0153uvre pour aider \u00e0 inverser la tendance. Les Etats membres sont appel\u00e9s \u00e0 prot\u00e9ger et \u00e0 investir dans le journalisme afin de favoriser le d\u00e9veloppement de soci\u00e9t\u00e9s pacifiques. Pour l&rsquo;Unesco, la d\u00e9fense d&rsquo;un journalisme libre et ind\u00e9pendant \u00ab\u00a0doit \u00eatre reconnue comme une priorit\u00e9\u00a0\u00bb. L&rsquo;Unesco pr\u00f4ne \u00e9galement la coop\u00e9ration entre tous les acteurs afin de garantir un acc\u00e8s transparent \u00e0 l&rsquo;information, favoriser les m\u00e9canismes de responsabilit\u00e9, et donner aux utilisateurs les moyens de faire des choix \u00e9clair\u00e9s. En 2023, l&rsquo;organisation a publi\u00e9 ses Principes pour la gouvernance des plateformes num\u00e9riques, \u00e9labor\u00e9es par des contributeurs de plus de 130 pays. L&rsquo;agence onusienne juge, en outre, \u00ab\u00a0essentiel\u00a0\u00bb d&rsquo;apprendre aux citoyens \u00e0 aborder l&rsquo;information de mani\u00e8re critique et \u00e0 naviguer en toute s\u00e9curit\u00e9 sur les plateformes de m\u00e9dias sociaux afin de renforcer la confiance dans l&rsquo;\u00e9cosyst\u00e8me informationnel actuel.<\/p>\n\n\n\n<p>APS<\/p>\n","protected":false},"excerpt":{"rendered":"<p>La s\u00e9curit\u00e9 des journalistes et la libert\u00e9 d&rsquo;expression dans le monde ont connu un recul \u00ab\u00a0historique\u00a0\u00bb ces treize derni\u00e8res ann\u00e9es,<\/p>\n","protected":false},"author":6,"featured_media":46553,"comment_status":"open","ping_status":"closed","sticky":false,"template":"","format":"standard","meta":{"colormag_page_container_layout":"default_layout","colormag_page_sidebar_layout":"default_layout","om_disable_all_campaigns":false,"_monsterinsights_skip_tracking":false,"_monsterinsights_sitenote_active":false,"_monsterinsights_sitenote_note":"","_monsterinsights_sitenote_category":0,"footnotes":"","_wpscppro_dont_share_socialmedia":false,"_wpscppro_custom_social_share_image":0,"_facebook_share_type":"default","_twitter_share_type":"default","_linkedin_share_type":"default","_pinterest_share_type":"default","_linkedin_share_type_page":"","_instagram_share_type":"default","_medium_share_type":"default","_threads_share_type":"default","_google_business_share_type":"default","_selected_social_profile":[],"_wpsp_enable_custom_social_template":false,"_wpsp_social_scheduling":{"enabled":false,"datetime":null,"platforms":[],"status":"template_only","dateOption":"today","timeOption":"now","customDays":"","customHours":"","customDate":"","customTime":"","schedulingType":"absolute"},"_wpsp_active_default_template":true},"categories":[37],"tags":[],"class_list":["post-77887","post","type-post","status-publish","format-standard","has-post-thumbnail","hentry","category-monde"],"aioseo_notices":[],"yoast_head":"<!-- This site is optimized with the Yoast SEO plugin v27.5 - https:\/\/yoast.com\/product\/yoast-seo-wordpress\/ -->\n<title>Recul \u00ab\u00a0historique\u00a0\u00bb de la s\u00e9curit\u00e9 des journalistes dans le monde\u00a0 - La Sentinelle<\/title>\n<meta name=\"robots\" content=\"index, follow, max-snippet:-1, max-image-preview:large, max-video-preview:-1\" \/>\n<link rel=\"canonical\" href=\"https:\/\/lasentinelle.dz\/index.php\/2025\/12\/17\/recul-historique-de-la-securite-des-journalistes-dans-le-monde\/\" \/>\n<meta property=\"og:locale\" content=\"fr_FR\" \/>\n<meta property=\"og:type\" content=\"article\" \/>\n<meta property=\"og:title\" content=\"Recul \u00ab\u00a0historique\u00a0\u00bb de la s\u00e9curit\u00e9 des journalistes dans le monde\u00a0 - La Sentinelle\" \/>\n<meta property=\"og:description\" content=\"La s\u00e9curit\u00e9 des journalistes et la libert\u00e9 d&rsquo;expression dans le monde ont connu un recul \u00ab\u00a0historique\u00a0\u00bb ces treize derni\u00e8res ann\u00e9es,\" \/>\n<meta property=\"og:url\" content=\"https:\/\/lasentinelle.dz\/index.php\/2025\/12\/17\/recul-historique-de-la-securite-des-journalistes-dans-le-monde\/\" \/>\n<meta property=\"og:site_name\" content=\"La Sentinelle\" \/>\n<meta property=\"article:publisher\" content=\"https:\/\/www.facebook.com\/La-Sentinelle-104059864394773\" \/>\n<meta property=\"article:published_time\" content=\"2025-12-17T12:42:13+00:00\" \/>\n<meta property=\"article:modified_time\" content=\"2025-12-17T12:42:14+00:00\" \/>\n<meta property=\"og:image\" content=\"https:\/\/lasentinelle.dz\/wp-content\/uploads\/2023\/10\/presse.jpeg\" \/>\n\t<meta property=\"og:image:width\" content=\"864\" \/>\n\t<meta property=\"og:image:height\" content=\"486\" \/>\n\t<meta property=\"og:image:type\" content=\"image\/jpeg\" \/>\n<meta name=\"author\" content=\"admin\" \/>\n<meta name=\"twitter:card\" content=\"summary_large_image\" \/>\n<meta name=\"twitter:label1\" content=\"\u00c9crit par\" \/>\n\t<meta name=\"twitter:data1\" content=\"admin\" \/>\n\t<meta name=\"twitter:label2\" content=\"Dur\u00e9e de lecture estim\u00e9e\" \/>\n\t<meta name=\"twitter:data2\" content=\"3 minutes\" \/>\n<script type=\"application\/ld+json\" class=\"yoast-schema-graph\">{\"@context\":\"https:\\\/\\\/schema.org\",\"@graph\":[{\"@type\":\"Article\",\"@id\":\"https:\\\/\\\/lasentinelle.dz\\\/index.php\\\/2025\\\/12\\\/17\\\/recul-historique-de-la-securite-des-journalistes-dans-le-monde\\\/#article\",\"isPartOf\":{\"@id\":\"https:\\\/\\\/lasentinelle.dz\\\/index.php\\\/2025\\\/12\\\/17\\\/recul-historique-de-la-securite-des-journalistes-dans-le-monde\\\/\"},\"author\":{\"name\":\"admin\",\"@id\":\"https:\\\/\\\/lasentinelle.dz\\\/#\\\/schema\\\/person\\\/729ee0024f24e0b8c5ec17232f8e8b41\"},\"headline\":\"Recul \u00ab\u00a0historique\u00a0\u00bb de la s\u00e9curit\u00e9 des journalistes dans le monde\u00a0\",\"datePublished\":\"2025-12-17T12:42:13+00:00\",\"dateModified\":\"2025-12-17T12:42:14+00:00\",\"mainEntityOfPage\":{\"@id\":\"https:\\\/\\\/lasentinelle.dz\\\/index.php\\\/2025\\\/12\\\/17\\\/recul-historique-de-la-securite-des-journalistes-dans-le-monde\\\/\"},\"wordCount\":485,\"commentCount\":0,\"publisher\":{\"@id\":\"https:\\\/\\\/lasentinelle.dz\\\/#organization\"},\"image\":{\"@id\":\"https:\\\/\\\/lasentinelle.dz\\\/index.php\\\/2025\\\/12\\\/17\\\/recul-historique-de-la-securite-des-journalistes-dans-le-monde\\\/#primaryimage\"},\"thumbnailUrl\":\"https:\\\/\\\/lasentinelle.dz\\\/wp-content\\\/uploads\\\/2023\\\/10\\\/presse.jpeg\",\"articleSection\":[\"Monde\"],\"inLanguage\":\"fr-FR\",\"potentialAction\":[{\"@type\":\"CommentAction\",\"name\":\"Comment\",\"target\":[\"https:\\\/\\\/lasentinelle.dz\\\/index.php\\\/2025\\\/12\\\/17\\\/recul-historique-de-la-securite-des-journalistes-dans-le-monde\\\/#respond\"]}]},{\"@type\":\"WebPage\",\"@id\":\"https:\\\/\\\/lasentinelle.dz\\\/index.php\\\/2025\\\/12\\\/17\\\/recul-historique-de-la-securite-des-journalistes-dans-le-monde\\\/\",\"url\":\"https:\\\/\\\/lasentinelle.dz\\\/index.php\\\/2025\\\/12\\\/17\\\/recul-historique-de-la-securite-des-journalistes-dans-le-monde\\\/\",\"name\":\"Recul \u00ab\u00a0historique\u00a0\u00bb de la s\u00e9curit\u00e9 des journalistes dans le monde\u00a0 - La Sentinelle\",\"isPartOf\":{\"@id\":\"https:\\\/\\\/lasentinelle.dz\\\/#website\"},\"primaryImageOfPage\":{\"@id\":\"https:\\\/\\\/lasentinelle.dz\\\/index.php\\\/2025\\\/12\\\/17\\\/recul-historique-de-la-securite-des-journalistes-dans-le-monde\\\/#primaryimage\"},\"image\":{\"@id\":\"https:\\\/\\\/lasentinelle.dz\\\/index.php\\\/2025\\\/12\\\/17\\\/recul-historique-de-la-securite-des-journalistes-dans-le-monde\\\/#primaryimage\"},\"thumbnailUrl\":\"https:\\\/\\\/lasentinelle.dz\\\/wp-content\\\/uploads\\\/2023\\\/10\\\/presse.jpeg\",\"datePublished\":\"2025-12-17T12:42:13+00:00\",\"dateModified\":\"2025-12-17T12:42:14+00:00\",\"breadcrumb\":{\"@id\":\"https:\\\/\\\/lasentinelle.dz\\\/index.php\\\/2025\\\/12\\\/17\\\/recul-historique-de-la-securite-des-journalistes-dans-le-monde\\\/#breadcrumb\"},\"inLanguage\":\"fr-FR\",\"potentialAction\":[{\"@type\":\"ReadAction\",\"target\":[\"https:\\\/\\\/lasentinelle.dz\\\/index.php\\\/2025\\\/12\\\/17\\\/recul-historique-de-la-securite-des-journalistes-dans-le-monde\\\/\"]}]},{\"@type\":\"ImageObject\",\"inLanguage\":\"fr-FR\",\"@id\":\"https:\\\/\\\/lasentinelle.dz\\\/index.php\\\/2025\\\/12\\\/17\\\/recul-historique-de-la-securite-des-journalistes-dans-le-monde\\\/#primaryimage\",\"url\":\"https:\\\/\\\/lasentinelle.dz\\\/wp-content\\\/uploads\\\/2023\\\/10\\\/presse.jpeg\",\"contentUrl\":\"https:\\\/\\\/lasentinelle.dz\\\/wp-content\\\/uploads\\\/2023\\\/10\\\/presse.jpeg\",\"width\":864,\"height\":486},{\"@type\":\"BreadcrumbList\",\"@id\":\"https:\\\/\\\/lasentinelle.dz\\\/index.php\\\/2025\\\/12\\\/17\\\/recul-historique-de-la-securite-des-journalistes-dans-le-monde\\\/#breadcrumb\",\"itemListElement\":[{\"@type\":\"ListItem\",\"position\":1,\"name\":\"Accueil\",\"item\":\"https:\\\/\\\/lasentinelle.dz\\\/\"},{\"@type\":\"ListItem\",\"position\":2,\"name\":\"Recul \u00ab\u00a0historique\u00a0\u00bb de la s\u00e9curit\u00e9 des journalistes dans le monde\u00a0\"}]},{\"@type\":\"WebSite\",\"@id\":\"https:\\\/\\\/lasentinelle.dz\\\/#website\",\"url\":\"https:\\\/\\\/lasentinelle.dz\\\/\",\"name\":\"La Sentinelle\",\"description\":\"Quotidien national d&#039;information\",\"publisher\":{\"@id\":\"https:\\\/\\\/lasentinelle.dz\\\/#organization\"},\"potentialAction\":[{\"@type\":\"SearchAction\",\"target\":{\"@type\":\"EntryPoint\",\"urlTemplate\":\"https:\\\/\\\/lasentinelle.dz\\\/?s={search_term_string}\"},\"query-input\":{\"@type\":\"PropertyValueSpecification\",\"valueRequired\":true,\"valueName\":\"search_term_string\"}}],\"inLanguage\":\"fr-FR\"},{\"@type\":\"Organization\",\"@id\":\"https:\\\/\\\/lasentinelle.dz\\\/#organization\",\"name\":\"Quotidien La Sentinelle\",\"url\":\"https:\\\/\\\/lasentinelle.dz\\\/\",\"logo\":{\"@type\":\"ImageObject\",\"inLanguage\":\"fr-FR\",\"@id\":\"https:\\\/\\\/lasentinelle.dz\\\/#\\\/schema\\\/logo\\\/image\\\/\",\"url\":\"https:\\\/\\\/lasentinelle.dz\\\/wp-content\\\/uploads\\\/2021\\\/09\\\/logo-sentinelleSLOGAN-1.png\",\"contentUrl\":\"https:\\\/\\\/lasentinelle.dz\\\/wp-content\\\/uploads\\\/2021\\\/09\\\/logo-sentinelleSLOGAN-1.png\",\"width\":615,\"height\":142,\"caption\":\"Quotidien La Sentinelle\"},\"image\":{\"@id\":\"https:\\\/\\\/lasentinelle.dz\\\/#\\\/schema\\\/logo\\\/image\\\/\"},\"sameAs\":[\"https:\\\/\\\/www.facebook.com\\\/La-Sentinelle-104059864394773\"]},{\"@type\":\"Person\",\"@id\":\"https:\\\/\\\/lasentinelle.dz\\\/#\\\/schema\\\/person\\\/729ee0024f24e0b8c5ec17232f8e8b41\",\"name\":\"admin\",\"image\":{\"@type\":\"ImageObject\",\"inLanguage\":\"fr-FR\",\"@id\":\"https:\\\/\\\/secure.gravatar.com\\\/avatar\\\/4c81fed838786e9b53f540bf46533e750f5d292099ae3b66cfc6fb1982e29df7?s=96&d=mm&r=g\",\"url\":\"https:\\\/\\\/secure.gravatar.com\\\/avatar\\\/4c81fed838786e9b53f540bf46533e750f5d292099ae3b66cfc6fb1982e29df7?s=96&d=mm&r=g\",\"contentUrl\":\"https:\\\/\\\/secure.gravatar.com\\\/avatar\\\/4c81fed838786e9b53f540bf46533e750f5d292099ae3b66cfc6fb1982e29df7?s=96&d=mm&r=g\",\"caption\":\"admin\"},\"description\":\"admin\",\"url\":\"https:\\\/\\\/lasentinelle.dz\\\/author\\\/admin\\\/\"}]}<\/script>\n<!-- \/ Yoast SEO plugin. -->","yoast_head_json":{"title":"Recul \u00ab\u00a0historique\u00a0\u00bb de la s\u00e9curit\u00e9 des journalistes dans le monde\u00a0 - La Sentinelle","robots":{"index":"index","follow":"follow","max-snippet":"max-snippet:-1","max-image-preview":"max-image-preview:large","max-video-preview":"max-video-preview:-1"},"canonical":"https:\/\/lasentinelle.dz\/index.php\/2025\/12\/17\/recul-historique-de-la-securite-des-journalistes-dans-le-monde\/","og_locale":"fr_FR","og_type":"article","og_title":"Recul \u00ab\u00a0historique\u00a0\u00bb de la s\u00e9curit\u00e9 des journalistes dans le monde\u00a0 - La Sentinelle","og_description":"La s\u00e9curit\u00e9 des journalistes et la libert\u00e9 d&rsquo;expression dans le monde ont connu un recul \u00ab\u00a0historique\u00a0\u00bb ces treize derni\u00e8res ann\u00e9es,","og_url":"https:\/\/lasentinelle.dz\/index.php\/2025\/12\/17\/recul-historique-de-la-securite-des-journalistes-dans-le-monde\/","og_site_name":"La Sentinelle","article_publisher":"https:\/\/www.facebook.com\/La-Sentinelle-104059864394773","article_published_time":"2025-12-17T12:42:13+00:00","article_modified_time":"2025-12-17T12:42:14+00:00","og_image":[{"width":864,"height":486,"url":"https:\/\/lasentinelle.dz\/wp-content\/uploads\/2023\/10\/presse.jpeg","type":"image\/jpeg"}],"author":"admin","twitter_card":"summary_large_image","twitter_misc":{"\u00c9crit par":"admin","Dur\u00e9e de lecture estim\u00e9e":"3 minutes"},"schema":{"@context":"https:\/\/schema.org","@graph":[{"@type":"Article","@id":"https:\/\/lasentinelle.dz\/index.php\/2025\/12\/17\/recul-historique-de-la-securite-des-journalistes-dans-le-monde\/#article","isPartOf":{"@id":"https:\/\/lasentinelle.dz\/index.php\/2025\/12\/17\/recul-historique-de-la-securite-des-journalistes-dans-le-monde\/"},"author":{"name":"admin","@id":"https:\/\/lasentinelle.dz\/#\/schema\/person\/729ee0024f24e0b8c5ec17232f8e8b41"},"headline":"Recul \u00ab\u00a0historique\u00a0\u00bb de la s\u00e9curit\u00e9 des journalistes dans le monde\u00a0","datePublished":"2025-12-17T12:42:13+00:00","dateModified":"2025-12-17T12:42:14+00:00","mainEntityOfPage":{"@id":"https:\/\/lasentinelle.dz\/index.php\/2025\/12\/17\/recul-historique-de-la-securite-des-journalistes-dans-le-monde\/"},"wordCount":485,"commentCount":0,"publisher":{"@id":"https:\/\/lasentinelle.dz\/#organization"},"image":{"@id":"https:\/\/lasentinelle.dz\/index.php\/2025\/12\/17\/recul-historique-de-la-securite-des-journalistes-dans-le-monde\/#primaryimage"},"thumbnailUrl":"https:\/\/lasentinelle.dz\/wp-content\/uploads\/2023\/10\/presse.jpeg","articleSection":["Monde"],"inLanguage":"fr-FR","potentialAction":[{"@type":"CommentAction","name":"Comment","target":["https:\/\/lasentinelle.dz\/index.php\/2025\/12\/17\/recul-historique-de-la-securite-des-journalistes-dans-le-monde\/#respond"]}]},{"@type":"WebPage","@id":"https:\/\/lasentinelle.dz\/index.php\/2025\/12\/17\/recul-historique-de-la-securite-des-journalistes-dans-le-monde\/","url":"https:\/\/lasentinelle.dz\/index.php\/2025\/12\/17\/recul-historique-de-la-securite-des-journalistes-dans-le-monde\/","name":"Recul \u00ab\u00a0historique\u00a0\u00bb de la s\u00e9curit\u00e9 des journalistes dans le monde\u00a0 - La Sentinelle","isPartOf":{"@id":"https:\/\/lasentinelle.dz\/#website"},"primaryImageOfPage":{"@id":"https:\/\/lasentinelle.dz\/index.php\/2025\/12\/17\/recul-historique-de-la-securite-des-journalistes-dans-le-monde\/#primaryimage"},"image":{"@id":"https:\/\/lasentinelle.dz\/index.php\/2025\/12\/17\/recul-historique-de-la-securite-des-journalistes-dans-le-monde\/#primaryimage"},"thumbnailUrl":"https:\/\/lasentinelle.dz\/wp-content\/uploads\/2023\/10\/presse.jpeg","datePublished":"2025-12-17T12:42:13+00:00","dateModified":"2025-12-17T12:42:14+00:00","breadcrumb":{"@id":"https:\/\/lasentinelle.dz\/index.php\/2025\/12\/17\/recul-historique-de-la-securite-des-journalistes-dans-le-monde\/#breadcrumb"},"inLanguage":"fr-FR","potentialAction":[{"@type":"ReadAction","target":["https:\/\/lasentinelle.dz\/index.php\/2025\/12\/17\/recul-historique-de-la-securite-des-journalistes-dans-le-monde\/"]}]},{"@type":"ImageObject","inLanguage":"fr-FR","@id":"https:\/\/lasentinelle.dz\/index.php\/2025\/12\/17\/recul-historique-de-la-securite-des-journalistes-dans-le-monde\/#primaryimage","url":"https:\/\/lasentinelle.dz\/wp-content\/uploads\/2023\/10\/presse.jpeg","contentUrl":"https:\/\/lasentinelle.dz\/wp-content\/uploads\/2023\/10\/presse.jpeg","width":864,"height":486},{"@type":"BreadcrumbList","@id":"https:\/\/lasentinelle.dz\/index.php\/2025\/12\/17\/recul-historique-de-la-securite-des-journalistes-dans-le-monde\/#breadcrumb","itemListElement":[{"@type":"ListItem","position":1,"name":"Accueil","item":"https:\/\/lasentinelle.dz\/"},{"@type":"ListItem","position":2,"name":"Recul \u00ab\u00a0historique\u00a0\u00bb de la s\u00e9curit\u00e9 des journalistes dans le monde\u00a0"}]},{"@type":"WebSite","@id":"https:\/\/lasentinelle.dz\/#website","url":"https:\/\/lasentinelle.dz\/","name":"La Sentinelle","description":"Quotidien national d&#039;information","publisher":{"@id":"https:\/\/lasentinelle.dz\/#organization"},"potentialAction":[{"@type":"SearchAction","target":{"@type":"EntryPoint","urlTemplate":"https:\/\/lasentinelle.dz\/?s={search_term_string}"},"query-input":{"@type":"PropertyValueSpecification","valueRequired":true,"valueName":"search_term_string"}}],"inLanguage":"fr-FR"},{"@type":"Organization","@id":"https:\/\/lasentinelle.dz\/#organization","name":"Quotidien La Sentinelle","url":"https:\/\/lasentinelle.dz\/","logo":{"@type":"ImageObject","inLanguage":"fr-FR","@id":"https:\/\/lasentinelle.dz\/#\/schema\/logo\/image\/","url":"https:\/\/lasentinelle.dz\/wp-content\/uploads\/2021\/09\/logo-sentinelleSLOGAN-1.png","contentUrl":"https:\/\/lasentinelle.dz\/wp-content\/uploads\/2021\/09\/logo-sentinelleSLOGAN-1.png","width":615,"height":142,"caption":"Quotidien La Sentinelle"},"image":{"@id":"https:\/\/lasentinelle.dz\/#\/schema\/logo\/image\/"},"sameAs":["https:\/\/www.facebook.com\/La-Sentinelle-104059864394773"]},{"@type":"Person","@id":"https:\/\/lasentinelle.dz\/#\/schema\/person\/729ee0024f24e0b8c5ec17232f8e8b41","name":"admin","image":{"@type":"ImageObject","inLanguage":"fr-FR","@id":"https:\/\/secure.gravatar.com\/avatar\/4c81fed838786e9b53f540bf46533e750f5d292099ae3b66cfc6fb1982e29df7?s=96&d=mm&r=g","url":"https:\/\/secure.gravatar.com\/avatar\/4c81fed838786e9b53f540bf46533e750f5d292099ae3b66cfc6fb1982e29df7?s=96&d=mm&r=g","contentUrl":"https:\/\/secure.gravatar.com\/avatar\/4c81fed838786e9b53f540bf46533e750f5d292099ae3b66cfc6fb1982e29df7?s=96&d=mm&r=g","caption":"admin"},"description":"admin","url":"https:\/\/lasentinelle.dz\/author\/admin\/"}]}},"_links":{"self":[{"href":"https:\/\/lasentinelle.dz\/index.php\/wp-json\/wp\/v2\/posts\/77887","targetHints":{"allow":["GET"]}}],"collection":[{"href":"https:\/\/lasentinelle.dz\/index.php\/wp-json\/wp\/v2\/posts"}],"about":[{"href":"https:\/\/lasentinelle.dz\/index.php\/wp-json\/wp\/v2\/types\/post"}],"author":[{"embeddable":true,"href":"https:\/\/lasentinelle.dz\/index.php\/wp-json\/wp\/v2\/users\/6"}],"replies":[{"embeddable":true,"href":"https:\/\/lasentinelle.dz\/index.php\/wp-json\/wp\/v2\/comments?post=77887"}],"version-history":[{"count":2,"href":"https:\/\/lasentinelle.dz\/index.php\/wp-json\/wp\/v2\/posts\/77887\/revisions"}],"predecessor-version":[{"id":77889,"href":"https:\/\/lasentinelle.dz\/index.php\/wp-json\/wp\/v2\/posts\/77887\/revisions\/77889"}],"wp:featuredmedia":[{"embeddable":true,"href":"https:\/\/lasentinelle.dz\/index.php\/wp-json\/wp\/v2\/media\/46553"}],"wp:attachment":[{"href":"https:\/\/lasentinelle.dz\/index.php\/wp-json\/wp\/v2\/media?parent=77887"}],"wp:term":[{"taxonomy":"category","embeddable":true,"href":"https:\/\/lasentinelle.dz\/index.php\/wp-json\/wp\/v2\/categories?post=77887"},{"taxonomy":"post_tag","embeddable":true,"href":"https:\/\/lasentinelle.dz\/index.php\/wp-json\/wp\/v2\/tags?post=77887"}],"curies":[{"name":"wp","href":"https:\/\/api.w.org\/{rel}","templated":true}]}}