{"id":77925,"date":"2025-12-17T14:14:45","date_gmt":"2025-12-17T13:14:45","guid":{"rendered":"https:\/\/lasentinelle.dz\/?p=77925"},"modified":"2025-12-17T14:14:46","modified_gmt":"2025-12-17T13:14:46","slug":"des-plateformes-numeriques-de-gestion-des-importations-de-matieres-premieres-et-de-services","status":"publish","type":"post","link":"https:\/\/lasentinelle.dz\/index.php\/2025\/12\/17\/des-plateformes-numeriques-de-gestion-des-importations-de-matieres-premieres-et-de-services\/","title":{"rendered":"Des plateformes num\u00e9riques de gestion des importations de mati\u00e8res premi\u00e8res et de services\u00a0"},"content":{"rendered":"\n<p><strong>Contr\u00f4le renforc\u00e9 sur le commerce ext\u00e9rieur<\/strong><\/p>\n\n\n\n<p>La nouvelle plateforme permettra d\u2019assurer un suivi rigoureux des op\u00e9rations d\u2019importation des mati\u00e8res premi\u00e8res et de \u00ab garantir la transparence, la c\u00e9l\u00e9rit\u00e9 dans le traitement et la pr\u00e9cision des donn\u00e9es relatives aux programmes pr\u00e9visionnels du 1er semestre de l\u2019exercice 2026 \u00bb des entreprises \u00e9conomiques actives dans le domaine de la production.<\/p>\n\n\n\n<p>Le minist\u00e8re du Commerce ext\u00e9rieur et de la Promotion des exportations modernise la gestion des importations avec le lancement officiel, mardi \u00e0 Alger, d\u2019une plateforme num\u00e9rique d\u00e9di\u00e9e au suivi et \u00e0 la gestion des programmes pr\u00e9visionnels des op\u00e9rations d\u2019importation des mati\u00e8res premi\u00e8res au titre du premier semestre de l\u2019exercice 2026. Cette initiative, pr\u00e9sent\u00e9e au si\u00e8ge du minist\u00e8re sous la supervision du ministre Kamel Rezig, s\u2019inscrit dans une strat\u00e9gie visant \u00e0 renforcer la gouvernance, am\u00e9liorer la transparence et orienter plus efficacement les flux d\u2019importation au service de la production nationale.<\/p>\n\n\n\n<p>Selon le communiqu\u00e9 du minist\u00e8re, la nouvelle plateforme permettra d\u2019assurer un suivi rigoureux des op\u00e9rations d\u2019importation des mati\u00e8res premi\u00e8res et de \u00ab garantir la transparence, la c\u00e9l\u00e9rit\u00e9 dans le traitement et la pr\u00e9cision des donn\u00e9es relatives aux programmes pr\u00e9visionnels du 1er semestre de l\u2019exercice 2026 \u00bb des entreprises \u00e9conomiques actives dans le domaine de la production. L\u2019outil num\u00e9rique concerne exclusivement les op\u00e9rateurs \u00e9conomiques d\u00e9tenteurs des codes d\u2019activit\u00e9s 01 et 07 du registre de commerce, dans l\u2019objectif d\u2019aligner les importations sur les besoins r\u00e9els de l\u2019appareil productif national. \u00c0 travers cette d\u00e9marche, le minist\u00e8re entend mieux rationaliser les importations et \u00e9viter les d\u00e9rives constat\u00e9es ces derni\u00e8res ann\u00e9es. Le lancement de la plateforme s\u2019inscrit ainsi dans une logique de ciblage et de planification, permettant aux autorit\u00e9s de disposer d\u2019une vision consolid\u00e9e et actualis\u00e9e des besoins en mati\u00e8res premi\u00e8res, tout en facilitant les proc\u00e9dures pour les entreprises conformes \u00e0 la r\u00e9glementation. S\u2019exprimant \u00e0 cette occasion, le ministre du Commerce ext\u00e9rieur et de la Promotion des exportations a soulign\u00e9 que cette plateforme \u00ab s\u2019inscrit dans le cadre de la mise en \u0153uvre de la politique de l\u2019\u00c9tat visant \u00e0 moderniser la gestion du commerce ext\u00e9rieur en passant \u00e0 une gestion num\u00e9rique efficace, au service de l\u2019op\u00e9rateur \u00e9conomique et en soutien \u00e0 la production nationale \u00bb. M. Rezig a \u00e9galement annonc\u00e9 la poursuite du processus de num\u00e9risation avec le lancement, lors d\u2019une prochaine \u00e9tape, de deux autres plateformes : l\u2019une d\u00e9di\u00e9e au suivi des op\u00e9rations d\u2019importation des services et l\u2019autre consacr\u00e9e \u00e0 la vente en l\u2019\u00e9tat, dans l\u2019objectif de parachever \u00ab un syst\u00e8me num\u00e9rique int\u00e9gr\u00e9 \u00bb couvrant l\u2019ensemble des modes du commerce ext\u00e9rieur.<\/p>\n\n\n\n<p>Ce nouvel outil vient conforter le dispositif de contr\u00f4le d\u00e9j\u00e0 mis en place par les autorit\u00e9s, notamment \u00e0 travers le Programme pr\u00e9visionnel d\u2019importation (PPI), instaur\u00e9 le 8 juillet dernier et entr\u00e9 en vigueur le 9 juillet. Les PPI concernent toutes les op\u00e9rations d\u2019importation, qu\u2019elles soient li\u00e9es au fonctionnement, \u00e0 l\u2019\u00e9quipement ou \u00e0 la revente en l\u2019\u00e9tat. Le PPI constitue aujourd\u2019hui la pierre angulaire du nouveau syst\u00e8me de contr\u00f4le des importations. Ils doivent \u00eatre valid\u00e9s par le minist\u00e8re du Commerce ext\u00e9rieur. Les PPI sont aussi exig\u00e9s pour toute domiciliation bancaire relative aux op\u00e9rations d\u2019importation, ainsi que par les Douanes alg\u00e9riennes, qui conditionnent le d\u00e9douanement des marchandises \u00e0 la pr\u00e9sentation de ce document.<\/p>\n\n\n\n<p>\u00c0 travers ce dispositif, les autorit\u00e9s entendent lutter contre la fraude aux importations, ph\u00e9nom\u00e8ne qui a pris de l\u2019ampleur ces derni\u00e8res ann\u00e9es. Le ministre Kamel Rezig a d\u2019ailleurs mis en garde, il y a quelques mois, contre une hausse \u00ab significative \u00bb des importations enregistr\u00e9e au premier semestre 2025, r\u00e9v\u00e9lant des pratiques frauduleuses telles que l\u2019importation par de pr\u00e9tendus industriels sans unit\u00e9s de production r\u00e9elles ou l\u2019utilisation abusive de registres de commerce et de statuts ne donnant pas droit \u00e0 l\u2019importation. La num\u00e9risation du suivi des PPI et des op\u00e9rations d\u2019importation appara\u00eet ainsi comme un levier central pour assainir le commerce ext\u00e9rieur et renforcer la cr\u00e9dibilit\u00e9 du dispositif de r\u00e9gulation.<\/p>\n\n\n\n<p>Sabrina Aziouez<\/p>\n","protected":false},"excerpt":{"rendered":"<p>Contr\u00f4le renforc\u00e9 sur le commerce ext\u00e9rieur La nouvelle plateforme permettra d\u2019assurer un suivi rigoureux des op\u00e9rations d\u2019importation des mati\u00e8res premi\u00e8res<\/p>\n","protected":false},"author":6,"featured_media":32653,"comment_status":"open","ping_status":"closed","sticky":false,"template":"","format":"standard","meta":{"colormag_page_container_layout":"default_layout","colormag_page_sidebar_layout":"default_layout","om_disable_all_campaigns":false,"_monsterinsights_skip_tracking":false,"_monsterinsights_sitenote_active":false,"_monsterinsights_sitenote_note":"","_monsterinsights_sitenote_category":0,"footnotes":"","_wpscppro_dont_share_socialmedia":false,"_wpscppro_custom_social_share_image":0,"_facebook_share_type":"default","_twitter_share_type":"default","_linkedin_share_type":"default","_pinterest_share_type":"default","_linkedin_share_type_page":"","_instagram_share_type":"default","_medium_share_type":"default","_threads_share_type":"default","_google_business_share_type":"default","_selected_social_profile":[],"_wpsp_enable_custom_social_template":false,"_wpsp_social_scheduling":{"enabled":false,"datetime":null,"platforms":[],"status":"template_only","dateOption":"today","timeOption":"now","customDays":"","customHours":"","customDate":"","customTime":"","schedulingType":"absolute"},"_wpsp_active_default_template":true},"categories":[52,29],"tags":[],"class_list":["post-77925","post","type-post","status-publish","format-standard","has-post-thumbnail","hentry","category-a-la-une","category-economie"],"aioseo_notices":[],"yoast_head":"<!-- This site is optimized with the Yoast SEO plugin v27.5 - https:\/\/yoast.com\/product\/yoast-seo-wordpress\/ -->\n<title>Des plateformes num\u00e9riques de gestion des importations de mati\u00e8res premi\u00e8res et de services\u00a0 - La Sentinelle<\/title>\n<meta name=\"robots\" content=\"index, follow, max-snippet:-1, max-image-preview:large, max-video-preview:-1\" \/>\n<link rel=\"canonical\" href=\"https:\/\/lasentinelle.dz\/index.php\/2025\/12\/17\/des-plateformes-numeriques-de-gestion-des-importations-de-matieres-premieres-et-de-services\/\" \/>\n<meta property=\"og:locale\" content=\"fr_FR\" \/>\n<meta property=\"og:type\" content=\"article\" \/>\n<meta property=\"og:title\" content=\"Des plateformes num\u00e9riques de gestion des importations de mati\u00e8res premi\u00e8res et de services\u00a0 - La Sentinelle\" \/>\n<meta property=\"og:description\" content=\"Contr\u00f4le renforc\u00e9 sur le commerce ext\u00e9rieur La nouvelle plateforme permettra d\u2019assurer un suivi rigoureux des op\u00e9rations d\u2019importation des mati\u00e8res premi\u00e8res\" \/>\n<meta property=\"og:url\" content=\"https:\/\/lasentinelle.dz\/index.php\/2025\/12\/17\/des-plateformes-numeriques-de-gestion-des-importations-de-matieres-premieres-et-de-services\/\" \/>\n<meta property=\"og:site_name\" content=\"La Sentinelle\" \/>\n<meta property=\"article:publisher\" content=\"https:\/\/www.facebook.com\/La-Sentinelle-104059864394773\" \/>\n<meta property=\"article:published_time\" content=\"2025-12-17T13:14:45+00:00\" \/>\n<meta property=\"article:modified_time\" content=\"2025-12-17T13:14:46+00:00\" \/>\n<meta property=\"og:image\" content=\"https:\/\/lasentinelle.dz\/wp-content\/uploads\/2022\/12\/export.png\" \/>\n\t<meta property=\"og:image:width\" content=\"1600\" \/>\n\t<meta property=\"og:image:height\" content=\"900\" \/>\n\t<meta property=\"og:image:type\" content=\"image\/png\" \/>\n<meta name=\"author\" content=\"admin\" \/>\n<meta name=\"twitter:card\" content=\"summary_large_image\" \/>\n<meta name=\"twitter:label1\" content=\"\u00c9crit par\" \/>\n\t<meta name=\"twitter:data1\" content=\"admin\" \/>\n\t<meta name=\"twitter:label2\" content=\"Dur\u00e9e de lecture estim\u00e9e\" \/>\n\t<meta name=\"twitter:data2\" content=\"4 minutes\" \/>\n<script type=\"application\/ld+json\" class=\"yoast-schema-graph\">{\"@context\":\"https:\\\/\\\/schema.org\",\"@graph\":[{\"@type\":\"Article\",\"@id\":\"https:\\\/\\\/lasentinelle.dz\\\/index.php\\\/2025\\\/12\\\/17\\\/des-plateformes-numeriques-de-gestion-des-importations-de-matieres-premieres-et-de-services\\\/#article\",\"isPartOf\":{\"@id\":\"https:\\\/\\\/lasentinelle.dz\\\/index.php\\\/2025\\\/12\\\/17\\\/des-plateformes-numeriques-de-gestion-des-importations-de-matieres-premieres-et-de-services\\\/\"},\"author\":{\"name\":\"admin\",\"@id\":\"https:\\\/\\\/lasentinelle.dz\\\/#\\\/schema\\\/person\\\/729ee0024f24e0b8c5ec17232f8e8b41\"},\"headline\":\"Des plateformes num\u00e9riques de gestion des importations de mati\u00e8res premi\u00e8res et de services\u00a0\",\"datePublished\":\"2025-12-17T13:14:45+00:00\",\"dateModified\":\"2025-12-17T13:14:46+00:00\",\"mainEntityOfPage\":{\"@id\":\"https:\\\/\\\/lasentinelle.dz\\\/index.php\\\/2025\\\/12\\\/17\\\/des-plateformes-numeriques-de-gestion-des-importations-de-matieres-premieres-et-de-services\\\/\"},\"wordCount\":758,\"commentCount\":0,\"publisher\":{\"@id\":\"https:\\\/\\\/lasentinelle.dz\\\/#organization\"},\"image\":{\"@id\":\"https:\\\/\\\/lasentinelle.dz\\\/index.php\\\/2025\\\/12\\\/17\\\/des-plateformes-numeriques-de-gestion-des-importations-de-matieres-premieres-et-de-services\\\/#primaryimage\"},\"thumbnailUrl\":\"https:\\\/\\\/lasentinelle.dz\\\/wp-content\\\/uploads\\\/2022\\\/12\\\/export.png\",\"articleSection\":[\"\u00c0 la Une\",\"\u00c9conomie\"],\"inLanguage\":\"fr-FR\",\"potentialAction\":[{\"@type\":\"CommentAction\",\"name\":\"Comment\",\"target\":[\"https:\\\/\\\/lasentinelle.dz\\\/index.php\\\/2025\\\/12\\\/17\\\/des-plateformes-numeriques-de-gestion-des-importations-de-matieres-premieres-et-de-services\\\/#respond\"]}]},{\"@type\":\"WebPage\",\"@id\":\"https:\\\/\\\/lasentinelle.dz\\\/index.php\\\/2025\\\/12\\\/17\\\/des-plateformes-numeriques-de-gestion-des-importations-de-matieres-premieres-et-de-services\\\/\",\"url\":\"https:\\\/\\\/lasentinelle.dz\\\/index.php\\\/2025\\\/12\\\/17\\\/des-plateformes-numeriques-de-gestion-des-importations-de-matieres-premieres-et-de-services\\\/\",\"name\":\"Des plateformes num\u00e9riques de gestion des importations de mati\u00e8res premi\u00e8res et de services\u00a0 - La Sentinelle\",\"isPartOf\":{\"@id\":\"https:\\\/\\\/lasentinelle.dz\\\/#website\"},\"primaryImageOfPage\":{\"@id\":\"https:\\\/\\\/lasentinelle.dz\\\/index.php\\\/2025\\\/12\\\/17\\\/des-plateformes-numeriques-de-gestion-des-importations-de-matieres-premieres-et-de-services\\\/#primaryimage\"},\"image\":{\"@id\":\"https:\\\/\\\/lasentinelle.dz\\\/index.php\\\/2025\\\/12\\\/17\\\/des-plateformes-numeriques-de-gestion-des-importations-de-matieres-premieres-et-de-services\\\/#primaryimage\"},\"thumbnailUrl\":\"https:\\\/\\\/lasentinelle.dz\\\/wp-content\\\/uploads\\\/2022\\\/12\\\/export.png\",\"datePublished\":\"2025-12-17T13:14:45+00:00\",\"dateModified\":\"2025-12-17T13:14:46+00:00\",\"breadcrumb\":{\"@id\":\"https:\\\/\\\/lasentinelle.dz\\\/index.php\\\/2025\\\/12\\\/17\\\/des-plateformes-numeriques-de-gestion-des-importations-de-matieres-premieres-et-de-services\\\/#breadcrumb\"},\"inLanguage\":\"fr-FR\",\"potentialAction\":[{\"@type\":\"ReadAction\",\"target\":[\"https:\\\/\\\/lasentinelle.dz\\\/index.php\\\/2025\\\/12\\\/17\\\/des-plateformes-numeriques-de-gestion-des-importations-de-matieres-premieres-et-de-services\\\/\"]}]},{\"@type\":\"ImageObject\",\"inLanguage\":\"fr-FR\",\"@id\":\"https:\\\/\\\/lasentinelle.dz\\\/index.php\\\/2025\\\/12\\\/17\\\/des-plateformes-numeriques-de-gestion-des-importations-de-matieres-premieres-et-de-services\\\/#primaryimage\",\"url\":\"https:\\\/\\\/lasentinelle.dz\\\/wp-content\\\/uploads\\\/2022\\\/12\\\/export.png\",\"contentUrl\":\"https:\\\/\\\/lasentinelle.dz\\\/wp-content\\\/uploads\\\/2022\\\/12\\\/export.png\",\"width\":1600,\"height\":900},{\"@type\":\"BreadcrumbList\",\"@id\":\"https:\\\/\\\/lasentinelle.dz\\\/index.php\\\/2025\\\/12\\\/17\\\/des-plateformes-numeriques-de-gestion-des-importations-de-matieres-premieres-et-de-services\\\/#breadcrumb\",\"itemListElement\":[{\"@type\":\"ListItem\",\"position\":1,\"name\":\"Accueil\",\"item\":\"https:\\\/\\\/lasentinelle.dz\\\/\"},{\"@type\":\"ListItem\",\"position\":2,\"name\":\"Des plateformes num\u00e9riques de gestion des importations de mati\u00e8res premi\u00e8res et de services\u00a0\"}]},{\"@type\":\"WebSite\",\"@id\":\"https:\\\/\\\/lasentinelle.dz\\\/#website\",\"url\":\"https:\\\/\\\/lasentinelle.dz\\\/\",\"name\":\"La Sentinelle\",\"description\":\"Quotidien national d&#039;information\",\"publisher\":{\"@id\":\"https:\\\/\\\/lasentinelle.dz\\\/#organization\"},\"potentialAction\":[{\"@type\":\"SearchAction\",\"target\":{\"@type\":\"EntryPoint\",\"urlTemplate\":\"https:\\\/\\\/lasentinelle.dz\\\/?s={search_term_string}\"},\"query-input\":{\"@type\":\"PropertyValueSpecification\",\"valueRequired\":true,\"valueName\":\"search_term_string\"}}],\"inLanguage\":\"fr-FR\"},{\"@type\":\"Organization\",\"@id\":\"https:\\\/\\\/lasentinelle.dz\\\/#organization\",\"name\":\"Quotidien La Sentinelle\",\"url\":\"https:\\\/\\\/lasentinelle.dz\\\/\",\"logo\":{\"@type\":\"ImageObject\",\"inLanguage\":\"fr-FR\",\"@id\":\"https:\\\/\\\/lasentinelle.dz\\\/#\\\/schema\\\/logo\\\/image\\\/\",\"url\":\"https:\\\/\\\/lasentinelle.dz\\\/wp-content\\\/uploads\\\/2021\\\/09\\\/logo-sentinelleSLOGAN-1.png\",\"contentUrl\":\"https:\\\/\\\/lasentinelle.dz\\\/wp-content\\\/uploads\\\/2021\\\/09\\\/logo-sentinelleSLOGAN-1.png\",\"width\":615,\"height\":142,\"caption\":\"Quotidien La Sentinelle\"},\"image\":{\"@id\":\"https:\\\/\\\/lasentinelle.dz\\\/#\\\/schema\\\/logo\\\/image\\\/\"},\"sameAs\":[\"https:\\\/\\\/www.facebook.com\\\/La-Sentinelle-104059864394773\"]},{\"@type\":\"Person\",\"@id\":\"https:\\\/\\\/lasentinelle.dz\\\/#\\\/schema\\\/person\\\/729ee0024f24e0b8c5ec17232f8e8b41\",\"name\":\"admin\",\"image\":{\"@type\":\"ImageObject\",\"inLanguage\":\"fr-FR\",\"@id\":\"https:\\\/\\\/secure.gravatar.com\\\/avatar\\\/4c81fed838786e9b53f540bf46533e750f5d292099ae3b66cfc6fb1982e29df7?s=96&d=mm&r=g\",\"url\":\"https:\\\/\\\/secure.gravatar.com\\\/avatar\\\/4c81fed838786e9b53f540bf46533e750f5d292099ae3b66cfc6fb1982e29df7?s=96&d=mm&r=g\",\"contentUrl\":\"https:\\\/\\\/secure.gravatar.com\\\/avatar\\\/4c81fed838786e9b53f540bf46533e750f5d292099ae3b66cfc6fb1982e29df7?s=96&d=mm&r=g\",\"caption\":\"admin\"},\"description\":\"admin\",\"url\":\"https:\\\/\\\/lasentinelle.dz\\\/author\\\/admin\\\/\"}]}<\/script>\n<!-- \/ Yoast SEO plugin. -->","yoast_head_json":{"title":"Des plateformes num\u00e9riques de gestion des importations de mati\u00e8res premi\u00e8res et de services\u00a0 - La Sentinelle","robots":{"index":"index","follow":"follow","max-snippet":"max-snippet:-1","max-image-preview":"max-image-preview:large","max-video-preview":"max-video-preview:-1"},"canonical":"https:\/\/lasentinelle.dz\/index.php\/2025\/12\/17\/des-plateformes-numeriques-de-gestion-des-importations-de-matieres-premieres-et-de-services\/","og_locale":"fr_FR","og_type":"article","og_title":"Des plateformes num\u00e9riques de gestion des importations de mati\u00e8res premi\u00e8res et de services\u00a0 - La Sentinelle","og_description":"Contr\u00f4le renforc\u00e9 sur le commerce ext\u00e9rieur La nouvelle plateforme permettra d\u2019assurer un suivi rigoureux des op\u00e9rations d\u2019importation des mati\u00e8res premi\u00e8res","og_url":"https:\/\/lasentinelle.dz\/index.php\/2025\/12\/17\/des-plateformes-numeriques-de-gestion-des-importations-de-matieres-premieres-et-de-services\/","og_site_name":"La Sentinelle","article_publisher":"https:\/\/www.facebook.com\/La-Sentinelle-104059864394773","article_published_time":"2025-12-17T13:14:45+00:00","article_modified_time":"2025-12-17T13:14:46+00:00","og_image":[{"width":1600,"height":900,"url":"https:\/\/lasentinelle.dz\/wp-content\/uploads\/2022\/12\/export.png","type":"image\/png"}],"author":"admin","twitter_card":"summary_large_image","twitter_misc":{"\u00c9crit par":"admin","Dur\u00e9e de lecture estim\u00e9e":"4 minutes"},"schema":{"@context":"https:\/\/schema.org","@graph":[{"@type":"Article","@id":"https:\/\/lasentinelle.dz\/index.php\/2025\/12\/17\/des-plateformes-numeriques-de-gestion-des-importations-de-matieres-premieres-et-de-services\/#article","isPartOf":{"@id":"https:\/\/lasentinelle.dz\/index.php\/2025\/12\/17\/des-plateformes-numeriques-de-gestion-des-importations-de-matieres-premieres-et-de-services\/"},"author":{"name":"admin","@id":"https:\/\/lasentinelle.dz\/#\/schema\/person\/729ee0024f24e0b8c5ec17232f8e8b41"},"headline":"Des plateformes num\u00e9riques de gestion des importations de mati\u00e8res premi\u00e8res et de services\u00a0","datePublished":"2025-12-17T13:14:45+00:00","dateModified":"2025-12-17T13:14:46+00:00","mainEntityOfPage":{"@id":"https:\/\/lasentinelle.dz\/index.php\/2025\/12\/17\/des-plateformes-numeriques-de-gestion-des-importations-de-matieres-premieres-et-de-services\/"},"wordCount":758,"commentCount":0,"publisher":{"@id":"https:\/\/lasentinelle.dz\/#organization"},"image":{"@id":"https:\/\/lasentinelle.dz\/index.php\/2025\/12\/17\/des-plateformes-numeriques-de-gestion-des-importations-de-matieres-premieres-et-de-services\/#primaryimage"},"thumbnailUrl":"https:\/\/lasentinelle.dz\/wp-content\/uploads\/2022\/12\/export.png","articleSection":["\u00c0 la Une","\u00c9conomie"],"inLanguage":"fr-FR","potentialAction":[{"@type":"CommentAction","name":"Comment","target":["https:\/\/lasentinelle.dz\/index.php\/2025\/12\/17\/des-plateformes-numeriques-de-gestion-des-importations-de-matieres-premieres-et-de-services\/#respond"]}]},{"@type":"WebPage","@id":"https:\/\/lasentinelle.dz\/index.php\/2025\/12\/17\/des-plateformes-numeriques-de-gestion-des-importations-de-matieres-premieres-et-de-services\/","url":"https:\/\/lasentinelle.dz\/index.php\/2025\/12\/17\/des-plateformes-numeriques-de-gestion-des-importations-de-matieres-premieres-et-de-services\/","name":"Des plateformes num\u00e9riques de gestion des importations de mati\u00e8res premi\u00e8res et de services\u00a0 - La Sentinelle","isPartOf":{"@id":"https:\/\/lasentinelle.dz\/#website"},"primaryImageOfPage":{"@id":"https:\/\/lasentinelle.dz\/index.php\/2025\/12\/17\/des-plateformes-numeriques-de-gestion-des-importations-de-matieres-premieres-et-de-services\/#primaryimage"},"image":{"@id":"https:\/\/lasentinelle.dz\/index.php\/2025\/12\/17\/des-plateformes-numeriques-de-gestion-des-importations-de-matieres-premieres-et-de-services\/#primaryimage"},"thumbnailUrl":"https:\/\/lasentinelle.dz\/wp-content\/uploads\/2022\/12\/export.png","datePublished":"2025-12-17T13:14:45+00:00","dateModified":"2025-12-17T13:14:46+00:00","breadcrumb":{"@id":"https:\/\/lasentinelle.dz\/index.php\/2025\/12\/17\/des-plateformes-numeriques-de-gestion-des-importations-de-matieres-premieres-et-de-services\/#breadcrumb"},"inLanguage":"fr-FR","potentialAction":[{"@type":"ReadAction","target":["https:\/\/lasentinelle.dz\/index.php\/2025\/12\/17\/des-plateformes-numeriques-de-gestion-des-importations-de-matieres-premieres-et-de-services\/"]}]},{"@type":"ImageObject","inLanguage":"fr-FR","@id":"https:\/\/lasentinelle.dz\/index.php\/2025\/12\/17\/des-plateformes-numeriques-de-gestion-des-importations-de-matieres-premieres-et-de-services\/#primaryimage","url":"https:\/\/lasentinelle.dz\/wp-content\/uploads\/2022\/12\/export.png","contentUrl":"https:\/\/lasentinelle.dz\/wp-content\/uploads\/2022\/12\/export.png","width":1600,"height":900},{"@type":"BreadcrumbList","@id":"https:\/\/lasentinelle.dz\/index.php\/2025\/12\/17\/des-plateformes-numeriques-de-gestion-des-importations-de-matieres-premieres-et-de-services\/#breadcrumb","itemListElement":[{"@type":"ListItem","position":1,"name":"Accueil","item":"https:\/\/lasentinelle.dz\/"},{"@type":"ListItem","position":2,"name":"Des plateformes num\u00e9riques de gestion des importations de mati\u00e8res premi\u00e8res et de services\u00a0"}]},{"@type":"WebSite","@id":"https:\/\/lasentinelle.dz\/#website","url":"https:\/\/lasentinelle.dz\/","name":"La Sentinelle","description":"Quotidien national d&#039;information","publisher":{"@id":"https:\/\/lasentinelle.dz\/#organization"},"potentialAction":[{"@type":"SearchAction","target":{"@type":"EntryPoint","urlTemplate":"https:\/\/lasentinelle.dz\/?s={search_term_string}"},"query-input":{"@type":"PropertyValueSpecification","valueRequired":true,"valueName":"search_term_string"}}],"inLanguage":"fr-FR"},{"@type":"Organization","@id":"https:\/\/lasentinelle.dz\/#organization","name":"Quotidien La Sentinelle","url":"https:\/\/lasentinelle.dz\/","logo":{"@type":"ImageObject","inLanguage":"fr-FR","@id":"https:\/\/lasentinelle.dz\/#\/schema\/logo\/image\/","url":"https:\/\/lasentinelle.dz\/wp-content\/uploads\/2021\/09\/logo-sentinelleSLOGAN-1.png","contentUrl":"https:\/\/lasentinelle.dz\/wp-content\/uploads\/2021\/09\/logo-sentinelleSLOGAN-1.png","width":615,"height":142,"caption":"Quotidien La Sentinelle"},"image":{"@id":"https:\/\/lasentinelle.dz\/#\/schema\/logo\/image\/"},"sameAs":["https:\/\/www.facebook.com\/La-Sentinelle-104059864394773"]},{"@type":"Person","@id":"https:\/\/lasentinelle.dz\/#\/schema\/person\/729ee0024f24e0b8c5ec17232f8e8b41","name":"admin","image":{"@type":"ImageObject","inLanguage":"fr-FR","@id":"https:\/\/secure.gravatar.com\/avatar\/4c81fed838786e9b53f540bf46533e750f5d292099ae3b66cfc6fb1982e29df7?s=96&d=mm&r=g","url":"https:\/\/secure.gravatar.com\/avatar\/4c81fed838786e9b53f540bf46533e750f5d292099ae3b66cfc6fb1982e29df7?s=96&d=mm&r=g","contentUrl":"https:\/\/secure.gravatar.com\/avatar\/4c81fed838786e9b53f540bf46533e750f5d292099ae3b66cfc6fb1982e29df7?s=96&d=mm&r=g","caption":"admin"},"description":"admin","url":"https:\/\/lasentinelle.dz\/author\/admin\/"}]}},"_links":{"self":[{"href":"https:\/\/lasentinelle.dz\/index.php\/wp-json\/wp\/v2\/posts\/77925","targetHints":{"allow":["GET"]}}],"collection":[{"href":"https:\/\/lasentinelle.dz\/index.php\/wp-json\/wp\/v2\/posts"}],"about":[{"href":"https:\/\/lasentinelle.dz\/index.php\/wp-json\/wp\/v2\/types\/post"}],"author":[{"embeddable":true,"href":"https:\/\/lasentinelle.dz\/index.php\/wp-json\/wp\/v2\/users\/6"}],"replies":[{"embeddable":true,"href":"https:\/\/lasentinelle.dz\/index.php\/wp-json\/wp\/v2\/comments?post=77925"}],"version-history":[{"count":1,"href":"https:\/\/lasentinelle.dz\/index.php\/wp-json\/wp\/v2\/posts\/77925\/revisions"}],"predecessor-version":[{"id":77926,"href":"https:\/\/lasentinelle.dz\/index.php\/wp-json\/wp\/v2\/posts\/77925\/revisions\/77926"}],"wp:featuredmedia":[{"embeddable":true,"href":"https:\/\/lasentinelle.dz\/index.php\/wp-json\/wp\/v2\/media\/32653"}],"wp:attachment":[{"href":"https:\/\/lasentinelle.dz\/index.php\/wp-json\/wp\/v2\/media?parent=77925"}],"wp:term":[{"taxonomy":"category","embeddable":true,"href":"https:\/\/lasentinelle.dz\/index.php\/wp-json\/wp\/v2\/categories?post=77925"},{"taxonomy":"post_tag","embeddable":true,"href":"https:\/\/lasentinelle.dz\/index.php\/wp-json\/wp\/v2\/tags?post=77925"}],"curies":[{"name":"wp","href":"https:\/\/api.w.org\/{rel}","templated":true}]}}