{"id":77927,"date":"2025-12-17T14:15:49","date_gmt":"2025-12-17T13:15:49","guid":{"rendered":"https:\/\/lasentinelle.dz\/?p=77927"},"modified":"2025-12-17T14:15:51","modified_gmt":"2025-12-17T13:15:51","slug":"algerie-tunisie-signature-dun-accord-de-jumelage-entre-universites-frontalieres","status":"publish","type":"post","link":"https:\/\/lasentinelle.dz\/index.php\/2025\/12\/17\/algerie-tunisie-signature-dun-accord-de-jumelage-entre-universites-frontalieres\/","title":{"rendered":"Alg\u00e9rie-Tunisie\u00a0: Signature d&rsquo;un accord de jumelage entre universit\u00e9s frontali\u00e8res\u00a0"},"content":{"rendered":"\n<p>Mardi, en marge du septi\u00e8me Forum des universit\u00e9s frontali\u00e8res alg\u00e9riennes et tunisiennes organis\u00e9 \u00e0 Souk Ahras dans le cadre du programme de coop\u00e9ration 5+5, un accord de jumelage portant sur la coop\u00e9ration acad\u00e9mique a \u00e9t\u00e9 sign\u00e9 entre cinq universit\u00e9s alg\u00e9riennes et leurs homologues tunisiennes. Cette convention, paraph\u00e9e sous la supervision des ministres de l&rsquo;Enseignement sup\u00e9rieur et de la Recherche scientifique des deux pays, Kamel Baddari et son homologue tunisien Mondher Belaid, mat\u00e9rialise la volont\u00e9 commune d&rsquo;\u00e9riger ces \u00e9tablissements en v\u00e9ritables moteurs de d\u00e9veloppement r\u00e9gional et d&rsquo;int\u00e9gration scientifique dans l&rsquo;espace frontalier maghr\u00e9bin. L&rsquo;accord a \u00e9t\u00e9 sign\u00e9 par Mohamed Manaa, coordinateur des universit\u00e9s frontali\u00e8res alg\u00e9riennes et directeur de l&rsquo;universit\u00e9 Badji-Mokhtar d&rsquo;Annaba, et Hicham Sbihi, coordinateur des universit\u00e9s frontali\u00e8res tunisiennes et directeur de l&rsquo;universit\u00e9 de Jendouba. Selon le coordinateur alg\u00e9rien, cette convention vise \u00e0 \u00ab\u00a0renforcer le partenariat acad\u00e9mique et scientifique entre les universit\u00e9s frontali\u00e8res des deux pays \u00e0 travers l&rsquo;\u00e9change de publications, de p\u00e9riodiques scientifiques et de th\u00e8ses de doctorat, dans le respect des l\u00e9gislations nationales des deux parties et des conventions internationales relatives \u00e0 la protection des droits de propri\u00e9t\u00e9 intellectuelle\u00a0\u00bb. Il a ajout\u00e9 que l&rsquo;accord pr\u00e9voit \u00e9galement \u00ab\u00a0le d\u00e9veloppement de la num\u00e9risation et de l&rsquo;enseignement par l&rsquo;activation d&rsquo;une plateforme num\u00e9rique commune pour la formation et la recherche, le lancement de projets d&rsquo;enseignement collaboratif \u00e0 distance et l&rsquo;\u00e9change d&rsquo;expertises dans le domaine de la gestion des infrastructures num\u00e9riques et des laboratoires virtuels\u00a0\u00bb.<\/p>\n\n\n\n<p>De son c\u00f4t\u00e9, le coordinateur des universit\u00e9s frontali\u00e8res tunisiennes a pr\u00e9cis\u00e9 que la convention ambitionne de \u00ab\u00a0r\u00e9aliser des projets de recherche communs \u00e0 dimension d\u00e9veloppementale dans des domaines prioritaires partag\u00e9s, \u00e0 l&rsquo;image de l&rsquo;\u00e9nergie, de l&rsquo;intelligence artificielle, des technologies avanc\u00e9es, de la s\u00e9curit\u00e9 alimentaire, de la sant\u00e9, de la gestion des ressources hydriques et de la protection de l&rsquo;environnement\u00a0\u00bb. Pr\u00e9sidant l&rsquo;ouverture de ce forum aux c\u00f4t\u00e9s de son homologue tunisien \u00e0 l&rsquo;universit\u00e9 Mohamed-Ch\u00e9rif Messaadia de Souk Ahras, sous le slogan \u00ab\u00a0L&rsquo;enseignement sup\u00e9rieur \u00e0 l&rsquo;\u00e8re du num\u00e9rique : connaissance, innovation et comp\u00e9titivit\u00e9 \u00e9conomique\u00a0\u00bb, Kamel Baddari a soulign\u00e9 que les universit\u00e9s frontali\u00e8res de Tunisie et d&rsquo;Alg\u00e9rie constituent \u00ab\u00a0un moteur essentiel pour le d\u00e9veloppement de ces r\u00e9gions et contribuent au progr\u00e8s et \u00e0 la prosp\u00e9rit\u00e9 de leurs habitants\u00a0\u00bb. Il a qualifi\u00e9 le partenariat entre les dix universit\u00e9s alg\u00e9riennes et tunisiennes de \u00ab\u00a0mod\u00e8le r\u00e9ussi d&rsquo;int\u00e9gration entre les deux pays et un renforcement de l&rsquo;unit\u00e9 dans le domaine de l&rsquo;enseignement sup\u00e9rieur et de la recherche scientifique\u00a0\u00bb.<\/p>\n\n\n\n<p>Le ministre a ajout\u00e9 que le Forum \u00ab\u00a0vise \u00e0 \u00e9laborer conjointement des programmes de formation r\u00e9pondant aux besoins des citoyens des r\u00e9gions frontali\u00e8res\u00a0\u00bb et \u00e0 \u00ab\u00a0mener des recherches scientifiques \u00e0 valeur ajout\u00e9e en se concentrant sur les d\u00e9fis li\u00e9s aux secteurs de l&rsquo;hydraulique, de l&rsquo;agriculture et de la sant\u00e9, en soutenant l&rsquo;innovation, en cr\u00e9ant des emplois et en renfor\u00e7ant la coop\u00e9ration acad\u00e9mique entre les universit\u00e9s des deux pays par l&rsquo;\u00e9change de d\u00e9l\u00e9gations d&rsquo;\u00e9tudiants, d&rsquo;enseignants et de chercheurs\u00a0\u00bb. Kamel Baddari a \u00e9galement indiqu\u00e9 que le Forum repr\u00e9sente une \u00ab\u00a0\u00e9tape strat\u00e9gique pour consolider le partenariat entre les \u00e9tablissements d&rsquo;enseignement sup\u00e9rieur des deux pays et renforcer leur r\u00f4le en tant que moteur du d\u00e9veloppement, de l&rsquo;innovation et de l&rsquo;int\u00e9gration scientifique et intellectuelle dans l&rsquo;espace frontalier commun\u00a0\u00bb.<\/p>\n\n\n\n<p>Ce Forum de deux jours se veut une plateforme pour promouvoir l&rsquo;innovation \u00e9tudiante et l&rsquo;entrepreneuriat, \u00e0 travers des ateliers, des sessions scientifiques et une exposition d\u00e9di\u00e9e permettant aux \u00e9tudiants et chercheurs de pr\u00e9senter leurs projets dans diff\u00e9rents domaines. Pour rappel, les universit\u00e9s concern\u00e9es par cet accord sont, c\u00f4t\u00e9 alg\u00e9rien, Larbi Tebessi de T\u00e9bessa, Mohamed-Ch\u00e9rif Messaadia de Souk Ahras, Chadli-Bendjedid d&rsquo;El Tarf, Hamma-Lakhdar d&rsquo;El Oued et Badji-Mokhtar d&rsquo;Annaba, et c\u00f4t\u00e9 tunisien, les universit\u00e9s de Gafsa, Kairouan, Sfax, Jendouba et Gab\u00e8s.<\/p>\n\n\n\n<p>Malik Meziane<\/p>\n","protected":false},"excerpt":{"rendered":"<p>Mardi, en marge du septi\u00e8me Forum des universit\u00e9s frontali\u00e8res alg\u00e9riennes et tunisiennes organis\u00e9 \u00e0 Souk Ahras dans le cadre du<\/p>\n","protected":false},"author":6,"featured_media":71467,"comment_status":"open","ping_status":"closed","sticky":false,"template":"","format":"standard","meta":{"colormag_page_container_layout":"default_layout","colormag_page_sidebar_layout":"default_layout","om_disable_all_campaigns":false,"_monsterinsights_skip_tracking":false,"_monsterinsights_sitenote_active":false,"_monsterinsights_sitenote_note":"","_monsterinsights_sitenote_category":0,"footnotes":"","_wpscppro_dont_share_socialmedia":false,"_wpscppro_custom_social_share_image":0,"_facebook_share_type":"default","_twitter_share_type":"default","_linkedin_share_type":"default","_pinterest_share_type":"default","_linkedin_share_type_page":"","_instagram_share_type":"default","_medium_share_type":"default","_threads_share_type":"default","_google_business_share_type":"default","_selected_social_profile":[],"_wpsp_enable_custom_social_template":false,"_wpsp_social_scheduling":{"enabled":false,"datetime":null,"platforms":[],"status":"template_only","dateOption":"today","timeOption":"now","customDays":"","customHours":"","customDate":"","customTime":"","schedulingType":"absolute"},"_wpsp_active_default_template":true},"categories":[27],"tags":[],"class_list":["post-77927","post","type-post","status-publish","format-standard","has-post-thumbnail","hentry","category-actualite"],"aioseo_notices":[],"yoast_head":"<!-- This site is optimized with the Yoast SEO plugin v27.5 - https:\/\/yoast.com\/product\/yoast-seo-wordpress\/ -->\n<title>Alg\u00e9rie-Tunisie\u00a0: Signature d&rsquo;un accord de jumelage entre universit\u00e9s frontali\u00e8res\u00a0 - La Sentinelle<\/title>\n<meta name=\"robots\" content=\"index, follow, max-snippet:-1, max-image-preview:large, max-video-preview:-1\" \/>\n<link rel=\"canonical\" href=\"https:\/\/lasentinelle.dz\/index.php\/2025\/12\/17\/algerie-tunisie-signature-dun-accord-de-jumelage-entre-universites-frontalieres\/\" \/>\n<meta property=\"og:locale\" content=\"fr_FR\" \/>\n<meta property=\"og:type\" content=\"article\" \/>\n<meta property=\"og:title\" content=\"Alg\u00e9rie-Tunisie\u00a0: Signature d&rsquo;un accord de jumelage entre universit\u00e9s frontali\u00e8res\u00a0 - La Sentinelle\" \/>\n<meta property=\"og:description\" content=\"Mardi, en marge du septi\u00e8me Forum des universit\u00e9s frontali\u00e8res alg\u00e9riennes et tunisiennes organis\u00e9 \u00e0 Souk Ahras dans le cadre du\" \/>\n<meta property=\"og:url\" content=\"https:\/\/lasentinelle.dz\/index.php\/2025\/12\/17\/algerie-tunisie-signature-dun-accord-de-jumelage-entre-universites-frontalieres\/\" \/>\n<meta property=\"og:site_name\" content=\"La Sentinelle\" \/>\n<meta property=\"article:publisher\" content=\"https:\/\/www.facebook.com\/La-Sentinelle-104059864394773\" \/>\n<meta property=\"article:published_time\" content=\"2025-12-17T13:15:49+00:00\" \/>\n<meta property=\"article:modified_time\" content=\"2025-12-17T13:15:51+00:00\" \/>\n<meta property=\"og:image\" content=\"https:\/\/lasentinelle.dz\/wp-content\/uploads\/2025\/08\/algerie-tunisie.jpeg\" \/>\n\t<meta property=\"og:image:width\" content=\"259\" \/>\n\t<meta property=\"og:image:height\" content=\"194\" \/>\n\t<meta property=\"og:image:type\" content=\"image\/jpeg\" \/>\n<meta name=\"author\" content=\"admin\" \/>\n<meta name=\"twitter:card\" content=\"summary_large_image\" \/>\n<meta name=\"twitter:label1\" content=\"\u00c9crit par\" \/>\n\t<meta name=\"twitter:data1\" content=\"admin\" \/>\n\t<meta name=\"twitter:label2\" content=\"Dur\u00e9e de lecture estim\u00e9e\" \/>\n\t<meta name=\"twitter:data2\" content=\"4 minutes\" \/>\n<script type=\"application\/ld+json\" class=\"yoast-schema-graph\">{\"@context\":\"https:\\\/\\\/schema.org\",\"@graph\":[{\"@type\":\"Article\",\"@id\":\"https:\\\/\\\/lasentinelle.dz\\\/index.php\\\/2025\\\/12\\\/17\\\/algerie-tunisie-signature-dun-accord-de-jumelage-entre-universites-frontalieres\\\/#article\",\"isPartOf\":{\"@id\":\"https:\\\/\\\/lasentinelle.dz\\\/index.php\\\/2025\\\/12\\\/17\\\/algerie-tunisie-signature-dun-accord-de-jumelage-entre-universites-frontalieres\\\/\"},\"author\":{\"name\":\"admin\",\"@id\":\"https:\\\/\\\/lasentinelle.dz\\\/#\\\/schema\\\/person\\\/729ee0024f24e0b8c5ec17232f8e8b41\"},\"headline\":\"Alg\u00e9rie-Tunisie\u00a0: Signature d&rsquo;un accord de jumelage entre universit\u00e9s frontali\u00e8res\u00a0\",\"datePublished\":\"2025-12-17T13:15:49+00:00\",\"dateModified\":\"2025-12-17T13:15:51+00:00\",\"mainEntityOfPage\":{\"@id\":\"https:\\\/\\\/lasentinelle.dz\\\/index.php\\\/2025\\\/12\\\/17\\\/algerie-tunisie-signature-dun-accord-de-jumelage-entre-universites-frontalieres\\\/\"},\"wordCount\":732,\"commentCount\":0,\"publisher\":{\"@id\":\"https:\\\/\\\/lasentinelle.dz\\\/#organization\"},\"image\":{\"@id\":\"https:\\\/\\\/lasentinelle.dz\\\/index.php\\\/2025\\\/12\\\/17\\\/algerie-tunisie-signature-dun-accord-de-jumelage-entre-universites-frontalieres\\\/#primaryimage\"},\"thumbnailUrl\":\"https:\\\/\\\/lasentinelle.dz\\\/wp-content\\\/uploads\\\/2025\\\/08\\\/algerie-tunisie.jpeg\",\"articleSection\":[\"Actualit\u00e9\"],\"inLanguage\":\"fr-FR\",\"potentialAction\":[{\"@type\":\"CommentAction\",\"name\":\"Comment\",\"target\":[\"https:\\\/\\\/lasentinelle.dz\\\/index.php\\\/2025\\\/12\\\/17\\\/algerie-tunisie-signature-dun-accord-de-jumelage-entre-universites-frontalieres\\\/#respond\"]}]},{\"@type\":\"WebPage\",\"@id\":\"https:\\\/\\\/lasentinelle.dz\\\/index.php\\\/2025\\\/12\\\/17\\\/algerie-tunisie-signature-dun-accord-de-jumelage-entre-universites-frontalieres\\\/\",\"url\":\"https:\\\/\\\/lasentinelle.dz\\\/index.php\\\/2025\\\/12\\\/17\\\/algerie-tunisie-signature-dun-accord-de-jumelage-entre-universites-frontalieres\\\/\",\"name\":\"Alg\u00e9rie-Tunisie\u00a0: Signature d&rsquo;un accord de jumelage entre universit\u00e9s frontali\u00e8res\u00a0 - La Sentinelle\",\"isPartOf\":{\"@id\":\"https:\\\/\\\/lasentinelle.dz\\\/#website\"},\"primaryImageOfPage\":{\"@id\":\"https:\\\/\\\/lasentinelle.dz\\\/index.php\\\/2025\\\/12\\\/17\\\/algerie-tunisie-signature-dun-accord-de-jumelage-entre-universites-frontalieres\\\/#primaryimage\"},\"image\":{\"@id\":\"https:\\\/\\\/lasentinelle.dz\\\/index.php\\\/2025\\\/12\\\/17\\\/algerie-tunisie-signature-dun-accord-de-jumelage-entre-universites-frontalieres\\\/#primaryimage\"},\"thumbnailUrl\":\"https:\\\/\\\/lasentinelle.dz\\\/wp-content\\\/uploads\\\/2025\\\/08\\\/algerie-tunisie.jpeg\",\"datePublished\":\"2025-12-17T13:15:49+00:00\",\"dateModified\":\"2025-12-17T13:15:51+00:00\",\"breadcrumb\":{\"@id\":\"https:\\\/\\\/lasentinelle.dz\\\/index.php\\\/2025\\\/12\\\/17\\\/algerie-tunisie-signature-dun-accord-de-jumelage-entre-universites-frontalieres\\\/#breadcrumb\"},\"inLanguage\":\"fr-FR\",\"potentialAction\":[{\"@type\":\"ReadAction\",\"target\":[\"https:\\\/\\\/lasentinelle.dz\\\/index.php\\\/2025\\\/12\\\/17\\\/algerie-tunisie-signature-dun-accord-de-jumelage-entre-universites-frontalieres\\\/\"]}]},{\"@type\":\"ImageObject\",\"inLanguage\":\"fr-FR\",\"@id\":\"https:\\\/\\\/lasentinelle.dz\\\/index.php\\\/2025\\\/12\\\/17\\\/algerie-tunisie-signature-dun-accord-de-jumelage-entre-universites-frontalieres\\\/#primaryimage\",\"url\":\"https:\\\/\\\/lasentinelle.dz\\\/wp-content\\\/uploads\\\/2025\\\/08\\\/algerie-tunisie.jpeg\",\"contentUrl\":\"https:\\\/\\\/lasentinelle.dz\\\/wp-content\\\/uploads\\\/2025\\\/08\\\/algerie-tunisie.jpeg\",\"width\":259,\"height\":194},{\"@type\":\"BreadcrumbList\",\"@id\":\"https:\\\/\\\/lasentinelle.dz\\\/index.php\\\/2025\\\/12\\\/17\\\/algerie-tunisie-signature-dun-accord-de-jumelage-entre-universites-frontalieres\\\/#breadcrumb\",\"itemListElement\":[{\"@type\":\"ListItem\",\"position\":1,\"name\":\"Accueil\",\"item\":\"https:\\\/\\\/lasentinelle.dz\\\/\"},{\"@type\":\"ListItem\",\"position\":2,\"name\":\"Alg\u00e9rie-Tunisie\u00a0: Signature d&rsquo;un accord de jumelage entre universit\u00e9s frontali\u00e8res\u00a0\"}]},{\"@type\":\"WebSite\",\"@id\":\"https:\\\/\\\/lasentinelle.dz\\\/#website\",\"url\":\"https:\\\/\\\/lasentinelle.dz\\\/\",\"name\":\"La Sentinelle\",\"description\":\"Quotidien national d&#039;information\",\"publisher\":{\"@id\":\"https:\\\/\\\/lasentinelle.dz\\\/#organization\"},\"potentialAction\":[{\"@type\":\"SearchAction\",\"target\":{\"@type\":\"EntryPoint\",\"urlTemplate\":\"https:\\\/\\\/lasentinelle.dz\\\/?s={search_term_string}\"},\"query-input\":{\"@type\":\"PropertyValueSpecification\",\"valueRequired\":true,\"valueName\":\"search_term_string\"}}],\"inLanguage\":\"fr-FR\"},{\"@type\":\"Organization\",\"@id\":\"https:\\\/\\\/lasentinelle.dz\\\/#organization\",\"name\":\"Quotidien La Sentinelle\",\"url\":\"https:\\\/\\\/lasentinelle.dz\\\/\",\"logo\":{\"@type\":\"ImageObject\",\"inLanguage\":\"fr-FR\",\"@id\":\"https:\\\/\\\/lasentinelle.dz\\\/#\\\/schema\\\/logo\\\/image\\\/\",\"url\":\"https:\\\/\\\/lasentinelle.dz\\\/wp-content\\\/uploads\\\/2021\\\/09\\\/logo-sentinelleSLOGAN-1.png\",\"contentUrl\":\"https:\\\/\\\/lasentinelle.dz\\\/wp-content\\\/uploads\\\/2021\\\/09\\\/logo-sentinelleSLOGAN-1.png\",\"width\":615,\"height\":142,\"caption\":\"Quotidien La Sentinelle\"},\"image\":{\"@id\":\"https:\\\/\\\/lasentinelle.dz\\\/#\\\/schema\\\/logo\\\/image\\\/\"},\"sameAs\":[\"https:\\\/\\\/www.facebook.com\\\/La-Sentinelle-104059864394773\"]},{\"@type\":\"Person\",\"@id\":\"https:\\\/\\\/lasentinelle.dz\\\/#\\\/schema\\\/person\\\/729ee0024f24e0b8c5ec17232f8e8b41\",\"name\":\"admin\",\"image\":{\"@type\":\"ImageObject\",\"inLanguage\":\"fr-FR\",\"@id\":\"https:\\\/\\\/secure.gravatar.com\\\/avatar\\\/4c81fed838786e9b53f540bf46533e750f5d292099ae3b66cfc6fb1982e29df7?s=96&d=mm&r=g\",\"url\":\"https:\\\/\\\/secure.gravatar.com\\\/avatar\\\/4c81fed838786e9b53f540bf46533e750f5d292099ae3b66cfc6fb1982e29df7?s=96&d=mm&r=g\",\"contentUrl\":\"https:\\\/\\\/secure.gravatar.com\\\/avatar\\\/4c81fed838786e9b53f540bf46533e750f5d292099ae3b66cfc6fb1982e29df7?s=96&d=mm&r=g\",\"caption\":\"admin\"},\"description\":\"admin\",\"url\":\"https:\\\/\\\/lasentinelle.dz\\\/author\\\/admin\\\/\"}]}<\/script>\n<!-- \/ Yoast SEO plugin. -->","yoast_head_json":{"title":"Alg\u00e9rie-Tunisie\u00a0: Signature d&rsquo;un accord de jumelage entre universit\u00e9s frontali\u00e8res\u00a0 - La Sentinelle","robots":{"index":"index","follow":"follow","max-snippet":"max-snippet:-1","max-image-preview":"max-image-preview:large","max-video-preview":"max-video-preview:-1"},"canonical":"https:\/\/lasentinelle.dz\/index.php\/2025\/12\/17\/algerie-tunisie-signature-dun-accord-de-jumelage-entre-universites-frontalieres\/","og_locale":"fr_FR","og_type":"article","og_title":"Alg\u00e9rie-Tunisie\u00a0: Signature d&rsquo;un accord de jumelage entre universit\u00e9s frontali\u00e8res\u00a0 - La Sentinelle","og_description":"Mardi, en marge du septi\u00e8me Forum des universit\u00e9s frontali\u00e8res alg\u00e9riennes et tunisiennes organis\u00e9 \u00e0 Souk Ahras dans le cadre du","og_url":"https:\/\/lasentinelle.dz\/index.php\/2025\/12\/17\/algerie-tunisie-signature-dun-accord-de-jumelage-entre-universites-frontalieres\/","og_site_name":"La Sentinelle","article_publisher":"https:\/\/www.facebook.com\/La-Sentinelle-104059864394773","article_published_time":"2025-12-17T13:15:49+00:00","article_modified_time":"2025-12-17T13:15:51+00:00","og_image":[{"width":259,"height":194,"url":"https:\/\/lasentinelle.dz\/wp-content\/uploads\/2025\/08\/algerie-tunisie.jpeg","type":"image\/jpeg"}],"author":"admin","twitter_card":"summary_large_image","twitter_misc":{"\u00c9crit par":"admin","Dur\u00e9e de lecture estim\u00e9e":"4 minutes"},"schema":{"@context":"https:\/\/schema.org","@graph":[{"@type":"Article","@id":"https:\/\/lasentinelle.dz\/index.php\/2025\/12\/17\/algerie-tunisie-signature-dun-accord-de-jumelage-entre-universites-frontalieres\/#article","isPartOf":{"@id":"https:\/\/lasentinelle.dz\/index.php\/2025\/12\/17\/algerie-tunisie-signature-dun-accord-de-jumelage-entre-universites-frontalieres\/"},"author":{"name":"admin","@id":"https:\/\/lasentinelle.dz\/#\/schema\/person\/729ee0024f24e0b8c5ec17232f8e8b41"},"headline":"Alg\u00e9rie-Tunisie\u00a0: Signature d&rsquo;un accord de jumelage entre universit\u00e9s frontali\u00e8res\u00a0","datePublished":"2025-12-17T13:15:49+00:00","dateModified":"2025-12-17T13:15:51+00:00","mainEntityOfPage":{"@id":"https:\/\/lasentinelle.dz\/index.php\/2025\/12\/17\/algerie-tunisie-signature-dun-accord-de-jumelage-entre-universites-frontalieres\/"},"wordCount":732,"commentCount":0,"publisher":{"@id":"https:\/\/lasentinelle.dz\/#organization"},"image":{"@id":"https:\/\/lasentinelle.dz\/index.php\/2025\/12\/17\/algerie-tunisie-signature-dun-accord-de-jumelage-entre-universites-frontalieres\/#primaryimage"},"thumbnailUrl":"https:\/\/lasentinelle.dz\/wp-content\/uploads\/2025\/08\/algerie-tunisie.jpeg","articleSection":["Actualit\u00e9"],"inLanguage":"fr-FR","potentialAction":[{"@type":"CommentAction","name":"Comment","target":["https:\/\/lasentinelle.dz\/index.php\/2025\/12\/17\/algerie-tunisie-signature-dun-accord-de-jumelage-entre-universites-frontalieres\/#respond"]}]},{"@type":"WebPage","@id":"https:\/\/lasentinelle.dz\/index.php\/2025\/12\/17\/algerie-tunisie-signature-dun-accord-de-jumelage-entre-universites-frontalieres\/","url":"https:\/\/lasentinelle.dz\/index.php\/2025\/12\/17\/algerie-tunisie-signature-dun-accord-de-jumelage-entre-universites-frontalieres\/","name":"Alg\u00e9rie-Tunisie\u00a0: Signature d&rsquo;un accord de jumelage entre universit\u00e9s frontali\u00e8res\u00a0 - La Sentinelle","isPartOf":{"@id":"https:\/\/lasentinelle.dz\/#website"},"primaryImageOfPage":{"@id":"https:\/\/lasentinelle.dz\/index.php\/2025\/12\/17\/algerie-tunisie-signature-dun-accord-de-jumelage-entre-universites-frontalieres\/#primaryimage"},"image":{"@id":"https:\/\/lasentinelle.dz\/index.php\/2025\/12\/17\/algerie-tunisie-signature-dun-accord-de-jumelage-entre-universites-frontalieres\/#primaryimage"},"thumbnailUrl":"https:\/\/lasentinelle.dz\/wp-content\/uploads\/2025\/08\/algerie-tunisie.jpeg","datePublished":"2025-12-17T13:15:49+00:00","dateModified":"2025-12-17T13:15:51+00:00","breadcrumb":{"@id":"https:\/\/lasentinelle.dz\/index.php\/2025\/12\/17\/algerie-tunisie-signature-dun-accord-de-jumelage-entre-universites-frontalieres\/#breadcrumb"},"inLanguage":"fr-FR","potentialAction":[{"@type":"ReadAction","target":["https:\/\/lasentinelle.dz\/index.php\/2025\/12\/17\/algerie-tunisie-signature-dun-accord-de-jumelage-entre-universites-frontalieres\/"]}]},{"@type":"ImageObject","inLanguage":"fr-FR","@id":"https:\/\/lasentinelle.dz\/index.php\/2025\/12\/17\/algerie-tunisie-signature-dun-accord-de-jumelage-entre-universites-frontalieres\/#primaryimage","url":"https:\/\/lasentinelle.dz\/wp-content\/uploads\/2025\/08\/algerie-tunisie.jpeg","contentUrl":"https:\/\/lasentinelle.dz\/wp-content\/uploads\/2025\/08\/algerie-tunisie.jpeg","width":259,"height":194},{"@type":"BreadcrumbList","@id":"https:\/\/lasentinelle.dz\/index.php\/2025\/12\/17\/algerie-tunisie-signature-dun-accord-de-jumelage-entre-universites-frontalieres\/#breadcrumb","itemListElement":[{"@type":"ListItem","position":1,"name":"Accueil","item":"https:\/\/lasentinelle.dz\/"},{"@type":"ListItem","position":2,"name":"Alg\u00e9rie-Tunisie\u00a0: Signature d&rsquo;un accord de jumelage entre universit\u00e9s frontali\u00e8res\u00a0"}]},{"@type":"WebSite","@id":"https:\/\/lasentinelle.dz\/#website","url":"https:\/\/lasentinelle.dz\/","name":"La Sentinelle","description":"Quotidien national d&#039;information","publisher":{"@id":"https:\/\/lasentinelle.dz\/#organization"},"potentialAction":[{"@type":"SearchAction","target":{"@type":"EntryPoint","urlTemplate":"https:\/\/lasentinelle.dz\/?s={search_term_string}"},"query-input":{"@type":"PropertyValueSpecification","valueRequired":true,"valueName":"search_term_string"}}],"inLanguage":"fr-FR"},{"@type":"Organization","@id":"https:\/\/lasentinelle.dz\/#organization","name":"Quotidien La Sentinelle","url":"https:\/\/lasentinelle.dz\/","logo":{"@type":"ImageObject","inLanguage":"fr-FR","@id":"https:\/\/lasentinelle.dz\/#\/schema\/logo\/image\/","url":"https:\/\/lasentinelle.dz\/wp-content\/uploads\/2021\/09\/logo-sentinelleSLOGAN-1.png","contentUrl":"https:\/\/lasentinelle.dz\/wp-content\/uploads\/2021\/09\/logo-sentinelleSLOGAN-1.png","width":615,"height":142,"caption":"Quotidien La Sentinelle"},"image":{"@id":"https:\/\/lasentinelle.dz\/#\/schema\/logo\/image\/"},"sameAs":["https:\/\/www.facebook.com\/La-Sentinelle-104059864394773"]},{"@type":"Person","@id":"https:\/\/lasentinelle.dz\/#\/schema\/person\/729ee0024f24e0b8c5ec17232f8e8b41","name":"admin","image":{"@type":"ImageObject","inLanguage":"fr-FR","@id":"https:\/\/secure.gravatar.com\/avatar\/4c81fed838786e9b53f540bf46533e750f5d292099ae3b66cfc6fb1982e29df7?s=96&d=mm&r=g","url":"https:\/\/secure.gravatar.com\/avatar\/4c81fed838786e9b53f540bf46533e750f5d292099ae3b66cfc6fb1982e29df7?s=96&d=mm&r=g","contentUrl":"https:\/\/secure.gravatar.com\/avatar\/4c81fed838786e9b53f540bf46533e750f5d292099ae3b66cfc6fb1982e29df7?s=96&d=mm&r=g","caption":"admin"},"description":"admin","url":"https:\/\/lasentinelle.dz\/author\/admin\/"}]}},"_links":{"self":[{"href":"https:\/\/lasentinelle.dz\/index.php\/wp-json\/wp\/v2\/posts\/77927","targetHints":{"allow":["GET"]}}],"collection":[{"href":"https:\/\/lasentinelle.dz\/index.php\/wp-json\/wp\/v2\/posts"}],"about":[{"href":"https:\/\/lasentinelle.dz\/index.php\/wp-json\/wp\/v2\/types\/post"}],"author":[{"embeddable":true,"href":"https:\/\/lasentinelle.dz\/index.php\/wp-json\/wp\/v2\/users\/6"}],"replies":[{"embeddable":true,"href":"https:\/\/lasentinelle.dz\/index.php\/wp-json\/wp\/v2\/comments?post=77927"}],"version-history":[{"count":2,"href":"https:\/\/lasentinelle.dz\/index.php\/wp-json\/wp\/v2\/posts\/77927\/revisions"}],"predecessor-version":[{"id":77929,"href":"https:\/\/lasentinelle.dz\/index.php\/wp-json\/wp\/v2\/posts\/77927\/revisions\/77929"}],"wp:featuredmedia":[{"embeddable":true,"href":"https:\/\/lasentinelle.dz\/index.php\/wp-json\/wp\/v2\/media\/71467"}],"wp:attachment":[{"href":"https:\/\/lasentinelle.dz\/index.php\/wp-json\/wp\/v2\/media?parent=77927"}],"wp:term":[{"taxonomy":"category","embeddable":true,"href":"https:\/\/lasentinelle.dz\/index.php\/wp-json\/wp\/v2\/categories?post=77927"},{"taxonomy":"post_tag","embeddable":true,"href":"https:\/\/lasentinelle.dz\/index.php\/wp-json\/wp\/v2\/tags?post=77927"}],"curies":[{"name":"wp","href":"https:\/\/api.w.org\/{rel}","templated":true}]}}