{"id":77932,"date":"2025-12-17T14:17:11","date_gmt":"2025-12-17T13:17:11","guid":{"rendered":"https:\/\/lasentinelle.dz\/?p=77932"},"modified":"2025-12-17T14:17:13","modified_gmt":"2025-12-17T13:17:13","slug":"103-morts-par-intoxication-au-monoxyde-de-carbone-depuis-janvier-le-tueur-silencieux-fait-des-ravages","status":"publish","type":"post","link":"https:\/\/lasentinelle.dz\/index.php\/2025\/12\/17\/103-morts-par-intoxication-au-monoxyde-de-carbone-depuis-janvier-le-tueur-silencieux-fait-des-ravages\/","title":{"rendered":"103 morts par intoxication au monoxyde de carbone depuis janvier\u00a0: Le tueur silencieux fait des ravages\u00a0!"},"content":{"rendered":"\n<p>L&rsquo;hiver s&rsquo;accompagne d&rsquo;un tribut humain alarmant. Depuis le d\u00e9but de l&rsquo;ann\u00e9e 2025, pas moins de 103 personnes ont perdu la vie suite \u00e0 des intoxications au monoxyde de carbone, tandis que 1854 autres ont \u00e9t\u00e9 secou\u00e9es dans le cadre de quelque 800 interventions des services de la Protection civile.&nbsp;<\/p>\n\n\n\n<p>Les chiffres, r\u00e9v\u00e9l\u00e9s mardi par le commandant Nassim Bernaoui, chef adjoint des statistiques et de l&rsquo;information \u00e0 la Direction g\u00e9n\u00e9rale de la Protection civile, illustrent la persistance d&rsquo;un fl\u00e9au qui frappe les foyers alg\u00e9riens chaque saison froide, aliment\u00e9 par des comportements \u00e0 risque et un manque cruel de pr\u00e9vention.<\/p>\n\n\n\n<p>Intervenant sur les ondfes de la Radio nationale, le commandant Bernaoui a particuli\u00e8rement insist\u00e9 sur l&rsquo;intensification r\u00e9cente de ces drames domestiques. \u00ab\u00a0Nous avons enregistr\u00e9 23 d\u00e9c\u00e8s et secouru 569 autres personnes uniquement durant la p\u00e9riode s&rsquo;\u00e9tendant du d\u00e9but du mois d&rsquo;octobre au 16 d\u00e9cembre en cours, et la plupart des cas se sont produits \u00e0 partir de la seconde moiti\u00e9 du mois de novembre dernier, co\u00efncidant avec le d\u00e9but des chutes de pluie et de neige\u00a0\u00bb, a-t-il pr\u00e9cis\u00e9. Cette recrudescence saisonni\u00e8re s&rsquo;explique par le recours massif aux appareils de chauffage dans un contexte o\u00f9 les mesures de s\u00e9curit\u00e9 \u00e9l\u00e9mentaires sont trop souvent n\u00e9glig\u00e9es par les citoyens. Le responsable de la Protection civile pointe du doigt les causes principales de ces trag\u00e9dies familiales qui se r\u00e9p\u00e8tent ann\u00e9e apr\u00e8s ann\u00e9e. \u00ab\u00a0Ces accidents tragiques au sein des familles sont g\u00e9n\u00e9ralement dus au manque de comportement pr\u00e9ventif, \u00e0 la fermeture de toutes les ouvertures de ventilation, ainsi qu&rsquo;aux appareils de chauffage et chauffe-eau d\u00e9fectueux \u00e0 l&rsquo;int\u00e9rieur des habitations\u00a0\u00bb, a expliqu\u00e9 Nassim Bernaoui. Face \u00e0 cette situation pr\u00e9occupante, les autorit\u00e9s ont lanc\u00e9 une nouvelle phase de campagne de sensibilisation depuis le 6 octobre dernier, qui se poursuivra jusqu&rsquo;au mois de mars 2026. Cette initiative couvre les \u00e9coles, les mosqu\u00e9es et inclut des sessions de sensibilisation via les m\u00e9dias. Plus r\u00e9cemment, une approche de proximit\u00e9 a \u00e9t\u00e9 mise en \u0153uvre avec la participation des agents de Sonelgaz pour \u00e9valuer la situation g\u00e9n\u00e9rale dans les logements et v\u00e9rifier le respect par les citoyens des mesures de s\u00e9curit\u00e9, de pr\u00e9vention et d&rsquo;entretien des \u00e9quipements.<\/p>\n\n\n\n<p><strong>Pr\u00e8s de 2000 d\u00e9c\u00e8s sur les routes<\/strong><\/p>\n\n\n\n<p>Au-del\u00e0 des intoxications au monoxyde de carbone, le commandant Bernaoui a dress\u00e9 un tableau inqui\u00e9tant de la s\u00e9curit\u00e9 routi\u00e8re en Alg\u00e9rie. \u00ab\u00a0Les accidents de la route en Alg\u00e9rie sont devenus un ph\u00e9nom\u00e8ne quotidien et les derni\u00e8res statistiques enregistr\u00e9es jusqu&rsquo;\u00e0 ce lundi 15 d\u00e9cembre indiquent 1964 d\u00e9c\u00e8s et plus de 80.000 bless\u00e9s depuis le d\u00e9but de l&rsquo;ann\u00e9e en cours 2025\u00a0\u00bb, a-t-il d\u00e9clar\u00e9. Ce bilan, qu&rsquo;il qualifie de lourd compar\u00e9 \u00e0 celui enregistr\u00e9 l&rsquo;ann\u00e9e pr\u00e9c\u00e9dente sur la m\u00eame p\u00e9riode, \u00e9quivaut \u00e0 environ 40 \u00e0 44 d\u00e9c\u00e8s hebdomadaires. Le responsable a toutefois indiqu\u00e9 que les pouvoirs publics sont en train de r\u00e9viser le nouveau code de la route, qui comprendra de nombreuses nouvelles mesures visant \u00e0 r\u00e9duire la propagation de ces drames sur les routes et entrera en vigueur une fois que le Parlement aura achev\u00e9 son examen et son \u00e9tude. Sur un registre plus positif, la Direction g\u00e9n\u00e9rale de la Protection civile pr\u00e9pare le lancement, d\u00e8s la semaine prochaine, de caravanes m\u00e9dicales qui sillonneront le territoire national du 21 au 26 d\u00e9cembre. Cette op\u00e9ration touchera 21 wilayas des Hauts Plateaux et du Grand Sud, r\u00e9gions souvent \u00e9loign\u00e9es des structures sanitaires. \u00ab\u00a0Ces caravanes visent \u00e0 renforcer la sensibilisation sanitaire et pr\u00e9ventive des citoyens, ainsi qu&rsquo;\u00e0 inculquer la culture de protection de l&rsquo;environnement dans les zones recul\u00e9es et \u00e0 cr\u00e9er un lien entre le citoyen et les institutions de l&rsquo;\u00c9tat\u00a0\u00bb, a soulign\u00e9 le commandant Bernaoui, pr\u00e9cisant que cette op\u00e9ration se d\u00e9roule annuellement en coordination et en coop\u00e9ration avec les autorit\u00e9s locales, les pr\u00e9sidents des assembl\u00e9es \u00e9lues, les directions de la sant\u00e9 \u00e0 travers les wilayas du pays et le minist\u00e8re de l&rsquo;Industrie pharmaceutique pour l&rsquo;approvisionnement en fournitures m\u00e9dicales et m\u00e9dicaments n\u00e9cessaires.<\/p>\n\n\n\n<p><strong>Lyna Larbi<\/strong><\/p>\n","protected":false},"excerpt":{"rendered":"<p>L&rsquo;hiver s&rsquo;accompagne d&rsquo;un tribut humain alarmant. Depuis le d\u00e9but de l&rsquo;ann\u00e9e 2025, pas moins de 103 personnes ont perdu la<\/p>\n","protected":false},"author":6,"featured_media":77933,"comment_status":"open","ping_status":"closed","sticky":false,"template":"","format":"standard","meta":{"colormag_page_container_layout":"default_layout","colormag_page_sidebar_layout":"default_layout","om_disable_all_campaigns":false,"_monsterinsights_skip_tracking":false,"_monsterinsights_sitenote_active":false,"_monsterinsights_sitenote_note":"","_monsterinsights_sitenote_category":0,"footnotes":"","_wpscppro_dont_share_socialmedia":false,"_wpscppro_custom_social_share_image":0,"_facebook_share_type":"default","_twitter_share_type":"default","_linkedin_share_type":"default","_pinterest_share_type":"default","_linkedin_share_type_page":"","_instagram_share_type":"default","_medium_share_type":"default","_threads_share_type":"default","_google_business_share_type":"default","_selected_social_profile":[],"_wpsp_enable_custom_social_template":false,"_wpsp_social_scheduling":{"enabled":false,"datetime":null,"platforms":[],"status":"template_only","dateOption":"today","timeOption":"now","customDays":"","customHours":"","customDate":"","customTime":"","schedulingType":"absolute"},"_wpsp_active_default_template":true},"categories":[52,27],"tags":[],"class_list":["post-77932","post","type-post","status-publish","format-standard","has-post-thumbnail","hentry","category-a-la-une","category-actualite"],"aioseo_notices":[],"yoast_head":"<!-- This site is optimized with the Yoast SEO plugin v27.5 - https:\/\/yoast.com\/product\/yoast-seo-wordpress\/ -->\n<title>103 morts par intoxication au monoxyde de carbone depuis janvier\u00a0: Le tueur silencieux fait des ravages\u00a0! - La Sentinelle<\/title>\n<meta name=\"robots\" content=\"index, follow, max-snippet:-1, max-image-preview:large, max-video-preview:-1\" \/>\n<link rel=\"canonical\" href=\"https:\/\/lasentinelle.dz\/index.php\/2025\/12\/17\/103-morts-par-intoxication-au-monoxyde-de-carbone-depuis-janvier-le-tueur-silencieux-fait-des-ravages\/\" \/>\n<meta property=\"og:locale\" content=\"fr_FR\" \/>\n<meta property=\"og:type\" content=\"article\" \/>\n<meta property=\"og:title\" content=\"103 morts par intoxication au monoxyde de carbone depuis janvier\u00a0: Le tueur silencieux fait des ravages\u00a0! - La Sentinelle\" \/>\n<meta property=\"og:description\" content=\"L&rsquo;hiver s&rsquo;accompagne d&rsquo;un tribut humain alarmant. Depuis le d\u00e9but de l&rsquo;ann\u00e9e 2025, pas moins de 103 personnes ont perdu la\" \/>\n<meta property=\"og:url\" content=\"https:\/\/lasentinelle.dz\/index.php\/2025\/12\/17\/103-morts-par-intoxication-au-monoxyde-de-carbone-depuis-janvier-le-tueur-silencieux-fait-des-ravages\/\" \/>\n<meta property=\"og:site_name\" content=\"La Sentinelle\" \/>\n<meta property=\"article:publisher\" content=\"https:\/\/www.facebook.com\/La-Sentinelle-104059864394773\" \/>\n<meta property=\"article:published_time\" content=\"2025-12-17T13:17:11+00:00\" \/>\n<meta property=\"article:modified_time\" content=\"2025-12-17T13:17:13+00:00\" \/>\n<meta property=\"og:image\" content=\"https:\/\/lasentinelle.dz\/wp-content\/uploads\/2025\/12\/protection-civile.jpg\" \/>\n\t<meta property=\"og:image:width\" content=\"1920\" \/>\n\t<meta property=\"og:image:height\" content=\"1080\" \/>\n\t<meta property=\"og:image:type\" content=\"image\/jpeg\" \/>\n<meta name=\"author\" content=\"admin\" \/>\n<meta name=\"twitter:card\" content=\"summary_large_image\" \/>\n<meta name=\"twitter:label1\" content=\"\u00c9crit par\" \/>\n\t<meta name=\"twitter:data1\" content=\"admin\" \/>\n\t<meta name=\"twitter:label2\" content=\"Dur\u00e9e de lecture estim\u00e9e\" \/>\n\t<meta name=\"twitter:data2\" content=\"4 minutes\" \/>\n<script type=\"application\/ld+json\" class=\"yoast-schema-graph\">{\"@context\":\"https:\\\/\\\/schema.org\",\"@graph\":[{\"@type\":\"Article\",\"@id\":\"https:\\\/\\\/lasentinelle.dz\\\/index.php\\\/2025\\\/12\\\/17\\\/103-morts-par-intoxication-au-monoxyde-de-carbone-depuis-janvier-le-tueur-silencieux-fait-des-ravages\\\/#article\",\"isPartOf\":{\"@id\":\"https:\\\/\\\/lasentinelle.dz\\\/index.php\\\/2025\\\/12\\\/17\\\/103-morts-par-intoxication-au-monoxyde-de-carbone-depuis-janvier-le-tueur-silencieux-fait-des-ravages\\\/\"},\"author\":{\"name\":\"admin\",\"@id\":\"https:\\\/\\\/lasentinelle.dz\\\/#\\\/schema\\\/person\\\/729ee0024f24e0b8c5ec17232f8e8b41\"},\"headline\":\"103 morts par intoxication au monoxyde de carbone depuis janvier\u00a0: Le tueur silencieux fait des ravages\u00a0!\",\"datePublished\":\"2025-12-17T13:17:11+00:00\",\"dateModified\":\"2025-12-17T13:17:13+00:00\",\"mainEntityOfPage\":{\"@id\":\"https:\\\/\\\/lasentinelle.dz\\\/index.php\\\/2025\\\/12\\\/17\\\/103-morts-par-intoxication-au-monoxyde-de-carbone-depuis-janvier-le-tueur-silencieux-fait-des-ravages\\\/\"},\"wordCount\":742,\"commentCount\":0,\"publisher\":{\"@id\":\"https:\\\/\\\/lasentinelle.dz\\\/#organization\"},\"image\":{\"@id\":\"https:\\\/\\\/lasentinelle.dz\\\/index.php\\\/2025\\\/12\\\/17\\\/103-morts-par-intoxication-au-monoxyde-de-carbone-depuis-janvier-le-tueur-silencieux-fait-des-ravages\\\/#primaryimage\"},\"thumbnailUrl\":\"https:\\\/\\\/lasentinelle.dz\\\/wp-content\\\/uploads\\\/2025\\\/12\\\/protection-civile.jpg\",\"articleSection\":[\"\u00c0 la Une\",\"Actualit\u00e9\"],\"inLanguage\":\"fr-FR\",\"potentialAction\":[{\"@type\":\"CommentAction\",\"name\":\"Comment\",\"target\":[\"https:\\\/\\\/lasentinelle.dz\\\/index.php\\\/2025\\\/12\\\/17\\\/103-morts-par-intoxication-au-monoxyde-de-carbone-depuis-janvier-le-tueur-silencieux-fait-des-ravages\\\/#respond\"]}]},{\"@type\":\"WebPage\",\"@id\":\"https:\\\/\\\/lasentinelle.dz\\\/index.php\\\/2025\\\/12\\\/17\\\/103-morts-par-intoxication-au-monoxyde-de-carbone-depuis-janvier-le-tueur-silencieux-fait-des-ravages\\\/\",\"url\":\"https:\\\/\\\/lasentinelle.dz\\\/index.php\\\/2025\\\/12\\\/17\\\/103-morts-par-intoxication-au-monoxyde-de-carbone-depuis-janvier-le-tueur-silencieux-fait-des-ravages\\\/\",\"name\":\"103 morts par intoxication au monoxyde de carbone depuis janvier\u00a0: Le tueur silencieux fait des ravages\u00a0! - La Sentinelle\",\"isPartOf\":{\"@id\":\"https:\\\/\\\/lasentinelle.dz\\\/#website\"},\"primaryImageOfPage\":{\"@id\":\"https:\\\/\\\/lasentinelle.dz\\\/index.php\\\/2025\\\/12\\\/17\\\/103-morts-par-intoxication-au-monoxyde-de-carbone-depuis-janvier-le-tueur-silencieux-fait-des-ravages\\\/#primaryimage\"},\"image\":{\"@id\":\"https:\\\/\\\/lasentinelle.dz\\\/index.php\\\/2025\\\/12\\\/17\\\/103-morts-par-intoxication-au-monoxyde-de-carbone-depuis-janvier-le-tueur-silencieux-fait-des-ravages\\\/#primaryimage\"},\"thumbnailUrl\":\"https:\\\/\\\/lasentinelle.dz\\\/wp-content\\\/uploads\\\/2025\\\/12\\\/protection-civile.jpg\",\"datePublished\":\"2025-12-17T13:17:11+00:00\",\"dateModified\":\"2025-12-17T13:17:13+00:00\",\"breadcrumb\":{\"@id\":\"https:\\\/\\\/lasentinelle.dz\\\/index.php\\\/2025\\\/12\\\/17\\\/103-morts-par-intoxication-au-monoxyde-de-carbone-depuis-janvier-le-tueur-silencieux-fait-des-ravages\\\/#breadcrumb\"},\"inLanguage\":\"fr-FR\",\"potentialAction\":[{\"@type\":\"ReadAction\",\"target\":[\"https:\\\/\\\/lasentinelle.dz\\\/index.php\\\/2025\\\/12\\\/17\\\/103-morts-par-intoxication-au-monoxyde-de-carbone-depuis-janvier-le-tueur-silencieux-fait-des-ravages\\\/\"]}]},{\"@type\":\"ImageObject\",\"inLanguage\":\"fr-FR\",\"@id\":\"https:\\\/\\\/lasentinelle.dz\\\/index.php\\\/2025\\\/12\\\/17\\\/103-morts-par-intoxication-au-monoxyde-de-carbone-depuis-janvier-le-tueur-silencieux-fait-des-ravages\\\/#primaryimage\",\"url\":\"https:\\\/\\\/lasentinelle.dz\\\/wp-content\\\/uploads\\\/2025\\\/12\\\/protection-civile.jpg\",\"contentUrl\":\"https:\\\/\\\/lasentinelle.dz\\\/wp-content\\\/uploads\\\/2025\\\/12\\\/protection-civile.jpg\",\"width\":1920,\"height\":1080},{\"@type\":\"BreadcrumbList\",\"@id\":\"https:\\\/\\\/lasentinelle.dz\\\/index.php\\\/2025\\\/12\\\/17\\\/103-morts-par-intoxication-au-monoxyde-de-carbone-depuis-janvier-le-tueur-silencieux-fait-des-ravages\\\/#breadcrumb\",\"itemListElement\":[{\"@type\":\"ListItem\",\"position\":1,\"name\":\"Accueil\",\"item\":\"https:\\\/\\\/lasentinelle.dz\\\/\"},{\"@type\":\"ListItem\",\"position\":2,\"name\":\"103 morts par intoxication au monoxyde de carbone depuis janvier\u00a0: Le tueur silencieux fait des ravages\u00a0!\"}]},{\"@type\":\"WebSite\",\"@id\":\"https:\\\/\\\/lasentinelle.dz\\\/#website\",\"url\":\"https:\\\/\\\/lasentinelle.dz\\\/\",\"name\":\"La Sentinelle\",\"description\":\"Quotidien national d&#039;information\",\"publisher\":{\"@id\":\"https:\\\/\\\/lasentinelle.dz\\\/#organization\"},\"potentialAction\":[{\"@type\":\"SearchAction\",\"target\":{\"@type\":\"EntryPoint\",\"urlTemplate\":\"https:\\\/\\\/lasentinelle.dz\\\/?s={search_term_string}\"},\"query-input\":{\"@type\":\"PropertyValueSpecification\",\"valueRequired\":true,\"valueName\":\"search_term_string\"}}],\"inLanguage\":\"fr-FR\"},{\"@type\":\"Organization\",\"@id\":\"https:\\\/\\\/lasentinelle.dz\\\/#organization\",\"name\":\"Quotidien La Sentinelle\",\"url\":\"https:\\\/\\\/lasentinelle.dz\\\/\",\"logo\":{\"@type\":\"ImageObject\",\"inLanguage\":\"fr-FR\",\"@id\":\"https:\\\/\\\/lasentinelle.dz\\\/#\\\/schema\\\/logo\\\/image\\\/\",\"url\":\"https:\\\/\\\/lasentinelle.dz\\\/wp-content\\\/uploads\\\/2021\\\/09\\\/logo-sentinelleSLOGAN-1.png\",\"contentUrl\":\"https:\\\/\\\/lasentinelle.dz\\\/wp-content\\\/uploads\\\/2021\\\/09\\\/logo-sentinelleSLOGAN-1.png\",\"width\":615,\"height\":142,\"caption\":\"Quotidien La Sentinelle\"},\"image\":{\"@id\":\"https:\\\/\\\/lasentinelle.dz\\\/#\\\/schema\\\/logo\\\/image\\\/\"},\"sameAs\":[\"https:\\\/\\\/www.facebook.com\\\/La-Sentinelle-104059864394773\"]},{\"@type\":\"Person\",\"@id\":\"https:\\\/\\\/lasentinelle.dz\\\/#\\\/schema\\\/person\\\/729ee0024f24e0b8c5ec17232f8e8b41\",\"name\":\"admin\",\"image\":{\"@type\":\"ImageObject\",\"inLanguage\":\"fr-FR\",\"@id\":\"https:\\\/\\\/secure.gravatar.com\\\/avatar\\\/4c81fed838786e9b53f540bf46533e750f5d292099ae3b66cfc6fb1982e29df7?s=96&d=mm&r=g\",\"url\":\"https:\\\/\\\/secure.gravatar.com\\\/avatar\\\/4c81fed838786e9b53f540bf46533e750f5d292099ae3b66cfc6fb1982e29df7?s=96&d=mm&r=g\",\"contentUrl\":\"https:\\\/\\\/secure.gravatar.com\\\/avatar\\\/4c81fed838786e9b53f540bf46533e750f5d292099ae3b66cfc6fb1982e29df7?s=96&d=mm&r=g\",\"caption\":\"admin\"},\"description\":\"admin\",\"url\":\"https:\\\/\\\/lasentinelle.dz\\\/author\\\/admin\\\/\"}]}<\/script>\n<!-- \/ Yoast SEO plugin. -->","yoast_head_json":{"title":"103 morts par intoxication au monoxyde de carbone depuis janvier\u00a0: Le tueur silencieux fait des ravages\u00a0! - La Sentinelle","robots":{"index":"index","follow":"follow","max-snippet":"max-snippet:-1","max-image-preview":"max-image-preview:large","max-video-preview":"max-video-preview:-1"},"canonical":"https:\/\/lasentinelle.dz\/index.php\/2025\/12\/17\/103-morts-par-intoxication-au-monoxyde-de-carbone-depuis-janvier-le-tueur-silencieux-fait-des-ravages\/","og_locale":"fr_FR","og_type":"article","og_title":"103 morts par intoxication au monoxyde de carbone depuis janvier\u00a0: Le tueur silencieux fait des ravages\u00a0! - La Sentinelle","og_description":"L&rsquo;hiver s&rsquo;accompagne d&rsquo;un tribut humain alarmant. Depuis le d\u00e9but de l&rsquo;ann\u00e9e 2025, pas moins de 103 personnes ont perdu la","og_url":"https:\/\/lasentinelle.dz\/index.php\/2025\/12\/17\/103-morts-par-intoxication-au-monoxyde-de-carbone-depuis-janvier-le-tueur-silencieux-fait-des-ravages\/","og_site_name":"La Sentinelle","article_publisher":"https:\/\/www.facebook.com\/La-Sentinelle-104059864394773","article_published_time":"2025-12-17T13:17:11+00:00","article_modified_time":"2025-12-17T13:17:13+00:00","og_image":[{"width":1920,"height":1080,"url":"https:\/\/lasentinelle.dz\/wp-content\/uploads\/2025\/12\/protection-civile.jpg","type":"image\/jpeg"}],"author":"admin","twitter_card":"summary_large_image","twitter_misc":{"\u00c9crit par":"admin","Dur\u00e9e de lecture estim\u00e9e":"4 minutes"},"schema":{"@context":"https:\/\/schema.org","@graph":[{"@type":"Article","@id":"https:\/\/lasentinelle.dz\/index.php\/2025\/12\/17\/103-morts-par-intoxication-au-monoxyde-de-carbone-depuis-janvier-le-tueur-silencieux-fait-des-ravages\/#article","isPartOf":{"@id":"https:\/\/lasentinelle.dz\/index.php\/2025\/12\/17\/103-morts-par-intoxication-au-monoxyde-de-carbone-depuis-janvier-le-tueur-silencieux-fait-des-ravages\/"},"author":{"name":"admin","@id":"https:\/\/lasentinelle.dz\/#\/schema\/person\/729ee0024f24e0b8c5ec17232f8e8b41"},"headline":"103 morts par intoxication au monoxyde de carbone depuis janvier\u00a0: Le tueur silencieux fait des ravages\u00a0!","datePublished":"2025-12-17T13:17:11+00:00","dateModified":"2025-12-17T13:17:13+00:00","mainEntityOfPage":{"@id":"https:\/\/lasentinelle.dz\/index.php\/2025\/12\/17\/103-morts-par-intoxication-au-monoxyde-de-carbone-depuis-janvier-le-tueur-silencieux-fait-des-ravages\/"},"wordCount":742,"commentCount":0,"publisher":{"@id":"https:\/\/lasentinelle.dz\/#organization"},"image":{"@id":"https:\/\/lasentinelle.dz\/index.php\/2025\/12\/17\/103-morts-par-intoxication-au-monoxyde-de-carbone-depuis-janvier-le-tueur-silencieux-fait-des-ravages\/#primaryimage"},"thumbnailUrl":"https:\/\/lasentinelle.dz\/wp-content\/uploads\/2025\/12\/protection-civile.jpg","articleSection":["\u00c0 la Une","Actualit\u00e9"],"inLanguage":"fr-FR","potentialAction":[{"@type":"CommentAction","name":"Comment","target":["https:\/\/lasentinelle.dz\/index.php\/2025\/12\/17\/103-morts-par-intoxication-au-monoxyde-de-carbone-depuis-janvier-le-tueur-silencieux-fait-des-ravages\/#respond"]}]},{"@type":"WebPage","@id":"https:\/\/lasentinelle.dz\/index.php\/2025\/12\/17\/103-morts-par-intoxication-au-monoxyde-de-carbone-depuis-janvier-le-tueur-silencieux-fait-des-ravages\/","url":"https:\/\/lasentinelle.dz\/index.php\/2025\/12\/17\/103-morts-par-intoxication-au-monoxyde-de-carbone-depuis-janvier-le-tueur-silencieux-fait-des-ravages\/","name":"103 morts par intoxication au monoxyde de carbone depuis janvier\u00a0: Le tueur silencieux fait des ravages\u00a0! - La Sentinelle","isPartOf":{"@id":"https:\/\/lasentinelle.dz\/#website"},"primaryImageOfPage":{"@id":"https:\/\/lasentinelle.dz\/index.php\/2025\/12\/17\/103-morts-par-intoxication-au-monoxyde-de-carbone-depuis-janvier-le-tueur-silencieux-fait-des-ravages\/#primaryimage"},"image":{"@id":"https:\/\/lasentinelle.dz\/index.php\/2025\/12\/17\/103-morts-par-intoxication-au-monoxyde-de-carbone-depuis-janvier-le-tueur-silencieux-fait-des-ravages\/#primaryimage"},"thumbnailUrl":"https:\/\/lasentinelle.dz\/wp-content\/uploads\/2025\/12\/protection-civile.jpg","datePublished":"2025-12-17T13:17:11+00:00","dateModified":"2025-12-17T13:17:13+00:00","breadcrumb":{"@id":"https:\/\/lasentinelle.dz\/index.php\/2025\/12\/17\/103-morts-par-intoxication-au-monoxyde-de-carbone-depuis-janvier-le-tueur-silencieux-fait-des-ravages\/#breadcrumb"},"inLanguage":"fr-FR","potentialAction":[{"@type":"ReadAction","target":["https:\/\/lasentinelle.dz\/index.php\/2025\/12\/17\/103-morts-par-intoxication-au-monoxyde-de-carbone-depuis-janvier-le-tueur-silencieux-fait-des-ravages\/"]}]},{"@type":"ImageObject","inLanguage":"fr-FR","@id":"https:\/\/lasentinelle.dz\/index.php\/2025\/12\/17\/103-morts-par-intoxication-au-monoxyde-de-carbone-depuis-janvier-le-tueur-silencieux-fait-des-ravages\/#primaryimage","url":"https:\/\/lasentinelle.dz\/wp-content\/uploads\/2025\/12\/protection-civile.jpg","contentUrl":"https:\/\/lasentinelle.dz\/wp-content\/uploads\/2025\/12\/protection-civile.jpg","width":1920,"height":1080},{"@type":"BreadcrumbList","@id":"https:\/\/lasentinelle.dz\/index.php\/2025\/12\/17\/103-morts-par-intoxication-au-monoxyde-de-carbone-depuis-janvier-le-tueur-silencieux-fait-des-ravages\/#breadcrumb","itemListElement":[{"@type":"ListItem","position":1,"name":"Accueil","item":"https:\/\/lasentinelle.dz\/"},{"@type":"ListItem","position":2,"name":"103 morts par intoxication au monoxyde de carbone depuis janvier\u00a0: Le tueur silencieux fait des ravages\u00a0!"}]},{"@type":"WebSite","@id":"https:\/\/lasentinelle.dz\/#website","url":"https:\/\/lasentinelle.dz\/","name":"La Sentinelle","description":"Quotidien national d&#039;information","publisher":{"@id":"https:\/\/lasentinelle.dz\/#organization"},"potentialAction":[{"@type":"SearchAction","target":{"@type":"EntryPoint","urlTemplate":"https:\/\/lasentinelle.dz\/?s={search_term_string}"},"query-input":{"@type":"PropertyValueSpecification","valueRequired":true,"valueName":"search_term_string"}}],"inLanguage":"fr-FR"},{"@type":"Organization","@id":"https:\/\/lasentinelle.dz\/#organization","name":"Quotidien La Sentinelle","url":"https:\/\/lasentinelle.dz\/","logo":{"@type":"ImageObject","inLanguage":"fr-FR","@id":"https:\/\/lasentinelle.dz\/#\/schema\/logo\/image\/","url":"https:\/\/lasentinelle.dz\/wp-content\/uploads\/2021\/09\/logo-sentinelleSLOGAN-1.png","contentUrl":"https:\/\/lasentinelle.dz\/wp-content\/uploads\/2021\/09\/logo-sentinelleSLOGAN-1.png","width":615,"height":142,"caption":"Quotidien La Sentinelle"},"image":{"@id":"https:\/\/lasentinelle.dz\/#\/schema\/logo\/image\/"},"sameAs":["https:\/\/www.facebook.com\/La-Sentinelle-104059864394773"]},{"@type":"Person","@id":"https:\/\/lasentinelle.dz\/#\/schema\/person\/729ee0024f24e0b8c5ec17232f8e8b41","name":"admin","image":{"@type":"ImageObject","inLanguage":"fr-FR","@id":"https:\/\/secure.gravatar.com\/avatar\/4c81fed838786e9b53f540bf46533e750f5d292099ae3b66cfc6fb1982e29df7?s=96&d=mm&r=g","url":"https:\/\/secure.gravatar.com\/avatar\/4c81fed838786e9b53f540bf46533e750f5d292099ae3b66cfc6fb1982e29df7?s=96&d=mm&r=g","contentUrl":"https:\/\/secure.gravatar.com\/avatar\/4c81fed838786e9b53f540bf46533e750f5d292099ae3b66cfc6fb1982e29df7?s=96&d=mm&r=g","caption":"admin"},"description":"admin","url":"https:\/\/lasentinelle.dz\/author\/admin\/"}]}},"_links":{"self":[{"href":"https:\/\/lasentinelle.dz\/index.php\/wp-json\/wp\/v2\/posts\/77932","targetHints":{"allow":["GET"]}}],"collection":[{"href":"https:\/\/lasentinelle.dz\/index.php\/wp-json\/wp\/v2\/posts"}],"about":[{"href":"https:\/\/lasentinelle.dz\/index.php\/wp-json\/wp\/v2\/types\/post"}],"author":[{"embeddable":true,"href":"https:\/\/lasentinelle.dz\/index.php\/wp-json\/wp\/v2\/users\/6"}],"replies":[{"embeddable":true,"href":"https:\/\/lasentinelle.dz\/index.php\/wp-json\/wp\/v2\/comments?post=77932"}],"version-history":[{"count":1,"href":"https:\/\/lasentinelle.dz\/index.php\/wp-json\/wp\/v2\/posts\/77932\/revisions"}],"predecessor-version":[{"id":77934,"href":"https:\/\/lasentinelle.dz\/index.php\/wp-json\/wp\/v2\/posts\/77932\/revisions\/77934"}],"wp:featuredmedia":[{"embeddable":true,"href":"https:\/\/lasentinelle.dz\/index.php\/wp-json\/wp\/v2\/media\/77933"}],"wp:attachment":[{"href":"https:\/\/lasentinelle.dz\/index.php\/wp-json\/wp\/v2\/media?parent=77932"}],"wp:term":[{"taxonomy":"category","embeddable":true,"href":"https:\/\/lasentinelle.dz\/index.php\/wp-json\/wp\/v2\/categories?post=77932"},{"taxonomy":"post_tag","embeddable":true,"href":"https:\/\/lasentinelle.dz\/index.php\/wp-json\/wp\/v2\/tags?post=77932"}],"curies":[{"name":"wp","href":"https:\/\/api.w.org\/{rel}","templated":true}]}}