{"id":77938,"date":"2025-12-17T14:21:09","date_gmt":"2025-12-17T13:21:09","guid":{"rendered":"https:\/\/lasentinelle.dz\/?p=77938"},"modified":"2025-12-17T14:21:10","modified_gmt":"2025-12-17T13:21:10","slug":"asbu-lalgerie-remporte-le-poste-de-directeur-du-centre-aeip","status":"publish","type":"post","link":"https:\/\/lasentinelle.dz\/index.php\/2025\/12\/17\/asbu-lalgerie-remporte-le-poste-de-directeur-du-centre-aeip\/","title":{"rendered":"ASBU\u00a0: L&rsquo;Alg\u00e9rie remporte le poste de directeur du centre AEIP"},"content":{"rendered":"\n<p>L&rsquo;Alg\u00e9rie a remport\u00e9 mardi \u00e0 Tunis le poste strat\u00e9gique de directeur du Centre arabe d&rsquo;\u00e9changes d&rsquo;informations et de programmes de l&rsquo;Union de radiodiffusion des \u00c9tats arabes, selon un communiqu\u00e9 de l&rsquo;\u00c9tablissement public de T\u00e9l\u00e9vision. Repr\u00e9sent\u00e9e par l&rsquo;EPTV, la Radio Alg\u00e9rienne et T\u00e9l\u00e9diffusion d&rsquo;Alg\u00e9rie, l&rsquo;Alg\u00e9rie a vu son candidat, Adel Kansous, ancien directeur g\u00e9n\u00e9ral adjoint de la T\u00e9l\u00e9vision alg\u00e9rienne, pl\u00e9biscit\u00e9 par les membres de l&rsquo;Assembl\u00e9e g\u00e9n\u00e9rale de l&rsquo;ASBU lors de sa 45<sup>e<\/sup>&nbsp;session. Cette nouvelle victoire est intervenue apr\u00e8s le retrait du candidat \u00e9gyptien en faveur de l&rsquo;Alg\u00e9rie, \u00e0 la veille de la tenue de l&rsquo;Assembl\u00e9e g\u00e9n\u00e9rale. Le communiqu\u00e9 pr\u00e9cise que ce pl\u00e9biscite a \u00e9t\u00e9 obtenu apr\u00e8s d&rsquo;intenses contacts men\u00e9s par le directeur g\u00e9n\u00e9ral de l&rsquo;EPTV, Mohamed Baghali, sous l&rsquo;\u00e9gide des autorit\u00e9s publiques de tutelle, avec ses homologues responsables des \u00e9tablissements de Radio et de T\u00e9l\u00e9vision arabes. Cette victoire r\u00e9affirme une fois de plus, le poids et la consid\u00e9ration dont jouit l&rsquo;Alg\u00e9rie aupr\u00e8s des pays fr\u00e8res dans les diff\u00e9rentes organisations arabes et internationales. Suite \u00e0 cette \u00e9lection, l&rsquo;Alg\u00e9rie conserve non seulement le poste de directeur du centre AEIP, mais \u00e9galement sa qualit\u00e9 de membre du Conseil ex\u00e9cutif de l&rsquo;ASBU. Dans ce cadre, la T\u00e9l\u00e9vision alg\u00e9rienne, \u00e0 travers son directeur g\u00e9n\u00e9ral Mohamed Baghali, a \u00e9galement conserv\u00e9 son poste au sein du Comit\u00e9 ex\u00e9cutif des affaires d&rsquo;urgence de l&rsquo;organisation panarabe. Cette double repr\u00e9sentation renforce la position de l&rsquo;Alg\u00e9rie au sein de l&rsquo;Union de radiodiffusion des \u00c9tats arabes et t\u00e9moigne de la confiance accord\u00e9e par les pays membres aux institutions m\u00e9diatiques alg\u00e9riennes dans la gestion des \u00e9changes d&rsquo;informations et de programmes \u00e0 l&rsquo;\u00e9chelle arabe.<\/p>\n\n\n\n<p>Notons par ailleurs que l&rsquo;Entreprise nationale de communication, d&rsquo;\u00e9dition et de publicit\u00e9 (ANEP) a sign\u00e9, lundi, via sa filiale audiovisuelle AL24News, un accord de partenariat avec l&rsquo;Union de radiodiffusion des Etats arabes (ASBU), afin de renforcer l&rsquo;\u00e9change d&rsquo;expertises et la coop\u00e9ration institutionnelle, indique mardi un communiqu\u00e9 de cette entreprise. Ce partenariat vise \u00e0 \u00ab\u00a0d\u00e9velopper la production audiovisuelle, \u00e0 \u00e9changer les expertises et \u00e0 renforcer la coop\u00e9ration institutionnelle\u00a0\u00bb, en vue de fournir un \u00ab\u00a0service d&rsquo;information plus innovant et efficace orient\u00e9 vers l&rsquo;excellence\u00a0\u00bb.<\/p>\n\n\n\n<p>Chokri Hafed<\/p>\n","protected":false},"excerpt":{"rendered":"<p>L&rsquo;Alg\u00e9rie a remport\u00e9 mardi \u00e0 Tunis le poste strat\u00e9gique de directeur du Centre arabe d&rsquo;\u00e9changes d&rsquo;informations et de programmes de<\/p>\n","protected":false},"author":6,"featured_media":77939,"comment_status":"open","ping_status":"closed","sticky":false,"template":"","format":"standard","meta":{"colormag_page_container_layout":"default_layout","colormag_page_sidebar_layout":"default_layout","om_disable_all_campaigns":false,"_monsterinsights_skip_tracking":false,"_monsterinsights_sitenote_active":false,"_monsterinsights_sitenote_note":"","_monsterinsights_sitenote_category":0,"footnotes":"","_wpscppro_dont_share_socialmedia":false,"_wpscppro_custom_social_share_image":0,"_facebook_share_type":"default","_twitter_share_type":"default","_linkedin_share_type":"default","_pinterest_share_type":"default","_linkedin_share_type_page":"","_instagram_share_type":"default","_medium_share_type":"default","_threads_share_type":"default","_google_business_share_type":"default","_selected_social_profile":[],"_wpsp_enable_custom_social_template":false,"_wpsp_social_scheduling":{"enabled":false,"datetime":null,"platforms":[],"status":"template_only","dateOption":"today","timeOption":"now","customDays":"","customHours":"","customDate":"","customTime":"","schedulingType":"absolute"},"_wpsp_active_default_template":true},"categories":[27],"tags":[],"class_list":["post-77938","post","type-post","status-publish","format-standard","has-post-thumbnail","hentry","category-actualite"],"aioseo_notices":[],"yoast_head":"<!-- This site is optimized with the Yoast SEO plugin v27.5 - https:\/\/yoast.com\/product\/yoast-seo-wordpress\/ -->\n<title>ASBU\u00a0: L&rsquo;Alg\u00e9rie remporte le poste de directeur du centre AEIP - La Sentinelle<\/title>\n<meta name=\"robots\" content=\"index, follow, max-snippet:-1, max-image-preview:large, max-video-preview:-1\" \/>\n<link rel=\"canonical\" href=\"https:\/\/lasentinelle.dz\/index.php\/2025\/12\/17\/asbu-lalgerie-remporte-le-poste-de-directeur-du-centre-aeip\/\" \/>\n<meta property=\"og:locale\" content=\"fr_FR\" \/>\n<meta property=\"og:type\" content=\"article\" \/>\n<meta property=\"og:title\" content=\"ASBU\u00a0: L&rsquo;Alg\u00e9rie remporte le poste de directeur du centre AEIP - La Sentinelle\" \/>\n<meta property=\"og:description\" content=\"L&rsquo;Alg\u00e9rie a remport\u00e9 mardi \u00e0 Tunis le poste strat\u00e9gique de directeur du Centre arabe d&rsquo;\u00e9changes d&rsquo;informations et de programmes de\" \/>\n<meta property=\"og:url\" content=\"https:\/\/lasentinelle.dz\/index.php\/2025\/12\/17\/asbu-lalgerie-remporte-le-poste-de-directeur-du-centre-aeip\/\" \/>\n<meta property=\"og:site_name\" content=\"La Sentinelle\" \/>\n<meta property=\"article:publisher\" content=\"https:\/\/www.facebook.com\/La-Sentinelle-104059864394773\" \/>\n<meta property=\"article:published_time\" content=\"2025-12-17T13:21:09+00:00\" \/>\n<meta property=\"article:modified_time\" content=\"2025-12-17T13:21:10+00:00\" \/>\n<meta property=\"og:image\" content=\"https:\/\/lasentinelle.dz\/wp-content\/uploads\/2025\/12\/IMG-20251216-WA0000.jpg\" \/>\n\t<meta property=\"og:image:width\" content=\"809\" \/>\n\t<meta property=\"og:image:height\" content=\"535\" \/>\n\t<meta property=\"og:image:type\" content=\"image\/jpeg\" \/>\n<meta name=\"author\" content=\"admin\" \/>\n<meta name=\"twitter:card\" content=\"summary_large_image\" \/>\n<meta name=\"twitter:label1\" content=\"\u00c9crit par\" \/>\n\t<meta name=\"twitter:data1\" content=\"admin\" \/>\n\t<meta name=\"twitter:label2\" content=\"Dur\u00e9e de lecture estim\u00e9e\" \/>\n\t<meta name=\"twitter:data2\" content=\"2 minutes\" \/>\n<script type=\"application\/ld+json\" class=\"yoast-schema-graph\">{\"@context\":\"https:\\\/\\\/schema.org\",\"@graph\":[{\"@type\":\"Article\",\"@id\":\"https:\\\/\\\/lasentinelle.dz\\\/index.php\\\/2025\\\/12\\\/17\\\/asbu-lalgerie-remporte-le-poste-de-directeur-du-centre-aeip\\\/#article\",\"isPartOf\":{\"@id\":\"https:\\\/\\\/lasentinelle.dz\\\/index.php\\\/2025\\\/12\\\/17\\\/asbu-lalgerie-remporte-le-poste-de-directeur-du-centre-aeip\\\/\"},\"author\":{\"name\":\"admin\",\"@id\":\"https:\\\/\\\/lasentinelle.dz\\\/#\\\/schema\\\/person\\\/729ee0024f24e0b8c5ec17232f8e8b41\"},\"headline\":\"ASBU\u00a0: L&rsquo;Alg\u00e9rie remporte le poste de directeur du centre AEIP\",\"datePublished\":\"2025-12-17T13:21:09+00:00\",\"dateModified\":\"2025-12-17T13:21:10+00:00\",\"mainEntityOfPage\":{\"@id\":\"https:\\\/\\\/lasentinelle.dz\\\/index.php\\\/2025\\\/12\\\/17\\\/asbu-lalgerie-remporte-le-poste-de-directeur-du-centre-aeip\\\/\"},\"wordCount\":438,\"commentCount\":0,\"publisher\":{\"@id\":\"https:\\\/\\\/lasentinelle.dz\\\/#organization\"},\"image\":{\"@id\":\"https:\\\/\\\/lasentinelle.dz\\\/index.php\\\/2025\\\/12\\\/17\\\/asbu-lalgerie-remporte-le-poste-de-directeur-du-centre-aeip\\\/#primaryimage\"},\"thumbnailUrl\":\"https:\\\/\\\/lasentinelle.dz\\\/wp-content\\\/uploads\\\/2025\\\/12\\\/IMG-20251216-WA0000.jpg\",\"articleSection\":[\"Actualit\u00e9\"],\"inLanguage\":\"fr-FR\",\"potentialAction\":[{\"@type\":\"CommentAction\",\"name\":\"Comment\",\"target\":[\"https:\\\/\\\/lasentinelle.dz\\\/index.php\\\/2025\\\/12\\\/17\\\/asbu-lalgerie-remporte-le-poste-de-directeur-du-centre-aeip\\\/#respond\"]}]},{\"@type\":\"WebPage\",\"@id\":\"https:\\\/\\\/lasentinelle.dz\\\/index.php\\\/2025\\\/12\\\/17\\\/asbu-lalgerie-remporte-le-poste-de-directeur-du-centre-aeip\\\/\",\"url\":\"https:\\\/\\\/lasentinelle.dz\\\/index.php\\\/2025\\\/12\\\/17\\\/asbu-lalgerie-remporte-le-poste-de-directeur-du-centre-aeip\\\/\",\"name\":\"ASBU\u00a0: L&rsquo;Alg\u00e9rie remporte le poste de directeur du centre AEIP - La Sentinelle\",\"isPartOf\":{\"@id\":\"https:\\\/\\\/lasentinelle.dz\\\/#website\"},\"primaryImageOfPage\":{\"@id\":\"https:\\\/\\\/lasentinelle.dz\\\/index.php\\\/2025\\\/12\\\/17\\\/asbu-lalgerie-remporte-le-poste-de-directeur-du-centre-aeip\\\/#primaryimage\"},\"image\":{\"@id\":\"https:\\\/\\\/lasentinelle.dz\\\/index.php\\\/2025\\\/12\\\/17\\\/asbu-lalgerie-remporte-le-poste-de-directeur-du-centre-aeip\\\/#primaryimage\"},\"thumbnailUrl\":\"https:\\\/\\\/lasentinelle.dz\\\/wp-content\\\/uploads\\\/2025\\\/12\\\/IMG-20251216-WA0000.jpg\",\"datePublished\":\"2025-12-17T13:21:09+00:00\",\"dateModified\":\"2025-12-17T13:21:10+00:00\",\"breadcrumb\":{\"@id\":\"https:\\\/\\\/lasentinelle.dz\\\/index.php\\\/2025\\\/12\\\/17\\\/asbu-lalgerie-remporte-le-poste-de-directeur-du-centre-aeip\\\/#breadcrumb\"},\"inLanguage\":\"fr-FR\",\"potentialAction\":[{\"@type\":\"ReadAction\",\"target\":[\"https:\\\/\\\/lasentinelle.dz\\\/index.php\\\/2025\\\/12\\\/17\\\/asbu-lalgerie-remporte-le-poste-de-directeur-du-centre-aeip\\\/\"]}]},{\"@type\":\"ImageObject\",\"inLanguage\":\"fr-FR\",\"@id\":\"https:\\\/\\\/lasentinelle.dz\\\/index.php\\\/2025\\\/12\\\/17\\\/asbu-lalgerie-remporte-le-poste-de-directeur-du-centre-aeip\\\/#primaryimage\",\"url\":\"https:\\\/\\\/lasentinelle.dz\\\/wp-content\\\/uploads\\\/2025\\\/12\\\/IMG-20251216-WA0000.jpg\",\"contentUrl\":\"https:\\\/\\\/lasentinelle.dz\\\/wp-content\\\/uploads\\\/2025\\\/12\\\/IMG-20251216-WA0000.jpg\",\"width\":809,\"height\":535},{\"@type\":\"BreadcrumbList\",\"@id\":\"https:\\\/\\\/lasentinelle.dz\\\/index.php\\\/2025\\\/12\\\/17\\\/asbu-lalgerie-remporte-le-poste-de-directeur-du-centre-aeip\\\/#breadcrumb\",\"itemListElement\":[{\"@type\":\"ListItem\",\"position\":1,\"name\":\"Accueil\",\"item\":\"https:\\\/\\\/lasentinelle.dz\\\/\"},{\"@type\":\"ListItem\",\"position\":2,\"name\":\"ASBU\u00a0: L&rsquo;Alg\u00e9rie remporte le poste de directeur du centre AEIP\"}]},{\"@type\":\"WebSite\",\"@id\":\"https:\\\/\\\/lasentinelle.dz\\\/#website\",\"url\":\"https:\\\/\\\/lasentinelle.dz\\\/\",\"name\":\"La Sentinelle\",\"description\":\"Quotidien national d&#039;information\",\"publisher\":{\"@id\":\"https:\\\/\\\/lasentinelle.dz\\\/#organization\"},\"potentialAction\":[{\"@type\":\"SearchAction\",\"target\":{\"@type\":\"EntryPoint\",\"urlTemplate\":\"https:\\\/\\\/lasentinelle.dz\\\/?s={search_term_string}\"},\"query-input\":{\"@type\":\"PropertyValueSpecification\",\"valueRequired\":true,\"valueName\":\"search_term_string\"}}],\"inLanguage\":\"fr-FR\"},{\"@type\":\"Organization\",\"@id\":\"https:\\\/\\\/lasentinelle.dz\\\/#organization\",\"name\":\"Quotidien La Sentinelle\",\"url\":\"https:\\\/\\\/lasentinelle.dz\\\/\",\"logo\":{\"@type\":\"ImageObject\",\"inLanguage\":\"fr-FR\",\"@id\":\"https:\\\/\\\/lasentinelle.dz\\\/#\\\/schema\\\/logo\\\/image\\\/\",\"url\":\"https:\\\/\\\/lasentinelle.dz\\\/wp-content\\\/uploads\\\/2021\\\/09\\\/logo-sentinelleSLOGAN-1.png\",\"contentUrl\":\"https:\\\/\\\/lasentinelle.dz\\\/wp-content\\\/uploads\\\/2021\\\/09\\\/logo-sentinelleSLOGAN-1.png\",\"width\":615,\"height\":142,\"caption\":\"Quotidien La Sentinelle\"},\"image\":{\"@id\":\"https:\\\/\\\/lasentinelle.dz\\\/#\\\/schema\\\/logo\\\/image\\\/\"},\"sameAs\":[\"https:\\\/\\\/www.facebook.com\\\/La-Sentinelle-104059864394773\"]},{\"@type\":\"Person\",\"@id\":\"https:\\\/\\\/lasentinelle.dz\\\/#\\\/schema\\\/person\\\/729ee0024f24e0b8c5ec17232f8e8b41\",\"name\":\"admin\",\"image\":{\"@type\":\"ImageObject\",\"inLanguage\":\"fr-FR\",\"@id\":\"https:\\\/\\\/secure.gravatar.com\\\/avatar\\\/4c81fed838786e9b53f540bf46533e750f5d292099ae3b66cfc6fb1982e29df7?s=96&d=mm&r=g\",\"url\":\"https:\\\/\\\/secure.gravatar.com\\\/avatar\\\/4c81fed838786e9b53f540bf46533e750f5d292099ae3b66cfc6fb1982e29df7?s=96&d=mm&r=g\",\"contentUrl\":\"https:\\\/\\\/secure.gravatar.com\\\/avatar\\\/4c81fed838786e9b53f540bf46533e750f5d292099ae3b66cfc6fb1982e29df7?s=96&d=mm&r=g\",\"caption\":\"admin\"},\"description\":\"admin\",\"url\":\"https:\\\/\\\/lasentinelle.dz\\\/author\\\/admin\\\/\"}]}<\/script>\n<!-- \/ Yoast SEO plugin. -->","yoast_head_json":{"title":"ASBU\u00a0: L&rsquo;Alg\u00e9rie remporte le poste de directeur du centre AEIP - La Sentinelle","robots":{"index":"index","follow":"follow","max-snippet":"max-snippet:-1","max-image-preview":"max-image-preview:large","max-video-preview":"max-video-preview:-1"},"canonical":"https:\/\/lasentinelle.dz\/index.php\/2025\/12\/17\/asbu-lalgerie-remporte-le-poste-de-directeur-du-centre-aeip\/","og_locale":"fr_FR","og_type":"article","og_title":"ASBU\u00a0: L&rsquo;Alg\u00e9rie remporte le poste de directeur du centre AEIP - La Sentinelle","og_description":"L&rsquo;Alg\u00e9rie a remport\u00e9 mardi \u00e0 Tunis le poste strat\u00e9gique de directeur du Centre arabe d&rsquo;\u00e9changes d&rsquo;informations et de programmes de","og_url":"https:\/\/lasentinelle.dz\/index.php\/2025\/12\/17\/asbu-lalgerie-remporte-le-poste-de-directeur-du-centre-aeip\/","og_site_name":"La Sentinelle","article_publisher":"https:\/\/www.facebook.com\/La-Sentinelle-104059864394773","article_published_time":"2025-12-17T13:21:09+00:00","article_modified_time":"2025-12-17T13:21:10+00:00","og_image":[{"width":809,"height":535,"url":"https:\/\/lasentinelle.dz\/wp-content\/uploads\/2025\/12\/IMG-20251216-WA0000.jpg","type":"image\/jpeg"}],"author":"admin","twitter_card":"summary_large_image","twitter_misc":{"\u00c9crit par":"admin","Dur\u00e9e de lecture estim\u00e9e":"2 minutes"},"schema":{"@context":"https:\/\/schema.org","@graph":[{"@type":"Article","@id":"https:\/\/lasentinelle.dz\/index.php\/2025\/12\/17\/asbu-lalgerie-remporte-le-poste-de-directeur-du-centre-aeip\/#article","isPartOf":{"@id":"https:\/\/lasentinelle.dz\/index.php\/2025\/12\/17\/asbu-lalgerie-remporte-le-poste-de-directeur-du-centre-aeip\/"},"author":{"name":"admin","@id":"https:\/\/lasentinelle.dz\/#\/schema\/person\/729ee0024f24e0b8c5ec17232f8e8b41"},"headline":"ASBU\u00a0: L&rsquo;Alg\u00e9rie remporte le poste de directeur du centre AEIP","datePublished":"2025-12-17T13:21:09+00:00","dateModified":"2025-12-17T13:21:10+00:00","mainEntityOfPage":{"@id":"https:\/\/lasentinelle.dz\/index.php\/2025\/12\/17\/asbu-lalgerie-remporte-le-poste-de-directeur-du-centre-aeip\/"},"wordCount":438,"commentCount":0,"publisher":{"@id":"https:\/\/lasentinelle.dz\/#organization"},"image":{"@id":"https:\/\/lasentinelle.dz\/index.php\/2025\/12\/17\/asbu-lalgerie-remporte-le-poste-de-directeur-du-centre-aeip\/#primaryimage"},"thumbnailUrl":"https:\/\/lasentinelle.dz\/wp-content\/uploads\/2025\/12\/IMG-20251216-WA0000.jpg","articleSection":["Actualit\u00e9"],"inLanguage":"fr-FR","potentialAction":[{"@type":"CommentAction","name":"Comment","target":["https:\/\/lasentinelle.dz\/index.php\/2025\/12\/17\/asbu-lalgerie-remporte-le-poste-de-directeur-du-centre-aeip\/#respond"]}]},{"@type":"WebPage","@id":"https:\/\/lasentinelle.dz\/index.php\/2025\/12\/17\/asbu-lalgerie-remporte-le-poste-de-directeur-du-centre-aeip\/","url":"https:\/\/lasentinelle.dz\/index.php\/2025\/12\/17\/asbu-lalgerie-remporte-le-poste-de-directeur-du-centre-aeip\/","name":"ASBU\u00a0: L&rsquo;Alg\u00e9rie remporte le poste de directeur du centre AEIP - La Sentinelle","isPartOf":{"@id":"https:\/\/lasentinelle.dz\/#website"},"primaryImageOfPage":{"@id":"https:\/\/lasentinelle.dz\/index.php\/2025\/12\/17\/asbu-lalgerie-remporte-le-poste-de-directeur-du-centre-aeip\/#primaryimage"},"image":{"@id":"https:\/\/lasentinelle.dz\/index.php\/2025\/12\/17\/asbu-lalgerie-remporte-le-poste-de-directeur-du-centre-aeip\/#primaryimage"},"thumbnailUrl":"https:\/\/lasentinelle.dz\/wp-content\/uploads\/2025\/12\/IMG-20251216-WA0000.jpg","datePublished":"2025-12-17T13:21:09+00:00","dateModified":"2025-12-17T13:21:10+00:00","breadcrumb":{"@id":"https:\/\/lasentinelle.dz\/index.php\/2025\/12\/17\/asbu-lalgerie-remporte-le-poste-de-directeur-du-centre-aeip\/#breadcrumb"},"inLanguage":"fr-FR","potentialAction":[{"@type":"ReadAction","target":["https:\/\/lasentinelle.dz\/index.php\/2025\/12\/17\/asbu-lalgerie-remporte-le-poste-de-directeur-du-centre-aeip\/"]}]},{"@type":"ImageObject","inLanguage":"fr-FR","@id":"https:\/\/lasentinelle.dz\/index.php\/2025\/12\/17\/asbu-lalgerie-remporte-le-poste-de-directeur-du-centre-aeip\/#primaryimage","url":"https:\/\/lasentinelle.dz\/wp-content\/uploads\/2025\/12\/IMG-20251216-WA0000.jpg","contentUrl":"https:\/\/lasentinelle.dz\/wp-content\/uploads\/2025\/12\/IMG-20251216-WA0000.jpg","width":809,"height":535},{"@type":"BreadcrumbList","@id":"https:\/\/lasentinelle.dz\/index.php\/2025\/12\/17\/asbu-lalgerie-remporte-le-poste-de-directeur-du-centre-aeip\/#breadcrumb","itemListElement":[{"@type":"ListItem","position":1,"name":"Accueil","item":"https:\/\/lasentinelle.dz\/"},{"@type":"ListItem","position":2,"name":"ASBU\u00a0: L&rsquo;Alg\u00e9rie remporte le poste de directeur du centre AEIP"}]},{"@type":"WebSite","@id":"https:\/\/lasentinelle.dz\/#website","url":"https:\/\/lasentinelle.dz\/","name":"La Sentinelle","description":"Quotidien national d&#039;information","publisher":{"@id":"https:\/\/lasentinelle.dz\/#organization"},"potentialAction":[{"@type":"SearchAction","target":{"@type":"EntryPoint","urlTemplate":"https:\/\/lasentinelle.dz\/?s={search_term_string}"},"query-input":{"@type":"PropertyValueSpecification","valueRequired":true,"valueName":"search_term_string"}}],"inLanguage":"fr-FR"},{"@type":"Organization","@id":"https:\/\/lasentinelle.dz\/#organization","name":"Quotidien La Sentinelle","url":"https:\/\/lasentinelle.dz\/","logo":{"@type":"ImageObject","inLanguage":"fr-FR","@id":"https:\/\/lasentinelle.dz\/#\/schema\/logo\/image\/","url":"https:\/\/lasentinelle.dz\/wp-content\/uploads\/2021\/09\/logo-sentinelleSLOGAN-1.png","contentUrl":"https:\/\/lasentinelle.dz\/wp-content\/uploads\/2021\/09\/logo-sentinelleSLOGAN-1.png","width":615,"height":142,"caption":"Quotidien La Sentinelle"},"image":{"@id":"https:\/\/lasentinelle.dz\/#\/schema\/logo\/image\/"},"sameAs":["https:\/\/www.facebook.com\/La-Sentinelle-104059864394773"]},{"@type":"Person","@id":"https:\/\/lasentinelle.dz\/#\/schema\/person\/729ee0024f24e0b8c5ec17232f8e8b41","name":"admin","image":{"@type":"ImageObject","inLanguage":"fr-FR","@id":"https:\/\/secure.gravatar.com\/avatar\/4c81fed838786e9b53f540bf46533e750f5d292099ae3b66cfc6fb1982e29df7?s=96&d=mm&r=g","url":"https:\/\/secure.gravatar.com\/avatar\/4c81fed838786e9b53f540bf46533e750f5d292099ae3b66cfc6fb1982e29df7?s=96&d=mm&r=g","contentUrl":"https:\/\/secure.gravatar.com\/avatar\/4c81fed838786e9b53f540bf46533e750f5d292099ae3b66cfc6fb1982e29df7?s=96&d=mm&r=g","caption":"admin"},"description":"admin","url":"https:\/\/lasentinelle.dz\/author\/admin\/"}]}},"_links":{"self":[{"href":"https:\/\/lasentinelle.dz\/index.php\/wp-json\/wp\/v2\/posts\/77938","targetHints":{"allow":["GET"]}}],"collection":[{"href":"https:\/\/lasentinelle.dz\/index.php\/wp-json\/wp\/v2\/posts"}],"about":[{"href":"https:\/\/lasentinelle.dz\/index.php\/wp-json\/wp\/v2\/types\/post"}],"author":[{"embeddable":true,"href":"https:\/\/lasentinelle.dz\/index.php\/wp-json\/wp\/v2\/users\/6"}],"replies":[{"embeddable":true,"href":"https:\/\/lasentinelle.dz\/index.php\/wp-json\/wp\/v2\/comments?post=77938"}],"version-history":[{"count":2,"href":"https:\/\/lasentinelle.dz\/index.php\/wp-json\/wp\/v2\/posts\/77938\/revisions"}],"predecessor-version":[{"id":77941,"href":"https:\/\/lasentinelle.dz\/index.php\/wp-json\/wp\/v2\/posts\/77938\/revisions\/77941"}],"wp:featuredmedia":[{"embeddable":true,"href":"https:\/\/lasentinelle.dz\/index.php\/wp-json\/wp\/v2\/media\/77939"}],"wp:attachment":[{"href":"https:\/\/lasentinelle.dz\/index.php\/wp-json\/wp\/v2\/media?parent=77938"}],"wp:term":[{"taxonomy":"category","embeddable":true,"href":"https:\/\/lasentinelle.dz\/index.php\/wp-json\/wp\/v2\/categories?post=77938"},{"taxonomy":"post_tag","embeddable":true,"href":"https:\/\/lasentinelle.dz\/index.php\/wp-json\/wp\/v2\/tags?post=77938"}],"curies":[{"name":"wp","href":"https:\/\/api.w.org\/{rel}","templated":true}]}}