{"id":77994,"date":"2025-12-18T13:55:27","date_gmt":"2025-12-18T12:55:27","guid":{"rendered":"https:\/\/lasentinelle.dz\/?p=77994"},"modified":"2025-12-18T13:55:28","modified_gmt":"2025-12-18T12:55:28","slug":"concours-de-recrutement-de-leducation-nationale-536-postes-pedagogiques-pour-annaba","status":"publish","type":"post","link":"https:\/\/lasentinelle.dz\/index.php\/2025\/12\/18\/concours-de-recrutement-de-leducation-nationale-536-postes-pedagogiques-pour-annaba\/","title":{"rendered":"Concours de recrutement de l&rsquo;\u00e9ducation nationale\u00a0:\u00a0536 postes p\u00e9dagogiques pour Annaba"},"content":{"rendered":"\n<p>Le quota s&rsquo;inscrit dans le cadre du concours organis\u00e9 par le minist\u00e8re de l&rsquo;\u00c9ducation nationale afin de r\u00e9pondre aux besoins en enseignants dans les trois paliers \u00e9ducatifs,&nbsp;pour l\u2019ann\u00e9e scolaire en cours.<\/p>\n\n\n\n<p>La wilaya d&rsquo;Annaba a b\u00e9n\u00e9fici\u00e9 de 536 postes p\u00e9dagogiques, destin\u00e9s \u00e0 renforcer l&rsquo;encadrement p\u00e9dagogique et \u00e0 pallier le manque enregistr\u00e9 dans plusieurs \u00e9tablissements de la wilaya. Selon les chiffres communiqu\u00e9s par la direction de l&rsquo;\u00e9ducation nationale \u00e0 Annaba, ces postes sont r\u00e9partis entre 85 postes pour l&rsquo;enseignement primaire, 253 pour l&rsquo;enseignement moyen et 198 pour l&rsquo;enseignement secondaire. Cette r\u00e9partition place le cycle moyen en t\u00eate en mati\u00e8re de besoins, suivi par le cycle secondaire, le primaire arrivant en troisi\u00e8me position avec un quota plus faible.&nbsp;Des recrutements par contrat sont en cours&nbsp;de pr\u00e9paration&nbsp;et pr\u00e9vus, concernant aussi bien les enseignants contractuels d\u00e9j\u00e0 en poste que de nouveaux candidats. Bien que ces chiffres restent relativement insuffisants pour la wilaya d&rsquo;Annaba, ils d\u00e9montrent n\u00e9anmoins une forte augmentation des besoins. Annaba a re\u00e7u sa part de ces recrutements massifs, englobant les trois paliers \u00e9ducatifs pour couvrir les besoins en personnel enseignant.&nbsp;Par ailleurs, selon certaines informations, les enseignants contractuels issus du dernier concours de 2024-2025, actuellement en liste d&rsquo;attente pour leur recrutement, sont inclus dans cette op\u00e9ration pour&nbsp;l\u2019ann\u00e9e scolaire 2025-2026. En somme, Annaba fera partie de ce mouvement national d&#8217;embauche massive pour le secteur de l&rsquo;\u00e9ducation nationale en 2025, via des recrutements contractuels et concours.&nbsp;Le syst\u00e8me du concours est d\u00e9sormais la r\u00e8gle pour le recrutement des enseignants dans le secteur de l&rsquo;\u00e9ducation nationale. Un recrutement qui a suscit\u00e9, d\u00e8s l&rsquo;annonce des chiffres, le m\u00e9contentement au sein de la communaut\u00e9 enseignante. Pour bon nombre d&rsquo;entre eux, ce quota est en de\u00e7\u00e0 des attentes de centaines d&rsquo;enseignants ayant concouru, compte tenu de l&rsquo;extension urbaine de la wilaya qui compte plusieurs nouveaux p\u00f4les urbains, dont entre autres la nouvelle ville \u00ab Draa Errich \u00bb. S&rsquo;ajoutent \u00e0 cela la densit\u00e9 d\u00e9mographique et surtout les besoins r\u00e9els des \u00e9tablissements scolaires, en particulier dans certaines zones connaissant une surcharge des classes.<\/p>\n\n\n\n<p>Ce constat n&rsquo;a pas laiss\u00e9 indiff\u00e9rents les habitants des nouveaux p\u00f4les urbains. Ces derniers, notamment ceux d&rsquo;Ain Djebara relevant de la circonscription de Sidi Amar, ont souvent revendiqu\u00e9 la construction d&rsquo;\u00e9tablissements secondaires. Les familles habitant ce nouveau p\u00f4le urbain ont des enfants scolaris\u00e9s au lyc\u00e9e d&rsquo;El Guantra, dans la commune d&rsquo;El Hadjar. Apr\u00e8s des ann\u00e9es d&rsquo;attente, les habitants et bien d&rsquo;autres r\u00e9sidents d&rsquo;autres nouvelles zones urbaines ont d\u00e9cid\u00e9 de saisir le ministre de l&rsquo;\u00c9ducation nationale, via une correspondance transmise par le biais d&rsquo;un d\u00e9put\u00e9 de la wilaya d&rsquo;Annaba, afin d&rsquo;obtenir des clarifications sur les crit\u00e8res retenus concernant la r\u00e9partition des postes ouverts entre les wilayas et entre les diff\u00e9rents cycles d&rsquo;enseignement. Cette d\u00e9marche vise \u00e0 lever toute ambigu\u00eft\u00e9 autour des m\u00e9canismes adopt\u00e9s et \u00e0 d\u00e9fendre une r\u00e9partition jug\u00e9e plus \u00e9quitable et plus adapt\u00e9e aux r\u00e9alit\u00e9s locales.<\/p>\n\n\n\n<p>Il faut souligner que ce concours s&rsquo;inscrit dans une action nationale d&rsquo;envergure, avec des dizaines de milliers de postes ouverts \u00e0 l&rsquo;\u00e9chelle du pays, dans le but de renforcer l&rsquo;encadrement p\u00e9dagogique et de pallier le manque d&rsquo;enseignants enregistr\u00e9 dans plusieurs \u00e9tablissements. Sur le plan national, le minist\u00e8re de l&rsquo;\u00c9ducation nationale a pr\u00e9cis\u00e9 que ce concours concerne l&rsquo;acc\u00e8s aux grades de professeur de l&rsquo;enseignement primaire, classe 1, avec 11 831 postes budg\u00e9taires, de professeur de l&rsquo;enseignement moyen, classe 1, avec 18 929 postes budg\u00e9taires, et de professeur de l&rsquo;enseignement secondaire, classe 1, avec 9 740 postes budg\u00e9taires.&nbsp;Au total, 69 000 postes ont \u00e9t\u00e9 ouverts au recrutement pour la rentr\u00e9e scolaire 2025-2026, comme l&rsquo;a annonc\u00e9 le ministre de l&rsquo;\u00c9ducation nationale, Mohammed Seghir Saadaoui. Au-del\u00e0 des chiffres, ce concours repr\u00e9sente un enjeu majeur pour de nombreux dipl\u00f4m\u00e9s, notamment les jeunes en attente d&rsquo;int\u00e9gration professionnelle, mais aussi pour le syst\u00e8me \u00e9ducatif national, confront\u00e9 \u00e0 la n\u00e9cessit\u00e9 d&rsquo;am\u00e9liorer la qualit\u00e9 de l&rsquo;enseignement et d&rsquo;assurer une meilleure stabilit\u00e9 des \u00e9quipes p\u00e9dagogiques.<\/p>\n\n\n\n<p><strong>Sofia Chahine<\/strong><\/p>\n","protected":false},"excerpt":{"rendered":"<p>Le quota s&rsquo;inscrit dans le cadre du concours organis\u00e9 par le minist\u00e8re de l&rsquo;\u00c9ducation nationale afin de r\u00e9pondre aux besoins<\/p>\n","protected":false},"author":6,"featured_media":33382,"comment_status":"open","ping_status":"closed","sticky":false,"template":"","format":"standard","meta":{"colormag_page_container_layout":"default_layout","colormag_page_sidebar_layout":"default_layout","om_disable_all_campaigns":false,"_monsterinsights_skip_tracking":false,"_monsterinsights_sitenote_active":false,"_monsterinsights_sitenote_note":"","_monsterinsights_sitenote_category":0,"footnotes":"","_wpscppro_dont_share_socialmedia":false,"_wpscppro_custom_social_share_image":0,"_facebook_share_type":"default","_twitter_share_type":"default","_linkedin_share_type":"default","_pinterest_share_type":"default","_linkedin_share_type_page":"","_instagram_share_type":"default","_medium_share_type":"default","_threads_share_type":"default","_google_business_share_type":"default","_selected_social_profile":[],"_wpsp_enable_custom_social_template":false,"_wpsp_social_scheduling":{"enabled":false,"datetime":null,"platforms":[],"status":"template_only","dateOption":"today","timeOption":"now","customDays":"","customHours":"","customDate":"","customTime":"","schedulingType":"absolute"},"_wpsp_active_default_template":true},"categories":[31],"tags":[],"class_list":["post-77994","post","type-post","status-publish","format-standard","has-post-thumbnail","hentry","category-regions"],"aioseo_notices":[],"yoast_head":"<!-- This site is optimized with the Yoast SEO plugin v27.5 - https:\/\/yoast.com\/product\/yoast-seo-wordpress\/ -->\n<title>Concours de recrutement de l&rsquo;\u00e9ducation nationale\u00a0:\u00a0536 postes p\u00e9dagogiques pour Annaba - La Sentinelle<\/title>\n<meta name=\"robots\" content=\"index, follow, max-snippet:-1, max-image-preview:large, max-video-preview:-1\" \/>\n<link rel=\"canonical\" href=\"https:\/\/lasentinelle.dz\/index.php\/2025\/12\/18\/concours-de-recrutement-de-leducation-nationale-536-postes-pedagogiques-pour-annaba\/\" \/>\n<meta property=\"og:locale\" content=\"fr_FR\" \/>\n<meta property=\"og:type\" content=\"article\" \/>\n<meta property=\"og:title\" content=\"Concours de recrutement de l&rsquo;\u00e9ducation nationale\u00a0:\u00a0536 postes p\u00e9dagogiques pour Annaba - La Sentinelle\" \/>\n<meta property=\"og:description\" content=\"Le quota s&rsquo;inscrit dans le cadre du concours organis\u00e9 par le minist\u00e8re de l&rsquo;\u00c9ducation nationale afin de r\u00e9pondre aux besoins\" \/>\n<meta property=\"og:url\" content=\"https:\/\/lasentinelle.dz\/index.php\/2025\/12\/18\/concours-de-recrutement-de-leducation-nationale-536-postes-pedagogiques-pour-annaba\/\" \/>\n<meta property=\"og:site_name\" content=\"La Sentinelle\" \/>\n<meta property=\"article:publisher\" content=\"https:\/\/www.facebook.com\/La-Sentinelle-104059864394773\" \/>\n<meta property=\"article:published_time\" content=\"2025-12-18T12:55:27+00:00\" \/>\n<meta property=\"article:modified_time\" content=\"2025-12-18T12:55:28+00:00\" \/>\n<meta property=\"og:image\" content=\"https:\/\/lasentinelle.dz\/wp-content\/uploads\/2022\/12\/enseignant.png\" \/>\n\t<meta property=\"og:image:width\" content=\"1428\" \/>\n\t<meta property=\"og:image:height\" content=\"900\" \/>\n\t<meta property=\"og:image:type\" content=\"image\/png\" \/>\n<meta name=\"author\" content=\"admin\" \/>\n<meta name=\"twitter:card\" content=\"summary_large_image\" \/>\n<meta name=\"twitter:label1\" content=\"\u00c9crit par\" \/>\n\t<meta name=\"twitter:data1\" content=\"admin\" \/>\n\t<meta name=\"twitter:label2\" content=\"Dur\u00e9e de lecture estim\u00e9e\" \/>\n\t<meta name=\"twitter:data2\" content=\"4 minutes\" \/>\n<script type=\"application\/ld+json\" class=\"yoast-schema-graph\">{\"@context\":\"https:\\\/\\\/schema.org\",\"@graph\":[{\"@type\":\"Article\",\"@id\":\"https:\\\/\\\/lasentinelle.dz\\\/index.php\\\/2025\\\/12\\\/18\\\/concours-de-recrutement-de-leducation-nationale-536-postes-pedagogiques-pour-annaba\\\/#article\",\"isPartOf\":{\"@id\":\"https:\\\/\\\/lasentinelle.dz\\\/index.php\\\/2025\\\/12\\\/18\\\/concours-de-recrutement-de-leducation-nationale-536-postes-pedagogiques-pour-annaba\\\/\"},\"author\":{\"name\":\"admin\",\"@id\":\"https:\\\/\\\/lasentinelle.dz\\\/#\\\/schema\\\/person\\\/729ee0024f24e0b8c5ec17232f8e8b41\"},\"headline\":\"Concours de recrutement de l&rsquo;\u00e9ducation nationale\u00a0:\u00a0536 postes p\u00e9dagogiques pour Annaba\",\"datePublished\":\"2025-12-18T12:55:27+00:00\",\"dateModified\":\"2025-12-18T12:55:28+00:00\",\"mainEntityOfPage\":{\"@id\":\"https:\\\/\\\/lasentinelle.dz\\\/index.php\\\/2025\\\/12\\\/18\\\/concours-de-recrutement-de-leducation-nationale-536-postes-pedagogiques-pour-annaba\\\/\"},\"wordCount\":754,\"commentCount\":0,\"publisher\":{\"@id\":\"https:\\\/\\\/lasentinelle.dz\\\/#organization\"},\"image\":{\"@id\":\"https:\\\/\\\/lasentinelle.dz\\\/index.php\\\/2025\\\/12\\\/18\\\/concours-de-recrutement-de-leducation-nationale-536-postes-pedagogiques-pour-annaba\\\/#primaryimage\"},\"thumbnailUrl\":\"https:\\\/\\\/lasentinelle.dz\\\/wp-content\\\/uploads\\\/2022\\\/12\\\/enseignant.png\",\"articleSection\":[\"R\u00e9gions\"],\"inLanguage\":\"fr-FR\",\"potentialAction\":[{\"@type\":\"CommentAction\",\"name\":\"Comment\",\"target\":[\"https:\\\/\\\/lasentinelle.dz\\\/index.php\\\/2025\\\/12\\\/18\\\/concours-de-recrutement-de-leducation-nationale-536-postes-pedagogiques-pour-annaba\\\/#respond\"]}]},{\"@type\":\"WebPage\",\"@id\":\"https:\\\/\\\/lasentinelle.dz\\\/index.php\\\/2025\\\/12\\\/18\\\/concours-de-recrutement-de-leducation-nationale-536-postes-pedagogiques-pour-annaba\\\/\",\"url\":\"https:\\\/\\\/lasentinelle.dz\\\/index.php\\\/2025\\\/12\\\/18\\\/concours-de-recrutement-de-leducation-nationale-536-postes-pedagogiques-pour-annaba\\\/\",\"name\":\"Concours de recrutement de l&rsquo;\u00e9ducation nationale\u00a0:\u00a0536 postes p\u00e9dagogiques pour Annaba - La Sentinelle\",\"isPartOf\":{\"@id\":\"https:\\\/\\\/lasentinelle.dz\\\/#website\"},\"primaryImageOfPage\":{\"@id\":\"https:\\\/\\\/lasentinelle.dz\\\/index.php\\\/2025\\\/12\\\/18\\\/concours-de-recrutement-de-leducation-nationale-536-postes-pedagogiques-pour-annaba\\\/#primaryimage\"},\"image\":{\"@id\":\"https:\\\/\\\/lasentinelle.dz\\\/index.php\\\/2025\\\/12\\\/18\\\/concours-de-recrutement-de-leducation-nationale-536-postes-pedagogiques-pour-annaba\\\/#primaryimage\"},\"thumbnailUrl\":\"https:\\\/\\\/lasentinelle.dz\\\/wp-content\\\/uploads\\\/2022\\\/12\\\/enseignant.png\",\"datePublished\":\"2025-12-18T12:55:27+00:00\",\"dateModified\":\"2025-12-18T12:55:28+00:00\",\"breadcrumb\":{\"@id\":\"https:\\\/\\\/lasentinelle.dz\\\/index.php\\\/2025\\\/12\\\/18\\\/concours-de-recrutement-de-leducation-nationale-536-postes-pedagogiques-pour-annaba\\\/#breadcrumb\"},\"inLanguage\":\"fr-FR\",\"potentialAction\":[{\"@type\":\"ReadAction\",\"target\":[\"https:\\\/\\\/lasentinelle.dz\\\/index.php\\\/2025\\\/12\\\/18\\\/concours-de-recrutement-de-leducation-nationale-536-postes-pedagogiques-pour-annaba\\\/\"]}]},{\"@type\":\"ImageObject\",\"inLanguage\":\"fr-FR\",\"@id\":\"https:\\\/\\\/lasentinelle.dz\\\/index.php\\\/2025\\\/12\\\/18\\\/concours-de-recrutement-de-leducation-nationale-536-postes-pedagogiques-pour-annaba\\\/#primaryimage\",\"url\":\"https:\\\/\\\/lasentinelle.dz\\\/wp-content\\\/uploads\\\/2022\\\/12\\\/enseignant.png\",\"contentUrl\":\"https:\\\/\\\/lasentinelle.dz\\\/wp-content\\\/uploads\\\/2022\\\/12\\\/enseignant.png\",\"width\":1428,\"height\":900},{\"@type\":\"BreadcrumbList\",\"@id\":\"https:\\\/\\\/lasentinelle.dz\\\/index.php\\\/2025\\\/12\\\/18\\\/concours-de-recrutement-de-leducation-nationale-536-postes-pedagogiques-pour-annaba\\\/#breadcrumb\",\"itemListElement\":[{\"@type\":\"ListItem\",\"position\":1,\"name\":\"Accueil\",\"item\":\"https:\\\/\\\/lasentinelle.dz\\\/\"},{\"@type\":\"ListItem\",\"position\":2,\"name\":\"Concours de recrutement de l&rsquo;\u00e9ducation nationale\u00a0:\u00a0536 postes p\u00e9dagogiques pour Annaba\"}]},{\"@type\":\"WebSite\",\"@id\":\"https:\\\/\\\/lasentinelle.dz\\\/#website\",\"url\":\"https:\\\/\\\/lasentinelle.dz\\\/\",\"name\":\"La Sentinelle\",\"description\":\"Quotidien national d&#039;information\",\"publisher\":{\"@id\":\"https:\\\/\\\/lasentinelle.dz\\\/#organization\"},\"potentialAction\":[{\"@type\":\"SearchAction\",\"target\":{\"@type\":\"EntryPoint\",\"urlTemplate\":\"https:\\\/\\\/lasentinelle.dz\\\/?s={search_term_string}\"},\"query-input\":{\"@type\":\"PropertyValueSpecification\",\"valueRequired\":true,\"valueName\":\"search_term_string\"}}],\"inLanguage\":\"fr-FR\"},{\"@type\":\"Organization\",\"@id\":\"https:\\\/\\\/lasentinelle.dz\\\/#organization\",\"name\":\"Quotidien La Sentinelle\",\"url\":\"https:\\\/\\\/lasentinelle.dz\\\/\",\"logo\":{\"@type\":\"ImageObject\",\"inLanguage\":\"fr-FR\",\"@id\":\"https:\\\/\\\/lasentinelle.dz\\\/#\\\/schema\\\/logo\\\/image\\\/\",\"url\":\"https:\\\/\\\/lasentinelle.dz\\\/wp-content\\\/uploads\\\/2021\\\/09\\\/logo-sentinelleSLOGAN-1.png\",\"contentUrl\":\"https:\\\/\\\/lasentinelle.dz\\\/wp-content\\\/uploads\\\/2021\\\/09\\\/logo-sentinelleSLOGAN-1.png\",\"width\":615,\"height\":142,\"caption\":\"Quotidien La Sentinelle\"},\"image\":{\"@id\":\"https:\\\/\\\/lasentinelle.dz\\\/#\\\/schema\\\/logo\\\/image\\\/\"},\"sameAs\":[\"https:\\\/\\\/www.facebook.com\\\/La-Sentinelle-104059864394773\"]},{\"@type\":\"Person\",\"@id\":\"https:\\\/\\\/lasentinelle.dz\\\/#\\\/schema\\\/person\\\/729ee0024f24e0b8c5ec17232f8e8b41\",\"name\":\"admin\",\"image\":{\"@type\":\"ImageObject\",\"inLanguage\":\"fr-FR\",\"@id\":\"https:\\\/\\\/secure.gravatar.com\\\/avatar\\\/4c81fed838786e9b53f540bf46533e750f5d292099ae3b66cfc6fb1982e29df7?s=96&d=mm&r=g\",\"url\":\"https:\\\/\\\/secure.gravatar.com\\\/avatar\\\/4c81fed838786e9b53f540bf46533e750f5d292099ae3b66cfc6fb1982e29df7?s=96&d=mm&r=g\",\"contentUrl\":\"https:\\\/\\\/secure.gravatar.com\\\/avatar\\\/4c81fed838786e9b53f540bf46533e750f5d292099ae3b66cfc6fb1982e29df7?s=96&d=mm&r=g\",\"caption\":\"admin\"},\"description\":\"admin\",\"url\":\"https:\\\/\\\/lasentinelle.dz\\\/author\\\/admin\\\/\"}]}<\/script>\n<!-- \/ Yoast SEO plugin. -->","yoast_head_json":{"title":"Concours de recrutement de l&rsquo;\u00e9ducation nationale\u00a0:\u00a0536 postes p\u00e9dagogiques pour Annaba - La Sentinelle","robots":{"index":"index","follow":"follow","max-snippet":"max-snippet:-1","max-image-preview":"max-image-preview:large","max-video-preview":"max-video-preview:-1"},"canonical":"https:\/\/lasentinelle.dz\/index.php\/2025\/12\/18\/concours-de-recrutement-de-leducation-nationale-536-postes-pedagogiques-pour-annaba\/","og_locale":"fr_FR","og_type":"article","og_title":"Concours de recrutement de l&rsquo;\u00e9ducation nationale\u00a0:\u00a0536 postes p\u00e9dagogiques pour Annaba - La Sentinelle","og_description":"Le quota s&rsquo;inscrit dans le cadre du concours organis\u00e9 par le minist\u00e8re de l&rsquo;\u00c9ducation nationale afin de r\u00e9pondre aux besoins","og_url":"https:\/\/lasentinelle.dz\/index.php\/2025\/12\/18\/concours-de-recrutement-de-leducation-nationale-536-postes-pedagogiques-pour-annaba\/","og_site_name":"La Sentinelle","article_publisher":"https:\/\/www.facebook.com\/La-Sentinelle-104059864394773","article_published_time":"2025-12-18T12:55:27+00:00","article_modified_time":"2025-12-18T12:55:28+00:00","og_image":[{"width":1428,"height":900,"url":"https:\/\/lasentinelle.dz\/wp-content\/uploads\/2022\/12\/enseignant.png","type":"image\/png"}],"author":"admin","twitter_card":"summary_large_image","twitter_misc":{"\u00c9crit par":"admin","Dur\u00e9e de lecture estim\u00e9e":"4 minutes"},"schema":{"@context":"https:\/\/schema.org","@graph":[{"@type":"Article","@id":"https:\/\/lasentinelle.dz\/index.php\/2025\/12\/18\/concours-de-recrutement-de-leducation-nationale-536-postes-pedagogiques-pour-annaba\/#article","isPartOf":{"@id":"https:\/\/lasentinelle.dz\/index.php\/2025\/12\/18\/concours-de-recrutement-de-leducation-nationale-536-postes-pedagogiques-pour-annaba\/"},"author":{"name":"admin","@id":"https:\/\/lasentinelle.dz\/#\/schema\/person\/729ee0024f24e0b8c5ec17232f8e8b41"},"headline":"Concours de recrutement de l&rsquo;\u00e9ducation nationale\u00a0:\u00a0536 postes p\u00e9dagogiques pour Annaba","datePublished":"2025-12-18T12:55:27+00:00","dateModified":"2025-12-18T12:55:28+00:00","mainEntityOfPage":{"@id":"https:\/\/lasentinelle.dz\/index.php\/2025\/12\/18\/concours-de-recrutement-de-leducation-nationale-536-postes-pedagogiques-pour-annaba\/"},"wordCount":754,"commentCount":0,"publisher":{"@id":"https:\/\/lasentinelle.dz\/#organization"},"image":{"@id":"https:\/\/lasentinelle.dz\/index.php\/2025\/12\/18\/concours-de-recrutement-de-leducation-nationale-536-postes-pedagogiques-pour-annaba\/#primaryimage"},"thumbnailUrl":"https:\/\/lasentinelle.dz\/wp-content\/uploads\/2022\/12\/enseignant.png","articleSection":["R\u00e9gions"],"inLanguage":"fr-FR","potentialAction":[{"@type":"CommentAction","name":"Comment","target":["https:\/\/lasentinelle.dz\/index.php\/2025\/12\/18\/concours-de-recrutement-de-leducation-nationale-536-postes-pedagogiques-pour-annaba\/#respond"]}]},{"@type":"WebPage","@id":"https:\/\/lasentinelle.dz\/index.php\/2025\/12\/18\/concours-de-recrutement-de-leducation-nationale-536-postes-pedagogiques-pour-annaba\/","url":"https:\/\/lasentinelle.dz\/index.php\/2025\/12\/18\/concours-de-recrutement-de-leducation-nationale-536-postes-pedagogiques-pour-annaba\/","name":"Concours de recrutement de l&rsquo;\u00e9ducation nationale\u00a0:\u00a0536 postes p\u00e9dagogiques pour Annaba - La Sentinelle","isPartOf":{"@id":"https:\/\/lasentinelle.dz\/#website"},"primaryImageOfPage":{"@id":"https:\/\/lasentinelle.dz\/index.php\/2025\/12\/18\/concours-de-recrutement-de-leducation-nationale-536-postes-pedagogiques-pour-annaba\/#primaryimage"},"image":{"@id":"https:\/\/lasentinelle.dz\/index.php\/2025\/12\/18\/concours-de-recrutement-de-leducation-nationale-536-postes-pedagogiques-pour-annaba\/#primaryimage"},"thumbnailUrl":"https:\/\/lasentinelle.dz\/wp-content\/uploads\/2022\/12\/enseignant.png","datePublished":"2025-12-18T12:55:27+00:00","dateModified":"2025-12-18T12:55:28+00:00","breadcrumb":{"@id":"https:\/\/lasentinelle.dz\/index.php\/2025\/12\/18\/concours-de-recrutement-de-leducation-nationale-536-postes-pedagogiques-pour-annaba\/#breadcrumb"},"inLanguage":"fr-FR","potentialAction":[{"@type":"ReadAction","target":["https:\/\/lasentinelle.dz\/index.php\/2025\/12\/18\/concours-de-recrutement-de-leducation-nationale-536-postes-pedagogiques-pour-annaba\/"]}]},{"@type":"ImageObject","inLanguage":"fr-FR","@id":"https:\/\/lasentinelle.dz\/index.php\/2025\/12\/18\/concours-de-recrutement-de-leducation-nationale-536-postes-pedagogiques-pour-annaba\/#primaryimage","url":"https:\/\/lasentinelle.dz\/wp-content\/uploads\/2022\/12\/enseignant.png","contentUrl":"https:\/\/lasentinelle.dz\/wp-content\/uploads\/2022\/12\/enseignant.png","width":1428,"height":900},{"@type":"BreadcrumbList","@id":"https:\/\/lasentinelle.dz\/index.php\/2025\/12\/18\/concours-de-recrutement-de-leducation-nationale-536-postes-pedagogiques-pour-annaba\/#breadcrumb","itemListElement":[{"@type":"ListItem","position":1,"name":"Accueil","item":"https:\/\/lasentinelle.dz\/"},{"@type":"ListItem","position":2,"name":"Concours de recrutement de l&rsquo;\u00e9ducation nationale\u00a0:\u00a0536 postes p\u00e9dagogiques pour Annaba"}]},{"@type":"WebSite","@id":"https:\/\/lasentinelle.dz\/#website","url":"https:\/\/lasentinelle.dz\/","name":"La Sentinelle","description":"Quotidien national d&#039;information","publisher":{"@id":"https:\/\/lasentinelle.dz\/#organization"},"potentialAction":[{"@type":"SearchAction","target":{"@type":"EntryPoint","urlTemplate":"https:\/\/lasentinelle.dz\/?s={search_term_string}"},"query-input":{"@type":"PropertyValueSpecification","valueRequired":true,"valueName":"search_term_string"}}],"inLanguage":"fr-FR"},{"@type":"Organization","@id":"https:\/\/lasentinelle.dz\/#organization","name":"Quotidien La Sentinelle","url":"https:\/\/lasentinelle.dz\/","logo":{"@type":"ImageObject","inLanguage":"fr-FR","@id":"https:\/\/lasentinelle.dz\/#\/schema\/logo\/image\/","url":"https:\/\/lasentinelle.dz\/wp-content\/uploads\/2021\/09\/logo-sentinelleSLOGAN-1.png","contentUrl":"https:\/\/lasentinelle.dz\/wp-content\/uploads\/2021\/09\/logo-sentinelleSLOGAN-1.png","width":615,"height":142,"caption":"Quotidien La Sentinelle"},"image":{"@id":"https:\/\/lasentinelle.dz\/#\/schema\/logo\/image\/"},"sameAs":["https:\/\/www.facebook.com\/La-Sentinelle-104059864394773"]},{"@type":"Person","@id":"https:\/\/lasentinelle.dz\/#\/schema\/person\/729ee0024f24e0b8c5ec17232f8e8b41","name":"admin","image":{"@type":"ImageObject","inLanguage":"fr-FR","@id":"https:\/\/secure.gravatar.com\/avatar\/4c81fed838786e9b53f540bf46533e750f5d292099ae3b66cfc6fb1982e29df7?s=96&d=mm&r=g","url":"https:\/\/secure.gravatar.com\/avatar\/4c81fed838786e9b53f540bf46533e750f5d292099ae3b66cfc6fb1982e29df7?s=96&d=mm&r=g","contentUrl":"https:\/\/secure.gravatar.com\/avatar\/4c81fed838786e9b53f540bf46533e750f5d292099ae3b66cfc6fb1982e29df7?s=96&d=mm&r=g","caption":"admin"},"description":"admin","url":"https:\/\/lasentinelle.dz\/author\/admin\/"}]}},"_links":{"self":[{"href":"https:\/\/lasentinelle.dz\/index.php\/wp-json\/wp\/v2\/posts\/77994","targetHints":{"allow":["GET"]}}],"collection":[{"href":"https:\/\/lasentinelle.dz\/index.php\/wp-json\/wp\/v2\/posts"}],"about":[{"href":"https:\/\/lasentinelle.dz\/index.php\/wp-json\/wp\/v2\/types\/post"}],"author":[{"embeddable":true,"href":"https:\/\/lasentinelle.dz\/index.php\/wp-json\/wp\/v2\/users\/6"}],"replies":[{"embeddable":true,"href":"https:\/\/lasentinelle.dz\/index.php\/wp-json\/wp\/v2\/comments?post=77994"}],"version-history":[{"count":2,"href":"https:\/\/lasentinelle.dz\/index.php\/wp-json\/wp\/v2\/posts\/77994\/revisions"}],"predecessor-version":[{"id":77996,"href":"https:\/\/lasentinelle.dz\/index.php\/wp-json\/wp\/v2\/posts\/77994\/revisions\/77996"}],"wp:featuredmedia":[{"embeddable":true,"href":"https:\/\/lasentinelle.dz\/index.php\/wp-json\/wp\/v2\/media\/33382"}],"wp:attachment":[{"href":"https:\/\/lasentinelle.dz\/index.php\/wp-json\/wp\/v2\/media?parent=77994"}],"wp:term":[{"taxonomy":"category","embeddable":true,"href":"https:\/\/lasentinelle.dz\/index.php\/wp-json\/wp\/v2\/categories?post=77994"},{"taxonomy":"post_tag","embeddable":true,"href":"https:\/\/lasentinelle.dz\/index.php\/wp-json\/wp\/v2\/tags?post=77994"}],"curies":[{"name":"wp","href":"https:\/\/api.w.org\/{rel}","templated":true}]}}