{"id":780,"date":"2021-07-11T16:00:28","date_gmt":"2021-07-11T15:00:28","guid":{"rendered":"https:\/\/lasentinelle.dz\/?p=780"},"modified":"2021-07-11T16:00:49","modified_gmt":"2021-07-11T15:00:49","slug":"programme-de-rationalisation-de-la-consommation-de-leau","status":"publish","type":"post","link":"https:\/\/lasentinelle.dz\/index.php\/2021\/07\/11\/programme-de-rationalisation-de-la-consommation-de-leau\/","title":{"rendered":"Programme de rationalisation de la consommation de l\u2019eau"},"content":{"rendered":"\n<p><strong>Tissemsilt<\/strong><\/p>\n\n\n\n<p>L\u2019unit\u00e9 de la wilaya de Tissemsilt de l\u2019Alg\u00e9rienne des eaux (ADE) a lanc\u00e9 un programme sp\u00e9cial visant \u00e0 rationaliser la consommation de l\u2019eau potable durant la p\u00e9riode d&rsquo;\u00e9t\u00e9, suite \u00e0 la baisse du volume des ouvrages approvisionnant la r\u00e9gion. Le programme trac\u00e9 au niveau de la direction des ressources en eau de la wilaya, englobe la r\u00e9duction du volume horaire de distribution de l\u2019eau potable aux communes de la wilaya de 24 heures \u00e0 8 heures par jour pour six communes, \u00e0 6 heures pour huit autres communes et \u00e0 4 heures pour 8 autres, a affirm\u00e9 \u00e0 l&rsquo;APS le directeur d&rsquo;unit\u00e9, Khaled Guellil. Par ailleurs, le ratio quotidien par personne diminuera de 170 litres par jour l&rsquo;an dernier \u00e0 100 l\/j, a-t-on ajout\u00e9, soulignant que ce programme est venu rationaliser la distribution et \u00e9conomiser l\u2019eau suite \u00e0 la baisse sensible du niveau des barrages \u00ab\u00a0Koudiet Rosfa\u00a0\u00bb dans la commune de Beni Cha\u00efb et \u00ab\u00a0Derder\u00a0\u00bb (A\u00efn Defla) qui assurent l\u2019approvisionnement des 22 communes de la wilaya, de Tissemsilt et la diminution des eaux de souterraines dans la commune de Recha\u00efga (Tiaret) qui alimente le chef-lieu de wilaya de Tissemsilt.<\/p>\n\n\n\n<p>Le m\u00eame responsable a soulign\u00e9 que la quantit\u00e9 d\u2019eau potable produite actuellement \u00e0 partir des ouvrages destin\u00e9s \u00e0 l\u2019alimentation des populations de la wilaya de Tissemsilt a atteint globalement 51.000 m\u00e8tres cubes par jour, alors que les besoins des habitants de la wilaya sont estim\u00e9s \u00e0 54.000 m3 par jour. Le m\u00eame programme pr\u00e9voit le lancement d\u2019une vaste campagne de sensibilisation pour lutter contre le gaspillage de l\u2019eau durant la p\u00e9riode des chaleurs \u00e0 travers des affiches dans les lieux publics et des conseils sur la page officielle de l\u2019unit\u00e9 de wilaya de l&rsquo;ADE sur le web. D\u2019autre part, cette unit\u00e9 a pris une batterie de mesures pour la saison estivale comportant la mobilisation de trois (3) \u00e9quipes techniques au niveau central relevant des da\u00efras de Tissemsilt, Theniet El Had et de Bordj Bou Naama, pour intervenir en cas de coupures et de perturbation dans la distribution d&rsquo;eau, ainsi que pour des op\u00e9rations d\u2019assainissement, de nettoiement et de maintenance des infrastructures hydrauliques dont les r\u00e9servoirs et les stations de traitement et d\u2019\u00e9puration des eaux us\u00e9es (STEP).<\/p>\n\n\n\n<p>APS<\/p>\n","protected":false},"excerpt":{"rendered":"<p>Tissemsilt L\u2019unit\u00e9 de la wilaya de Tissemsilt de l\u2019Alg\u00e9rienne des eaux (ADE) a lanc\u00e9 un programme sp\u00e9cial visant \u00e0 rationaliser<\/p>\n","protected":false},"author":3,"featured_media":781,"comment_status":"open","ping_status":"closed","sticky":false,"template":"","format":"standard","meta":{"colormag_page_container_layout":"default_layout","colormag_page_sidebar_layout":"default_layout","om_disable_all_campaigns":false,"_monsterinsights_skip_tracking":false,"_monsterinsights_sitenote_active":false,"_monsterinsights_sitenote_note":"","_monsterinsights_sitenote_category":0,"footnotes":"","_wpscppro_dont_share_socialmedia":false,"_wpscppro_custom_social_share_image":0,"_facebook_share_type":"","_twitter_share_type":"","_linkedin_share_type":"","_pinterest_share_type":"","_linkedin_share_type_page":"","_instagram_share_type":"","_medium_share_type":"","_threads_share_type":"","_google_business_share_type":"","_selected_social_profile":[],"_wpsp_enable_custom_social_template":false,"_wpsp_social_scheduling":{"enabled":false,"datetime":null,"platforms":[],"status":"template_only","dateOption":"today","timeOption":"now","customDays":"","customHours":"","customDate":"","customTime":"","schedulingType":"absolute"},"_wpsp_active_default_template":true},"categories":[31],"tags":[],"class_list":["post-780","post","type-post","status-publish","format-standard","has-post-thumbnail","hentry","category-regions"],"aioseo_notices":[],"yoast_head":"<!-- This site is optimized with the Yoast SEO plugin v27.5 - https:\/\/yoast.com\/product\/yoast-seo-wordpress\/ -->\n<title>Programme de rationalisation de la consommation de l\u2019eau - La Sentinelle<\/title>\n<meta name=\"robots\" content=\"index, follow, max-snippet:-1, max-image-preview:large, max-video-preview:-1\" \/>\n<link rel=\"canonical\" href=\"https:\/\/lasentinelle.dz\/index.php\/2021\/07\/11\/programme-de-rationalisation-de-la-consommation-de-leau\/\" \/>\n<meta property=\"og:locale\" content=\"fr_FR\" \/>\n<meta property=\"og:type\" content=\"article\" \/>\n<meta property=\"og:title\" content=\"Programme de rationalisation de la consommation de l\u2019eau - La Sentinelle\" \/>\n<meta property=\"og:description\" content=\"Tissemsilt L\u2019unit\u00e9 de la wilaya de Tissemsilt de l\u2019Alg\u00e9rienne des eaux (ADE) a lanc\u00e9 un programme sp\u00e9cial visant \u00e0 rationaliser\" \/>\n<meta property=\"og:url\" content=\"https:\/\/lasentinelle.dz\/index.php\/2021\/07\/11\/programme-de-rationalisation-de-la-consommation-de-leau\/\" \/>\n<meta property=\"og:site_name\" content=\"La Sentinelle\" \/>\n<meta property=\"article:publisher\" content=\"https:\/\/www.facebook.com\/La-Sentinelle-104059864394773\" \/>\n<meta property=\"article:published_time\" content=\"2021-07-11T15:00:28+00:00\" \/>\n<meta property=\"article:modified_time\" content=\"2021-07-11T15:00:49+00:00\" \/>\n<meta property=\"og:image\" content=\"https:\/\/lasentinelle.dz\/wp-content\/uploads\/2021\/07\/dfcb87f95fbc22d4c68800ff20aad00a_M.jpg\" \/>\n\t<meta property=\"og:image:width\" content=\"580\" \/>\n\t<meta property=\"og:image:height\" content=\"350\" \/>\n\t<meta property=\"og:image:type\" content=\"image\/jpeg\" \/>\n<meta name=\"author\" content=\"La Sentinelle\" \/>\n<meta name=\"twitter:card\" content=\"summary_large_image\" \/>\n<meta name=\"twitter:label1\" content=\"\u00c9crit par\" \/>\n\t<meta name=\"twitter:data1\" content=\"La Sentinelle\" \/>\n\t<meta name=\"twitter:label2\" content=\"Dur\u00e9e de lecture estim\u00e9e\" \/>\n\t<meta name=\"twitter:data2\" content=\"2 minutes\" \/>\n<script type=\"application\/ld+json\" class=\"yoast-schema-graph\">{\"@context\":\"https:\\\/\\\/schema.org\",\"@graph\":[{\"@type\":\"Article\",\"@id\":\"https:\\\/\\\/lasentinelle.dz\\\/index.php\\\/2021\\\/07\\\/11\\\/programme-de-rationalisation-de-la-consommation-de-leau\\\/#article\",\"isPartOf\":{\"@id\":\"https:\\\/\\\/lasentinelle.dz\\\/index.php\\\/2021\\\/07\\\/11\\\/programme-de-rationalisation-de-la-consommation-de-leau\\\/\"},\"author\":{\"name\":\"La Sentinelle\",\"@id\":\"https:\\\/\\\/lasentinelle.dz\\\/#\\\/schema\\\/person\\\/d865044e22e70a75174ce8bcad3acfb3\"},\"headline\":\"Programme de rationalisation de la consommation de l\u2019eau\",\"datePublished\":\"2021-07-11T15:00:28+00:00\",\"dateModified\":\"2021-07-11T15:00:49+00:00\",\"mainEntityOfPage\":{\"@id\":\"https:\\\/\\\/lasentinelle.dz\\\/index.php\\\/2021\\\/07\\\/11\\\/programme-de-rationalisation-de-la-consommation-de-leau\\\/\"},\"wordCount\":393,\"commentCount\":0,\"publisher\":{\"@id\":\"https:\\\/\\\/lasentinelle.dz\\\/#organization\"},\"image\":{\"@id\":\"https:\\\/\\\/lasentinelle.dz\\\/index.php\\\/2021\\\/07\\\/11\\\/programme-de-rationalisation-de-la-consommation-de-leau\\\/#primaryimage\"},\"thumbnailUrl\":\"https:\\\/\\\/lasentinelle.dz\\\/wp-content\\\/uploads\\\/2021\\\/07\\\/dfcb87f95fbc22d4c68800ff20aad00a_M.jpg\",\"articleSection\":[\"R\u00e9gions\"],\"inLanguage\":\"fr-FR\",\"potentialAction\":[{\"@type\":\"CommentAction\",\"name\":\"Comment\",\"target\":[\"https:\\\/\\\/lasentinelle.dz\\\/index.php\\\/2021\\\/07\\\/11\\\/programme-de-rationalisation-de-la-consommation-de-leau\\\/#respond\"]}]},{\"@type\":\"WebPage\",\"@id\":\"https:\\\/\\\/lasentinelle.dz\\\/index.php\\\/2021\\\/07\\\/11\\\/programme-de-rationalisation-de-la-consommation-de-leau\\\/\",\"url\":\"https:\\\/\\\/lasentinelle.dz\\\/index.php\\\/2021\\\/07\\\/11\\\/programme-de-rationalisation-de-la-consommation-de-leau\\\/\",\"name\":\"Programme de rationalisation de la consommation de l\u2019eau - La Sentinelle\",\"isPartOf\":{\"@id\":\"https:\\\/\\\/lasentinelle.dz\\\/#website\"},\"primaryImageOfPage\":{\"@id\":\"https:\\\/\\\/lasentinelle.dz\\\/index.php\\\/2021\\\/07\\\/11\\\/programme-de-rationalisation-de-la-consommation-de-leau\\\/#primaryimage\"},\"image\":{\"@id\":\"https:\\\/\\\/lasentinelle.dz\\\/index.php\\\/2021\\\/07\\\/11\\\/programme-de-rationalisation-de-la-consommation-de-leau\\\/#primaryimage\"},\"thumbnailUrl\":\"https:\\\/\\\/lasentinelle.dz\\\/wp-content\\\/uploads\\\/2021\\\/07\\\/dfcb87f95fbc22d4c68800ff20aad00a_M.jpg\",\"datePublished\":\"2021-07-11T15:00:28+00:00\",\"dateModified\":\"2021-07-11T15:00:49+00:00\",\"breadcrumb\":{\"@id\":\"https:\\\/\\\/lasentinelle.dz\\\/index.php\\\/2021\\\/07\\\/11\\\/programme-de-rationalisation-de-la-consommation-de-leau\\\/#breadcrumb\"},\"inLanguage\":\"fr-FR\",\"potentialAction\":[{\"@type\":\"ReadAction\",\"target\":[\"https:\\\/\\\/lasentinelle.dz\\\/index.php\\\/2021\\\/07\\\/11\\\/programme-de-rationalisation-de-la-consommation-de-leau\\\/\"]}]},{\"@type\":\"ImageObject\",\"inLanguage\":\"fr-FR\",\"@id\":\"https:\\\/\\\/lasentinelle.dz\\\/index.php\\\/2021\\\/07\\\/11\\\/programme-de-rationalisation-de-la-consommation-de-leau\\\/#primaryimage\",\"url\":\"https:\\\/\\\/lasentinelle.dz\\\/wp-content\\\/uploads\\\/2021\\\/07\\\/dfcb87f95fbc22d4c68800ff20aad00a_M.jpg\",\"contentUrl\":\"https:\\\/\\\/lasentinelle.dz\\\/wp-content\\\/uploads\\\/2021\\\/07\\\/dfcb87f95fbc22d4c68800ff20aad00a_M.jpg\",\"width\":580,\"height\":350},{\"@type\":\"BreadcrumbList\",\"@id\":\"https:\\\/\\\/lasentinelle.dz\\\/index.php\\\/2021\\\/07\\\/11\\\/programme-de-rationalisation-de-la-consommation-de-leau\\\/#breadcrumb\",\"itemListElement\":[{\"@type\":\"ListItem\",\"position\":1,\"name\":\"Accueil\",\"item\":\"https:\\\/\\\/lasentinelle.dz\\\/\"},{\"@type\":\"ListItem\",\"position\":2,\"name\":\"Programme de rationalisation de la consommation de l\u2019eau\"}]},{\"@type\":\"WebSite\",\"@id\":\"https:\\\/\\\/lasentinelle.dz\\\/#website\",\"url\":\"https:\\\/\\\/lasentinelle.dz\\\/\",\"name\":\"La Sentinelle\",\"description\":\"Quotidien national d&#039;information\",\"publisher\":{\"@id\":\"https:\\\/\\\/lasentinelle.dz\\\/#organization\"},\"potentialAction\":[{\"@type\":\"SearchAction\",\"target\":{\"@type\":\"EntryPoint\",\"urlTemplate\":\"https:\\\/\\\/lasentinelle.dz\\\/?s={search_term_string}\"},\"query-input\":{\"@type\":\"PropertyValueSpecification\",\"valueRequired\":true,\"valueName\":\"search_term_string\"}}],\"inLanguage\":\"fr-FR\"},{\"@type\":\"Organization\",\"@id\":\"https:\\\/\\\/lasentinelle.dz\\\/#organization\",\"name\":\"Quotidien La Sentinelle\",\"url\":\"https:\\\/\\\/lasentinelle.dz\\\/\",\"logo\":{\"@type\":\"ImageObject\",\"inLanguage\":\"fr-FR\",\"@id\":\"https:\\\/\\\/lasentinelle.dz\\\/#\\\/schema\\\/logo\\\/image\\\/\",\"url\":\"https:\\\/\\\/lasentinelle.dz\\\/wp-content\\\/uploads\\\/2021\\\/09\\\/logo-sentinelleSLOGAN-1.png\",\"contentUrl\":\"https:\\\/\\\/lasentinelle.dz\\\/wp-content\\\/uploads\\\/2021\\\/09\\\/logo-sentinelleSLOGAN-1.png\",\"width\":615,\"height\":142,\"caption\":\"Quotidien La Sentinelle\"},\"image\":{\"@id\":\"https:\\\/\\\/lasentinelle.dz\\\/#\\\/schema\\\/logo\\\/image\\\/\"},\"sameAs\":[\"https:\\\/\\\/www.facebook.com\\\/La-Sentinelle-104059864394773\"]},{\"@type\":\"Person\",\"@id\":\"https:\\\/\\\/lasentinelle.dz\\\/#\\\/schema\\\/person\\\/d865044e22e70a75174ce8bcad3acfb3\",\"name\":\"La Sentinelle\",\"image\":{\"@type\":\"ImageObject\",\"inLanguage\":\"fr-FR\",\"@id\":\"https:\\\/\\\/secure.gravatar.com\\\/avatar\\\/57de8e5d4b15d43fb361a71fbb36338450fe67865b528a43dd10ef7c51a20392?s=96&d=mm&r=g\",\"url\":\"https:\\\/\\\/secure.gravatar.com\\\/avatar\\\/57de8e5d4b15d43fb361a71fbb36338450fe67865b528a43dd10ef7c51a20392?s=96&d=mm&r=g\",\"contentUrl\":\"https:\\\/\\\/secure.gravatar.com\\\/avatar\\\/57de8e5d4b15d43fb361a71fbb36338450fe67865b528a43dd10ef7c51a20392?s=96&d=mm&r=g\",\"caption\":\"La Sentinelle\"},\"sameAs\":[\"http:\\\/\\\/www.lasentinelle.dz\"],\"url\":\"https:\\\/\\\/lasentinelle.dz\\\/author\\\/redaction\\\/\"}]}<\/script>\n<!-- \/ Yoast SEO plugin. -->","yoast_head_json":{"title":"Programme de rationalisation de la consommation de l\u2019eau - La Sentinelle","robots":{"index":"index","follow":"follow","max-snippet":"max-snippet:-1","max-image-preview":"max-image-preview:large","max-video-preview":"max-video-preview:-1"},"canonical":"https:\/\/lasentinelle.dz\/index.php\/2021\/07\/11\/programme-de-rationalisation-de-la-consommation-de-leau\/","og_locale":"fr_FR","og_type":"article","og_title":"Programme de rationalisation de la consommation de l\u2019eau - La Sentinelle","og_description":"Tissemsilt L\u2019unit\u00e9 de la wilaya de Tissemsilt de l\u2019Alg\u00e9rienne des eaux (ADE) a lanc\u00e9 un programme sp\u00e9cial visant \u00e0 rationaliser","og_url":"https:\/\/lasentinelle.dz\/index.php\/2021\/07\/11\/programme-de-rationalisation-de-la-consommation-de-leau\/","og_site_name":"La Sentinelle","article_publisher":"https:\/\/www.facebook.com\/La-Sentinelle-104059864394773","article_published_time":"2021-07-11T15:00:28+00:00","article_modified_time":"2021-07-11T15:00:49+00:00","og_image":[{"width":580,"height":350,"url":"https:\/\/lasentinelle.dz\/wp-content\/uploads\/2021\/07\/dfcb87f95fbc22d4c68800ff20aad00a_M.jpg","type":"image\/jpeg"}],"author":"La Sentinelle","twitter_card":"summary_large_image","twitter_misc":{"\u00c9crit par":"La Sentinelle","Dur\u00e9e de lecture estim\u00e9e":"2 minutes"},"schema":{"@context":"https:\/\/schema.org","@graph":[{"@type":"Article","@id":"https:\/\/lasentinelle.dz\/index.php\/2021\/07\/11\/programme-de-rationalisation-de-la-consommation-de-leau\/#article","isPartOf":{"@id":"https:\/\/lasentinelle.dz\/index.php\/2021\/07\/11\/programme-de-rationalisation-de-la-consommation-de-leau\/"},"author":{"name":"La Sentinelle","@id":"https:\/\/lasentinelle.dz\/#\/schema\/person\/d865044e22e70a75174ce8bcad3acfb3"},"headline":"Programme de rationalisation de la consommation de l\u2019eau","datePublished":"2021-07-11T15:00:28+00:00","dateModified":"2021-07-11T15:00:49+00:00","mainEntityOfPage":{"@id":"https:\/\/lasentinelle.dz\/index.php\/2021\/07\/11\/programme-de-rationalisation-de-la-consommation-de-leau\/"},"wordCount":393,"commentCount":0,"publisher":{"@id":"https:\/\/lasentinelle.dz\/#organization"},"image":{"@id":"https:\/\/lasentinelle.dz\/index.php\/2021\/07\/11\/programme-de-rationalisation-de-la-consommation-de-leau\/#primaryimage"},"thumbnailUrl":"https:\/\/lasentinelle.dz\/wp-content\/uploads\/2021\/07\/dfcb87f95fbc22d4c68800ff20aad00a_M.jpg","articleSection":["R\u00e9gions"],"inLanguage":"fr-FR","potentialAction":[{"@type":"CommentAction","name":"Comment","target":["https:\/\/lasentinelle.dz\/index.php\/2021\/07\/11\/programme-de-rationalisation-de-la-consommation-de-leau\/#respond"]}]},{"@type":"WebPage","@id":"https:\/\/lasentinelle.dz\/index.php\/2021\/07\/11\/programme-de-rationalisation-de-la-consommation-de-leau\/","url":"https:\/\/lasentinelle.dz\/index.php\/2021\/07\/11\/programme-de-rationalisation-de-la-consommation-de-leau\/","name":"Programme de rationalisation de la consommation de l\u2019eau - La Sentinelle","isPartOf":{"@id":"https:\/\/lasentinelle.dz\/#website"},"primaryImageOfPage":{"@id":"https:\/\/lasentinelle.dz\/index.php\/2021\/07\/11\/programme-de-rationalisation-de-la-consommation-de-leau\/#primaryimage"},"image":{"@id":"https:\/\/lasentinelle.dz\/index.php\/2021\/07\/11\/programme-de-rationalisation-de-la-consommation-de-leau\/#primaryimage"},"thumbnailUrl":"https:\/\/lasentinelle.dz\/wp-content\/uploads\/2021\/07\/dfcb87f95fbc22d4c68800ff20aad00a_M.jpg","datePublished":"2021-07-11T15:00:28+00:00","dateModified":"2021-07-11T15:00:49+00:00","breadcrumb":{"@id":"https:\/\/lasentinelle.dz\/index.php\/2021\/07\/11\/programme-de-rationalisation-de-la-consommation-de-leau\/#breadcrumb"},"inLanguage":"fr-FR","potentialAction":[{"@type":"ReadAction","target":["https:\/\/lasentinelle.dz\/index.php\/2021\/07\/11\/programme-de-rationalisation-de-la-consommation-de-leau\/"]}]},{"@type":"ImageObject","inLanguage":"fr-FR","@id":"https:\/\/lasentinelle.dz\/index.php\/2021\/07\/11\/programme-de-rationalisation-de-la-consommation-de-leau\/#primaryimage","url":"https:\/\/lasentinelle.dz\/wp-content\/uploads\/2021\/07\/dfcb87f95fbc22d4c68800ff20aad00a_M.jpg","contentUrl":"https:\/\/lasentinelle.dz\/wp-content\/uploads\/2021\/07\/dfcb87f95fbc22d4c68800ff20aad00a_M.jpg","width":580,"height":350},{"@type":"BreadcrumbList","@id":"https:\/\/lasentinelle.dz\/index.php\/2021\/07\/11\/programme-de-rationalisation-de-la-consommation-de-leau\/#breadcrumb","itemListElement":[{"@type":"ListItem","position":1,"name":"Accueil","item":"https:\/\/lasentinelle.dz\/"},{"@type":"ListItem","position":2,"name":"Programme de rationalisation de la consommation de l\u2019eau"}]},{"@type":"WebSite","@id":"https:\/\/lasentinelle.dz\/#website","url":"https:\/\/lasentinelle.dz\/","name":"La Sentinelle","description":"Quotidien national d&#039;information","publisher":{"@id":"https:\/\/lasentinelle.dz\/#organization"},"potentialAction":[{"@type":"SearchAction","target":{"@type":"EntryPoint","urlTemplate":"https:\/\/lasentinelle.dz\/?s={search_term_string}"},"query-input":{"@type":"PropertyValueSpecification","valueRequired":true,"valueName":"search_term_string"}}],"inLanguage":"fr-FR"},{"@type":"Organization","@id":"https:\/\/lasentinelle.dz\/#organization","name":"Quotidien La Sentinelle","url":"https:\/\/lasentinelle.dz\/","logo":{"@type":"ImageObject","inLanguage":"fr-FR","@id":"https:\/\/lasentinelle.dz\/#\/schema\/logo\/image\/","url":"https:\/\/lasentinelle.dz\/wp-content\/uploads\/2021\/09\/logo-sentinelleSLOGAN-1.png","contentUrl":"https:\/\/lasentinelle.dz\/wp-content\/uploads\/2021\/09\/logo-sentinelleSLOGAN-1.png","width":615,"height":142,"caption":"Quotidien La Sentinelle"},"image":{"@id":"https:\/\/lasentinelle.dz\/#\/schema\/logo\/image\/"},"sameAs":["https:\/\/www.facebook.com\/La-Sentinelle-104059864394773"]},{"@type":"Person","@id":"https:\/\/lasentinelle.dz\/#\/schema\/person\/d865044e22e70a75174ce8bcad3acfb3","name":"La Sentinelle","image":{"@type":"ImageObject","inLanguage":"fr-FR","@id":"https:\/\/secure.gravatar.com\/avatar\/57de8e5d4b15d43fb361a71fbb36338450fe67865b528a43dd10ef7c51a20392?s=96&d=mm&r=g","url":"https:\/\/secure.gravatar.com\/avatar\/57de8e5d4b15d43fb361a71fbb36338450fe67865b528a43dd10ef7c51a20392?s=96&d=mm&r=g","contentUrl":"https:\/\/secure.gravatar.com\/avatar\/57de8e5d4b15d43fb361a71fbb36338450fe67865b528a43dd10ef7c51a20392?s=96&d=mm&r=g","caption":"La Sentinelle"},"sameAs":["http:\/\/www.lasentinelle.dz"],"url":"https:\/\/lasentinelle.dz\/author\/redaction\/"}]}},"_links":{"self":[{"href":"https:\/\/lasentinelle.dz\/index.php\/wp-json\/wp\/v2\/posts\/780","targetHints":{"allow":["GET"]}}],"collection":[{"href":"https:\/\/lasentinelle.dz\/index.php\/wp-json\/wp\/v2\/posts"}],"about":[{"href":"https:\/\/lasentinelle.dz\/index.php\/wp-json\/wp\/v2\/types\/post"}],"author":[{"embeddable":true,"href":"https:\/\/lasentinelle.dz\/index.php\/wp-json\/wp\/v2\/users\/3"}],"replies":[{"embeddable":true,"href":"https:\/\/lasentinelle.dz\/index.php\/wp-json\/wp\/v2\/comments?post=780"}],"version-history":[{"count":1,"href":"https:\/\/lasentinelle.dz\/index.php\/wp-json\/wp\/v2\/posts\/780\/revisions"}],"predecessor-version":[{"id":782,"href":"https:\/\/lasentinelle.dz\/index.php\/wp-json\/wp\/v2\/posts\/780\/revisions\/782"}],"wp:featuredmedia":[{"embeddable":true,"href":"https:\/\/lasentinelle.dz\/index.php\/wp-json\/wp\/v2\/media\/781"}],"wp:attachment":[{"href":"https:\/\/lasentinelle.dz\/index.php\/wp-json\/wp\/v2\/media?parent=780"}],"wp:term":[{"taxonomy":"category","embeddable":true,"href":"https:\/\/lasentinelle.dz\/index.php\/wp-json\/wp\/v2\/categories?post=780"},{"taxonomy":"post_tag","embeddable":true,"href":"https:\/\/lasentinelle.dz\/index.php\/wp-json\/wp\/v2\/tags?post=780"}],"curies":[{"name":"wp","href":"https:\/\/api.w.org\/{rel}","templated":true}]}}