{"id":7806,"date":"2021-09-15T00:01:00","date_gmt":"2021-09-14T23:01:00","guid":{"rendered":"https:\/\/lasentinelle.dz\/?p=7806"},"modified":"2021-09-14T15:53:24","modified_gmt":"2021-09-14T14:53:24","slug":"illizi-plus-de-60-km-delectrification-agricole-realises-cette-annee","status":"publish","type":"post","link":"https:\/\/lasentinelle.dz\/index.php\/2021\/09\/15\/illizi-plus-de-60-km-delectrification-agricole-realises-cette-annee\/","title":{"rendered":"Illizi : Plus de 60 km d\u2019\u00e9lectrification agricole r\u00e9alis\u00e9s cette ann\u00e9e"},"content":{"rendered":"\n<p>Un r\u00e9seau long de 62 km d\u2019\u00e9lectrification agricole a \u00e9t\u00e9 r\u00e9alis\u00e9 cette ann\u00e9e \u00e0 travers les r\u00e9gions et p\u00e9rim\u00e8tres agricoles de la wilaya d\u2019Illizi, a-t-on appris lundi de la direction locale<\/p>\n\n\n\n<p>de la soci\u00e9t\u00e9 alg\u00e9rienne de distribution de l\u2019\u00e9lectricit\u00e9 et du gaz (SADEG).Fruit d\u2019un programme commun entre les secteurs de l\u2019Agriculture et de l\u2019\u00e9nergie pour la promotion des activit\u00e9s agricoles, cette op\u00e9ration, ayant n\u00e9cessit\u00e9 un investissement de 200 millions DA, a permis l\u2019\u00e9lectrification de 28 zones agricoles \u00e0 travers le territoire de la wilaya, a pr\u00e9cis\u00e9 la charg\u00e9e de la communication \u00e0 la SADEG, Zohra Ouadda.L\u2019op\u00e9ration, qui a cibl\u00e9 les p\u00e9rim\u00e8tres agricoles de Belbachir, El-Haloufa, Tin-Teberket, Ain El-Beida et Ain-Bensalem, a donn\u00e9 lieu \u00e9galement \u00e0 la mise en place de 39 transformateurs \u00e9lectriques et de 62 km de r\u00e9seau de moyenne et basse tension en plus de 83 raccordements, a d\u00e9taill\u00e9 Mme. Ouadda.La SADEG fait \u00e9tat \u00e9galement de l\u2019alimentation en \u00e9nergie \u00e9lectrique de quatre p\u00e9rim\u00e8tres et exploitations agricoles au niveau des zones de Tagherghert et Tidjentourt, dans la wilaya de Djanet.L\u2019entreprise \u0153uvre, en coordination avec la direction des services agricoles (DSA), \u00e0 mettre en \u0153uvre un programme d\u2019envergure portant \u00e9lectrification de l\u2019ensemble des zones agricoles, conform\u00e9ment \u00e0 la feuille de route intersectorielle portant promotion des activit\u00e9s agricoles dans la r\u00e9gion et l\u2019encouragement de l\u2019investissement.Dans l\u2019optique de promouvoir les cultures strat\u00e9giques dans la r\u00e9gion, la DSA a proc\u00e9d\u00e9, par ailleurs, \u00e0 la d\u00e9limitation, au niveau des diff\u00e9rentes communes de la wilaya d\u2019Illizi, d\u2019une surface de 3.520 ha pour le d\u00e9veloppement de l\u2019investissement agricole.L\u2019op\u00e9ration vise \u00e0 encourager et accompagner les jeunes porteurs deprojets agricoles, accro\u00eetre la capacit\u00e9 de production, am\u00e9liorer les rendements et atteindre l\u2019autosuffisance locale en divers produits agricoles, selon la m\u00eame source.<\/p>\n\n\n\n<p>APS<\/p>\n","protected":false},"excerpt":{"rendered":"<p>Un r\u00e9seau long de 62 km d\u2019\u00e9lectrification agricole a \u00e9t\u00e9 r\u00e9alis\u00e9 cette ann\u00e9e \u00e0 travers les r\u00e9gions et p\u00e9rim\u00e8tres agricoles<\/p>\n","protected":false},"author":3,"featured_media":7812,"comment_status":"open","ping_status":"closed","sticky":false,"template":"","format":"standard","meta":{"colormag_page_container_layout":"default_layout","colormag_page_sidebar_layout":"default_layout","om_disable_all_campaigns":false,"_monsterinsights_skip_tracking":false,"_monsterinsights_sitenote_active":false,"_monsterinsights_sitenote_note":"","_monsterinsights_sitenote_category":0,"footnotes":"","_wpscppro_dont_share_socialmedia":false,"_wpscppro_custom_social_share_image":0,"_facebook_share_type":"","_twitter_share_type":"","_linkedin_share_type":"","_pinterest_share_type":"","_linkedin_share_type_page":"","_instagram_share_type":"","_medium_share_type":"","_threads_share_type":"","_google_business_share_type":"","_selected_social_profile":[],"_wpsp_enable_custom_social_template":false,"_wpsp_social_scheduling":{"enabled":false,"datetime":null,"platforms":[],"status":"template_only","dateOption":"today","timeOption":"now","customDays":"","customHours":"","customDate":"","customTime":"","schedulingType":"absolute"},"_wpsp_active_default_template":true},"categories":[31],"tags":[],"class_list":["post-7806","post","type-post","status-publish","format-standard","has-post-thumbnail","hentry","category-regions"],"aioseo_notices":[],"yoast_head":"<!-- This site is optimized with the Yoast SEO plugin v27.5 - https:\/\/yoast.com\/product\/yoast-seo-wordpress\/ -->\n<title>Illizi : Plus de 60 km d\u2019\u00e9lectrification agricole r\u00e9alis\u00e9s cette ann\u00e9e - La Sentinelle<\/title>\n<meta name=\"robots\" content=\"index, follow, max-snippet:-1, max-image-preview:large, max-video-preview:-1\" \/>\n<link rel=\"canonical\" href=\"https:\/\/lasentinelle.dz\/index.php\/2021\/09\/15\/illizi-plus-de-60-km-delectrification-agricole-realises-cette-annee\/\" \/>\n<meta property=\"og:locale\" content=\"fr_FR\" \/>\n<meta property=\"og:type\" content=\"article\" \/>\n<meta property=\"og:title\" content=\"Illizi : Plus de 60 km d\u2019\u00e9lectrification agricole r\u00e9alis\u00e9s cette ann\u00e9e - La Sentinelle\" \/>\n<meta property=\"og:description\" content=\"Un r\u00e9seau long de 62 km d\u2019\u00e9lectrification agricole a \u00e9t\u00e9 r\u00e9alis\u00e9 cette ann\u00e9e \u00e0 travers les r\u00e9gions et p\u00e9rim\u00e8tres agricoles\" \/>\n<meta property=\"og:url\" content=\"https:\/\/lasentinelle.dz\/index.php\/2021\/09\/15\/illizi-plus-de-60-km-delectrification-agricole-realises-cette-annee\/\" \/>\n<meta property=\"og:site_name\" content=\"La Sentinelle\" \/>\n<meta property=\"article:publisher\" content=\"https:\/\/www.facebook.com\/La-Sentinelle-104059864394773\" \/>\n<meta property=\"article:published_time\" content=\"2021-09-14T23:01:00+00:00\" \/>\n<meta property=\"og:image\" content=\"https:\/\/lasentinelle.dz\/wp-content\/uploads\/2021\/09\/image_2021-09-14_155315.png\" \/>\n\t<meta property=\"og:image:width\" content=\"512\" \/>\n\t<meta property=\"og:image:height\" content=\"311\" \/>\n\t<meta property=\"og:image:type\" content=\"image\/png\" \/>\n<meta name=\"author\" content=\"La Sentinelle\" \/>\n<meta name=\"twitter:card\" content=\"summary_large_image\" \/>\n<meta name=\"twitter:label1\" content=\"\u00c9crit par\" \/>\n\t<meta name=\"twitter:data1\" content=\"La Sentinelle\" \/>\n\t<meta name=\"twitter:label2\" content=\"Dur\u00e9e de lecture estim\u00e9e\" \/>\n\t<meta name=\"twitter:data2\" content=\"2 minutes\" \/>\n<script type=\"application\/ld+json\" class=\"yoast-schema-graph\">{\"@context\":\"https:\\\/\\\/schema.org\",\"@graph\":[{\"@type\":\"Article\",\"@id\":\"https:\\\/\\\/lasentinelle.dz\\\/index.php\\\/2021\\\/09\\\/15\\\/illizi-plus-de-60-km-delectrification-agricole-realises-cette-annee\\\/#article\",\"isPartOf\":{\"@id\":\"https:\\\/\\\/lasentinelle.dz\\\/index.php\\\/2021\\\/09\\\/15\\\/illizi-plus-de-60-km-delectrification-agricole-realises-cette-annee\\\/\"},\"author\":{\"name\":\"La Sentinelle\",\"@id\":\"https:\\\/\\\/lasentinelle.dz\\\/#\\\/schema\\\/person\\\/d865044e22e70a75174ce8bcad3acfb3\"},\"headline\":\"Illizi : Plus de 60 km d\u2019\u00e9lectrification agricole r\u00e9alis\u00e9s cette ann\u00e9e\",\"datePublished\":\"2021-09-14T23:01:00+00:00\",\"mainEntityOfPage\":{\"@id\":\"https:\\\/\\\/lasentinelle.dz\\\/index.php\\\/2021\\\/09\\\/15\\\/illizi-plus-de-60-km-delectrification-agricole-realises-cette-annee\\\/\"},\"wordCount\":340,\"commentCount\":0,\"publisher\":{\"@id\":\"https:\\\/\\\/lasentinelle.dz\\\/#organization\"},\"image\":{\"@id\":\"https:\\\/\\\/lasentinelle.dz\\\/index.php\\\/2021\\\/09\\\/15\\\/illizi-plus-de-60-km-delectrification-agricole-realises-cette-annee\\\/#primaryimage\"},\"thumbnailUrl\":\"https:\\\/\\\/lasentinelle.dz\\\/wp-content\\\/uploads\\\/2021\\\/09\\\/image_2021-09-14_155315.png\",\"articleSection\":[\"R\u00e9gions\"],\"inLanguage\":\"fr-FR\",\"potentialAction\":[{\"@type\":\"CommentAction\",\"name\":\"Comment\",\"target\":[\"https:\\\/\\\/lasentinelle.dz\\\/index.php\\\/2021\\\/09\\\/15\\\/illizi-plus-de-60-km-delectrification-agricole-realises-cette-annee\\\/#respond\"]}]},{\"@type\":\"WebPage\",\"@id\":\"https:\\\/\\\/lasentinelle.dz\\\/index.php\\\/2021\\\/09\\\/15\\\/illizi-plus-de-60-km-delectrification-agricole-realises-cette-annee\\\/\",\"url\":\"https:\\\/\\\/lasentinelle.dz\\\/index.php\\\/2021\\\/09\\\/15\\\/illizi-plus-de-60-km-delectrification-agricole-realises-cette-annee\\\/\",\"name\":\"Illizi : Plus de 60 km d\u2019\u00e9lectrification agricole r\u00e9alis\u00e9s cette ann\u00e9e - La Sentinelle\",\"isPartOf\":{\"@id\":\"https:\\\/\\\/lasentinelle.dz\\\/#website\"},\"primaryImageOfPage\":{\"@id\":\"https:\\\/\\\/lasentinelle.dz\\\/index.php\\\/2021\\\/09\\\/15\\\/illizi-plus-de-60-km-delectrification-agricole-realises-cette-annee\\\/#primaryimage\"},\"image\":{\"@id\":\"https:\\\/\\\/lasentinelle.dz\\\/index.php\\\/2021\\\/09\\\/15\\\/illizi-plus-de-60-km-delectrification-agricole-realises-cette-annee\\\/#primaryimage\"},\"thumbnailUrl\":\"https:\\\/\\\/lasentinelle.dz\\\/wp-content\\\/uploads\\\/2021\\\/09\\\/image_2021-09-14_155315.png\",\"datePublished\":\"2021-09-14T23:01:00+00:00\",\"breadcrumb\":{\"@id\":\"https:\\\/\\\/lasentinelle.dz\\\/index.php\\\/2021\\\/09\\\/15\\\/illizi-plus-de-60-km-delectrification-agricole-realises-cette-annee\\\/#breadcrumb\"},\"inLanguage\":\"fr-FR\",\"potentialAction\":[{\"@type\":\"ReadAction\",\"target\":[\"https:\\\/\\\/lasentinelle.dz\\\/index.php\\\/2021\\\/09\\\/15\\\/illizi-plus-de-60-km-delectrification-agricole-realises-cette-annee\\\/\"]}]},{\"@type\":\"ImageObject\",\"inLanguage\":\"fr-FR\",\"@id\":\"https:\\\/\\\/lasentinelle.dz\\\/index.php\\\/2021\\\/09\\\/15\\\/illizi-plus-de-60-km-delectrification-agricole-realises-cette-annee\\\/#primaryimage\",\"url\":\"https:\\\/\\\/lasentinelle.dz\\\/wp-content\\\/uploads\\\/2021\\\/09\\\/image_2021-09-14_155315.png\",\"contentUrl\":\"https:\\\/\\\/lasentinelle.dz\\\/wp-content\\\/uploads\\\/2021\\\/09\\\/image_2021-09-14_155315.png\",\"width\":512,\"height\":311},{\"@type\":\"BreadcrumbList\",\"@id\":\"https:\\\/\\\/lasentinelle.dz\\\/index.php\\\/2021\\\/09\\\/15\\\/illizi-plus-de-60-km-delectrification-agricole-realises-cette-annee\\\/#breadcrumb\",\"itemListElement\":[{\"@type\":\"ListItem\",\"position\":1,\"name\":\"Accueil\",\"item\":\"https:\\\/\\\/lasentinelle.dz\\\/\"},{\"@type\":\"ListItem\",\"position\":2,\"name\":\"Illizi : Plus de 60 km d\u2019\u00e9lectrification agricole r\u00e9alis\u00e9s cette ann\u00e9e\"}]},{\"@type\":\"WebSite\",\"@id\":\"https:\\\/\\\/lasentinelle.dz\\\/#website\",\"url\":\"https:\\\/\\\/lasentinelle.dz\\\/\",\"name\":\"La Sentinelle\",\"description\":\"Quotidien national d&#039;information\",\"publisher\":{\"@id\":\"https:\\\/\\\/lasentinelle.dz\\\/#organization\"},\"potentialAction\":[{\"@type\":\"SearchAction\",\"target\":{\"@type\":\"EntryPoint\",\"urlTemplate\":\"https:\\\/\\\/lasentinelle.dz\\\/?s={search_term_string}\"},\"query-input\":{\"@type\":\"PropertyValueSpecification\",\"valueRequired\":true,\"valueName\":\"search_term_string\"}}],\"inLanguage\":\"fr-FR\"},{\"@type\":\"Organization\",\"@id\":\"https:\\\/\\\/lasentinelle.dz\\\/#organization\",\"name\":\"Quotidien La Sentinelle\",\"url\":\"https:\\\/\\\/lasentinelle.dz\\\/\",\"logo\":{\"@type\":\"ImageObject\",\"inLanguage\":\"fr-FR\",\"@id\":\"https:\\\/\\\/lasentinelle.dz\\\/#\\\/schema\\\/logo\\\/image\\\/\",\"url\":\"https:\\\/\\\/lasentinelle.dz\\\/wp-content\\\/uploads\\\/2021\\\/09\\\/logo-sentinelleSLOGAN-1.png\",\"contentUrl\":\"https:\\\/\\\/lasentinelle.dz\\\/wp-content\\\/uploads\\\/2021\\\/09\\\/logo-sentinelleSLOGAN-1.png\",\"width\":615,\"height\":142,\"caption\":\"Quotidien La Sentinelle\"},\"image\":{\"@id\":\"https:\\\/\\\/lasentinelle.dz\\\/#\\\/schema\\\/logo\\\/image\\\/\"},\"sameAs\":[\"https:\\\/\\\/www.facebook.com\\\/La-Sentinelle-104059864394773\"]},{\"@type\":\"Person\",\"@id\":\"https:\\\/\\\/lasentinelle.dz\\\/#\\\/schema\\\/person\\\/d865044e22e70a75174ce8bcad3acfb3\",\"name\":\"La Sentinelle\",\"image\":{\"@type\":\"ImageObject\",\"inLanguage\":\"fr-FR\",\"@id\":\"https:\\\/\\\/secure.gravatar.com\\\/avatar\\\/57de8e5d4b15d43fb361a71fbb36338450fe67865b528a43dd10ef7c51a20392?s=96&d=mm&r=g\",\"url\":\"https:\\\/\\\/secure.gravatar.com\\\/avatar\\\/57de8e5d4b15d43fb361a71fbb36338450fe67865b528a43dd10ef7c51a20392?s=96&d=mm&r=g\",\"contentUrl\":\"https:\\\/\\\/secure.gravatar.com\\\/avatar\\\/57de8e5d4b15d43fb361a71fbb36338450fe67865b528a43dd10ef7c51a20392?s=96&d=mm&r=g\",\"caption\":\"La Sentinelle\"},\"sameAs\":[\"http:\\\/\\\/www.lasentinelle.dz\"],\"url\":\"https:\\\/\\\/lasentinelle.dz\\\/author\\\/redaction\\\/\"}]}<\/script>\n<!-- \/ Yoast SEO plugin. -->","yoast_head_json":{"title":"Illizi : Plus de 60 km d\u2019\u00e9lectrification agricole r\u00e9alis\u00e9s cette ann\u00e9e - La Sentinelle","robots":{"index":"index","follow":"follow","max-snippet":"max-snippet:-1","max-image-preview":"max-image-preview:large","max-video-preview":"max-video-preview:-1"},"canonical":"https:\/\/lasentinelle.dz\/index.php\/2021\/09\/15\/illizi-plus-de-60-km-delectrification-agricole-realises-cette-annee\/","og_locale":"fr_FR","og_type":"article","og_title":"Illizi : Plus de 60 km d\u2019\u00e9lectrification agricole r\u00e9alis\u00e9s cette ann\u00e9e - La Sentinelle","og_description":"Un r\u00e9seau long de 62 km d\u2019\u00e9lectrification agricole a \u00e9t\u00e9 r\u00e9alis\u00e9 cette ann\u00e9e \u00e0 travers les r\u00e9gions et p\u00e9rim\u00e8tres agricoles","og_url":"https:\/\/lasentinelle.dz\/index.php\/2021\/09\/15\/illizi-plus-de-60-km-delectrification-agricole-realises-cette-annee\/","og_site_name":"La Sentinelle","article_publisher":"https:\/\/www.facebook.com\/La-Sentinelle-104059864394773","article_published_time":"2021-09-14T23:01:00+00:00","og_image":[{"width":512,"height":311,"url":"https:\/\/lasentinelle.dz\/wp-content\/uploads\/2021\/09\/image_2021-09-14_155315.png","type":"image\/png"}],"author":"La Sentinelle","twitter_card":"summary_large_image","twitter_misc":{"\u00c9crit par":"La Sentinelle","Dur\u00e9e de lecture estim\u00e9e":"2 minutes"},"schema":{"@context":"https:\/\/schema.org","@graph":[{"@type":"Article","@id":"https:\/\/lasentinelle.dz\/index.php\/2021\/09\/15\/illizi-plus-de-60-km-delectrification-agricole-realises-cette-annee\/#article","isPartOf":{"@id":"https:\/\/lasentinelle.dz\/index.php\/2021\/09\/15\/illizi-plus-de-60-km-delectrification-agricole-realises-cette-annee\/"},"author":{"name":"La Sentinelle","@id":"https:\/\/lasentinelle.dz\/#\/schema\/person\/d865044e22e70a75174ce8bcad3acfb3"},"headline":"Illizi : Plus de 60 km d\u2019\u00e9lectrification agricole r\u00e9alis\u00e9s cette ann\u00e9e","datePublished":"2021-09-14T23:01:00+00:00","mainEntityOfPage":{"@id":"https:\/\/lasentinelle.dz\/index.php\/2021\/09\/15\/illizi-plus-de-60-km-delectrification-agricole-realises-cette-annee\/"},"wordCount":340,"commentCount":0,"publisher":{"@id":"https:\/\/lasentinelle.dz\/#organization"},"image":{"@id":"https:\/\/lasentinelle.dz\/index.php\/2021\/09\/15\/illizi-plus-de-60-km-delectrification-agricole-realises-cette-annee\/#primaryimage"},"thumbnailUrl":"https:\/\/lasentinelle.dz\/wp-content\/uploads\/2021\/09\/image_2021-09-14_155315.png","articleSection":["R\u00e9gions"],"inLanguage":"fr-FR","potentialAction":[{"@type":"CommentAction","name":"Comment","target":["https:\/\/lasentinelle.dz\/index.php\/2021\/09\/15\/illizi-plus-de-60-km-delectrification-agricole-realises-cette-annee\/#respond"]}]},{"@type":"WebPage","@id":"https:\/\/lasentinelle.dz\/index.php\/2021\/09\/15\/illizi-plus-de-60-km-delectrification-agricole-realises-cette-annee\/","url":"https:\/\/lasentinelle.dz\/index.php\/2021\/09\/15\/illizi-plus-de-60-km-delectrification-agricole-realises-cette-annee\/","name":"Illizi : Plus de 60 km d\u2019\u00e9lectrification agricole r\u00e9alis\u00e9s cette ann\u00e9e - La Sentinelle","isPartOf":{"@id":"https:\/\/lasentinelle.dz\/#website"},"primaryImageOfPage":{"@id":"https:\/\/lasentinelle.dz\/index.php\/2021\/09\/15\/illizi-plus-de-60-km-delectrification-agricole-realises-cette-annee\/#primaryimage"},"image":{"@id":"https:\/\/lasentinelle.dz\/index.php\/2021\/09\/15\/illizi-plus-de-60-km-delectrification-agricole-realises-cette-annee\/#primaryimage"},"thumbnailUrl":"https:\/\/lasentinelle.dz\/wp-content\/uploads\/2021\/09\/image_2021-09-14_155315.png","datePublished":"2021-09-14T23:01:00+00:00","breadcrumb":{"@id":"https:\/\/lasentinelle.dz\/index.php\/2021\/09\/15\/illizi-plus-de-60-km-delectrification-agricole-realises-cette-annee\/#breadcrumb"},"inLanguage":"fr-FR","potentialAction":[{"@type":"ReadAction","target":["https:\/\/lasentinelle.dz\/index.php\/2021\/09\/15\/illizi-plus-de-60-km-delectrification-agricole-realises-cette-annee\/"]}]},{"@type":"ImageObject","inLanguage":"fr-FR","@id":"https:\/\/lasentinelle.dz\/index.php\/2021\/09\/15\/illizi-plus-de-60-km-delectrification-agricole-realises-cette-annee\/#primaryimage","url":"https:\/\/lasentinelle.dz\/wp-content\/uploads\/2021\/09\/image_2021-09-14_155315.png","contentUrl":"https:\/\/lasentinelle.dz\/wp-content\/uploads\/2021\/09\/image_2021-09-14_155315.png","width":512,"height":311},{"@type":"BreadcrumbList","@id":"https:\/\/lasentinelle.dz\/index.php\/2021\/09\/15\/illizi-plus-de-60-km-delectrification-agricole-realises-cette-annee\/#breadcrumb","itemListElement":[{"@type":"ListItem","position":1,"name":"Accueil","item":"https:\/\/lasentinelle.dz\/"},{"@type":"ListItem","position":2,"name":"Illizi : Plus de 60 km d\u2019\u00e9lectrification agricole r\u00e9alis\u00e9s cette ann\u00e9e"}]},{"@type":"WebSite","@id":"https:\/\/lasentinelle.dz\/#website","url":"https:\/\/lasentinelle.dz\/","name":"La Sentinelle","description":"Quotidien national d&#039;information","publisher":{"@id":"https:\/\/lasentinelle.dz\/#organization"},"potentialAction":[{"@type":"SearchAction","target":{"@type":"EntryPoint","urlTemplate":"https:\/\/lasentinelle.dz\/?s={search_term_string}"},"query-input":{"@type":"PropertyValueSpecification","valueRequired":true,"valueName":"search_term_string"}}],"inLanguage":"fr-FR"},{"@type":"Organization","@id":"https:\/\/lasentinelle.dz\/#organization","name":"Quotidien La Sentinelle","url":"https:\/\/lasentinelle.dz\/","logo":{"@type":"ImageObject","inLanguage":"fr-FR","@id":"https:\/\/lasentinelle.dz\/#\/schema\/logo\/image\/","url":"https:\/\/lasentinelle.dz\/wp-content\/uploads\/2021\/09\/logo-sentinelleSLOGAN-1.png","contentUrl":"https:\/\/lasentinelle.dz\/wp-content\/uploads\/2021\/09\/logo-sentinelleSLOGAN-1.png","width":615,"height":142,"caption":"Quotidien La Sentinelle"},"image":{"@id":"https:\/\/lasentinelle.dz\/#\/schema\/logo\/image\/"},"sameAs":["https:\/\/www.facebook.com\/La-Sentinelle-104059864394773"]},{"@type":"Person","@id":"https:\/\/lasentinelle.dz\/#\/schema\/person\/d865044e22e70a75174ce8bcad3acfb3","name":"La Sentinelle","image":{"@type":"ImageObject","inLanguage":"fr-FR","@id":"https:\/\/secure.gravatar.com\/avatar\/57de8e5d4b15d43fb361a71fbb36338450fe67865b528a43dd10ef7c51a20392?s=96&d=mm&r=g","url":"https:\/\/secure.gravatar.com\/avatar\/57de8e5d4b15d43fb361a71fbb36338450fe67865b528a43dd10ef7c51a20392?s=96&d=mm&r=g","contentUrl":"https:\/\/secure.gravatar.com\/avatar\/57de8e5d4b15d43fb361a71fbb36338450fe67865b528a43dd10ef7c51a20392?s=96&d=mm&r=g","caption":"La Sentinelle"},"sameAs":["http:\/\/www.lasentinelle.dz"],"url":"https:\/\/lasentinelle.dz\/author\/redaction\/"}]}},"_links":{"self":[{"href":"https:\/\/lasentinelle.dz\/index.php\/wp-json\/wp\/v2\/posts\/7806","targetHints":{"allow":["GET"]}}],"collection":[{"href":"https:\/\/lasentinelle.dz\/index.php\/wp-json\/wp\/v2\/posts"}],"about":[{"href":"https:\/\/lasentinelle.dz\/index.php\/wp-json\/wp\/v2\/types\/post"}],"author":[{"embeddable":true,"href":"https:\/\/lasentinelle.dz\/index.php\/wp-json\/wp\/v2\/users\/3"}],"replies":[{"embeddable":true,"href":"https:\/\/lasentinelle.dz\/index.php\/wp-json\/wp\/v2\/comments?post=7806"}],"version-history":[{"count":1,"href":"https:\/\/lasentinelle.dz\/index.php\/wp-json\/wp\/v2\/posts\/7806\/revisions"}],"predecessor-version":[{"id":7813,"href":"https:\/\/lasentinelle.dz\/index.php\/wp-json\/wp\/v2\/posts\/7806\/revisions\/7813"}],"wp:featuredmedia":[{"embeddable":true,"href":"https:\/\/lasentinelle.dz\/index.php\/wp-json\/wp\/v2\/media\/7812"}],"wp:attachment":[{"href":"https:\/\/lasentinelle.dz\/index.php\/wp-json\/wp\/v2\/media?parent=7806"}],"wp:term":[{"taxonomy":"category","embeddable":true,"href":"https:\/\/lasentinelle.dz\/index.php\/wp-json\/wp\/v2\/categories?post=7806"},{"taxonomy":"post_tag","embeddable":true,"href":"https:\/\/lasentinelle.dz\/index.php\/wp-json\/wp\/v2\/tags?post=7806"}],"curies":[{"name":"wp","href":"https:\/\/api.w.org\/{rel}","templated":true}]}}