{"id":7850,"date":"2021-09-15T00:01:00","date_gmt":"2021-09-14T23:01:00","guid":{"rendered":"https:\/\/lasentinelle.dz\/?p=7850"},"modified":"2021-09-14T18:00:49","modified_gmt":"2021-09-14T17:00:49","slug":"coup-de-force-en-guinee-les-concertations-nationales-pour-preparer-la-transition-lancees","status":"publish","type":"post","link":"https:\/\/lasentinelle.dz\/index.php\/2021\/09\/15\/coup-de-force-en-guinee-les-concertations-nationales-pour-preparer-la-transition-lancees\/","title":{"rendered":"Coup de force en Guin\u00e9e : Les concertations nationales pour pr\u00e9parer la transition lanc\u00e9es"},"content":{"rendered":"\n<p>Les militaires au pouvoir en Guin\u00e9e ont lanc\u00e9 hier des concertations nationales avec les forces politiques, la soci\u00e9t\u00e9 civile et les repr\u00e9sentants des compagnies mini\u00e8res pour fixer les grandes lignes de la transition, dix jours apr\u00e8s la d\u00e9position du pr\u00e9sident Alpha Cond\u00e9.<\/p>\n\n\n\n<p>La concertation nationale en Guin\u00e9e est une s\u00e9rie de rencontres (du 14 au 17 septembre), cens\u00e9es r\u00e9unir toutes les composantes de la soci\u00e9t\u00e9 et qui devrait d\u00e9boucher sur l\u2019\u00e9laboration d\u2019une Charte et la formation d\u2019un gouvernement de transition, a-t-on expliqu\u00e9.<\/p>\n\n\n\n<p>Dans le cadre de ces rencontres, les militaires conduits par le colonel Mamady Doumbouya devaient recevoir hier les chefs des partis politiques, puis ceux des confessions religieuses, aujourd\u2019hui les organisations de la soci\u00e9t\u00e9 civile, puis les repr\u00e9sentations diplomatiques, demain les patrons des compagnies mini\u00e8res implant\u00e9es en Guin\u00e9e, puis les organisations patronales, vendredi les banques et les syndicats, selon des communiqu\u00e9s militaires lus samedi \u00e0 la t\u00e9l\u00e9vision.Certains acteurs politiques et de la soci\u00e9t\u00e9 civiles ont exprim\u00e9 leurs r\u00e9serves car ils indiquent n\u2019avoir pas \u00e9t\u00e9 invit\u00e9s par les militaires au pouvoir. D\u2019autres jugent le temps pr\u00e9vu pour ces concertations \u00ab\u00a0trop court et le format peu coh\u00e9rent\u00a0\u00bb, a-t-on indiqu\u00e9.Lansana Faya Millimono, pr\u00e9sident du parti d&rsquo;opposition Bloc Liberal, et aussi le coordinateur de la Coalition politique pour la rupture (CPR), regroupant une dizaine de formations politiques, estime qu'\u00a0\u00bbavant de critiquer, il faut d&rsquo;abord qu&rsquo;on s&rsquo;y rende, qu&rsquo;on voit ce qu&rsquo;ils ont pr\u00e9vu au menu. Ce sont les erreurs que nous devons commencer \u00e0 \u00e9viter&#8230;\u00a0\u00bbIl propose de \u00ab\u00a0mettre en place une Constitution digne de ce nom, se doter d&rsquo;une nation v\u00e9ritablement forte et durable et amorcer l&rsquo;\u00e9tablissement de la v\u00e9rit\u00e9, de la justice pour ouvrir la voie \u00e0 une v\u00e9ritable r\u00e9conciliation dans notre pays.\u00a0\u00bb\u00a0\u00bbLa r\u00e9forme de l\u2019Etat doit \u00eatre la priorit\u00e9\u00a0\u00bb, estime pour sa part, l\u2019ancien ministre de la Justice, Cheick Sako, qui avait d\u00e9missionn\u00e9 en mai 2019 pour marquer son opposition \u00e0 la modification de la Constitution qui a permis au pr\u00e9sident Cond\u00e9 de briguer un troisi\u00e8me mandat. \u00ab\u00a0C&rsquo;est important que la junte \u00e9coute les autres forces vives de la nation, notamment les partis politiques, la soci\u00e9t\u00e9 civile et d&rsquo;autres forces\u00a0\u00bb, a-t-il soulign\u00e9.Les concertations nationales en Guin\u00e9e interviennent alors que la Communaut\u00e9 des Etats ouest-africains (C\u00e9d\u00e9ao) qui a suspendu la Guin\u00e9e de tous ses organes et d\u00e9cisions exige un \u00ab\u00a0retour imm\u00e9diat \u00e0 l&rsquo;ordre constitutionnel\u00a0\u00bb. La C\u00e9d\u00e9ao avait \u00e9galement \u00ab\u00a0exig\u00e9 le respect de l&rsquo;int\u00e9grit\u00e9 physique\u00a0\u00bb et la \u00ab\u00a0lib\u00e9ration imm\u00e9diate\u00a0\u00bb d&rsquo;Alpha Cond\u00e9.L&rsquo;Union africaine (UA) a elle aussi suspendu la Guin\u00e9e de toutes ses \u00ab\u00a0activit\u00e9s et organes de d\u00e9cision\u00a0\u00bb et demand\u00e9 au Conseil de s\u00e9curit\u00e9 de l&rsquo;ONU \u00ab\u00a0d&rsquo;approuver le communiqu\u00e9 final de la C\u00e9d\u00e9ao\u00a0\u00bb, qu&rsquo;elle soutient.Par ailleurs, les Nations unies attendent que les civils reviennent au pouvoir dans un d\u00e9lai \u00ab\u00a0raisonnable\u00a0\u00bb en Guin\u00e9e, mais jugent que les Guin\u00e9ens doivent d\u00e9cider de la dur\u00e9e de cette transition, d&rsquo;apr\u00e8s le repr\u00e9sentant sp\u00e9cial du secr\u00e9taire g\u00e9n\u00e9ral de l&rsquo;ONU pour l&rsquo;Afrique de l&rsquo;Ouest et le Sahel, Mahamat Saleh Annadif.<\/p>\n\n\n\n<p>En attendant de d\u00e9samorcer cette crise, les militaires, sous pression, ont multipli\u00e9 les gestes de bonne volont\u00e9 \u00e0 l&rsquo;adresse des partenaires \u00e9trangers et des investisseurs. Ils ont ainsi annonc\u00e9 hier dans un communiqu\u00e9 leur intention de rouvrir \u00e0 partir de mercredi les fronti\u00e8res terrestres avec les pays voisins, ferm\u00e9es depuis le coup de force pour certaines et depuis des mois pour d&rsquo;autres.Les autorit\u00e9s au pouvoir ont demand\u00e9 aux services concern\u00e9s de \u00ab\u00a0proc\u00e9der imm\u00e9diatement \u00e0 une \u00e9valuation s\u00e9curitaire et sanitaire en vue de l&rsquo;ouverture graduelle de ces fronti\u00e8res\u00a0\u00bb terrestres, \u00e0 commencer par celle avec la Sierra Leone d&rsquo;ici au 15 septembre.La fronti\u00e8re avec le Liberia devrait rouvrir avant le 16, la C\u00f4te d&rsquo;Ivoire le 17, le Mali le 18, la Guin\u00e9e Bissau le 20 et le S\u00e9n\u00e9gal le 24. Alpha Cond\u00e9 avait fait fermer les fronti\u00e8res terrestres avec la Guin\u00e9e Bissau, le S\u00e9n\u00e9gal et la Sierra Leone, officiellement pour des raisons de s\u00e9curit\u00e9, avant la pr\u00e9sidentielle du 18 octobre 2020, dans un contexte de contestation de sa candidature \u00e0 un troisi\u00e8me mandat.Cette fermeture \u00e9tait cause de tensions diplomatiques \u00e9tant donn\u00e9l&rsquo;importance des \u00e9changes \u00e9conomiques et humains.Un accord sign\u00e9 en f\u00e9vrier entre la Guin\u00e9e et la Sierra Leone avait permis la r\u00e9ouverture de la fronti\u00e8re. La Guin\u00e9e et le S\u00e9n\u00e9gal avaient pass\u00e9 en juin un accord de coop\u00e9ration technique et militaire, mais la r\u00e9ouverture de la fronti\u00e8re se faisait attendre.<\/p>\n\n\n\n<p>R.I. ave APS<\/p>\n","protected":false},"excerpt":{"rendered":"<p>Les militaires au pouvoir en Guin\u00e9e ont lanc\u00e9 hier des concertations nationales avec les forces politiques, la soci\u00e9t\u00e9 civile et<\/p>\n","protected":false},"author":3,"featured_media":7858,"comment_status":"open","ping_status":"closed","sticky":false,"template":"","format":"standard","meta":{"colormag_page_container_layout":"default_layout","colormag_page_sidebar_layout":"default_layout","om_disable_all_campaigns":false,"_monsterinsights_skip_tracking":false,"_monsterinsights_sitenote_active":false,"_monsterinsights_sitenote_note":"","_monsterinsights_sitenote_category":0,"footnotes":"","_wpscppro_dont_share_socialmedia":false,"_wpscppro_custom_social_share_image":0,"_facebook_share_type":"","_twitter_share_type":"","_linkedin_share_type":"","_pinterest_share_type":"","_linkedin_share_type_page":"","_instagram_share_type":"","_medium_share_type":"","_threads_share_type":"","_google_business_share_type":"","_selected_social_profile":[],"_wpsp_enable_custom_social_template":false,"_wpsp_social_scheduling":{"enabled":false,"datetime":null,"platforms":[],"status":"template_only","dateOption":"today","timeOption":"now","customDays":"","customHours":"","customDate":"","customTime":"","schedulingType":"absolute"},"_wpsp_active_default_template":true},"categories":[37],"tags":[],"class_list":["post-7850","post","type-post","status-publish","format-standard","has-post-thumbnail","hentry","category-monde"],"aioseo_notices":[],"yoast_head":"<!-- This site is optimized with the Yoast SEO plugin v27.5 - https:\/\/yoast.com\/product\/yoast-seo-wordpress\/ -->\n<title>Coup de force en Guin\u00e9e : Les concertations nationales pour pr\u00e9parer la transition lanc\u00e9es - La Sentinelle<\/title>\n<meta name=\"robots\" content=\"index, follow, max-snippet:-1, max-image-preview:large, max-video-preview:-1\" \/>\n<link rel=\"canonical\" href=\"https:\/\/lasentinelle.dz\/index.php\/2021\/09\/15\/coup-de-force-en-guinee-les-concertations-nationales-pour-preparer-la-transition-lancees\/\" \/>\n<meta property=\"og:locale\" content=\"fr_FR\" \/>\n<meta property=\"og:type\" content=\"article\" \/>\n<meta property=\"og:title\" content=\"Coup de force en Guin\u00e9e : Les concertations nationales pour pr\u00e9parer la transition lanc\u00e9es - La Sentinelle\" \/>\n<meta property=\"og:description\" content=\"Les militaires au pouvoir en Guin\u00e9e ont lanc\u00e9 hier des concertations nationales avec les forces politiques, la soci\u00e9t\u00e9 civile et\" \/>\n<meta property=\"og:url\" content=\"https:\/\/lasentinelle.dz\/index.php\/2021\/09\/15\/coup-de-force-en-guinee-les-concertations-nationales-pour-preparer-la-transition-lancees\/\" \/>\n<meta property=\"og:site_name\" content=\"La Sentinelle\" \/>\n<meta property=\"article:publisher\" content=\"https:\/\/www.facebook.com\/La-Sentinelle-104059864394773\" \/>\n<meta property=\"article:published_time\" content=\"2021-09-14T23:01:00+00:00\" \/>\n<meta property=\"og:image\" content=\"https:\/\/lasentinelle.dz\/wp-content\/uploads\/2021\/09\/image_2021-09-14_180037.png\" \/>\n\t<meta property=\"og:image:width\" content=\"1023\" \/>\n\t<meta property=\"og:image:height\" content=\"575\" \/>\n\t<meta property=\"og:image:type\" content=\"image\/png\" \/>\n<meta name=\"author\" content=\"La Sentinelle\" \/>\n<meta name=\"twitter:card\" content=\"summary_large_image\" \/>\n<meta name=\"twitter:label1\" content=\"\u00c9crit par\" \/>\n\t<meta name=\"twitter:data1\" content=\"La Sentinelle\" \/>\n\t<meta name=\"twitter:label2\" content=\"Dur\u00e9e de lecture estim\u00e9e\" \/>\n\t<meta name=\"twitter:data2\" content=\"4 minutes\" \/>\n<script type=\"application\/ld+json\" class=\"yoast-schema-graph\">{\"@context\":\"https:\\\/\\\/schema.org\",\"@graph\":[{\"@type\":\"Article\",\"@id\":\"https:\\\/\\\/lasentinelle.dz\\\/index.php\\\/2021\\\/09\\\/15\\\/coup-de-force-en-guinee-les-concertations-nationales-pour-preparer-la-transition-lancees\\\/#article\",\"isPartOf\":{\"@id\":\"https:\\\/\\\/lasentinelle.dz\\\/index.php\\\/2021\\\/09\\\/15\\\/coup-de-force-en-guinee-les-concertations-nationales-pour-preparer-la-transition-lancees\\\/\"},\"author\":{\"name\":\"La Sentinelle\",\"@id\":\"https:\\\/\\\/lasentinelle.dz\\\/#\\\/schema\\\/person\\\/d865044e22e70a75174ce8bcad3acfb3\"},\"headline\":\"Coup de force en Guin\u00e9e : Les concertations nationales pour pr\u00e9parer la transition lanc\u00e9es\",\"datePublished\":\"2021-09-14T23:01:00+00:00\",\"mainEntityOfPage\":{\"@id\":\"https:\\\/\\\/lasentinelle.dz\\\/index.php\\\/2021\\\/09\\\/15\\\/coup-de-force-en-guinee-les-concertations-nationales-pour-preparer-la-transition-lancees\\\/\"},\"wordCount\":850,\"commentCount\":0,\"publisher\":{\"@id\":\"https:\\\/\\\/lasentinelle.dz\\\/#organization\"},\"image\":{\"@id\":\"https:\\\/\\\/lasentinelle.dz\\\/index.php\\\/2021\\\/09\\\/15\\\/coup-de-force-en-guinee-les-concertations-nationales-pour-preparer-la-transition-lancees\\\/#primaryimage\"},\"thumbnailUrl\":\"https:\\\/\\\/lasentinelle.dz\\\/wp-content\\\/uploads\\\/2021\\\/09\\\/image_2021-09-14_180037.png\",\"articleSection\":[\"Monde\"],\"inLanguage\":\"fr-FR\",\"potentialAction\":[{\"@type\":\"CommentAction\",\"name\":\"Comment\",\"target\":[\"https:\\\/\\\/lasentinelle.dz\\\/index.php\\\/2021\\\/09\\\/15\\\/coup-de-force-en-guinee-les-concertations-nationales-pour-preparer-la-transition-lancees\\\/#respond\"]}]},{\"@type\":\"WebPage\",\"@id\":\"https:\\\/\\\/lasentinelle.dz\\\/index.php\\\/2021\\\/09\\\/15\\\/coup-de-force-en-guinee-les-concertations-nationales-pour-preparer-la-transition-lancees\\\/\",\"url\":\"https:\\\/\\\/lasentinelle.dz\\\/index.php\\\/2021\\\/09\\\/15\\\/coup-de-force-en-guinee-les-concertations-nationales-pour-preparer-la-transition-lancees\\\/\",\"name\":\"Coup de force en Guin\u00e9e : Les concertations nationales pour pr\u00e9parer la transition lanc\u00e9es - La Sentinelle\",\"isPartOf\":{\"@id\":\"https:\\\/\\\/lasentinelle.dz\\\/#website\"},\"primaryImageOfPage\":{\"@id\":\"https:\\\/\\\/lasentinelle.dz\\\/index.php\\\/2021\\\/09\\\/15\\\/coup-de-force-en-guinee-les-concertations-nationales-pour-preparer-la-transition-lancees\\\/#primaryimage\"},\"image\":{\"@id\":\"https:\\\/\\\/lasentinelle.dz\\\/index.php\\\/2021\\\/09\\\/15\\\/coup-de-force-en-guinee-les-concertations-nationales-pour-preparer-la-transition-lancees\\\/#primaryimage\"},\"thumbnailUrl\":\"https:\\\/\\\/lasentinelle.dz\\\/wp-content\\\/uploads\\\/2021\\\/09\\\/image_2021-09-14_180037.png\",\"datePublished\":\"2021-09-14T23:01:00+00:00\",\"breadcrumb\":{\"@id\":\"https:\\\/\\\/lasentinelle.dz\\\/index.php\\\/2021\\\/09\\\/15\\\/coup-de-force-en-guinee-les-concertations-nationales-pour-preparer-la-transition-lancees\\\/#breadcrumb\"},\"inLanguage\":\"fr-FR\",\"potentialAction\":[{\"@type\":\"ReadAction\",\"target\":[\"https:\\\/\\\/lasentinelle.dz\\\/index.php\\\/2021\\\/09\\\/15\\\/coup-de-force-en-guinee-les-concertations-nationales-pour-preparer-la-transition-lancees\\\/\"]}]},{\"@type\":\"ImageObject\",\"inLanguage\":\"fr-FR\",\"@id\":\"https:\\\/\\\/lasentinelle.dz\\\/index.php\\\/2021\\\/09\\\/15\\\/coup-de-force-en-guinee-les-concertations-nationales-pour-preparer-la-transition-lancees\\\/#primaryimage\",\"url\":\"https:\\\/\\\/lasentinelle.dz\\\/wp-content\\\/uploads\\\/2021\\\/09\\\/image_2021-09-14_180037.png\",\"contentUrl\":\"https:\\\/\\\/lasentinelle.dz\\\/wp-content\\\/uploads\\\/2021\\\/09\\\/image_2021-09-14_180037.png\",\"width\":1023,\"height\":575},{\"@type\":\"BreadcrumbList\",\"@id\":\"https:\\\/\\\/lasentinelle.dz\\\/index.php\\\/2021\\\/09\\\/15\\\/coup-de-force-en-guinee-les-concertations-nationales-pour-preparer-la-transition-lancees\\\/#breadcrumb\",\"itemListElement\":[{\"@type\":\"ListItem\",\"position\":1,\"name\":\"Accueil\",\"item\":\"https:\\\/\\\/lasentinelle.dz\\\/\"},{\"@type\":\"ListItem\",\"position\":2,\"name\":\"Coup de force en Guin\u00e9e : Les concertations nationales pour pr\u00e9parer la transition lanc\u00e9es\"}]},{\"@type\":\"WebSite\",\"@id\":\"https:\\\/\\\/lasentinelle.dz\\\/#website\",\"url\":\"https:\\\/\\\/lasentinelle.dz\\\/\",\"name\":\"La Sentinelle\",\"description\":\"Quotidien national d&#039;information\",\"publisher\":{\"@id\":\"https:\\\/\\\/lasentinelle.dz\\\/#organization\"},\"potentialAction\":[{\"@type\":\"SearchAction\",\"target\":{\"@type\":\"EntryPoint\",\"urlTemplate\":\"https:\\\/\\\/lasentinelle.dz\\\/?s={search_term_string}\"},\"query-input\":{\"@type\":\"PropertyValueSpecification\",\"valueRequired\":true,\"valueName\":\"search_term_string\"}}],\"inLanguage\":\"fr-FR\"},{\"@type\":\"Organization\",\"@id\":\"https:\\\/\\\/lasentinelle.dz\\\/#organization\",\"name\":\"Quotidien La Sentinelle\",\"url\":\"https:\\\/\\\/lasentinelle.dz\\\/\",\"logo\":{\"@type\":\"ImageObject\",\"inLanguage\":\"fr-FR\",\"@id\":\"https:\\\/\\\/lasentinelle.dz\\\/#\\\/schema\\\/logo\\\/image\\\/\",\"url\":\"https:\\\/\\\/lasentinelle.dz\\\/wp-content\\\/uploads\\\/2021\\\/09\\\/logo-sentinelleSLOGAN-1.png\",\"contentUrl\":\"https:\\\/\\\/lasentinelle.dz\\\/wp-content\\\/uploads\\\/2021\\\/09\\\/logo-sentinelleSLOGAN-1.png\",\"width\":615,\"height\":142,\"caption\":\"Quotidien La Sentinelle\"},\"image\":{\"@id\":\"https:\\\/\\\/lasentinelle.dz\\\/#\\\/schema\\\/logo\\\/image\\\/\"},\"sameAs\":[\"https:\\\/\\\/www.facebook.com\\\/La-Sentinelle-104059864394773\"]},{\"@type\":\"Person\",\"@id\":\"https:\\\/\\\/lasentinelle.dz\\\/#\\\/schema\\\/person\\\/d865044e22e70a75174ce8bcad3acfb3\",\"name\":\"La Sentinelle\",\"image\":{\"@type\":\"ImageObject\",\"inLanguage\":\"fr-FR\",\"@id\":\"https:\\\/\\\/secure.gravatar.com\\\/avatar\\\/57de8e5d4b15d43fb361a71fbb36338450fe67865b528a43dd10ef7c51a20392?s=96&d=mm&r=g\",\"url\":\"https:\\\/\\\/secure.gravatar.com\\\/avatar\\\/57de8e5d4b15d43fb361a71fbb36338450fe67865b528a43dd10ef7c51a20392?s=96&d=mm&r=g\",\"contentUrl\":\"https:\\\/\\\/secure.gravatar.com\\\/avatar\\\/57de8e5d4b15d43fb361a71fbb36338450fe67865b528a43dd10ef7c51a20392?s=96&d=mm&r=g\",\"caption\":\"La Sentinelle\"},\"sameAs\":[\"http:\\\/\\\/www.lasentinelle.dz\"],\"url\":\"https:\\\/\\\/lasentinelle.dz\\\/author\\\/redaction\\\/\"}]}<\/script>\n<!-- \/ Yoast SEO plugin. -->","yoast_head_json":{"title":"Coup de force en Guin\u00e9e : Les concertations nationales pour pr\u00e9parer la transition lanc\u00e9es - La Sentinelle","robots":{"index":"index","follow":"follow","max-snippet":"max-snippet:-1","max-image-preview":"max-image-preview:large","max-video-preview":"max-video-preview:-1"},"canonical":"https:\/\/lasentinelle.dz\/index.php\/2021\/09\/15\/coup-de-force-en-guinee-les-concertations-nationales-pour-preparer-la-transition-lancees\/","og_locale":"fr_FR","og_type":"article","og_title":"Coup de force en Guin\u00e9e : Les concertations nationales pour pr\u00e9parer la transition lanc\u00e9es - La Sentinelle","og_description":"Les militaires au pouvoir en Guin\u00e9e ont lanc\u00e9 hier des concertations nationales avec les forces politiques, la soci\u00e9t\u00e9 civile et","og_url":"https:\/\/lasentinelle.dz\/index.php\/2021\/09\/15\/coup-de-force-en-guinee-les-concertations-nationales-pour-preparer-la-transition-lancees\/","og_site_name":"La Sentinelle","article_publisher":"https:\/\/www.facebook.com\/La-Sentinelle-104059864394773","article_published_time":"2021-09-14T23:01:00+00:00","og_image":[{"width":1023,"height":575,"url":"https:\/\/lasentinelle.dz\/wp-content\/uploads\/2021\/09\/image_2021-09-14_180037.png","type":"image\/png"}],"author":"La Sentinelle","twitter_card":"summary_large_image","twitter_misc":{"\u00c9crit par":"La Sentinelle","Dur\u00e9e de lecture estim\u00e9e":"4 minutes"},"schema":{"@context":"https:\/\/schema.org","@graph":[{"@type":"Article","@id":"https:\/\/lasentinelle.dz\/index.php\/2021\/09\/15\/coup-de-force-en-guinee-les-concertations-nationales-pour-preparer-la-transition-lancees\/#article","isPartOf":{"@id":"https:\/\/lasentinelle.dz\/index.php\/2021\/09\/15\/coup-de-force-en-guinee-les-concertations-nationales-pour-preparer-la-transition-lancees\/"},"author":{"name":"La Sentinelle","@id":"https:\/\/lasentinelle.dz\/#\/schema\/person\/d865044e22e70a75174ce8bcad3acfb3"},"headline":"Coup de force en Guin\u00e9e : Les concertations nationales pour pr\u00e9parer la transition lanc\u00e9es","datePublished":"2021-09-14T23:01:00+00:00","mainEntityOfPage":{"@id":"https:\/\/lasentinelle.dz\/index.php\/2021\/09\/15\/coup-de-force-en-guinee-les-concertations-nationales-pour-preparer-la-transition-lancees\/"},"wordCount":850,"commentCount":0,"publisher":{"@id":"https:\/\/lasentinelle.dz\/#organization"},"image":{"@id":"https:\/\/lasentinelle.dz\/index.php\/2021\/09\/15\/coup-de-force-en-guinee-les-concertations-nationales-pour-preparer-la-transition-lancees\/#primaryimage"},"thumbnailUrl":"https:\/\/lasentinelle.dz\/wp-content\/uploads\/2021\/09\/image_2021-09-14_180037.png","articleSection":["Monde"],"inLanguage":"fr-FR","potentialAction":[{"@type":"CommentAction","name":"Comment","target":["https:\/\/lasentinelle.dz\/index.php\/2021\/09\/15\/coup-de-force-en-guinee-les-concertations-nationales-pour-preparer-la-transition-lancees\/#respond"]}]},{"@type":"WebPage","@id":"https:\/\/lasentinelle.dz\/index.php\/2021\/09\/15\/coup-de-force-en-guinee-les-concertations-nationales-pour-preparer-la-transition-lancees\/","url":"https:\/\/lasentinelle.dz\/index.php\/2021\/09\/15\/coup-de-force-en-guinee-les-concertations-nationales-pour-preparer-la-transition-lancees\/","name":"Coup de force en Guin\u00e9e : Les concertations nationales pour pr\u00e9parer la transition lanc\u00e9es - La Sentinelle","isPartOf":{"@id":"https:\/\/lasentinelle.dz\/#website"},"primaryImageOfPage":{"@id":"https:\/\/lasentinelle.dz\/index.php\/2021\/09\/15\/coup-de-force-en-guinee-les-concertations-nationales-pour-preparer-la-transition-lancees\/#primaryimage"},"image":{"@id":"https:\/\/lasentinelle.dz\/index.php\/2021\/09\/15\/coup-de-force-en-guinee-les-concertations-nationales-pour-preparer-la-transition-lancees\/#primaryimage"},"thumbnailUrl":"https:\/\/lasentinelle.dz\/wp-content\/uploads\/2021\/09\/image_2021-09-14_180037.png","datePublished":"2021-09-14T23:01:00+00:00","breadcrumb":{"@id":"https:\/\/lasentinelle.dz\/index.php\/2021\/09\/15\/coup-de-force-en-guinee-les-concertations-nationales-pour-preparer-la-transition-lancees\/#breadcrumb"},"inLanguage":"fr-FR","potentialAction":[{"@type":"ReadAction","target":["https:\/\/lasentinelle.dz\/index.php\/2021\/09\/15\/coup-de-force-en-guinee-les-concertations-nationales-pour-preparer-la-transition-lancees\/"]}]},{"@type":"ImageObject","inLanguage":"fr-FR","@id":"https:\/\/lasentinelle.dz\/index.php\/2021\/09\/15\/coup-de-force-en-guinee-les-concertations-nationales-pour-preparer-la-transition-lancees\/#primaryimage","url":"https:\/\/lasentinelle.dz\/wp-content\/uploads\/2021\/09\/image_2021-09-14_180037.png","contentUrl":"https:\/\/lasentinelle.dz\/wp-content\/uploads\/2021\/09\/image_2021-09-14_180037.png","width":1023,"height":575},{"@type":"BreadcrumbList","@id":"https:\/\/lasentinelle.dz\/index.php\/2021\/09\/15\/coup-de-force-en-guinee-les-concertations-nationales-pour-preparer-la-transition-lancees\/#breadcrumb","itemListElement":[{"@type":"ListItem","position":1,"name":"Accueil","item":"https:\/\/lasentinelle.dz\/"},{"@type":"ListItem","position":2,"name":"Coup de force en Guin\u00e9e : Les concertations nationales pour pr\u00e9parer la transition lanc\u00e9es"}]},{"@type":"WebSite","@id":"https:\/\/lasentinelle.dz\/#website","url":"https:\/\/lasentinelle.dz\/","name":"La Sentinelle","description":"Quotidien national d&#039;information","publisher":{"@id":"https:\/\/lasentinelle.dz\/#organization"},"potentialAction":[{"@type":"SearchAction","target":{"@type":"EntryPoint","urlTemplate":"https:\/\/lasentinelle.dz\/?s={search_term_string}"},"query-input":{"@type":"PropertyValueSpecification","valueRequired":true,"valueName":"search_term_string"}}],"inLanguage":"fr-FR"},{"@type":"Organization","@id":"https:\/\/lasentinelle.dz\/#organization","name":"Quotidien La Sentinelle","url":"https:\/\/lasentinelle.dz\/","logo":{"@type":"ImageObject","inLanguage":"fr-FR","@id":"https:\/\/lasentinelle.dz\/#\/schema\/logo\/image\/","url":"https:\/\/lasentinelle.dz\/wp-content\/uploads\/2021\/09\/logo-sentinelleSLOGAN-1.png","contentUrl":"https:\/\/lasentinelle.dz\/wp-content\/uploads\/2021\/09\/logo-sentinelleSLOGAN-1.png","width":615,"height":142,"caption":"Quotidien La Sentinelle"},"image":{"@id":"https:\/\/lasentinelle.dz\/#\/schema\/logo\/image\/"},"sameAs":["https:\/\/www.facebook.com\/La-Sentinelle-104059864394773"]},{"@type":"Person","@id":"https:\/\/lasentinelle.dz\/#\/schema\/person\/d865044e22e70a75174ce8bcad3acfb3","name":"La Sentinelle","image":{"@type":"ImageObject","inLanguage":"fr-FR","@id":"https:\/\/secure.gravatar.com\/avatar\/57de8e5d4b15d43fb361a71fbb36338450fe67865b528a43dd10ef7c51a20392?s=96&d=mm&r=g","url":"https:\/\/secure.gravatar.com\/avatar\/57de8e5d4b15d43fb361a71fbb36338450fe67865b528a43dd10ef7c51a20392?s=96&d=mm&r=g","contentUrl":"https:\/\/secure.gravatar.com\/avatar\/57de8e5d4b15d43fb361a71fbb36338450fe67865b528a43dd10ef7c51a20392?s=96&d=mm&r=g","caption":"La Sentinelle"},"sameAs":["http:\/\/www.lasentinelle.dz"],"url":"https:\/\/lasentinelle.dz\/author\/redaction\/"}]}},"_links":{"self":[{"href":"https:\/\/lasentinelle.dz\/index.php\/wp-json\/wp\/v2\/posts\/7850","targetHints":{"allow":["GET"]}}],"collection":[{"href":"https:\/\/lasentinelle.dz\/index.php\/wp-json\/wp\/v2\/posts"}],"about":[{"href":"https:\/\/lasentinelle.dz\/index.php\/wp-json\/wp\/v2\/types\/post"}],"author":[{"embeddable":true,"href":"https:\/\/lasentinelle.dz\/index.php\/wp-json\/wp\/v2\/users\/3"}],"replies":[{"embeddable":true,"href":"https:\/\/lasentinelle.dz\/index.php\/wp-json\/wp\/v2\/comments?post=7850"}],"version-history":[{"count":1,"href":"https:\/\/lasentinelle.dz\/index.php\/wp-json\/wp\/v2\/posts\/7850\/revisions"}],"predecessor-version":[{"id":7859,"href":"https:\/\/lasentinelle.dz\/index.php\/wp-json\/wp\/v2\/posts\/7850\/revisions\/7859"}],"wp:featuredmedia":[{"embeddable":true,"href":"https:\/\/lasentinelle.dz\/index.php\/wp-json\/wp\/v2\/media\/7858"}],"wp:attachment":[{"href":"https:\/\/lasentinelle.dz\/index.php\/wp-json\/wp\/v2\/media?parent=7850"}],"wp:term":[{"taxonomy":"category","embeddable":true,"href":"https:\/\/lasentinelle.dz\/index.php\/wp-json\/wp\/v2\/categories?post=7850"},{"taxonomy":"post_tag","embeddable":true,"href":"https:\/\/lasentinelle.dz\/index.php\/wp-json\/wp\/v2\/tags?post=7850"}],"curies":[{"name":"wp","href":"https:\/\/api.w.org\/{rel}","templated":true}]}}