{"id":7863,"date":"2021-09-15T00:01:00","date_gmt":"2021-09-14T23:01:00","guid":{"rendered":"https:\/\/lasentinelle.dz\/?p=7863"},"modified":"2021-09-14T19:14:47","modified_gmt":"2021-09-14T18:14:47","slug":"habitat-ouverture-de-la-plateforme-numerique-pour-6-000-souscripteurs","status":"publish","type":"post","link":"https:\/\/lasentinelle.dz\/index.php\/2021\/09\/15\/habitat-ouverture-de-la-plateforme-numerique-pour-6-000-souscripteurs\/","title":{"rendered":"Habitat : Ouverture de la plateforme num\u00e9rique pour 6.000 souscripteurs"},"content":{"rendered":"\n<p>Quelques 6.000 souscripteurs vont pouvoir retirer leurs ordres de virement \u00e0 partir de jeudi prochain via la plate-forme num\u00e9rique de l\u2019AADL. La d\u00e9cision a \u00e9t\u00e9 prise par le ministre de l\u2019Habitat, de l\u2019Urbanisme et de la Ville, Mohamed&nbsp; Tarek Belarbi qui donn\u00e9 de fermes instructions dans ce sens, annon\u00e7ait hier un communiqu\u00e9 du m\u00eame minist\u00e8re qui a fait \u00e9tat d\u2019une r\u00e9union tenue la veille par le premier responsable du secteur avec les cadres de son d\u00e9partement et le directeur g\u00e9n\u00e9ral de l\u2019AADL. Lors de cette r\u00e9union \u00e0 laquelle ont \u00e9galement pris part les directeurs r\u00e9gionaux des antennes du m\u00eame organisme, M. Belarbi, explique le communiqu\u00e9, a ordonn\u00e9 la cr\u00e9ation d\u2019une plate-forme \u00e9lectronique au b\u00e9n\u00e9ficie des souscripteurs AADL 2013 dont les recours ont \u00e9t\u00e9 accept\u00e9s et que la direction n\u2019a pas pu joindre pour leur permettre d\u2019effectuer les versements de la premi\u00e8re tranche.Lors de cette rencontre, le directeur g\u00e9n\u00e9ral de l\u2019organisme a pr\u00e9sent\u00e9 un aper\u00e7u sur le dossier en question. Les souscripteurs AADL 2013 qui ont d\u00e9pos\u00e9 des recours ont vu leurs demandes accept\u00e9es. Mais, il se trouve que ces derniers ne sont plus joignables. Aussi, le ministre de l\u2019Habitat a ordonn\u00e9 la livraison de toute les d\u00e9cisions d\u2019affectation et d\u2019\u00e9tudier tous les dossiers en suspens \u00e0 travers tout le territoire national en plus d\u2019instructions pour&nbsp; la mise en vente de tous les locaux de l\u2019AADL.Il faut rappeler au sujet&nbsp; de cette formule justement que lors d\u2019une r\u00e9union d&rsquo;\u00e9valuation avec les cadres centraux du minist\u00e8re tenue mercredi le premier du mois de septembre en cours, le ministre de l\u2019Habitat, de l\u2019Urbanisme et de la Ville, Mohamed Tarek Belaribi avait donn\u00e9 mercredi dernier des instructions fermes pour le respect de tous engagements relatifs \u00e0 la livraison des logements location-vente (AADL) durant le troisi\u00e8me trimestre de l&rsquo;ann\u00e9e 2021. Selon le communiqu\u00e9 du minist\u00e8re de l\u2019Habitat qui faisait \u00e9tat de ces instructions, la r\u00e9union a \u00e9t\u00e9 consacr\u00e9e aux projets des logements location-vente AADL au niveau d&rsquo;Alger est, Alger ouest, Oran, Annaba, Constantine, S\u00e9tif, Ouargla et Tiaret.<\/p>\n\n\n\n<p>Apr\u00e8s avoir entendu un expos\u00e9 exhaustif sur les projets AADL, au niveau des wilayas suscit\u00e9es, le ministre a donn\u00e9 des instructions fermes pour le respect de tous les engagements d\u00e9finis pr\u00e9c\u00e9demment relatifs \u00e0 la livraison des logements durant le troisi\u00e8me trimestre de l&rsquo;ann\u00e9e en cours, ajoutait le m\u00eame communiqu\u00e9.<\/p>\n\n\n\n<p>Enfin, rappelons que pour la prise en charge des pr\u00e9occupations des souscripteurs, le num\u00e9ro vert \u00ab 30 40 \u00bb de L&rsquo;Agence nationale d&rsquo;am\u00e9lioration et de d\u00e9veloppement du logement (AADL) a \u00e9t\u00e9 lanc\u00e9 officiellement samedi et mis \u00e0 la disposition de ses souscripteurs et des r\u00e9sidents de ses cit\u00e9s pour la prise en charge de toutes leurs pr\u00e9occupations afin de rapprocher l\u2019administration du citoyen.<\/p>\n\n\n\n<p><strong>Kamel Nait Ameur<\/strong><\/p>\n","protected":false},"excerpt":{"rendered":"<p>Quelques 6.000 souscripteurs vont pouvoir retirer leurs ordres de virement \u00e0 partir de jeudi prochain via la plate-forme num\u00e9rique de<\/p>\n","protected":false},"author":3,"featured_media":7871,"comment_status":"open","ping_status":"closed","sticky":false,"template":"","format":"standard","meta":{"colormag_page_container_layout":"default_layout","colormag_page_sidebar_layout":"default_layout","om_disable_all_campaigns":false,"_monsterinsights_skip_tracking":false,"_monsterinsights_sitenote_active":false,"_monsterinsights_sitenote_note":"","_monsterinsights_sitenote_category":0,"footnotes":"","_wpscppro_dont_share_socialmedia":false,"_wpscppro_custom_social_share_image":0,"_facebook_share_type":"","_twitter_share_type":"","_linkedin_share_type":"","_pinterest_share_type":"","_linkedin_share_type_page":"","_instagram_share_type":"","_medium_share_type":"","_threads_share_type":"","_google_business_share_type":"","_selected_social_profile":[],"_wpsp_enable_custom_social_template":false,"_wpsp_social_scheduling":{"enabled":false,"datetime":null,"platforms":[],"status":"template_only","dateOption":"today","timeOption":"now","customDays":"","customHours":"","customDate":"","customTime":"","schedulingType":"absolute"},"_wpsp_active_default_template":true},"categories":[27],"tags":[],"class_list":["post-7863","post","type-post","status-publish","format-standard","has-post-thumbnail","hentry","category-actualite"],"aioseo_notices":[],"yoast_head":"<!-- This site is optimized with the Yoast SEO plugin v27.5 - https:\/\/yoast.com\/product\/yoast-seo-wordpress\/ -->\n<title>Habitat : Ouverture de la plateforme num\u00e9rique pour 6.000 souscripteurs - La Sentinelle<\/title>\n<meta name=\"robots\" content=\"index, follow, max-snippet:-1, max-image-preview:large, max-video-preview:-1\" \/>\n<link rel=\"canonical\" href=\"https:\/\/lasentinelle.dz\/index.php\/2021\/09\/15\/habitat-ouverture-de-la-plateforme-numerique-pour-6-000-souscripteurs\/\" \/>\n<meta property=\"og:locale\" content=\"fr_FR\" \/>\n<meta property=\"og:type\" content=\"article\" \/>\n<meta property=\"og:title\" content=\"Habitat : Ouverture de la plateforme num\u00e9rique pour 6.000 souscripteurs - La Sentinelle\" \/>\n<meta property=\"og:description\" content=\"Quelques 6.000 souscripteurs vont pouvoir retirer leurs ordres de virement \u00e0 partir de jeudi prochain via la plate-forme num\u00e9rique de\" \/>\n<meta property=\"og:url\" content=\"https:\/\/lasentinelle.dz\/index.php\/2021\/09\/15\/habitat-ouverture-de-la-plateforme-numerique-pour-6-000-souscripteurs\/\" \/>\n<meta property=\"og:site_name\" content=\"La Sentinelle\" \/>\n<meta property=\"article:publisher\" content=\"https:\/\/www.facebook.com\/La-Sentinelle-104059864394773\" \/>\n<meta property=\"article:published_time\" content=\"2021-09-14T23:01:00+00:00\" \/>\n<meta property=\"og:image\" content=\"https:\/\/lasentinelle.dz\/wp-content\/uploads\/2021\/09\/image_2021-09-14_191435.png\" \/>\n\t<meta property=\"og:image:width\" content=\"934\" \/>\n\t<meta property=\"og:image:height\" content=\"508\" \/>\n\t<meta property=\"og:image:type\" content=\"image\/png\" \/>\n<meta name=\"author\" content=\"La Sentinelle\" \/>\n<meta name=\"twitter:card\" content=\"summary_large_image\" \/>\n<meta name=\"twitter:label1\" content=\"\u00c9crit par\" \/>\n\t<meta name=\"twitter:data1\" content=\"La Sentinelle\" \/>\n\t<meta name=\"twitter:label2\" content=\"Dur\u00e9e de lecture estim\u00e9e\" \/>\n\t<meta name=\"twitter:data2\" content=\"2 minutes\" \/>\n<script type=\"application\/ld+json\" class=\"yoast-schema-graph\">{\"@context\":\"https:\\\/\\\/schema.org\",\"@graph\":[{\"@type\":\"Article\",\"@id\":\"https:\\\/\\\/lasentinelle.dz\\\/index.php\\\/2021\\\/09\\\/15\\\/habitat-ouverture-de-la-plateforme-numerique-pour-6-000-souscripteurs\\\/#article\",\"isPartOf\":{\"@id\":\"https:\\\/\\\/lasentinelle.dz\\\/index.php\\\/2021\\\/09\\\/15\\\/habitat-ouverture-de-la-plateforme-numerique-pour-6-000-souscripteurs\\\/\"},\"author\":{\"name\":\"La Sentinelle\",\"@id\":\"https:\\\/\\\/lasentinelle.dz\\\/#\\\/schema\\\/person\\\/d865044e22e70a75174ce8bcad3acfb3\"},\"headline\":\"Habitat : Ouverture de la plateforme num\u00e9rique pour 6.000 souscripteurs\",\"datePublished\":\"2021-09-14T23:01:00+00:00\",\"mainEntityOfPage\":{\"@id\":\"https:\\\/\\\/lasentinelle.dz\\\/index.php\\\/2021\\\/09\\\/15\\\/habitat-ouverture-de-la-plateforme-numerique-pour-6-000-souscripteurs\\\/\"},\"wordCount\":519,\"commentCount\":0,\"publisher\":{\"@id\":\"https:\\\/\\\/lasentinelle.dz\\\/#organization\"},\"image\":{\"@id\":\"https:\\\/\\\/lasentinelle.dz\\\/index.php\\\/2021\\\/09\\\/15\\\/habitat-ouverture-de-la-plateforme-numerique-pour-6-000-souscripteurs\\\/#primaryimage\"},\"thumbnailUrl\":\"https:\\\/\\\/lasentinelle.dz\\\/wp-content\\\/uploads\\\/2021\\\/09\\\/image_2021-09-14_191435.png\",\"articleSection\":[\"Actualit\u00e9\"],\"inLanguage\":\"fr-FR\",\"potentialAction\":[{\"@type\":\"CommentAction\",\"name\":\"Comment\",\"target\":[\"https:\\\/\\\/lasentinelle.dz\\\/index.php\\\/2021\\\/09\\\/15\\\/habitat-ouverture-de-la-plateforme-numerique-pour-6-000-souscripteurs\\\/#respond\"]}]},{\"@type\":\"WebPage\",\"@id\":\"https:\\\/\\\/lasentinelle.dz\\\/index.php\\\/2021\\\/09\\\/15\\\/habitat-ouverture-de-la-plateforme-numerique-pour-6-000-souscripteurs\\\/\",\"url\":\"https:\\\/\\\/lasentinelle.dz\\\/index.php\\\/2021\\\/09\\\/15\\\/habitat-ouverture-de-la-plateforme-numerique-pour-6-000-souscripteurs\\\/\",\"name\":\"Habitat : Ouverture de la plateforme num\u00e9rique pour 6.000 souscripteurs - La Sentinelle\",\"isPartOf\":{\"@id\":\"https:\\\/\\\/lasentinelle.dz\\\/#website\"},\"primaryImageOfPage\":{\"@id\":\"https:\\\/\\\/lasentinelle.dz\\\/index.php\\\/2021\\\/09\\\/15\\\/habitat-ouverture-de-la-plateforme-numerique-pour-6-000-souscripteurs\\\/#primaryimage\"},\"image\":{\"@id\":\"https:\\\/\\\/lasentinelle.dz\\\/index.php\\\/2021\\\/09\\\/15\\\/habitat-ouverture-de-la-plateforme-numerique-pour-6-000-souscripteurs\\\/#primaryimage\"},\"thumbnailUrl\":\"https:\\\/\\\/lasentinelle.dz\\\/wp-content\\\/uploads\\\/2021\\\/09\\\/image_2021-09-14_191435.png\",\"datePublished\":\"2021-09-14T23:01:00+00:00\",\"breadcrumb\":{\"@id\":\"https:\\\/\\\/lasentinelle.dz\\\/index.php\\\/2021\\\/09\\\/15\\\/habitat-ouverture-de-la-plateforme-numerique-pour-6-000-souscripteurs\\\/#breadcrumb\"},\"inLanguage\":\"fr-FR\",\"potentialAction\":[{\"@type\":\"ReadAction\",\"target\":[\"https:\\\/\\\/lasentinelle.dz\\\/index.php\\\/2021\\\/09\\\/15\\\/habitat-ouverture-de-la-plateforme-numerique-pour-6-000-souscripteurs\\\/\"]}]},{\"@type\":\"ImageObject\",\"inLanguage\":\"fr-FR\",\"@id\":\"https:\\\/\\\/lasentinelle.dz\\\/index.php\\\/2021\\\/09\\\/15\\\/habitat-ouverture-de-la-plateforme-numerique-pour-6-000-souscripteurs\\\/#primaryimage\",\"url\":\"https:\\\/\\\/lasentinelle.dz\\\/wp-content\\\/uploads\\\/2021\\\/09\\\/image_2021-09-14_191435.png\",\"contentUrl\":\"https:\\\/\\\/lasentinelle.dz\\\/wp-content\\\/uploads\\\/2021\\\/09\\\/image_2021-09-14_191435.png\",\"width\":934,\"height\":508},{\"@type\":\"BreadcrumbList\",\"@id\":\"https:\\\/\\\/lasentinelle.dz\\\/index.php\\\/2021\\\/09\\\/15\\\/habitat-ouverture-de-la-plateforme-numerique-pour-6-000-souscripteurs\\\/#breadcrumb\",\"itemListElement\":[{\"@type\":\"ListItem\",\"position\":1,\"name\":\"Accueil\",\"item\":\"https:\\\/\\\/lasentinelle.dz\\\/\"},{\"@type\":\"ListItem\",\"position\":2,\"name\":\"Habitat : Ouverture de la plateforme num\u00e9rique pour 6.000 souscripteurs\"}]},{\"@type\":\"WebSite\",\"@id\":\"https:\\\/\\\/lasentinelle.dz\\\/#website\",\"url\":\"https:\\\/\\\/lasentinelle.dz\\\/\",\"name\":\"La Sentinelle\",\"description\":\"Quotidien national d&#039;information\",\"publisher\":{\"@id\":\"https:\\\/\\\/lasentinelle.dz\\\/#organization\"},\"potentialAction\":[{\"@type\":\"SearchAction\",\"target\":{\"@type\":\"EntryPoint\",\"urlTemplate\":\"https:\\\/\\\/lasentinelle.dz\\\/?s={search_term_string}\"},\"query-input\":{\"@type\":\"PropertyValueSpecification\",\"valueRequired\":true,\"valueName\":\"search_term_string\"}}],\"inLanguage\":\"fr-FR\"},{\"@type\":\"Organization\",\"@id\":\"https:\\\/\\\/lasentinelle.dz\\\/#organization\",\"name\":\"Quotidien La Sentinelle\",\"url\":\"https:\\\/\\\/lasentinelle.dz\\\/\",\"logo\":{\"@type\":\"ImageObject\",\"inLanguage\":\"fr-FR\",\"@id\":\"https:\\\/\\\/lasentinelle.dz\\\/#\\\/schema\\\/logo\\\/image\\\/\",\"url\":\"https:\\\/\\\/lasentinelle.dz\\\/wp-content\\\/uploads\\\/2021\\\/09\\\/logo-sentinelleSLOGAN-1.png\",\"contentUrl\":\"https:\\\/\\\/lasentinelle.dz\\\/wp-content\\\/uploads\\\/2021\\\/09\\\/logo-sentinelleSLOGAN-1.png\",\"width\":615,\"height\":142,\"caption\":\"Quotidien La Sentinelle\"},\"image\":{\"@id\":\"https:\\\/\\\/lasentinelle.dz\\\/#\\\/schema\\\/logo\\\/image\\\/\"},\"sameAs\":[\"https:\\\/\\\/www.facebook.com\\\/La-Sentinelle-104059864394773\"]},{\"@type\":\"Person\",\"@id\":\"https:\\\/\\\/lasentinelle.dz\\\/#\\\/schema\\\/person\\\/d865044e22e70a75174ce8bcad3acfb3\",\"name\":\"La Sentinelle\",\"image\":{\"@type\":\"ImageObject\",\"inLanguage\":\"fr-FR\",\"@id\":\"https:\\\/\\\/secure.gravatar.com\\\/avatar\\\/57de8e5d4b15d43fb361a71fbb36338450fe67865b528a43dd10ef7c51a20392?s=96&d=mm&r=g\",\"url\":\"https:\\\/\\\/secure.gravatar.com\\\/avatar\\\/57de8e5d4b15d43fb361a71fbb36338450fe67865b528a43dd10ef7c51a20392?s=96&d=mm&r=g\",\"contentUrl\":\"https:\\\/\\\/secure.gravatar.com\\\/avatar\\\/57de8e5d4b15d43fb361a71fbb36338450fe67865b528a43dd10ef7c51a20392?s=96&d=mm&r=g\",\"caption\":\"La Sentinelle\"},\"sameAs\":[\"http:\\\/\\\/www.lasentinelle.dz\"],\"url\":\"https:\\\/\\\/lasentinelle.dz\\\/author\\\/redaction\\\/\"}]}<\/script>\n<!-- \/ Yoast SEO plugin. -->","yoast_head_json":{"title":"Habitat : Ouverture de la plateforme num\u00e9rique pour 6.000 souscripteurs - La Sentinelle","robots":{"index":"index","follow":"follow","max-snippet":"max-snippet:-1","max-image-preview":"max-image-preview:large","max-video-preview":"max-video-preview:-1"},"canonical":"https:\/\/lasentinelle.dz\/index.php\/2021\/09\/15\/habitat-ouverture-de-la-plateforme-numerique-pour-6-000-souscripteurs\/","og_locale":"fr_FR","og_type":"article","og_title":"Habitat : Ouverture de la plateforme num\u00e9rique pour 6.000 souscripteurs - La Sentinelle","og_description":"Quelques 6.000 souscripteurs vont pouvoir retirer leurs ordres de virement \u00e0 partir de jeudi prochain via la plate-forme num\u00e9rique de","og_url":"https:\/\/lasentinelle.dz\/index.php\/2021\/09\/15\/habitat-ouverture-de-la-plateforme-numerique-pour-6-000-souscripteurs\/","og_site_name":"La Sentinelle","article_publisher":"https:\/\/www.facebook.com\/La-Sentinelle-104059864394773","article_published_time":"2021-09-14T23:01:00+00:00","og_image":[{"width":934,"height":508,"url":"https:\/\/lasentinelle.dz\/wp-content\/uploads\/2021\/09\/image_2021-09-14_191435.png","type":"image\/png"}],"author":"La Sentinelle","twitter_card":"summary_large_image","twitter_misc":{"\u00c9crit par":"La Sentinelle","Dur\u00e9e de lecture estim\u00e9e":"2 minutes"},"schema":{"@context":"https:\/\/schema.org","@graph":[{"@type":"Article","@id":"https:\/\/lasentinelle.dz\/index.php\/2021\/09\/15\/habitat-ouverture-de-la-plateforme-numerique-pour-6-000-souscripteurs\/#article","isPartOf":{"@id":"https:\/\/lasentinelle.dz\/index.php\/2021\/09\/15\/habitat-ouverture-de-la-plateforme-numerique-pour-6-000-souscripteurs\/"},"author":{"name":"La Sentinelle","@id":"https:\/\/lasentinelle.dz\/#\/schema\/person\/d865044e22e70a75174ce8bcad3acfb3"},"headline":"Habitat : Ouverture de la plateforme num\u00e9rique pour 6.000 souscripteurs","datePublished":"2021-09-14T23:01:00+00:00","mainEntityOfPage":{"@id":"https:\/\/lasentinelle.dz\/index.php\/2021\/09\/15\/habitat-ouverture-de-la-plateforme-numerique-pour-6-000-souscripteurs\/"},"wordCount":519,"commentCount":0,"publisher":{"@id":"https:\/\/lasentinelle.dz\/#organization"},"image":{"@id":"https:\/\/lasentinelle.dz\/index.php\/2021\/09\/15\/habitat-ouverture-de-la-plateforme-numerique-pour-6-000-souscripteurs\/#primaryimage"},"thumbnailUrl":"https:\/\/lasentinelle.dz\/wp-content\/uploads\/2021\/09\/image_2021-09-14_191435.png","articleSection":["Actualit\u00e9"],"inLanguage":"fr-FR","potentialAction":[{"@type":"CommentAction","name":"Comment","target":["https:\/\/lasentinelle.dz\/index.php\/2021\/09\/15\/habitat-ouverture-de-la-plateforme-numerique-pour-6-000-souscripteurs\/#respond"]}]},{"@type":"WebPage","@id":"https:\/\/lasentinelle.dz\/index.php\/2021\/09\/15\/habitat-ouverture-de-la-plateforme-numerique-pour-6-000-souscripteurs\/","url":"https:\/\/lasentinelle.dz\/index.php\/2021\/09\/15\/habitat-ouverture-de-la-plateforme-numerique-pour-6-000-souscripteurs\/","name":"Habitat : Ouverture de la plateforme num\u00e9rique pour 6.000 souscripteurs - La Sentinelle","isPartOf":{"@id":"https:\/\/lasentinelle.dz\/#website"},"primaryImageOfPage":{"@id":"https:\/\/lasentinelle.dz\/index.php\/2021\/09\/15\/habitat-ouverture-de-la-plateforme-numerique-pour-6-000-souscripteurs\/#primaryimage"},"image":{"@id":"https:\/\/lasentinelle.dz\/index.php\/2021\/09\/15\/habitat-ouverture-de-la-plateforme-numerique-pour-6-000-souscripteurs\/#primaryimage"},"thumbnailUrl":"https:\/\/lasentinelle.dz\/wp-content\/uploads\/2021\/09\/image_2021-09-14_191435.png","datePublished":"2021-09-14T23:01:00+00:00","breadcrumb":{"@id":"https:\/\/lasentinelle.dz\/index.php\/2021\/09\/15\/habitat-ouverture-de-la-plateforme-numerique-pour-6-000-souscripteurs\/#breadcrumb"},"inLanguage":"fr-FR","potentialAction":[{"@type":"ReadAction","target":["https:\/\/lasentinelle.dz\/index.php\/2021\/09\/15\/habitat-ouverture-de-la-plateforme-numerique-pour-6-000-souscripteurs\/"]}]},{"@type":"ImageObject","inLanguage":"fr-FR","@id":"https:\/\/lasentinelle.dz\/index.php\/2021\/09\/15\/habitat-ouverture-de-la-plateforme-numerique-pour-6-000-souscripteurs\/#primaryimage","url":"https:\/\/lasentinelle.dz\/wp-content\/uploads\/2021\/09\/image_2021-09-14_191435.png","contentUrl":"https:\/\/lasentinelle.dz\/wp-content\/uploads\/2021\/09\/image_2021-09-14_191435.png","width":934,"height":508},{"@type":"BreadcrumbList","@id":"https:\/\/lasentinelle.dz\/index.php\/2021\/09\/15\/habitat-ouverture-de-la-plateforme-numerique-pour-6-000-souscripteurs\/#breadcrumb","itemListElement":[{"@type":"ListItem","position":1,"name":"Accueil","item":"https:\/\/lasentinelle.dz\/"},{"@type":"ListItem","position":2,"name":"Habitat : Ouverture de la plateforme num\u00e9rique pour 6.000 souscripteurs"}]},{"@type":"WebSite","@id":"https:\/\/lasentinelle.dz\/#website","url":"https:\/\/lasentinelle.dz\/","name":"La Sentinelle","description":"Quotidien national d&#039;information","publisher":{"@id":"https:\/\/lasentinelle.dz\/#organization"},"potentialAction":[{"@type":"SearchAction","target":{"@type":"EntryPoint","urlTemplate":"https:\/\/lasentinelle.dz\/?s={search_term_string}"},"query-input":{"@type":"PropertyValueSpecification","valueRequired":true,"valueName":"search_term_string"}}],"inLanguage":"fr-FR"},{"@type":"Organization","@id":"https:\/\/lasentinelle.dz\/#organization","name":"Quotidien La Sentinelle","url":"https:\/\/lasentinelle.dz\/","logo":{"@type":"ImageObject","inLanguage":"fr-FR","@id":"https:\/\/lasentinelle.dz\/#\/schema\/logo\/image\/","url":"https:\/\/lasentinelle.dz\/wp-content\/uploads\/2021\/09\/logo-sentinelleSLOGAN-1.png","contentUrl":"https:\/\/lasentinelle.dz\/wp-content\/uploads\/2021\/09\/logo-sentinelleSLOGAN-1.png","width":615,"height":142,"caption":"Quotidien La Sentinelle"},"image":{"@id":"https:\/\/lasentinelle.dz\/#\/schema\/logo\/image\/"},"sameAs":["https:\/\/www.facebook.com\/La-Sentinelle-104059864394773"]},{"@type":"Person","@id":"https:\/\/lasentinelle.dz\/#\/schema\/person\/d865044e22e70a75174ce8bcad3acfb3","name":"La Sentinelle","image":{"@type":"ImageObject","inLanguage":"fr-FR","@id":"https:\/\/secure.gravatar.com\/avatar\/57de8e5d4b15d43fb361a71fbb36338450fe67865b528a43dd10ef7c51a20392?s=96&d=mm&r=g","url":"https:\/\/secure.gravatar.com\/avatar\/57de8e5d4b15d43fb361a71fbb36338450fe67865b528a43dd10ef7c51a20392?s=96&d=mm&r=g","contentUrl":"https:\/\/secure.gravatar.com\/avatar\/57de8e5d4b15d43fb361a71fbb36338450fe67865b528a43dd10ef7c51a20392?s=96&d=mm&r=g","caption":"La Sentinelle"},"sameAs":["http:\/\/www.lasentinelle.dz"],"url":"https:\/\/lasentinelle.dz\/author\/redaction\/"}]}},"_links":{"self":[{"href":"https:\/\/lasentinelle.dz\/index.php\/wp-json\/wp\/v2\/posts\/7863","targetHints":{"allow":["GET"]}}],"collection":[{"href":"https:\/\/lasentinelle.dz\/index.php\/wp-json\/wp\/v2\/posts"}],"about":[{"href":"https:\/\/lasentinelle.dz\/index.php\/wp-json\/wp\/v2\/types\/post"}],"author":[{"embeddable":true,"href":"https:\/\/lasentinelle.dz\/index.php\/wp-json\/wp\/v2\/users\/3"}],"replies":[{"embeddable":true,"href":"https:\/\/lasentinelle.dz\/index.php\/wp-json\/wp\/v2\/comments?post=7863"}],"version-history":[{"count":1,"href":"https:\/\/lasentinelle.dz\/index.php\/wp-json\/wp\/v2\/posts\/7863\/revisions"}],"predecessor-version":[{"id":7872,"href":"https:\/\/lasentinelle.dz\/index.php\/wp-json\/wp\/v2\/posts\/7863\/revisions\/7872"}],"wp:featuredmedia":[{"embeddable":true,"href":"https:\/\/lasentinelle.dz\/index.php\/wp-json\/wp\/v2\/media\/7871"}],"wp:attachment":[{"href":"https:\/\/lasentinelle.dz\/index.php\/wp-json\/wp\/v2\/media?parent=7863"}],"wp:term":[{"taxonomy":"category","embeddable":true,"href":"https:\/\/lasentinelle.dz\/index.php\/wp-json\/wp\/v2\/categories?post=7863"},{"taxonomy":"post_tag","embeddable":true,"href":"https:\/\/lasentinelle.dz\/index.php\/wp-json\/wp\/v2\/tags?post=7863"}],"curies":[{"name":"wp","href":"https:\/\/api.w.org\/{rel}","templated":true}]}}