{"id":7914,"date":"2021-09-16T00:01:00","date_gmt":"2021-09-15T23:01:00","guid":{"rendered":"https:\/\/lasentinelle.dz\/?p=7914"},"modified":"2021-09-15T15:00:54","modified_gmt":"2021-09-15T14:00:54","slug":"mondial-biennal-motsepe-soutient-il-infantino","status":"publish","type":"post","link":"https:\/\/lasentinelle.dz\/index.php\/2021\/09\/16\/mondial-biennal-motsepe-soutient-il-infantino\/","title":{"rendered":"Mondial biennal : Motsepe soutient-il Infantino ?"},"content":{"rendered":"\n<p>Pour le patron de la CAF, celle-ci est impliqu\u00e9e dans les discussions entre la FIFA, les conf\u00e9d\u00e9rations, les associations membres, les joueurs et les autres parties prenantes concernant ce sujet&nbsp;<\/p>\n\n\n\n<p>La Conf\u00e9d\u00e9ration africaine de football (CAF) a r\u00e9agi mardi au projet de l&rsquo;organisation de la Coupe du Monde tous les deux ans au lieu de l&rsquo;actuel rythme quadriennal, une id\u00e9e qui suscite la controverse sur la plan\u00e8te football, estimant important de poursuivre les discussions dans une d\u00e9marche d&rsquo;ouverture dans l&rsquo;int\u00e9r\u00eat du monde entier. \u00ab&nbsp;A ce stade, la CAF estime que le plus important est de poursuivre les discussions et les d\u00e9lib\u00e9rations, dans une d\u00e9marche d\u2019ouverture d\u2019esprit et avec l\u2019objectif d\u2019agir dans le meilleur int\u00e9r\u00eat de l\u2019ensemble des associations membres, conf\u00e9d\u00e9rations, joueurs et parties prenantes du monde entier&nbsp;\u00bb, a indiqu\u00e9 le pr\u00e9sident de l&rsquo;instance Patrice Motsepe dans un communiqu\u00e9 publi\u00e9 sur le site de la CAF. Pour le Sud-Africain, la CAF est impliqu\u00e9e dans les discussions entre la FIFA, les conf\u00e9d\u00e9rations, les associations membres, les joueurs et les autres parties prenantes concernant la tenue de la Coupe du Monde de la FIFA tous les deux ans. \u00ab&nbsp;Nous proposons que le Congr\u00e8s mandate l&rsquo;administration de la FIFA pour effectuer une \u00e9tude de faisabilit\u00e9 sur les cons\u00e9quences d\u2019une organisation de la Coupe du Monde de la FIFA&nbsp; et de la Coupe du Monde F\u00e9minine de la FIFA&nbsp; tous les deux ans, et sur la mani\u00e8re dont cela pourrait \u00eatre int\u00e9gr\u00e9 aux calendriers internationaux&nbsp;\u00bb, a t-il soulign\u00e9. Il est sugg\u00e9r\u00e9 que cette analyse approfondie ne se limite pas aux cons\u00e9quences directes d\u2019une organisation biennale de ces deux comp\u00e9titions, mais qu\u2019elle consid\u00e8re \u00e9galement leurs comp\u00e9titions qualificatives et l\u2019\u00e9ventuelle influence positive d\u2019une r\u00e9duction du nombre de matches internationaux associ\u00e9e \u00e0 une augmentation de l\u2019enjeu sur le bien \u00eatre des joueurs, ainsi que sur une augmentation de la valeur et du prestige de ces comp\u00e9titions&nbsp;\u00bb, a-t-il pr\u00e9conis\u00e9. \u00ab&nbsp;Nous sommes convaincus que la croissance et le succ\u00e8s \u00e0 long terme de la FIFA, des associations membres et de toutes les conf\u00e9d\u00e9rations sont inextricablement li\u00e9s. Nous croyons \u00e9galement que les discussions et les d\u00e9lib\u00e9rations nous permettront de trouver ensemble des solutions pour le bien du football et de nos parties prenantes sur tous les continents&nbsp;\u00bb, a conclu Motsepe.<\/p>\n\n\n\n<p><strong>R. S.&nbsp;<\/strong><\/p>\n","protected":false},"excerpt":{"rendered":"<p>Pour le patron de la CAF, celle-ci est impliqu\u00e9e dans les discussions entre la FIFA, les conf\u00e9d\u00e9rations, les associations membres,<\/p>\n","protected":false},"author":3,"featured_media":7915,"comment_status":"open","ping_status":"closed","sticky":false,"template":"","format":"standard","meta":{"colormag_page_container_layout":"default_layout","colormag_page_sidebar_layout":"default_layout","om_disable_all_campaigns":false,"_monsterinsights_skip_tracking":false,"_monsterinsights_sitenote_active":false,"_monsterinsights_sitenote_note":"","_monsterinsights_sitenote_category":0,"footnotes":"","_wpscppro_dont_share_socialmedia":false,"_wpscppro_custom_social_share_image":0,"_facebook_share_type":"","_twitter_share_type":"","_linkedin_share_type":"","_pinterest_share_type":"","_linkedin_share_type_page":"","_instagram_share_type":"","_medium_share_type":"","_threads_share_type":"","_google_business_share_type":"","_selected_social_profile":[],"_wpsp_enable_custom_social_template":false,"_wpsp_social_scheduling":{"enabled":false,"datetime":null,"platforms":[],"status":"template_only","dateOption":"today","timeOption":"now","customDays":"","customHours":"","customDate":"","customTime":"","schedulingType":"absolute"},"_wpsp_active_default_template":true},"categories":[33],"tags":[],"class_list":["post-7914","post","type-post","status-publish","format-standard","has-post-thumbnail","hentry","category-sports"],"aioseo_notices":[],"yoast_head":"<!-- This site is optimized with the Yoast SEO plugin v27.5 - https:\/\/yoast.com\/product\/yoast-seo-wordpress\/ -->\n<title>Mondial biennal : Motsepe soutient-il Infantino ? - La Sentinelle<\/title>\n<meta name=\"robots\" content=\"index, follow, max-snippet:-1, max-image-preview:large, max-video-preview:-1\" \/>\n<link rel=\"canonical\" href=\"https:\/\/lasentinelle.dz\/index.php\/2021\/09\/16\/mondial-biennal-motsepe-soutient-il-infantino\/\" \/>\n<meta property=\"og:locale\" content=\"fr_FR\" \/>\n<meta property=\"og:type\" content=\"article\" \/>\n<meta property=\"og:title\" content=\"Mondial biennal : Motsepe soutient-il Infantino ? - La Sentinelle\" \/>\n<meta property=\"og:description\" content=\"Pour le patron de la CAF, celle-ci est impliqu\u00e9e dans les discussions entre la FIFA, les conf\u00e9d\u00e9rations, les associations membres,\" \/>\n<meta property=\"og:url\" content=\"https:\/\/lasentinelle.dz\/index.php\/2021\/09\/16\/mondial-biennal-motsepe-soutient-il-infantino\/\" \/>\n<meta property=\"og:site_name\" content=\"La Sentinelle\" \/>\n<meta property=\"article:publisher\" content=\"https:\/\/www.facebook.com\/La-Sentinelle-104059864394773\" \/>\n<meta property=\"article:published_time\" content=\"2021-09-15T23:01:00+00:00\" \/>\n<meta property=\"og:image\" content=\"https:\/\/lasentinelle.dz\/wp-content\/uploads\/2021\/09\/motsepe2222.jpg\" \/>\n\t<meta property=\"og:image:width\" content=\"800\" \/>\n\t<meta property=\"og:image:height\" content=\"533\" \/>\n\t<meta property=\"og:image:type\" content=\"image\/jpeg\" \/>\n<meta name=\"author\" content=\"La Sentinelle\" \/>\n<meta name=\"twitter:card\" content=\"summary_large_image\" \/>\n<meta name=\"twitter:label1\" content=\"\u00c9crit par\" \/>\n\t<meta name=\"twitter:data1\" content=\"La Sentinelle\" \/>\n\t<meta name=\"twitter:label2\" content=\"Dur\u00e9e de lecture estim\u00e9e\" \/>\n\t<meta name=\"twitter:data2\" content=\"2 minutes\" \/>\n<script type=\"application\/ld+json\" class=\"yoast-schema-graph\">{\"@context\":\"https:\\\/\\\/schema.org\",\"@graph\":[{\"@type\":\"Article\",\"@id\":\"https:\\\/\\\/lasentinelle.dz\\\/index.php\\\/2021\\\/09\\\/16\\\/mondial-biennal-motsepe-soutient-il-infantino\\\/#article\",\"isPartOf\":{\"@id\":\"https:\\\/\\\/lasentinelle.dz\\\/index.php\\\/2021\\\/09\\\/16\\\/mondial-biennal-motsepe-soutient-il-infantino\\\/\"},\"author\":{\"name\":\"La Sentinelle\",\"@id\":\"https:\\\/\\\/lasentinelle.dz\\\/#\\\/schema\\\/person\\\/d865044e22e70a75174ce8bcad3acfb3\"},\"headline\":\"Mondial biennal : Motsepe soutient-il Infantino ?\",\"datePublished\":\"2021-09-15T23:01:00+00:00\",\"mainEntityOfPage\":{\"@id\":\"https:\\\/\\\/lasentinelle.dz\\\/index.php\\\/2021\\\/09\\\/16\\\/mondial-biennal-motsepe-soutient-il-infantino\\\/\"},\"wordCount\":444,\"commentCount\":0,\"publisher\":{\"@id\":\"https:\\\/\\\/lasentinelle.dz\\\/#organization\"},\"image\":{\"@id\":\"https:\\\/\\\/lasentinelle.dz\\\/index.php\\\/2021\\\/09\\\/16\\\/mondial-biennal-motsepe-soutient-il-infantino\\\/#primaryimage\"},\"thumbnailUrl\":\"https:\\\/\\\/lasentinelle.dz\\\/wp-content\\\/uploads\\\/2021\\\/09\\\/motsepe2222.jpg\",\"articleSection\":[\"Sports\"],\"inLanguage\":\"fr-FR\",\"potentialAction\":[{\"@type\":\"CommentAction\",\"name\":\"Comment\",\"target\":[\"https:\\\/\\\/lasentinelle.dz\\\/index.php\\\/2021\\\/09\\\/16\\\/mondial-biennal-motsepe-soutient-il-infantino\\\/#respond\"]}]},{\"@type\":\"WebPage\",\"@id\":\"https:\\\/\\\/lasentinelle.dz\\\/index.php\\\/2021\\\/09\\\/16\\\/mondial-biennal-motsepe-soutient-il-infantino\\\/\",\"url\":\"https:\\\/\\\/lasentinelle.dz\\\/index.php\\\/2021\\\/09\\\/16\\\/mondial-biennal-motsepe-soutient-il-infantino\\\/\",\"name\":\"Mondial biennal : Motsepe soutient-il Infantino ? - La Sentinelle\",\"isPartOf\":{\"@id\":\"https:\\\/\\\/lasentinelle.dz\\\/#website\"},\"primaryImageOfPage\":{\"@id\":\"https:\\\/\\\/lasentinelle.dz\\\/index.php\\\/2021\\\/09\\\/16\\\/mondial-biennal-motsepe-soutient-il-infantino\\\/#primaryimage\"},\"image\":{\"@id\":\"https:\\\/\\\/lasentinelle.dz\\\/index.php\\\/2021\\\/09\\\/16\\\/mondial-biennal-motsepe-soutient-il-infantino\\\/#primaryimage\"},\"thumbnailUrl\":\"https:\\\/\\\/lasentinelle.dz\\\/wp-content\\\/uploads\\\/2021\\\/09\\\/motsepe2222.jpg\",\"datePublished\":\"2021-09-15T23:01:00+00:00\",\"breadcrumb\":{\"@id\":\"https:\\\/\\\/lasentinelle.dz\\\/index.php\\\/2021\\\/09\\\/16\\\/mondial-biennal-motsepe-soutient-il-infantino\\\/#breadcrumb\"},\"inLanguage\":\"fr-FR\",\"potentialAction\":[{\"@type\":\"ReadAction\",\"target\":[\"https:\\\/\\\/lasentinelle.dz\\\/index.php\\\/2021\\\/09\\\/16\\\/mondial-biennal-motsepe-soutient-il-infantino\\\/\"]}]},{\"@type\":\"ImageObject\",\"inLanguage\":\"fr-FR\",\"@id\":\"https:\\\/\\\/lasentinelle.dz\\\/index.php\\\/2021\\\/09\\\/16\\\/mondial-biennal-motsepe-soutient-il-infantino\\\/#primaryimage\",\"url\":\"https:\\\/\\\/lasentinelle.dz\\\/wp-content\\\/uploads\\\/2021\\\/09\\\/motsepe2222.jpg\",\"contentUrl\":\"https:\\\/\\\/lasentinelle.dz\\\/wp-content\\\/uploads\\\/2021\\\/09\\\/motsepe2222.jpg\",\"width\":800,\"height\":533},{\"@type\":\"BreadcrumbList\",\"@id\":\"https:\\\/\\\/lasentinelle.dz\\\/index.php\\\/2021\\\/09\\\/16\\\/mondial-biennal-motsepe-soutient-il-infantino\\\/#breadcrumb\",\"itemListElement\":[{\"@type\":\"ListItem\",\"position\":1,\"name\":\"Accueil\",\"item\":\"https:\\\/\\\/lasentinelle.dz\\\/\"},{\"@type\":\"ListItem\",\"position\":2,\"name\":\"Mondial biennal : Motsepe soutient-il Infantino ?\"}]},{\"@type\":\"WebSite\",\"@id\":\"https:\\\/\\\/lasentinelle.dz\\\/#website\",\"url\":\"https:\\\/\\\/lasentinelle.dz\\\/\",\"name\":\"La Sentinelle\",\"description\":\"Quotidien national d&#039;information\",\"publisher\":{\"@id\":\"https:\\\/\\\/lasentinelle.dz\\\/#organization\"},\"potentialAction\":[{\"@type\":\"SearchAction\",\"target\":{\"@type\":\"EntryPoint\",\"urlTemplate\":\"https:\\\/\\\/lasentinelle.dz\\\/?s={search_term_string}\"},\"query-input\":{\"@type\":\"PropertyValueSpecification\",\"valueRequired\":true,\"valueName\":\"search_term_string\"}}],\"inLanguage\":\"fr-FR\"},{\"@type\":\"Organization\",\"@id\":\"https:\\\/\\\/lasentinelle.dz\\\/#organization\",\"name\":\"Quotidien La Sentinelle\",\"url\":\"https:\\\/\\\/lasentinelle.dz\\\/\",\"logo\":{\"@type\":\"ImageObject\",\"inLanguage\":\"fr-FR\",\"@id\":\"https:\\\/\\\/lasentinelle.dz\\\/#\\\/schema\\\/logo\\\/image\\\/\",\"url\":\"https:\\\/\\\/lasentinelle.dz\\\/wp-content\\\/uploads\\\/2021\\\/09\\\/logo-sentinelleSLOGAN-1.png\",\"contentUrl\":\"https:\\\/\\\/lasentinelle.dz\\\/wp-content\\\/uploads\\\/2021\\\/09\\\/logo-sentinelleSLOGAN-1.png\",\"width\":615,\"height\":142,\"caption\":\"Quotidien La Sentinelle\"},\"image\":{\"@id\":\"https:\\\/\\\/lasentinelle.dz\\\/#\\\/schema\\\/logo\\\/image\\\/\"},\"sameAs\":[\"https:\\\/\\\/www.facebook.com\\\/La-Sentinelle-104059864394773\"]},{\"@type\":\"Person\",\"@id\":\"https:\\\/\\\/lasentinelle.dz\\\/#\\\/schema\\\/person\\\/d865044e22e70a75174ce8bcad3acfb3\",\"name\":\"La Sentinelle\",\"image\":{\"@type\":\"ImageObject\",\"inLanguage\":\"fr-FR\",\"@id\":\"https:\\\/\\\/secure.gravatar.com\\\/avatar\\\/57de8e5d4b15d43fb361a71fbb36338450fe67865b528a43dd10ef7c51a20392?s=96&d=mm&r=g\",\"url\":\"https:\\\/\\\/secure.gravatar.com\\\/avatar\\\/57de8e5d4b15d43fb361a71fbb36338450fe67865b528a43dd10ef7c51a20392?s=96&d=mm&r=g\",\"contentUrl\":\"https:\\\/\\\/secure.gravatar.com\\\/avatar\\\/57de8e5d4b15d43fb361a71fbb36338450fe67865b528a43dd10ef7c51a20392?s=96&d=mm&r=g\",\"caption\":\"La Sentinelle\"},\"sameAs\":[\"http:\\\/\\\/www.lasentinelle.dz\"],\"url\":\"https:\\\/\\\/lasentinelle.dz\\\/author\\\/redaction\\\/\"}]}<\/script>\n<!-- \/ Yoast SEO plugin. -->","yoast_head_json":{"title":"Mondial biennal : Motsepe soutient-il Infantino ? - La Sentinelle","robots":{"index":"index","follow":"follow","max-snippet":"max-snippet:-1","max-image-preview":"max-image-preview:large","max-video-preview":"max-video-preview:-1"},"canonical":"https:\/\/lasentinelle.dz\/index.php\/2021\/09\/16\/mondial-biennal-motsepe-soutient-il-infantino\/","og_locale":"fr_FR","og_type":"article","og_title":"Mondial biennal : Motsepe soutient-il Infantino ? - La Sentinelle","og_description":"Pour le patron de la CAF, celle-ci est impliqu\u00e9e dans les discussions entre la FIFA, les conf\u00e9d\u00e9rations, les associations membres,","og_url":"https:\/\/lasentinelle.dz\/index.php\/2021\/09\/16\/mondial-biennal-motsepe-soutient-il-infantino\/","og_site_name":"La Sentinelle","article_publisher":"https:\/\/www.facebook.com\/La-Sentinelle-104059864394773","article_published_time":"2021-09-15T23:01:00+00:00","og_image":[{"width":800,"height":533,"url":"https:\/\/lasentinelle.dz\/wp-content\/uploads\/2021\/09\/motsepe2222.jpg","type":"image\/jpeg"}],"author":"La Sentinelle","twitter_card":"summary_large_image","twitter_misc":{"\u00c9crit par":"La Sentinelle","Dur\u00e9e de lecture estim\u00e9e":"2 minutes"},"schema":{"@context":"https:\/\/schema.org","@graph":[{"@type":"Article","@id":"https:\/\/lasentinelle.dz\/index.php\/2021\/09\/16\/mondial-biennal-motsepe-soutient-il-infantino\/#article","isPartOf":{"@id":"https:\/\/lasentinelle.dz\/index.php\/2021\/09\/16\/mondial-biennal-motsepe-soutient-il-infantino\/"},"author":{"name":"La Sentinelle","@id":"https:\/\/lasentinelle.dz\/#\/schema\/person\/d865044e22e70a75174ce8bcad3acfb3"},"headline":"Mondial biennal : Motsepe soutient-il Infantino ?","datePublished":"2021-09-15T23:01:00+00:00","mainEntityOfPage":{"@id":"https:\/\/lasentinelle.dz\/index.php\/2021\/09\/16\/mondial-biennal-motsepe-soutient-il-infantino\/"},"wordCount":444,"commentCount":0,"publisher":{"@id":"https:\/\/lasentinelle.dz\/#organization"},"image":{"@id":"https:\/\/lasentinelle.dz\/index.php\/2021\/09\/16\/mondial-biennal-motsepe-soutient-il-infantino\/#primaryimage"},"thumbnailUrl":"https:\/\/lasentinelle.dz\/wp-content\/uploads\/2021\/09\/motsepe2222.jpg","articleSection":["Sports"],"inLanguage":"fr-FR","potentialAction":[{"@type":"CommentAction","name":"Comment","target":["https:\/\/lasentinelle.dz\/index.php\/2021\/09\/16\/mondial-biennal-motsepe-soutient-il-infantino\/#respond"]}]},{"@type":"WebPage","@id":"https:\/\/lasentinelle.dz\/index.php\/2021\/09\/16\/mondial-biennal-motsepe-soutient-il-infantino\/","url":"https:\/\/lasentinelle.dz\/index.php\/2021\/09\/16\/mondial-biennal-motsepe-soutient-il-infantino\/","name":"Mondial biennal : Motsepe soutient-il Infantino ? - La Sentinelle","isPartOf":{"@id":"https:\/\/lasentinelle.dz\/#website"},"primaryImageOfPage":{"@id":"https:\/\/lasentinelle.dz\/index.php\/2021\/09\/16\/mondial-biennal-motsepe-soutient-il-infantino\/#primaryimage"},"image":{"@id":"https:\/\/lasentinelle.dz\/index.php\/2021\/09\/16\/mondial-biennal-motsepe-soutient-il-infantino\/#primaryimage"},"thumbnailUrl":"https:\/\/lasentinelle.dz\/wp-content\/uploads\/2021\/09\/motsepe2222.jpg","datePublished":"2021-09-15T23:01:00+00:00","breadcrumb":{"@id":"https:\/\/lasentinelle.dz\/index.php\/2021\/09\/16\/mondial-biennal-motsepe-soutient-il-infantino\/#breadcrumb"},"inLanguage":"fr-FR","potentialAction":[{"@type":"ReadAction","target":["https:\/\/lasentinelle.dz\/index.php\/2021\/09\/16\/mondial-biennal-motsepe-soutient-il-infantino\/"]}]},{"@type":"ImageObject","inLanguage":"fr-FR","@id":"https:\/\/lasentinelle.dz\/index.php\/2021\/09\/16\/mondial-biennal-motsepe-soutient-il-infantino\/#primaryimage","url":"https:\/\/lasentinelle.dz\/wp-content\/uploads\/2021\/09\/motsepe2222.jpg","contentUrl":"https:\/\/lasentinelle.dz\/wp-content\/uploads\/2021\/09\/motsepe2222.jpg","width":800,"height":533},{"@type":"BreadcrumbList","@id":"https:\/\/lasentinelle.dz\/index.php\/2021\/09\/16\/mondial-biennal-motsepe-soutient-il-infantino\/#breadcrumb","itemListElement":[{"@type":"ListItem","position":1,"name":"Accueil","item":"https:\/\/lasentinelle.dz\/"},{"@type":"ListItem","position":2,"name":"Mondial biennal : Motsepe soutient-il Infantino ?"}]},{"@type":"WebSite","@id":"https:\/\/lasentinelle.dz\/#website","url":"https:\/\/lasentinelle.dz\/","name":"La Sentinelle","description":"Quotidien national d&#039;information","publisher":{"@id":"https:\/\/lasentinelle.dz\/#organization"},"potentialAction":[{"@type":"SearchAction","target":{"@type":"EntryPoint","urlTemplate":"https:\/\/lasentinelle.dz\/?s={search_term_string}"},"query-input":{"@type":"PropertyValueSpecification","valueRequired":true,"valueName":"search_term_string"}}],"inLanguage":"fr-FR"},{"@type":"Organization","@id":"https:\/\/lasentinelle.dz\/#organization","name":"Quotidien La Sentinelle","url":"https:\/\/lasentinelle.dz\/","logo":{"@type":"ImageObject","inLanguage":"fr-FR","@id":"https:\/\/lasentinelle.dz\/#\/schema\/logo\/image\/","url":"https:\/\/lasentinelle.dz\/wp-content\/uploads\/2021\/09\/logo-sentinelleSLOGAN-1.png","contentUrl":"https:\/\/lasentinelle.dz\/wp-content\/uploads\/2021\/09\/logo-sentinelleSLOGAN-1.png","width":615,"height":142,"caption":"Quotidien La Sentinelle"},"image":{"@id":"https:\/\/lasentinelle.dz\/#\/schema\/logo\/image\/"},"sameAs":["https:\/\/www.facebook.com\/La-Sentinelle-104059864394773"]},{"@type":"Person","@id":"https:\/\/lasentinelle.dz\/#\/schema\/person\/d865044e22e70a75174ce8bcad3acfb3","name":"La Sentinelle","image":{"@type":"ImageObject","inLanguage":"fr-FR","@id":"https:\/\/secure.gravatar.com\/avatar\/57de8e5d4b15d43fb361a71fbb36338450fe67865b528a43dd10ef7c51a20392?s=96&d=mm&r=g","url":"https:\/\/secure.gravatar.com\/avatar\/57de8e5d4b15d43fb361a71fbb36338450fe67865b528a43dd10ef7c51a20392?s=96&d=mm&r=g","contentUrl":"https:\/\/secure.gravatar.com\/avatar\/57de8e5d4b15d43fb361a71fbb36338450fe67865b528a43dd10ef7c51a20392?s=96&d=mm&r=g","caption":"La Sentinelle"},"sameAs":["http:\/\/www.lasentinelle.dz"],"url":"https:\/\/lasentinelle.dz\/author\/redaction\/"}]}},"_links":{"self":[{"href":"https:\/\/lasentinelle.dz\/index.php\/wp-json\/wp\/v2\/posts\/7914","targetHints":{"allow":["GET"]}}],"collection":[{"href":"https:\/\/lasentinelle.dz\/index.php\/wp-json\/wp\/v2\/posts"}],"about":[{"href":"https:\/\/lasentinelle.dz\/index.php\/wp-json\/wp\/v2\/types\/post"}],"author":[{"embeddable":true,"href":"https:\/\/lasentinelle.dz\/index.php\/wp-json\/wp\/v2\/users\/3"}],"replies":[{"embeddable":true,"href":"https:\/\/lasentinelle.dz\/index.php\/wp-json\/wp\/v2\/comments?post=7914"}],"version-history":[{"count":1,"href":"https:\/\/lasentinelle.dz\/index.php\/wp-json\/wp\/v2\/posts\/7914\/revisions"}],"predecessor-version":[{"id":7916,"href":"https:\/\/lasentinelle.dz\/index.php\/wp-json\/wp\/v2\/posts\/7914\/revisions\/7916"}],"wp:featuredmedia":[{"embeddable":true,"href":"https:\/\/lasentinelle.dz\/index.php\/wp-json\/wp\/v2\/media\/7915"}],"wp:attachment":[{"href":"https:\/\/lasentinelle.dz\/index.php\/wp-json\/wp\/v2\/media?parent=7914"}],"wp:term":[{"taxonomy":"category","embeddable":true,"href":"https:\/\/lasentinelle.dz\/index.php\/wp-json\/wp\/v2\/categories?post=7914"},{"taxonomy":"post_tag","embeddable":true,"href":"https:\/\/lasentinelle.dz\/index.php\/wp-json\/wp\/v2\/tags?post=7914"}],"curies":[{"name":"wp","href":"https:\/\/api.w.org\/{rel}","templated":true}]}}