{"id":7934,"date":"2021-09-16T00:01:00","date_gmt":"2021-09-15T23:01:00","guid":{"rendered":"https:\/\/lasentinelle.dz\/?p=7934"},"modified":"2021-09-15T16:10:39","modified_gmt":"2021-09-15T15:10:39","slug":"le-moudjahid-tayeb-thaalibi-dit-si-allal-nest-plus","status":"publish","type":"post","link":"https:\/\/lasentinelle.dz\/index.php\/2021\/09\/16\/le-moudjahid-tayeb-thaalibi-dit-si-allal-nest-plus\/","title":{"rendered":"Le moudjahid Tayeb Tha\u00e2libi dit \u00a0\u00bb Si Allal\u00a0\u00bb n&rsquo;est plus"},"content":{"rendered":"\n<p>Le moudjahid Tayeb Tha\u00e2libi dit \u00a0\u00bb Si Allal\u00a0\u00bb est d\u00e9c\u00e9d\u00e9 \u00e0 l&rsquo;\u00e2ge de 98 ans, a indiqu\u00e9 mardi un communiqu\u00e9 du minist\u00e8re des Moudjahidine et des Ayants-droits.N\u00e9 \u00e0 Ouled Hbaba dans le village d&rsquo;El Khorfane \u00e0 El Harrouch (wilaya de Skikda), le regrett\u00e9 moudjahid est issu d&rsquo;une famille conservatrice r\u00e9formatrice. Il a appris les sciences de la Charia et la langue arabe et obtenu le certificat primaire de l&rsquo;\u00e9cole fran\u00e7aise, ce qui lui a permis de devenir un enseignant dans les \u00e9coles de l&rsquo;Association des Oul\u00e9ma alg\u00e9riens et du Parti du peuple alg\u00e9rien (PPA) dans les ann\u00e9es 1930, indique le communiqu\u00e9.Les nombreuses responsabilit\u00e9s qu&rsquo;il a eu \u00e0 occuper au sein du Mouvement pour le triomphe des libert\u00e9s d\u00e9mocratiques (MTLD) et du Front de lib\u00e9ration nationale (FLN), ont permis au d\u00e9funt \u00ab\u00a0Si Allal\u00a0\u00bb de devenir un cadre politique et membre du Conseil national de la r\u00e9volution alg\u00e9rienne (CNRA) et un responsable des deux f\u00e9d\u00e9rations du FLN en Tunisie et au Maroc durant la R\u00e9volution.Apr\u00e8s l&rsquo;ind\u00e9pendance, \u00ab\u00a0Si Allal\u00a0\u00bb a pr\u00e9f\u00e9r\u00e9 renouer avec l&rsquo;enseignement, son 1er m\u00e9tier dans le mouvement national, puis comme conseiller au minist\u00e8re des Sciences. Il s&rsquo;est, par la suite, consacr\u00e9 \u00e0 l&rsquo;enrichissement de l&rsquo;Histoire nationale, en prenant notamment part \u00e0 plusieurs activit\u00e9s et manifestations historiques et culturelles.En cette douloureuse \u00e9preuve, le ministre des Moudjahidine et des Ayants-droits, La\u00efd Rebigua a adress\u00e9 \u00e0 la famille du d\u00e9funt symbole Si Tayeb Tha\u00e2libi, les condol\u00e9ances les plus sinc\u00e8res et les profonds sentiments de compassion, priant Allah Le Tout-Puissant d&rsquo;accorder au d\u00e9funt Sa sainte mis\u00e9ricorde, de l&rsquo;accueillir en Son vaste paradis avec les proph\u00e8tes, les vertueux et les martyrs et de pr\u00eater patience et r\u00e9confort \u00e0 sa famille\u00a0\u00bb.<\/p>\n\n\n\n<p>APS<\/p>\n","protected":false},"excerpt":{"rendered":"<p>Le moudjahid Tayeb Tha\u00e2libi dit \u00a0\u00bb Si Allal\u00a0\u00bb est d\u00e9c\u00e9d\u00e9 \u00e0 l&rsquo;\u00e2ge de 98 ans, a indiqu\u00e9 mardi un communiqu\u00e9<\/p>\n","protected":false},"author":3,"featured_media":7963,"comment_status":"open","ping_status":"closed","sticky":false,"template":"","format":"standard","meta":{"colormag_page_container_layout":"default_layout","colormag_page_sidebar_layout":"default_layout","om_disable_all_campaigns":false,"_monsterinsights_skip_tracking":false,"_monsterinsights_sitenote_active":false,"_monsterinsights_sitenote_note":"","_monsterinsights_sitenote_category":0,"footnotes":"","_wpscppro_dont_share_socialmedia":false,"_wpscppro_custom_social_share_image":0,"_facebook_share_type":"","_twitter_share_type":"","_linkedin_share_type":"","_pinterest_share_type":"","_linkedin_share_type_page":"","_instagram_share_type":"","_medium_share_type":"","_threads_share_type":"","_google_business_share_type":"","_selected_social_profile":[],"_wpsp_enable_custom_social_template":false,"_wpsp_social_scheduling":{"enabled":false,"datetime":null,"platforms":[],"status":"template_only","dateOption":"today","timeOption":"now","customDays":"","customHours":"","customDate":"","customTime":"","schedulingType":"absolute"},"_wpsp_active_default_template":true},"categories":[27],"tags":[],"class_list":["post-7934","post","type-post","status-publish","format-standard","has-post-thumbnail","hentry","category-actualite"],"aioseo_notices":[],"yoast_head":"<!-- This site is optimized with the Yoast SEO plugin v27.5 - https:\/\/yoast.com\/product\/yoast-seo-wordpress\/ -->\n<title>Le moudjahid Tayeb Tha\u00e2libi dit &quot; Si Allal&quot; n&#039;est plus - La Sentinelle<\/title>\n<meta name=\"robots\" content=\"index, follow, max-snippet:-1, max-image-preview:large, max-video-preview:-1\" \/>\n<link rel=\"canonical\" href=\"https:\/\/lasentinelle.dz\/index.php\/2021\/09\/16\/le-moudjahid-tayeb-thaalibi-dit-si-allal-nest-plus\/\" \/>\n<meta property=\"og:locale\" content=\"fr_FR\" \/>\n<meta property=\"og:type\" content=\"article\" \/>\n<meta property=\"og:title\" content=\"Le moudjahid Tayeb Tha\u00e2libi dit &quot; Si Allal&quot; n&#039;est plus - La Sentinelle\" \/>\n<meta property=\"og:description\" content=\"Le moudjahid Tayeb Tha\u00e2libi dit \u00a0\u00bb Si Allal\u00a0\u00bb est d\u00e9c\u00e9d\u00e9 \u00e0 l&rsquo;\u00e2ge de 98 ans, a indiqu\u00e9 mardi un communiqu\u00e9\" \/>\n<meta property=\"og:url\" content=\"https:\/\/lasentinelle.dz\/index.php\/2021\/09\/16\/le-moudjahid-tayeb-thaalibi-dit-si-allal-nest-plus\/\" \/>\n<meta property=\"og:site_name\" content=\"La Sentinelle\" \/>\n<meta property=\"article:publisher\" content=\"https:\/\/www.facebook.com\/La-Sentinelle-104059864394773\" \/>\n<meta property=\"article:published_time\" content=\"2021-09-15T23:01:00+00:00\" \/>\n<meta property=\"og:image\" content=\"https:\/\/lasentinelle.dz\/wp-content\/uploads\/2021\/09\/image_2021-09-15_161032.png\" \/>\n\t<meta property=\"og:image:width\" content=\"225\" \/>\n\t<meta property=\"og:image:height\" content=\"300\" \/>\n\t<meta property=\"og:image:type\" content=\"image\/png\" \/>\n<meta name=\"author\" content=\"La Sentinelle\" \/>\n<meta name=\"twitter:card\" content=\"summary_large_image\" \/>\n<meta name=\"twitter:label1\" content=\"\u00c9crit par\" \/>\n\t<meta name=\"twitter:data1\" content=\"La Sentinelle\" \/>\n\t<meta name=\"twitter:label2\" content=\"Dur\u00e9e de lecture estim\u00e9e\" \/>\n\t<meta name=\"twitter:data2\" content=\"2 minutes\" \/>\n<script type=\"application\/ld+json\" class=\"yoast-schema-graph\">{\"@context\":\"https:\\\/\\\/schema.org\",\"@graph\":[{\"@type\":\"Article\",\"@id\":\"https:\\\/\\\/lasentinelle.dz\\\/index.php\\\/2021\\\/09\\\/16\\\/le-moudjahid-tayeb-thaalibi-dit-si-allal-nest-plus\\\/#article\",\"isPartOf\":{\"@id\":\"https:\\\/\\\/lasentinelle.dz\\\/index.php\\\/2021\\\/09\\\/16\\\/le-moudjahid-tayeb-thaalibi-dit-si-allal-nest-plus\\\/\"},\"author\":{\"name\":\"La Sentinelle\",\"@id\":\"https:\\\/\\\/lasentinelle.dz\\\/#\\\/schema\\\/person\\\/d865044e22e70a75174ce8bcad3acfb3\"},\"headline\":\"Le moudjahid Tayeb Tha\u00e2libi dit \u00a0\u00bb Si Allal\u00a0\u00bb n&rsquo;est plus\",\"datePublished\":\"2021-09-15T23:01:00+00:00\",\"mainEntityOfPage\":{\"@id\":\"https:\\\/\\\/lasentinelle.dz\\\/index.php\\\/2021\\\/09\\\/16\\\/le-moudjahid-tayeb-thaalibi-dit-si-allal-nest-plus\\\/\"},\"wordCount\":330,\"commentCount\":0,\"publisher\":{\"@id\":\"https:\\\/\\\/lasentinelle.dz\\\/#organization\"},\"image\":{\"@id\":\"https:\\\/\\\/lasentinelle.dz\\\/index.php\\\/2021\\\/09\\\/16\\\/le-moudjahid-tayeb-thaalibi-dit-si-allal-nest-plus\\\/#primaryimage\"},\"thumbnailUrl\":\"https:\\\/\\\/lasentinelle.dz\\\/wp-content\\\/uploads\\\/2021\\\/09\\\/image_2021-09-15_161032.png\",\"articleSection\":[\"Actualit\u00e9\"],\"inLanguage\":\"fr-FR\",\"potentialAction\":[{\"@type\":\"CommentAction\",\"name\":\"Comment\",\"target\":[\"https:\\\/\\\/lasentinelle.dz\\\/index.php\\\/2021\\\/09\\\/16\\\/le-moudjahid-tayeb-thaalibi-dit-si-allal-nest-plus\\\/#respond\"]}]},{\"@type\":\"WebPage\",\"@id\":\"https:\\\/\\\/lasentinelle.dz\\\/index.php\\\/2021\\\/09\\\/16\\\/le-moudjahid-tayeb-thaalibi-dit-si-allal-nest-plus\\\/\",\"url\":\"https:\\\/\\\/lasentinelle.dz\\\/index.php\\\/2021\\\/09\\\/16\\\/le-moudjahid-tayeb-thaalibi-dit-si-allal-nest-plus\\\/\",\"name\":\"Le moudjahid Tayeb Tha\u00e2libi dit \\\" Si Allal\\\" n'est plus - La Sentinelle\",\"isPartOf\":{\"@id\":\"https:\\\/\\\/lasentinelle.dz\\\/#website\"},\"primaryImageOfPage\":{\"@id\":\"https:\\\/\\\/lasentinelle.dz\\\/index.php\\\/2021\\\/09\\\/16\\\/le-moudjahid-tayeb-thaalibi-dit-si-allal-nest-plus\\\/#primaryimage\"},\"image\":{\"@id\":\"https:\\\/\\\/lasentinelle.dz\\\/index.php\\\/2021\\\/09\\\/16\\\/le-moudjahid-tayeb-thaalibi-dit-si-allal-nest-plus\\\/#primaryimage\"},\"thumbnailUrl\":\"https:\\\/\\\/lasentinelle.dz\\\/wp-content\\\/uploads\\\/2021\\\/09\\\/image_2021-09-15_161032.png\",\"datePublished\":\"2021-09-15T23:01:00+00:00\",\"breadcrumb\":{\"@id\":\"https:\\\/\\\/lasentinelle.dz\\\/index.php\\\/2021\\\/09\\\/16\\\/le-moudjahid-tayeb-thaalibi-dit-si-allal-nest-plus\\\/#breadcrumb\"},\"inLanguage\":\"fr-FR\",\"potentialAction\":[{\"@type\":\"ReadAction\",\"target\":[\"https:\\\/\\\/lasentinelle.dz\\\/index.php\\\/2021\\\/09\\\/16\\\/le-moudjahid-tayeb-thaalibi-dit-si-allal-nest-plus\\\/\"]}]},{\"@type\":\"ImageObject\",\"inLanguage\":\"fr-FR\",\"@id\":\"https:\\\/\\\/lasentinelle.dz\\\/index.php\\\/2021\\\/09\\\/16\\\/le-moudjahid-tayeb-thaalibi-dit-si-allal-nest-plus\\\/#primaryimage\",\"url\":\"https:\\\/\\\/lasentinelle.dz\\\/wp-content\\\/uploads\\\/2021\\\/09\\\/image_2021-09-15_161032.png\",\"contentUrl\":\"https:\\\/\\\/lasentinelle.dz\\\/wp-content\\\/uploads\\\/2021\\\/09\\\/image_2021-09-15_161032.png\",\"width\":225,\"height\":300},{\"@type\":\"BreadcrumbList\",\"@id\":\"https:\\\/\\\/lasentinelle.dz\\\/index.php\\\/2021\\\/09\\\/16\\\/le-moudjahid-tayeb-thaalibi-dit-si-allal-nest-plus\\\/#breadcrumb\",\"itemListElement\":[{\"@type\":\"ListItem\",\"position\":1,\"name\":\"Accueil\",\"item\":\"https:\\\/\\\/lasentinelle.dz\\\/\"},{\"@type\":\"ListItem\",\"position\":2,\"name\":\"Le moudjahid Tayeb Tha\u00e2libi dit \u00a0\u00bb Si Allal\u00a0\u00bb n&rsquo;est plus\"}]},{\"@type\":\"WebSite\",\"@id\":\"https:\\\/\\\/lasentinelle.dz\\\/#website\",\"url\":\"https:\\\/\\\/lasentinelle.dz\\\/\",\"name\":\"La Sentinelle\",\"description\":\"Quotidien national d&#039;information\",\"publisher\":{\"@id\":\"https:\\\/\\\/lasentinelle.dz\\\/#organization\"},\"potentialAction\":[{\"@type\":\"SearchAction\",\"target\":{\"@type\":\"EntryPoint\",\"urlTemplate\":\"https:\\\/\\\/lasentinelle.dz\\\/?s={search_term_string}\"},\"query-input\":{\"@type\":\"PropertyValueSpecification\",\"valueRequired\":true,\"valueName\":\"search_term_string\"}}],\"inLanguage\":\"fr-FR\"},{\"@type\":\"Organization\",\"@id\":\"https:\\\/\\\/lasentinelle.dz\\\/#organization\",\"name\":\"Quotidien La Sentinelle\",\"url\":\"https:\\\/\\\/lasentinelle.dz\\\/\",\"logo\":{\"@type\":\"ImageObject\",\"inLanguage\":\"fr-FR\",\"@id\":\"https:\\\/\\\/lasentinelle.dz\\\/#\\\/schema\\\/logo\\\/image\\\/\",\"url\":\"https:\\\/\\\/lasentinelle.dz\\\/wp-content\\\/uploads\\\/2021\\\/09\\\/logo-sentinelleSLOGAN-1.png\",\"contentUrl\":\"https:\\\/\\\/lasentinelle.dz\\\/wp-content\\\/uploads\\\/2021\\\/09\\\/logo-sentinelleSLOGAN-1.png\",\"width\":615,\"height\":142,\"caption\":\"Quotidien La Sentinelle\"},\"image\":{\"@id\":\"https:\\\/\\\/lasentinelle.dz\\\/#\\\/schema\\\/logo\\\/image\\\/\"},\"sameAs\":[\"https:\\\/\\\/www.facebook.com\\\/La-Sentinelle-104059864394773\"]},{\"@type\":\"Person\",\"@id\":\"https:\\\/\\\/lasentinelle.dz\\\/#\\\/schema\\\/person\\\/d865044e22e70a75174ce8bcad3acfb3\",\"name\":\"La Sentinelle\",\"image\":{\"@type\":\"ImageObject\",\"inLanguage\":\"fr-FR\",\"@id\":\"https:\\\/\\\/secure.gravatar.com\\\/avatar\\\/57de8e5d4b15d43fb361a71fbb36338450fe67865b528a43dd10ef7c51a20392?s=96&d=mm&r=g\",\"url\":\"https:\\\/\\\/secure.gravatar.com\\\/avatar\\\/57de8e5d4b15d43fb361a71fbb36338450fe67865b528a43dd10ef7c51a20392?s=96&d=mm&r=g\",\"contentUrl\":\"https:\\\/\\\/secure.gravatar.com\\\/avatar\\\/57de8e5d4b15d43fb361a71fbb36338450fe67865b528a43dd10ef7c51a20392?s=96&d=mm&r=g\",\"caption\":\"La Sentinelle\"},\"sameAs\":[\"http:\\\/\\\/www.lasentinelle.dz\"],\"url\":\"https:\\\/\\\/lasentinelle.dz\\\/author\\\/redaction\\\/\"}]}<\/script>\n<!-- \/ Yoast SEO plugin. -->","yoast_head_json":{"title":"Le moudjahid Tayeb Tha\u00e2libi dit \" Si Allal\" n'est plus - La Sentinelle","robots":{"index":"index","follow":"follow","max-snippet":"max-snippet:-1","max-image-preview":"max-image-preview:large","max-video-preview":"max-video-preview:-1"},"canonical":"https:\/\/lasentinelle.dz\/index.php\/2021\/09\/16\/le-moudjahid-tayeb-thaalibi-dit-si-allal-nest-plus\/","og_locale":"fr_FR","og_type":"article","og_title":"Le moudjahid Tayeb Tha\u00e2libi dit \" Si Allal\" n'est plus - La Sentinelle","og_description":"Le moudjahid Tayeb Tha\u00e2libi dit \u00a0\u00bb Si Allal\u00a0\u00bb est d\u00e9c\u00e9d\u00e9 \u00e0 l&rsquo;\u00e2ge de 98 ans, a indiqu\u00e9 mardi un communiqu\u00e9","og_url":"https:\/\/lasentinelle.dz\/index.php\/2021\/09\/16\/le-moudjahid-tayeb-thaalibi-dit-si-allal-nest-plus\/","og_site_name":"La Sentinelle","article_publisher":"https:\/\/www.facebook.com\/La-Sentinelle-104059864394773","article_published_time":"2021-09-15T23:01:00+00:00","og_image":[{"width":225,"height":300,"url":"https:\/\/lasentinelle.dz\/wp-content\/uploads\/2021\/09\/image_2021-09-15_161032.png","type":"image\/png"}],"author":"La Sentinelle","twitter_card":"summary_large_image","twitter_misc":{"\u00c9crit par":"La Sentinelle","Dur\u00e9e de lecture estim\u00e9e":"2 minutes"},"schema":{"@context":"https:\/\/schema.org","@graph":[{"@type":"Article","@id":"https:\/\/lasentinelle.dz\/index.php\/2021\/09\/16\/le-moudjahid-tayeb-thaalibi-dit-si-allal-nest-plus\/#article","isPartOf":{"@id":"https:\/\/lasentinelle.dz\/index.php\/2021\/09\/16\/le-moudjahid-tayeb-thaalibi-dit-si-allal-nest-plus\/"},"author":{"name":"La Sentinelle","@id":"https:\/\/lasentinelle.dz\/#\/schema\/person\/d865044e22e70a75174ce8bcad3acfb3"},"headline":"Le moudjahid Tayeb Tha\u00e2libi dit \u00a0\u00bb Si Allal\u00a0\u00bb n&rsquo;est plus","datePublished":"2021-09-15T23:01:00+00:00","mainEntityOfPage":{"@id":"https:\/\/lasentinelle.dz\/index.php\/2021\/09\/16\/le-moudjahid-tayeb-thaalibi-dit-si-allal-nest-plus\/"},"wordCount":330,"commentCount":0,"publisher":{"@id":"https:\/\/lasentinelle.dz\/#organization"},"image":{"@id":"https:\/\/lasentinelle.dz\/index.php\/2021\/09\/16\/le-moudjahid-tayeb-thaalibi-dit-si-allal-nest-plus\/#primaryimage"},"thumbnailUrl":"https:\/\/lasentinelle.dz\/wp-content\/uploads\/2021\/09\/image_2021-09-15_161032.png","articleSection":["Actualit\u00e9"],"inLanguage":"fr-FR","potentialAction":[{"@type":"CommentAction","name":"Comment","target":["https:\/\/lasentinelle.dz\/index.php\/2021\/09\/16\/le-moudjahid-tayeb-thaalibi-dit-si-allal-nest-plus\/#respond"]}]},{"@type":"WebPage","@id":"https:\/\/lasentinelle.dz\/index.php\/2021\/09\/16\/le-moudjahid-tayeb-thaalibi-dit-si-allal-nest-plus\/","url":"https:\/\/lasentinelle.dz\/index.php\/2021\/09\/16\/le-moudjahid-tayeb-thaalibi-dit-si-allal-nest-plus\/","name":"Le moudjahid Tayeb Tha\u00e2libi dit \" Si Allal\" n'est plus - La Sentinelle","isPartOf":{"@id":"https:\/\/lasentinelle.dz\/#website"},"primaryImageOfPage":{"@id":"https:\/\/lasentinelle.dz\/index.php\/2021\/09\/16\/le-moudjahid-tayeb-thaalibi-dit-si-allal-nest-plus\/#primaryimage"},"image":{"@id":"https:\/\/lasentinelle.dz\/index.php\/2021\/09\/16\/le-moudjahid-tayeb-thaalibi-dit-si-allal-nest-plus\/#primaryimage"},"thumbnailUrl":"https:\/\/lasentinelle.dz\/wp-content\/uploads\/2021\/09\/image_2021-09-15_161032.png","datePublished":"2021-09-15T23:01:00+00:00","breadcrumb":{"@id":"https:\/\/lasentinelle.dz\/index.php\/2021\/09\/16\/le-moudjahid-tayeb-thaalibi-dit-si-allal-nest-plus\/#breadcrumb"},"inLanguage":"fr-FR","potentialAction":[{"@type":"ReadAction","target":["https:\/\/lasentinelle.dz\/index.php\/2021\/09\/16\/le-moudjahid-tayeb-thaalibi-dit-si-allal-nest-plus\/"]}]},{"@type":"ImageObject","inLanguage":"fr-FR","@id":"https:\/\/lasentinelle.dz\/index.php\/2021\/09\/16\/le-moudjahid-tayeb-thaalibi-dit-si-allal-nest-plus\/#primaryimage","url":"https:\/\/lasentinelle.dz\/wp-content\/uploads\/2021\/09\/image_2021-09-15_161032.png","contentUrl":"https:\/\/lasentinelle.dz\/wp-content\/uploads\/2021\/09\/image_2021-09-15_161032.png","width":225,"height":300},{"@type":"BreadcrumbList","@id":"https:\/\/lasentinelle.dz\/index.php\/2021\/09\/16\/le-moudjahid-tayeb-thaalibi-dit-si-allal-nest-plus\/#breadcrumb","itemListElement":[{"@type":"ListItem","position":1,"name":"Accueil","item":"https:\/\/lasentinelle.dz\/"},{"@type":"ListItem","position":2,"name":"Le moudjahid Tayeb Tha\u00e2libi dit \u00a0\u00bb Si Allal\u00a0\u00bb n&rsquo;est plus"}]},{"@type":"WebSite","@id":"https:\/\/lasentinelle.dz\/#website","url":"https:\/\/lasentinelle.dz\/","name":"La Sentinelle","description":"Quotidien national d&#039;information","publisher":{"@id":"https:\/\/lasentinelle.dz\/#organization"},"potentialAction":[{"@type":"SearchAction","target":{"@type":"EntryPoint","urlTemplate":"https:\/\/lasentinelle.dz\/?s={search_term_string}"},"query-input":{"@type":"PropertyValueSpecification","valueRequired":true,"valueName":"search_term_string"}}],"inLanguage":"fr-FR"},{"@type":"Organization","@id":"https:\/\/lasentinelle.dz\/#organization","name":"Quotidien La Sentinelle","url":"https:\/\/lasentinelle.dz\/","logo":{"@type":"ImageObject","inLanguage":"fr-FR","@id":"https:\/\/lasentinelle.dz\/#\/schema\/logo\/image\/","url":"https:\/\/lasentinelle.dz\/wp-content\/uploads\/2021\/09\/logo-sentinelleSLOGAN-1.png","contentUrl":"https:\/\/lasentinelle.dz\/wp-content\/uploads\/2021\/09\/logo-sentinelleSLOGAN-1.png","width":615,"height":142,"caption":"Quotidien La Sentinelle"},"image":{"@id":"https:\/\/lasentinelle.dz\/#\/schema\/logo\/image\/"},"sameAs":["https:\/\/www.facebook.com\/La-Sentinelle-104059864394773"]},{"@type":"Person","@id":"https:\/\/lasentinelle.dz\/#\/schema\/person\/d865044e22e70a75174ce8bcad3acfb3","name":"La Sentinelle","image":{"@type":"ImageObject","inLanguage":"fr-FR","@id":"https:\/\/secure.gravatar.com\/avatar\/57de8e5d4b15d43fb361a71fbb36338450fe67865b528a43dd10ef7c51a20392?s=96&d=mm&r=g","url":"https:\/\/secure.gravatar.com\/avatar\/57de8e5d4b15d43fb361a71fbb36338450fe67865b528a43dd10ef7c51a20392?s=96&d=mm&r=g","contentUrl":"https:\/\/secure.gravatar.com\/avatar\/57de8e5d4b15d43fb361a71fbb36338450fe67865b528a43dd10ef7c51a20392?s=96&d=mm&r=g","caption":"La Sentinelle"},"sameAs":["http:\/\/www.lasentinelle.dz"],"url":"https:\/\/lasentinelle.dz\/author\/redaction\/"}]}},"_links":{"self":[{"href":"https:\/\/lasentinelle.dz\/index.php\/wp-json\/wp\/v2\/posts\/7934","targetHints":{"allow":["GET"]}}],"collection":[{"href":"https:\/\/lasentinelle.dz\/index.php\/wp-json\/wp\/v2\/posts"}],"about":[{"href":"https:\/\/lasentinelle.dz\/index.php\/wp-json\/wp\/v2\/types\/post"}],"author":[{"embeddable":true,"href":"https:\/\/lasentinelle.dz\/index.php\/wp-json\/wp\/v2\/users\/3"}],"replies":[{"embeddable":true,"href":"https:\/\/lasentinelle.dz\/index.php\/wp-json\/wp\/v2\/comments?post=7934"}],"version-history":[{"count":1,"href":"https:\/\/lasentinelle.dz\/index.php\/wp-json\/wp\/v2\/posts\/7934\/revisions"}],"predecessor-version":[{"id":7964,"href":"https:\/\/lasentinelle.dz\/index.php\/wp-json\/wp\/v2\/posts\/7934\/revisions\/7964"}],"wp:featuredmedia":[{"embeddable":true,"href":"https:\/\/lasentinelle.dz\/index.php\/wp-json\/wp\/v2\/media\/7963"}],"wp:attachment":[{"href":"https:\/\/lasentinelle.dz\/index.php\/wp-json\/wp\/v2\/media?parent=7934"}],"wp:term":[{"taxonomy":"category","embeddable":true,"href":"https:\/\/lasentinelle.dz\/index.php\/wp-json\/wp\/v2\/categories?post=7934"},{"taxonomy":"post_tag","embeddable":true,"href":"https:\/\/lasentinelle.dz\/index.php\/wp-json\/wp\/v2\/tags?post=7934"}],"curies":[{"name":"wp","href":"https:\/\/api.w.org\/{rel}","templated":true}]}}