{"id":79462,"date":"2026-01-13T19:50:24","date_gmt":"2026-01-13T18:50:24","guid":{"rendered":"https:\/\/lasentinelle.dz\/?p=79462"},"modified":"2026-01-13T19:50:25","modified_gmt":"2026-01-13T18:50:25","slug":"le-ministre-de-la-communication-reagit-aux-derniers-incidents-de-la-can-lalgerie-fait-face-a-des-tentatives-dappropriation-des-realisations-de-ses-enfants","status":"publish","type":"post","link":"https:\/\/lasentinelle.dz\/index.php\/2026\/01\/13\/le-ministre-de-la-communication-reagit-aux-derniers-incidents-de-la-can-lalgerie-fait-face-a-des-tentatives-dappropriation-des-realisations-de-ses-enfants\/","title":{"rendered":"Le ministre de la Communication\u00a0r\u00e9agit aux derniers incidents de la CAN\u00a0: L\u2019Alg\u00e9rie fait face \u00e0 des tentatives \u00ab\u00a0d\u2019appropriation des r\u00e9alisations de ses enfants\u00a0\u00bb"},"content":{"rendered":"\n<p class=\"wp-block-paragraph\">Le ministre de la Communication, Zohir Bouamama, a affirm\u00e9 mardi que l&rsquo;Alg\u00e9rie fait l&rsquo;objet depuis des ann\u00e9es de campagnes condamnables men\u00e9es par des parties connues, visant \u00e0 s&rsquo;approprier son patrimoine et les cr\u00e9ations de ses enfants dans diff\u00e9rents domaines artistiques et culturels, r\u00e9v\u00e9lant que ces tentatives se sont \u00e9tendues au secteur sportif. Lors d&rsquo;une journ\u00e9e d&rsquo;\u00e9tude intitul\u00e9e \u00ab\u00a0Le respect du droit d&rsquo;auteur, pilier des m\u00e9dias modernes\u00a0\u00bb, organis\u00e9e au si\u00e8ge de son d\u00e9partement minist\u00e9riel, Bouamama a soulign\u00e9 que ces pratiques ne se sont pas limit\u00e9es au secteur culturel. Le ministre a d\u00e9clar\u00e9 que \u00ab\u00a0ce vol a atteint le point de tenter de s&rsquo;approprier des championnats et comp\u00e9titions sportives\u00a0\u00bb. Dans ce contexte, il a insist\u00e9 sur le soutien et l&rsquo;accompagnement de l&rsquo;\u00e9quipe nationale, appelant \u00e0 continuer de l&rsquo;encourager et de suivre ses pr\u00e9paratifs pour les tournois majeurs, notamment la Coupe du Monde 2026 pr\u00e9vue l&rsquo;\u00e9t\u00e9 prochain. \u00ab\u00a0Ce championnat est cens\u00e9 se d\u00e9rouler dans le cadre d&rsquo;une comp\u00e9tition loyale et \u00e9quitable, contrairement aux pratiques ignobles que nous avons r\u00e9cemment suivies et qui ont port\u00e9 atteinte au continent africain et au tournoi lui-m\u00eame\u00a0\u00bb, a-t-il ajout\u00e9. Le ministre n&rsquo;a pas manqu\u00e9 d&rsquo;\u00e9voquer la responsabilit\u00e9 des journalistes alg\u00e9riens dans la protection du patrimoine civilisationnel national, qui \u00ab\u00a0a aiguis\u00e9 l&rsquo;app\u00e9tit des amateurs et des professionnels du plagiat, pour les empreintes de cr\u00e9ativit\u00e9 et d&rsquo;esth\u00e9tique qu&rsquo;il porte, qui r\u00e9sistent au temps et r\u00e9futent, par l&rsquo;argument implacable, les tentatives de d\u00e9sinformation qui ne sauront atteindre notre h\u00e9ritage civilisationnel ni les innovations de nos anc\u00eatres\u00a0\u00bb.<\/p>\n\n\n\n<p class=\"wp-block-paragraph\">Ces d\u00e9clarations interviennent alors que la F\u00e9d\u00e9ration alg\u00e9rienne de football a d\u00e9pos\u00e9 lundi une plainte officielle aupr\u00e8s de la Conf\u00e9d\u00e9ration africaine de football (CAF) et de la F\u00e9d\u00e9ration internationale de football (FIFA), demandant l&rsquo;ouverture d&rsquo;une enqu\u00eate sur l&rsquo;arbitrage du dernier match de l&rsquo;\u00e9quipe nationale face au Nigeria lors de la Coupe d&rsquo;Afrique des Nations en cours au Maroc. La FAF a estim\u00e9 que \u00ab\u00a0certaines d\u00e9cisions arbitrales ont port\u00e9 atteinte \u00e0 la cr\u00e9dibilit\u00e9 de l&rsquo;arbitrage africain et ne servent pas l&rsquo;image du football continental sur la sc\u00e8ne internationale\u00a0\u00bb.<\/p>\n\n\n\n<p class=\"wp-block-paragraph\">S.A.<\/p>\n","protected":false},"excerpt":{"rendered":"<p>Le ministre de la Communication, Zohir Bouamama, a affirm\u00e9 mardi que l&rsquo;Alg\u00e9rie fait l&rsquo;objet depuis des ann\u00e9es de campagnes condamnables<\/p>\n","protected":false},"author":6,"featured_media":79463,"comment_status":"open","ping_status":"closed","sticky":false,"template":"","format":"standard","meta":{"colormag_page_container_layout":"default_layout","colormag_page_sidebar_layout":"default_layout","om_disable_all_campaigns":false,"_monsterinsights_skip_tracking":false,"footnotes":"","_wpscppro_dont_share_socialmedia":false,"_wpscppro_custom_social_share_image":0,"_facebook_share_type":"default","_twitter_share_type":"default","_linkedin_share_type":"default","_pinterest_share_type":"default","_linkedin_share_type_page":"","_instagram_share_type":"default","_medium_share_type":"default","_threads_share_type":"default","_google_business_share_type":"default","_bluesky_share_type":"","_mastodon_share_type":"","_selected_social_profile":[],"_wpsp_enable_custom_social_template":false,"_wpsp_social_scheduling":{"enabled":false,"datetime":null,"platforms":[],"status":"template_only","dateOption":"today","timeOption":"now","customDays":"","customHours":"","customDate":"","customTime":"","schedulingType":"absolute"},"_wpsp_active_default_template":true},"categories":[27],"tags":[],"class_list":["post-79462","post","type-post","status-publish","format-standard","has-post-thumbnail","hentry","category-actualite"],"aioseo_notices":[],"aioseo_head":"\n\t\t<!-- All in One SEO 5.0.0.1 - aioseo.com -->\n\t<meta name=\"description\" content=\"Le ministre de la Communication, Zohir Bouamama, a affirm\u00e9 mardi que l&#039;Alg\u00e9rie fait l&#039;objet depuis des ann\u00e9es de campagnes condamnables men\u00e9es par des parties connues, visant \u00e0 s&#039;approprier son patrimoine et les cr\u00e9ations de ses enfants dans diff\u00e9rents domaines artistiques et culturels, r\u00e9v\u00e9lant que ces tentatives se sont \u00e9tendues au secteur sportif. Lors d&#039;une journ\u00e9e\" \/>\n\t<meta name=\"robots\" content=\"max-image-preview:large\" \/>\n\t<meta name=\"author\" content=\"admin\"\/>\n\t<link rel=\"canonical\" href=\"https:\/\/lasentinelle.dz\/index.php\/2026\/01\/13\/le-ministre-de-la-communication-reagit-aux-derniers-incidents-de-la-can-lalgerie-fait-face-a-des-tentatives-dappropriation-des-realisations-de-ses-enfants\/\" \/>\n\t<meta name=\"generator\" content=\"All in One SEO (AIOSEO) 5.0.0.1\" \/>\n\t\t<meta property=\"og:locale\" content=\"fr_FR\" \/>\n\t\t<meta property=\"og:site_name\" content=\"La Sentinelle - Quotidien national d&#039;information\" \/>\n\t\t<meta property=\"og:type\" content=\"article\" \/>\n\t\t<meta property=\"og:title\" content=\"Le ministre de la Communication r\u00e9agit aux derniers incidents de la CAN : L\u2019Alg\u00e9rie fait face \u00e0 des tentatives \u00ab d\u2019appropriation des r\u00e9alisations de ses enfants \u00bb - La Sentinelle\" \/>\n\t\t<meta property=\"og:description\" content=\"Le ministre de la Communication, Zohir Bouamama, a affirm\u00e9 mardi que l&#039;Alg\u00e9rie fait l&#039;objet depuis des ann\u00e9es de campagnes condamnables men\u00e9es par des parties connues, visant \u00e0 s&#039;approprier son patrimoine et les cr\u00e9ations de ses enfants dans diff\u00e9rents domaines artistiques et culturels, r\u00e9v\u00e9lant que ces tentatives se sont \u00e9tendues au secteur sportif. Lors d&#039;une journ\u00e9e\" \/>\n\t\t<meta property=\"og:url\" content=\"https:\/\/lasentinelle.dz\/index.php\/2026\/01\/13\/le-ministre-de-la-communication-reagit-aux-derniers-incidents-de-la-can-lalgerie-fait-face-a-des-tentatives-dappropriation-des-realisations-de-ses-enfants\/\" \/>\n\t\t<meta property=\"og:image\" content=\"https:\/\/lasentinelle.dz\/wp-content\/uploads\/2021\/09\/cropped-la-sentinelle-earth-golden-anima-5.gif\" \/>\n\t\t<meta property=\"og:image:secure_url\" content=\"https:\/\/lasentinelle.dz\/wp-content\/uploads\/2021\/09\/cropped-la-sentinelle-earth-golden-anima-5.gif\" \/>\n\t\t<meta property=\"og:image:width\" content=\"450\" \/>\n\t\t<meta property=\"og:image:height\" content=\"213\" \/>\n\t\t<meta property=\"article:published_time\" content=\"2026-01-13T18:50:24+00:00\" \/>\n\t\t<meta property=\"article:modified_time\" content=\"2026-01-13T18:50:25+00:00\" \/>\n\t\t<meta property=\"article:publisher\" content=\"https:\/\/www.facebook.com\/azzedine.lasentinelle.1\" \/>\n\t\t<meta name=\"twitter:card\" content=\"summary_large_image\" \/>\n\t\t<meta name=\"twitter:title\" content=\"Le ministre de la Communication r\u00e9agit aux derniers incidents de la CAN : L\u2019Alg\u00e9rie fait face \u00e0 des tentatives \u00ab d\u2019appropriation des r\u00e9alisations de ses enfants \u00bb - La Sentinelle\" \/>\n\t\t<meta name=\"twitter:description\" content=\"Le ministre de la Communication, Zohir Bouamama, a affirm\u00e9 mardi que l&#039;Alg\u00e9rie fait l&#039;objet depuis des ann\u00e9es de campagnes condamnables men\u00e9es par des parties connues, visant \u00e0 s&#039;approprier son patrimoine et les cr\u00e9ations de ses enfants dans diff\u00e9rents domaines artistiques et culturels, r\u00e9v\u00e9lant que ces tentatives se sont \u00e9tendues au secteur sportif. Lors d&#039;une journ\u00e9e\" \/>\n\t\t<meta name=\"twitter:image\" content=\"https:\/\/lasentinelle.dz\/wp-content\/uploads\/2021\/09\/cropped-la-sentinelle-earth-golden-anima-5.gif\" \/>\n\t\t<script type=\"application\/ld+json\" class=\"aioseo-schema\">\n\t\t\t{\"@context\":\"https:\\\/\\\/schema.org\",\"@graph\":[{\"@type\":\"BlogPosting\",\"@id\":\"https:\\\/\\\/lasentinelle.dz\\\/index.php\\\/2026\\\/01\\\/13\\\/le-ministre-de-la-communication-reagit-aux-derniers-incidents-de-la-can-lalgerie-fait-face-a-des-tentatives-dappropriation-des-realisations-de-ses-enfants\\\/#blogposting\",\"name\":\"Le ministre de la Communication r\\u00e9agit aux derniers incidents de la CAN : L\\u2019Alg\\u00e9rie fait face \\u00e0 des tentatives \\u00ab d\\u2019appropriation des r\\u00e9alisations de ses enfants \\u00bb - La Sentinelle\",\"headline\":\"Le ministre de la Communication\\u00a0r\\u00e9agit aux derniers incidents de la CAN\\u00a0: L\\u2019Alg\\u00e9rie fait face \\u00e0 des tentatives \\u00ab\\u00a0d\\u2019appropriation des r\\u00e9alisations de ses enfants\\u00a0\\u00bb\",\"author\":{\"@id\":\"https:\\\/\\\/lasentinelle.dz\\\/author\\\/admin\\\/#author\"},\"publisher\":{\"@id\":\"https:\\\/\\\/lasentinelle.dz\\\/#organization\"},\"image\":{\"@type\":\"ImageObject\",\"url\":\"https:\\\/\\\/lasentinelle.dz\\\/wp-content\\\/uploads\\\/2026\\\/01\\\/Bouamama.webp\",\"width\":1200,\"height\":676},\"datePublished\":\"2026-01-13T19:50:24+01:00\",\"dateModified\":\"2026-01-13T19:50:25+01:00\",\"inLanguage\":\"fr-FR\",\"mainEntityOfPage\":{\"@id\":\"https:\\\/\\\/lasentinelle.dz\\\/index.php\\\/2026\\\/01\\\/13\\\/le-ministre-de-la-communication-reagit-aux-derniers-incidents-de-la-can-lalgerie-fait-face-a-des-tentatives-dappropriation-des-realisations-de-ses-enfants\\\/#webpage\"},\"isPartOf\":{\"@id\":\"https:\\\/\\\/lasentinelle.dz\\\/index.php\\\/2026\\\/01\\\/13\\\/le-ministre-de-la-communication-reagit-aux-derniers-incidents-de-la-can-lalgerie-fait-face-a-des-tentatives-dappropriation-des-realisations-de-ses-enfants\\\/#webpage\"},\"articleSection\":\"Actualit\\u00e9\"},{\"@type\":\"BreadcrumbList\",\"@id\":\"https:\\\/\\\/lasentinelle.dz\\\/index.php\\\/2026\\\/01\\\/13\\\/le-ministre-de-la-communication-reagit-aux-derniers-incidents-de-la-can-lalgerie-fait-face-a-des-tentatives-dappropriation-des-realisations-de-ses-enfants\\\/#breadcrumblist\",\"itemListElement\":[{\"@type\":\"ListItem\",\"@id\":\"https:\\\/\\\/lasentinelle.dz#listItem\",\"position\":1,\"name\":\"Home\",\"item\":\"https:\\\/\\\/lasentinelle.dz\",\"nextItem\":{\"@type\":\"ListItem\",\"@id\":\"https:\\\/\\\/lasentinelle.dz\\\/index.php\\\/category\\\/actualite\\\/#listItem\",\"name\":\"Actualit\\u00e9\"}},{\"@type\":\"ListItem\",\"@id\":\"https:\\\/\\\/lasentinelle.dz\\\/index.php\\\/category\\\/actualite\\\/#listItem\",\"position\":2,\"name\":\"Actualit\\u00e9\",\"item\":\"https:\\\/\\\/lasentinelle.dz\\\/index.php\\\/category\\\/actualite\\\/\",\"nextItem\":{\"@type\":\"ListItem\",\"@id\":\"https:\\\/\\\/lasentinelle.dz\\\/index.php\\\/2026\\\/01\\\/13\\\/le-ministre-de-la-communication-reagit-aux-derniers-incidents-de-la-can-lalgerie-fait-face-a-des-tentatives-dappropriation-des-realisations-de-ses-enfants\\\/#listItem\",\"name\":\"Le ministre de la Communication\\u00a0r\\u00e9agit aux derniers incidents de la CAN\\u00a0: L\\u2019Alg\\u00e9rie fait face \\u00e0 des tentatives \\u00ab\\u00a0d\\u2019appropriation des r\\u00e9alisations de ses enfants\\u00a0\\u00bb\"},\"previousItem\":{\"@type\":\"ListItem\",\"@id\":\"https:\\\/\\\/lasentinelle.dz#listItem\",\"name\":\"Home\"}},{\"@type\":\"ListItem\",\"@id\":\"https:\\\/\\\/lasentinelle.dz\\\/index.php\\\/2026\\\/01\\\/13\\\/le-ministre-de-la-communication-reagit-aux-derniers-incidents-de-la-can-lalgerie-fait-face-a-des-tentatives-dappropriation-des-realisations-de-ses-enfants\\\/#listItem\",\"position\":3,\"name\":\"Le ministre de la Communication\\u00a0r\\u00e9agit aux derniers incidents de la CAN\\u00a0: L\\u2019Alg\\u00e9rie fait face \\u00e0 des tentatives \\u00ab\\u00a0d\\u2019appropriation des r\\u00e9alisations de ses enfants\\u00a0\\u00bb\",\"previousItem\":{\"@type\":\"ListItem\",\"@id\":\"https:\\\/\\\/lasentinelle.dz\\\/index.php\\\/category\\\/actualite\\\/#listItem\",\"name\":\"Actualit\\u00e9\"}}]},{\"@type\":\"Organization\",\"@id\":\"https:\\\/\\\/lasentinelle.dz\\\/#organization\",\"name\":\"La Sentinelle La Sentinelle\",\"description\":\"Quotidien national d'information\",\"url\":\"https:\\\/\\\/lasentinelle.dz\\\/\",\"logo\":{\"@type\":\"ImageObject\",\"url\":\"https:\\\/\\\/lasentinelle.dz\\\/wp-content\\\/uploads\\\/2021\\\/09\\\/cropped-la-sentinelle-earth-golden-anima-5.gif\",\"@id\":\"https:\\\/\\\/lasentinelle.dz\\\/index.php\\\/2026\\\/01\\\/13\\\/le-ministre-de-la-communication-reagit-aux-derniers-incidents-de-la-can-lalgerie-fait-face-a-des-tentatives-dappropriation-des-realisations-de-ses-enfants\\\/#organizationLogo\",\"width\":450,\"height\":213},\"image\":{\"@id\":\"https:\\\/\\\/lasentinelle.dz\\\/index.php\\\/2026\\\/01\\\/13\\\/le-ministre-de-la-communication-reagit-aux-derniers-incidents-de-la-can-lalgerie-fait-face-a-des-tentatives-dappropriation-des-realisations-de-ses-enfants\\\/#organizationLogo\"},\"sameAs\":[\"https:\\\/\\\/www.facebook.com\\\/azzedine.lasentinelle.1\"]},{\"@type\":\"Person\",\"@id\":\"https:\\\/\\\/lasentinelle.dz\\\/author\\\/admin\\\/#author\",\"url\":\"https:\\\/\\\/lasentinelle.dz\\\/author\\\/admin\\\/\",\"name\":\"admin\",\"image\":{\"@type\":\"ImageObject\",\"@id\":\"https:\\\/\\\/lasentinelle.dz\\\/index.php\\\/2026\\\/01\\\/13\\\/le-ministre-de-la-communication-reagit-aux-derniers-incidents-de-la-can-lalgerie-fait-face-a-des-tentatives-dappropriation-des-realisations-de-ses-enfants\\\/#authorImage\",\"url\":\"https:\\\/\\\/secure.gravatar.com\\\/avatar\\\/4c81fed838786e9b53f540bf46533e750f5d292099ae3b66cfc6fb1982e29df7?s=96&d=mm&r=g\",\"width\":96,\"height\":96,\"caption\":\"admin\"}},{\"@type\":\"WebPage\",\"@id\":\"https:\\\/\\\/lasentinelle.dz\\\/index.php\\\/2026\\\/01\\\/13\\\/le-ministre-de-la-communication-reagit-aux-derniers-incidents-de-la-can-lalgerie-fait-face-a-des-tentatives-dappropriation-des-realisations-de-ses-enfants\\\/#webpage\",\"url\":\"https:\\\/\\\/lasentinelle.dz\\\/index.php\\\/2026\\\/01\\\/13\\\/le-ministre-de-la-communication-reagit-aux-derniers-incidents-de-la-can-lalgerie-fait-face-a-des-tentatives-dappropriation-des-realisations-de-ses-enfants\\\/\",\"name\":\"Le ministre de la Communication r\\u00e9agit aux derniers incidents de la CAN : L\\u2019Alg\\u00e9rie fait face \\u00e0 des tentatives \\u00ab d\\u2019appropriation des r\\u00e9alisations de ses enfants \\u00bb - La Sentinelle\",\"description\":\"Le ministre de la Communication, Zohir Bouamama, a affirm\\u00e9 mardi que l'Alg\\u00e9rie fait l'objet depuis des ann\\u00e9es de campagnes condamnables men\\u00e9es par des parties connues, visant \\u00e0 s'approprier son patrimoine et les cr\\u00e9ations de ses enfants dans diff\\u00e9rents domaines artistiques et culturels, r\\u00e9v\\u00e9lant que ces tentatives se sont \\u00e9tendues au secteur sportif. Lors d'une journ\\u00e9e\",\"inLanguage\":\"fr-FR\",\"isPartOf\":{\"@id\":\"https:\\\/\\\/lasentinelle.dz\\\/#website\"},\"breadcrumb\":{\"@id\":\"https:\\\/\\\/lasentinelle.dz\\\/index.php\\\/2026\\\/01\\\/13\\\/le-ministre-de-la-communication-reagit-aux-derniers-incidents-de-la-can-lalgerie-fait-face-a-des-tentatives-dappropriation-des-realisations-de-ses-enfants\\\/#breadcrumblist\"},\"author\":{\"@id\":\"https:\\\/\\\/lasentinelle.dz\\\/author\\\/admin\\\/#author\"},\"creator\":{\"@id\":\"https:\\\/\\\/lasentinelle.dz\\\/author\\\/admin\\\/#author\"},\"image\":{\"@type\":\"ImageObject\",\"url\":\"https:\\\/\\\/lasentinelle.dz\\\/wp-content\\\/uploads\\\/2026\\\/01\\\/Bouamama.webp\",\"@id\":\"https:\\\/\\\/lasentinelle.dz\\\/index.php\\\/2026\\\/01\\\/13\\\/le-ministre-de-la-communication-reagit-aux-derniers-incidents-de-la-can-lalgerie-fait-face-a-des-tentatives-dappropriation-des-realisations-de-ses-enfants\\\/#mainImage\",\"width\":1200,\"height\":676},\"primaryImageOfPage\":{\"@id\":\"https:\\\/\\\/lasentinelle.dz\\\/index.php\\\/2026\\\/01\\\/13\\\/le-ministre-de-la-communication-reagit-aux-derniers-incidents-de-la-can-lalgerie-fait-face-a-des-tentatives-dappropriation-des-realisations-de-ses-enfants\\\/#mainImage\"},\"datePublished\":\"2026-01-13T19:50:24+01:00\",\"dateModified\":\"2026-01-13T19:50:25+01:00\"},{\"@type\":\"WebSite\",\"@id\":\"https:\\\/\\\/lasentinelle.dz\\\/#website\",\"url\":\"https:\\\/\\\/lasentinelle.dz\\\/\",\"name\":\"La Sentinelle\",\"description\":\"Quotidien national d'information\",\"inLanguage\":\"fr-FR\",\"publisher\":{\"@id\":\"https:\\\/\\\/lasentinelle.dz\\\/#organization\"}}]}\n\t\t<\/script>\n\t\t<!-- All in One SEO -->\n\n","aioseo_head_json":{"title":"Le ministre de la Communication r\u00e9agit aux derniers incidents de la CAN : L\u2019Alg\u00e9rie fait face \u00e0 des tentatives \u00ab d\u2019appropriation des r\u00e9alisations de ses enfants \u00bb - La Sentinelle","description":"Le ministre de la Communication, Zohir Bouamama, a affirm\u00e9 mardi que l'Alg\u00e9rie fait l'objet depuis des ann\u00e9es de campagnes condamnables men\u00e9es par des parties connues, visant \u00e0 s'approprier son patrimoine et les cr\u00e9ations de ses enfants dans diff\u00e9rents domaines artistiques et culturels, r\u00e9v\u00e9lant que ces tentatives se sont \u00e9tendues au secteur sportif. Lors d'une journ\u00e9e","canonical_url":"https:\/\/lasentinelle.dz\/index.php\/2026\/01\/13\/le-ministre-de-la-communication-reagit-aux-derniers-incidents-de-la-can-lalgerie-fait-face-a-des-tentatives-dappropriation-des-realisations-de-ses-enfants\/","robots":"max-image-preview:large","keywords":"","webmasterTools":{"miscellaneous":""},"schema":{"@context":"https:\/\/schema.org","@graph":[{"@type":"BlogPosting","@id":"https:\/\/lasentinelle.dz\/index.php\/2026\/01\/13\/le-ministre-de-la-communication-reagit-aux-derniers-incidents-de-la-can-lalgerie-fait-face-a-des-tentatives-dappropriation-des-realisations-de-ses-enfants\/#blogposting","name":"Le ministre de la Communication r\u00e9agit aux derniers incidents de la CAN : L\u2019Alg\u00e9rie fait face \u00e0 des tentatives \u00ab d\u2019appropriation des r\u00e9alisations de ses enfants \u00bb - La Sentinelle","headline":"Le ministre de la Communication\u00a0r\u00e9agit aux derniers incidents de la CAN\u00a0: L\u2019Alg\u00e9rie fait face \u00e0 des tentatives \u00ab\u00a0d\u2019appropriation des r\u00e9alisations de ses enfants\u00a0\u00bb","author":{"@id":"https:\/\/lasentinelle.dz\/author\/admin\/#author"},"publisher":{"@id":"https:\/\/lasentinelle.dz\/#organization"},"image":{"@type":"ImageObject","url":"https:\/\/lasentinelle.dz\/wp-content\/uploads\/2026\/01\/Bouamama.webp","width":1200,"height":676},"datePublished":"2026-01-13T19:50:24+01:00","dateModified":"2026-01-13T19:50:25+01:00","inLanguage":"fr-FR","mainEntityOfPage":{"@id":"https:\/\/lasentinelle.dz\/index.php\/2026\/01\/13\/le-ministre-de-la-communication-reagit-aux-derniers-incidents-de-la-can-lalgerie-fait-face-a-des-tentatives-dappropriation-des-realisations-de-ses-enfants\/#webpage"},"isPartOf":{"@id":"https:\/\/lasentinelle.dz\/index.php\/2026\/01\/13\/le-ministre-de-la-communication-reagit-aux-derniers-incidents-de-la-can-lalgerie-fait-face-a-des-tentatives-dappropriation-des-realisations-de-ses-enfants\/#webpage"},"articleSection":"Actualit\u00e9"},{"@type":"BreadcrumbList","@id":"https:\/\/lasentinelle.dz\/index.php\/2026\/01\/13\/le-ministre-de-la-communication-reagit-aux-derniers-incidents-de-la-can-lalgerie-fait-face-a-des-tentatives-dappropriation-des-realisations-de-ses-enfants\/#breadcrumblist","itemListElement":[{"@type":"ListItem","@id":"https:\/\/lasentinelle.dz#listItem","position":1,"name":"Home","item":"https:\/\/lasentinelle.dz","nextItem":{"@type":"ListItem","@id":"https:\/\/lasentinelle.dz\/index.php\/category\/actualite\/#listItem","name":"Actualit\u00e9"}},{"@type":"ListItem","@id":"https:\/\/lasentinelle.dz\/index.php\/category\/actualite\/#listItem","position":2,"name":"Actualit\u00e9","item":"https:\/\/lasentinelle.dz\/index.php\/category\/actualite\/","nextItem":{"@type":"ListItem","@id":"https:\/\/lasentinelle.dz\/index.php\/2026\/01\/13\/le-ministre-de-la-communication-reagit-aux-derniers-incidents-de-la-can-lalgerie-fait-face-a-des-tentatives-dappropriation-des-realisations-de-ses-enfants\/#listItem","name":"Le ministre de la Communication\u00a0r\u00e9agit aux derniers incidents de la CAN\u00a0: L\u2019Alg\u00e9rie fait face \u00e0 des tentatives \u00ab\u00a0d\u2019appropriation des r\u00e9alisations de ses enfants\u00a0\u00bb"},"previousItem":{"@type":"ListItem","@id":"https:\/\/lasentinelle.dz#listItem","name":"Home"}},{"@type":"ListItem","@id":"https:\/\/lasentinelle.dz\/index.php\/2026\/01\/13\/le-ministre-de-la-communication-reagit-aux-derniers-incidents-de-la-can-lalgerie-fait-face-a-des-tentatives-dappropriation-des-realisations-de-ses-enfants\/#listItem","position":3,"name":"Le ministre de la Communication\u00a0r\u00e9agit aux derniers incidents de la CAN\u00a0: L\u2019Alg\u00e9rie fait face \u00e0 des tentatives \u00ab\u00a0d\u2019appropriation des r\u00e9alisations de ses enfants\u00a0\u00bb","previousItem":{"@type":"ListItem","@id":"https:\/\/lasentinelle.dz\/index.php\/category\/actualite\/#listItem","name":"Actualit\u00e9"}}]},{"@type":"Organization","@id":"https:\/\/lasentinelle.dz\/#organization","name":"La Sentinelle La Sentinelle","description":"Quotidien national d'information","url":"https:\/\/lasentinelle.dz\/","logo":{"@type":"ImageObject","url":"https:\/\/lasentinelle.dz\/wp-content\/uploads\/2021\/09\/cropped-la-sentinelle-earth-golden-anima-5.gif","@id":"https:\/\/lasentinelle.dz\/index.php\/2026\/01\/13\/le-ministre-de-la-communication-reagit-aux-derniers-incidents-de-la-can-lalgerie-fait-face-a-des-tentatives-dappropriation-des-realisations-de-ses-enfants\/#organizationLogo","width":450,"height":213},"image":{"@id":"https:\/\/lasentinelle.dz\/index.php\/2026\/01\/13\/le-ministre-de-la-communication-reagit-aux-derniers-incidents-de-la-can-lalgerie-fait-face-a-des-tentatives-dappropriation-des-realisations-de-ses-enfants\/#organizationLogo"},"sameAs":["https:\/\/www.facebook.com\/azzedine.lasentinelle.1"]},{"@type":"Person","@id":"https:\/\/lasentinelle.dz\/author\/admin\/#author","url":"https:\/\/lasentinelle.dz\/author\/admin\/","name":"admin","image":{"@type":"ImageObject","@id":"https:\/\/lasentinelle.dz\/index.php\/2026\/01\/13\/le-ministre-de-la-communication-reagit-aux-derniers-incidents-de-la-can-lalgerie-fait-face-a-des-tentatives-dappropriation-des-realisations-de-ses-enfants\/#authorImage","url":"https:\/\/secure.gravatar.com\/avatar\/4c81fed838786e9b53f540bf46533e750f5d292099ae3b66cfc6fb1982e29df7?s=96&d=mm&r=g","width":96,"height":96,"caption":"admin"}},{"@type":"WebPage","@id":"https:\/\/lasentinelle.dz\/index.php\/2026\/01\/13\/le-ministre-de-la-communication-reagit-aux-derniers-incidents-de-la-can-lalgerie-fait-face-a-des-tentatives-dappropriation-des-realisations-de-ses-enfants\/#webpage","url":"https:\/\/lasentinelle.dz\/index.php\/2026\/01\/13\/le-ministre-de-la-communication-reagit-aux-derniers-incidents-de-la-can-lalgerie-fait-face-a-des-tentatives-dappropriation-des-realisations-de-ses-enfants\/","name":"Le ministre de la Communication r\u00e9agit aux derniers incidents de la CAN : L\u2019Alg\u00e9rie fait face \u00e0 des tentatives \u00ab d\u2019appropriation des r\u00e9alisations de ses enfants \u00bb - La Sentinelle","description":"Le ministre de la Communication, Zohir Bouamama, a affirm\u00e9 mardi que l'Alg\u00e9rie fait l'objet depuis des ann\u00e9es de campagnes condamnables men\u00e9es par des parties connues, visant \u00e0 s'approprier son patrimoine et les cr\u00e9ations de ses enfants dans diff\u00e9rents domaines artistiques et culturels, r\u00e9v\u00e9lant que ces tentatives se sont \u00e9tendues au secteur sportif. Lors d'une journ\u00e9e","inLanguage":"fr-FR","isPartOf":{"@id":"https:\/\/lasentinelle.dz\/#website"},"breadcrumb":{"@id":"https:\/\/lasentinelle.dz\/index.php\/2026\/01\/13\/le-ministre-de-la-communication-reagit-aux-derniers-incidents-de-la-can-lalgerie-fait-face-a-des-tentatives-dappropriation-des-realisations-de-ses-enfants\/#breadcrumblist"},"author":{"@id":"https:\/\/lasentinelle.dz\/author\/admin\/#author"},"creator":{"@id":"https:\/\/lasentinelle.dz\/author\/admin\/#author"},"image":{"@type":"ImageObject","url":"https:\/\/lasentinelle.dz\/wp-content\/uploads\/2026\/01\/Bouamama.webp","@id":"https:\/\/lasentinelle.dz\/index.php\/2026\/01\/13\/le-ministre-de-la-communication-reagit-aux-derniers-incidents-de-la-can-lalgerie-fait-face-a-des-tentatives-dappropriation-des-realisations-de-ses-enfants\/#mainImage","width":1200,"height":676},"primaryImageOfPage":{"@id":"https:\/\/lasentinelle.dz\/index.php\/2026\/01\/13\/le-ministre-de-la-communication-reagit-aux-derniers-incidents-de-la-can-lalgerie-fait-face-a-des-tentatives-dappropriation-des-realisations-de-ses-enfants\/#mainImage"},"datePublished":"2026-01-13T19:50:24+01:00","dateModified":"2026-01-13T19:50:25+01:00"},{"@type":"WebSite","@id":"https:\/\/lasentinelle.dz\/#website","url":"https:\/\/lasentinelle.dz\/","name":"La Sentinelle","description":"Quotidien national d'information","inLanguage":"fr-FR","publisher":{"@id":"https:\/\/lasentinelle.dz\/#organization"}}]},"og:locale":"fr_FR","og:site_name":"La Sentinelle - Quotidien national d'information","og:type":"article","og:title":"Le ministre de la Communication r\u00e9agit aux derniers incidents de la CAN : L\u2019Alg\u00e9rie fait face \u00e0 des tentatives \u00ab d\u2019appropriation des r\u00e9alisations de ses enfants \u00bb - La Sentinelle","og:description":"Le ministre de la Communication, Zohir Bouamama, a affirm\u00e9 mardi que l'Alg\u00e9rie fait l'objet depuis des ann\u00e9es de campagnes condamnables men\u00e9es par des parties connues, visant \u00e0 s'approprier son patrimoine et les cr\u00e9ations de ses enfants dans diff\u00e9rents domaines artistiques et culturels, r\u00e9v\u00e9lant que ces tentatives se sont \u00e9tendues au secteur sportif. Lors d'une journ\u00e9e","og:url":"https:\/\/lasentinelle.dz\/index.php\/2026\/01\/13\/le-ministre-de-la-communication-reagit-aux-derniers-incidents-de-la-can-lalgerie-fait-face-a-des-tentatives-dappropriation-des-realisations-de-ses-enfants\/","og:image":"https:\/\/lasentinelle.dz\/wp-content\/uploads\/2021\/09\/cropped-la-sentinelle-earth-golden-anima-5.gif","og:image:secure_url":"https:\/\/lasentinelle.dz\/wp-content\/uploads\/2021\/09\/cropped-la-sentinelle-earth-golden-anima-5.gif","og:image:width":450,"og:image:height":213,"article:published_time":"2026-01-13T18:50:24+00:00","article:modified_time":"2026-01-13T18:50:25+00:00","article:publisher":"https:\/\/www.facebook.com\/azzedine.lasentinelle.1","twitter:card":"summary_large_image","twitter:title":"Le ministre de la Communication r\u00e9agit aux derniers incidents de la CAN : L\u2019Alg\u00e9rie fait face \u00e0 des tentatives \u00ab d\u2019appropriation des r\u00e9alisations de ses enfants \u00bb - La Sentinelle","twitter:description":"Le ministre de la Communication, Zohir Bouamama, a affirm\u00e9 mardi que l'Alg\u00e9rie fait l'objet depuis des ann\u00e9es de campagnes condamnables men\u00e9es par des parties connues, visant \u00e0 s'approprier son patrimoine et les cr\u00e9ations de ses enfants dans diff\u00e9rents domaines artistiques et culturels, r\u00e9v\u00e9lant que ces tentatives se sont \u00e9tendues au secteur sportif. Lors d'une journ\u00e9e","twitter:image":"https:\/\/lasentinelle.dz\/wp-content\/uploads\/2021\/09\/cropped-la-sentinelle-earth-golden-anima-5.gif"},"aioseo_meta_data":{"post_id":"79462","title":null,"description":null,"keywords":null,"keyphrases":null,"primary_term":null,"canonical_url":null,"og_title":null,"og_description":null,"og_object_type":"default","og_image_type":"default","og_image_url":null,"og_image_width":null,"og_image_height":null,"og_image_custom_url":null,"og_image_custom_fields":null,"og_video":null,"og_custom_url":null,"og_article_section":null,"og_article_tags":null,"twitter_use_og":false,"twitter_card":"default","twitter_image_type":"default","twitter_image_url":null,"twitter_image_custom_url":null,"twitter_image_custom_fields":null,"twitter_title":null,"twitter_description":null,"schema":{"blockGraphs":[],"customGraphs":[],"default":{"data":{"Article":[],"Course":[],"Dataset":[],"FAQPage":[],"Movie":[],"Person":[],"Product":[],"ProductReview":[],"Car":[],"Recipe":[],"Service":[],"SoftwareApplication":[],"WebPage":[]},"graphName":"","isEnabled":true},"graphs":[]},"schema_type":"default","schema_type_options":null,"pillar_content":false,"robots_default":true,"robots_noindex":false,"robots_noarchive":false,"robots_nosnippet":false,"robots_nofollow":false,"robots_noimageindex":false,"robots_noodp":false,"robots_notranslate":false,"robots_max_snippet":null,"robots_max_videopreview":null,"robots_max_imagepreview":"large","priority":null,"frequency":null,"local_seo":null,"breadcrumb_settings":null,"limit_modified_date":false,"ai":null,"created":"2026-05-14 08:27:38","updated":"2026-05-14 08:27:38","focus_keyword":null,"additional_keywords":null,"truseo_locale":null,"seo_analyzer_scan_date":null},"aioseo_breadcrumb":"<div class=\"aioseo-breadcrumbs\"><span class=\"aioseo-breadcrumb\">\n\t\t\t<a href=\"https:\/\/lasentinelle.dz\" title=\"Home\">Home<\/a>\n\t\t<\/span><span class=\"aioseo-breadcrumb-separator\">&raquo;<\/span><span class=\"aioseo-breadcrumb\">\n\t\t\t<a href=\"https:\/\/lasentinelle.dz\/index.php\/category\/actualite\/\" title=\"Actualit\u00e9\">Actualit\u00e9<\/a>\n\t\t<\/span><span class=\"aioseo-breadcrumb-separator\">&raquo;<\/span><span class=\"aioseo-breadcrumb\">\n\t\t\tLe ministre de la Communication r\u00e9agit aux derniers incidents de la CAN : L\u2019Alg\u00e9rie fait face \u00e0 des tentatives \u00ab d\u2019appropriation des r\u00e9alisations de ses enfants \u00bb\n\t\t<\/span><\/div>","aioseo_breadcrumb_json":[{"label":"Home","link":"https:\/\/lasentinelle.dz"},{"label":"Actualit\u00e9","link":"https:\/\/lasentinelle.dz\/index.php\/category\/actualite\/"},{"label":"Le ministre de la Communication\u00a0r\u00e9agit aux derniers incidents de la CAN\u00a0: L\u2019Alg\u00e9rie fait face \u00e0 des tentatives \u00ab\u00a0d\u2019appropriation des r\u00e9alisations de ses enfants\u00a0\u00bb","link":"https:\/\/lasentinelle.dz\/index.php\/2026\/01\/13\/le-ministre-de-la-communication-reagit-aux-derniers-incidents-de-la-can-lalgerie-fait-face-a-des-tentatives-dappropriation-des-realisations-de-ses-enfants\/"}],"yoast_head":"<!-- This site is optimized with the Yoast SEO plugin v28.3 - https:\/\/yoast.com\/product\/yoast-seo-wordpress\/ -->\n<title>Le ministre de la Communication\u00a0r\u00e9agit aux derniers incidents de la CAN\u00a0: L\u2019Alg\u00e9rie fait face \u00e0 des tentatives \u00ab\u00a0d\u2019appropriation des r\u00e9alisations de ses enfants\u00a0\u00bb - La Sentinelle<\/title>\n<meta name=\"robots\" content=\"index, follow, max-snippet:-1, max-image-preview:large, max-video-preview:-1\" \/>\n<link rel=\"canonical\" href=\"https:\/\/lasentinelle.dz\/index.php\/2026\/01\/13\/le-ministre-de-la-communication-reagit-aux-derniers-incidents-de-la-can-lalgerie-fait-face-a-des-tentatives-dappropriation-des-realisations-de-ses-enfants\/\" \/>\n<meta property=\"og:locale\" content=\"fr_FR\" \/>\n<meta property=\"og:type\" content=\"article\" \/>\n<meta property=\"og:title\" content=\"Le ministre de la Communication\u00a0r\u00e9agit aux derniers incidents de la CAN\u00a0: L\u2019Alg\u00e9rie fait face \u00e0 des tentatives \u00ab\u00a0d\u2019appropriation des r\u00e9alisations de ses enfants\u00a0\u00bb - La Sentinelle\" \/>\n<meta property=\"og:description\" content=\"Le ministre de la Communication, Zohir Bouamama, a affirm\u00e9 mardi que l&rsquo;Alg\u00e9rie fait l&rsquo;objet depuis des ann\u00e9es de campagnes condamnables\" \/>\n<meta property=\"og:url\" content=\"https:\/\/lasentinelle.dz\/index.php\/2026\/01\/13\/le-ministre-de-la-communication-reagit-aux-derniers-incidents-de-la-can-lalgerie-fait-face-a-des-tentatives-dappropriation-des-realisations-de-ses-enfants\/\" \/>\n<meta property=\"og:site_name\" content=\"La Sentinelle\" \/>\n<meta property=\"article:publisher\" content=\"https:\/\/www.facebook.com\/La-Sentinelle-104059864394773\" \/>\n<meta property=\"article:published_time\" content=\"2026-01-13T18:50:24+00:00\" \/>\n<meta property=\"article:modified_time\" content=\"2026-01-13T18:50:25+00:00\" \/>\n<meta property=\"og:image\" content=\"https:\/\/lasentinelle.dz\/wp-content\/uploads\/2026\/01\/Bouamama.webp\" \/>\n\t<meta property=\"og:image:width\" content=\"1200\" \/>\n\t<meta property=\"og:image:height\" content=\"676\" \/>\n\t<meta property=\"og:image:type\" content=\"image\/webp\" \/>\n<meta name=\"author\" content=\"admin\" \/>\n<meta name=\"twitter:card\" content=\"summary_large_image\" \/>\n<meta name=\"twitter:label1\" content=\"\u00c9crit par\" \/>\n\t<meta name=\"twitter:data1\" content=\"admin\" \/>\n\t<meta name=\"twitter:label2\" content=\"Dur\u00e9e de lecture estim\u00e9e\" \/>\n\t<meta name=\"twitter:data2\" content=\"2 minutes\" \/>\n<script type=\"application\/ld+json\" class=\"yoast-schema-graph\">{\"@context\":\"https:\\\/\\\/schema.org\",\"@graph\":[{\"@type\":\"Article\",\"@id\":\"https:\\\/\\\/lasentinelle.dz\\\/index.php\\\/2026\\\/01\\\/13\\\/le-ministre-de-la-communication-reagit-aux-derniers-incidents-de-la-can-lalgerie-fait-face-a-des-tentatives-dappropriation-des-realisations-de-ses-enfants\\\/#article\",\"isPartOf\":{\"@id\":\"https:\\\/\\\/lasentinelle.dz\\\/index.php\\\/2026\\\/01\\\/13\\\/le-ministre-de-la-communication-reagit-aux-derniers-incidents-de-la-can-lalgerie-fait-face-a-des-tentatives-dappropriation-des-realisations-de-ses-enfants\\\/\"},\"author\":{\"name\":\"admin\",\"@id\":\"https:\\\/\\\/lasentinelle.dz\\\/#\\\/schema\\\/person\\\/729ee0024f24e0b8c5ec17232f8e8b41\"},\"headline\":\"Le ministre de la Communication\u00a0r\u00e9agit aux derniers incidents de la CAN\u00a0: L\u2019Alg\u00e9rie fait face \u00e0 des tentatives \u00ab\u00a0d\u2019appropriation des r\u00e9alisations de ses enfants\u00a0\u00bb\",\"datePublished\":\"2026-01-13T18:50:24+00:00\",\"dateModified\":\"2026-01-13T18:50:25+00:00\",\"mainEntityOfPage\":{\"@id\":\"https:\\\/\\\/lasentinelle.dz\\\/index.php\\\/2026\\\/01\\\/13\\\/le-ministre-de-la-communication-reagit-aux-derniers-incidents-de-la-can-lalgerie-fait-face-a-des-tentatives-dappropriation-des-realisations-de-ses-enfants\\\/\"},\"wordCount\":429,\"commentCount\":0,\"publisher\":{\"@id\":\"https:\\\/\\\/lasentinelle.dz\\\/#organization\"},\"image\":{\"@id\":\"https:\\\/\\\/lasentinelle.dz\\\/index.php\\\/2026\\\/01\\\/13\\\/le-ministre-de-la-communication-reagit-aux-derniers-incidents-de-la-can-lalgerie-fait-face-a-des-tentatives-dappropriation-des-realisations-de-ses-enfants\\\/#primaryimage\"},\"thumbnailUrl\":\"https:\\\/\\\/lasentinelle.dz\\\/wp-content\\\/uploads\\\/2026\\\/01\\\/Bouamama.webp\",\"articleSection\":[\"Actualit\u00e9\"],\"inLanguage\":\"fr-FR\",\"potentialAction\":[{\"@type\":\"CommentAction\",\"name\":\"Comment\",\"target\":[\"https:\\\/\\\/lasentinelle.dz\\\/index.php\\\/2026\\\/01\\\/13\\\/le-ministre-de-la-communication-reagit-aux-derniers-incidents-de-la-can-lalgerie-fait-face-a-des-tentatives-dappropriation-des-realisations-de-ses-enfants\\\/#respond\"]}]},{\"@type\":\"WebPage\",\"@id\":\"https:\\\/\\\/lasentinelle.dz\\\/index.php\\\/2026\\\/01\\\/13\\\/le-ministre-de-la-communication-reagit-aux-derniers-incidents-de-la-can-lalgerie-fait-face-a-des-tentatives-dappropriation-des-realisations-de-ses-enfants\\\/\",\"url\":\"https:\\\/\\\/lasentinelle.dz\\\/index.php\\\/2026\\\/01\\\/13\\\/le-ministre-de-la-communication-reagit-aux-derniers-incidents-de-la-can-lalgerie-fait-face-a-des-tentatives-dappropriation-des-realisations-de-ses-enfants\\\/\",\"name\":\"Le ministre de la Communication\u00a0r\u00e9agit aux derniers incidents de la CAN\u00a0: L\u2019Alg\u00e9rie fait face \u00e0 des tentatives \u00ab\u00a0d\u2019appropriation des r\u00e9alisations de ses enfants\u00a0\u00bb - La Sentinelle\",\"isPartOf\":{\"@id\":\"https:\\\/\\\/lasentinelle.dz\\\/#website\"},\"primaryImageOfPage\":{\"@id\":\"https:\\\/\\\/lasentinelle.dz\\\/index.php\\\/2026\\\/01\\\/13\\\/le-ministre-de-la-communication-reagit-aux-derniers-incidents-de-la-can-lalgerie-fait-face-a-des-tentatives-dappropriation-des-realisations-de-ses-enfants\\\/#primaryimage\"},\"image\":{\"@id\":\"https:\\\/\\\/lasentinelle.dz\\\/index.php\\\/2026\\\/01\\\/13\\\/le-ministre-de-la-communication-reagit-aux-derniers-incidents-de-la-can-lalgerie-fait-face-a-des-tentatives-dappropriation-des-realisations-de-ses-enfants\\\/#primaryimage\"},\"thumbnailUrl\":\"https:\\\/\\\/lasentinelle.dz\\\/wp-content\\\/uploads\\\/2026\\\/01\\\/Bouamama.webp\",\"datePublished\":\"2026-01-13T18:50:24+00:00\",\"dateModified\":\"2026-01-13T18:50:25+00:00\",\"breadcrumb\":{\"@id\":\"https:\\\/\\\/lasentinelle.dz\\\/index.php\\\/2026\\\/01\\\/13\\\/le-ministre-de-la-communication-reagit-aux-derniers-incidents-de-la-can-lalgerie-fait-face-a-des-tentatives-dappropriation-des-realisations-de-ses-enfants\\\/#breadcrumb\"},\"inLanguage\":\"fr-FR\",\"potentialAction\":[{\"@type\":\"ReadAction\",\"target\":[\"https:\\\/\\\/lasentinelle.dz\\\/index.php\\\/2026\\\/01\\\/13\\\/le-ministre-de-la-communication-reagit-aux-derniers-incidents-de-la-can-lalgerie-fait-face-a-des-tentatives-dappropriation-des-realisations-de-ses-enfants\\\/\"]}]},{\"@type\":\"ImageObject\",\"inLanguage\":\"fr-FR\",\"@id\":\"https:\\\/\\\/lasentinelle.dz\\\/index.php\\\/2026\\\/01\\\/13\\\/le-ministre-de-la-communication-reagit-aux-derniers-incidents-de-la-can-lalgerie-fait-face-a-des-tentatives-dappropriation-des-realisations-de-ses-enfants\\\/#primaryimage\",\"url\":\"https:\\\/\\\/lasentinelle.dz\\\/wp-content\\\/uploads\\\/2026\\\/01\\\/Bouamama.webp\",\"contentUrl\":\"https:\\\/\\\/lasentinelle.dz\\\/wp-content\\\/uploads\\\/2026\\\/01\\\/Bouamama.webp\",\"width\":1200,\"height\":676},{\"@type\":\"BreadcrumbList\",\"@id\":\"https:\\\/\\\/lasentinelle.dz\\\/index.php\\\/2026\\\/01\\\/13\\\/le-ministre-de-la-communication-reagit-aux-derniers-incidents-de-la-can-lalgerie-fait-face-a-des-tentatives-dappropriation-des-realisations-de-ses-enfants\\\/#breadcrumb\",\"itemListElement\":[{\"@type\":\"ListItem\",\"position\":1,\"name\":\"Accueil\",\"item\":\"https:\\\/\\\/lasentinelle.dz\\\/\"},{\"@type\":\"ListItem\",\"position\":2,\"name\":\"Le ministre de la Communication\u00a0r\u00e9agit aux derniers incidents de la CAN\u00a0: L\u2019Alg\u00e9rie fait face \u00e0 des tentatives \u00ab\u00a0d\u2019appropriation des r\u00e9alisations de ses enfants\u00a0\u00bb\"}]},{\"@type\":\"WebSite\",\"@id\":\"https:\\\/\\\/lasentinelle.dz\\\/#website\",\"url\":\"https:\\\/\\\/lasentinelle.dz\\\/\",\"name\":\"La Sentinelle\",\"description\":\"Quotidien national d&#039;information\",\"publisher\":{\"@id\":\"https:\\\/\\\/lasentinelle.dz\\\/#organization\"},\"potentialAction\":[{\"@type\":\"SearchAction\",\"target\":{\"@type\":\"EntryPoint\",\"urlTemplate\":\"https:\\\/\\\/lasentinelle.dz\\\/?s={search_term_string}\"},\"query-input\":{\"@type\":\"PropertyValueSpecification\",\"valueRequired\":true,\"valueName\":\"search_term_string\"}}],\"inLanguage\":\"fr-FR\"},{\"@type\":\"Organization\",\"@id\":\"https:\\\/\\\/lasentinelle.dz\\\/#organization\",\"name\":\"Quotidien La Sentinelle\",\"url\":\"https:\\\/\\\/lasentinelle.dz\\\/\",\"logo\":{\"@type\":\"ImageObject\",\"inLanguage\":\"fr-FR\",\"@id\":\"https:\\\/\\\/lasentinelle.dz\\\/#\\\/schema\\\/logo\\\/image\\\/\",\"url\":\"https:\\\/\\\/lasentinelle.dz\\\/wp-content\\\/uploads\\\/2021\\\/09\\\/logo-sentinelleSLOGAN-1.png\",\"contentUrl\":\"https:\\\/\\\/lasentinelle.dz\\\/wp-content\\\/uploads\\\/2021\\\/09\\\/logo-sentinelleSLOGAN-1.png\",\"width\":615,\"height\":142,\"caption\":\"Quotidien La Sentinelle\"},\"image\":{\"@id\":\"https:\\\/\\\/lasentinelle.dz\\\/#\\\/schema\\\/logo\\\/image\\\/\"},\"sameAs\":[\"https:\\\/\\\/www.facebook.com\\\/La-Sentinelle-104059864394773\"]},{\"@type\":\"Person\",\"@id\":\"https:\\\/\\\/lasentinelle.dz\\\/#\\\/schema\\\/person\\\/729ee0024f24e0b8c5ec17232f8e8b41\",\"name\":\"admin\",\"image\":{\"@type\":\"ImageObject\",\"inLanguage\":\"fr-FR\",\"@id\":\"https:\\\/\\\/secure.gravatar.com\\\/avatar\\\/4c81fed838786e9b53f540bf46533e750f5d292099ae3b66cfc6fb1982e29df7?s=96&d=mm&r=g\",\"url\":\"https:\\\/\\\/secure.gravatar.com\\\/avatar\\\/4c81fed838786e9b53f540bf46533e750f5d292099ae3b66cfc6fb1982e29df7?s=96&d=mm&r=g\",\"contentUrl\":\"https:\\\/\\\/secure.gravatar.com\\\/avatar\\\/4c81fed838786e9b53f540bf46533e750f5d292099ae3b66cfc6fb1982e29df7?s=96&d=mm&r=g\",\"caption\":\"admin\"},\"description\":\"admin\",\"url\":\"https:\\\/\\\/lasentinelle.dz\\\/author\\\/admin\\\/\"}]}<\/script>\n<!-- \/ Yoast SEO plugin. -->","yoast_head_json":{"title":"Le ministre de la Communication\u00a0r\u00e9agit aux derniers incidents de la CAN\u00a0: L\u2019Alg\u00e9rie fait face \u00e0 des tentatives \u00ab\u00a0d\u2019appropriation des r\u00e9alisations de ses enfants\u00a0\u00bb - La Sentinelle","robots":{"index":"index","follow":"follow","max-snippet":"max-snippet:-1","max-image-preview":"max-image-preview:large","max-video-preview":"max-video-preview:-1"},"canonical":"https:\/\/lasentinelle.dz\/index.php\/2026\/01\/13\/le-ministre-de-la-communication-reagit-aux-derniers-incidents-de-la-can-lalgerie-fait-face-a-des-tentatives-dappropriation-des-realisations-de-ses-enfants\/","og_locale":"fr_FR","og_type":"article","og_title":"Le ministre de la Communication\u00a0r\u00e9agit aux derniers incidents de la CAN\u00a0: L\u2019Alg\u00e9rie fait face \u00e0 des tentatives \u00ab\u00a0d\u2019appropriation des r\u00e9alisations de ses enfants\u00a0\u00bb - La Sentinelle","og_description":"Le ministre de la Communication, Zohir Bouamama, a affirm\u00e9 mardi que l&rsquo;Alg\u00e9rie fait l&rsquo;objet depuis des ann\u00e9es de campagnes condamnables","og_url":"https:\/\/lasentinelle.dz\/index.php\/2026\/01\/13\/le-ministre-de-la-communication-reagit-aux-derniers-incidents-de-la-can-lalgerie-fait-face-a-des-tentatives-dappropriation-des-realisations-de-ses-enfants\/","og_site_name":"La Sentinelle","article_publisher":"https:\/\/www.facebook.com\/La-Sentinelle-104059864394773","article_published_time":"2026-01-13T18:50:24+00:00","article_modified_time":"2026-01-13T18:50:25+00:00","og_image":[{"width":1200,"height":676,"url":"https:\/\/lasentinelle.dz\/wp-content\/uploads\/2026\/01\/Bouamama.webp","type":"image\/webp"}],"author":"admin","twitter_card":"summary_large_image","twitter_misc":{"\u00c9crit par":"admin","Dur\u00e9e de lecture estim\u00e9e":"2 minutes"},"schema":{"@context":"https:\/\/schema.org","@graph":[{"@type":"Article","@id":"https:\/\/lasentinelle.dz\/index.php\/2026\/01\/13\/le-ministre-de-la-communication-reagit-aux-derniers-incidents-de-la-can-lalgerie-fait-face-a-des-tentatives-dappropriation-des-realisations-de-ses-enfants\/#article","isPartOf":{"@id":"https:\/\/lasentinelle.dz\/index.php\/2026\/01\/13\/le-ministre-de-la-communication-reagit-aux-derniers-incidents-de-la-can-lalgerie-fait-face-a-des-tentatives-dappropriation-des-realisations-de-ses-enfants\/"},"author":{"name":"admin","@id":"https:\/\/lasentinelle.dz\/#\/schema\/person\/729ee0024f24e0b8c5ec17232f8e8b41"},"headline":"Le ministre de la Communication\u00a0r\u00e9agit aux derniers incidents de la CAN\u00a0: L\u2019Alg\u00e9rie fait face \u00e0 des tentatives \u00ab\u00a0d\u2019appropriation des r\u00e9alisations de ses enfants\u00a0\u00bb","datePublished":"2026-01-13T18:50:24+00:00","dateModified":"2026-01-13T18:50:25+00:00","mainEntityOfPage":{"@id":"https:\/\/lasentinelle.dz\/index.php\/2026\/01\/13\/le-ministre-de-la-communication-reagit-aux-derniers-incidents-de-la-can-lalgerie-fait-face-a-des-tentatives-dappropriation-des-realisations-de-ses-enfants\/"},"wordCount":429,"commentCount":0,"publisher":{"@id":"https:\/\/lasentinelle.dz\/#organization"},"image":{"@id":"https:\/\/lasentinelle.dz\/index.php\/2026\/01\/13\/le-ministre-de-la-communication-reagit-aux-derniers-incidents-de-la-can-lalgerie-fait-face-a-des-tentatives-dappropriation-des-realisations-de-ses-enfants\/#primaryimage"},"thumbnailUrl":"https:\/\/lasentinelle.dz\/wp-content\/uploads\/2026\/01\/Bouamama.webp","articleSection":["Actualit\u00e9"],"inLanguage":"fr-FR","potentialAction":[{"@type":"CommentAction","name":"Comment","target":["https:\/\/lasentinelle.dz\/index.php\/2026\/01\/13\/le-ministre-de-la-communication-reagit-aux-derniers-incidents-de-la-can-lalgerie-fait-face-a-des-tentatives-dappropriation-des-realisations-de-ses-enfants\/#respond"]}]},{"@type":"WebPage","@id":"https:\/\/lasentinelle.dz\/index.php\/2026\/01\/13\/le-ministre-de-la-communication-reagit-aux-derniers-incidents-de-la-can-lalgerie-fait-face-a-des-tentatives-dappropriation-des-realisations-de-ses-enfants\/","url":"https:\/\/lasentinelle.dz\/index.php\/2026\/01\/13\/le-ministre-de-la-communication-reagit-aux-derniers-incidents-de-la-can-lalgerie-fait-face-a-des-tentatives-dappropriation-des-realisations-de-ses-enfants\/","name":"Le ministre de la Communication\u00a0r\u00e9agit aux derniers incidents de la CAN\u00a0: L\u2019Alg\u00e9rie fait face \u00e0 des tentatives \u00ab\u00a0d\u2019appropriation des r\u00e9alisations de ses enfants\u00a0\u00bb - La Sentinelle","isPartOf":{"@id":"https:\/\/lasentinelle.dz\/#website"},"primaryImageOfPage":{"@id":"https:\/\/lasentinelle.dz\/index.php\/2026\/01\/13\/le-ministre-de-la-communication-reagit-aux-derniers-incidents-de-la-can-lalgerie-fait-face-a-des-tentatives-dappropriation-des-realisations-de-ses-enfants\/#primaryimage"},"image":{"@id":"https:\/\/lasentinelle.dz\/index.php\/2026\/01\/13\/le-ministre-de-la-communication-reagit-aux-derniers-incidents-de-la-can-lalgerie-fait-face-a-des-tentatives-dappropriation-des-realisations-de-ses-enfants\/#primaryimage"},"thumbnailUrl":"https:\/\/lasentinelle.dz\/wp-content\/uploads\/2026\/01\/Bouamama.webp","datePublished":"2026-01-13T18:50:24+00:00","dateModified":"2026-01-13T18:50:25+00:00","breadcrumb":{"@id":"https:\/\/lasentinelle.dz\/index.php\/2026\/01\/13\/le-ministre-de-la-communication-reagit-aux-derniers-incidents-de-la-can-lalgerie-fait-face-a-des-tentatives-dappropriation-des-realisations-de-ses-enfants\/#breadcrumb"},"inLanguage":"fr-FR","potentialAction":[{"@type":"ReadAction","target":["https:\/\/lasentinelle.dz\/index.php\/2026\/01\/13\/le-ministre-de-la-communication-reagit-aux-derniers-incidents-de-la-can-lalgerie-fait-face-a-des-tentatives-dappropriation-des-realisations-de-ses-enfants\/"]}]},{"@type":"ImageObject","inLanguage":"fr-FR","@id":"https:\/\/lasentinelle.dz\/index.php\/2026\/01\/13\/le-ministre-de-la-communication-reagit-aux-derniers-incidents-de-la-can-lalgerie-fait-face-a-des-tentatives-dappropriation-des-realisations-de-ses-enfants\/#primaryimage","url":"https:\/\/lasentinelle.dz\/wp-content\/uploads\/2026\/01\/Bouamama.webp","contentUrl":"https:\/\/lasentinelle.dz\/wp-content\/uploads\/2026\/01\/Bouamama.webp","width":1200,"height":676},{"@type":"BreadcrumbList","@id":"https:\/\/lasentinelle.dz\/index.php\/2026\/01\/13\/le-ministre-de-la-communication-reagit-aux-derniers-incidents-de-la-can-lalgerie-fait-face-a-des-tentatives-dappropriation-des-realisations-de-ses-enfants\/#breadcrumb","itemListElement":[{"@type":"ListItem","position":1,"name":"Accueil","item":"https:\/\/lasentinelle.dz\/"},{"@type":"ListItem","position":2,"name":"Le ministre de la Communication\u00a0r\u00e9agit aux derniers incidents de la CAN\u00a0: L\u2019Alg\u00e9rie fait face \u00e0 des tentatives \u00ab\u00a0d\u2019appropriation des r\u00e9alisations de ses enfants\u00a0\u00bb"}]},{"@type":"WebSite","@id":"https:\/\/lasentinelle.dz\/#website","url":"https:\/\/lasentinelle.dz\/","name":"La Sentinelle","description":"Quotidien national d&#039;information","publisher":{"@id":"https:\/\/lasentinelle.dz\/#organization"},"potentialAction":[{"@type":"SearchAction","target":{"@type":"EntryPoint","urlTemplate":"https:\/\/lasentinelle.dz\/?s={search_term_string}"},"query-input":{"@type":"PropertyValueSpecification","valueRequired":true,"valueName":"search_term_string"}}],"inLanguage":"fr-FR"},{"@type":"Organization","@id":"https:\/\/lasentinelle.dz\/#organization","name":"Quotidien La Sentinelle","url":"https:\/\/lasentinelle.dz\/","logo":{"@type":"ImageObject","inLanguage":"fr-FR","@id":"https:\/\/lasentinelle.dz\/#\/schema\/logo\/image\/","url":"https:\/\/lasentinelle.dz\/wp-content\/uploads\/2021\/09\/logo-sentinelleSLOGAN-1.png","contentUrl":"https:\/\/lasentinelle.dz\/wp-content\/uploads\/2021\/09\/logo-sentinelleSLOGAN-1.png","width":615,"height":142,"caption":"Quotidien La Sentinelle"},"image":{"@id":"https:\/\/lasentinelle.dz\/#\/schema\/logo\/image\/"},"sameAs":["https:\/\/www.facebook.com\/La-Sentinelle-104059864394773"]},{"@type":"Person","@id":"https:\/\/lasentinelle.dz\/#\/schema\/person\/729ee0024f24e0b8c5ec17232f8e8b41","name":"admin","image":{"@type":"ImageObject","inLanguage":"fr-FR","@id":"https:\/\/secure.gravatar.com\/avatar\/4c81fed838786e9b53f540bf46533e750f5d292099ae3b66cfc6fb1982e29df7?s=96&d=mm&r=g","url":"https:\/\/secure.gravatar.com\/avatar\/4c81fed838786e9b53f540bf46533e750f5d292099ae3b66cfc6fb1982e29df7?s=96&d=mm&r=g","contentUrl":"https:\/\/secure.gravatar.com\/avatar\/4c81fed838786e9b53f540bf46533e750f5d292099ae3b66cfc6fb1982e29df7?s=96&d=mm&r=g","caption":"admin"},"description":"admin","url":"https:\/\/lasentinelle.dz\/author\/admin\/"}]}},"_links":{"self":[{"href":"https:\/\/lasentinelle.dz\/index.php\/wp-json\/wp\/v2\/posts\/79462","targetHints":{"allow":["GET"]}}],"collection":[{"href":"https:\/\/lasentinelle.dz\/index.php\/wp-json\/wp\/v2\/posts"}],"about":[{"href":"https:\/\/lasentinelle.dz\/index.php\/wp-json\/wp\/v2\/types\/post"}],"author":[{"embeddable":true,"href":"https:\/\/lasentinelle.dz\/index.php\/wp-json\/wp\/v2\/users\/6"}],"replies":[{"embeddable":true,"href":"https:\/\/lasentinelle.dz\/index.php\/wp-json\/wp\/v2\/comments?post=79462"}],"version-history":[{"count":1,"href":"https:\/\/lasentinelle.dz\/index.php\/wp-json\/wp\/v2\/posts\/79462\/revisions"}],"predecessor-version":[{"id":79464,"href":"https:\/\/lasentinelle.dz\/index.php\/wp-json\/wp\/v2\/posts\/79462\/revisions\/79464"}],"wp:featuredmedia":[{"embeddable":true,"href":"https:\/\/lasentinelle.dz\/index.php\/wp-json\/wp\/v2\/media\/79463"}],"wp:attachment":[{"href":"https:\/\/lasentinelle.dz\/index.php\/wp-json\/wp\/v2\/media?parent=79462"}],"wp:term":[{"taxonomy":"category","embeddable":true,"href":"https:\/\/lasentinelle.dz\/index.php\/wp-json\/wp\/v2\/categories?post=79462"},{"taxonomy":"post_tag","embeddable":true,"href":"https:\/\/lasentinelle.dz\/index.php\/wp-json\/wp\/v2\/tags?post=79462"}],"curies":[{"name":"wp","href":"https:\/\/api.w.org\/{rel}","templated":true}]}}