{"id":79472,"date":"2026-01-13T19:53:12","date_gmt":"2026-01-13T18:53:12","guid":{"rendered":"https:\/\/lasentinelle.dz\/?p=79472"},"modified":"2026-01-13T19:53:13","modified_gmt":"2026-01-13T18:53:13","slug":"preoccupations-liees-au-code-de-la-route-les-assurances-du-ministre-de-la-justice","status":"publish","type":"post","link":"https:\/\/lasentinelle.dz\/index.php\/2026\/01\/13\/preoccupations-liees-au-code-de-la-route-les-assurances-du-ministre-de-la-justice\/","title":{"rendered":"Pr\u00e9occupations li\u00e9es au\u00a0Code de la route\u00a0: Les assurances du ministre de la Justice"},"content":{"rendered":"\n<p class=\"wp-block-paragraph\">Le ministre de la Justice, garde des Sceaux, Lotfi Boudjemaa, a tenu mardi \u00e0 rassurer les professionnels du transport et l&rsquo;opinion publique en pr\u00e9cisant que les sanctions jug\u00e9es s\u00e9v\u00e8res dans le nouveau projet de code de la route ne visent pas les auteurs d&rsquo;accidents ordinaires, mais concernent uniquement des situations et circonstances bien d\u00e9termin\u00e9es. Ces clarifications interviennent alors que le texte,&nbsp;actuellement&nbsp;examin\u00e9 par le Conseil de la nation, a suscit\u00e9 de vives inqui\u00e9tudes au sein de la corporation des transporteurs, qui ont protest\u00e9 contre certaines dispositions qu&rsquo;ils jugent excessives, et qui ont observ\u00e9 un ourt mouvement de gr\u00e8ve. Le texte devrait faire l&rsquo;objet de modifications lors de son passage devant la chambre haute du Parlement, suite aux revendications des professionnels du secteur.&nbsp;Lors d&rsquo;une s\u00e9ance pl\u00e9ni\u00e8re au Conseil de la nation initialement consacr\u00e9e \u00e0 la pr\u00e9sentation et au d\u00e9bat sur le projet de loi organique portant statut de la magistrature, le ministre a saisi l&rsquo;occasion pour lever les ambigu\u00eft\u00e9s entourant le nouveau code de la route. Lotfi Boudjemaa a expliqu\u00e9 que les sanctions mentionn\u00e9es dans le texte \u00ab\u00a0ne concernent pas les auteurs d&rsquo;accidents ordinaires mais sont li\u00e9es \u00e0 des circonstances particuli\u00e8res comme la conduite en \u00e9tat d&rsquo;ivresse ou sous l&rsquo;influence de stup\u00e9fiants et de substances psychotropes\u00a0\u00bb, citant ces exemples pr\u00e9cis pour illustrer son propos.<\/p>\n\n\n\n<p class=\"wp-block-paragraph\">Concernant la mesure de d\u00e9tention provisoire, qui a particuli\u00e8rement inqui\u00e9t\u00e9 les chauffeurs professionnels craignant une application syst\u00e9matique, le ministre a apport\u00e9 des pr\u00e9cisions chiffr\u00e9es rassurantes. Il a affirm\u00e9 qu&rsquo;elle \u00ab\u00a0ne d\u00e9passe pas 0,5&nbsp;%&nbsp;des cas, et il s&rsquo;agit exclusivement de situations li\u00e9es \u00e0 la conduite en \u00e9tat d&rsquo;ivresse ou sous l&rsquo;influence de drogues, au d\u00e9lit de fuite, ou \u00e0 la d\u00e9tention d&rsquo;un permis de conduire falsifi\u00e9\u00a0\u00bb. Le ministre a \u00e9galement tenu \u00e0 souligner que les magistrats \u00ab\u00a0sont conscients de leurs responsabilit\u00e9s et du fait que chaque dossier a ses sp\u00e9cificit\u00e9s\u00a0\u00bb, r\u00e9affirmant ainsi la confiance dans le pouvoir d&rsquo;appr\u00e9ciation des juges qui examineront les affaires au cas par cas.<\/p>\n\n\n\n<p class=\"wp-block-paragraph\">Par ailleurs, Lotfi Boudjemaa a reconnu que \u00ab\u00a0les pr\u00e9occupations qui ont accompagn\u00e9 ce texte de loi sont l\u00e9gitimes, mais elles ne devraient pas atteindre le niveau de l&rsquo;effroi\u00a0\u00bb. Le ministre s&rsquo;est voulu rassurant en expliquant que ce nouveau code de la route a \u00e9t\u00e9 \u00e9labor\u00e9 dans le but de \u00ab\u00a0prot\u00e9ger les vies humaines, tout en tenant compte de toutes les circonstances conduisant aux accidents de la circulation, comme l&rsquo;\u00e9tat des routes\u00a0\u00bb. Cette pr\u00e9cision est importante car elle montre que le l\u00e9gislateur a pris en consid\u00e9ration la responsabilit\u00e9 partag\u00e9e en mati\u00e8re de s\u00e9curit\u00e9 routi\u00e8re, incluant l&rsquo;\u00e9tat des infrastructures qui constitue souvent un facteur aggravant dans les accidents.<\/p>\n\n\n\n<p class=\"wp-block-paragraph\">Le ministre a insist\u00e9 sur le fait que les peines s\u00e9v\u00e8res pr\u00e9vues par le texte sont li\u00e9es \u00e0 des cas sp\u00e9cifiques \u00ab\u00a0qui sont d\u00e9termin\u00e9s apr\u00e8s une enqu\u00eate judiciaire minutieuse et approfondie\u00a0\u00bb. Il a \u00e9galement soulign\u00e9 que ce projet de loi a \u00e9t\u00e9 \u00e9labor\u00e9 par \u00ab\u00a0des sp\u00e9cialistes, avec la participation de diff\u00e9rents acteurs\u00a0\u00bb, rappelant ainsi le caract\u00e8re inclusif du processus d&rsquo;\u00e9laboration. Boudjemaa a toutefois admis que les dispositions p\u00e9nales du texte \u00ab\u00a0n&rsquo;\u00e9taient pas claires pour certains, ce qui a suscit\u00e9 un nombre d&rsquo;inqui\u00e9tudes et de questionnements\u00a0\u00bb, justifiant ainsi la n\u00e9cessit\u00e9 de ces \u00e9claircissements publics.<\/p>\n\n\n\n<p class=\"wp-block-paragraph\">Le garde des Sceaux a rappel\u00e9 que ce texte vise, dans sa nouvelle mouture, \u00e0 \u00ab\u00a0r\u00e9organiser, encadrer et durcir certaines dispositions, compte tenu de l&rsquo;augmentation effroyable enregistr\u00e9e dans le nombre d&rsquo;accidents de la route\u00a0\u00bb. Cette hausse alarmante des accidents, qui font chaque ann\u00e9e des milliers de victimes en Alg\u00e9rie, a n\u00e9cessit\u00e9 l&rsquo;initiative de cette nouvelle loi afin de \u00ab\u00a0suivre les \u00e9volutions et combler certaines lacunes constat\u00e9es \u00e0 partir des accidents enregistr\u00e9s\u00a0\u00bb. Le ministre a ainsi justifi\u00e9 la r\u00e9vision du code par l&rsquo;urgence de la situation s\u00e9curitaire sur les routes alg\u00e9riennes, tout en assurant que le texte ne vise pas \u00e0 p\u00e9naliser ind\u00fbment les conducteurs honn\u00eates et responsables.<\/p>\n\n\n\n<p class=\"wp-block-paragraph\">Chokri Hafed<\/p>\n","protected":false},"excerpt":{"rendered":"<p>Le ministre de la Justice, garde des Sceaux, Lotfi Boudjemaa, a tenu mardi \u00e0 rassurer les professionnels du transport et<\/p>\n","protected":false},"author":6,"featured_media":70748,"comment_status":"open","ping_status":"closed","sticky":false,"template":"","format":"standard","meta":{"colormag_page_container_layout":"default_layout","colormag_page_sidebar_layout":"default_layout","om_disable_all_campaigns":false,"_monsterinsights_skip_tracking":false,"footnotes":"","_wpscppro_dont_share_socialmedia":false,"_wpscppro_custom_social_share_image":0,"_facebook_share_type":"default","_twitter_share_type":"default","_linkedin_share_type":"default","_pinterest_share_type":"default","_linkedin_share_type_page":"","_instagram_share_type":"default","_medium_share_type":"default","_threads_share_type":"default","_google_business_share_type":"default","_bluesky_share_type":"","_mastodon_share_type":"","_selected_social_profile":[],"_wpsp_enable_custom_social_template":false,"_wpsp_social_scheduling":{"enabled":false,"datetime":null,"platforms":[],"status":"template_only","dateOption":"today","timeOption":"now","customDays":"","customHours":"","customDate":"","customTime":"","schedulingType":"absolute"},"_wpsp_active_default_template":true},"categories":[52,27],"tags":[],"class_list":["post-79472","post","type-post","status-publish","format-standard","has-post-thumbnail","hentry","category-a-la-une","category-actualite"],"aioseo_notices":[],"aioseo_head":"\n\t\t<!-- All in One SEO 5.0.0.1 - aioseo.com -->\n\t<meta name=\"description\" content=\"Le ministre de la Justice, garde des Sceaux, Lotfi Boudjemaa, a tenu mardi \u00e0 rassurer les professionnels du transport et l&#039;opinion publique en pr\u00e9cisant que les sanctions jug\u00e9es s\u00e9v\u00e8res dans le nouveau projet de code de la route ne visent pas les auteurs d&#039;accidents ordinaires, mais concernent uniquement des situations et circonstances bien d\u00e9termin\u00e9es. Ces\" \/>\n\t<meta name=\"robots\" content=\"max-image-preview:large\" \/>\n\t<meta name=\"author\" content=\"admin\"\/>\n\t<link rel=\"canonical\" href=\"https:\/\/lasentinelle.dz\/index.php\/2026\/01\/13\/preoccupations-liees-au-code-de-la-route-les-assurances-du-ministre-de-la-justice\/\" \/>\n\t<meta name=\"generator\" content=\"All in One SEO (AIOSEO) 5.0.0.1\" \/>\n\t\t<meta property=\"og:locale\" content=\"fr_FR\" \/>\n\t\t<meta property=\"og:site_name\" content=\"La Sentinelle - Quotidien national d&#039;information\" \/>\n\t\t<meta property=\"og:type\" content=\"article\" \/>\n\t\t<meta property=\"og:title\" content=\"Pr\u00e9occupations li\u00e9es au Code de la route : Les assurances du ministre de la Justice - La Sentinelle\" \/>\n\t\t<meta property=\"og:description\" content=\"Le ministre de la Justice, garde des Sceaux, Lotfi Boudjemaa, a tenu mardi \u00e0 rassurer les professionnels du transport et l&#039;opinion publique en pr\u00e9cisant que les sanctions jug\u00e9es s\u00e9v\u00e8res dans le nouveau projet de code de la route ne visent pas les auteurs d&#039;accidents ordinaires, mais concernent uniquement des situations et circonstances bien d\u00e9termin\u00e9es. Ces\" \/>\n\t\t<meta property=\"og:url\" content=\"https:\/\/lasentinelle.dz\/index.php\/2026\/01\/13\/preoccupations-liees-au-code-de-la-route-les-assurances-du-ministre-de-la-justice\/\" \/>\n\t\t<meta property=\"og:image\" content=\"https:\/\/lasentinelle.dz\/wp-content\/uploads\/2021\/09\/cropped-la-sentinelle-earth-golden-anima-5.gif\" \/>\n\t\t<meta property=\"og:image:secure_url\" content=\"https:\/\/lasentinelle.dz\/wp-content\/uploads\/2021\/09\/cropped-la-sentinelle-earth-golden-anima-5.gif\" \/>\n\t\t<meta property=\"og:image:width\" content=\"450\" \/>\n\t\t<meta property=\"og:image:height\" content=\"213\" \/>\n\t\t<meta property=\"article:published_time\" content=\"2026-01-13T18:53:12+00:00\" \/>\n\t\t<meta property=\"article:modified_time\" content=\"2026-01-13T18:53:13+00:00\" \/>\n\t\t<meta property=\"article:publisher\" content=\"https:\/\/www.facebook.com\/azzedine.lasentinelle.1\" \/>\n\t\t<meta name=\"twitter:card\" content=\"summary_large_image\" \/>\n\t\t<meta name=\"twitter:title\" content=\"Pr\u00e9occupations li\u00e9es au Code de la route : Les assurances du ministre de la Justice - La Sentinelle\" \/>\n\t\t<meta name=\"twitter:description\" content=\"Le ministre de la Justice, garde des Sceaux, Lotfi Boudjemaa, a tenu mardi \u00e0 rassurer les professionnels du transport et l&#039;opinion publique en pr\u00e9cisant que les sanctions jug\u00e9es s\u00e9v\u00e8res dans le nouveau projet de code de la route ne visent pas les auteurs d&#039;accidents ordinaires, mais concernent uniquement des situations et circonstances bien d\u00e9termin\u00e9es. Ces\" \/>\n\t\t<meta name=\"twitter:image\" content=\"https:\/\/lasentinelle.dz\/wp-content\/uploads\/2021\/09\/cropped-la-sentinelle-earth-golden-anima-5.gif\" \/>\n\t\t<script type=\"application\/ld+json\" class=\"aioseo-schema\">\n\t\t\t{\"@context\":\"https:\\\/\\\/schema.org\",\"@graph\":[{\"@type\":\"BlogPosting\",\"@id\":\"https:\\\/\\\/lasentinelle.dz\\\/index.php\\\/2026\\\/01\\\/13\\\/preoccupations-liees-au-code-de-la-route-les-assurances-du-ministre-de-la-justice\\\/#blogposting\",\"name\":\"Pr\\u00e9occupations li\\u00e9es au Code de la route : Les assurances du ministre de la Justice - La Sentinelle\",\"headline\":\"Pr\\u00e9occupations li\\u00e9es au\\u00a0Code de la route\\u00a0: Les assurances du ministre de la Justice\",\"author\":{\"@id\":\"https:\\\/\\\/lasentinelle.dz\\\/author\\\/admin\\\/#author\"},\"publisher\":{\"@id\":\"https:\\\/\\\/lasentinelle.dz\\\/#organization\"},\"image\":{\"@type\":\"ImageObject\",\"url\":\"https:\\\/\\\/lasentinelle.dz\\\/wp-content\\\/uploads\\\/2025\\\/07\\\/Boudjemaa-1.jpg\",\"width\":2048,\"height\":1365},\"datePublished\":\"2026-01-13T19:53:12+01:00\",\"dateModified\":\"2026-01-13T19:53:13+01:00\",\"inLanguage\":\"fr-FR\",\"mainEntityOfPage\":{\"@id\":\"https:\\\/\\\/lasentinelle.dz\\\/index.php\\\/2026\\\/01\\\/13\\\/preoccupations-liees-au-code-de-la-route-les-assurances-du-ministre-de-la-justice\\\/#webpage\"},\"isPartOf\":{\"@id\":\"https:\\\/\\\/lasentinelle.dz\\\/index.php\\\/2026\\\/01\\\/13\\\/preoccupations-liees-au-code-de-la-route-les-assurances-du-ministre-de-la-justice\\\/#webpage\"},\"articleSection\":\"\\u00c0 la Une, Actualit\\u00e9\"},{\"@type\":\"BreadcrumbList\",\"@id\":\"https:\\\/\\\/lasentinelle.dz\\\/index.php\\\/2026\\\/01\\\/13\\\/preoccupations-liees-au-code-de-la-route-les-assurances-du-ministre-de-la-justice\\\/#breadcrumblist\",\"itemListElement\":[{\"@type\":\"ListItem\",\"@id\":\"https:\\\/\\\/lasentinelle.dz#listItem\",\"position\":1,\"name\":\"Home\",\"item\":\"https:\\\/\\\/lasentinelle.dz\",\"nextItem\":{\"@type\":\"ListItem\",\"@id\":\"https:\\\/\\\/lasentinelle.dz\\\/index.php\\\/category\\\/actualite\\\/#listItem\",\"name\":\"Actualit\\u00e9\"}},{\"@type\":\"ListItem\",\"@id\":\"https:\\\/\\\/lasentinelle.dz\\\/index.php\\\/category\\\/actualite\\\/#listItem\",\"position\":2,\"name\":\"Actualit\\u00e9\",\"item\":\"https:\\\/\\\/lasentinelle.dz\\\/index.php\\\/category\\\/actualite\\\/\",\"nextItem\":{\"@type\":\"ListItem\",\"@id\":\"https:\\\/\\\/lasentinelle.dz\\\/index.php\\\/2026\\\/01\\\/13\\\/preoccupations-liees-au-code-de-la-route-les-assurances-du-ministre-de-la-justice\\\/#listItem\",\"name\":\"Pr\\u00e9occupations li\\u00e9es au\\u00a0Code de la route\\u00a0: Les assurances du ministre de la Justice\"},\"previousItem\":{\"@type\":\"ListItem\",\"@id\":\"https:\\\/\\\/lasentinelle.dz#listItem\",\"name\":\"Home\"}},{\"@type\":\"ListItem\",\"@id\":\"https:\\\/\\\/lasentinelle.dz\\\/index.php\\\/2026\\\/01\\\/13\\\/preoccupations-liees-au-code-de-la-route-les-assurances-du-ministre-de-la-justice\\\/#listItem\",\"position\":3,\"name\":\"Pr\\u00e9occupations li\\u00e9es au\\u00a0Code de la route\\u00a0: Les assurances du ministre de la Justice\",\"previousItem\":{\"@type\":\"ListItem\",\"@id\":\"https:\\\/\\\/lasentinelle.dz\\\/index.php\\\/category\\\/actualite\\\/#listItem\",\"name\":\"Actualit\\u00e9\"}}]},{\"@type\":\"Organization\",\"@id\":\"https:\\\/\\\/lasentinelle.dz\\\/#organization\",\"name\":\"La Sentinelle La Sentinelle\",\"description\":\"Quotidien national d'information\",\"url\":\"https:\\\/\\\/lasentinelle.dz\\\/\",\"logo\":{\"@type\":\"ImageObject\",\"url\":\"https:\\\/\\\/lasentinelle.dz\\\/wp-content\\\/uploads\\\/2021\\\/09\\\/cropped-la-sentinelle-earth-golden-anima-5.gif\",\"@id\":\"https:\\\/\\\/lasentinelle.dz\\\/index.php\\\/2026\\\/01\\\/13\\\/preoccupations-liees-au-code-de-la-route-les-assurances-du-ministre-de-la-justice\\\/#organizationLogo\",\"width\":450,\"height\":213},\"image\":{\"@id\":\"https:\\\/\\\/lasentinelle.dz\\\/index.php\\\/2026\\\/01\\\/13\\\/preoccupations-liees-au-code-de-la-route-les-assurances-du-ministre-de-la-justice\\\/#organizationLogo\"},\"sameAs\":[\"https:\\\/\\\/www.facebook.com\\\/azzedine.lasentinelle.1\"]},{\"@type\":\"Person\",\"@id\":\"https:\\\/\\\/lasentinelle.dz\\\/author\\\/admin\\\/#author\",\"url\":\"https:\\\/\\\/lasentinelle.dz\\\/author\\\/admin\\\/\",\"name\":\"admin\",\"image\":{\"@type\":\"ImageObject\",\"@id\":\"https:\\\/\\\/lasentinelle.dz\\\/index.php\\\/2026\\\/01\\\/13\\\/preoccupations-liees-au-code-de-la-route-les-assurances-du-ministre-de-la-justice\\\/#authorImage\",\"url\":\"https:\\\/\\\/secure.gravatar.com\\\/avatar\\\/4c81fed838786e9b53f540bf46533e750f5d292099ae3b66cfc6fb1982e29df7?s=96&d=mm&r=g\",\"width\":96,\"height\":96,\"caption\":\"admin\"}},{\"@type\":\"WebPage\",\"@id\":\"https:\\\/\\\/lasentinelle.dz\\\/index.php\\\/2026\\\/01\\\/13\\\/preoccupations-liees-au-code-de-la-route-les-assurances-du-ministre-de-la-justice\\\/#webpage\",\"url\":\"https:\\\/\\\/lasentinelle.dz\\\/index.php\\\/2026\\\/01\\\/13\\\/preoccupations-liees-au-code-de-la-route-les-assurances-du-ministre-de-la-justice\\\/\",\"name\":\"Pr\\u00e9occupations li\\u00e9es au Code de la route : Les assurances du ministre de la Justice - La Sentinelle\",\"description\":\"Le ministre de la Justice, garde des Sceaux, Lotfi Boudjemaa, a tenu mardi \\u00e0 rassurer les professionnels du transport et l'opinion publique en pr\\u00e9cisant que les sanctions jug\\u00e9es s\\u00e9v\\u00e8res dans le nouveau projet de code de la route ne visent pas les auteurs d'accidents ordinaires, mais concernent uniquement des situations et circonstances bien d\\u00e9termin\\u00e9es. Ces\",\"inLanguage\":\"fr-FR\",\"isPartOf\":{\"@id\":\"https:\\\/\\\/lasentinelle.dz\\\/#website\"},\"breadcrumb\":{\"@id\":\"https:\\\/\\\/lasentinelle.dz\\\/index.php\\\/2026\\\/01\\\/13\\\/preoccupations-liees-au-code-de-la-route-les-assurances-du-ministre-de-la-justice\\\/#breadcrumblist\"},\"author\":{\"@id\":\"https:\\\/\\\/lasentinelle.dz\\\/author\\\/admin\\\/#author\"},\"creator\":{\"@id\":\"https:\\\/\\\/lasentinelle.dz\\\/author\\\/admin\\\/#author\"},\"image\":{\"@type\":\"ImageObject\",\"url\":\"https:\\\/\\\/lasentinelle.dz\\\/wp-content\\\/uploads\\\/2025\\\/07\\\/Boudjemaa-1.jpg\",\"@id\":\"https:\\\/\\\/lasentinelle.dz\\\/index.php\\\/2026\\\/01\\\/13\\\/preoccupations-liees-au-code-de-la-route-les-assurances-du-ministre-de-la-justice\\\/#mainImage\",\"width\":2048,\"height\":1365},\"primaryImageOfPage\":{\"@id\":\"https:\\\/\\\/lasentinelle.dz\\\/index.php\\\/2026\\\/01\\\/13\\\/preoccupations-liees-au-code-de-la-route-les-assurances-du-ministre-de-la-justice\\\/#mainImage\"},\"datePublished\":\"2026-01-13T19:53:12+01:00\",\"dateModified\":\"2026-01-13T19:53:13+01:00\"},{\"@type\":\"WebSite\",\"@id\":\"https:\\\/\\\/lasentinelle.dz\\\/#website\",\"url\":\"https:\\\/\\\/lasentinelle.dz\\\/\",\"name\":\"La Sentinelle\",\"description\":\"Quotidien national d'information\",\"inLanguage\":\"fr-FR\",\"publisher\":{\"@id\":\"https:\\\/\\\/lasentinelle.dz\\\/#organization\"}}]}\n\t\t<\/script>\n\t\t<!-- All in One SEO -->\n\n","aioseo_head_json":{"title":"Pr\u00e9occupations li\u00e9es au Code de la route : Les assurances du ministre de la Justice - La Sentinelle","description":"Le ministre de la Justice, garde des Sceaux, Lotfi Boudjemaa, a tenu mardi \u00e0 rassurer les professionnels du transport et l'opinion publique en pr\u00e9cisant que les sanctions jug\u00e9es s\u00e9v\u00e8res dans le nouveau projet de code de la route ne visent pas les auteurs d'accidents ordinaires, mais concernent uniquement des situations et circonstances bien d\u00e9termin\u00e9es. Ces","canonical_url":"https:\/\/lasentinelle.dz\/index.php\/2026\/01\/13\/preoccupations-liees-au-code-de-la-route-les-assurances-du-ministre-de-la-justice\/","robots":"max-image-preview:large","keywords":"","webmasterTools":{"miscellaneous":""},"schema":{"@context":"https:\/\/schema.org","@graph":[{"@type":"BlogPosting","@id":"https:\/\/lasentinelle.dz\/index.php\/2026\/01\/13\/preoccupations-liees-au-code-de-la-route-les-assurances-du-ministre-de-la-justice\/#blogposting","name":"Pr\u00e9occupations li\u00e9es au Code de la route : Les assurances du ministre de la Justice - La Sentinelle","headline":"Pr\u00e9occupations li\u00e9es au\u00a0Code de la route\u00a0: Les assurances du ministre de la Justice","author":{"@id":"https:\/\/lasentinelle.dz\/author\/admin\/#author"},"publisher":{"@id":"https:\/\/lasentinelle.dz\/#organization"},"image":{"@type":"ImageObject","url":"https:\/\/lasentinelle.dz\/wp-content\/uploads\/2025\/07\/Boudjemaa-1.jpg","width":2048,"height":1365},"datePublished":"2026-01-13T19:53:12+01:00","dateModified":"2026-01-13T19:53:13+01:00","inLanguage":"fr-FR","mainEntityOfPage":{"@id":"https:\/\/lasentinelle.dz\/index.php\/2026\/01\/13\/preoccupations-liees-au-code-de-la-route-les-assurances-du-ministre-de-la-justice\/#webpage"},"isPartOf":{"@id":"https:\/\/lasentinelle.dz\/index.php\/2026\/01\/13\/preoccupations-liees-au-code-de-la-route-les-assurances-du-ministre-de-la-justice\/#webpage"},"articleSection":"\u00c0 la Une, Actualit\u00e9"},{"@type":"BreadcrumbList","@id":"https:\/\/lasentinelle.dz\/index.php\/2026\/01\/13\/preoccupations-liees-au-code-de-la-route-les-assurances-du-ministre-de-la-justice\/#breadcrumblist","itemListElement":[{"@type":"ListItem","@id":"https:\/\/lasentinelle.dz#listItem","position":1,"name":"Home","item":"https:\/\/lasentinelle.dz","nextItem":{"@type":"ListItem","@id":"https:\/\/lasentinelle.dz\/index.php\/category\/actualite\/#listItem","name":"Actualit\u00e9"}},{"@type":"ListItem","@id":"https:\/\/lasentinelle.dz\/index.php\/category\/actualite\/#listItem","position":2,"name":"Actualit\u00e9","item":"https:\/\/lasentinelle.dz\/index.php\/category\/actualite\/","nextItem":{"@type":"ListItem","@id":"https:\/\/lasentinelle.dz\/index.php\/2026\/01\/13\/preoccupations-liees-au-code-de-la-route-les-assurances-du-ministre-de-la-justice\/#listItem","name":"Pr\u00e9occupations li\u00e9es au\u00a0Code de la route\u00a0: Les assurances du ministre de la Justice"},"previousItem":{"@type":"ListItem","@id":"https:\/\/lasentinelle.dz#listItem","name":"Home"}},{"@type":"ListItem","@id":"https:\/\/lasentinelle.dz\/index.php\/2026\/01\/13\/preoccupations-liees-au-code-de-la-route-les-assurances-du-ministre-de-la-justice\/#listItem","position":3,"name":"Pr\u00e9occupations li\u00e9es au\u00a0Code de la route\u00a0: Les assurances du ministre de la Justice","previousItem":{"@type":"ListItem","@id":"https:\/\/lasentinelle.dz\/index.php\/category\/actualite\/#listItem","name":"Actualit\u00e9"}}]},{"@type":"Organization","@id":"https:\/\/lasentinelle.dz\/#organization","name":"La Sentinelle La Sentinelle","description":"Quotidien national d'information","url":"https:\/\/lasentinelle.dz\/","logo":{"@type":"ImageObject","url":"https:\/\/lasentinelle.dz\/wp-content\/uploads\/2021\/09\/cropped-la-sentinelle-earth-golden-anima-5.gif","@id":"https:\/\/lasentinelle.dz\/index.php\/2026\/01\/13\/preoccupations-liees-au-code-de-la-route-les-assurances-du-ministre-de-la-justice\/#organizationLogo","width":450,"height":213},"image":{"@id":"https:\/\/lasentinelle.dz\/index.php\/2026\/01\/13\/preoccupations-liees-au-code-de-la-route-les-assurances-du-ministre-de-la-justice\/#organizationLogo"},"sameAs":["https:\/\/www.facebook.com\/azzedine.lasentinelle.1"]},{"@type":"Person","@id":"https:\/\/lasentinelle.dz\/author\/admin\/#author","url":"https:\/\/lasentinelle.dz\/author\/admin\/","name":"admin","image":{"@type":"ImageObject","@id":"https:\/\/lasentinelle.dz\/index.php\/2026\/01\/13\/preoccupations-liees-au-code-de-la-route-les-assurances-du-ministre-de-la-justice\/#authorImage","url":"https:\/\/secure.gravatar.com\/avatar\/4c81fed838786e9b53f540bf46533e750f5d292099ae3b66cfc6fb1982e29df7?s=96&d=mm&r=g","width":96,"height":96,"caption":"admin"}},{"@type":"WebPage","@id":"https:\/\/lasentinelle.dz\/index.php\/2026\/01\/13\/preoccupations-liees-au-code-de-la-route-les-assurances-du-ministre-de-la-justice\/#webpage","url":"https:\/\/lasentinelle.dz\/index.php\/2026\/01\/13\/preoccupations-liees-au-code-de-la-route-les-assurances-du-ministre-de-la-justice\/","name":"Pr\u00e9occupations li\u00e9es au Code de la route : Les assurances du ministre de la Justice - La Sentinelle","description":"Le ministre de la Justice, garde des Sceaux, Lotfi Boudjemaa, a tenu mardi \u00e0 rassurer les professionnels du transport et l'opinion publique en pr\u00e9cisant que les sanctions jug\u00e9es s\u00e9v\u00e8res dans le nouveau projet de code de la route ne visent pas les auteurs d'accidents ordinaires, mais concernent uniquement des situations et circonstances bien d\u00e9termin\u00e9es. Ces","inLanguage":"fr-FR","isPartOf":{"@id":"https:\/\/lasentinelle.dz\/#website"},"breadcrumb":{"@id":"https:\/\/lasentinelle.dz\/index.php\/2026\/01\/13\/preoccupations-liees-au-code-de-la-route-les-assurances-du-ministre-de-la-justice\/#breadcrumblist"},"author":{"@id":"https:\/\/lasentinelle.dz\/author\/admin\/#author"},"creator":{"@id":"https:\/\/lasentinelle.dz\/author\/admin\/#author"},"image":{"@type":"ImageObject","url":"https:\/\/lasentinelle.dz\/wp-content\/uploads\/2025\/07\/Boudjemaa-1.jpg","@id":"https:\/\/lasentinelle.dz\/index.php\/2026\/01\/13\/preoccupations-liees-au-code-de-la-route-les-assurances-du-ministre-de-la-justice\/#mainImage","width":2048,"height":1365},"primaryImageOfPage":{"@id":"https:\/\/lasentinelle.dz\/index.php\/2026\/01\/13\/preoccupations-liees-au-code-de-la-route-les-assurances-du-ministre-de-la-justice\/#mainImage"},"datePublished":"2026-01-13T19:53:12+01:00","dateModified":"2026-01-13T19:53:13+01:00"},{"@type":"WebSite","@id":"https:\/\/lasentinelle.dz\/#website","url":"https:\/\/lasentinelle.dz\/","name":"La Sentinelle","description":"Quotidien national d'information","inLanguage":"fr-FR","publisher":{"@id":"https:\/\/lasentinelle.dz\/#organization"}}]},"og:locale":"fr_FR","og:site_name":"La Sentinelle - Quotidien national d'information","og:type":"article","og:title":"Pr\u00e9occupations li\u00e9es au Code de la route : Les assurances du ministre de la Justice - La Sentinelle","og:description":"Le ministre de la Justice, garde des Sceaux, Lotfi Boudjemaa, a tenu mardi \u00e0 rassurer les professionnels du transport et l'opinion publique en pr\u00e9cisant que les sanctions jug\u00e9es s\u00e9v\u00e8res dans le nouveau projet de code de la route ne visent pas les auteurs d'accidents ordinaires, mais concernent uniquement des situations et circonstances bien d\u00e9termin\u00e9es. Ces","og:url":"https:\/\/lasentinelle.dz\/index.php\/2026\/01\/13\/preoccupations-liees-au-code-de-la-route-les-assurances-du-ministre-de-la-justice\/","og:image":"https:\/\/lasentinelle.dz\/wp-content\/uploads\/2021\/09\/cropped-la-sentinelle-earth-golden-anima-5.gif","og:image:secure_url":"https:\/\/lasentinelle.dz\/wp-content\/uploads\/2021\/09\/cropped-la-sentinelle-earth-golden-anima-5.gif","og:image:width":450,"og:image:height":213,"article:published_time":"2026-01-13T18:53:12+00:00","article:modified_time":"2026-01-13T18:53:13+00:00","article:publisher":"https:\/\/www.facebook.com\/azzedine.lasentinelle.1","twitter:card":"summary_large_image","twitter:title":"Pr\u00e9occupations li\u00e9es au Code de la route : Les assurances du ministre de la Justice - La Sentinelle","twitter:description":"Le ministre de la Justice, garde des Sceaux, Lotfi Boudjemaa, a tenu mardi \u00e0 rassurer les professionnels du transport et l'opinion publique en pr\u00e9cisant que les sanctions jug\u00e9es s\u00e9v\u00e8res dans le nouveau projet de code de la route ne visent pas les auteurs d'accidents ordinaires, mais concernent uniquement des situations et circonstances bien d\u00e9termin\u00e9es. Ces","twitter:image":"https:\/\/lasentinelle.dz\/wp-content\/uploads\/2021\/09\/cropped-la-sentinelle-earth-golden-anima-5.gif"},"aioseo_meta_data":{"post_id":"79472","title":null,"description":null,"keywords":null,"keyphrases":null,"primary_term":null,"canonical_url":null,"og_title":null,"og_description":null,"og_object_type":"default","og_image_type":"default","og_image_url":null,"og_image_width":null,"og_image_height":null,"og_image_custom_url":null,"og_image_custom_fields":null,"og_video":null,"og_custom_url":null,"og_article_section":null,"og_article_tags":null,"twitter_use_og":false,"twitter_card":"default","twitter_image_type":"default","twitter_image_url":null,"twitter_image_custom_url":null,"twitter_image_custom_fields":null,"twitter_title":null,"twitter_description":null,"schema":{"blockGraphs":[],"customGraphs":[],"default":{"data":{"Article":[],"Course":[],"Dataset":[],"FAQPage":[],"Movie":[],"Person":[],"Product":[],"ProductReview":[],"Car":[],"Recipe":[],"Service":[],"SoftwareApplication":[],"WebPage":[]},"graphName":"","isEnabled":true},"graphs":[]},"schema_type":"default","schema_type_options":null,"pillar_content":false,"robots_default":true,"robots_noindex":false,"robots_noarchive":false,"robots_nosnippet":false,"robots_nofollow":false,"robots_noimageindex":false,"robots_noodp":false,"robots_notranslate":false,"robots_max_snippet":null,"robots_max_videopreview":null,"robots_max_imagepreview":"large","priority":null,"frequency":null,"local_seo":null,"breadcrumb_settings":null,"limit_modified_date":false,"ai":null,"created":"2026-05-14 08:27:38","updated":"2026-05-14 08:27:38","focus_keyword":null,"additional_keywords":null,"truseo_locale":null,"seo_analyzer_scan_date":null},"aioseo_breadcrumb":"<div class=\"aioseo-breadcrumbs\"><span class=\"aioseo-breadcrumb\">\n\t\t\t<a href=\"https:\/\/lasentinelle.dz\" title=\"Home\">Home<\/a>\n\t\t<\/span><span class=\"aioseo-breadcrumb-separator\">&raquo;<\/span><span class=\"aioseo-breadcrumb\">\n\t\t\t<a href=\"https:\/\/lasentinelle.dz\/index.php\/category\/actualite\/\" title=\"Actualit\u00e9\">Actualit\u00e9<\/a>\n\t\t<\/span><span class=\"aioseo-breadcrumb-separator\">&raquo;<\/span><span class=\"aioseo-breadcrumb\">\n\t\t\tPr\u00e9occupations li\u00e9es au Code de la route : Les assurances du ministre de la Justice\n\t\t<\/span><\/div>","aioseo_breadcrumb_json":[{"label":"Home","link":"https:\/\/lasentinelle.dz"},{"label":"Actualit\u00e9","link":"https:\/\/lasentinelle.dz\/index.php\/category\/actualite\/"},{"label":"Pr\u00e9occupations li\u00e9es au\u00a0Code de la route\u00a0: Les assurances du ministre de la Justice","link":"https:\/\/lasentinelle.dz\/index.php\/2026\/01\/13\/preoccupations-liees-au-code-de-la-route-les-assurances-du-ministre-de-la-justice\/"}],"yoast_head":"<!-- This site is optimized with the Yoast SEO plugin v28.3 - https:\/\/yoast.com\/product\/yoast-seo-wordpress\/ -->\n<title>Pr\u00e9occupations li\u00e9es au\u00a0Code de la route\u00a0: Les assurances du ministre de la Justice - La Sentinelle<\/title>\n<meta name=\"robots\" content=\"index, follow, max-snippet:-1, max-image-preview:large, max-video-preview:-1\" \/>\n<link rel=\"canonical\" href=\"https:\/\/lasentinelle.dz\/index.php\/2026\/01\/13\/preoccupations-liees-au-code-de-la-route-les-assurances-du-ministre-de-la-justice\/\" \/>\n<meta property=\"og:locale\" content=\"fr_FR\" \/>\n<meta property=\"og:type\" content=\"article\" \/>\n<meta property=\"og:title\" content=\"Pr\u00e9occupations li\u00e9es au\u00a0Code de la route\u00a0: Les assurances du ministre de la Justice - La Sentinelle\" \/>\n<meta property=\"og:description\" content=\"Le ministre de la Justice, garde des Sceaux, Lotfi Boudjemaa, a tenu mardi \u00e0 rassurer les professionnels du transport et\" \/>\n<meta property=\"og:url\" content=\"https:\/\/lasentinelle.dz\/index.php\/2026\/01\/13\/preoccupations-liees-au-code-de-la-route-les-assurances-du-ministre-de-la-justice\/\" \/>\n<meta property=\"og:site_name\" content=\"La Sentinelle\" \/>\n<meta property=\"article:publisher\" content=\"https:\/\/www.facebook.com\/La-Sentinelle-104059864394773\" \/>\n<meta property=\"article:published_time\" content=\"2026-01-13T18:53:12+00:00\" \/>\n<meta property=\"article:modified_time\" content=\"2026-01-13T18:53:13+00:00\" \/>\n<meta property=\"og:image\" content=\"https:\/\/lasentinelle.dz\/wp-content\/uploads\/2025\/07\/Boudjemaa-1.jpg\" \/>\n\t<meta property=\"og:image:width\" content=\"2048\" \/>\n\t<meta property=\"og:image:height\" content=\"1365\" \/>\n\t<meta property=\"og:image:type\" content=\"image\/jpeg\" \/>\n<meta name=\"author\" content=\"admin\" \/>\n<meta name=\"twitter:card\" content=\"summary_large_image\" \/>\n<meta name=\"twitter:label1\" content=\"\u00c9crit par\" \/>\n\t<meta name=\"twitter:data1\" content=\"admin\" \/>\n\t<meta name=\"twitter:label2\" content=\"Dur\u00e9e de lecture estim\u00e9e\" \/>\n\t<meta name=\"twitter:data2\" content=\"4 minutes\" \/>\n<script type=\"application\/ld+json\" class=\"yoast-schema-graph\">{\"@context\":\"https:\\\/\\\/schema.org\",\"@graph\":[{\"@type\":\"Article\",\"@id\":\"https:\\\/\\\/lasentinelle.dz\\\/index.php\\\/2026\\\/01\\\/13\\\/preoccupations-liees-au-code-de-la-route-les-assurances-du-ministre-de-la-justice\\\/#article\",\"isPartOf\":{\"@id\":\"https:\\\/\\\/lasentinelle.dz\\\/index.php\\\/2026\\\/01\\\/13\\\/preoccupations-liees-au-code-de-la-route-les-assurances-du-ministre-de-la-justice\\\/\"},\"author\":{\"name\":\"admin\",\"@id\":\"https:\\\/\\\/lasentinelle.dz\\\/#\\\/schema\\\/person\\\/729ee0024f24e0b8c5ec17232f8e8b41\"},\"headline\":\"Pr\u00e9occupations li\u00e9es au\u00a0Code de la route\u00a0: Les assurances du ministre de la Justice\",\"datePublished\":\"2026-01-13T18:53:12+00:00\",\"dateModified\":\"2026-01-13T18:53:13+00:00\",\"mainEntityOfPage\":{\"@id\":\"https:\\\/\\\/lasentinelle.dz\\\/index.php\\\/2026\\\/01\\\/13\\\/preoccupations-liees-au-code-de-la-route-les-assurances-du-ministre-de-la-justice\\\/\"},\"wordCount\":741,\"commentCount\":0,\"publisher\":{\"@id\":\"https:\\\/\\\/lasentinelle.dz\\\/#organization\"},\"image\":{\"@id\":\"https:\\\/\\\/lasentinelle.dz\\\/index.php\\\/2026\\\/01\\\/13\\\/preoccupations-liees-au-code-de-la-route-les-assurances-du-ministre-de-la-justice\\\/#primaryimage\"},\"thumbnailUrl\":\"https:\\\/\\\/lasentinelle.dz\\\/wp-content\\\/uploads\\\/2025\\\/07\\\/Boudjemaa-1.jpg\",\"articleSection\":[\"\u00c0 la Une\",\"Actualit\u00e9\"],\"inLanguage\":\"fr-FR\",\"potentialAction\":[{\"@type\":\"CommentAction\",\"name\":\"Comment\",\"target\":[\"https:\\\/\\\/lasentinelle.dz\\\/index.php\\\/2026\\\/01\\\/13\\\/preoccupations-liees-au-code-de-la-route-les-assurances-du-ministre-de-la-justice\\\/#respond\"]}]},{\"@type\":\"WebPage\",\"@id\":\"https:\\\/\\\/lasentinelle.dz\\\/index.php\\\/2026\\\/01\\\/13\\\/preoccupations-liees-au-code-de-la-route-les-assurances-du-ministre-de-la-justice\\\/\",\"url\":\"https:\\\/\\\/lasentinelle.dz\\\/index.php\\\/2026\\\/01\\\/13\\\/preoccupations-liees-au-code-de-la-route-les-assurances-du-ministre-de-la-justice\\\/\",\"name\":\"Pr\u00e9occupations li\u00e9es au\u00a0Code de la route\u00a0: Les assurances du ministre de la Justice - La Sentinelle\",\"isPartOf\":{\"@id\":\"https:\\\/\\\/lasentinelle.dz\\\/#website\"},\"primaryImageOfPage\":{\"@id\":\"https:\\\/\\\/lasentinelle.dz\\\/index.php\\\/2026\\\/01\\\/13\\\/preoccupations-liees-au-code-de-la-route-les-assurances-du-ministre-de-la-justice\\\/#primaryimage\"},\"image\":{\"@id\":\"https:\\\/\\\/lasentinelle.dz\\\/index.php\\\/2026\\\/01\\\/13\\\/preoccupations-liees-au-code-de-la-route-les-assurances-du-ministre-de-la-justice\\\/#primaryimage\"},\"thumbnailUrl\":\"https:\\\/\\\/lasentinelle.dz\\\/wp-content\\\/uploads\\\/2025\\\/07\\\/Boudjemaa-1.jpg\",\"datePublished\":\"2026-01-13T18:53:12+00:00\",\"dateModified\":\"2026-01-13T18:53:13+00:00\",\"breadcrumb\":{\"@id\":\"https:\\\/\\\/lasentinelle.dz\\\/index.php\\\/2026\\\/01\\\/13\\\/preoccupations-liees-au-code-de-la-route-les-assurances-du-ministre-de-la-justice\\\/#breadcrumb\"},\"inLanguage\":\"fr-FR\",\"potentialAction\":[{\"@type\":\"ReadAction\",\"target\":[\"https:\\\/\\\/lasentinelle.dz\\\/index.php\\\/2026\\\/01\\\/13\\\/preoccupations-liees-au-code-de-la-route-les-assurances-du-ministre-de-la-justice\\\/\"]}]},{\"@type\":\"ImageObject\",\"inLanguage\":\"fr-FR\",\"@id\":\"https:\\\/\\\/lasentinelle.dz\\\/index.php\\\/2026\\\/01\\\/13\\\/preoccupations-liees-au-code-de-la-route-les-assurances-du-ministre-de-la-justice\\\/#primaryimage\",\"url\":\"https:\\\/\\\/lasentinelle.dz\\\/wp-content\\\/uploads\\\/2025\\\/07\\\/Boudjemaa-1.jpg\",\"contentUrl\":\"https:\\\/\\\/lasentinelle.dz\\\/wp-content\\\/uploads\\\/2025\\\/07\\\/Boudjemaa-1.jpg\",\"width\":2048,\"height\":1365},{\"@type\":\"BreadcrumbList\",\"@id\":\"https:\\\/\\\/lasentinelle.dz\\\/index.php\\\/2026\\\/01\\\/13\\\/preoccupations-liees-au-code-de-la-route-les-assurances-du-ministre-de-la-justice\\\/#breadcrumb\",\"itemListElement\":[{\"@type\":\"ListItem\",\"position\":1,\"name\":\"Accueil\",\"item\":\"https:\\\/\\\/lasentinelle.dz\\\/\"},{\"@type\":\"ListItem\",\"position\":2,\"name\":\"Pr\u00e9occupations li\u00e9es au\u00a0Code de la route\u00a0: Les assurances du ministre de la Justice\"}]},{\"@type\":\"WebSite\",\"@id\":\"https:\\\/\\\/lasentinelle.dz\\\/#website\",\"url\":\"https:\\\/\\\/lasentinelle.dz\\\/\",\"name\":\"La Sentinelle\",\"description\":\"Quotidien national d&#039;information\",\"publisher\":{\"@id\":\"https:\\\/\\\/lasentinelle.dz\\\/#organization\"},\"potentialAction\":[{\"@type\":\"SearchAction\",\"target\":{\"@type\":\"EntryPoint\",\"urlTemplate\":\"https:\\\/\\\/lasentinelle.dz\\\/?s={search_term_string}\"},\"query-input\":{\"@type\":\"PropertyValueSpecification\",\"valueRequired\":true,\"valueName\":\"search_term_string\"}}],\"inLanguage\":\"fr-FR\"},{\"@type\":\"Organization\",\"@id\":\"https:\\\/\\\/lasentinelle.dz\\\/#organization\",\"name\":\"Quotidien La Sentinelle\",\"url\":\"https:\\\/\\\/lasentinelle.dz\\\/\",\"logo\":{\"@type\":\"ImageObject\",\"inLanguage\":\"fr-FR\",\"@id\":\"https:\\\/\\\/lasentinelle.dz\\\/#\\\/schema\\\/logo\\\/image\\\/\",\"url\":\"https:\\\/\\\/lasentinelle.dz\\\/wp-content\\\/uploads\\\/2021\\\/09\\\/logo-sentinelleSLOGAN-1.png\",\"contentUrl\":\"https:\\\/\\\/lasentinelle.dz\\\/wp-content\\\/uploads\\\/2021\\\/09\\\/logo-sentinelleSLOGAN-1.png\",\"width\":615,\"height\":142,\"caption\":\"Quotidien La Sentinelle\"},\"image\":{\"@id\":\"https:\\\/\\\/lasentinelle.dz\\\/#\\\/schema\\\/logo\\\/image\\\/\"},\"sameAs\":[\"https:\\\/\\\/www.facebook.com\\\/La-Sentinelle-104059864394773\"]},{\"@type\":\"Person\",\"@id\":\"https:\\\/\\\/lasentinelle.dz\\\/#\\\/schema\\\/person\\\/729ee0024f24e0b8c5ec17232f8e8b41\",\"name\":\"admin\",\"image\":{\"@type\":\"ImageObject\",\"inLanguage\":\"fr-FR\",\"@id\":\"https:\\\/\\\/secure.gravatar.com\\\/avatar\\\/4c81fed838786e9b53f540bf46533e750f5d292099ae3b66cfc6fb1982e29df7?s=96&d=mm&r=g\",\"url\":\"https:\\\/\\\/secure.gravatar.com\\\/avatar\\\/4c81fed838786e9b53f540bf46533e750f5d292099ae3b66cfc6fb1982e29df7?s=96&d=mm&r=g\",\"contentUrl\":\"https:\\\/\\\/secure.gravatar.com\\\/avatar\\\/4c81fed838786e9b53f540bf46533e750f5d292099ae3b66cfc6fb1982e29df7?s=96&d=mm&r=g\",\"caption\":\"admin\"},\"description\":\"admin\",\"url\":\"https:\\\/\\\/lasentinelle.dz\\\/author\\\/admin\\\/\"}]}<\/script>\n<!-- \/ Yoast SEO plugin. -->","yoast_head_json":{"title":"Pr\u00e9occupations li\u00e9es au\u00a0Code de la route\u00a0: Les assurances du ministre de la Justice - La Sentinelle","robots":{"index":"index","follow":"follow","max-snippet":"max-snippet:-1","max-image-preview":"max-image-preview:large","max-video-preview":"max-video-preview:-1"},"canonical":"https:\/\/lasentinelle.dz\/index.php\/2026\/01\/13\/preoccupations-liees-au-code-de-la-route-les-assurances-du-ministre-de-la-justice\/","og_locale":"fr_FR","og_type":"article","og_title":"Pr\u00e9occupations li\u00e9es au\u00a0Code de la route\u00a0: Les assurances du ministre de la Justice - La Sentinelle","og_description":"Le ministre de la Justice, garde des Sceaux, Lotfi Boudjemaa, a tenu mardi \u00e0 rassurer les professionnels du transport et","og_url":"https:\/\/lasentinelle.dz\/index.php\/2026\/01\/13\/preoccupations-liees-au-code-de-la-route-les-assurances-du-ministre-de-la-justice\/","og_site_name":"La Sentinelle","article_publisher":"https:\/\/www.facebook.com\/La-Sentinelle-104059864394773","article_published_time":"2026-01-13T18:53:12+00:00","article_modified_time":"2026-01-13T18:53:13+00:00","og_image":[{"width":2048,"height":1365,"url":"https:\/\/lasentinelle.dz\/wp-content\/uploads\/2025\/07\/Boudjemaa-1.jpg","type":"image\/jpeg"}],"author":"admin","twitter_card":"summary_large_image","twitter_misc":{"\u00c9crit par":"admin","Dur\u00e9e de lecture estim\u00e9e":"4 minutes"},"schema":{"@context":"https:\/\/schema.org","@graph":[{"@type":"Article","@id":"https:\/\/lasentinelle.dz\/index.php\/2026\/01\/13\/preoccupations-liees-au-code-de-la-route-les-assurances-du-ministre-de-la-justice\/#article","isPartOf":{"@id":"https:\/\/lasentinelle.dz\/index.php\/2026\/01\/13\/preoccupations-liees-au-code-de-la-route-les-assurances-du-ministre-de-la-justice\/"},"author":{"name":"admin","@id":"https:\/\/lasentinelle.dz\/#\/schema\/person\/729ee0024f24e0b8c5ec17232f8e8b41"},"headline":"Pr\u00e9occupations li\u00e9es au\u00a0Code de la route\u00a0: Les assurances du ministre de la Justice","datePublished":"2026-01-13T18:53:12+00:00","dateModified":"2026-01-13T18:53:13+00:00","mainEntityOfPage":{"@id":"https:\/\/lasentinelle.dz\/index.php\/2026\/01\/13\/preoccupations-liees-au-code-de-la-route-les-assurances-du-ministre-de-la-justice\/"},"wordCount":741,"commentCount":0,"publisher":{"@id":"https:\/\/lasentinelle.dz\/#organization"},"image":{"@id":"https:\/\/lasentinelle.dz\/index.php\/2026\/01\/13\/preoccupations-liees-au-code-de-la-route-les-assurances-du-ministre-de-la-justice\/#primaryimage"},"thumbnailUrl":"https:\/\/lasentinelle.dz\/wp-content\/uploads\/2025\/07\/Boudjemaa-1.jpg","articleSection":["\u00c0 la Une","Actualit\u00e9"],"inLanguage":"fr-FR","potentialAction":[{"@type":"CommentAction","name":"Comment","target":["https:\/\/lasentinelle.dz\/index.php\/2026\/01\/13\/preoccupations-liees-au-code-de-la-route-les-assurances-du-ministre-de-la-justice\/#respond"]}]},{"@type":"WebPage","@id":"https:\/\/lasentinelle.dz\/index.php\/2026\/01\/13\/preoccupations-liees-au-code-de-la-route-les-assurances-du-ministre-de-la-justice\/","url":"https:\/\/lasentinelle.dz\/index.php\/2026\/01\/13\/preoccupations-liees-au-code-de-la-route-les-assurances-du-ministre-de-la-justice\/","name":"Pr\u00e9occupations li\u00e9es au\u00a0Code de la route\u00a0: Les assurances du ministre de la Justice - La Sentinelle","isPartOf":{"@id":"https:\/\/lasentinelle.dz\/#website"},"primaryImageOfPage":{"@id":"https:\/\/lasentinelle.dz\/index.php\/2026\/01\/13\/preoccupations-liees-au-code-de-la-route-les-assurances-du-ministre-de-la-justice\/#primaryimage"},"image":{"@id":"https:\/\/lasentinelle.dz\/index.php\/2026\/01\/13\/preoccupations-liees-au-code-de-la-route-les-assurances-du-ministre-de-la-justice\/#primaryimage"},"thumbnailUrl":"https:\/\/lasentinelle.dz\/wp-content\/uploads\/2025\/07\/Boudjemaa-1.jpg","datePublished":"2026-01-13T18:53:12+00:00","dateModified":"2026-01-13T18:53:13+00:00","breadcrumb":{"@id":"https:\/\/lasentinelle.dz\/index.php\/2026\/01\/13\/preoccupations-liees-au-code-de-la-route-les-assurances-du-ministre-de-la-justice\/#breadcrumb"},"inLanguage":"fr-FR","potentialAction":[{"@type":"ReadAction","target":["https:\/\/lasentinelle.dz\/index.php\/2026\/01\/13\/preoccupations-liees-au-code-de-la-route-les-assurances-du-ministre-de-la-justice\/"]}]},{"@type":"ImageObject","inLanguage":"fr-FR","@id":"https:\/\/lasentinelle.dz\/index.php\/2026\/01\/13\/preoccupations-liees-au-code-de-la-route-les-assurances-du-ministre-de-la-justice\/#primaryimage","url":"https:\/\/lasentinelle.dz\/wp-content\/uploads\/2025\/07\/Boudjemaa-1.jpg","contentUrl":"https:\/\/lasentinelle.dz\/wp-content\/uploads\/2025\/07\/Boudjemaa-1.jpg","width":2048,"height":1365},{"@type":"BreadcrumbList","@id":"https:\/\/lasentinelle.dz\/index.php\/2026\/01\/13\/preoccupations-liees-au-code-de-la-route-les-assurances-du-ministre-de-la-justice\/#breadcrumb","itemListElement":[{"@type":"ListItem","position":1,"name":"Accueil","item":"https:\/\/lasentinelle.dz\/"},{"@type":"ListItem","position":2,"name":"Pr\u00e9occupations li\u00e9es au\u00a0Code de la route\u00a0: Les assurances du ministre de la Justice"}]},{"@type":"WebSite","@id":"https:\/\/lasentinelle.dz\/#website","url":"https:\/\/lasentinelle.dz\/","name":"La Sentinelle","description":"Quotidien national d&#039;information","publisher":{"@id":"https:\/\/lasentinelle.dz\/#organization"},"potentialAction":[{"@type":"SearchAction","target":{"@type":"EntryPoint","urlTemplate":"https:\/\/lasentinelle.dz\/?s={search_term_string}"},"query-input":{"@type":"PropertyValueSpecification","valueRequired":true,"valueName":"search_term_string"}}],"inLanguage":"fr-FR"},{"@type":"Organization","@id":"https:\/\/lasentinelle.dz\/#organization","name":"Quotidien La Sentinelle","url":"https:\/\/lasentinelle.dz\/","logo":{"@type":"ImageObject","inLanguage":"fr-FR","@id":"https:\/\/lasentinelle.dz\/#\/schema\/logo\/image\/","url":"https:\/\/lasentinelle.dz\/wp-content\/uploads\/2021\/09\/logo-sentinelleSLOGAN-1.png","contentUrl":"https:\/\/lasentinelle.dz\/wp-content\/uploads\/2021\/09\/logo-sentinelleSLOGAN-1.png","width":615,"height":142,"caption":"Quotidien La Sentinelle"},"image":{"@id":"https:\/\/lasentinelle.dz\/#\/schema\/logo\/image\/"},"sameAs":["https:\/\/www.facebook.com\/La-Sentinelle-104059864394773"]},{"@type":"Person","@id":"https:\/\/lasentinelle.dz\/#\/schema\/person\/729ee0024f24e0b8c5ec17232f8e8b41","name":"admin","image":{"@type":"ImageObject","inLanguage":"fr-FR","@id":"https:\/\/secure.gravatar.com\/avatar\/4c81fed838786e9b53f540bf46533e750f5d292099ae3b66cfc6fb1982e29df7?s=96&d=mm&r=g","url":"https:\/\/secure.gravatar.com\/avatar\/4c81fed838786e9b53f540bf46533e750f5d292099ae3b66cfc6fb1982e29df7?s=96&d=mm&r=g","contentUrl":"https:\/\/secure.gravatar.com\/avatar\/4c81fed838786e9b53f540bf46533e750f5d292099ae3b66cfc6fb1982e29df7?s=96&d=mm&r=g","caption":"admin"},"description":"admin","url":"https:\/\/lasentinelle.dz\/author\/admin\/"}]}},"_links":{"self":[{"href":"https:\/\/lasentinelle.dz\/index.php\/wp-json\/wp\/v2\/posts\/79472","targetHints":{"allow":["GET"]}}],"collection":[{"href":"https:\/\/lasentinelle.dz\/index.php\/wp-json\/wp\/v2\/posts"}],"about":[{"href":"https:\/\/lasentinelle.dz\/index.php\/wp-json\/wp\/v2\/types\/post"}],"author":[{"embeddable":true,"href":"https:\/\/lasentinelle.dz\/index.php\/wp-json\/wp\/v2\/users\/6"}],"replies":[{"embeddable":true,"href":"https:\/\/lasentinelle.dz\/index.php\/wp-json\/wp\/v2\/comments?post=79472"}],"version-history":[{"count":1,"href":"https:\/\/lasentinelle.dz\/index.php\/wp-json\/wp\/v2\/posts\/79472\/revisions"}],"predecessor-version":[{"id":79473,"href":"https:\/\/lasentinelle.dz\/index.php\/wp-json\/wp\/v2\/posts\/79472\/revisions\/79473"}],"wp:featuredmedia":[{"embeddable":true,"href":"https:\/\/lasentinelle.dz\/index.php\/wp-json\/wp\/v2\/media\/70748"}],"wp:attachment":[{"href":"https:\/\/lasentinelle.dz\/index.php\/wp-json\/wp\/v2\/media?parent=79472"}],"wp:term":[{"taxonomy":"category","embeddable":true,"href":"https:\/\/lasentinelle.dz\/index.php\/wp-json\/wp\/v2\/categories?post=79472"},{"taxonomy":"post_tag","embeddable":true,"href":"https:\/\/lasentinelle.dz\/index.php\/wp-json\/wp\/v2\/tags?post=79472"}],"curies":[{"name":"wp","href":"https:\/\/api.w.org\/{rel}","templated":true}]}}