{"id":7952,"date":"2021-09-16T00:01:00","date_gmt":"2021-09-15T23:01:00","guid":{"rendered":"https:\/\/lasentinelle.dz\/?p=7952"},"modified":"2021-09-15T16:08:54","modified_gmt":"2021-09-15T15:08:54","slug":"lutte-contre-les-feux-de-forets-a-constantine-des-drones-pour-intensifier-la-surveillance","status":"publish","type":"post","link":"https:\/\/lasentinelle.dz\/index.php\/2021\/09\/16\/lutte-contre-les-feux-de-forets-a-constantine-des-drones-pour-intensifier-la-surveillance\/","title":{"rendered":"Lutte contre les feux de for\u00eats \u00e0 Constantine : Des drones pour intensifier la surveillance"},"content":{"rendered":"\n<p>Le secteur des for\u00eats se renforce par l\u2019acquisition de nouveaux moyens de pr\u00e9vention contre les incendies.<\/p>\n\n\n\n<p>Les services des for\u00eats&nbsp; de la wilaya de Constantine ont entam\u00e9 derni\u00e8rement une op\u00e9ration de r\u00e9alisation de r\u00e9servoirs d\u2019eau en b\u00e9ton dans plusieurs r\u00e9gions foresti\u00e8res. A cet effet, 07 r\u00e9servoirs d\u2019eau seront construits et r\u00e9partis sur des points successifs afin de pallier le retard de l\u2019arriv\u00e9e des \u00e9quipes de la Protection civile en cas d\u2019un \u00e9ventuel d\u00e9part de feu et de leur permettre d\u2019agir rapidement pour emp\u00eacher la propagation des flammes. Cette op\u00e9ration, indique-t-on, concernera de nombreuses zones foresti\u00e8res, \u00e0 l\u2019instar de la r\u00e9gion d\u2019Ain Smara qui dispose d\u2019un couvert forestier tr\u00e8s dense. Il y a lieu de relever que les services concern\u00e9s ont \u00e9t\u00e9 r\u00e9cemment renforc\u00e9s par l\u2019acquisition de moyens modernes et de mat\u00e9riels de lutte anti-incendie pour assurer la protection des for\u00eats de la wilaya et leur surveillance, notamment des drones pour suivre tout mouvement \u00e0 l\u2019int\u00e9rieur des for\u00eats, dont des personnes et des v\u00e9hicules intrus qui ne sont pas enregistr\u00e9s au niveau de la Conservation des for\u00eats de la wilaya. Parmi les autres dispositions de pr\u00e9vention qui ont \u00e9t\u00e9 prises par les m\u00eames services on cite, en plus de l\u2019am\u00e9nagement des pistes \u00e0 l\u2019int\u00e9rieur des for\u00eats, l\u2019utilisation de miradors de contr\u00f4le et d\u2019alerte d\u2019urgence ou de tout autre incident. Rappelons que,&nbsp; Constantine&nbsp; est l\u2019une des wilayas de l\u2019est du pays, dont le couvert forestier a, en Ao\u00fbt dernier, \u00e9t\u00e9 ravag\u00e9 par les incendies. Les sinistres ont occasionn\u00e9 le d\u00e9c\u00e8s d\u2019une personne et d\u2019importants d\u00e9g\u00e2ts au couvert v\u00e9g\u00e9tal.<\/p>\n\n\n\n<p><strong>Sofia Chahine<\/strong><\/p>\n","protected":false},"excerpt":{"rendered":"<p>Le secteur des for\u00eats se renforce par l\u2019acquisition de nouveaux moyens de pr\u00e9vention contre les incendies. Les services des for\u00eats&nbsp;<\/p>\n","protected":false},"author":3,"featured_media":7958,"comment_status":"open","ping_status":"closed","sticky":false,"template":"","format":"standard","meta":{"colormag_page_container_layout":"default_layout","colormag_page_sidebar_layout":"default_layout","om_disable_all_campaigns":false,"_monsterinsights_skip_tracking":false,"_monsterinsights_sitenote_active":false,"_monsterinsights_sitenote_note":"","_monsterinsights_sitenote_category":0,"footnotes":"","_wpscppro_dont_share_socialmedia":false,"_wpscppro_custom_social_share_image":0,"_facebook_share_type":"","_twitter_share_type":"","_linkedin_share_type":"","_pinterest_share_type":"","_linkedin_share_type_page":"","_instagram_share_type":"","_medium_share_type":"","_threads_share_type":"","_google_business_share_type":"","_selected_social_profile":[],"_wpsp_enable_custom_social_template":false,"_wpsp_social_scheduling":{"enabled":false,"datetime":null,"platforms":[],"status":"template_only","dateOption":"today","timeOption":"now","customDays":"","customHours":"","customDate":"","customTime":"","schedulingType":"absolute"},"_wpsp_active_default_template":true},"categories":[31],"tags":[],"class_list":["post-7952","post","type-post","status-publish","format-standard","has-post-thumbnail","hentry","category-regions"],"aioseo_notices":[],"yoast_head":"<!-- This site is optimized with the Yoast SEO plugin v27.5 - https:\/\/yoast.com\/product\/yoast-seo-wordpress\/ -->\n<title>Lutte contre les feux de for\u00eats \u00e0 Constantine : Des drones pour intensifier la surveillance - La Sentinelle<\/title>\n<meta name=\"robots\" content=\"index, follow, max-snippet:-1, max-image-preview:large, max-video-preview:-1\" \/>\n<link rel=\"canonical\" href=\"https:\/\/lasentinelle.dz\/index.php\/2021\/09\/16\/lutte-contre-les-feux-de-forets-a-constantine-des-drones-pour-intensifier-la-surveillance\/\" \/>\n<meta property=\"og:locale\" content=\"fr_FR\" \/>\n<meta property=\"og:type\" content=\"article\" \/>\n<meta property=\"og:title\" content=\"Lutte contre les feux de for\u00eats \u00e0 Constantine : Des drones pour intensifier la surveillance - La Sentinelle\" \/>\n<meta property=\"og:description\" content=\"Le secteur des for\u00eats se renforce par l\u2019acquisition de nouveaux moyens de pr\u00e9vention contre les incendies. Les services des for\u00eats&nbsp;\" \/>\n<meta property=\"og:url\" content=\"https:\/\/lasentinelle.dz\/index.php\/2021\/09\/16\/lutte-contre-les-feux-de-forets-a-constantine-des-drones-pour-intensifier-la-surveillance\/\" \/>\n<meta property=\"og:site_name\" content=\"La Sentinelle\" \/>\n<meta property=\"article:publisher\" content=\"https:\/\/www.facebook.com\/La-Sentinelle-104059864394773\" \/>\n<meta property=\"article:published_time\" content=\"2021-09-15T23:01:00+00:00\" \/>\n<meta property=\"og:image\" content=\"https:\/\/lasentinelle.dz\/wp-content\/uploads\/2021\/09\/drone-foret.png\" \/>\n\t<meta property=\"og:image:width\" content=\"1800\" \/>\n\t<meta property=\"og:image:height\" content=\"900\" \/>\n\t<meta property=\"og:image:type\" content=\"image\/png\" \/>\n<meta name=\"author\" content=\"La Sentinelle\" \/>\n<meta name=\"twitter:card\" content=\"summary_large_image\" \/>\n<meta name=\"twitter:label1\" content=\"\u00c9crit par\" \/>\n\t<meta name=\"twitter:data1\" content=\"La Sentinelle\" \/>\n\t<meta name=\"twitter:label2\" content=\"Dur\u00e9e de lecture estim\u00e9e\" \/>\n\t<meta name=\"twitter:data2\" content=\"2 minutes\" \/>\n<script type=\"application\/ld+json\" class=\"yoast-schema-graph\">{\"@context\":\"https:\\\/\\\/schema.org\",\"@graph\":[{\"@type\":\"Article\",\"@id\":\"https:\\\/\\\/lasentinelle.dz\\\/index.php\\\/2021\\\/09\\\/16\\\/lutte-contre-les-feux-de-forets-a-constantine-des-drones-pour-intensifier-la-surveillance\\\/#article\",\"isPartOf\":{\"@id\":\"https:\\\/\\\/lasentinelle.dz\\\/index.php\\\/2021\\\/09\\\/16\\\/lutte-contre-les-feux-de-forets-a-constantine-des-drones-pour-intensifier-la-surveillance\\\/\"},\"author\":{\"name\":\"La Sentinelle\",\"@id\":\"https:\\\/\\\/lasentinelle.dz\\\/#\\\/schema\\\/person\\\/d865044e22e70a75174ce8bcad3acfb3\"},\"headline\":\"Lutte contre les feux de for\u00eats \u00e0 Constantine : Des drones pour intensifier la surveillance\",\"datePublished\":\"2021-09-15T23:01:00+00:00\",\"mainEntityOfPage\":{\"@id\":\"https:\\\/\\\/lasentinelle.dz\\\/index.php\\\/2021\\\/09\\\/16\\\/lutte-contre-les-feux-de-forets-a-constantine-des-drones-pour-intensifier-la-surveillance\\\/\"},\"wordCount\":333,\"commentCount\":0,\"publisher\":{\"@id\":\"https:\\\/\\\/lasentinelle.dz\\\/#organization\"},\"image\":{\"@id\":\"https:\\\/\\\/lasentinelle.dz\\\/index.php\\\/2021\\\/09\\\/16\\\/lutte-contre-les-feux-de-forets-a-constantine-des-drones-pour-intensifier-la-surveillance\\\/#primaryimage\"},\"thumbnailUrl\":\"https:\\\/\\\/lasentinelle.dz\\\/wp-content\\\/uploads\\\/2021\\\/09\\\/drone-foret.png\",\"articleSection\":[\"R\u00e9gions\"],\"inLanguage\":\"fr-FR\",\"potentialAction\":[{\"@type\":\"CommentAction\",\"name\":\"Comment\",\"target\":[\"https:\\\/\\\/lasentinelle.dz\\\/index.php\\\/2021\\\/09\\\/16\\\/lutte-contre-les-feux-de-forets-a-constantine-des-drones-pour-intensifier-la-surveillance\\\/#respond\"]}]},{\"@type\":\"WebPage\",\"@id\":\"https:\\\/\\\/lasentinelle.dz\\\/index.php\\\/2021\\\/09\\\/16\\\/lutte-contre-les-feux-de-forets-a-constantine-des-drones-pour-intensifier-la-surveillance\\\/\",\"url\":\"https:\\\/\\\/lasentinelle.dz\\\/index.php\\\/2021\\\/09\\\/16\\\/lutte-contre-les-feux-de-forets-a-constantine-des-drones-pour-intensifier-la-surveillance\\\/\",\"name\":\"Lutte contre les feux de for\u00eats \u00e0 Constantine : Des drones pour intensifier la surveillance - La Sentinelle\",\"isPartOf\":{\"@id\":\"https:\\\/\\\/lasentinelle.dz\\\/#website\"},\"primaryImageOfPage\":{\"@id\":\"https:\\\/\\\/lasentinelle.dz\\\/index.php\\\/2021\\\/09\\\/16\\\/lutte-contre-les-feux-de-forets-a-constantine-des-drones-pour-intensifier-la-surveillance\\\/#primaryimage\"},\"image\":{\"@id\":\"https:\\\/\\\/lasentinelle.dz\\\/index.php\\\/2021\\\/09\\\/16\\\/lutte-contre-les-feux-de-forets-a-constantine-des-drones-pour-intensifier-la-surveillance\\\/#primaryimage\"},\"thumbnailUrl\":\"https:\\\/\\\/lasentinelle.dz\\\/wp-content\\\/uploads\\\/2021\\\/09\\\/drone-foret.png\",\"datePublished\":\"2021-09-15T23:01:00+00:00\",\"breadcrumb\":{\"@id\":\"https:\\\/\\\/lasentinelle.dz\\\/index.php\\\/2021\\\/09\\\/16\\\/lutte-contre-les-feux-de-forets-a-constantine-des-drones-pour-intensifier-la-surveillance\\\/#breadcrumb\"},\"inLanguage\":\"fr-FR\",\"potentialAction\":[{\"@type\":\"ReadAction\",\"target\":[\"https:\\\/\\\/lasentinelle.dz\\\/index.php\\\/2021\\\/09\\\/16\\\/lutte-contre-les-feux-de-forets-a-constantine-des-drones-pour-intensifier-la-surveillance\\\/\"]}]},{\"@type\":\"ImageObject\",\"inLanguage\":\"fr-FR\",\"@id\":\"https:\\\/\\\/lasentinelle.dz\\\/index.php\\\/2021\\\/09\\\/16\\\/lutte-contre-les-feux-de-forets-a-constantine-des-drones-pour-intensifier-la-surveillance\\\/#primaryimage\",\"url\":\"https:\\\/\\\/lasentinelle.dz\\\/wp-content\\\/uploads\\\/2021\\\/09\\\/drone-foret.png\",\"contentUrl\":\"https:\\\/\\\/lasentinelle.dz\\\/wp-content\\\/uploads\\\/2021\\\/09\\\/drone-foret.png\",\"width\":1800,\"height\":900},{\"@type\":\"BreadcrumbList\",\"@id\":\"https:\\\/\\\/lasentinelle.dz\\\/index.php\\\/2021\\\/09\\\/16\\\/lutte-contre-les-feux-de-forets-a-constantine-des-drones-pour-intensifier-la-surveillance\\\/#breadcrumb\",\"itemListElement\":[{\"@type\":\"ListItem\",\"position\":1,\"name\":\"Accueil\",\"item\":\"https:\\\/\\\/lasentinelle.dz\\\/\"},{\"@type\":\"ListItem\",\"position\":2,\"name\":\"Lutte contre les feux de for\u00eats \u00e0 Constantine : Des drones pour intensifier la surveillance\"}]},{\"@type\":\"WebSite\",\"@id\":\"https:\\\/\\\/lasentinelle.dz\\\/#website\",\"url\":\"https:\\\/\\\/lasentinelle.dz\\\/\",\"name\":\"La Sentinelle\",\"description\":\"Quotidien national d&#039;information\",\"publisher\":{\"@id\":\"https:\\\/\\\/lasentinelle.dz\\\/#organization\"},\"potentialAction\":[{\"@type\":\"SearchAction\",\"target\":{\"@type\":\"EntryPoint\",\"urlTemplate\":\"https:\\\/\\\/lasentinelle.dz\\\/?s={search_term_string}\"},\"query-input\":{\"@type\":\"PropertyValueSpecification\",\"valueRequired\":true,\"valueName\":\"search_term_string\"}}],\"inLanguage\":\"fr-FR\"},{\"@type\":\"Organization\",\"@id\":\"https:\\\/\\\/lasentinelle.dz\\\/#organization\",\"name\":\"Quotidien La Sentinelle\",\"url\":\"https:\\\/\\\/lasentinelle.dz\\\/\",\"logo\":{\"@type\":\"ImageObject\",\"inLanguage\":\"fr-FR\",\"@id\":\"https:\\\/\\\/lasentinelle.dz\\\/#\\\/schema\\\/logo\\\/image\\\/\",\"url\":\"https:\\\/\\\/lasentinelle.dz\\\/wp-content\\\/uploads\\\/2021\\\/09\\\/logo-sentinelleSLOGAN-1.png\",\"contentUrl\":\"https:\\\/\\\/lasentinelle.dz\\\/wp-content\\\/uploads\\\/2021\\\/09\\\/logo-sentinelleSLOGAN-1.png\",\"width\":615,\"height\":142,\"caption\":\"Quotidien La Sentinelle\"},\"image\":{\"@id\":\"https:\\\/\\\/lasentinelle.dz\\\/#\\\/schema\\\/logo\\\/image\\\/\"},\"sameAs\":[\"https:\\\/\\\/www.facebook.com\\\/La-Sentinelle-104059864394773\"]},{\"@type\":\"Person\",\"@id\":\"https:\\\/\\\/lasentinelle.dz\\\/#\\\/schema\\\/person\\\/d865044e22e70a75174ce8bcad3acfb3\",\"name\":\"La Sentinelle\",\"image\":{\"@type\":\"ImageObject\",\"inLanguage\":\"fr-FR\",\"@id\":\"https:\\\/\\\/secure.gravatar.com\\\/avatar\\\/57de8e5d4b15d43fb361a71fbb36338450fe67865b528a43dd10ef7c51a20392?s=96&d=mm&r=g\",\"url\":\"https:\\\/\\\/secure.gravatar.com\\\/avatar\\\/57de8e5d4b15d43fb361a71fbb36338450fe67865b528a43dd10ef7c51a20392?s=96&d=mm&r=g\",\"contentUrl\":\"https:\\\/\\\/secure.gravatar.com\\\/avatar\\\/57de8e5d4b15d43fb361a71fbb36338450fe67865b528a43dd10ef7c51a20392?s=96&d=mm&r=g\",\"caption\":\"La Sentinelle\"},\"sameAs\":[\"http:\\\/\\\/www.lasentinelle.dz\"],\"url\":\"https:\\\/\\\/lasentinelle.dz\\\/author\\\/redaction\\\/\"}]}<\/script>\n<!-- \/ Yoast SEO plugin. -->","yoast_head_json":{"title":"Lutte contre les feux de for\u00eats \u00e0 Constantine : Des drones pour intensifier la surveillance - La Sentinelle","robots":{"index":"index","follow":"follow","max-snippet":"max-snippet:-1","max-image-preview":"max-image-preview:large","max-video-preview":"max-video-preview:-1"},"canonical":"https:\/\/lasentinelle.dz\/index.php\/2021\/09\/16\/lutte-contre-les-feux-de-forets-a-constantine-des-drones-pour-intensifier-la-surveillance\/","og_locale":"fr_FR","og_type":"article","og_title":"Lutte contre les feux de for\u00eats \u00e0 Constantine : Des drones pour intensifier la surveillance - La Sentinelle","og_description":"Le secteur des for\u00eats se renforce par l\u2019acquisition de nouveaux moyens de pr\u00e9vention contre les incendies. Les services des for\u00eats&nbsp;","og_url":"https:\/\/lasentinelle.dz\/index.php\/2021\/09\/16\/lutte-contre-les-feux-de-forets-a-constantine-des-drones-pour-intensifier-la-surveillance\/","og_site_name":"La Sentinelle","article_publisher":"https:\/\/www.facebook.com\/La-Sentinelle-104059864394773","article_published_time":"2021-09-15T23:01:00+00:00","og_image":[{"width":1800,"height":900,"url":"https:\/\/lasentinelle.dz\/wp-content\/uploads\/2021\/09\/drone-foret.png","type":"image\/png"}],"author":"La Sentinelle","twitter_card":"summary_large_image","twitter_misc":{"\u00c9crit par":"La Sentinelle","Dur\u00e9e de lecture estim\u00e9e":"2 minutes"},"schema":{"@context":"https:\/\/schema.org","@graph":[{"@type":"Article","@id":"https:\/\/lasentinelle.dz\/index.php\/2021\/09\/16\/lutte-contre-les-feux-de-forets-a-constantine-des-drones-pour-intensifier-la-surveillance\/#article","isPartOf":{"@id":"https:\/\/lasentinelle.dz\/index.php\/2021\/09\/16\/lutte-contre-les-feux-de-forets-a-constantine-des-drones-pour-intensifier-la-surveillance\/"},"author":{"name":"La Sentinelle","@id":"https:\/\/lasentinelle.dz\/#\/schema\/person\/d865044e22e70a75174ce8bcad3acfb3"},"headline":"Lutte contre les feux de for\u00eats \u00e0 Constantine : Des drones pour intensifier la surveillance","datePublished":"2021-09-15T23:01:00+00:00","mainEntityOfPage":{"@id":"https:\/\/lasentinelle.dz\/index.php\/2021\/09\/16\/lutte-contre-les-feux-de-forets-a-constantine-des-drones-pour-intensifier-la-surveillance\/"},"wordCount":333,"commentCount":0,"publisher":{"@id":"https:\/\/lasentinelle.dz\/#organization"},"image":{"@id":"https:\/\/lasentinelle.dz\/index.php\/2021\/09\/16\/lutte-contre-les-feux-de-forets-a-constantine-des-drones-pour-intensifier-la-surveillance\/#primaryimage"},"thumbnailUrl":"https:\/\/lasentinelle.dz\/wp-content\/uploads\/2021\/09\/drone-foret.png","articleSection":["R\u00e9gions"],"inLanguage":"fr-FR","potentialAction":[{"@type":"CommentAction","name":"Comment","target":["https:\/\/lasentinelle.dz\/index.php\/2021\/09\/16\/lutte-contre-les-feux-de-forets-a-constantine-des-drones-pour-intensifier-la-surveillance\/#respond"]}]},{"@type":"WebPage","@id":"https:\/\/lasentinelle.dz\/index.php\/2021\/09\/16\/lutte-contre-les-feux-de-forets-a-constantine-des-drones-pour-intensifier-la-surveillance\/","url":"https:\/\/lasentinelle.dz\/index.php\/2021\/09\/16\/lutte-contre-les-feux-de-forets-a-constantine-des-drones-pour-intensifier-la-surveillance\/","name":"Lutte contre les feux de for\u00eats \u00e0 Constantine : Des drones pour intensifier la surveillance - La Sentinelle","isPartOf":{"@id":"https:\/\/lasentinelle.dz\/#website"},"primaryImageOfPage":{"@id":"https:\/\/lasentinelle.dz\/index.php\/2021\/09\/16\/lutte-contre-les-feux-de-forets-a-constantine-des-drones-pour-intensifier-la-surveillance\/#primaryimage"},"image":{"@id":"https:\/\/lasentinelle.dz\/index.php\/2021\/09\/16\/lutte-contre-les-feux-de-forets-a-constantine-des-drones-pour-intensifier-la-surveillance\/#primaryimage"},"thumbnailUrl":"https:\/\/lasentinelle.dz\/wp-content\/uploads\/2021\/09\/drone-foret.png","datePublished":"2021-09-15T23:01:00+00:00","breadcrumb":{"@id":"https:\/\/lasentinelle.dz\/index.php\/2021\/09\/16\/lutte-contre-les-feux-de-forets-a-constantine-des-drones-pour-intensifier-la-surveillance\/#breadcrumb"},"inLanguage":"fr-FR","potentialAction":[{"@type":"ReadAction","target":["https:\/\/lasentinelle.dz\/index.php\/2021\/09\/16\/lutte-contre-les-feux-de-forets-a-constantine-des-drones-pour-intensifier-la-surveillance\/"]}]},{"@type":"ImageObject","inLanguage":"fr-FR","@id":"https:\/\/lasentinelle.dz\/index.php\/2021\/09\/16\/lutte-contre-les-feux-de-forets-a-constantine-des-drones-pour-intensifier-la-surveillance\/#primaryimage","url":"https:\/\/lasentinelle.dz\/wp-content\/uploads\/2021\/09\/drone-foret.png","contentUrl":"https:\/\/lasentinelle.dz\/wp-content\/uploads\/2021\/09\/drone-foret.png","width":1800,"height":900},{"@type":"BreadcrumbList","@id":"https:\/\/lasentinelle.dz\/index.php\/2021\/09\/16\/lutte-contre-les-feux-de-forets-a-constantine-des-drones-pour-intensifier-la-surveillance\/#breadcrumb","itemListElement":[{"@type":"ListItem","position":1,"name":"Accueil","item":"https:\/\/lasentinelle.dz\/"},{"@type":"ListItem","position":2,"name":"Lutte contre les feux de for\u00eats \u00e0 Constantine : Des drones pour intensifier la surveillance"}]},{"@type":"WebSite","@id":"https:\/\/lasentinelle.dz\/#website","url":"https:\/\/lasentinelle.dz\/","name":"La Sentinelle","description":"Quotidien national d&#039;information","publisher":{"@id":"https:\/\/lasentinelle.dz\/#organization"},"potentialAction":[{"@type":"SearchAction","target":{"@type":"EntryPoint","urlTemplate":"https:\/\/lasentinelle.dz\/?s={search_term_string}"},"query-input":{"@type":"PropertyValueSpecification","valueRequired":true,"valueName":"search_term_string"}}],"inLanguage":"fr-FR"},{"@type":"Organization","@id":"https:\/\/lasentinelle.dz\/#organization","name":"Quotidien La Sentinelle","url":"https:\/\/lasentinelle.dz\/","logo":{"@type":"ImageObject","inLanguage":"fr-FR","@id":"https:\/\/lasentinelle.dz\/#\/schema\/logo\/image\/","url":"https:\/\/lasentinelle.dz\/wp-content\/uploads\/2021\/09\/logo-sentinelleSLOGAN-1.png","contentUrl":"https:\/\/lasentinelle.dz\/wp-content\/uploads\/2021\/09\/logo-sentinelleSLOGAN-1.png","width":615,"height":142,"caption":"Quotidien La Sentinelle"},"image":{"@id":"https:\/\/lasentinelle.dz\/#\/schema\/logo\/image\/"},"sameAs":["https:\/\/www.facebook.com\/La-Sentinelle-104059864394773"]},{"@type":"Person","@id":"https:\/\/lasentinelle.dz\/#\/schema\/person\/d865044e22e70a75174ce8bcad3acfb3","name":"La Sentinelle","image":{"@type":"ImageObject","inLanguage":"fr-FR","@id":"https:\/\/secure.gravatar.com\/avatar\/57de8e5d4b15d43fb361a71fbb36338450fe67865b528a43dd10ef7c51a20392?s=96&d=mm&r=g","url":"https:\/\/secure.gravatar.com\/avatar\/57de8e5d4b15d43fb361a71fbb36338450fe67865b528a43dd10ef7c51a20392?s=96&d=mm&r=g","contentUrl":"https:\/\/secure.gravatar.com\/avatar\/57de8e5d4b15d43fb361a71fbb36338450fe67865b528a43dd10ef7c51a20392?s=96&d=mm&r=g","caption":"La Sentinelle"},"sameAs":["http:\/\/www.lasentinelle.dz"],"url":"https:\/\/lasentinelle.dz\/author\/redaction\/"}]}},"_links":{"self":[{"href":"https:\/\/lasentinelle.dz\/index.php\/wp-json\/wp\/v2\/posts\/7952","targetHints":{"allow":["GET"]}}],"collection":[{"href":"https:\/\/lasentinelle.dz\/index.php\/wp-json\/wp\/v2\/posts"}],"about":[{"href":"https:\/\/lasentinelle.dz\/index.php\/wp-json\/wp\/v2\/types\/post"}],"author":[{"embeddable":true,"href":"https:\/\/lasentinelle.dz\/index.php\/wp-json\/wp\/v2\/users\/3"}],"replies":[{"embeddable":true,"href":"https:\/\/lasentinelle.dz\/index.php\/wp-json\/wp\/v2\/comments?post=7952"}],"version-history":[{"count":1,"href":"https:\/\/lasentinelle.dz\/index.php\/wp-json\/wp\/v2\/posts\/7952\/revisions"}],"predecessor-version":[{"id":7959,"href":"https:\/\/lasentinelle.dz\/index.php\/wp-json\/wp\/v2\/posts\/7952\/revisions\/7959"}],"wp:featuredmedia":[{"embeddable":true,"href":"https:\/\/lasentinelle.dz\/index.php\/wp-json\/wp\/v2\/media\/7958"}],"wp:attachment":[{"href":"https:\/\/lasentinelle.dz\/index.php\/wp-json\/wp\/v2\/media?parent=7952"}],"wp:term":[{"taxonomy":"category","embeddable":true,"href":"https:\/\/lasentinelle.dz\/index.php\/wp-json\/wp\/v2\/categories?post=7952"},{"taxonomy":"post_tag","embeddable":true,"href":"https:\/\/lasentinelle.dz\/index.php\/wp-json\/wp\/v2\/tags?post=7952"}],"curies":[{"name":"wp","href":"https:\/\/api.w.org\/{rel}","templated":true}]}}