{"id":79626,"date":"2026-01-17T19:54:06","date_gmt":"2026-01-17T18:54:06","guid":{"rendered":"https:\/\/lasentinelle.dz\/?p=79626"},"modified":"2026-01-17T19:54:07","modified_gmt":"2026-01-17T18:54:07","slug":"education-nationale-un-second-concours-de-recrutement-denseignants-annonce-pour-2026","status":"publish","type":"post","link":"https:\/\/lasentinelle.dz\/index.php\/2026\/01\/17\/education-nationale-un-second-concours-de-recrutement-denseignants-annonce-pour-2026\/","title":{"rendered":"\u00c9ducation nationale\u00a0:\u00a0Un second concours de recrutement d&rsquo;enseignants annonc\u00e9 pour 2026"},"content":{"rendered":"\n<p class=\"wp-block-paragraph\">Le ministre de l&rsquo;\u00c9ducation nationale, Mohammed Seghir Sadaoui, a annonc\u00e9 samedi l&rsquo;organisation d&rsquo;un second concours de recrutement d&rsquo;enseignants au titre de l&rsquo;ann\u00e9e 2026, accompagn\u00e9 d&rsquo;un concours professionnel destin\u00e9 aux autres corps p\u00e9dagogiques et administratifs. Cette d\u00e9claration intervient dans un contexte marqu\u00e9 par la volont\u00e9 du secteur de renforcer l&rsquo;encadrement p\u00e9dagogique et de garantir la qualit\u00e9 de l&rsquo;enseignement \u00e0 travers le recrutement de comp\u00e9tences qualifi\u00e9es.<\/p>\n\n\n\n<p class=\"wp-block-paragraph\">Cette annonce fait suite au premier concours de recrutement sur titre des enseignants pour les trois cycles, dont les inscriptions se sont d\u00e9roul\u00e9es du 16 d\u00e9cembre 2025 au 6 janvier 2026, visant \u00e0 pourvoir 40.500 postes d&rsquo;enseignants dans les cycles primaire, moyen et secondaire. Le ministre a insist\u00e9 sur le caract\u00e8re transparent et \u00e9quitable de ces concours. Le minist\u00e8re veille \u00e0 \u00ab\u00a0garantir la transparence dans le concours de recrutement sur titre des enseignants\u00a0\u00bb, a-t-il affirm\u00e9, pr\u00e9cisant que l&rsquo;objectif est d&rsquo;assurer \u00ab\u00a0un climat de transparence et de clart\u00e9 totale pour tous les candidats, afin que la concurrence soit \u00e9quitable\u00a0\u00bb.&nbsp;L&rsquo;objectif affich\u00e9 de ces recrutements est de doter le secteur des comp\u00e9tences n\u00e9cessaires pour r\u00e9pondre aux besoins d&rsquo;encadrement. \u00ab\u00a0Le but du concours est de fournir au secteur les comp\u00e9tences n\u00e9cessaires pour r\u00e9pondre aux besoins d&rsquo;encadrement, en recrutant des comp\u00e9tences poss\u00e9dant les qualifications requises, concr\u00e9tisant ainsi l&rsquo;ambition de qualit\u00e9 de l&rsquo;enseignement\u00a0\u00bb, a expliqu\u00e9 Mohammed Seghir Sadaoui. Il a pr\u00e9cis\u00e9 que le concours est num\u00e9rique et ouvert \u00e0 tous ceux qui remplissent les conditions de participation.<\/p>\n\n\n\n<p class=\"wp-block-paragraph\">Au-del\u00e0 du recrutement des enseignants, le ministre a \u00e9galement \u00e9voqu\u00e9 l&rsquo;organisation prochaine d&rsquo;un concours professionnel d\u00e9di\u00e9 aux autres corps administratifs du secteur \u00e9ducatif. Cette initiative s&rsquo;inscrit dans une d\u00e9marche globale visant \u00e0 renforcer l&rsquo;ensemble des ressources humaines de l&rsquo;\u00c9ducation nationale. Par ailleurs, le ministre a fait \u00e9tat d&rsquo;un projet d&rsquo;amendement du d\u00e9cret ex\u00e9cutif 25-54 portant statut particulier des fonctionnaires appartenant aux corps sp\u00e9cifiques de l&rsquo;\u00e9ducation nationale, affirmant l&rsquo;engagement du minist\u00e8re \u00e0 \u00ab\u00a0poursuivre l&rsquo;am\u00e9lioration des conditions socioprofessionnelles du personnel du secteur\u00a0\u00bb.<\/p>\n\n\n\n<p class=\"wp-block-paragraph\"><strong>Olympiades des math\u00e9matiques<\/strong><\/p>\n\n\n\n<p class=\"wp-block-paragraph\">Ces d\u00e9clarations sur le recrutement ont \u00e9t\u00e9 faites en marge du lancement de la troisi\u00e8me \u00e9dition des Olympiades alg\u00e9riennes de math\u00e9matiques, samedi \u00e0 Alger. Le ministre a donn\u00e9 le coup d&rsquo;envoi de cette comp\u00e9tition au coll\u00e8ge d&rsquo;enseignement moyen Fr\u00e8res El-Amrani \u00e0 El-Biar, avant de se rendre au lyc\u00e9e Cheikh El-Mokrani \u00e0 Ben Aknoun pour superviser le d\u00e9roulement des \u00e9preuves.&nbsp;Cette \u00e9dition enregistre la participation de 284.307 \u00e9l\u00e8ves des cycles moyen et secondaire, r\u00e9partis sur 1.003 centres d&rsquo;examen lors de ce premier tour \u00e9liminatoire. Le ministre a mis en avant l&rsquo;engagement de son secteur \u00e0 assurer \u00ab\u00a0le succ\u00e8s de cette \u00e9dition des Olympiades, en fournissant tout le soutien n\u00e9cessaire aux \u00e9l\u00e8ves concern\u00e9s en mati\u00e8re de formation et d&rsquo;entra\u00eenement, afin de leur permettre de repr\u00e9senter l&rsquo;Alg\u00e9rie de la meilleure mani\u00e8re lors des comp\u00e9titions continentales et internationales des Olympiades de math\u00e9matiques\u00a0\u00bb.&nbsp;Ces comp\u00e9titions permettront de \u00ab\u00a0s\u00e9lectionner les comp\u00e9tences sur lesquelles il sera mis\u00e9 pour honorer l&rsquo;Alg\u00e9rie, comme a toujours \u00e9t\u00e9 le cas au cours des ann\u00e9es pr\u00e9c\u00e9dentes\u00a0\u00bb, a-t-il ajout\u00e9, qualifiant la participation de l&rsquo;Alg\u00e9rie \u00e0 ces comp\u00e9titions continentales et internationales de \u00ab\u00a0tr\u00e8s honorable\u00a0\u00bb. Le ministre a \u00e9galement annonc\u00e9 le lancement du concours national sur l&rsquo;innovation scolaire dont les phases d\u00e9buteront en janvier et se poursuivront jusqu&rsquo;en avril, confirmant ainsi l&rsquo;accompagnement des \u00e9tablissements \u00e9ducatifs dans cette initiative.<\/p>\n\n\n\n<p class=\"wp-block-paragraph\">Lyna Larbi<\/p>\n","protected":false},"excerpt":{"rendered":"<p>Le ministre de l&rsquo;\u00c9ducation nationale, Mohammed Seghir Sadaoui, a annonc\u00e9 samedi l&rsquo;organisation d&rsquo;un second concours de recrutement d&rsquo;enseignants au titre<\/p>\n","protected":false},"author":6,"featured_media":64834,"comment_status":"open","ping_status":"closed","sticky":false,"template":"","format":"standard","meta":{"colormag_page_container_layout":"default_layout","colormag_page_sidebar_layout":"default_layout","om_disable_all_campaigns":false,"_monsterinsights_skip_tracking":false,"footnotes":"","_wpscppro_dont_share_socialmedia":false,"_wpscppro_custom_social_share_image":0,"_facebook_share_type":"default","_twitter_share_type":"default","_linkedin_share_type":"default","_pinterest_share_type":"default","_linkedin_share_type_page":"","_instagram_share_type":"default","_medium_share_type":"default","_threads_share_type":"default","_google_business_share_type":"default","_bluesky_share_type":"","_mastodon_share_type":"","_selected_social_profile":[],"_wpsp_enable_custom_social_template":false,"_wpsp_social_scheduling":{"enabled":false,"datetime":null,"platforms":[],"status":"template_only","dateOption":"today","timeOption":"now","customDays":"","customHours":"","customDate":"","customTime":"","schedulingType":"absolute"},"_wpsp_active_default_template":true},"categories":[52,27],"tags":[],"class_list":["post-79626","post","type-post","status-publish","format-standard","has-post-thumbnail","hentry","category-a-la-une","category-actualite"],"aioseo_notices":[],"aioseo_head":"\n\t\t<!-- All in One SEO 5.0.0.1 - aioseo.com -->\n\t<meta name=\"description\" content=\"Le ministre de l&#039;\u00c9ducation nationale, Mohammed Seghir Sadaoui, a annonc\u00e9 samedi l&#039;organisation d&#039;un second concours de recrutement d&#039;enseignants au titre de l&#039;ann\u00e9e 2026, accompagn\u00e9 d&#039;un concours professionnel destin\u00e9 aux autres corps p\u00e9dagogiques et administratifs. Cette d\u00e9claration intervient dans un contexte marqu\u00e9 par la volont\u00e9 du secteur de renforcer l&#039;encadrement p\u00e9dagogique et de garantir la qualit\u00e9\" \/>\n\t<meta name=\"robots\" content=\"max-image-preview:large\" \/>\n\t<meta name=\"author\" content=\"admin\"\/>\n\t<link rel=\"canonical\" href=\"https:\/\/lasentinelle.dz\/index.php\/2026\/01\/17\/education-nationale-un-second-concours-de-recrutement-denseignants-annonce-pour-2026\/\" \/>\n\t<meta name=\"generator\" content=\"All in One SEO (AIOSEO) 5.0.0.1\" \/>\n\t\t<meta property=\"og:locale\" content=\"fr_FR\" \/>\n\t\t<meta property=\"og:site_name\" content=\"La Sentinelle - Quotidien national d&#039;information\" \/>\n\t\t<meta property=\"og:type\" content=\"article\" \/>\n\t\t<meta property=\"og:title\" content=\"\u00c9ducation nationale : Un second concours de recrutement d\u2019enseignants annonc\u00e9 pour 2026 - La Sentinelle\" \/>\n\t\t<meta property=\"og:description\" content=\"Le ministre de l&#039;\u00c9ducation nationale, Mohammed Seghir Sadaoui, a annonc\u00e9 samedi l&#039;organisation d&#039;un second concours de recrutement d&#039;enseignants au titre de l&#039;ann\u00e9e 2026, accompagn\u00e9 d&#039;un concours professionnel destin\u00e9 aux autres corps p\u00e9dagogiques et administratifs. Cette d\u00e9claration intervient dans un contexte marqu\u00e9 par la volont\u00e9 du secteur de renforcer l&#039;encadrement p\u00e9dagogique et de garantir la qualit\u00e9\" \/>\n\t\t<meta property=\"og:url\" content=\"https:\/\/lasentinelle.dz\/index.php\/2026\/01\/17\/education-nationale-un-second-concours-de-recrutement-denseignants-annonce-pour-2026\/\" \/>\n\t\t<meta property=\"og:image\" content=\"https:\/\/lasentinelle.dz\/wp-content\/uploads\/2021\/09\/cropped-la-sentinelle-earth-golden-anima-5.gif\" \/>\n\t\t<meta property=\"og:image:secure_url\" content=\"https:\/\/lasentinelle.dz\/wp-content\/uploads\/2021\/09\/cropped-la-sentinelle-earth-golden-anima-5.gif\" \/>\n\t\t<meta property=\"og:image:width\" content=\"450\" \/>\n\t\t<meta property=\"og:image:height\" content=\"213\" \/>\n\t\t<meta property=\"article:published_time\" content=\"2026-01-17T18:54:06+00:00\" \/>\n\t\t<meta property=\"article:modified_time\" content=\"2026-01-17T18:54:07+00:00\" \/>\n\t\t<meta property=\"article:publisher\" content=\"https:\/\/www.facebook.com\/azzedine.lasentinelle.1\" \/>\n\t\t<meta name=\"twitter:card\" content=\"summary_large_image\" \/>\n\t\t<meta name=\"twitter:title\" content=\"\u00c9ducation nationale : Un second concours de recrutement d\u2019enseignants annonc\u00e9 pour 2026 - La Sentinelle\" \/>\n\t\t<meta name=\"twitter:description\" content=\"Le ministre de l&#039;\u00c9ducation nationale, Mohammed Seghir Sadaoui, a annonc\u00e9 samedi l&#039;organisation d&#039;un second concours de recrutement d&#039;enseignants au titre de l&#039;ann\u00e9e 2026, accompagn\u00e9 d&#039;un concours professionnel destin\u00e9 aux autres corps p\u00e9dagogiques et administratifs. Cette d\u00e9claration intervient dans un contexte marqu\u00e9 par la volont\u00e9 du secteur de renforcer l&#039;encadrement p\u00e9dagogique et de garantir la qualit\u00e9\" \/>\n\t\t<meta name=\"twitter:image\" content=\"https:\/\/lasentinelle.dz\/wp-content\/uploads\/2021\/09\/cropped-la-sentinelle-earth-golden-anima-5.gif\" \/>\n\t\t<script type=\"application\/ld+json\" class=\"aioseo-schema\">\n\t\t\t{\"@context\":\"https:\\\/\\\/schema.org\",\"@graph\":[{\"@type\":\"BlogPosting\",\"@id\":\"https:\\\/\\\/lasentinelle.dz\\\/index.php\\\/2026\\\/01\\\/17\\\/education-nationale-un-second-concours-de-recrutement-denseignants-annonce-pour-2026\\\/#blogposting\",\"name\":\"\\u00c9ducation nationale : Un second concours de recrutement d\\u2019enseignants annonc\\u00e9 pour 2026 - La Sentinelle\",\"headline\":\"\\u00c9ducation nationale\\u00a0:\\u00a0Un second concours de recrutement d&rsquo;enseignants annonc\\u00e9 pour 2026\",\"author\":{\"@id\":\"https:\\\/\\\/lasentinelle.dz\\\/author\\\/admin\\\/#author\"},\"publisher\":{\"@id\":\"https:\\\/\\\/lasentinelle.dz\\\/#organization\"},\"image\":{\"@type\":\"ImageObject\",\"url\":\"https:\\\/\\\/lasentinelle.dz\\\/wp-content\\\/uploads\\\/2025\\\/03\\\/enseignants.jpg\",\"width\":730,\"height\":460},\"datePublished\":\"2026-01-17T19:54:06+01:00\",\"dateModified\":\"2026-01-17T19:54:07+01:00\",\"inLanguage\":\"fr-FR\",\"mainEntityOfPage\":{\"@id\":\"https:\\\/\\\/lasentinelle.dz\\\/index.php\\\/2026\\\/01\\\/17\\\/education-nationale-un-second-concours-de-recrutement-denseignants-annonce-pour-2026\\\/#webpage\"},\"isPartOf\":{\"@id\":\"https:\\\/\\\/lasentinelle.dz\\\/index.php\\\/2026\\\/01\\\/17\\\/education-nationale-un-second-concours-de-recrutement-denseignants-annonce-pour-2026\\\/#webpage\"},\"articleSection\":\"\\u00c0 la Une, Actualit\\u00e9\"},{\"@type\":\"BreadcrumbList\",\"@id\":\"https:\\\/\\\/lasentinelle.dz\\\/index.php\\\/2026\\\/01\\\/17\\\/education-nationale-un-second-concours-de-recrutement-denseignants-annonce-pour-2026\\\/#breadcrumblist\",\"itemListElement\":[{\"@type\":\"ListItem\",\"@id\":\"https:\\\/\\\/lasentinelle.dz#listItem\",\"position\":1,\"name\":\"Home\",\"item\":\"https:\\\/\\\/lasentinelle.dz\",\"nextItem\":{\"@type\":\"ListItem\",\"@id\":\"https:\\\/\\\/lasentinelle.dz\\\/index.php\\\/category\\\/actualite\\\/#listItem\",\"name\":\"Actualit\\u00e9\"}},{\"@type\":\"ListItem\",\"@id\":\"https:\\\/\\\/lasentinelle.dz\\\/index.php\\\/category\\\/actualite\\\/#listItem\",\"position\":2,\"name\":\"Actualit\\u00e9\",\"item\":\"https:\\\/\\\/lasentinelle.dz\\\/index.php\\\/category\\\/actualite\\\/\",\"nextItem\":{\"@type\":\"ListItem\",\"@id\":\"https:\\\/\\\/lasentinelle.dz\\\/index.php\\\/2026\\\/01\\\/17\\\/education-nationale-un-second-concours-de-recrutement-denseignants-annonce-pour-2026\\\/#listItem\",\"name\":\"\\u00c9ducation nationale\\u00a0:\\u00a0Un second concours de recrutement d&rsquo;enseignants annonc\\u00e9 pour 2026\"},\"previousItem\":{\"@type\":\"ListItem\",\"@id\":\"https:\\\/\\\/lasentinelle.dz#listItem\",\"name\":\"Home\"}},{\"@type\":\"ListItem\",\"@id\":\"https:\\\/\\\/lasentinelle.dz\\\/index.php\\\/2026\\\/01\\\/17\\\/education-nationale-un-second-concours-de-recrutement-denseignants-annonce-pour-2026\\\/#listItem\",\"position\":3,\"name\":\"\\u00c9ducation nationale\\u00a0:\\u00a0Un second concours de recrutement d&rsquo;enseignants annonc\\u00e9 pour 2026\",\"previousItem\":{\"@type\":\"ListItem\",\"@id\":\"https:\\\/\\\/lasentinelle.dz\\\/index.php\\\/category\\\/actualite\\\/#listItem\",\"name\":\"Actualit\\u00e9\"}}]},{\"@type\":\"Organization\",\"@id\":\"https:\\\/\\\/lasentinelle.dz\\\/#organization\",\"name\":\"La Sentinelle La Sentinelle\",\"description\":\"Quotidien national d'information\",\"url\":\"https:\\\/\\\/lasentinelle.dz\\\/\",\"logo\":{\"@type\":\"ImageObject\",\"url\":\"https:\\\/\\\/lasentinelle.dz\\\/wp-content\\\/uploads\\\/2021\\\/09\\\/cropped-la-sentinelle-earth-golden-anima-5.gif\",\"@id\":\"https:\\\/\\\/lasentinelle.dz\\\/index.php\\\/2026\\\/01\\\/17\\\/education-nationale-un-second-concours-de-recrutement-denseignants-annonce-pour-2026\\\/#organizationLogo\",\"width\":450,\"height\":213},\"image\":{\"@id\":\"https:\\\/\\\/lasentinelle.dz\\\/index.php\\\/2026\\\/01\\\/17\\\/education-nationale-un-second-concours-de-recrutement-denseignants-annonce-pour-2026\\\/#organizationLogo\"},\"sameAs\":[\"https:\\\/\\\/www.facebook.com\\\/azzedine.lasentinelle.1\"]},{\"@type\":\"Person\",\"@id\":\"https:\\\/\\\/lasentinelle.dz\\\/author\\\/admin\\\/#author\",\"url\":\"https:\\\/\\\/lasentinelle.dz\\\/author\\\/admin\\\/\",\"name\":\"admin\",\"image\":{\"@type\":\"ImageObject\",\"@id\":\"https:\\\/\\\/lasentinelle.dz\\\/index.php\\\/2026\\\/01\\\/17\\\/education-nationale-un-second-concours-de-recrutement-denseignants-annonce-pour-2026\\\/#authorImage\",\"url\":\"https:\\\/\\\/secure.gravatar.com\\\/avatar\\\/4c81fed838786e9b53f540bf46533e750f5d292099ae3b66cfc6fb1982e29df7?s=96&d=mm&r=g\",\"width\":96,\"height\":96,\"caption\":\"admin\"}},{\"@type\":\"WebPage\",\"@id\":\"https:\\\/\\\/lasentinelle.dz\\\/index.php\\\/2026\\\/01\\\/17\\\/education-nationale-un-second-concours-de-recrutement-denseignants-annonce-pour-2026\\\/#webpage\",\"url\":\"https:\\\/\\\/lasentinelle.dz\\\/index.php\\\/2026\\\/01\\\/17\\\/education-nationale-un-second-concours-de-recrutement-denseignants-annonce-pour-2026\\\/\",\"name\":\"\\u00c9ducation nationale : Un second concours de recrutement d\\u2019enseignants annonc\\u00e9 pour 2026 - La Sentinelle\",\"description\":\"Le ministre de l'\\u00c9ducation nationale, Mohammed Seghir Sadaoui, a annonc\\u00e9 samedi l'organisation d'un second concours de recrutement d'enseignants au titre de l'ann\\u00e9e 2026, accompagn\\u00e9 d'un concours professionnel destin\\u00e9 aux autres corps p\\u00e9dagogiques et administratifs. Cette d\\u00e9claration intervient dans un contexte marqu\\u00e9 par la volont\\u00e9 du secteur de renforcer l'encadrement p\\u00e9dagogique et de garantir la qualit\\u00e9\",\"inLanguage\":\"fr-FR\",\"isPartOf\":{\"@id\":\"https:\\\/\\\/lasentinelle.dz\\\/#website\"},\"breadcrumb\":{\"@id\":\"https:\\\/\\\/lasentinelle.dz\\\/index.php\\\/2026\\\/01\\\/17\\\/education-nationale-un-second-concours-de-recrutement-denseignants-annonce-pour-2026\\\/#breadcrumblist\"},\"author\":{\"@id\":\"https:\\\/\\\/lasentinelle.dz\\\/author\\\/admin\\\/#author\"},\"creator\":{\"@id\":\"https:\\\/\\\/lasentinelle.dz\\\/author\\\/admin\\\/#author\"},\"image\":{\"@type\":\"ImageObject\",\"url\":\"https:\\\/\\\/lasentinelle.dz\\\/wp-content\\\/uploads\\\/2025\\\/03\\\/enseignants.jpg\",\"@id\":\"https:\\\/\\\/lasentinelle.dz\\\/index.php\\\/2026\\\/01\\\/17\\\/education-nationale-un-second-concours-de-recrutement-denseignants-annonce-pour-2026\\\/#mainImage\",\"width\":730,\"height\":460},\"primaryImageOfPage\":{\"@id\":\"https:\\\/\\\/lasentinelle.dz\\\/index.php\\\/2026\\\/01\\\/17\\\/education-nationale-un-second-concours-de-recrutement-denseignants-annonce-pour-2026\\\/#mainImage\"},\"datePublished\":\"2026-01-17T19:54:06+01:00\",\"dateModified\":\"2026-01-17T19:54:07+01:00\"},{\"@type\":\"WebSite\",\"@id\":\"https:\\\/\\\/lasentinelle.dz\\\/#website\",\"url\":\"https:\\\/\\\/lasentinelle.dz\\\/\",\"name\":\"La Sentinelle\",\"description\":\"Quotidien national d'information\",\"inLanguage\":\"fr-FR\",\"publisher\":{\"@id\":\"https:\\\/\\\/lasentinelle.dz\\\/#organization\"}}]}\n\t\t<\/script>\n\t\t<!-- All in One SEO -->\n\n","aioseo_head_json":{"title":"\u00c9ducation nationale : Un second concours de recrutement d\u2019enseignants annonc\u00e9 pour 2026 - La Sentinelle","description":"Le ministre de l'\u00c9ducation nationale, Mohammed Seghir Sadaoui, a annonc\u00e9 samedi l'organisation d'un second concours de recrutement d'enseignants au titre de l'ann\u00e9e 2026, accompagn\u00e9 d'un concours professionnel destin\u00e9 aux autres corps p\u00e9dagogiques et administratifs. Cette d\u00e9claration intervient dans un contexte marqu\u00e9 par la volont\u00e9 du secteur de renforcer l'encadrement p\u00e9dagogique et de garantir la qualit\u00e9","canonical_url":"https:\/\/lasentinelle.dz\/index.php\/2026\/01\/17\/education-nationale-un-second-concours-de-recrutement-denseignants-annonce-pour-2026\/","robots":"max-image-preview:large","keywords":"","webmasterTools":{"miscellaneous":""},"schema":{"@context":"https:\/\/schema.org","@graph":[{"@type":"BlogPosting","@id":"https:\/\/lasentinelle.dz\/index.php\/2026\/01\/17\/education-nationale-un-second-concours-de-recrutement-denseignants-annonce-pour-2026\/#blogposting","name":"\u00c9ducation nationale : Un second concours de recrutement d\u2019enseignants annonc\u00e9 pour 2026 - La Sentinelle","headline":"\u00c9ducation nationale\u00a0:\u00a0Un second concours de recrutement d&rsquo;enseignants annonc\u00e9 pour 2026","author":{"@id":"https:\/\/lasentinelle.dz\/author\/admin\/#author"},"publisher":{"@id":"https:\/\/lasentinelle.dz\/#organization"},"image":{"@type":"ImageObject","url":"https:\/\/lasentinelle.dz\/wp-content\/uploads\/2025\/03\/enseignants.jpg","width":730,"height":460},"datePublished":"2026-01-17T19:54:06+01:00","dateModified":"2026-01-17T19:54:07+01:00","inLanguage":"fr-FR","mainEntityOfPage":{"@id":"https:\/\/lasentinelle.dz\/index.php\/2026\/01\/17\/education-nationale-un-second-concours-de-recrutement-denseignants-annonce-pour-2026\/#webpage"},"isPartOf":{"@id":"https:\/\/lasentinelle.dz\/index.php\/2026\/01\/17\/education-nationale-un-second-concours-de-recrutement-denseignants-annonce-pour-2026\/#webpage"},"articleSection":"\u00c0 la Une, Actualit\u00e9"},{"@type":"BreadcrumbList","@id":"https:\/\/lasentinelle.dz\/index.php\/2026\/01\/17\/education-nationale-un-second-concours-de-recrutement-denseignants-annonce-pour-2026\/#breadcrumblist","itemListElement":[{"@type":"ListItem","@id":"https:\/\/lasentinelle.dz#listItem","position":1,"name":"Home","item":"https:\/\/lasentinelle.dz","nextItem":{"@type":"ListItem","@id":"https:\/\/lasentinelle.dz\/index.php\/category\/actualite\/#listItem","name":"Actualit\u00e9"}},{"@type":"ListItem","@id":"https:\/\/lasentinelle.dz\/index.php\/category\/actualite\/#listItem","position":2,"name":"Actualit\u00e9","item":"https:\/\/lasentinelle.dz\/index.php\/category\/actualite\/","nextItem":{"@type":"ListItem","@id":"https:\/\/lasentinelle.dz\/index.php\/2026\/01\/17\/education-nationale-un-second-concours-de-recrutement-denseignants-annonce-pour-2026\/#listItem","name":"\u00c9ducation nationale\u00a0:\u00a0Un second concours de recrutement d&rsquo;enseignants annonc\u00e9 pour 2026"},"previousItem":{"@type":"ListItem","@id":"https:\/\/lasentinelle.dz#listItem","name":"Home"}},{"@type":"ListItem","@id":"https:\/\/lasentinelle.dz\/index.php\/2026\/01\/17\/education-nationale-un-second-concours-de-recrutement-denseignants-annonce-pour-2026\/#listItem","position":3,"name":"\u00c9ducation nationale\u00a0:\u00a0Un second concours de recrutement d&rsquo;enseignants annonc\u00e9 pour 2026","previousItem":{"@type":"ListItem","@id":"https:\/\/lasentinelle.dz\/index.php\/category\/actualite\/#listItem","name":"Actualit\u00e9"}}]},{"@type":"Organization","@id":"https:\/\/lasentinelle.dz\/#organization","name":"La Sentinelle La Sentinelle","description":"Quotidien national d'information","url":"https:\/\/lasentinelle.dz\/","logo":{"@type":"ImageObject","url":"https:\/\/lasentinelle.dz\/wp-content\/uploads\/2021\/09\/cropped-la-sentinelle-earth-golden-anima-5.gif","@id":"https:\/\/lasentinelle.dz\/index.php\/2026\/01\/17\/education-nationale-un-second-concours-de-recrutement-denseignants-annonce-pour-2026\/#organizationLogo","width":450,"height":213},"image":{"@id":"https:\/\/lasentinelle.dz\/index.php\/2026\/01\/17\/education-nationale-un-second-concours-de-recrutement-denseignants-annonce-pour-2026\/#organizationLogo"},"sameAs":["https:\/\/www.facebook.com\/azzedine.lasentinelle.1"]},{"@type":"Person","@id":"https:\/\/lasentinelle.dz\/author\/admin\/#author","url":"https:\/\/lasentinelle.dz\/author\/admin\/","name":"admin","image":{"@type":"ImageObject","@id":"https:\/\/lasentinelle.dz\/index.php\/2026\/01\/17\/education-nationale-un-second-concours-de-recrutement-denseignants-annonce-pour-2026\/#authorImage","url":"https:\/\/secure.gravatar.com\/avatar\/4c81fed838786e9b53f540bf46533e750f5d292099ae3b66cfc6fb1982e29df7?s=96&d=mm&r=g","width":96,"height":96,"caption":"admin"}},{"@type":"WebPage","@id":"https:\/\/lasentinelle.dz\/index.php\/2026\/01\/17\/education-nationale-un-second-concours-de-recrutement-denseignants-annonce-pour-2026\/#webpage","url":"https:\/\/lasentinelle.dz\/index.php\/2026\/01\/17\/education-nationale-un-second-concours-de-recrutement-denseignants-annonce-pour-2026\/","name":"\u00c9ducation nationale : Un second concours de recrutement d\u2019enseignants annonc\u00e9 pour 2026 - La Sentinelle","description":"Le ministre de l'\u00c9ducation nationale, Mohammed Seghir Sadaoui, a annonc\u00e9 samedi l'organisation d'un second concours de recrutement d'enseignants au titre de l'ann\u00e9e 2026, accompagn\u00e9 d'un concours professionnel destin\u00e9 aux autres corps p\u00e9dagogiques et administratifs. Cette d\u00e9claration intervient dans un contexte marqu\u00e9 par la volont\u00e9 du secteur de renforcer l'encadrement p\u00e9dagogique et de garantir la qualit\u00e9","inLanguage":"fr-FR","isPartOf":{"@id":"https:\/\/lasentinelle.dz\/#website"},"breadcrumb":{"@id":"https:\/\/lasentinelle.dz\/index.php\/2026\/01\/17\/education-nationale-un-second-concours-de-recrutement-denseignants-annonce-pour-2026\/#breadcrumblist"},"author":{"@id":"https:\/\/lasentinelle.dz\/author\/admin\/#author"},"creator":{"@id":"https:\/\/lasentinelle.dz\/author\/admin\/#author"},"image":{"@type":"ImageObject","url":"https:\/\/lasentinelle.dz\/wp-content\/uploads\/2025\/03\/enseignants.jpg","@id":"https:\/\/lasentinelle.dz\/index.php\/2026\/01\/17\/education-nationale-un-second-concours-de-recrutement-denseignants-annonce-pour-2026\/#mainImage","width":730,"height":460},"primaryImageOfPage":{"@id":"https:\/\/lasentinelle.dz\/index.php\/2026\/01\/17\/education-nationale-un-second-concours-de-recrutement-denseignants-annonce-pour-2026\/#mainImage"},"datePublished":"2026-01-17T19:54:06+01:00","dateModified":"2026-01-17T19:54:07+01:00"},{"@type":"WebSite","@id":"https:\/\/lasentinelle.dz\/#website","url":"https:\/\/lasentinelle.dz\/","name":"La Sentinelle","description":"Quotidien national d'information","inLanguage":"fr-FR","publisher":{"@id":"https:\/\/lasentinelle.dz\/#organization"}}]},"og:locale":"fr_FR","og:site_name":"La Sentinelle - Quotidien national d'information","og:type":"article","og:title":"\u00c9ducation nationale : Un second concours de recrutement d\u2019enseignants annonc\u00e9 pour 2026 - La Sentinelle","og:description":"Le ministre de l'\u00c9ducation nationale, Mohammed Seghir Sadaoui, a annonc\u00e9 samedi l'organisation d'un second concours de recrutement d'enseignants au titre de l'ann\u00e9e 2026, accompagn\u00e9 d'un concours professionnel destin\u00e9 aux autres corps p\u00e9dagogiques et administratifs. Cette d\u00e9claration intervient dans un contexte marqu\u00e9 par la volont\u00e9 du secteur de renforcer l'encadrement p\u00e9dagogique et de garantir la qualit\u00e9","og:url":"https:\/\/lasentinelle.dz\/index.php\/2026\/01\/17\/education-nationale-un-second-concours-de-recrutement-denseignants-annonce-pour-2026\/","og:image":"https:\/\/lasentinelle.dz\/wp-content\/uploads\/2021\/09\/cropped-la-sentinelle-earth-golden-anima-5.gif","og:image:secure_url":"https:\/\/lasentinelle.dz\/wp-content\/uploads\/2021\/09\/cropped-la-sentinelle-earth-golden-anima-5.gif","og:image:width":450,"og:image:height":213,"article:published_time":"2026-01-17T18:54:06+00:00","article:modified_time":"2026-01-17T18:54:07+00:00","article:publisher":"https:\/\/www.facebook.com\/azzedine.lasentinelle.1","twitter:card":"summary_large_image","twitter:title":"\u00c9ducation nationale : Un second concours de recrutement d\u2019enseignants annonc\u00e9 pour 2026 - La Sentinelle","twitter:description":"Le ministre de l'\u00c9ducation nationale, Mohammed Seghir Sadaoui, a annonc\u00e9 samedi l'organisation d'un second concours de recrutement d'enseignants au titre de l'ann\u00e9e 2026, accompagn\u00e9 d'un concours professionnel destin\u00e9 aux autres corps p\u00e9dagogiques et administratifs. Cette d\u00e9claration intervient dans un contexte marqu\u00e9 par la volont\u00e9 du secteur de renforcer l'encadrement p\u00e9dagogique et de garantir la qualit\u00e9","twitter:image":"https:\/\/lasentinelle.dz\/wp-content\/uploads\/2021\/09\/cropped-la-sentinelle-earth-golden-anima-5.gif"},"aioseo_meta_data":{"post_id":"79626","title":null,"description":null,"keywords":null,"keyphrases":null,"primary_term":null,"canonical_url":null,"og_title":null,"og_description":null,"og_object_type":"default","og_image_type":"default","og_image_url":null,"og_image_width":null,"og_image_height":null,"og_image_custom_url":null,"og_image_custom_fields":null,"og_video":null,"og_custom_url":null,"og_article_section":null,"og_article_tags":null,"twitter_use_og":false,"twitter_card":"default","twitter_image_type":"default","twitter_image_url":null,"twitter_image_custom_url":null,"twitter_image_custom_fields":null,"twitter_title":null,"twitter_description":null,"schema":{"blockGraphs":[],"customGraphs":[],"default":{"data":{"Article":[],"Course":[],"Dataset":[],"FAQPage":[],"Movie":[],"Person":[],"Product":[],"ProductReview":[],"Car":[],"Recipe":[],"Service":[],"SoftwareApplication":[],"WebPage":[]},"graphName":"","isEnabled":true},"graphs":[]},"schema_type":"default","schema_type_options":null,"pillar_content":false,"robots_default":true,"robots_noindex":false,"robots_noarchive":false,"robots_nosnippet":false,"robots_nofollow":false,"robots_noimageindex":false,"robots_noodp":false,"robots_notranslate":false,"robots_max_snippet":null,"robots_max_videopreview":null,"robots_max_imagepreview":"large","priority":null,"frequency":null,"local_seo":null,"breadcrumb_settings":null,"limit_modified_date":false,"ai":null,"created":"2026-05-14 08:55:42","updated":"2026-05-14 08:55:42","focus_keyword":null,"additional_keywords":null,"truseo_locale":null,"seo_analyzer_scan_date":null},"aioseo_breadcrumb":"<div class=\"aioseo-breadcrumbs\"><span class=\"aioseo-breadcrumb\">\n\t\t\t<a href=\"https:\/\/lasentinelle.dz\" title=\"Home\">Home<\/a>\n\t\t<\/span><span class=\"aioseo-breadcrumb-separator\">&raquo;<\/span><span class=\"aioseo-breadcrumb\">\n\t\t\t<a href=\"https:\/\/lasentinelle.dz\/index.php\/category\/actualite\/\" title=\"Actualit\u00e9\">Actualit\u00e9<\/a>\n\t\t<\/span><span class=\"aioseo-breadcrumb-separator\">&raquo;<\/span><span class=\"aioseo-breadcrumb\">\n\t\t\t\u00c9ducation nationale : Un second concours de recrutement d\u2019enseignants annonc\u00e9 pour 2026\n\t\t<\/span><\/div>","aioseo_breadcrumb_json":[{"label":"Home","link":"https:\/\/lasentinelle.dz"},{"label":"Actualit\u00e9","link":"https:\/\/lasentinelle.dz\/index.php\/category\/actualite\/"},{"label":"\u00c9ducation nationale\u00a0:\u00a0Un second concours de recrutement d&rsquo;enseignants annonc\u00e9 pour 2026","link":"https:\/\/lasentinelle.dz\/index.php\/2026\/01\/17\/education-nationale-un-second-concours-de-recrutement-denseignants-annonce-pour-2026\/"}],"yoast_head":"<!-- This site is optimized with the Yoast SEO plugin v28.4 - https:\/\/yoast.com\/product\/yoast-seo-wordpress\/ -->\n<title>\u00c9ducation nationale\u00a0:\u00a0Un second concours de recrutement d&rsquo;enseignants annonc\u00e9 pour 2026 - La Sentinelle<\/title>\n<meta name=\"robots\" content=\"index, follow, max-snippet:-1, max-image-preview:large, max-video-preview:-1\" \/>\n<link rel=\"canonical\" href=\"https:\/\/lasentinelle.dz\/index.php\/2026\/01\/17\/education-nationale-un-second-concours-de-recrutement-denseignants-annonce-pour-2026\/\" \/>\n<meta property=\"og:locale\" content=\"fr_FR\" \/>\n<meta property=\"og:type\" content=\"article\" \/>\n<meta property=\"og:title\" content=\"\u00c9ducation nationale\u00a0:\u00a0Un second concours de recrutement d&rsquo;enseignants annonc\u00e9 pour 2026 - La Sentinelle\" \/>\n<meta property=\"og:description\" content=\"Le ministre de l&rsquo;\u00c9ducation nationale, Mohammed Seghir Sadaoui, a annonc\u00e9 samedi l&rsquo;organisation d&rsquo;un second concours de recrutement d&rsquo;enseignants au titre\" \/>\n<meta property=\"og:url\" content=\"https:\/\/lasentinelle.dz\/index.php\/2026\/01\/17\/education-nationale-un-second-concours-de-recrutement-denseignants-annonce-pour-2026\/\" \/>\n<meta property=\"og:site_name\" content=\"La Sentinelle\" \/>\n<meta property=\"article:publisher\" content=\"https:\/\/www.facebook.com\/La-Sentinelle-104059864394773\" \/>\n<meta property=\"article:published_time\" content=\"2026-01-17T18:54:06+00:00\" \/>\n<meta property=\"article:modified_time\" content=\"2026-01-17T18:54:07+00:00\" \/>\n<meta property=\"og:image\" content=\"https:\/\/lasentinelle.dz\/wp-content\/uploads\/2025\/03\/enseignants.jpg\" \/>\n\t<meta property=\"og:image:width\" content=\"730\" \/>\n\t<meta property=\"og:image:height\" content=\"460\" \/>\n\t<meta property=\"og:image:type\" content=\"image\/jpeg\" \/>\n<meta name=\"author\" content=\"admin\" \/>\n<meta name=\"twitter:card\" content=\"summary_large_image\" \/>\n<meta name=\"twitter:label1\" content=\"\u00c9crit par\" \/>\n\t<meta name=\"twitter:data1\" content=\"admin\" \/>\n\t<meta name=\"twitter:label2\" content=\"Dur\u00e9e de lecture estim\u00e9e\" \/>\n\t<meta name=\"twitter:data2\" content=\"3 minutes\" \/>\n<script type=\"application\/ld+json\" class=\"yoast-schema-graph\">{\"@context\":\"https:\\\/\\\/schema.org\",\"@graph\":[{\"@type\":\"Article\",\"@id\":\"https:\\\/\\\/lasentinelle.dz\\\/index.php\\\/2026\\\/01\\\/17\\\/education-nationale-un-second-concours-de-recrutement-denseignants-annonce-pour-2026\\\/#article\",\"isPartOf\":{\"@id\":\"https:\\\/\\\/lasentinelle.dz\\\/index.php\\\/2026\\\/01\\\/17\\\/education-nationale-un-second-concours-de-recrutement-denseignants-annonce-pour-2026\\\/\"},\"author\":{\"name\":\"admin\",\"@id\":\"https:\\\/\\\/lasentinelle.dz\\\/#\\\/schema\\\/person\\\/729ee0024f24e0b8c5ec17232f8e8b41\"},\"headline\":\"\u00c9ducation nationale\u00a0:\u00a0Un second concours de recrutement d&rsquo;enseignants annonc\u00e9 pour 2026\",\"datePublished\":\"2026-01-17T18:54:06+00:00\",\"dateModified\":\"2026-01-17T18:54:07+00:00\",\"mainEntityOfPage\":{\"@id\":\"https:\\\/\\\/lasentinelle.dz\\\/index.php\\\/2026\\\/01\\\/17\\\/education-nationale-un-second-concours-de-recrutement-denseignants-annonce-pour-2026\\\/\"},\"wordCount\":631,\"commentCount\":0,\"publisher\":{\"@id\":\"https:\\\/\\\/lasentinelle.dz\\\/#organization\"},\"image\":{\"@id\":\"https:\\\/\\\/lasentinelle.dz\\\/index.php\\\/2026\\\/01\\\/17\\\/education-nationale-un-second-concours-de-recrutement-denseignants-annonce-pour-2026\\\/#primaryimage\"},\"thumbnailUrl\":\"https:\\\/\\\/lasentinelle.dz\\\/wp-content\\\/uploads\\\/2025\\\/03\\\/enseignants.jpg\",\"articleSection\":[\"\u00c0 la Une\",\"Actualit\u00e9\"],\"inLanguage\":\"fr-FR\",\"potentialAction\":[{\"@type\":\"CommentAction\",\"name\":\"Comment\",\"target\":[\"https:\\\/\\\/lasentinelle.dz\\\/index.php\\\/2026\\\/01\\\/17\\\/education-nationale-un-second-concours-de-recrutement-denseignants-annonce-pour-2026\\\/#respond\"]}]},{\"@type\":\"WebPage\",\"@id\":\"https:\\\/\\\/lasentinelle.dz\\\/index.php\\\/2026\\\/01\\\/17\\\/education-nationale-un-second-concours-de-recrutement-denseignants-annonce-pour-2026\\\/\",\"url\":\"https:\\\/\\\/lasentinelle.dz\\\/index.php\\\/2026\\\/01\\\/17\\\/education-nationale-un-second-concours-de-recrutement-denseignants-annonce-pour-2026\\\/\",\"name\":\"\u00c9ducation nationale\u00a0:\u00a0Un second concours de recrutement d&rsquo;enseignants annonc\u00e9 pour 2026 - La Sentinelle\",\"isPartOf\":{\"@id\":\"https:\\\/\\\/lasentinelle.dz\\\/#website\"},\"primaryImageOfPage\":{\"@id\":\"https:\\\/\\\/lasentinelle.dz\\\/index.php\\\/2026\\\/01\\\/17\\\/education-nationale-un-second-concours-de-recrutement-denseignants-annonce-pour-2026\\\/#primaryimage\"},\"image\":{\"@id\":\"https:\\\/\\\/lasentinelle.dz\\\/index.php\\\/2026\\\/01\\\/17\\\/education-nationale-un-second-concours-de-recrutement-denseignants-annonce-pour-2026\\\/#primaryimage\"},\"thumbnailUrl\":\"https:\\\/\\\/lasentinelle.dz\\\/wp-content\\\/uploads\\\/2025\\\/03\\\/enseignants.jpg\",\"datePublished\":\"2026-01-17T18:54:06+00:00\",\"dateModified\":\"2026-01-17T18:54:07+00:00\",\"breadcrumb\":{\"@id\":\"https:\\\/\\\/lasentinelle.dz\\\/index.php\\\/2026\\\/01\\\/17\\\/education-nationale-un-second-concours-de-recrutement-denseignants-annonce-pour-2026\\\/#breadcrumb\"},\"inLanguage\":\"fr-FR\",\"potentialAction\":[{\"@type\":\"ReadAction\",\"target\":[\"https:\\\/\\\/lasentinelle.dz\\\/index.php\\\/2026\\\/01\\\/17\\\/education-nationale-un-second-concours-de-recrutement-denseignants-annonce-pour-2026\\\/\"]}]},{\"@type\":\"ImageObject\",\"inLanguage\":\"fr-FR\",\"@id\":\"https:\\\/\\\/lasentinelle.dz\\\/index.php\\\/2026\\\/01\\\/17\\\/education-nationale-un-second-concours-de-recrutement-denseignants-annonce-pour-2026\\\/#primaryimage\",\"url\":\"https:\\\/\\\/lasentinelle.dz\\\/wp-content\\\/uploads\\\/2025\\\/03\\\/enseignants.jpg\",\"contentUrl\":\"https:\\\/\\\/lasentinelle.dz\\\/wp-content\\\/uploads\\\/2025\\\/03\\\/enseignants.jpg\",\"width\":730,\"height\":460},{\"@type\":\"BreadcrumbList\",\"@id\":\"https:\\\/\\\/lasentinelle.dz\\\/index.php\\\/2026\\\/01\\\/17\\\/education-nationale-un-second-concours-de-recrutement-denseignants-annonce-pour-2026\\\/#breadcrumb\",\"itemListElement\":[{\"@type\":\"ListItem\",\"position\":1,\"name\":\"Accueil\",\"item\":\"https:\\\/\\\/lasentinelle.dz\\\/\"},{\"@type\":\"ListItem\",\"position\":2,\"name\":\"\u00c9ducation nationale\u00a0:\u00a0Un second concours de recrutement d&rsquo;enseignants annonc\u00e9 pour 2026\"}]},{\"@type\":\"WebSite\",\"@id\":\"https:\\\/\\\/lasentinelle.dz\\\/#website\",\"url\":\"https:\\\/\\\/lasentinelle.dz\\\/\",\"name\":\"La Sentinelle\",\"description\":\"Quotidien national d&#039;information\",\"publisher\":{\"@id\":\"https:\\\/\\\/lasentinelle.dz\\\/#organization\"},\"potentialAction\":[{\"@type\":\"SearchAction\",\"target\":{\"@type\":\"EntryPoint\",\"urlTemplate\":\"https:\\\/\\\/lasentinelle.dz\\\/?s={search_term_string}\"},\"query-input\":{\"@type\":\"PropertyValueSpecification\",\"valueRequired\":true,\"valueName\":\"search_term_string\"}}],\"inLanguage\":\"fr-FR\"},{\"@type\":\"Organization\",\"@id\":\"https:\\\/\\\/lasentinelle.dz\\\/#organization\",\"name\":\"Quotidien La Sentinelle\",\"url\":\"https:\\\/\\\/lasentinelle.dz\\\/\",\"logo\":{\"@type\":\"ImageObject\",\"inLanguage\":\"fr-FR\",\"@id\":\"https:\\\/\\\/lasentinelle.dz\\\/#\\\/schema\\\/logo\\\/image\\\/\",\"url\":\"https:\\\/\\\/lasentinelle.dz\\\/wp-content\\\/uploads\\\/2021\\\/09\\\/logo-sentinelleSLOGAN-1.png\",\"contentUrl\":\"https:\\\/\\\/lasentinelle.dz\\\/wp-content\\\/uploads\\\/2021\\\/09\\\/logo-sentinelleSLOGAN-1.png\",\"width\":615,\"height\":142,\"caption\":\"Quotidien La Sentinelle\"},\"image\":{\"@id\":\"https:\\\/\\\/lasentinelle.dz\\\/#\\\/schema\\\/logo\\\/image\\\/\"},\"sameAs\":[\"https:\\\/\\\/www.facebook.com\\\/La-Sentinelle-104059864394773\"]},{\"@type\":\"Person\",\"@id\":\"https:\\\/\\\/lasentinelle.dz\\\/#\\\/schema\\\/person\\\/729ee0024f24e0b8c5ec17232f8e8b41\",\"name\":\"admin\",\"image\":{\"@type\":\"ImageObject\",\"inLanguage\":\"fr-FR\",\"@id\":\"https:\\\/\\\/secure.gravatar.com\\\/avatar\\\/4c81fed838786e9b53f540bf46533e750f5d292099ae3b66cfc6fb1982e29df7?s=96&d=mm&r=g\",\"url\":\"https:\\\/\\\/secure.gravatar.com\\\/avatar\\\/4c81fed838786e9b53f540bf46533e750f5d292099ae3b66cfc6fb1982e29df7?s=96&d=mm&r=g\",\"contentUrl\":\"https:\\\/\\\/secure.gravatar.com\\\/avatar\\\/4c81fed838786e9b53f540bf46533e750f5d292099ae3b66cfc6fb1982e29df7?s=96&d=mm&r=g\",\"caption\":\"admin\"},\"description\":\"admin\",\"url\":\"https:\\\/\\\/lasentinelle.dz\\\/author\\\/admin\\\/\"}]}<\/script>\n<!-- \/ Yoast SEO plugin. -->","yoast_head_json":{"title":"\u00c9ducation nationale\u00a0:\u00a0Un second concours de recrutement d&rsquo;enseignants annonc\u00e9 pour 2026 - La Sentinelle","robots":{"index":"index","follow":"follow","max-snippet":"max-snippet:-1","max-image-preview":"max-image-preview:large","max-video-preview":"max-video-preview:-1"},"canonical":"https:\/\/lasentinelle.dz\/index.php\/2026\/01\/17\/education-nationale-un-second-concours-de-recrutement-denseignants-annonce-pour-2026\/","og_locale":"fr_FR","og_type":"article","og_title":"\u00c9ducation nationale\u00a0:\u00a0Un second concours de recrutement d&rsquo;enseignants annonc\u00e9 pour 2026 - La Sentinelle","og_description":"Le ministre de l&rsquo;\u00c9ducation nationale, Mohammed Seghir Sadaoui, a annonc\u00e9 samedi l&rsquo;organisation d&rsquo;un second concours de recrutement d&rsquo;enseignants au titre","og_url":"https:\/\/lasentinelle.dz\/index.php\/2026\/01\/17\/education-nationale-un-second-concours-de-recrutement-denseignants-annonce-pour-2026\/","og_site_name":"La Sentinelle","article_publisher":"https:\/\/www.facebook.com\/La-Sentinelle-104059864394773","article_published_time":"2026-01-17T18:54:06+00:00","article_modified_time":"2026-01-17T18:54:07+00:00","og_image":[{"width":730,"height":460,"url":"https:\/\/lasentinelle.dz\/wp-content\/uploads\/2025\/03\/enseignants.jpg","type":"image\/jpeg"}],"author":"admin","twitter_card":"summary_large_image","twitter_misc":{"\u00c9crit par":"admin","Dur\u00e9e de lecture estim\u00e9e":"3 minutes"},"schema":{"@context":"https:\/\/schema.org","@graph":[{"@type":"Article","@id":"https:\/\/lasentinelle.dz\/index.php\/2026\/01\/17\/education-nationale-un-second-concours-de-recrutement-denseignants-annonce-pour-2026\/#article","isPartOf":{"@id":"https:\/\/lasentinelle.dz\/index.php\/2026\/01\/17\/education-nationale-un-second-concours-de-recrutement-denseignants-annonce-pour-2026\/"},"author":{"name":"admin","@id":"https:\/\/lasentinelle.dz\/#\/schema\/person\/729ee0024f24e0b8c5ec17232f8e8b41"},"headline":"\u00c9ducation nationale\u00a0:\u00a0Un second concours de recrutement d&rsquo;enseignants annonc\u00e9 pour 2026","datePublished":"2026-01-17T18:54:06+00:00","dateModified":"2026-01-17T18:54:07+00:00","mainEntityOfPage":{"@id":"https:\/\/lasentinelle.dz\/index.php\/2026\/01\/17\/education-nationale-un-second-concours-de-recrutement-denseignants-annonce-pour-2026\/"},"wordCount":631,"commentCount":0,"publisher":{"@id":"https:\/\/lasentinelle.dz\/#organization"},"image":{"@id":"https:\/\/lasentinelle.dz\/index.php\/2026\/01\/17\/education-nationale-un-second-concours-de-recrutement-denseignants-annonce-pour-2026\/#primaryimage"},"thumbnailUrl":"https:\/\/lasentinelle.dz\/wp-content\/uploads\/2025\/03\/enseignants.jpg","articleSection":["\u00c0 la Une","Actualit\u00e9"],"inLanguage":"fr-FR","potentialAction":[{"@type":"CommentAction","name":"Comment","target":["https:\/\/lasentinelle.dz\/index.php\/2026\/01\/17\/education-nationale-un-second-concours-de-recrutement-denseignants-annonce-pour-2026\/#respond"]}]},{"@type":"WebPage","@id":"https:\/\/lasentinelle.dz\/index.php\/2026\/01\/17\/education-nationale-un-second-concours-de-recrutement-denseignants-annonce-pour-2026\/","url":"https:\/\/lasentinelle.dz\/index.php\/2026\/01\/17\/education-nationale-un-second-concours-de-recrutement-denseignants-annonce-pour-2026\/","name":"\u00c9ducation nationale\u00a0:\u00a0Un second concours de recrutement d&rsquo;enseignants annonc\u00e9 pour 2026 - La Sentinelle","isPartOf":{"@id":"https:\/\/lasentinelle.dz\/#website"},"primaryImageOfPage":{"@id":"https:\/\/lasentinelle.dz\/index.php\/2026\/01\/17\/education-nationale-un-second-concours-de-recrutement-denseignants-annonce-pour-2026\/#primaryimage"},"image":{"@id":"https:\/\/lasentinelle.dz\/index.php\/2026\/01\/17\/education-nationale-un-second-concours-de-recrutement-denseignants-annonce-pour-2026\/#primaryimage"},"thumbnailUrl":"https:\/\/lasentinelle.dz\/wp-content\/uploads\/2025\/03\/enseignants.jpg","datePublished":"2026-01-17T18:54:06+00:00","dateModified":"2026-01-17T18:54:07+00:00","breadcrumb":{"@id":"https:\/\/lasentinelle.dz\/index.php\/2026\/01\/17\/education-nationale-un-second-concours-de-recrutement-denseignants-annonce-pour-2026\/#breadcrumb"},"inLanguage":"fr-FR","potentialAction":[{"@type":"ReadAction","target":["https:\/\/lasentinelle.dz\/index.php\/2026\/01\/17\/education-nationale-un-second-concours-de-recrutement-denseignants-annonce-pour-2026\/"]}]},{"@type":"ImageObject","inLanguage":"fr-FR","@id":"https:\/\/lasentinelle.dz\/index.php\/2026\/01\/17\/education-nationale-un-second-concours-de-recrutement-denseignants-annonce-pour-2026\/#primaryimage","url":"https:\/\/lasentinelle.dz\/wp-content\/uploads\/2025\/03\/enseignants.jpg","contentUrl":"https:\/\/lasentinelle.dz\/wp-content\/uploads\/2025\/03\/enseignants.jpg","width":730,"height":460},{"@type":"BreadcrumbList","@id":"https:\/\/lasentinelle.dz\/index.php\/2026\/01\/17\/education-nationale-un-second-concours-de-recrutement-denseignants-annonce-pour-2026\/#breadcrumb","itemListElement":[{"@type":"ListItem","position":1,"name":"Accueil","item":"https:\/\/lasentinelle.dz\/"},{"@type":"ListItem","position":2,"name":"\u00c9ducation nationale\u00a0:\u00a0Un second concours de recrutement d&rsquo;enseignants annonc\u00e9 pour 2026"}]},{"@type":"WebSite","@id":"https:\/\/lasentinelle.dz\/#website","url":"https:\/\/lasentinelle.dz\/","name":"La Sentinelle","description":"Quotidien national d&#039;information","publisher":{"@id":"https:\/\/lasentinelle.dz\/#organization"},"potentialAction":[{"@type":"SearchAction","target":{"@type":"EntryPoint","urlTemplate":"https:\/\/lasentinelle.dz\/?s={search_term_string}"},"query-input":{"@type":"PropertyValueSpecification","valueRequired":true,"valueName":"search_term_string"}}],"inLanguage":"fr-FR"},{"@type":"Organization","@id":"https:\/\/lasentinelle.dz\/#organization","name":"Quotidien La Sentinelle","url":"https:\/\/lasentinelle.dz\/","logo":{"@type":"ImageObject","inLanguage":"fr-FR","@id":"https:\/\/lasentinelle.dz\/#\/schema\/logo\/image\/","url":"https:\/\/lasentinelle.dz\/wp-content\/uploads\/2021\/09\/logo-sentinelleSLOGAN-1.png","contentUrl":"https:\/\/lasentinelle.dz\/wp-content\/uploads\/2021\/09\/logo-sentinelleSLOGAN-1.png","width":615,"height":142,"caption":"Quotidien La Sentinelle"},"image":{"@id":"https:\/\/lasentinelle.dz\/#\/schema\/logo\/image\/"},"sameAs":["https:\/\/www.facebook.com\/La-Sentinelle-104059864394773"]},{"@type":"Person","@id":"https:\/\/lasentinelle.dz\/#\/schema\/person\/729ee0024f24e0b8c5ec17232f8e8b41","name":"admin","image":{"@type":"ImageObject","inLanguage":"fr-FR","@id":"https:\/\/secure.gravatar.com\/avatar\/4c81fed838786e9b53f540bf46533e750f5d292099ae3b66cfc6fb1982e29df7?s=96&d=mm&r=g","url":"https:\/\/secure.gravatar.com\/avatar\/4c81fed838786e9b53f540bf46533e750f5d292099ae3b66cfc6fb1982e29df7?s=96&d=mm&r=g","contentUrl":"https:\/\/secure.gravatar.com\/avatar\/4c81fed838786e9b53f540bf46533e750f5d292099ae3b66cfc6fb1982e29df7?s=96&d=mm&r=g","caption":"admin"},"description":"admin","url":"https:\/\/lasentinelle.dz\/author\/admin\/"}]}},"_links":{"self":[{"href":"https:\/\/lasentinelle.dz\/index.php\/wp-json\/wp\/v2\/posts\/79626","targetHints":{"allow":["GET"]}}],"collection":[{"href":"https:\/\/lasentinelle.dz\/index.php\/wp-json\/wp\/v2\/posts"}],"about":[{"href":"https:\/\/lasentinelle.dz\/index.php\/wp-json\/wp\/v2\/types\/post"}],"author":[{"embeddable":true,"href":"https:\/\/lasentinelle.dz\/index.php\/wp-json\/wp\/v2\/users\/6"}],"replies":[{"embeddable":true,"href":"https:\/\/lasentinelle.dz\/index.php\/wp-json\/wp\/v2\/comments?post=79626"}],"version-history":[{"count":2,"href":"https:\/\/lasentinelle.dz\/index.php\/wp-json\/wp\/v2\/posts\/79626\/revisions"}],"predecessor-version":[{"id":79628,"href":"https:\/\/lasentinelle.dz\/index.php\/wp-json\/wp\/v2\/posts\/79626\/revisions\/79628"}],"wp:featuredmedia":[{"embeddable":true,"href":"https:\/\/lasentinelle.dz\/index.php\/wp-json\/wp\/v2\/media\/64834"}],"wp:attachment":[{"href":"https:\/\/lasentinelle.dz\/index.php\/wp-json\/wp\/v2\/media?parent=79626"}],"wp:term":[{"taxonomy":"category","embeddable":true,"href":"https:\/\/lasentinelle.dz\/index.php\/wp-json\/wp\/v2\/categories?post=79626"},{"taxonomy":"post_tag","embeddable":true,"href":"https:\/\/lasentinelle.dz\/index.php\/wp-json\/wp\/v2\/tags?post=79626"}],"curies":[{"name":"wp","href":"https:\/\/api.w.org\/{rel}","templated":true}]}}