{"id":79687,"date":"2026-01-19T13:13:26","date_gmt":"2026-01-19T12:13:26","guid":{"rendered":"https:\/\/lasentinelle.dz\/?p=79687"},"modified":"2026-01-19T13:13:27","modified_gmt":"2026-01-19T12:13:27","slug":"semaine-mondiale-de-lentrepreneuriat-lalgerie-en-tete-du-classement-mondial-des-activites","status":"publish","type":"post","link":"https:\/\/lasentinelle.dz\/index.php\/2026\/01\/19\/semaine-mondiale-de-lentrepreneuriat-lalgerie-en-tete-du-classement-mondial-des-activites\/","title":{"rendered":"Semaine mondiale de l\u2019entrepreneuriat\u00a0: L&rsquo;Alg\u00e9rie en t\u00eate du classement mondial des activit\u00e9s"},"content":{"rendered":"\n<p>L&rsquo;Alg\u00e9rie s&rsquo;est hiss\u00e9e \u00e0 la premi\u00e8re place mondiale en termes de nombre d&rsquo;activit\u00e9s organis\u00e9es lors de la 17<sup>e<\/sup>\u00e9dition de la Semaine mondiale de l&rsquo;entrepreneuriat, avec 58.750 \u00e9v\u00e9nements recens\u00e9s, devan\u00e7ant largement l&rsquo;\u00c9thiopie et le Br\u00e9sil. Cette performance t\u00e9moigne d&rsquo;une mobilisation nationale sans pr\u00e9c\u00e9dent autour de la culture entrepreneuriale, selon le minist\u00e8re de l&rsquo;\u00c9conomie de la connaissance, des Start-up et des Micro-entreprises. Selon les chiffres communiqu\u00e9s par le R\u00e9seau, la dix-septi\u00e8me \u00e9dition, qui s&rsquo;est tenue du 17 au 23 novembre 2025, a vu l&rsquo;organisation de 58.750 activit\u00e9s en Alg\u00e9rie, pla\u00e7ant le pays en t\u00eate du classement mondial, loin devant l&rsquo;\u00c9thiopie qui arrive en deuxi\u00e8me position avec 20.032 activit\u00e9s, et le Br\u00e9sil qui compl\u00e8te le podium avec 7.400 activit\u00e9s. Cet \u00e9cart consid\u00e9rable avec les autres nations participantes souligne l&rsquo;ampleur exceptionnelle de la mobilisation en Alg\u00e9rie autour de cet \u00e9v\u00e9nement phare de la promotion de l&rsquo;entrepreneuriat. Dans son communiqu\u00e9, le minist\u00e8re pr\u00e9cise que cette position de leader mondial \u00ab est le fruit des efforts consentis durant la Semaine mondiale de l&rsquo;entrepreneuriat, une \u00e9dition organis\u00e9e sous le patronage du Premier ministre, M. Sifi Ghrieb, et marqu\u00e9e par une large participation regroupant les diff\u00e9rents intervenants dans le syst\u00e8me national de l&rsquo;entrepreneuriat, dont des d\u00e9partements minist\u00e9riels, des organismes d&rsquo;appui et d&rsquo;accompagnement, des start-up et des micro-entreprises, ainsi que des partenaires nationaux et internationaux \u00bb. Cette mobilisation tous azimuts a permis de d\u00e9ployer un \u00e9ventail diversifi\u00e9 d&rsquo;activit\u00e9s sur l&rsquo;ensemble du territoire national, touchant diff\u00e9rentes cat\u00e9gories de publics, des \u00e9tudiants aux porteurs de projets, en passant par les entrepreneurs confirm\u00e9s. Le minist\u00e8re a soulign\u00e9 que cette \u00e9dition \u00ab est un indicateur fort de la mobilisation nationale autour de cette manifestation internationale, ce qui refl\u00e8te l&rsquo;int\u00e9r\u00eat croissant port\u00e9 \u00e0 l&rsquo;entrepreneuriat et consacre son slogan \u00ab\u00a0Ensemble, nous b\u00e2tissons\u00a0\u00bb \u00bb. Cette premi\u00e8re place mondiale constitue une reconnaissance internationale de l&rsquo;engagement de l&rsquo;Alg\u00e9rie en faveur de la promotion de la culture entrepreneuriale et de son soutien \u00e0 l&rsquo;innovation. Elle t\u00e9moigne \u00e9galement de la volont\u00e9 des pouvoirs publics de faire de l&rsquo;entrepreneuriat un levier majeur de d\u00e9veloppement \u00e9conomique et de cr\u00e9ation d&#8217;emplois, dans un contexte de diversification de l&rsquo;\u00e9conomie nationale.<\/p>\n\n\n\n<p>Les 59.000 activit\u00e9s organis\u00e9es ont couvert un large spectre d&rsquo;initiatives : conf\u00e9rences, ateliers de formation, sessions de mentorat, comp\u00e9titions de pitch, hackathons, journ\u00e9es portes ouvertes dans les incubateurs et acc\u00e9l\u00e9rateurs, rencontres entre entrepreneurs et investisseurs, ainsi que des \u00e9v\u00e9nements de sensibilisation dans les universit\u00e9s et \u00e9tablissements d&rsquo;enseignement sup\u00e9rieur.<\/p>\n\n\n\n<p>Chokri Hafed<\/p>\n","protected":false},"excerpt":{"rendered":"<p>L&rsquo;Alg\u00e9rie s&rsquo;est hiss\u00e9e \u00e0 la premi\u00e8re place mondiale en termes de nombre d&rsquo;activit\u00e9s organis\u00e9es lors de la 17e\u00e9dition de la<\/p>\n","protected":false},"author":6,"featured_media":31086,"comment_status":"open","ping_status":"closed","sticky":false,"template":"","format":"standard","meta":{"colormag_page_container_layout":"default_layout","colormag_page_sidebar_layout":"default_layout","om_disable_all_campaigns":false,"_monsterinsights_skip_tracking":false,"_monsterinsights_sitenote_active":false,"_monsterinsights_sitenote_note":"","_monsterinsights_sitenote_category":0,"footnotes":"","_wpscppro_dont_share_socialmedia":false,"_wpscppro_custom_social_share_image":0,"_facebook_share_type":"default","_twitter_share_type":"default","_linkedin_share_type":"default","_pinterest_share_type":"default","_linkedin_share_type_page":"","_instagram_share_type":"default","_medium_share_type":"default","_threads_share_type":"default","_google_business_share_type":"default","_selected_social_profile":[],"_wpsp_enable_custom_social_template":false,"_wpsp_social_scheduling":{"enabled":false,"datetime":null,"platforms":[],"status":"template_only","dateOption":"today","timeOption":"now","customDays":"","customHours":"","customDate":"","customTime":"","schedulingType":"absolute"},"_wpsp_active_default_template":true},"categories":[27],"tags":[],"class_list":["post-79687","post","type-post","status-publish","format-standard","has-post-thumbnail","hentry","category-actualite"],"aioseo_notices":[],"yoast_head":"<!-- This site is optimized with the Yoast SEO plugin v27.5 - https:\/\/yoast.com\/product\/yoast-seo-wordpress\/ -->\n<title>Semaine mondiale de l\u2019entrepreneuriat\u00a0: L&rsquo;Alg\u00e9rie en t\u00eate du classement mondial des activit\u00e9s - La Sentinelle<\/title>\n<meta name=\"robots\" content=\"index, follow, max-snippet:-1, max-image-preview:large, max-video-preview:-1\" \/>\n<link rel=\"canonical\" href=\"https:\/\/lasentinelle.dz\/index.php\/2026\/01\/19\/semaine-mondiale-de-lentrepreneuriat-lalgerie-en-tete-du-classement-mondial-des-activites\/\" \/>\n<meta property=\"og:locale\" content=\"fr_FR\" \/>\n<meta property=\"og:type\" content=\"article\" \/>\n<meta property=\"og:title\" content=\"Semaine mondiale de l\u2019entrepreneuriat\u00a0: L&rsquo;Alg\u00e9rie en t\u00eate du classement mondial des activit\u00e9s - La Sentinelle\" \/>\n<meta property=\"og:description\" content=\"L&rsquo;Alg\u00e9rie s&rsquo;est hiss\u00e9e \u00e0 la premi\u00e8re place mondiale en termes de nombre d&rsquo;activit\u00e9s organis\u00e9es lors de la 17e\u00e9dition de la\" \/>\n<meta property=\"og:url\" content=\"https:\/\/lasentinelle.dz\/index.php\/2026\/01\/19\/semaine-mondiale-de-lentrepreneuriat-lalgerie-en-tete-du-classement-mondial-des-activites\/\" \/>\n<meta property=\"og:site_name\" content=\"La Sentinelle\" \/>\n<meta property=\"article:publisher\" content=\"https:\/\/www.facebook.com\/La-Sentinelle-104059864394773\" \/>\n<meta property=\"article:published_time\" content=\"2026-01-19T12:13:26+00:00\" \/>\n<meta property=\"article:modified_time\" content=\"2026-01-19T12:13:27+00:00\" \/>\n<meta property=\"og:image\" content=\"https:\/\/lasentinelle.dz\/wp-content\/uploads\/2022\/11\/entrepreneuriat.png\" \/>\n\t<meta property=\"og:image:width\" content=\"2069\" \/>\n\t<meta property=\"og:image:height\" content=\"900\" \/>\n\t<meta property=\"og:image:type\" content=\"image\/png\" \/>\n<meta name=\"author\" content=\"admin\" \/>\n<meta name=\"twitter:card\" content=\"summary_large_image\" \/>\n<meta name=\"twitter:label1\" content=\"\u00c9crit par\" \/>\n\t<meta name=\"twitter:data1\" content=\"admin\" \/>\n\t<meta name=\"twitter:label2\" content=\"Dur\u00e9e de lecture estim\u00e9e\" \/>\n\t<meta name=\"twitter:data2\" content=\"3 minutes\" \/>\n<script type=\"application\/ld+json\" class=\"yoast-schema-graph\">{\"@context\":\"https:\\\/\\\/schema.org\",\"@graph\":[{\"@type\":\"Article\",\"@id\":\"https:\\\/\\\/lasentinelle.dz\\\/index.php\\\/2026\\\/01\\\/19\\\/semaine-mondiale-de-lentrepreneuriat-lalgerie-en-tete-du-classement-mondial-des-activites\\\/#article\",\"isPartOf\":{\"@id\":\"https:\\\/\\\/lasentinelle.dz\\\/index.php\\\/2026\\\/01\\\/19\\\/semaine-mondiale-de-lentrepreneuriat-lalgerie-en-tete-du-classement-mondial-des-activites\\\/\"},\"author\":{\"name\":\"admin\",\"@id\":\"https:\\\/\\\/lasentinelle.dz\\\/#\\\/schema\\\/person\\\/729ee0024f24e0b8c5ec17232f8e8b41\"},\"headline\":\"Semaine mondiale de l\u2019entrepreneuriat\u00a0: L&rsquo;Alg\u00e9rie en t\u00eate du classement mondial des activit\u00e9s\",\"datePublished\":\"2026-01-19T12:13:26+00:00\",\"dateModified\":\"2026-01-19T12:13:27+00:00\",\"mainEntityOfPage\":{\"@id\":\"https:\\\/\\\/lasentinelle.dz\\\/index.php\\\/2026\\\/01\\\/19\\\/semaine-mondiale-de-lentrepreneuriat-lalgerie-en-tete-du-classement-mondial-des-activites\\\/\"},\"wordCount\":488,\"commentCount\":0,\"publisher\":{\"@id\":\"https:\\\/\\\/lasentinelle.dz\\\/#organization\"},\"image\":{\"@id\":\"https:\\\/\\\/lasentinelle.dz\\\/index.php\\\/2026\\\/01\\\/19\\\/semaine-mondiale-de-lentrepreneuriat-lalgerie-en-tete-du-classement-mondial-des-activites\\\/#primaryimage\"},\"thumbnailUrl\":\"https:\\\/\\\/lasentinelle.dz\\\/wp-content\\\/uploads\\\/2022\\\/11\\\/entrepreneuriat.png\",\"articleSection\":[\"Actualit\u00e9\"],\"inLanguage\":\"fr-FR\",\"potentialAction\":[{\"@type\":\"CommentAction\",\"name\":\"Comment\",\"target\":[\"https:\\\/\\\/lasentinelle.dz\\\/index.php\\\/2026\\\/01\\\/19\\\/semaine-mondiale-de-lentrepreneuriat-lalgerie-en-tete-du-classement-mondial-des-activites\\\/#respond\"]}]},{\"@type\":\"WebPage\",\"@id\":\"https:\\\/\\\/lasentinelle.dz\\\/index.php\\\/2026\\\/01\\\/19\\\/semaine-mondiale-de-lentrepreneuriat-lalgerie-en-tete-du-classement-mondial-des-activites\\\/\",\"url\":\"https:\\\/\\\/lasentinelle.dz\\\/index.php\\\/2026\\\/01\\\/19\\\/semaine-mondiale-de-lentrepreneuriat-lalgerie-en-tete-du-classement-mondial-des-activites\\\/\",\"name\":\"Semaine mondiale de l\u2019entrepreneuriat\u00a0: L&rsquo;Alg\u00e9rie en t\u00eate du classement mondial des activit\u00e9s - La Sentinelle\",\"isPartOf\":{\"@id\":\"https:\\\/\\\/lasentinelle.dz\\\/#website\"},\"primaryImageOfPage\":{\"@id\":\"https:\\\/\\\/lasentinelle.dz\\\/index.php\\\/2026\\\/01\\\/19\\\/semaine-mondiale-de-lentrepreneuriat-lalgerie-en-tete-du-classement-mondial-des-activites\\\/#primaryimage\"},\"image\":{\"@id\":\"https:\\\/\\\/lasentinelle.dz\\\/index.php\\\/2026\\\/01\\\/19\\\/semaine-mondiale-de-lentrepreneuriat-lalgerie-en-tete-du-classement-mondial-des-activites\\\/#primaryimage\"},\"thumbnailUrl\":\"https:\\\/\\\/lasentinelle.dz\\\/wp-content\\\/uploads\\\/2022\\\/11\\\/entrepreneuriat.png\",\"datePublished\":\"2026-01-19T12:13:26+00:00\",\"dateModified\":\"2026-01-19T12:13:27+00:00\",\"breadcrumb\":{\"@id\":\"https:\\\/\\\/lasentinelle.dz\\\/index.php\\\/2026\\\/01\\\/19\\\/semaine-mondiale-de-lentrepreneuriat-lalgerie-en-tete-du-classement-mondial-des-activites\\\/#breadcrumb\"},\"inLanguage\":\"fr-FR\",\"potentialAction\":[{\"@type\":\"ReadAction\",\"target\":[\"https:\\\/\\\/lasentinelle.dz\\\/index.php\\\/2026\\\/01\\\/19\\\/semaine-mondiale-de-lentrepreneuriat-lalgerie-en-tete-du-classement-mondial-des-activites\\\/\"]}]},{\"@type\":\"ImageObject\",\"inLanguage\":\"fr-FR\",\"@id\":\"https:\\\/\\\/lasentinelle.dz\\\/index.php\\\/2026\\\/01\\\/19\\\/semaine-mondiale-de-lentrepreneuriat-lalgerie-en-tete-du-classement-mondial-des-activites\\\/#primaryimage\",\"url\":\"https:\\\/\\\/lasentinelle.dz\\\/wp-content\\\/uploads\\\/2022\\\/11\\\/entrepreneuriat.png\",\"contentUrl\":\"https:\\\/\\\/lasentinelle.dz\\\/wp-content\\\/uploads\\\/2022\\\/11\\\/entrepreneuriat.png\",\"width\":2069,\"height\":900},{\"@type\":\"BreadcrumbList\",\"@id\":\"https:\\\/\\\/lasentinelle.dz\\\/index.php\\\/2026\\\/01\\\/19\\\/semaine-mondiale-de-lentrepreneuriat-lalgerie-en-tete-du-classement-mondial-des-activites\\\/#breadcrumb\",\"itemListElement\":[{\"@type\":\"ListItem\",\"position\":1,\"name\":\"Accueil\",\"item\":\"https:\\\/\\\/lasentinelle.dz\\\/\"},{\"@type\":\"ListItem\",\"position\":2,\"name\":\"Semaine mondiale de l\u2019entrepreneuriat\u00a0: L&rsquo;Alg\u00e9rie en t\u00eate du classement mondial des activit\u00e9s\"}]},{\"@type\":\"WebSite\",\"@id\":\"https:\\\/\\\/lasentinelle.dz\\\/#website\",\"url\":\"https:\\\/\\\/lasentinelle.dz\\\/\",\"name\":\"La Sentinelle\",\"description\":\"Quotidien national d&#039;information\",\"publisher\":{\"@id\":\"https:\\\/\\\/lasentinelle.dz\\\/#organization\"},\"potentialAction\":[{\"@type\":\"SearchAction\",\"target\":{\"@type\":\"EntryPoint\",\"urlTemplate\":\"https:\\\/\\\/lasentinelle.dz\\\/?s={search_term_string}\"},\"query-input\":{\"@type\":\"PropertyValueSpecification\",\"valueRequired\":true,\"valueName\":\"search_term_string\"}}],\"inLanguage\":\"fr-FR\"},{\"@type\":\"Organization\",\"@id\":\"https:\\\/\\\/lasentinelle.dz\\\/#organization\",\"name\":\"Quotidien La Sentinelle\",\"url\":\"https:\\\/\\\/lasentinelle.dz\\\/\",\"logo\":{\"@type\":\"ImageObject\",\"inLanguage\":\"fr-FR\",\"@id\":\"https:\\\/\\\/lasentinelle.dz\\\/#\\\/schema\\\/logo\\\/image\\\/\",\"url\":\"https:\\\/\\\/lasentinelle.dz\\\/wp-content\\\/uploads\\\/2021\\\/09\\\/logo-sentinelleSLOGAN-1.png\",\"contentUrl\":\"https:\\\/\\\/lasentinelle.dz\\\/wp-content\\\/uploads\\\/2021\\\/09\\\/logo-sentinelleSLOGAN-1.png\",\"width\":615,\"height\":142,\"caption\":\"Quotidien La Sentinelle\"},\"image\":{\"@id\":\"https:\\\/\\\/lasentinelle.dz\\\/#\\\/schema\\\/logo\\\/image\\\/\"},\"sameAs\":[\"https:\\\/\\\/www.facebook.com\\\/La-Sentinelle-104059864394773\"]},{\"@type\":\"Person\",\"@id\":\"https:\\\/\\\/lasentinelle.dz\\\/#\\\/schema\\\/person\\\/729ee0024f24e0b8c5ec17232f8e8b41\",\"name\":\"admin\",\"image\":{\"@type\":\"ImageObject\",\"inLanguage\":\"fr-FR\",\"@id\":\"https:\\\/\\\/secure.gravatar.com\\\/avatar\\\/4c81fed838786e9b53f540bf46533e750f5d292099ae3b66cfc6fb1982e29df7?s=96&d=mm&r=g\",\"url\":\"https:\\\/\\\/secure.gravatar.com\\\/avatar\\\/4c81fed838786e9b53f540bf46533e750f5d292099ae3b66cfc6fb1982e29df7?s=96&d=mm&r=g\",\"contentUrl\":\"https:\\\/\\\/secure.gravatar.com\\\/avatar\\\/4c81fed838786e9b53f540bf46533e750f5d292099ae3b66cfc6fb1982e29df7?s=96&d=mm&r=g\",\"caption\":\"admin\"},\"description\":\"admin\",\"url\":\"https:\\\/\\\/lasentinelle.dz\\\/author\\\/admin\\\/\"}]}<\/script>\n<!-- \/ Yoast SEO plugin. -->","yoast_head_json":{"title":"Semaine mondiale de l\u2019entrepreneuriat\u00a0: L&rsquo;Alg\u00e9rie en t\u00eate du classement mondial des activit\u00e9s - La Sentinelle","robots":{"index":"index","follow":"follow","max-snippet":"max-snippet:-1","max-image-preview":"max-image-preview:large","max-video-preview":"max-video-preview:-1"},"canonical":"https:\/\/lasentinelle.dz\/index.php\/2026\/01\/19\/semaine-mondiale-de-lentrepreneuriat-lalgerie-en-tete-du-classement-mondial-des-activites\/","og_locale":"fr_FR","og_type":"article","og_title":"Semaine mondiale de l\u2019entrepreneuriat\u00a0: L&rsquo;Alg\u00e9rie en t\u00eate du classement mondial des activit\u00e9s - La Sentinelle","og_description":"L&rsquo;Alg\u00e9rie s&rsquo;est hiss\u00e9e \u00e0 la premi\u00e8re place mondiale en termes de nombre d&rsquo;activit\u00e9s organis\u00e9es lors de la 17e\u00e9dition de la","og_url":"https:\/\/lasentinelle.dz\/index.php\/2026\/01\/19\/semaine-mondiale-de-lentrepreneuriat-lalgerie-en-tete-du-classement-mondial-des-activites\/","og_site_name":"La Sentinelle","article_publisher":"https:\/\/www.facebook.com\/La-Sentinelle-104059864394773","article_published_time":"2026-01-19T12:13:26+00:00","article_modified_time":"2026-01-19T12:13:27+00:00","og_image":[{"width":2069,"height":900,"url":"https:\/\/lasentinelle.dz\/wp-content\/uploads\/2022\/11\/entrepreneuriat.png","type":"image\/png"}],"author":"admin","twitter_card":"summary_large_image","twitter_misc":{"\u00c9crit par":"admin","Dur\u00e9e de lecture estim\u00e9e":"3 minutes"},"schema":{"@context":"https:\/\/schema.org","@graph":[{"@type":"Article","@id":"https:\/\/lasentinelle.dz\/index.php\/2026\/01\/19\/semaine-mondiale-de-lentrepreneuriat-lalgerie-en-tete-du-classement-mondial-des-activites\/#article","isPartOf":{"@id":"https:\/\/lasentinelle.dz\/index.php\/2026\/01\/19\/semaine-mondiale-de-lentrepreneuriat-lalgerie-en-tete-du-classement-mondial-des-activites\/"},"author":{"name":"admin","@id":"https:\/\/lasentinelle.dz\/#\/schema\/person\/729ee0024f24e0b8c5ec17232f8e8b41"},"headline":"Semaine mondiale de l\u2019entrepreneuriat\u00a0: L&rsquo;Alg\u00e9rie en t\u00eate du classement mondial des activit\u00e9s","datePublished":"2026-01-19T12:13:26+00:00","dateModified":"2026-01-19T12:13:27+00:00","mainEntityOfPage":{"@id":"https:\/\/lasentinelle.dz\/index.php\/2026\/01\/19\/semaine-mondiale-de-lentrepreneuriat-lalgerie-en-tete-du-classement-mondial-des-activites\/"},"wordCount":488,"commentCount":0,"publisher":{"@id":"https:\/\/lasentinelle.dz\/#organization"},"image":{"@id":"https:\/\/lasentinelle.dz\/index.php\/2026\/01\/19\/semaine-mondiale-de-lentrepreneuriat-lalgerie-en-tete-du-classement-mondial-des-activites\/#primaryimage"},"thumbnailUrl":"https:\/\/lasentinelle.dz\/wp-content\/uploads\/2022\/11\/entrepreneuriat.png","articleSection":["Actualit\u00e9"],"inLanguage":"fr-FR","potentialAction":[{"@type":"CommentAction","name":"Comment","target":["https:\/\/lasentinelle.dz\/index.php\/2026\/01\/19\/semaine-mondiale-de-lentrepreneuriat-lalgerie-en-tete-du-classement-mondial-des-activites\/#respond"]}]},{"@type":"WebPage","@id":"https:\/\/lasentinelle.dz\/index.php\/2026\/01\/19\/semaine-mondiale-de-lentrepreneuriat-lalgerie-en-tete-du-classement-mondial-des-activites\/","url":"https:\/\/lasentinelle.dz\/index.php\/2026\/01\/19\/semaine-mondiale-de-lentrepreneuriat-lalgerie-en-tete-du-classement-mondial-des-activites\/","name":"Semaine mondiale de l\u2019entrepreneuriat\u00a0: L&rsquo;Alg\u00e9rie en t\u00eate du classement mondial des activit\u00e9s - La Sentinelle","isPartOf":{"@id":"https:\/\/lasentinelle.dz\/#website"},"primaryImageOfPage":{"@id":"https:\/\/lasentinelle.dz\/index.php\/2026\/01\/19\/semaine-mondiale-de-lentrepreneuriat-lalgerie-en-tete-du-classement-mondial-des-activites\/#primaryimage"},"image":{"@id":"https:\/\/lasentinelle.dz\/index.php\/2026\/01\/19\/semaine-mondiale-de-lentrepreneuriat-lalgerie-en-tete-du-classement-mondial-des-activites\/#primaryimage"},"thumbnailUrl":"https:\/\/lasentinelle.dz\/wp-content\/uploads\/2022\/11\/entrepreneuriat.png","datePublished":"2026-01-19T12:13:26+00:00","dateModified":"2026-01-19T12:13:27+00:00","breadcrumb":{"@id":"https:\/\/lasentinelle.dz\/index.php\/2026\/01\/19\/semaine-mondiale-de-lentrepreneuriat-lalgerie-en-tete-du-classement-mondial-des-activites\/#breadcrumb"},"inLanguage":"fr-FR","potentialAction":[{"@type":"ReadAction","target":["https:\/\/lasentinelle.dz\/index.php\/2026\/01\/19\/semaine-mondiale-de-lentrepreneuriat-lalgerie-en-tete-du-classement-mondial-des-activites\/"]}]},{"@type":"ImageObject","inLanguage":"fr-FR","@id":"https:\/\/lasentinelle.dz\/index.php\/2026\/01\/19\/semaine-mondiale-de-lentrepreneuriat-lalgerie-en-tete-du-classement-mondial-des-activites\/#primaryimage","url":"https:\/\/lasentinelle.dz\/wp-content\/uploads\/2022\/11\/entrepreneuriat.png","contentUrl":"https:\/\/lasentinelle.dz\/wp-content\/uploads\/2022\/11\/entrepreneuriat.png","width":2069,"height":900},{"@type":"BreadcrumbList","@id":"https:\/\/lasentinelle.dz\/index.php\/2026\/01\/19\/semaine-mondiale-de-lentrepreneuriat-lalgerie-en-tete-du-classement-mondial-des-activites\/#breadcrumb","itemListElement":[{"@type":"ListItem","position":1,"name":"Accueil","item":"https:\/\/lasentinelle.dz\/"},{"@type":"ListItem","position":2,"name":"Semaine mondiale de l\u2019entrepreneuriat\u00a0: L&rsquo;Alg\u00e9rie en t\u00eate du classement mondial des activit\u00e9s"}]},{"@type":"WebSite","@id":"https:\/\/lasentinelle.dz\/#website","url":"https:\/\/lasentinelle.dz\/","name":"La Sentinelle","description":"Quotidien national d&#039;information","publisher":{"@id":"https:\/\/lasentinelle.dz\/#organization"},"potentialAction":[{"@type":"SearchAction","target":{"@type":"EntryPoint","urlTemplate":"https:\/\/lasentinelle.dz\/?s={search_term_string}"},"query-input":{"@type":"PropertyValueSpecification","valueRequired":true,"valueName":"search_term_string"}}],"inLanguage":"fr-FR"},{"@type":"Organization","@id":"https:\/\/lasentinelle.dz\/#organization","name":"Quotidien La Sentinelle","url":"https:\/\/lasentinelle.dz\/","logo":{"@type":"ImageObject","inLanguage":"fr-FR","@id":"https:\/\/lasentinelle.dz\/#\/schema\/logo\/image\/","url":"https:\/\/lasentinelle.dz\/wp-content\/uploads\/2021\/09\/logo-sentinelleSLOGAN-1.png","contentUrl":"https:\/\/lasentinelle.dz\/wp-content\/uploads\/2021\/09\/logo-sentinelleSLOGAN-1.png","width":615,"height":142,"caption":"Quotidien La Sentinelle"},"image":{"@id":"https:\/\/lasentinelle.dz\/#\/schema\/logo\/image\/"},"sameAs":["https:\/\/www.facebook.com\/La-Sentinelle-104059864394773"]},{"@type":"Person","@id":"https:\/\/lasentinelle.dz\/#\/schema\/person\/729ee0024f24e0b8c5ec17232f8e8b41","name":"admin","image":{"@type":"ImageObject","inLanguage":"fr-FR","@id":"https:\/\/secure.gravatar.com\/avatar\/4c81fed838786e9b53f540bf46533e750f5d292099ae3b66cfc6fb1982e29df7?s=96&d=mm&r=g","url":"https:\/\/secure.gravatar.com\/avatar\/4c81fed838786e9b53f540bf46533e750f5d292099ae3b66cfc6fb1982e29df7?s=96&d=mm&r=g","contentUrl":"https:\/\/secure.gravatar.com\/avatar\/4c81fed838786e9b53f540bf46533e750f5d292099ae3b66cfc6fb1982e29df7?s=96&d=mm&r=g","caption":"admin"},"description":"admin","url":"https:\/\/lasentinelle.dz\/author\/admin\/"}]}},"_links":{"self":[{"href":"https:\/\/lasentinelle.dz\/index.php\/wp-json\/wp\/v2\/posts\/79687","targetHints":{"allow":["GET"]}}],"collection":[{"href":"https:\/\/lasentinelle.dz\/index.php\/wp-json\/wp\/v2\/posts"}],"about":[{"href":"https:\/\/lasentinelle.dz\/index.php\/wp-json\/wp\/v2\/types\/post"}],"author":[{"embeddable":true,"href":"https:\/\/lasentinelle.dz\/index.php\/wp-json\/wp\/v2\/users\/6"}],"replies":[{"embeddable":true,"href":"https:\/\/lasentinelle.dz\/index.php\/wp-json\/wp\/v2\/comments?post=79687"}],"version-history":[{"count":2,"href":"https:\/\/lasentinelle.dz\/index.php\/wp-json\/wp\/v2\/posts\/79687\/revisions"}],"predecessor-version":[{"id":79689,"href":"https:\/\/lasentinelle.dz\/index.php\/wp-json\/wp\/v2\/posts\/79687\/revisions\/79689"}],"wp:featuredmedia":[{"embeddable":true,"href":"https:\/\/lasentinelle.dz\/index.php\/wp-json\/wp\/v2\/media\/31086"}],"wp:attachment":[{"href":"https:\/\/lasentinelle.dz\/index.php\/wp-json\/wp\/v2\/media?parent=79687"}],"wp:term":[{"taxonomy":"category","embeddable":true,"href":"https:\/\/lasentinelle.dz\/index.php\/wp-json\/wp\/v2\/categories?post=79687"},{"taxonomy":"post_tag","embeddable":true,"href":"https:\/\/lasentinelle.dz\/index.php\/wp-json\/wp\/v2\/tags?post=79687"}],"curies":[{"name":"wp","href":"https:\/\/api.w.org\/{rel}","templated":true}]}}