{"id":79723,"date":"2026-01-20T12:10:52","date_gmt":"2026-01-20T11:10:52","guid":{"rendered":"https:\/\/lasentinelle.dz\/?p=79723"},"modified":"2026-01-20T12:10:53","modified_gmt":"2026-01-20T11:10:53","slug":"intemperies-pluies-torrentielles-neige-et-vents-violents-balaient-le-pays","status":"publish","type":"post","link":"https:\/\/lasentinelle.dz\/index.php\/2026\/01\/20\/intemperies-pluies-torrentielles-neige-et-vents-violents-balaient-le-pays\/","title":{"rendered":"Intemp\u00e9ries\u00a0: Pluies torrentielles, neige et vents violents balaient le pays\u00a0"},"content":{"rendered":"\n<p>L&rsquo;Alg\u00e9rie fait face \u00e0 une vague d&rsquo;intemp\u00e9ries d&rsquo;une ampleur exceptionnelle. L&rsquo;Office national de m\u00e9t\u00e9orologie a plac\u00e9 en vigilance orange plusieurs dizaines de wilayas touch\u00e9es par des pluies torrentielles, des chutes de neige et des vents violents jusqu&rsquo;\u00e0 mercredi, avec des risques de d\u00e9bordements d&rsquo;oueds et d&rsquo;inondations. Selon les bulletins m\u00e9t\u00e9orologiques sp\u00e9ciaux \u00e9mis par l&rsquo;Office national de m\u00e9t\u00e9orologie, pas moins de 27 wilayas sont concern\u00e9es par ces perturbations atmosph\u00e9riques qui s&rsquo;\u00e9taleront sur trois jours. Les pr\u00e9cipitations attendues s&rsquo;annoncent particuli\u00e8rement intenses dans plusieurs r\u00e9gions du pays, avec des cumuls pouvant localement d\u00e9passer les 80 millim\u00e8tres.<\/p>\n\n\n\n<p>Les wilayas de Tipaza, Chlef, Mostaganem, Ain Defla, Tissemsilt, Relizane, Mascara, le nord de Tiaret et Saida sont plac\u00e9es en alerte orange pour pluies du lundi 15 heures au mercredi 9 heures. L&rsquo;Office met en garde contre des quantit\u00e9s estim\u00e9es entre 40 et 60 millim\u00e8tres, pouvant atteindre ou d\u00e9passer localement 80 millim\u00e8tres. Sur ces r\u00e9gions, la vigilance est de mise face aux risques r\u00e9els de d\u00e9bordements d&rsquo;oueds et d&rsquo;inondations. Les wilayas de Tizi Ouzou, Boumerdes, Alger, Bouira, Blida et M\u00e9d\u00e9a enregistreront des averses avec des cumuls variant entre 20 et 40 millim\u00e8tres, du lundi 15 heures au mardi 9 heures. Plus au sud et \u00e0 l&rsquo;est, les wilayas de Taref, Annaba, Skikda, Jijel, B\u00e9ja\u00efa, Souk Ahras, Oran, Ain T\u00e9mouchent, Tlemcen, Djelfa, Laghouat, El Oued, Touggourt, Gharda\u00efa, Ouargla, El M\u00e9n\u00e9a et In Salah seront \u00e9galement touch\u00e9es par les pr\u00e9cipitations.<\/p>\n\n\n\n<p>La neige fait son retour sur les reliefs de l&rsquo;ouest et des hauts plateaux. Neuf wilayas sont concern\u00e9es par des chutes de neige mod\u00e9r\u00e9es sur les hauteurs d\u00e9passant 1000 \u00e0 1100 m\u00e8tres d&rsquo;altitude. Tlemcen, Naama, Tiaret, Tissemsilt, Sidi Bel Abb\u00e8s, Saida, le nord d&rsquo;El Bayadh, Laghouat et Djelfa verront tomber entre 5 et 15 centim\u00e8tres de neige du lundi 6 heures au mardi 12 heures, avec des risques de verglas rendant la circulation particuli\u00e8rement dangereuse. Les vents violents frapperont \u00e9galement plusieurs wilayas. Les wilayas de B\u00e9char nord, Naama et El Bayadh subiront des rafales de nord \u00e0 nord-ouest atteignant 60 \u00e0 70 kilom\u00e8tres par heure, avec des pointes pouvant d\u00e9passer 90 kilom\u00e8tres par heure du lundi midi au mardi midi. Ces vents provoqueront d&rsquo;importants soul\u00e8vements de sable r\u00e9duisant consid\u00e9rablement la visibilit\u00e9. Plus au sud, In Salah, Illizi, Djanet et Tamanrasset conna\u00eetront des vents d&rsquo;ouest \u00e0 sud-ouest de 60 \u00e0 70 kilom\u00e8tres par heure, avec des rafales atteignant ou d\u00e9passant 80 kilom\u00e8tres par heure, \u00e9galement accompagn\u00e9s de temp\u00eates de sable. Les services de la Protection civile appellent les citoyens \u00e0 la prudence maximale, particuli\u00e8rement sur les axes routiers o\u00f9 les conditions de circulation risquent d&rsquo;\u00eatre extr\u00eamement difficiles en raison de la pluie, de la neige et de la r\u00e9duction de visibilit\u00e9.<\/p>\n\n\n\n<p>Malik Meziane<\/p>\n","protected":false},"excerpt":{"rendered":"<p>L&rsquo;Alg\u00e9rie fait face \u00e0 une vague d&rsquo;intemp\u00e9ries d&rsquo;une ampleur exceptionnelle. L&rsquo;Office national de m\u00e9t\u00e9orologie a plac\u00e9 en vigilance orange plusieurs<\/p>\n","protected":false},"author":6,"featured_media":79724,"comment_status":"open","ping_status":"closed","sticky":false,"template":"","format":"standard","meta":{"colormag_page_container_layout":"default_layout","colormag_page_sidebar_layout":"default_layout","om_disable_all_campaigns":false,"_monsterinsights_skip_tracking":false,"_monsterinsights_sitenote_active":false,"_monsterinsights_sitenote_note":"","_monsterinsights_sitenote_category":0,"footnotes":"","_wpscppro_dont_share_socialmedia":false,"_wpscppro_custom_social_share_image":0,"_facebook_share_type":"default","_twitter_share_type":"default","_linkedin_share_type":"default","_pinterest_share_type":"default","_linkedin_share_type_page":"","_instagram_share_type":"default","_medium_share_type":"default","_threads_share_type":"default","_google_business_share_type":"default","_selected_social_profile":[],"_wpsp_enable_custom_social_template":false,"_wpsp_social_scheduling":{"enabled":false,"datetime":null,"platforms":[],"status":"template_only","dateOption":"today","timeOption":"now","customDays":"","customHours":"","customDate":"","customTime":"","schedulingType":"absolute"},"_wpsp_active_default_template":true},"categories":[52,27],"tags":[],"class_list":["post-79723","post","type-post","status-publish","format-standard","has-post-thumbnail","hentry","category-a-la-une","category-actualite"],"aioseo_notices":[],"yoast_head":"<!-- This site is optimized with the Yoast SEO plugin v27.5 - https:\/\/yoast.com\/product\/yoast-seo-wordpress\/ -->\n<title>Intemp\u00e9ries\u00a0: Pluies torrentielles, neige et vents violents balaient le pays\u00a0 - La Sentinelle<\/title>\n<meta name=\"robots\" content=\"index, follow, max-snippet:-1, max-image-preview:large, max-video-preview:-1\" \/>\n<link rel=\"canonical\" href=\"https:\/\/lasentinelle.dz\/index.php\/2026\/01\/20\/intemperies-pluies-torrentielles-neige-et-vents-violents-balaient-le-pays\/\" \/>\n<meta property=\"og:locale\" content=\"fr_FR\" \/>\n<meta property=\"og:type\" content=\"article\" \/>\n<meta property=\"og:title\" content=\"Intemp\u00e9ries\u00a0: Pluies torrentielles, neige et vents violents balaient le pays\u00a0 - La Sentinelle\" \/>\n<meta property=\"og:description\" content=\"L&rsquo;Alg\u00e9rie fait face \u00e0 une vague d&rsquo;intemp\u00e9ries d&rsquo;une ampleur exceptionnelle. L&rsquo;Office national de m\u00e9t\u00e9orologie a plac\u00e9 en vigilance orange plusieurs\" \/>\n<meta property=\"og:url\" content=\"https:\/\/lasentinelle.dz\/index.php\/2026\/01\/20\/intemperies-pluies-torrentielles-neige-et-vents-violents-balaient-le-pays\/\" \/>\n<meta property=\"og:site_name\" content=\"La Sentinelle\" \/>\n<meta property=\"article:publisher\" content=\"https:\/\/www.facebook.com\/La-Sentinelle-104059864394773\" \/>\n<meta property=\"article:published_time\" content=\"2026-01-20T11:10:52+00:00\" \/>\n<meta property=\"article:modified_time\" content=\"2026-01-20T11:10:53+00:00\" \/>\n<meta property=\"og:image\" content=\"https:\/\/lasentinelle.dz\/wp-content\/uploads\/2026\/01\/intemperies.jpeg\" \/>\n\t<meta property=\"og:image:width\" content=\"650\" \/>\n\t<meta property=\"og:image:height\" content=\"350\" \/>\n\t<meta property=\"og:image:type\" content=\"image\/jpeg\" \/>\n<meta name=\"author\" content=\"admin\" \/>\n<meta name=\"twitter:card\" content=\"summary_large_image\" \/>\n<meta name=\"twitter:label1\" content=\"\u00c9crit par\" \/>\n\t<meta name=\"twitter:data1\" content=\"admin\" \/>\n\t<meta name=\"twitter:label2\" content=\"Dur\u00e9e de lecture estim\u00e9e\" \/>\n\t<meta name=\"twitter:data2\" content=\"3 minutes\" \/>\n<script type=\"application\/ld+json\" class=\"yoast-schema-graph\">{\"@context\":\"https:\\\/\\\/schema.org\",\"@graph\":[{\"@type\":\"Article\",\"@id\":\"https:\\\/\\\/lasentinelle.dz\\\/index.php\\\/2026\\\/01\\\/20\\\/intemperies-pluies-torrentielles-neige-et-vents-violents-balaient-le-pays\\\/#article\",\"isPartOf\":{\"@id\":\"https:\\\/\\\/lasentinelle.dz\\\/index.php\\\/2026\\\/01\\\/20\\\/intemperies-pluies-torrentielles-neige-et-vents-violents-balaient-le-pays\\\/\"},\"author\":{\"name\":\"admin\",\"@id\":\"https:\\\/\\\/lasentinelle.dz\\\/#\\\/schema\\\/person\\\/729ee0024f24e0b8c5ec17232f8e8b41\"},\"headline\":\"Intemp\u00e9ries\u00a0: Pluies torrentielles, neige et vents violents balaient le pays\u00a0\",\"datePublished\":\"2026-01-20T11:10:52+00:00\",\"dateModified\":\"2026-01-20T11:10:53+00:00\",\"mainEntityOfPage\":{\"@id\":\"https:\\\/\\\/lasentinelle.dz\\\/index.php\\\/2026\\\/01\\\/20\\\/intemperies-pluies-torrentielles-neige-et-vents-violents-balaient-le-pays\\\/\"},\"wordCount\":504,\"commentCount\":0,\"publisher\":{\"@id\":\"https:\\\/\\\/lasentinelle.dz\\\/#organization\"},\"image\":{\"@id\":\"https:\\\/\\\/lasentinelle.dz\\\/index.php\\\/2026\\\/01\\\/20\\\/intemperies-pluies-torrentielles-neige-et-vents-violents-balaient-le-pays\\\/#primaryimage\"},\"thumbnailUrl\":\"https:\\\/\\\/lasentinelle.dz\\\/wp-content\\\/uploads\\\/2026\\\/01\\\/intemperies.jpeg\",\"articleSection\":[\"\u00c0 la Une\",\"Actualit\u00e9\"],\"inLanguage\":\"fr-FR\",\"potentialAction\":[{\"@type\":\"CommentAction\",\"name\":\"Comment\",\"target\":[\"https:\\\/\\\/lasentinelle.dz\\\/index.php\\\/2026\\\/01\\\/20\\\/intemperies-pluies-torrentielles-neige-et-vents-violents-balaient-le-pays\\\/#respond\"]}]},{\"@type\":\"WebPage\",\"@id\":\"https:\\\/\\\/lasentinelle.dz\\\/index.php\\\/2026\\\/01\\\/20\\\/intemperies-pluies-torrentielles-neige-et-vents-violents-balaient-le-pays\\\/\",\"url\":\"https:\\\/\\\/lasentinelle.dz\\\/index.php\\\/2026\\\/01\\\/20\\\/intemperies-pluies-torrentielles-neige-et-vents-violents-balaient-le-pays\\\/\",\"name\":\"Intemp\u00e9ries\u00a0: Pluies torrentielles, neige et vents violents balaient le pays\u00a0 - La Sentinelle\",\"isPartOf\":{\"@id\":\"https:\\\/\\\/lasentinelle.dz\\\/#website\"},\"primaryImageOfPage\":{\"@id\":\"https:\\\/\\\/lasentinelle.dz\\\/index.php\\\/2026\\\/01\\\/20\\\/intemperies-pluies-torrentielles-neige-et-vents-violents-balaient-le-pays\\\/#primaryimage\"},\"image\":{\"@id\":\"https:\\\/\\\/lasentinelle.dz\\\/index.php\\\/2026\\\/01\\\/20\\\/intemperies-pluies-torrentielles-neige-et-vents-violents-balaient-le-pays\\\/#primaryimage\"},\"thumbnailUrl\":\"https:\\\/\\\/lasentinelle.dz\\\/wp-content\\\/uploads\\\/2026\\\/01\\\/intemperies.jpeg\",\"datePublished\":\"2026-01-20T11:10:52+00:00\",\"dateModified\":\"2026-01-20T11:10:53+00:00\",\"breadcrumb\":{\"@id\":\"https:\\\/\\\/lasentinelle.dz\\\/index.php\\\/2026\\\/01\\\/20\\\/intemperies-pluies-torrentielles-neige-et-vents-violents-balaient-le-pays\\\/#breadcrumb\"},\"inLanguage\":\"fr-FR\",\"potentialAction\":[{\"@type\":\"ReadAction\",\"target\":[\"https:\\\/\\\/lasentinelle.dz\\\/index.php\\\/2026\\\/01\\\/20\\\/intemperies-pluies-torrentielles-neige-et-vents-violents-balaient-le-pays\\\/\"]}]},{\"@type\":\"ImageObject\",\"inLanguage\":\"fr-FR\",\"@id\":\"https:\\\/\\\/lasentinelle.dz\\\/index.php\\\/2026\\\/01\\\/20\\\/intemperies-pluies-torrentielles-neige-et-vents-violents-balaient-le-pays\\\/#primaryimage\",\"url\":\"https:\\\/\\\/lasentinelle.dz\\\/wp-content\\\/uploads\\\/2026\\\/01\\\/intemperies.jpeg\",\"contentUrl\":\"https:\\\/\\\/lasentinelle.dz\\\/wp-content\\\/uploads\\\/2026\\\/01\\\/intemperies.jpeg\",\"width\":650,\"height\":350},{\"@type\":\"BreadcrumbList\",\"@id\":\"https:\\\/\\\/lasentinelle.dz\\\/index.php\\\/2026\\\/01\\\/20\\\/intemperies-pluies-torrentielles-neige-et-vents-violents-balaient-le-pays\\\/#breadcrumb\",\"itemListElement\":[{\"@type\":\"ListItem\",\"position\":1,\"name\":\"Accueil\",\"item\":\"https:\\\/\\\/lasentinelle.dz\\\/\"},{\"@type\":\"ListItem\",\"position\":2,\"name\":\"Intemp\u00e9ries\u00a0: Pluies torrentielles, neige et vents violents balaient le pays\u00a0\"}]},{\"@type\":\"WebSite\",\"@id\":\"https:\\\/\\\/lasentinelle.dz\\\/#website\",\"url\":\"https:\\\/\\\/lasentinelle.dz\\\/\",\"name\":\"La Sentinelle\",\"description\":\"Quotidien national d&#039;information\",\"publisher\":{\"@id\":\"https:\\\/\\\/lasentinelle.dz\\\/#organization\"},\"potentialAction\":[{\"@type\":\"SearchAction\",\"target\":{\"@type\":\"EntryPoint\",\"urlTemplate\":\"https:\\\/\\\/lasentinelle.dz\\\/?s={search_term_string}\"},\"query-input\":{\"@type\":\"PropertyValueSpecification\",\"valueRequired\":true,\"valueName\":\"search_term_string\"}}],\"inLanguage\":\"fr-FR\"},{\"@type\":\"Organization\",\"@id\":\"https:\\\/\\\/lasentinelle.dz\\\/#organization\",\"name\":\"Quotidien La Sentinelle\",\"url\":\"https:\\\/\\\/lasentinelle.dz\\\/\",\"logo\":{\"@type\":\"ImageObject\",\"inLanguage\":\"fr-FR\",\"@id\":\"https:\\\/\\\/lasentinelle.dz\\\/#\\\/schema\\\/logo\\\/image\\\/\",\"url\":\"https:\\\/\\\/lasentinelle.dz\\\/wp-content\\\/uploads\\\/2021\\\/09\\\/logo-sentinelleSLOGAN-1.png\",\"contentUrl\":\"https:\\\/\\\/lasentinelle.dz\\\/wp-content\\\/uploads\\\/2021\\\/09\\\/logo-sentinelleSLOGAN-1.png\",\"width\":615,\"height\":142,\"caption\":\"Quotidien La Sentinelle\"},\"image\":{\"@id\":\"https:\\\/\\\/lasentinelle.dz\\\/#\\\/schema\\\/logo\\\/image\\\/\"},\"sameAs\":[\"https:\\\/\\\/www.facebook.com\\\/La-Sentinelle-104059864394773\"]},{\"@type\":\"Person\",\"@id\":\"https:\\\/\\\/lasentinelle.dz\\\/#\\\/schema\\\/person\\\/729ee0024f24e0b8c5ec17232f8e8b41\",\"name\":\"admin\",\"image\":{\"@type\":\"ImageObject\",\"inLanguage\":\"fr-FR\",\"@id\":\"https:\\\/\\\/secure.gravatar.com\\\/avatar\\\/4c81fed838786e9b53f540bf46533e750f5d292099ae3b66cfc6fb1982e29df7?s=96&d=mm&r=g\",\"url\":\"https:\\\/\\\/secure.gravatar.com\\\/avatar\\\/4c81fed838786e9b53f540bf46533e750f5d292099ae3b66cfc6fb1982e29df7?s=96&d=mm&r=g\",\"contentUrl\":\"https:\\\/\\\/secure.gravatar.com\\\/avatar\\\/4c81fed838786e9b53f540bf46533e750f5d292099ae3b66cfc6fb1982e29df7?s=96&d=mm&r=g\",\"caption\":\"admin\"},\"description\":\"admin\",\"url\":\"https:\\\/\\\/lasentinelle.dz\\\/author\\\/admin\\\/\"}]}<\/script>\n<!-- \/ Yoast SEO plugin. -->","yoast_head_json":{"title":"Intemp\u00e9ries\u00a0: Pluies torrentielles, neige et vents violents balaient le pays\u00a0 - La Sentinelle","robots":{"index":"index","follow":"follow","max-snippet":"max-snippet:-1","max-image-preview":"max-image-preview:large","max-video-preview":"max-video-preview:-1"},"canonical":"https:\/\/lasentinelle.dz\/index.php\/2026\/01\/20\/intemperies-pluies-torrentielles-neige-et-vents-violents-balaient-le-pays\/","og_locale":"fr_FR","og_type":"article","og_title":"Intemp\u00e9ries\u00a0: Pluies torrentielles, neige et vents violents balaient le pays\u00a0 - La Sentinelle","og_description":"L&rsquo;Alg\u00e9rie fait face \u00e0 une vague d&rsquo;intemp\u00e9ries d&rsquo;une ampleur exceptionnelle. L&rsquo;Office national de m\u00e9t\u00e9orologie a plac\u00e9 en vigilance orange plusieurs","og_url":"https:\/\/lasentinelle.dz\/index.php\/2026\/01\/20\/intemperies-pluies-torrentielles-neige-et-vents-violents-balaient-le-pays\/","og_site_name":"La Sentinelle","article_publisher":"https:\/\/www.facebook.com\/La-Sentinelle-104059864394773","article_published_time":"2026-01-20T11:10:52+00:00","article_modified_time":"2026-01-20T11:10:53+00:00","og_image":[{"width":650,"height":350,"url":"https:\/\/lasentinelle.dz\/wp-content\/uploads\/2026\/01\/intemperies.jpeg","type":"image\/jpeg"}],"author":"admin","twitter_card":"summary_large_image","twitter_misc":{"\u00c9crit par":"admin","Dur\u00e9e de lecture estim\u00e9e":"3 minutes"},"schema":{"@context":"https:\/\/schema.org","@graph":[{"@type":"Article","@id":"https:\/\/lasentinelle.dz\/index.php\/2026\/01\/20\/intemperies-pluies-torrentielles-neige-et-vents-violents-balaient-le-pays\/#article","isPartOf":{"@id":"https:\/\/lasentinelle.dz\/index.php\/2026\/01\/20\/intemperies-pluies-torrentielles-neige-et-vents-violents-balaient-le-pays\/"},"author":{"name":"admin","@id":"https:\/\/lasentinelle.dz\/#\/schema\/person\/729ee0024f24e0b8c5ec17232f8e8b41"},"headline":"Intemp\u00e9ries\u00a0: Pluies torrentielles, neige et vents violents balaient le pays\u00a0","datePublished":"2026-01-20T11:10:52+00:00","dateModified":"2026-01-20T11:10:53+00:00","mainEntityOfPage":{"@id":"https:\/\/lasentinelle.dz\/index.php\/2026\/01\/20\/intemperies-pluies-torrentielles-neige-et-vents-violents-balaient-le-pays\/"},"wordCount":504,"commentCount":0,"publisher":{"@id":"https:\/\/lasentinelle.dz\/#organization"},"image":{"@id":"https:\/\/lasentinelle.dz\/index.php\/2026\/01\/20\/intemperies-pluies-torrentielles-neige-et-vents-violents-balaient-le-pays\/#primaryimage"},"thumbnailUrl":"https:\/\/lasentinelle.dz\/wp-content\/uploads\/2026\/01\/intemperies.jpeg","articleSection":["\u00c0 la Une","Actualit\u00e9"],"inLanguage":"fr-FR","potentialAction":[{"@type":"CommentAction","name":"Comment","target":["https:\/\/lasentinelle.dz\/index.php\/2026\/01\/20\/intemperies-pluies-torrentielles-neige-et-vents-violents-balaient-le-pays\/#respond"]}]},{"@type":"WebPage","@id":"https:\/\/lasentinelle.dz\/index.php\/2026\/01\/20\/intemperies-pluies-torrentielles-neige-et-vents-violents-balaient-le-pays\/","url":"https:\/\/lasentinelle.dz\/index.php\/2026\/01\/20\/intemperies-pluies-torrentielles-neige-et-vents-violents-balaient-le-pays\/","name":"Intemp\u00e9ries\u00a0: Pluies torrentielles, neige et vents violents balaient le pays\u00a0 - La Sentinelle","isPartOf":{"@id":"https:\/\/lasentinelle.dz\/#website"},"primaryImageOfPage":{"@id":"https:\/\/lasentinelle.dz\/index.php\/2026\/01\/20\/intemperies-pluies-torrentielles-neige-et-vents-violents-balaient-le-pays\/#primaryimage"},"image":{"@id":"https:\/\/lasentinelle.dz\/index.php\/2026\/01\/20\/intemperies-pluies-torrentielles-neige-et-vents-violents-balaient-le-pays\/#primaryimage"},"thumbnailUrl":"https:\/\/lasentinelle.dz\/wp-content\/uploads\/2026\/01\/intemperies.jpeg","datePublished":"2026-01-20T11:10:52+00:00","dateModified":"2026-01-20T11:10:53+00:00","breadcrumb":{"@id":"https:\/\/lasentinelle.dz\/index.php\/2026\/01\/20\/intemperies-pluies-torrentielles-neige-et-vents-violents-balaient-le-pays\/#breadcrumb"},"inLanguage":"fr-FR","potentialAction":[{"@type":"ReadAction","target":["https:\/\/lasentinelle.dz\/index.php\/2026\/01\/20\/intemperies-pluies-torrentielles-neige-et-vents-violents-balaient-le-pays\/"]}]},{"@type":"ImageObject","inLanguage":"fr-FR","@id":"https:\/\/lasentinelle.dz\/index.php\/2026\/01\/20\/intemperies-pluies-torrentielles-neige-et-vents-violents-balaient-le-pays\/#primaryimage","url":"https:\/\/lasentinelle.dz\/wp-content\/uploads\/2026\/01\/intemperies.jpeg","contentUrl":"https:\/\/lasentinelle.dz\/wp-content\/uploads\/2026\/01\/intemperies.jpeg","width":650,"height":350},{"@type":"BreadcrumbList","@id":"https:\/\/lasentinelle.dz\/index.php\/2026\/01\/20\/intemperies-pluies-torrentielles-neige-et-vents-violents-balaient-le-pays\/#breadcrumb","itemListElement":[{"@type":"ListItem","position":1,"name":"Accueil","item":"https:\/\/lasentinelle.dz\/"},{"@type":"ListItem","position":2,"name":"Intemp\u00e9ries\u00a0: Pluies torrentielles, neige et vents violents balaient le pays\u00a0"}]},{"@type":"WebSite","@id":"https:\/\/lasentinelle.dz\/#website","url":"https:\/\/lasentinelle.dz\/","name":"La Sentinelle","description":"Quotidien national d&#039;information","publisher":{"@id":"https:\/\/lasentinelle.dz\/#organization"},"potentialAction":[{"@type":"SearchAction","target":{"@type":"EntryPoint","urlTemplate":"https:\/\/lasentinelle.dz\/?s={search_term_string}"},"query-input":{"@type":"PropertyValueSpecification","valueRequired":true,"valueName":"search_term_string"}}],"inLanguage":"fr-FR"},{"@type":"Organization","@id":"https:\/\/lasentinelle.dz\/#organization","name":"Quotidien La Sentinelle","url":"https:\/\/lasentinelle.dz\/","logo":{"@type":"ImageObject","inLanguage":"fr-FR","@id":"https:\/\/lasentinelle.dz\/#\/schema\/logo\/image\/","url":"https:\/\/lasentinelle.dz\/wp-content\/uploads\/2021\/09\/logo-sentinelleSLOGAN-1.png","contentUrl":"https:\/\/lasentinelle.dz\/wp-content\/uploads\/2021\/09\/logo-sentinelleSLOGAN-1.png","width":615,"height":142,"caption":"Quotidien La Sentinelle"},"image":{"@id":"https:\/\/lasentinelle.dz\/#\/schema\/logo\/image\/"},"sameAs":["https:\/\/www.facebook.com\/La-Sentinelle-104059864394773"]},{"@type":"Person","@id":"https:\/\/lasentinelle.dz\/#\/schema\/person\/729ee0024f24e0b8c5ec17232f8e8b41","name":"admin","image":{"@type":"ImageObject","inLanguage":"fr-FR","@id":"https:\/\/secure.gravatar.com\/avatar\/4c81fed838786e9b53f540bf46533e750f5d292099ae3b66cfc6fb1982e29df7?s=96&d=mm&r=g","url":"https:\/\/secure.gravatar.com\/avatar\/4c81fed838786e9b53f540bf46533e750f5d292099ae3b66cfc6fb1982e29df7?s=96&d=mm&r=g","contentUrl":"https:\/\/secure.gravatar.com\/avatar\/4c81fed838786e9b53f540bf46533e750f5d292099ae3b66cfc6fb1982e29df7?s=96&d=mm&r=g","caption":"admin"},"description":"admin","url":"https:\/\/lasentinelle.dz\/author\/admin\/"}]}},"_links":{"self":[{"href":"https:\/\/lasentinelle.dz\/index.php\/wp-json\/wp\/v2\/posts\/79723","targetHints":{"allow":["GET"]}}],"collection":[{"href":"https:\/\/lasentinelle.dz\/index.php\/wp-json\/wp\/v2\/posts"}],"about":[{"href":"https:\/\/lasentinelle.dz\/index.php\/wp-json\/wp\/v2\/types\/post"}],"author":[{"embeddable":true,"href":"https:\/\/lasentinelle.dz\/index.php\/wp-json\/wp\/v2\/users\/6"}],"replies":[{"embeddable":true,"href":"https:\/\/lasentinelle.dz\/index.php\/wp-json\/wp\/v2\/comments?post=79723"}],"version-history":[{"count":1,"href":"https:\/\/lasentinelle.dz\/index.php\/wp-json\/wp\/v2\/posts\/79723\/revisions"}],"predecessor-version":[{"id":79725,"href":"https:\/\/lasentinelle.dz\/index.php\/wp-json\/wp\/v2\/posts\/79723\/revisions\/79725"}],"wp:featuredmedia":[{"embeddable":true,"href":"https:\/\/lasentinelle.dz\/index.php\/wp-json\/wp\/v2\/media\/79724"}],"wp:attachment":[{"href":"https:\/\/lasentinelle.dz\/index.php\/wp-json\/wp\/v2\/media?parent=79723"}],"wp:term":[{"taxonomy":"category","embeddable":true,"href":"https:\/\/lasentinelle.dz\/index.php\/wp-json\/wp\/v2\/categories?post=79723"},{"taxonomy":"post_tag","embeddable":true,"href":"https:\/\/lasentinelle.dz\/index.php\/wp-json\/wp\/v2\/tags?post=79723"}],"curies":[{"name":"wp","href":"https:\/\/api.w.org\/{rel}","templated":true}]}}