{"id":79726,"date":"2026-01-20T12:12:52","date_gmt":"2026-01-20T11:12:52","guid":{"rendered":"https:\/\/lasentinelle.dz\/?p=79726"},"modified":"2026-01-20T12:12:53","modified_gmt":"2026-01-20T11:12:53","slug":"soudan-les-violations-des-fsr-sur-les-civils-pourraient-constituer-des-crimes-de-guerre","status":"publish","type":"post","link":"https:\/\/lasentinelle.dz\/index.php\/2026\/01\/20\/soudan-les-violations-des-fsr-sur-les-civils-pourraient-constituer-des-crimes-de-guerre\/","title":{"rendered":"Soudan\u00a0: Les violations des FSR sur les civils pourraient constituer des crimes de guerre\u00a0"},"content":{"rendered":"\n<p>Le Haut-Commissaire des Nations unies aux droits de l&rsquo;homme, Volker T\u00fcrk, a affirm\u00e9, dimanche, que les graves violations commises par les Forces de soutien rapide \u00e0 l&rsquo;encontre des civils au Soudan, y compris les attaques contre les infrastructures civiles, les actes de violence et les ex\u00e9cutions extrajudiciaires, pourraient constituer des crimes de guerre.<\/p>\n\n\n\n<p>Intervenant lors d&rsquo;une conf\u00e9rence de presse tenue \u00e0 l&rsquo;a\u00e9roport de la ville de Port-Soudan, le Haut-Commissaire a soulign\u00e9 que \u00ab\u00a0l&rsquo;esprit de lutte pour la paix, la justice et la libert\u00e9 du peuple soudanais n&rsquo;a pas \u00e9t\u00e9 bris\u00e9 malgr\u00e9 pr\u00e8s de trois ann\u00e9es de conflit\u00a0\u00bb, appelant \u00e0 \u00ab\u00a0y mettre fin imm\u00e9diatement et \u00e0 garantir la protection des civils\u00a0\u00bb. Dans ce contexte, il a indiqu\u00e9 que les graves violations commises durant cette p\u00e9riode par les FSR contre les civils et les infrastructures \u00ab\u00a0pourraient constituer des crimes de guerre\u00a0\u00bb, exprimant sa vive inqui\u00e9tude face \u00ab\u00a0aux attaques r\u00e9p\u00e9t\u00e9es par drones contre le barrage de Merowe et la centrale \u00e9lectrique, qui ont entra\u00een\u00e9 des coupures d&rsquo;\u00e9lectricit\u00e9 dans les h\u00f4pitaux et perturb\u00e9 l&rsquo;irrigation ainsi que l&rsquo;approvisionnement en eau potable\u00a0\u00bb. Volker T\u00fcrk a, par ailleurs, mis en garde contre \u00ab\u00a0la d\u00e9t\u00e9rioration de la situation humanitaire et de la s\u00e9curit\u00e9 alimentaire\u00a0\u00bb, \u00e9voquant des indicateurs faisant \u00e9tat d&rsquo;une situation de famine \u00e0 Kadougli et d&rsquo;un risque de famine dans d&rsquo;autres r\u00e9gions, dont Delendj. Le Haut-Commissaire des Nations unies aux droits de l&rsquo;homme a entam\u00e9, mercredi dernier, une visite au Soudan, au cours de laquelle il a rencontr\u00e9 les autorit\u00e9s \u00e0 Port-Soudan, ainsi que des repr\u00e9sentants de la soci\u00e9t\u00e9 civile et l&rsquo;\u00e9quipe de pays des Nations unies. Il a \u00e9galement visit\u00e9 le camp d&rsquo;Al-Afadel, qui accueille des d\u00e9plac\u00e9s en provenance du Darfour et du Kordofan.<\/p>\n\n\n\n<p><strong>De son c\u00f4t\u00e9,&nbsp;<\/strong>le Syndicat des journalistes soudanais a annonc\u00e9 que l&rsquo;ann\u00e9e 2025 a \u00e9t\u00e9 particuli\u00e8rement meurtri\u00e8re pour le secteur des m\u00e9dias, avec la mort de 14 journalistes, en plus de nombreuses violations, en raison du conflit arm\u00e9 opposant l&rsquo;arm\u00e9e aux Forces de soutien rapide (FSR) dans le pays. Dans son rapport sur l&rsquo;ann\u00e9e 2025, publi\u00e9 samedi, le syndicat a document\u00e9 la mort de 14 professionnels des m\u00e9dias, mettant en garde contre l&rsquo;\u00e9largissement du cercle des violations visant les journalistes, dans un contexte de poursuite du conflit arm\u00e9 pour la troisi\u00e8me ann\u00e9e cons\u00e9cutive. Le rapport du syndicat s&rsquo;appuie sur des signalements directs de journalistes et de leurs familles, des t\u00e9moignages fiables et des sources de terrain, ainsi que sur le suivi et la v\u00e9rification des contenus publi\u00e9s.<\/p>\n\n\n\n<p>Le syndicat a recens\u00e9, outre les 14 journalistes et travailleurs des m\u00e9dias tu\u00e9s, six cas de disparition forc\u00e9e, quatre cas de d\u00e9tention de longue dur\u00e9e, neuf cas de d\u00e9tention arbitraire temporaire, quatre poursuites judiciaires, ainsi que des violations transfrontali\u00e8res ayant cibl\u00e9 des journalistes dans des pays d&rsquo;asile et 19 cas de menaces. Selon le rapport, la ville d&rsquo;El-Fasher, capitale de l&rsquo;Etat du Darfour-Nord (ouest du Soudan), est l&rsquo;un des foyers les plus dangereux ayant connu des violations commises sur des journalistes en 2025, avec des bombardements continus, l&rsquo;ins\u00e9curit\u00e9 et la quasi-interruption des communications et de l&rsquo;Internet, entravant les op\u00e9rations de documentation et limitant la capacit\u00e9 des journalistes \u00e0 transmettre l&rsquo;information. Le syndicat estime que les violations document\u00e9es ne repr\u00e9sentent qu&rsquo;une partie limit\u00e9e de la r\u00e9alit\u00e9 sur le terrain. Il a \u00e9galement enregistr\u00e9 trois cas de disparition de journalistes qui se trouvaient \u00e0 El-Fasher avant les massacres ayant co\u00efncid\u00e9 avec la prise de contr\u00f4le de la ville par les FSR en octobre 2025, sans qu&rsquo;aucune information ne soit disponible \u00e0 ce jour sur leur sort ou les circonstances de leur disparition.<\/p>\n\n\n\n<p>Depuis avril 2023, le Soudan est en proie \u00e0 un conflit arm\u00e9 opposant l&rsquo;arm\u00e9e soudanaise aux Forces de soutien rapide, ayant caus\u00e9 la mort de dizaines de milliers de personnes et le d\u00e9placement de millions d&rsquo;autres.<\/p>\n\n\n\n<p>R.I. avec agences&nbsp;<\/p>\n","protected":false},"excerpt":{"rendered":"<p>Le Haut-Commissaire des Nations unies aux droits de l&rsquo;homme, Volker T\u00fcrk, a affirm\u00e9, dimanche, que les graves violations commises par<\/p>\n","protected":false},"author":6,"featured_media":79727,"comment_status":"open","ping_status":"closed","sticky":false,"template":"","format":"standard","meta":{"colormag_page_container_layout":"default_layout","colormag_page_sidebar_layout":"default_layout","om_disable_all_campaigns":false,"_monsterinsights_skip_tracking":false,"_monsterinsights_sitenote_active":false,"_monsterinsights_sitenote_note":"","_monsterinsights_sitenote_category":0,"footnotes":"","_wpscppro_dont_share_socialmedia":false,"_wpscppro_custom_social_share_image":0,"_facebook_share_type":"default","_twitter_share_type":"default","_linkedin_share_type":"default","_pinterest_share_type":"default","_linkedin_share_type_page":"","_instagram_share_type":"default","_medium_share_type":"default","_threads_share_type":"default","_google_business_share_type":"default","_selected_social_profile":[],"_wpsp_enable_custom_social_template":false,"_wpsp_social_scheduling":{"enabled":false,"datetime":null,"platforms":[],"status":"template_only","dateOption":"today","timeOption":"now","customDays":"","customHours":"","customDate":"","customTime":"","schedulingType":"absolute"},"_wpsp_active_default_template":true},"categories":[37],"tags":[],"class_list":["post-79726","post","type-post","status-publish","format-standard","has-post-thumbnail","hentry","category-monde"],"aioseo_notices":[],"yoast_head":"<!-- This site is optimized with the Yoast SEO plugin v27.5 - https:\/\/yoast.com\/product\/yoast-seo-wordpress\/ -->\n<title>Soudan\u00a0: Les violations des FSR sur les civils pourraient constituer des crimes de guerre\u00a0 - La Sentinelle<\/title>\n<meta name=\"robots\" content=\"index, follow, max-snippet:-1, max-image-preview:large, max-video-preview:-1\" \/>\n<link rel=\"canonical\" href=\"https:\/\/lasentinelle.dz\/index.php\/2026\/01\/20\/soudan-les-violations-des-fsr-sur-les-civils-pourraient-constituer-des-crimes-de-guerre\/\" \/>\n<meta property=\"og:locale\" content=\"fr_FR\" \/>\n<meta property=\"og:type\" content=\"article\" \/>\n<meta property=\"og:title\" content=\"Soudan\u00a0: Les violations des FSR sur les civils pourraient constituer des crimes de guerre\u00a0 - La Sentinelle\" \/>\n<meta property=\"og:description\" content=\"Le Haut-Commissaire des Nations unies aux droits de l&rsquo;homme, Volker T\u00fcrk, a affirm\u00e9, dimanche, que les graves violations commises par\" \/>\n<meta property=\"og:url\" content=\"https:\/\/lasentinelle.dz\/index.php\/2026\/01\/20\/soudan-les-violations-des-fsr-sur-les-civils-pourraient-constituer-des-crimes-de-guerre\/\" \/>\n<meta property=\"og:site_name\" content=\"La Sentinelle\" \/>\n<meta property=\"article:publisher\" content=\"https:\/\/www.facebook.com\/La-Sentinelle-104059864394773\" \/>\n<meta property=\"article:published_time\" content=\"2026-01-20T11:12:52+00:00\" \/>\n<meta property=\"article:modified_time\" content=\"2026-01-20T11:12:53+00:00\" \/>\n<meta property=\"og:image\" content=\"https:\/\/lasentinelle.dz\/wp-content\/uploads\/2026\/01\/soudan.webp\" \/>\n\t<meta property=\"og:image:width\" content=\"400\" \/>\n\t<meta property=\"og:image:height\" content=\"225\" \/>\n\t<meta property=\"og:image:type\" content=\"image\/webp\" \/>\n<meta name=\"author\" content=\"admin\" \/>\n<meta name=\"twitter:card\" content=\"summary_large_image\" \/>\n<meta name=\"twitter:label1\" content=\"\u00c9crit par\" \/>\n\t<meta name=\"twitter:data1\" content=\"admin\" \/>\n\t<meta name=\"twitter:label2\" content=\"Dur\u00e9e de lecture estim\u00e9e\" \/>\n\t<meta name=\"twitter:data2\" content=\"4 minutes\" \/>\n<script type=\"application\/ld+json\" class=\"yoast-schema-graph\">{\"@context\":\"https:\\\/\\\/schema.org\",\"@graph\":[{\"@type\":\"Article\",\"@id\":\"https:\\\/\\\/lasentinelle.dz\\\/index.php\\\/2026\\\/01\\\/20\\\/soudan-les-violations-des-fsr-sur-les-civils-pourraient-constituer-des-crimes-de-guerre\\\/#article\",\"isPartOf\":{\"@id\":\"https:\\\/\\\/lasentinelle.dz\\\/index.php\\\/2026\\\/01\\\/20\\\/soudan-les-violations-des-fsr-sur-les-civils-pourraient-constituer-des-crimes-de-guerre\\\/\"},\"author\":{\"name\":\"admin\",\"@id\":\"https:\\\/\\\/lasentinelle.dz\\\/#\\\/schema\\\/person\\\/729ee0024f24e0b8c5ec17232f8e8b41\"},\"headline\":\"Soudan\u00a0: Les violations des FSR sur les civils pourraient constituer des crimes de guerre\u00a0\",\"datePublished\":\"2026-01-20T11:12:52+00:00\",\"dateModified\":\"2026-01-20T11:12:53+00:00\",\"mainEntityOfPage\":{\"@id\":\"https:\\\/\\\/lasentinelle.dz\\\/index.php\\\/2026\\\/01\\\/20\\\/soudan-les-violations-des-fsr-sur-les-civils-pourraient-constituer-des-crimes-de-guerre\\\/\"},\"wordCount\":708,\"commentCount\":0,\"publisher\":{\"@id\":\"https:\\\/\\\/lasentinelle.dz\\\/#organization\"},\"image\":{\"@id\":\"https:\\\/\\\/lasentinelle.dz\\\/index.php\\\/2026\\\/01\\\/20\\\/soudan-les-violations-des-fsr-sur-les-civils-pourraient-constituer-des-crimes-de-guerre\\\/#primaryimage\"},\"thumbnailUrl\":\"https:\\\/\\\/lasentinelle.dz\\\/wp-content\\\/uploads\\\/2026\\\/01\\\/soudan.webp\",\"articleSection\":[\"Monde\"],\"inLanguage\":\"fr-FR\",\"potentialAction\":[{\"@type\":\"CommentAction\",\"name\":\"Comment\",\"target\":[\"https:\\\/\\\/lasentinelle.dz\\\/index.php\\\/2026\\\/01\\\/20\\\/soudan-les-violations-des-fsr-sur-les-civils-pourraient-constituer-des-crimes-de-guerre\\\/#respond\"]}]},{\"@type\":\"WebPage\",\"@id\":\"https:\\\/\\\/lasentinelle.dz\\\/index.php\\\/2026\\\/01\\\/20\\\/soudan-les-violations-des-fsr-sur-les-civils-pourraient-constituer-des-crimes-de-guerre\\\/\",\"url\":\"https:\\\/\\\/lasentinelle.dz\\\/index.php\\\/2026\\\/01\\\/20\\\/soudan-les-violations-des-fsr-sur-les-civils-pourraient-constituer-des-crimes-de-guerre\\\/\",\"name\":\"Soudan\u00a0: Les violations des FSR sur les civils pourraient constituer des crimes de guerre\u00a0 - La Sentinelle\",\"isPartOf\":{\"@id\":\"https:\\\/\\\/lasentinelle.dz\\\/#website\"},\"primaryImageOfPage\":{\"@id\":\"https:\\\/\\\/lasentinelle.dz\\\/index.php\\\/2026\\\/01\\\/20\\\/soudan-les-violations-des-fsr-sur-les-civils-pourraient-constituer-des-crimes-de-guerre\\\/#primaryimage\"},\"image\":{\"@id\":\"https:\\\/\\\/lasentinelle.dz\\\/index.php\\\/2026\\\/01\\\/20\\\/soudan-les-violations-des-fsr-sur-les-civils-pourraient-constituer-des-crimes-de-guerre\\\/#primaryimage\"},\"thumbnailUrl\":\"https:\\\/\\\/lasentinelle.dz\\\/wp-content\\\/uploads\\\/2026\\\/01\\\/soudan.webp\",\"datePublished\":\"2026-01-20T11:12:52+00:00\",\"dateModified\":\"2026-01-20T11:12:53+00:00\",\"breadcrumb\":{\"@id\":\"https:\\\/\\\/lasentinelle.dz\\\/index.php\\\/2026\\\/01\\\/20\\\/soudan-les-violations-des-fsr-sur-les-civils-pourraient-constituer-des-crimes-de-guerre\\\/#breadcrumb\"},\"inLanguage\":\"fr-FR\",\"potentialAction\":[{\"@type\":\"ReadAction\",\"target\":[\"https:\\\/\\\/lasentinelle.dz\\\/index.php\\\/2026\\\/01\\\/20\\\/soudan-les-violations-des-fsr-sur-les-civils-pourraient-constituer-des-crimes-de-guerre\\\/\"]}]},{\"@type\":\"ImageObject\",\"inLanguage\":\"fr-FR\",\"@id\":\"https:\\\/\\\/lasentinelle.dz\\\/index.php\\\/2026\\\/01\\\/20\\\/soudan-les-violations-des-fsr-sur-les-civils-pourraient-constituer-des-crimes-de-guerre\\\/#primaryimage\",\"url\":\"https:\\\/\\\/lasentinelle.dz\\\/wp-content\\\/uploads\\\/2026\\\/01\\\/soudan.webp\",\"contentUrl\":\"https:\\\/\\\/lasentinelle.dz\\\/wp-content\\\/uploads\\\/2026\\\/01\\\/soudan.webp\",\"width\":400,\"height\":225},{\"@type\":\"BreadcrumbList\",\"@id\":\"https:\\\/\\\/lasentinelle.dz\\\/index.php\\\/2026\\\/01\\\/20\\\/soudan-les-violations-des-fsr-sur-les-civils-pourraient-constituer-des-crimes-de-guerre\\\/#breadcrumb\",\"itemListElement\":[{\"@type\":\"ListItem\",\"position\":1,\"name\":\"Accueil\",\"item\":\"https:\\\/\\\/lasentinelle.dz\\\/\"},{\"@type\":\"ListItem\",\"position\":2,\"name\":\"Soudan\u00a0: Les violations des FSR sur les civils pourraient constituer des crimes de guerre\u00a0\"}]},{\"@type\":\"WebSite\",\"@id\":\"https:\\\/\\\/lasentinelle.dz\\\/#website\",\"url\":\"https:\\\/\\\/lasentinelle.dz\\\/\",\"name\":\"La Sentinelle\",\"description\":\"Quotidien national d&#039;information\",\"publisher\":{\"@id\":\"https:\\\/\\\/lasentinelle.dz\\\/#organization\"},\"potentialAction\":[{\"@type\":\"SearchAction\",\"target\":{\"@type\":\"EntryPoint\",\"urlTemplate\":\"https:\\\/\\\/lasentinelle.dz\\\/?s={search_term_string}\"},\"query-input\":{\"@type\":\"PropertyValueSpecification\",\"valueRequired\":true,\"valueName\":\"search_term_string\"}}],\"inLanguage\":\"fr-FR\"},{\"@type\":\"Organization\",\"@id\":\"https:\\\/\\\/lasentinelle.dz\\\/#organization\",\"name\":\"Quotidien La Sentinelle\",\"url\":\"https:\\\/\\\/lasentinelle.dz\\\/\",\"logo\":{\"@type\":\"ImageObject\",\"inLanguage\":\"fr-FR\",\"@id\":\"https:\\\/\\\/lasentinelle.dz\\\/#\\\/schema\\\/logo\\\/image\\\/\",\"url\":\"https:\\\/\\\/lasentinelle.dz\\\/wp-content\\\/uploads\\\/2021\\\/09\\\/logo-sentinelleSLOGAN-1.png\",\"contentUrl\":\"https:\\\/\\\/lasentinelle.dz\\\/wp-content\\\/uploads\\\/2021\\\/09\\\/logo-sentinelleSLOGAN-1.png\",\"width\":615,\"height\":142,\"caption\":\"Quotidien La Sentinelle\"},\"image\":{\"@id\":\"https:\\\/\\\/lasentinelle.dz\\\/#\\\/schema\\\/logo\\\/image\\\/\"},\"sameAs\":[\"https:\\\/\\\/www.facebook.com\\\/La-Sentinelle-104059864394773\"]},{\"@type\":\"Person\",\"@id\":\"https:\\\/\\\/lasentinelle.dz\\\/#\\\/schema\\\/person\\\/729ee0024f24e0b8c5ec17232f8e8b41\",\"name\":\"admin\",\"image\":{\"@type\":\"ImageObject\",\"inLanguage\":\"fr-FR\",\"@id\":\"https:\\\/\\\/secure.gravatar.com\\\/avatar\\\/4c81fed838786e9b53f540bf46533e750f5d292099ae3b66cfc6fb1982e29df7?s=96&d=mm&r=g\",\"url\":\"https:\\\/\\\/secure.gravatar.com\\\/avatar\\\/4c81fed838786e9b53f540bf46533e750f5d292099ae3b66cfc6fb1982e29df7?s=96&d=mm&r=g\",\"contentUrl\":\"https:\\\/\\\/secure.gravatar.com\\\/avatar\\\/4c81fed838786e9b53f540bf46533e750f5d292099ae3b66cfc6fb1982e29df7?s=96&d=mm&r=g\",\"caption\":\"admin\"},\"description\":\"admin\",\"url\":\"https:\\\/\\\/lasentinelle.dz\\\/author\\\/admin\\\/\"}]}<\/script>\n<!-- \/ Yoast SEO plugin. -->","yoast_head_json":{"title":"Soudan\u00a0: Les violations des FSR sur les civils pourraient constituer des crimes de guerre\u00a0 - La Sentinelle","robots":{"index":"index","follow":"follow","max-snippet":"max-snippet:-1","max-image-preview":"max-image-preview:large","max-video-preview":"max-video-preview:-1"},"canonical":"https:\/\/lasentinelle.dz\/index.php\/2026\/01\/20\/soudan-les-violations-des-fsr-sur-les-civils-pourraient-constituer-des-crimes-de-guerre\/","og_locale":"fr_FR","og_type":"article","og_title":"Soudan\u00a0: Les violations des FSR sur les civils pourraient constituer des crimes de guerre\u00a0 - La Sentinelle","og_description":"Le Haut-Commissaire des Nations unies aux droits de l&rsquo;homme, Volker T\u00fcrk, a affirm\u00e9, dimanche, que les graves violations commises par","og_url":"https:\/\/lasentinelle.dz\/index.php\/2026\/01\/20\/soudan-les-violations-des-fsr-sur-les-civils-pourraient-constituer-des-crimes-de-guerre\/","og_site_name":"La Sentinelle","article_publisher":"https:\/\/www.facebook.com\/La-Sentinelle-104059864394773","article_published_time":"2026-01-20T11:12:52+00:00","article_modified_time":"2026-01-20T11:12:53+00:00","og_image":[{"width":400,"height":225,"url":"https:\/\/lasentinelle.dz\/wp-content\/uploads\/2026\/01\/soudan.webp","type":"image\/webp"}],"author":"admin","twitter_card":"summary_large_image","twitter_misc":{"\u00c9crit par":"admin","Dur\u00e9e de lecture estim\u00e9e":"4 minutes"},"schema":{"@context":"https:\/\/schema.org","@graph":[{"@type":"Article","@id":"https:\/\/lasentinelle.dz\/index.php\/2026\/01\/20\/soudan-les-violations-des-fsr-sur-les-civils-pourraient-constituer-des-crimes-de-guerre\/#article","isPartOf":{"@id":"https:\/\/lasentinelle.dz\/index.php\/2026\/01\/20\/soudan-les-violations-des-fsr-sur-les-civils-pourraient-constituer-des-crimes-de-guerre\/"},"author":{"name":"admin","@id":"https:\/\/lasentinelle.dz\/#\/schema\/person\/729ee0024f24e0b8c5ec17232f8e8b41"},"headline":"Soudan\u00a0: Les violations des FSR sur les civils pourraient constituer des crimes de guerre\u00a0","datePublished":"2026-01-20T11:12:52+00:00","dateModified":"2026-01-20T11:12:53+00:00","mainEntityOfPage":{"@id":"https:\/\/lasentinelle.dz\/index.php\/2026\/01\/20\/soudan-les-violations-des-fsr-sur-les-civils-pourraient-constituer-des-crimes-de-guerre\/"},"wordCount":708,"commentCount":0,"publisher":{"@id":"https:\/\/lasentinelle.dz\/#organization"},"image":{"@id":"https:\/\/lasentinelle.dz\/index.php\/2026\/01\/20\/soudan-les-violations-des-fsr-sur-les-civils-pourraient-constituer-des-crimes-de-guerre\/#primaryimage"},"thumbnailUrl":"https:\/\/lasentinelle.dz\/wp-content\/uploads\/2026\/01\/soudan.webp","articleSection":["Monde"],"inLanguage":"fr-FR","potentialAction":[{"@type":"CommentAction","name":"Comment","target":["https:\/\/lasentinelle.dz\/index.php\/2026\/01\/20\/soudan-les-violations-des-fsr-sur-les-civils-pourraient-constituer-des-crimes-de-guerre\/#respond"]}]},{"@type":"WebPage","@id":"https:\/\/lasentinelle.dz\/index.php\/2026\/01\/20\/soudan-les-violations-des-fsr-sur-les-civils-pourraient-constituer-des-crimes-de-guerre\/","url":"https:\/\/lasentinelle.dz\/index.php\/2026\/01\/20\/soudan-les-violations-des-fsr-sur-les-civils-pourraient-constituer-des-crimes-de-guerre\/","name":"Soudan\u00a0: Les violations des FSR sur les civils pourraient constituer des crimes de guerre\u00a0 - La Sentinelle","isPartOf":{"@id":"https:\/\/lasentinelle.dz\/#website"},"primaryImageOfPage":{"@id":"https:\/\/lasentinelle.dz\/index.php\/2026\/01\/20\/soudan-les-violations-des-fsr-sur-les-civils-pourraient-constituer-des-crimes-de-guerre\/#primaryimage"},"image":{"@id":"https:\/\/lasentinelle.dz\/index.php\/2026\/01\/20\/soudan-les-violations-des-fsr-sur-les-civils-pourraient-constituer-des-crimes-de-guerre\/#primaryimage"},"thumbnailUrl":"https:\/\/lasentinelle.dz\/wp-content\/uploads\/2026\/01\/soudan.webp","datePublished":"2026-01-20T11:12:52+00:00","dateModified":"2026-01-20T11:12:53+00:00","breadcrumb":{"@id":"https:\/\/lasentinelle.dz\/index.php\/2026\/01\/20\/soudan-les-violations-des-fsr-sur-les-civils-pourraient-constituer-des-crimes-de-guerre\/#breadcrumb"},"inLanguage":"fr-FR","potentialAction":[{"@type":"ReadAction","target":["https:\/\/lasentinelle.dz\/index.php\/2026\/01\/20\/soudan-les-violations-des-fsr-sur-les-civils-pourraient-constituer-des-crimes-de-guerre\/"]}]},{"@type":"ImageObject","inLanguage":"fr-FR","@id":"https:\/\/lasentinelle.dz\/index.php\/2026\/01\/20\/soudan-les-violations-des-fsr-sur-les-civils-pourraient-constituer-des-crimes-de-guerre\/#primaryimage","url":"https:\/\/lasentinelle.dz\/wp-content\/uploads\/2026\/01\/soudan.webp","contentUrl":"https:\/\/lasentinelle.dz\/wp-content\/uploads\/2026\/01\/soudan.webp","width":400,"height":225},{"@type":"BreadcrumbList","@id":"https:\/\/lasentinelle.dz\/index.php\/2026\/01\/20\/soudan-les-violations-des-fsr-sur-les-civils-pourraient-constituer-des-crimes-de-guerre\/#breadcrumb","itemListElement":[{"@type":"ListItem","position":1,"name":"Accueil","item":"https:\/\/lasentinelle.dz\/"},{"@type":"ListItem","position":2,"name":"Soudan\u00a0: Les violations des FSR sur les civils pourraient constituer des crimes de guerre\u00a0"}]},{"@type":"WebSite","@id":"https:\/\/lasentinelle.dz\/#website","url":"https:\/\/lasentinelle.dz\/","name":"La Sentinelle","description":"Quotidien national d&#039;information","publisher":{"@id":"https:\/\/lasentinelle.dz\/#organization"},"potentialAction":[{"@type":"SearchAction","target":{"@type":"EntryPoint","urlTemplate":"https:\/\/lasentinelle.dz\/?s={search_term_string}"},"query-input":{"@type":"PropertyValueSpecification","valueRequired":true,"valueName":"search_term_string"}}],"inLanguage":"fr-FR"},{"@type":"Organization","@id":"https:\/\/lasentinelle.dz\/#organization","name":"Quotidien La Sentinelle","url":"https:\/\/lasentinelle.dz\/","logo":{"@type":"ImageObject","inLanguage":"fr-FR","@id":"https:\/\/lasentinelle.dz\/#\/schema\/logo\/image\/","url":"https:\/\/lasentinelle.dz\/wp-content\/uploads\/2021\/09\/logo-sentinelleSLOGAN-1.png","contentUrl":"https:\/\/lasentinelle.dz\/wp-content\/uploads\/2021\/09\/logo-sentinelleSLOGAN-1.png","width":615,"height":142,"caption":"Quotidien La Sentinelle"},"image":{"@id":"https:\/\/lasentinelle.dz\/#\/schema\/logo\/image\/"},"sameAs":["https:\/\/www.facebook.com\/La-Sentinelle-104059864394773"]},{"@type":"Person","@id":"https:\/\/lasentinelle.dz\/#\/schema\/person\/729ee0024f24e0b8c5ec17232f8e8b41","name":"admin","image":{"@type":"ImageObject","inLanguage":"fr-FR","@id":"https:\/\/secure.gravatar.com\/avatar\/4c81fed838786e9b53f540bf46533e750f5d292099ae3b66cfc6fb1982e29df7?s=96&d=mm&r=g","url":"https:\/\/secure.gravatar.com\/avatar\/4c81fed838786e9b53f540bf46533e750f5d292099ae3b66cfc6fb1982e29df7?s=96&d=mm&r=g","contentUrl":"https:\/\/secure.gravatar.com\/avatar\/4c81fed838786e9b53f540bf46533e750f5d292099ae3b66cfc6fb1982e29df7?s=96&d=mm&r=g","caption":"admin"},"description":"admin","url":"https:\/\/lasentinelle.dz\/author\/admin\/"}]}},"_links":{"self":[{"href":"https:\/\/lasentinelle.dz\/index.php\/wp-json\/wp\/v2\/posts\/79726","targetHints":{"allow":["GET"]}}],"collection":[{"href":"https:\/\/lasentinelle.dz\/index.php\/wp-json\/wp\/v2\/posts"}],"about":[{"href":"https:\/\/lasentinelle.dz\/index.php\/wp-json\/wp\/v2\/types\/post"}],"author":[{"embeddable":true,"href":"https:\/\/lasentinelle.dz\/index.php\/wp-json\/wp\/v2\/users\/6"}],"replies":[{"embeddable":true,"href":"https:\/\/lasentinelle.dz\/index.php\/wp-json\/wp\/v2\/comments?post=79726"}],"version-history":[{"count":1,"href":"https:\/\/lasentinelle.dz\/index.php\/wp-json\/wp\/v2\/posts\/79726\/revisions"}],"predecessor-version":[{"id":79728,"href":"https:\/\/lasentinelle.dz\/index.php\/wp-json\/wp\/v2\/posts\/79726\/revisions\/79728"}],"wp:featuredmedia":[{"embeddable":true,"href":"https:\/\/lasentinelle.dz\/index.php\/wp-json\/wp\/v2\/media\/79727"}],"wp:attachment":[{"href":"https:\/\/lasentinelle.dz\/index.php\/wp-json\/wp\/v2\/media?parent=79726"}],"wp:term":[{"taxonomy":"category","embeddable":true,"href":"https:\/\/lasentinelle.dz\/index.php\/wp-json\/wp\/v2\/categories?post=79726"},{"taxonomy":"post_tag","embeddable":true,"href":"https:\/\/lasentinelle.dz\/index.php\/wp-json\/wp\/v2\/tags?post=79726"}],"curies":[{"name":"wp","href":"https:\/\/api.w.org\/{rel}","templated":true}]}}