{"id":79729,"date":"2026-01-20T12:13:31","date_gmt":"2026-01-20T11:13:31","guid":{"rendered":"https:\/\/lasentinelle.dz\/?p=79729"},"modified":"2026-01-20T12:13:32","modified_gmt":"2026-01-20T11:13:32","slug":"le-sahara-occidental-demeure-un-territoire-non-autonome-relevant-dun-processus-de-decolonisation-inacheve","status":"publish","type":"post","link":"https:\/\/lasentinelle.dz\/index.php\/2026\/01\/20\/le-sahara-occidental-demeure-un-territoire-non-autonome-relevant-dun-processus-de-decolonisation-inacheve\/","title":{"rendered":"Le Sahara occidental demeure \u00ab\u00a0un territoire non autonome\u00a0\u00bb relevant d&rsquo;un \u00ab\u00a0processus de d\u00e9colonisation inachev\u00e9\u00a0\u00bb\u00a0"},"content":{"rendered":"\n<p>Le retrait de l&rsquo;Espagne du Sahara occidental en 1975 et son occupation ult\u00e9rieure par le Maroc n&rsquo;ont pas modifi\u00e9 le statut de ce territoire, affirme l&rsquo;\u00e9crivaine et journaliste espagnole Victoria Corera, soulignant que le Sahara occidental demeure \u00ab\u00a0un territoire non autonome\u00a0\u00bb relevant d&rsquo;un \u00ab\u00a0processus de d\u00e9colonisation inachev\u00e9\u00a0\u00bb. \u00ab\u00a0Pour les Nations unies, le Sahara occidental n&rsquo;a ni cess\u00e9 d&rsquo;\u00eatre un territoire non autonome, ni cess\u00e9 de relever d&rsquo;un processus de d\u00e9colonisation inachev\u00e9, et il ne s&rsquo;est jamais int\u00e9gr\u00e9 l\u00e9galement \u00e0 un autre Etat\u00a0\u00bb, a-t-elle \u00e9crit dans un article publi\u00e9 sur la plateforme \u00ab\u00a0N&rsquo;oubliez pas le Sahara occidental\u00a0\u00bb. Au contraire, l&rsquo;\u00e9crivaine rel\u00e8ve que l&rsquo;organisation internationale \u00ab\u00a0continue de consid\u00e9rer que la question de fond, \u00e0 savoir l&rsquo;exercice par le peuple sahraoui de son droit \u00e0 l&rsquo;autod\u00e9termination, restait sans solution\u00a0\u00bb. \u00ab\u00a0C&rsquo;est pour cette raison que, des d\u00e9cennies plus tard, le Sahara occidental figure toujours sur la liste officielle des territoires en attente de d\u00e9colonisation\u00a0\u00bb, souligne-t-elle, pr\u00e9cisant, dans ce contexte, que ce statut entra\u00eene des cons\u00e9quences juridiques claires. \u00ab\u00a0Il signifie que le peuple sahraoui conserve un droit collectif, reconnu au niveau international, \u00e0 d\u00e9cider de son avenir politique et que toute solution durable doit reposer sur l&rsquo;expression libre de sa volont\u00e9\u00a0\u00bb, explique-t-elle. Selon la journaliste espagnole, ce statut implique \u00e9galement qu'\u00a0\u00bbaucun Etat ne peut acqu\u00e9rir la souverainet\u00e9 sur ce territoire par la voie de l&rsquo;occupation ni par des accords qui ignorent sa population\u00a0\u00bb. \u00ab\u00a0En la mati\u00e8re, le droit international ne tol\u00e8re aucun raccourci\u00a0\u00bb, mart\u00e8le-t-elle. Pour Victoria Corera, le statut de territoire non autonome \u00e9tablit \u00ab\u00a0un cadre juridique incontournable\u00a0\u00bb. \u00ab\u00a0Tant qu&rsquo;un acte valide d&rsquo;autod\u00e9termination n&rsquo;a pas eu lieu, le processus de d\u00e9colonisation demeure ouvert et la situation ne peut \u00eatre consid\u00e9r\u00e9e comme r\u00e9gl\u00e9e\u00a0\u00bb, ajoute-t-elle. C&rsquo;est pourquoi, elle estime qu&rsquo;il est \u00ab\u00a0trompeur\u00a0\u00bb de pr\u00e9senter le Sahara occidental comme une simple \u00ab\u00a0dispute territoriale\u00a0\u00bb ou comme un conflit bilat\u00e9ral entre Etats. \u00ab\u00a0Cette mani\u00e8re de d\u00e9crire la r\u00e9alit\u00e9 dilue l&rsquo;\u00e9l\u00e9ment essentiel du probl\u00e8me et d\u00e9place le centre de gravit\u00e9 des droits d&rsquo;un peuple vers des \u00e9quilibres g\u00e9opolitiques qui lui sont \u00e9trangers. Le langage n&rsquo;est jamais innocent et, dans ce cas pr\u00e9cis, il contribue \u00e0 normaliser une situation que le droit international n&rsquo;a jamais normalis\u00e9e\u00a0\u00bb, avertit-elle. D&rsquo;ailleurs, plus de soixante ans apr\u00e8s son inscription sur la liste des territoires non autonomes, le Sahara occidental demeure un dossier ouvert au sein du syst\u00e8me international, parce que le principe qui le fonde : le droit du peuple sahraoui \u00e0 d\u00e9cider librement de son avenir n&rsquo;a toujours pas \u00e9t\u00e9 exerc\u00e9. \u00ab\u00a0Tant que cela ne sera pas le cas, cette qualification ne rel\u00e8vera pas du pass\u00e9, mais constituera une r\u00e9alit\u00e9 juridique pleinement en vigueur\u00a0\u00bb, soutient-elle. Elle rappelle, en effet, que le Sahara occidental a \u00e9t\u00e9 inscrit sur la liste des territoires non autonomes en 1963, alors qu&rsquo;il se trouvait encore sous administration coloniale espagnole. A partir de ce moment, les Nations unies ont officiellement reconnu que sa population avait droit \u00e0 l&rsquo;autod\u00e9termination et que le processus de d\u00e9colonisation n&rsquo;\u00e9tait pas achev\u00e9. \u00ab\u00a0Cette inscription n&rsquo;a jamais \u00e9t\u00e9 r\u00e9voqu\u00e9e ni remplac\u00e9e par aucun acte juridique valable mettant fin au processus, malgr\u00e9 les \u00e9volutions politiques et militaires survenues depuis lors\u00a0\u00bb, conclut-elle.<\/p>\n\n\n\n<p>APS<\/p>\n","protected":false},"excerpt":{"rendered":"<p>Le retrait de l&rsquo;Espagne du Sahara occidental en 1975 et son occupation ult\u00e9rieure par le Maroc n&rsquo;ont pas modifi\u00e9 le<\/p>\n","protected":false},"author":6,"featured_media":57408,"comment_status":"open","ping_status":"closed","sticky":false,"template":"","format":"standard","meta":{"colormag_page_container_layout":"default_layout","colormag_page_sidebar_layout":"default_layout","om_disable_all_campaigns":false,"_monsterinsights_skip_tracking":false,"_monsterinsights_sitenote_active":false,"_monsterinsights_sitenote_note":"","_monsterinsights_sitenote_category":0,"footnotes":"","_wpscppro_dont_share_socialmedia":false,"_wpscppro_custom_social_share_image":0,"_facebook_share_type":"default","_twitter_share_type":"default","_linkedin_share_type":"default","_pinterest_share_type":"default","_linkedin_share_type_page":"","_instagram_share_type":"default","_medium_share_type":"default","_threads_share_type":"default","_google_business_share_type":"default","_selected_social_profile":[],"_wpsp_enable_custom_social_template":false,"_wpsp_social_scheduling":{"enabled":false,"datetime":null,"platforms":[],"status":"template_only","dateOption":"today","timeOption":"now","customDays":"","customHours":"","customDate":"","customTime":"","schedulingType":"absolute"},"_wpsp_active_default_template":true},"categories":[37],"tags":[],"class_list":["post-79729","post","type-post","status-publish","format-standard","has-post-thumbnail","hentry","category-monde"],"aioseo_notices":[],"yoast_head":"<!-- This site is optimized with the Yoast SEO plugin v27.5 - https:\/\/yoast.com\/product\/yoast-seo-wordpress\/ -->\n<title>Le Sahara occidental demeure \u00ab\u00a0un territoire non autonome\u00a0\u00bb relevant d&rsquo;un \u00ab\u00a0processus de d\u00e9colonisation inachev\u00e9\u00a0\u00bb\u00a0 - La Sentinelle<\/title>\n<meta name=\"robots\" content=\"index, follow, max-snippet:-1, max-image-preview:large, max-video-preview:-1\" \/>\n<link rel=\"canonical\" href=\"https:\/\/lasentinelle.dz\/index.php\/2026\/01\/20\/le-sahara-occidental-demeure-un-territoire-non-autonome-relevant-dun-processus-de-decolonisation-inacheve\/\" \/>\n<meta property=\"og:locale\" content=\"fr_FR\" \/>\n<meta property=\"og:type\" content=\"article\" \/>\n<meta property=\"og:title\" content=\"Le Sahara occidental demeure \u00ab\u00a0un territoire non autonome\u00a0\u00bb relevant d&rsquo;un \u00ab\u00a0processus de d\u00e9colonisation inachev\u00e9\u00a0\u00bb\u00a0 - La Sentinelle\" \/>\n<meta property=\"og:description\" content=\"Le retrait de l&rsquo;Espagne du Sahara occidental en 1975 et son occupation ult\u00e9rieure par le Maroc n&rsquo;ont pas modifi\u00e9 le\" \/>\n<meta property=\"og:url\" content=\"https:\/\/lasentinelle.dz\/index.php\/2026\/01\/20\/le-sahara-occidental-demeure-un-territoire-non-autonome-relevant-dun-processus-de-decolonisation-inacheve\/\" \/>\n<meta property=\"og:site_name\" content=\"La Sentinelle\" \/>\n<meta property=\"article:publisher\" content=\"https:\/\/www.facebook.com\/La-Sentinelle-104059864394773\" \/>\n<meta property=\"article:published_time\" content=\"2026-01-20T11:13:31+00:00\" \/>\n<meta property=\"article:modified_time\" content=\"2026-01-20T11:13:32+00:00\" \/>\n<meta property=\"og:image\" content=\"https:\/\/lasentinelle.dz\/wp-content\/uploads\/2024\/09\/sahara-occidental.jpg\" \/>\n\t<meta property=\"og:image:width\" content=\"580\" \/>\n\t<meta property=\"og:image:height\" content=\"350\" \/>\n\t<meta property=\"og:image:type\" content=\"image\/jpeg\" \/>\n<meta name=\"author\" content=\"admin\" \/>\n<meta name=\"twitter:card\" content=\"summary_large_image\" \/>\n<meta name=\"twitter:label1\" content=\"\u00c9crit par\" \/>\n\t<meta name=\"twitter:data1\" content=\"admin\" \/>\n\t<meta name=\"twitter:label2\" content=\"Dur\u00e9e de lecture estim\u00e9e\" \/>\n\t<meta name=\"twitter:data2\" content=\"3 minutes\" \/>\n<script type=\"application\/ld+json\" class=\"yoast-schema-graph\">{\"@context\":\"https:\\\/\\\/schema.org\",\"@graph\":[{\"@type\":\"Article\",\"@id\":\"https:\\\/\\\/lasentinelle.dz\\\/index.php\\\/2026\\\/01\\\/20\\\/le-sahara-occidental-demeure-un-territoire-non-autonome-relevant-dun-processus-de-decolonisation-inacheve\\\/#article\",\"isPartOf\":{\"@id\":\"https:\\\/\\\/lasentinelle.dz\\\/index.php\\\/2026\\\/01\\\/20\\\/le-sahara-occidental-demeure-un-territoire-non-autonome-relevant-dun-processus-de-decolonisation-inacheve\\\/\"},\"author\":{\"name\":\"admin\",\"@id\":\"https:\\\/\\\/lasentinelle.dz\\\/#\\\/schema\\\/person\\\/729ee0024f24e0b8c5ec17232f8e8b41\"},\"headline\":\"Le Sahara occidental demeure \u00ab\u00a0un territoire non autonome\u00a0\u00bb relevant d&rsquo;un \u00ab\u00a0processus de d\u00e9colonisation inachev\u00e9\u00a0\u00bb\u00a0\",\"datePublished\":\"2026-01-20T11:13:31+00:00\",\"dateModified\":\"2026-01-20T11:13:32+00:00\",\"mainEntityOfPage\":{\"@id\":\"https:\\\/\\\/lasentinelle.dz\\\/index.php\\\/2026\\\/01\\\/20\\\/le-sahara-occidental-demeure-un-territoire-non-autonome-relevant-dun-processus-de-decolonisation-inacheve\\\/\"},\"wordCount\":598,\"commentCount\":0,\"publisher\":{\"@id\":\"https:\\\/\\\/lasentinelle.dz\\\/#organization\"},\"image\":{\"@id\":\"https:\\\/\\\/lasentinelle.dz\\\/index.php\\\/2026\\\/01\\\/20\\\/le-sahara-occidental-demeure-un-territoire-non-autonome-relevant-dun-processus-de-decolonisation-inacheve\\\/#primaryimage\"},\"thumbnailUrl\":\"https:\\\/\\\/lasentinelle.dz\\\/wp-content\\\/uploads\\\/2024\\\/09\\\/sahara-occidental.jpg\",\"articleSection\":[\"Monde\"],\"inLanguage\":\"fr-FR\",\"potentialAction\":[{\"@type\":\"CommentAction\",\"name\":\"Comment\",\"target\":[\"https:\\\/\\\/lasentinelle.dz\\\/index.php\\\/2026\\\/01\\\/20\\\/le-sahara-occidental-demeure-un-territoire-non-autonome-relevant-dun-processus-de-decolonisation-inacheve\\\/#respond\"]}]},{\"@type\":\"WebPage\",\"@id\":\"https:\\\/\\\/lasentinelle.dz\\\/index.php\\\/2026\\\/01\\\/20\\\/le-sahara-occidental-demeure-un-territoire-non-autonome-relevant-dun-processus-de-decolonisation-inacheve\\\/\",\"url\":\"https:\\\/\\\/lasentinelle.dz\\\/index.php\\\/2026\\\/01\\\/20\\\/le-sahara-occidental-demeure-un-territoire-non-autonome-relevant-dun-processus-de-decolonisation-inacheve\\\/\",\"name\":\"Le Sahara occidental demeure \u00ab\u00a0un territoire non autonome\u00a0\u00bb relevant d&rsquo;un \u00ab\u00a0processus de d\u00e9colonisation inachev\u00e9\u00a0\u00bb\u00a0 - La Sentinelle\",\"isPartOf\":{\"@id\":\"https:\\\/\\\/lasentinelle.dz\\\/#website\"},\"primaryImageOfPage\":{\"@id\":\"https:\\\/\\\/lasentinelle.dz\\\/index.php\\\/2026\\\/01\\\/20\\\/le-sahara-occidental-demeure-un-territoire-non-autonome-relevant-dun-processus-de-decolonisation-inacheve\\\/#primaryimage\"},\"image\":{\"@id\":\"https:\\\/\\\/lasentinelle.dz\\\/index.php\\\/2026\\\/01\\\/20\\\/le-sahara-occidental-demeure-un-territoire-non-autonome-relevant-dun-processus-de-decolonisation-inacheve\\\/#primaryimage\"},\"thumbnailUrl\":\"https:\\\/\\\/lasentinelle.dz\\\/wp-content\\\/uploads\\\/2024\\\/09\\\/sahara-occidental.jpg\",\"datePublished\":\"2026-01-20T11:13:31+00:00\",\"dateModified\":\"2026-01-20T11:13:32+00:00\",\"breadcrumb\":{\"@id\":\"https:\\\/\\\/lasentinelle.dz\\\/index.php\\\/2026\\\/01\\\/20\\\/le-sahara-occidental-demeure-un-territoire-non-autonome-relevant-dun-processus-de-decolonisation-inacheve\\\/#breadcrumb\"},\"inLanguage\":\"fr-FR\",\"potentialAction\":[{\"@type\":\"ReadAction\",\"target\":[\"https:\\\/\\\/lasentinelle.dz\\\/index.php\\\/2026\\\/01\\\/20\\\/le-sahara-occidental-demeure-un-territoire-non-autonome-relevant-dun-processus-de-decolonisation-inacheve\\\/\"]}]},{\"@type\":\"ImageObject\",\"inLanguage\":\"fr-FR\",\"@id\":\"https:\\\/\\\/lasentinelle.dz\\\/index.php\\\/2026\\\/01\\\/20\\\/le-sahara-occidental-demeure-un-territoire-non-autonome-relevant-dun-processus-de-decolonisation-inacheve\\\/#primaryimage\",\"url\":\"https:\\\/\\\/lasentinelle.dz\\\/wp-content\\\/uploads\\\/2024\\\/09\\\/sahara-occidental.jpg\",\"contentUrl\":\"https:\\\/\\\/lasentinelle.dz\\\/wp-content\\\/uploads\\\/2024\\\/09\\\/sahara-occidental.jpg\",\"width\":580,\"height\":350},{\"@type\":\"BreadcrumbList\",\"@id\":\"https:\\\/\\\/lasentinelle.dz\\\/index.php\\\/2026\\\/01\\\/20\\\/le-sahara-occidental-demeure-un-territoire-non-autonome-relevant-dun-processus-de-decolonisation-inacheve\\\/#breadcrumb\",\"itemListElement\":[{\"@type\":\"ListItem\",\"position\":1,\"name\":\"Accueil\",\"item\":\"https:\\\/\\\/lasentinelle.dz\\\/\"},{\"@type\":\"ListItem\",\"position\":2,\"name\":\"Le Sahara occidental demeure \u00ab\u00a0un territoire non autonome\u00a0\u00bb relevant d&rsquo;un \u00ab\u00a0processus de d\u00e9colonisation inachev\u00e9\u00a0\u00bb\u00a0\"}]},{\"@type\":\"WebSite\",\"@id\":\"https:\\\/\\\/lasentinelle.dz\\\/#website\",\"url\":\"https:\\\/\\\/lasentinelle.dz\\\/\",\"name\":\"La Sentinelle\",\"description\":\"Quotidien national d&#039;information\",\"publisher\":{\"@id\":\"https:\\\/\\\/lasentinelle.dz\\\/#organization\"},\"potentialAction\":[{\"@type\":\"SearchAction\",\"target\":{\"@type\":\"EntryPoint\",\"urlTemplate\":\"https:\\\/\\\/lasentinelle.dz\\\/?s={search_term_string}\"},\"query-input\":{\"@type\":\"PropertyValueSpecification\",\"valueRequired\":true,\"valueName\":\"search_term_string\"}}],\"inLanguage\":\"fr-FR\"},{\"@type\":\"Organization\",\"@id\":\"https:\\\/\\\/lasentinelle.dz\\\/#organization\",\"name\":\"Quotidien La Sentinelle\",\"url\":\"https:\\\/\\\/lasentinelle.dz\\\/\",\"logo\":{\"@type\":\"ImageObject\",\"inLanguage\":\"fr-FR\",\"@id\":\"https:\\\/\\\/lasentinelle.dz\\\/#\\\/schema\\\/logo\\\/image\\\/\",\"url\":\"https:\\\/\\\/lasentinelle.dz\\\/wp-content\\\/uploads\\\/2021\\\/09\\\/logo-sentinelleSLOGAN-1.png\",\"contentUrl\":\"https:\\\/\\\/lasentinelle.dz\\\/wp-content\\\/uploads\\\/2021\\\/09\\\/logo-sentinelleSLOGAN-1.png\",\"width\":615,\"height\":142,\"caption\":\"Quotidien La Sentinelle\"},\"image\":{\"@id\":\"https:\\\/\\\/lasentinelle.dz\\\/#\\\/schema\\\/logo\\\/image\\\/\"},\"sameAs\":[\"https:\\\/\\\/www.facebook.com\\\/La-Sentinelle-104059864394773\"]},{\"@type\":\"Person\",\"@id\":\"https:\\\/\\\/lasentinelle.dz\\\/#\\\/schema\\\/person\\\/729ee0024f24e0b8c5ec17232f8e8b41\",\"name\":\"admin\",\"image\":{\"@type\":\"ImageObject\",\"inLanguage\":\"fr-FR\",\"@id\":\"https:\\\/\\\/secure.gravatar.com\\\/avatar\\\/4c81fed838786e9b53f540bf46533e750f5d292099ae3b66cfc6fb1982e29df7?s=96&d=mm&r=g\",\"url\":\"https:\\\/\\\/secure.gravatar.com\\\/avatar\\\/4c81fed838786e9b53f540bf46533e750f5d292099ae3b66cfc6fb1982e29df7?s=96&d=mm&r=g\",\"contentUrl\":\"https:\\\/\\\/secure.gravatar.com\\\/avatar\\\/4c81fed838786e9b53f540bf46533e750f5d292099ae3b66cfc6fb1982e29df7?s=96&d=mm&r=g\",\"caption\":\"admin\"},\"description\":\"admin\",\"url\":\"https:\\\/\\\/lasentinelle.dz\\\/author\\\/admin\\\/\"}]}<\/script>\n<!-- \/ Yoast SEO plugin. -->","yoast_head_json":{"title":"Le Sahara occidental demeure \u00ab\u00a0un territoire non autonome\u00a0\u00bb relevant d&rsquo;un \u00ab\u00a0processus de d\u00e9colonisation inachev\u00e9\u00a0\u00bb\u00a0 - La Sentinelle","robots":{"index":"index","follow":"follow","max-snippet":"max-snippet:-1","max-image-preview":"max-image-preview:large","max-video-preview":"max-video-preview:-1"},"canonical":"https:\/\/lasentinelle.dz\/index.php\/2026\/01\/20\/le-sahara-occidental-demeure-un-territoire-non-autonome-relevant-dun-processus-de-decolonisation-inacheve\/","og_locale":"fr_FR","og_type":"article","og_title":"Le Sahara occidental demeure \u00ab\u00a0un territoire non autonome\u00a0\u00bb relevant d&rsquo;un \u00ab\u00a0processus de d\u00e9colonisation inachev\u00e9\u00a0\u00bb\u00a0 - La Sentinelle","og_description":"Le retrait de l&rsquo;Espagne du Sahara occidental en 1975 et son occupation ult\u00e9rieure par le Maroc n&rsquo;ont pas modifi\u00e9 le","og_url":"https:\/\/lasentinelle.dz\/index.php\/2026\/01\/20\/le-sahara-occidental-demeure-un-territoire-non-autonome-relevant-dun-processus-de-decolonisation-inacheve\/","og_site_name":"La Sentinelle","article_publisher":"https:\/\/www.facebook.com\/La-Sentinelle-104059864394773","article_published_time":"2026-01-20T11:13:31+00:00","article_modified_time":"2026-01-20T11:13:32+00:00","og_image":[{"width":580,"height":350,"url":"https:\/\/lasentinelle.dz\/wp-content\/uploads\/2024\/09\/sahara-occidental.jpg","type":"image\/jpeg"}],"author":"admin","twitter_card":"summary_large_image","twitter_misc":{"\u00c9crit par":"admin","Dur\u00e9e de lecture estim\u00e9e":"3 minutes"},"schema":{"@context":"https:\/\/schema.org","@graph":[{"@type":"Article","@id":"https:\/\/lasentinelle.dz\/index.php\/2026\/01\/20\/le-sahara-occidental-demeure-un-territoire-non-autonome-relevant-dun-processus-de-decolonisation-inacheve\/#article","isPartOf":{"@id":"https:\/\/lasentinelle.dz\/index.php\/2026\/01\/20\/le-sahara-occidental-demeure-un-territoire-non-autonome-relevant-dun-processus-de-decolonisation-inacheve\/"},"author":{"name":"admin","@id":"https:\/\/lasentinelle.dz\/#\/schema\/person\/729ee0024f24e0b8c5ec17232f8e8b41"},"headline":"Le Sahara occidental demeure \u00ab\u00a0un territoire non autonome\u00a0\u00bb relevant d&rsquo;un \u00ab\u00a0processus de d\u00e9colonisation inachev\u00e9\u00a0\u00bb\u00a0","datePublished":"2026-01-20T11:13:31+00:00","dateModified":"2026-01-20T11:13:32+00:00","mainEntityOfPage":{"@id":"https:\/\/lasentinelle.dz\/index.php\/2026\/01\/20\/le-sahara-occidental-demeure-un-territoire-non-autonome-relevant-dun-processus-de-decolonisation-inacheve\/"},"wordCount":598,"commentCount":0,"publisher":{"@id":"https:\/\/lasentinelle.dz\/#organization"},"image":{"@id":"https:\/\/lasentinelle.dz\/index.php\/2026\/01\/20\/le-sahara-occidental-demeure-un-territoire-non-autonome-relevant-dun-processus-de-decolonisation-inacheve\/#primaryimage"},"thumbnailUrl":"https:\/\/lasentinelle.dz\/wp-content\/uploads\/2024\/09\/sahara-occidental.jpg","articleSection":["Monde"],"inLanguage":"fr-FR","potentialAction":[{"@type":"CommentAction","name":"Comment","target":["https:\/\/lasentinelle.dz\/index.php\/2026\/01\/20\/le-sahara-occidental-demeure-un-territoire-non-autonome-relevant-dun-processus-de-decolonisation-inacheve\/#respond"]}]},{"@type":"WebPage","@id":"https:\/\/lasentinelle.dz\/index.php\/2026\/01\/20\/le-sahara-occidental-demeure-un-territoire-non-autonome-relevant-dun-processus-de-decolonisation-inacheve\/","url":"https:\/\/lasentinelle.dz\/index.php\/2026\/01\/20\/le-sahara-occidental-demeure-un-territoire-non-autonome-relevant-dun-processus-de-decolonisation-inacheve\/","name":"Le Sahara occidental demeure \u00ab\u00a0un territoire non autonome\u00a0\u00bb relevant d&rsquo;un \u00ab\u00a0processus de d\u00e9colonisation inachev\u00e9\u00a0\u00bb\u00a0 - La Sentinelle","isPartOf":{"@id":"https:\/\/lasentinelle.dz\/#website"},"primaryImageOfPage":{"@id":"https:\/\/lasentinelle.dz\/index.php\/2026\/01\/20\/le-sahara-occidental-demeure-un-territoire-non-autonome-relevant-dun-processus-de-decolonisation-inacheve\/#primaryimage"},"image":{"@id":"https:\/\/lasentinelle.dz\/index.php\/2026\/01\/20\/le-sahara-occidental-demeure-un-territoire-non-autonome-relevant-dun-processus-de-decolonisation-inacheve\/#primaryimage"},"thumbnailUrl":"https:\/\/lasentinelle.dz\/wp-content\/uploads\/2024\/09\/sahara-occidental.jpg","datePublished":"2026-01-20T11:13:31+00:00","dateModified":"2026-01-20T11:13:32+00:00","breadcrumb":{"@id":"https:\/\/lasentinelle.dz\/index.php\/2026\/01\/20\/le-sahara-occidental-demeure-un-territoire-non-autonome-relevant-dun-processus-de-decolonisation-inacheve\/#breadcrumb"},"inLanguage":"fr-FR","potentialAction":[{"@type":"ReadAction","target":["https:\/\/lasentinelle.dz\/index.php\/2026\/01\/20\/le-sahara-occidental-demeure-un-territoire-non-autonome-relevant-dun-processus-de-decolonisation-inacheve\/"]}]},{"@type":"ImageObject","inLanguage":"fr-FR","@id":"https:\/\/lasentinelle.dz\/index.php\/2026\/01\/20\/le-sahara-occidental-demeure-un-territoire-non-autonome-relevant-dun-processus-de-decolonisation-inacheve\/#primaryimage","url":"https:\/\/lasentinelle.dz\/wp-content\/uploads\/2024\/09\/sahara-occidental.jpg","contentUrl":"https:\/\/lasentinelle.dz\/wp-content\/uploads\/2024\/09\/sahara-occidental.jpg","width":580,"height":350},{"@type":"BreadcrumbList","@id":"https:\/\/lasentinelle.dz\/index.php\/2026\/01\/20\/le-sahara-occidental-demeure-un-territoire-non-autonome-relevant-dun-processus-de-decolonisation-inacheve\/#breadcrumb","itemListElement":[{"@type":"ListItem","position":1,"name":"Accueil","item":"https:\/\/lasentinelle.dz\/"},{"@type":"ListItem","position":2,"name":"Le Sahara occidental demeure \u00ab\u00a0un territoire non autonome\u00a0\u00bb relevant d&rsquo;un \u00ab\u00a0processus de d\u00e9colonisation inachev\u00e9\u00a0\u00bb\u00a0"}]},{"@type":"WebSite","@id":"https:\/\/lasentinelle.dz\/#website","url":"https:\/\/lasentinelle.dz\/","name":"La Sentinelle","description":"Quotidien national d&#039;information","publisher":{"@id":"https:\/\/lasentinelle.dz\/#organization"},"potentialAction":[{"@type":"SearchAction","target":{"@type":"EntryPoint","urlTemplate":"https:\/\/lasentinelle.dz\/?s={search_term_string}"},"query-input":{"@type":"PropertyValueSpecification","valueRequired":true,"valueName":"search_term_string"}}],"inLanguage":"fr-FR"},{"@type":"Organization","@id":"https:\/\/lasentinelle.dz\/#organization","name":"Quotidien La Sentinelle","url":"https:\/\/lasentinelle.dz\/","logo":{"@type":"ImageObject","inLanguage":"fr-FR","@id":"https:\/\/lasentinelle.dz\/#\/schema\/logo\/image\/","url":"https:\/\/lasentinelle.dz\/wp-content\/uploads\/2021\/09\/logo-sentinelleSLOGAN-1.png","contentUrl":"https:\/\/lasentinelle.dz\/wp-content\/uploads\/2021\/09\/logo-sentinelleSLOGAN-1.png","width":615,"height":142,"caption":"Quotidien La Sentinelle"},"image":{"@id":"https:\/\/lasentinelle.dz\/#\/schema\/logo\/image\/"},"sameAs":["https:\/\/www.facebook.com\/La-Sentinelle-104059864394773"]},{"@type":"Person","@id":"https:\/\/lasentinelle.dz\/#\/schema\/person\/729ee0024f24e0b8c5ec17232f8e8b41","name":"admin","image":{"@type":"ImageObject","inLanguage":"fr-FR","@id":"https:\/\/secure.gravatar.com\/avatar\/4c81fed838786e9b53f540bf46533e750f5d292099ae3b66cfc6fb1982e29df7?s=96&d=mm&r=g","url":"https:\/\/secure.gravatar.com\/avatar\/4c81fed838786e9b53f540bf46533e750f5d292099ae3b66cfc6fb1982e29df7?s=96&d=mm&r=g","contentUrl":"https:\/\/secure.gravatar.com\/avatar\/4c81fed838786e9b53f540bf46533e750f5d292099ae3b66cfc6fb1982e29df7?s=96&d=mm&r=g","caption":"admin"},"description":"admin","url":"https:\/\/lasentinelle.dz\/author\/admin\/"}]}},"_links":{"self":[{"href":"https:\/\/lasentinelle.dz\/index.php\/wp-json\/wp\/v2\/posts\/79729","targetHints":{"allow":["GET"]}}],"collection":[{"href":"https:\/\/lasentinelle.dz\/index.php\/wp-json\/wp\/v2\/posts"}],"about":[{"href":"https:\/\/lasentinelle.dz\/index.php\/wp-json\/wp\/v2\/types\/post"}],"author":[{"embeddable":true,"href":"https:\/\/lasentinelle.dz\/index.php\/wp-json\/wp\/v2\/users\/6"}],"replies":[{"embeddable":true,"href":"https:\/\/lasentinelle.dz\/index.php\/wp-json\/wp\/v2\/comments?post=79729"}],"version-history":[{"count":2,"href":"https:\/\/lasentinelle.dz\/index.php\/wp-json\/wp\/v2\/posts\/79729\/revisions"}],"predecessor-version":[{"id":79731,"href":"https:\/\/lasentinelle.dz\/index.php\/wp-json\/wp\/v2\/posts\/79729\/revisions\/79731"}],"wp:featuredmedia":[{"embeddable":true,"href":"https:\/\/lasentinelle.dz\/index.php\/wp-json\/wp\/v2\/media\/57408"}],"wp:attachment":[{"href":"https:\/\/lasentinelle.dz\/index.php\/wp-json\/wp\/v2\/media?parent=79729"}],"wp:term":[{"taxonomy":"category","embeddable":true,"href":"https:\/\/lasentinelle.dz\/index.php\/wp-json\/wp\/v2\/categories?post=79729"},{"taxonomy":"post_tag","embeddable":true,"href":"https:\/\/lasentinelle.dz\/index.php\/wp-json\/wp\/v2\/tags?post=79729"}],"curies":[{"name":"wp","href":"https:\/\/api.w.org\/{rel}","templated":true}]}}