{"id":79742,"date":"2026-01-20T12:19:59","date_gmt":"2026-01-20T11:19:59","guid":{"rendered":"https:\/\/lasentinelle.dz\/?p=79742"},"modified":"2026-01-20T12:20:00","modified_gmt":"2026-01-20T11:20:00","slug":"can-de-handball-les-verts-visent-le-mondial-2027-a-kigali","status":"publish","type":"post","link":"https:\/\/lasentinelle.dz\/index.php\/2026\/01\/20\/can-de-handball-les-verts-visent-le-mondial-2027-a-kigali\/","title":{"rendered":"CAN de handball : Les Verts visent le Mondial-2027 \u00e0 Kigali"},"content":{"rendered":"\n<p>La s\u00e9lection alg\u00e9rienne de handball messieurs dispute du 21 au 31 janvier le Championnat d&rsquo;Afrique des nations \u00e0 Kigali (Rwanda) avec pour objectif principal une qualification au Mondial-2027 en Allemagne, r\u00e9serv\u00e9e aux trois premi\u00e8res nations du tournoi continental. Le s\u00e9lectionneur Salah Bouchekriou, qui effectue sa cinqui\u00e8me participation \u00e0 cette comp\u00e9tition, a retenu 18 joueurs m\u00ealant exp\u00e9rience et jeunesse pour tenter de renouveler la performance de 2024, lorsque l&rsquo;Alg\u00e9rie avait atteint la finale.<\/p>\n\n\n\n<p>Deux ans apr\u00e8s avoir disput\u00e9 la finale du Championnat d&rsquo;Afrique face \u00e0 l&rsquo;\u00c9gypte, triple tenante du titre, l&rsquo;\u00e9quipe nationale alg\u00e9rienne de handball masculin aborde avec ambition la 17<sup>e<\/sup>&nbsp;\u00e9dition de cette comp\u00e9tition continentale. Du 21 au 31 janvier, \u00e0 Kigali au Rwanda, les Verts ne cachent pas leurs intentions : d\u00e9crocher l&rsquo;un des trois billets qualificatifs pour le Championnat du monde pr\u00e9vu en Allemagne du 13 au 31 janvier 2027. \u00c0 la t\u00eate de la s\u00e9lection, Salah Bouchekriou, soixante-trois ans, vit sa cinqui\u00e8me exp\u00e9rience en tant que s\u00e9lectionneur lors d&rsquo;une CAN, apr\u00e8s celles de 2000 aux c\u00f4t\u00e9s de Djillali Mekki, puis 2010, 2012 et 2016. L&rsquo;ancien international, qui a connu l&rsquo;\u00e2ge d&rsquo;or du handball alg\u00e9rien dans les ann\u00e9es 1980 avec cinq titres continentaux cons\u00e9cutifs comme joueur, poss\u00e8de une longue exp\u00e9rience d&rsquo;entra\u00eeneur accumul\u00e9e sur plus de deux d\u00e9cennies. Cette richesse de parcours nourrit sa confiance. \u00ab\u00a0Cette liste allie exp\u00e9rience, jeunesse et dynamisme, avec un objectif clair : constituer une \u00e9quipe comp\u00e9titive capable de rivaliser avec les meilleures \u00e9quipes africaines, de d\u00e9fendre les couleurs de l&rsquo;Alg\u00e9rie et de faire mieux que la deuxi\u00e8me place obtenue lors des Championnats d&rsquo;Afrique 2024 en \u00c9gypte\u00a0\u00bb, avait-il d\u00e9clar\u00e9 lors de la publication de sa s\u00e9lection. Le technicien national s&rsquo;\u00e9tait montr\u00e9 satisfait de pouvoir compter sur un groupe au complet : \u00ab\u00a0Nous disposons \u00e0 nouveau d&rsquo;un effectif au grand complet.\u00a0\u00bb La pr\u00e9paration des co\u00e9quipiers de Messaoud Berkous, qui s&rsquo;appr\u00eate \u00e0 disputer sa dixi\u00e8me CAN depuis ses d\u00e9buts en 2008 \u00e0 Luanda en Angola, a d\u00e9but\u00e9 d\u00e8s le mois de novembre dernier. Apr\u00e8s plusieurs regroupements \u00e0 Alger r\u00e9serv\u00e9s aux joueurs \u00e9voluant dans le championnat national, le s\u00e9lectionneur avait d\u00e9voil\u00e9 une liste \u00e9largie de trente-trois joueurs, comprenant dix-sept pensionnaires du championnat alg\u00e9rien et seize \u00e9voluant \u00e0 l&rsquo;\u00e9tranger, r\u00e9partis dans vingt-quatre clubs de neuf championnats diff\u00e9rents. Les derni\u00e8res semaines de pr\u00e9paration se sont d\u00e9roul\u00e9es \u00e0 l&rsquo;\u00e9tranger, d&rsquo;abord en R\u00e9publique tch\u00e8que du 27 d\u00e9cembre au 2 janvier, puis en Slov\u00e9nie. Ces stages pr\u00e9comp\u00e9titifs ont permis au sept national d&rsquo;affronter plusieurs adversaires de qualit\u00e9 lors de rencontres amicales. Face \u00e0 la Tch\u00e9quie, l&rsquo;Alg\u00e9rie a arrach\u00e9 le match nul trente et un partout. \u00ab\u00a0Lors de notre premier match amical, nous avions affront\u00e9 une tr\u00e8s bonne \u00e9quipe de la R\u00e9publique tch\u00e8que. Nous avions fait un bon match dans l&rsquo;ensemble et nous aurions m\u00eame pu l&#8217;emporter. Cela dit, et m\u00eame si on s&rsquo;\u00e9tait finalement neutralis\u00e9s 31-31, je dois dire que les joueurs ont montr\u00e9 de belles choses, qui personnellement m&rsquo;ont donn\u00e9 satisfaction\u00a0\u00bb, a analys\u00e9 Bouchekriou.<\/p>\n\n\n\n<p>Le d\u00e9placement en Slov\u00e9nie s&rsquo;est r\u00e9v\u00e9l\u00e9 \u00e9prouvant pour le groupe. \u00ab\u00a0Apr\u00e8s cette rencontre, nous avons effectu\u00e9 un long d\u00e9placement pour nous rendre en Slov\u00e9nie. Nous avions mis deux jours pour arriver \u00e0 destination et cette situation a \u00e9t\u00e9 \u00e9prouvante pour les joueurs, surtout sur le plan physique. Ce qui explique d&rsquo;ailleurs notre l\u00e9g\u00e8re baisse de r\u00e9gime pendant les premiers jours qui ont suivi\u00a0\u00bb, a expliqu\u00e9 le s\u00e9lectionneur. Cette fatigue accumul\u00e9e a pes\u00e9 sur la performance alg\u00e9rienne face au Kowe\u00eft, s&rsquo;inclinant vingt-cinq \u00e0 trente-deux. Le technicien a point\u00e9 le manque d&rsquo;efficacit\u00e9 de ses joueurs : \u00ab\u00a0Entre ballons perdus et occasions manqu\u00e9es, nous avions rat\u00e9 pr\u00e8s de vingt-neuf situations offensives et c&rsquo;\u00e9tait beaucoup trop. On ne pouvait pas esp\u00e9rer gagner en \u00e9tant aussi inefficaces.\u00a0\u00bb Les Alg\u00e9riens se sont toutefois repris en s&rsquo;imposant face \u00e0 la G\u00e9orgie trente-deux \u00e0 trente, puis contre le club slov\u00e8ne de premi\u00e8re division Trimo Trebenje sur le m\u00eame score de trente-deux \u00e0 trente et un. Pour cette campagne rwandaise, Bouchekriou s&rsquo;appuie sur dix-huit joueurs combinant exp\u00e9rience et renouvellement g\u00e9n\u00e9rationnel. L&rsquo;ossature de l&rsquo;\u00e9quipe repose sur des cadres pr\u00e9sents lors de l&rsquo;\u00e9dition 2024 : l&rsquo;inusable Messaoud Berkous, trente-cinq ans, Hicham Daoud, trente-quatre ans, Khalifa Ghedbane, vingt-neuf ans, Redouane Saker, trente-quatre ans, Ayoub Abdi, vingt-neuf ans, et Abdeldjalil Zennadi, vingt-sept ans. Ces joueurs aguerris encadreront une jeune g\u00e9n\u00e9ration prometteuse compos\u00e9e notamment de Youssef Atek, vingt et un ans, Madhi Ahmed Anis, vingt-deux ans, Abdel Rostom Guemeida, vingt-deux ans, ou encore le gardien Salim Mezaza, vingt-deux ans. Dans les buts, aux c\u00f4t\u00e9s de Mezaza et de Ghedbane qui \u00e9volue au HC Erlangen en Allemagne, figure Mohamed Bouziane du CRB Mila, \u00e2g\u00e9 de vingt-cinq ans. Vers\u00e9e dans le groupe A, l&rsquo;Alg\u00e9rie entamera son parcours le 21 janvier \u00e0 midi face au Nigeria, avant d&rsquo;affronter le Rwanda le lendemain \u00e0 dix-huit heures et de cl\u00f4turer la phase de poules contre la Zambie le 24 janvier \u00e0 midi. Le tirage au sort a plac\u00e9 l&rsquo;\u00c9gypte, l&rsquo;Angola, le Gabon et l&rsquo;Ouganda dans le groupe B, tandis que le groupe C r\u00e9unit la Tunisie, la Guin\u00e9e, le Cameroun et le Kenya. Le groupe D comprend le Cap-Vert, le Maroc, le Congo et le B\u00e9nin.<\/p>\n\n\n\n<p>La hi\u00e9rarchie continentale demeure domin\u00e9e par trois nations qui monopolisent le palmar\u00e8s depuis le lancement de la comp\u00e9tition en 1974. Sur les 26 \u00e9ditions disput\u00e9es, seules la Tunisie avec dix titres, l&rsquo;\u00c9gypte avec neuf sacres dont les trois derniers cons\u00e9cutifs en 2020, 2022 et 2024, et l&rsquo;Alg\u00e9rie avec sept couronnes se sont impos\u00e9es. Le dernier titre alg\u00e9rien remonte \u00e0 2014, conquis \u00e0 domicile dans la salle Harcha Hacene d&rsquo;Alger. Ces trois favoris naturels se disputeront les premi\u00e8res places et les pr\u00e9cieux s\u00e9sames pour l&rsquo;Allemagne, o\u00f9 se d\u00e9roulera le rendez-vous mondial dans un peu plus d&rsquo;un an.&nbsp;<\/p>\n\n\n\n<p>M. Dahleb<\/p>\n","protected":false},"excerpt":{"rendered":"<p>La s\u00e9lection alg\u00e9rienne de handball messieurs dispute du 21 au 31 janvier le Championnat d&rsquo;Afrique des nations \u00e0 Kigali (Rwanda)<\/p>\n","protected":false},"author":6,"featured_media":79743,"comment_status":"open","ping_status":"closed","sticky":false,"template":"","format":"standard","meta":{"colormag_page_container_layout":"default_layout","colormag_page_sidebar_layout":"default_layout","om_disable_all_campaigns":false,"_monsterinsights_skip_tracking":false,"_monsterinsights_sitenote_active":false,"_monsterinsights_sitenote_note":"","_monsterinsights_sitenote_category":0,"footnotes":"","_wpscppro_dont_share_socialmedia":false,"_wpscppro_custom_social_share_image":0,"_facebook_share_type":"default","_twitter_share_type":"default","_linkedin_share_type":"default","_pinterest_share_type":"default","_linkedin_share_type_page":"","_instagram_share_type":"default","_medium_share_type":"default","_threads_share_type":"default","_google_business_share_type":"default","_selected_social_profile":[],"_wpsp_enable_custom_social_template":false,"_wpsp_social_scheduling":{"enabled":false,"datetime":null,"platforms":[],"status":"template_only","dateOption":"today","timeOption":"now","customDays":"","customHours":"","customDate":"","customTime":"","schedulingType":"absolute"},"_wpsp_active_default_template":true},"categories":[33],"tags":[],"class_list":["post-79742","post","type-post","status-publish","format-standard","has-post-thumbnail","hentry","category-sports"],"aioseo_notices":[],"yoast_head":"<!-- This site is optimized with the Yoast SEO plugin v27.4 - https:\/\/yoast.com\/product\/yoast-seo-wordpress\/ -->\n<title>CAN de handball : Les Verts visent le Mondial-2027 \u00e0 Kigali - La Sentinelle<\/title>\n<meta name=\"robots\" content=\"index, follow, max-snippet:-1, max-image-preview:large, max-video-preview:-1\" \/>\n<link rel=\"canonical\" href=\"https:\/\/lasentinelle.dz\/index.php\/2026\/01\/20\/can-de-handball-les-verts-visent-le-mondial-2027-a-kigali\/\" \/>\n<meta property=\"og:locale\" content=\"fr_FR\" \/>\n<meta property=\"og:type\" content=\"article\" \/>\n<meta property=\"og:title\" content=\"CAN de handball : Les Verts visent le Mondial-2027 \u00e0 Kigali - La Sentinelle\" \/>\n<meta property=\"og:description\" content=\"La s\u00e9lection alg\u00e9rienne de handball messieurs dispute du 21 au 31 janvier le Championnat d&rsquo;Afrique des nations \u00e0 Kigali (Rwanda)\" \/>\n<meta property=\"og:url\" content=\"https:\/\/lasentinelle.dz\/index.php\/2026\/01\/20\/can-de-handball-les-verts-visent-le-mondial-2027-a-kigali\/\" \/>\n<meta property=\"og:site_name\" content=\"La Sentinelle\" \/>\n<meta property=\"article:publisher\" content=\"https:\/\/www.facebook.com\/La-Sentinelle-104059864394773\" \/>\n<meta property=\"article:published_time\" content=\"2026-01-20T11:19:59+00:00\" \/>\n<meta property=\"article:modified_time\" content=\"2026-01-20T11:20:00+00:00\" \/>\n<meta property=\"og:image\" content=\"https:\/\/lasentinelle.dz\/wp-content\/uploads\/2026\/01\/handball.jpg\" \/>\n\t<meta property=\"og:image:width\" content=\"2048\" \/>\n\t<meta property=\"og:image:height\" content=\"1536\" \/>\n\t<meta property=\"og:image:type\" content=\"image\/jpeg\" \/>\n<meta name=\"author\" content=\"admin\" \/>\n<meta name=\"twitter:card\" content=\"summary_large_image\" \/>\n<meta name=\"twitter:label1\" content=\"\u00c9crit par\" \/>\n\t<meta name=\"twitter:data1\" content=\"admin\" \/>\n\t<meta name=\"twitter:label2\" content=\"Dur\u00e9e de lecture estim\u00e9e\" \/>\n\t<meta name=\"twitter:data2\" content=\"5 minutes\" \/>\n<script type=\"application\/ld+json\" class=\"yoast-schema-graph\">{\"@context\":\"https:\\\/\\\/schema.org\",\"@graph\":[{\"@type\":\"Article\",\"@id\":\"https:\\\/\\\/lasentinelle.dz\\\/index.php\\\/2026\\\/01\\\/20\\\/can-de-handball-les-verts-visent-le-mondial-2027-a-kigali\\\/#article\",\"isPartOf\":{\"@id\":\"https:\\\/\\\/lasentinelle.dz\\\/index.php\\\/2026\\\/01\\\/20\\\/can-de-handball-les-verts-visent-le-mondial-2027-a-kigali\\\/\"},\"author\":{\"name\":\"admin\",\"@id\":\"https:\\\/\\\/lasentinelle.dz\\\/#\\\/schema\\\/person\\\/729ee0024f24e0b8c5ec17232f8e8b41\"},\"headline\":\"CAN de handball : Les Verts visent le Mondial-2027 \u00e0 Kigali\",\"datePublished\":\"2026-01-20T11:19:59+00:00\",\"dateModified\":\"2026-01-20T11:20:00+00:00\",\"mainEntityOfPage\":{\"@id\":\"https:\\\/\\\/lasentinelle.dz\\\/index.php\\\/2026\\\/01\\\/20\\\/can-de-handball-les-verts-visent-le-mondial-2027-a-kigali\\\/\"},\"wordCount\":1062,\"commentCount\":0,\"publisher\":{\"@id\":\"https:\\\/\\\/lasentinelle.dz\\\/#organization\"},\"image\":{\"@id\":\"https:\\\/\\\/lasentinelle.dz\\\/index.php\\\/2026\\\/01\\\/20\\\/can-de-handball-les-verts-visent-le-mondial-2027-a-kigali\\\/#primaryimage\"},\"thumbnailUrl\":\"https:\\\/\\\/lasentinelle.dz\\\/wp-content\\\/uploads\\\/2026\\\/01\\\/handball.jpg\",\"articleSection\":[\"Sports\"],\"inLanguage\":\"fr-FR\",\"potentialAction\":[{\"@type\":\"CommentAction\",\"name\":\"Comment\",\"target\":[\"https:\\\/\\\/lasentinelle.dz\\\/index.php\\\/2026\\\/01\\\/20\\\/can-de-handball-les-verts-visent-le-mondial-2027-a-kigali\\\/#respond\"]}]},{\"@type\":\"WebPage\",\"@id\":\"https:\\\/\\\/lasentinelle.dz\\\/index.php\\\/2026\\\/01\\\/20\\\/can-de-handball-les-verts-visent-le-mondial-2027-a-kigali\\\/\",\"url\":\"https:\\\/\\\/lasentinelle.dz\\\/index.php\\\/2026\\\/01\\\/20\\\/can-de-handball-les-verts-visent-le-mondial-2027-a-kigali\\\/\",\"name\":\"CAN de handball : Les Verts visent le Mondial-2027 \u00e0 Kigali - La Sentinelle\",\"isPartOf\":{\"@id\":\"https:\\\/\\\/lasentinelle.dz\\\/#website\"},\"primaryImageOfPage\":{\"@id\":\"https:\\\/\\\/lasentinelle.dz\\\/index.php\\\/2026\\\/01\\\/20\\\/can-de-handball-les-verts-visent-le-mondial-2027-a-kigali\\\/#primaryimage\"},\"image\":{\"@id\":\"https:\\\/\\\/lasentinelle.dz\\\/index.php\\\/2026\\\/01\\\/20\\\/can-de-handball-les-verts-visent-le-mondial-2027-a-kigali\\\/#primaryimage\"},\"thumbnailUrl\":\"https:\\\/\\\/lasentinelle.dz\\\/wp-content\\\/uploads\\\/2026\\\/01\\\/handball.jpg\",\"datePublished\":\"2026-01-20T11:19:59+00:00\",\"dateModified\":\"2026-01-20T11:20:00+00:00\",\"breadcrumb\":{\"@id\":\"https:\\\/\\\/lasentinelle.dz\\\/index.php\\\/2026\\\/01\\\/20\\\/can-de-handball-les-verts-visent-le-mondial-2027-a-kigali\\\/#breadcrumb\"},\"inLanguage\":\"fr-FR\",\"potentialAction\":[{\"@type\":\"ReadAction\",\"target\":[\"https:\\\/\\\/lasentinelle.dz\\\/index.php\\\/2026\\\/01\\\/20\\\/can-de-handball-les-verts-visent-le-mondial-2027-a-kigali\\\/\"]}]},{\"@type\":\"ImageObject\",\"inLanguage\":\"fr-FR\",\"@id\":\"https:\\\/\\\/lasentinelle.dz\\\/index.php\\\/2026\\\/01\\\/20\\\/can-de-handball-les-verts-visent-le-mondial-2027-a-kigali\\\/#primaryimage\",\"url\":\"https:\\\/\\\/lasentinelle.dz\\\/wp-content\\\/uploads\\\/2026\\\/01\\\/handball.jpg\",\"contentUrl\":\"https:\\\/\\\/lasentinelle.dz\\\/wp-content\\\/uploads\\\/2026\\\/01\\\/handball.jpg\",\"width\":2048,\"height\":1536},{\"@type\":\"BreadcrumbList\",\"@id\":\"https:\\\/\\\/lasentinelle.dz\\\/index.php\\\/2026\\\/01\\\/20\\\/can-de-handball-les-verts-visent-le-mondial-2027-a-kigali\\\/#breadcrumb\",\"itemListElement\":[{\"@type\":\"ListItem\",\"position\":1,\"name\":\"Accueil\",\"item\":\"https:\\\/\\\/lasentinelle.dz\\\/\"},{\"@type\":\"ListItem\",\"position\":2,\"name\":\"CAN de handball : Les Verts visent le Mondial-2027 \u00e0 Kigali\"}]},{\"@type\":\"WebSite\",\"@id\":\"https:\\\/\\\/lasentinelle.dz\\\/#website\",\"url\":\"https:\\\/\\\/lasentinelle.dz\\\/\",\"name\":\"La Sentinelle\",\"description\":\"Quotidien national d&#039;information\",\"publisher\":{\"@id\":\"https:\\\/\\\/lasentinelle.dz\\\/#organization\"},\"potentialAction\":[{\"@type\":\"SearchAction\",\"target\":{\"@type\":\"EntryPoint\",\"urlTemplate\":\"https:\\\/\\\/lasentinelle.dz\\\/?s={search_term_string}\"},\"query-input\":{\"@type\":\"PropertyValueSpecification\",\"valueRequired\":true,\"valueName\":\"search_term_string\"}}],\"inLanguage\":\"fr-FR\"},{\"@type\":\"Organization\",\"@id\":\"https:\\\/\\\/lasentinelle.dz\\\/#organization\",\"name\":\"Quotidien La Sentinelle\",\"url\":\"https:\\\/\\\/lasentinelle.dz\\\/\",\"logo\":{\"@type\":\"ImageObject\",\"inLanguage\":\"fr-FR\",\"@id\":\"https:\\\/\\\/lasentinelle.dz\\\/#\\\/schema\\\/logo\\\/image\\\/\",\"url\":\"https:\\\/\\\/lasentinelle.dz\\\/wp-content\\\/uploads\\\/2021\\\/09\\\/logo-sentinelleSLOGAN-1.png\",\"contentUrl\":\"https:\\\/\\\/lasentinelle.dz\\\/wp-content\\\/uploads\\\/2021\\\/09\\\/logo-sentinelleSLOGAN-1.png\",\"width\":615,\"height\":142,\"caption\":\"Quotidien La Sentinelle\"},\"image\":{\"@id\":\"https:\\\/\\\/lasentinelle.dz\\\/#\\\/schema\\\/logo\\\/image\\\/\"},\"sameAs\":[\"https:\\\/\\\/www.facebook.com\\\/La-Sentinelle-104059864394773\"]},{\"@type\":\"Person\",\"@id\":\"https:\\\/\\\/lasentinelle.dz\\\/#\\\/schema\\\/person\\\/729ee0024f24e0b8c5ec17232f8e8b41\",\"name\":\"admin\",\"image\":{\"@type\":\"ImageObject\",\"inLanguage\":\"fr-FR\",\"@id\":\"https:\\\/\\\/secure.gravatar.com\\\/avatar\\\/4c81fed838786e9b53f540bf46533e750f5d292099ae3b66cfc6fb1982e29df7?s=96&d=mm&r=g\",\"url\":\"https:\\\/\\\/secure.gravatar.com\\\/avatar\\\/4c81fed838786e9b53f540bf46533e750f5d292099ae3b66cfc6fb1982e29df7?s=96&d=mm&r=g\",\"contentUrl\":\"https:\\\/\\\/secure.gravatar.com\\\/avatar\\\/4c81fed838786e9b53f540bf46533e750f5d292099ae3b66cfc6fb1982e29df7?s=96&d=mm&r=g\",\"caption\":\"admin\"},\"description\":\"admin\",\"url\":\"https:\\\/\\\/lasentinelle.dz\\\/author\\\/admin\\\/\"}]}<\/script>\n<!-- \/ Yoast SEO plugin. -->","yoast_head_json":{"title":"CAN de handball : Les Verts visent le Mondial-2027 \u00e0 Kigali - La Sentinelle","robots":{"index":"index","follow":"follow","max-snippet":"max-snippet:-1","max-image-preview":"max-image-preview:large","max-video-preview":"max-video-preview:-1"},"canonical":"https:\/\/lasentinelle.dz\/index.php\/2026\/01\/20\/can-de-handball-les-verts-visent-le-mondial-2027-a-kigali\/","og_locale":"fr_FR","og_type":"article","og_title":"CAN de handball : Les Verts visent le Mondial-2027 \u00e0 Kigali - La Sentinelle","og_description":"La s\u00e9lection alg\u00e9rienne de handball messieurs dispute du 21 au 31 janvier le Championnat d&rsquo;Afrique des nations \u00e0 Kigali (Rwanda)","og_url":"https:\/\/lasentinelle.dz\/index.php\/2026\/01\/20\/can-de-handball-les-verts-visent-le-mondial-2027-a-kigali\/","og_site_name":"La Sentinelle","article_publisher":"https:\/\/www.facebook.com\/La-Sentinelle-104059864394773","article_published_time":"2026-01-20T11:19:59+00:00","article_modified_time":"2026-01-20T11:20:00+00:00","og_image":[{"width":2048,"height":1536,"url":"https:\/\/lasentinelle.dz\/wp-content\/uploads\/2026\/01\/handball.jpg","type":"image\/jpeg"}],"author":"admin","twitter_card":"summary_large_image","twitter_misc":{"\u00c9crit par":"admin","Dur\u00e9e de lecture estim\u00e9e":"5 minutes"},"schema":{"@context":"https:\/\/schema.org","@graph":[{"@type":"Article","@id":"https:\/\/lasentinelle.dz\/index.php\/2026\/01\/20\/can-de-handball-les-verts-visent-le-mondial-2027-a-kigali\/#article","isPartOf":{"@id":"https:\/\/lasentinelle.dz\/index.php\/2026\/01\/20\/can-de-handball-les-verts-visent-le-mondial-2027-a-kigali\/"},"author":{"name":"admin","@id":"https:\/\/lasentinelle.dz\/#\/schema\/person\/729ee0024f24e0b8c5ec17232f8e8b41"},"headline":"CAN de handball : Les Verts visent le Mondial-2027 \u00e0 Kigali","datePublished":"2026-01-20T11:19:59+00:00","dateModified":"2026-01-20T11:20:00+00:00","mainEntityOfPage":{"@id":"https:\/\/lasentinelle.dz\/index.php\/2026\/01\/20\/can-de-handball-les-verts-visent-le-mondial-2027-a-kigali\/"},"wordCount":1062,"commentCount":0,"publisher":{"@id":"https:\/\/lasentinelle.dz\/#organization"},"image":{"@id":"https:\/\/lasentinelle.dz\/index.php\/2026\/01\/20\/can-de-handball-les-verts-visent-le-mondial-2027-a-kigali\/#primaryimage"},"thumbnailUrl":"https:\/\/lasentinelle.dz\/wp-content\/uploads\/2026\/01\/handball.jpg","articleSection":["Sports"],"inLanguage":"fr-FR","potentialAction":[{"@type":"CommentAction","name":"Comment","target":["https:\/\/lasentinelle.dz\/index.php\/2026\/01\/20\/can-de-handball-les-verts-visent-le-mondial-2027-a-kigali\/#respond"]}]},{"@type":"WebPage","@id":"https:\/\/lasentinelle.dz\/index.php\/2026\/01\/20\/can-de-handball-les-verts-visent-le-mondial-2027-a-kigali\/","url":"https:\/\/lasentinelle.dz\/index.php\/2026\/01\/20\/can-de-handball-les-verts-visent-le-mondial-2027-a-kigali\/","name":"CAN de handball : Les Verts visent le Mondial-2027 \u00e0 Kigali - La Sentinelle","isPartOf":{"@id":"https:\/\/lasentinelle.dz\/#website"},"primaryImageOfPage":{"@id":"https:\/\/lasentinelle.dz\/index.php\/2026\/01\/20\/can-de-handball-les-verts-visent-le-mondial-2027-a-kigali\/#primaryimage"},"image":{"@id":"https:\/\/lasentinelle.dz\/index.php\/2026\/01\/20\/can-de-handball-les-verts-visent-le-mondial-2027-a-kigali\/#primaryimage"},"thumbnailUrl":"https:\/\/lasentinelle.dz\/wp-content\/uploads\/2026\/01\/handball.jpg","datePublished":"2026-01-20T11:19:59+00:00","dateModified":"2026-01-20T11:20:00+00:00","breadcrumb":{"@id":"https:\/\/lasentinelle.dz\/index.php\/2026\/01\/20\/can-de-handball-les-verts-visent-le-mondial-2027-a-kigali\/#breadcrumb"},"inLanguage":"fr-FR","potentialAction":[{"@type":"ReadAction","target":["https:\/\/lasentinelle.dz\/index.php\/2026\/01\/20\/can-de-handball-les-verts-visent-le-mondial-2027-a-kigali\/"]}]},{"@type":"ImageObject","inLanguage":"fr-FR","@id":"https:\/\/lasentinelle.dz\/index.php\/2026\/01\/20\/can-de-handball-les-verts-visent-le-mondial-2027-a-kigali\/#primaryimage","url":"https:\/\/lasentinelle.dz\/wp-content\/uploads\/2026\/01\/handball.jpg","contentUrl":"https:\/\/lasentinelle.dz\/wp-content\/uploads\/2026\/01\/handball.jpg","width":2048,"height":1536},{"@type":"BreadcrumbList","@id":"https:\/\/lasentinelle.dz\/index.php\/2026\/01\/20\/can-de-handball-les-verts-visent-le-mondial-2027-a-kigali\/#breadcrumb","itemListElement":[{"@type":"ListItem","position":1,"name":"Accueil","item":"https:\/\/lasentinelle.dz\/"},{"@type":"ListItem","position":2,"name":"CAN de handball : Les Verts visent le Mondial-2027 \u00e0 Kigali"}]},{"@type":"WebSite","@id":"https:\/\/lasentinelle.dz\/#website","url":"https:\/\/lasentinelle.dz\/","name":"La Sentinelle","description":"Quotidien national d&#039;information","publisher":{"@id":"https:\/\/lasentinelle.dz\/#organization"},"potentialAction":[{"@type":"SearchAction","target":{"@type":"EntryPoint","urlTemplate":"https:\/\/lasentinelle.dz\/?s={search_term_string}"},"query-input":{"@type":"PropertyValueSpecification","valueRequired":true,"valueName":"search_term_string"}}],"inLanguage":"fr-FR"},{"@type":"Organization","@id":"https:\/\/lasentinelle.dz\/#organization","name":"Quotidien La Sentinelle","url":"https:\/\/lasentinelle.dz\/","logo":{"@type":"ImageObject","inLanguage":"fr-FR","@id":"https:\/\/lasentinelle.dz\/#\/schema\/logo\/image\/","url":"https:\/\/lasentinelle.dz\/wp-content\/uploads\/2021\/09\/logo-sentinelleSLOGAN-1.png","contentUrl":"https:\/\/lasentinelle.dz\/wp-content\/uploads\/2021\/09\/logo-sentinelleSLOGAN-1.png","width":615,"height":142,"caption":"Quotidien La Sentinelle"},"image":{"@id":"https:\/\/lasentinelle.dz\/#\/schema\/logo\/image\/"},"sameAs":["https:\/\/www.facebook.com\/La-Sentinelle-104059864394773"]},{"@type":"Person","@id":"https:\/\/lasentinelle.dz\/#\/schema\/person\/729ee0024f24e0b8c5ec17232f8e8b41","name":"admin","image":{"@type":"ImageObject","inLanguage":"fr-FR","@id":"https:\/\/secure.gravatar.com\/avatar\/4c81fed838786e9b53f540bf46533e750f5d292099ae3b66cfc6fb1982e29df7?s=96&d=mm&r=g","url":"https:\/\/secure.gravatar.com\/avatar\/4c81fed838786e9b53f540bf46533e750f5d292099ae3b66cfc6fb1982e29df7?s=96&d=mm&r=g","contentUrl":"https:\/\/secure.gravatar.com\/avatar\/4c81fed838786e9b53f540bf46533e750f5d292099ae3b66cfc6fb1982e29df7?s=96&d=mm&r=g","caption":"admin"},"description":"admin","url":"https:\/\/lasentinelle.dz\/author\/admin\/"}]}},"_links":{"self":[{"href":"https:\/\/lasentinelle.dz\/index.php\/wp-json\/wp\/v2\/posts\/79742","targetHints":{"allow":["GET"]}}],"collection":[{"href":"https:\/\/lasentinelle.dz\/index.php\/wp-json\/wp\/v2\/posts"}],"about":[{"href":"https:\/\/lasentinelle.dz\/index.php\/wp-json\/wp\/v2\/types\/post"}],"author":[{"embeddable":true,"href":"https:\/\/lasentinelle.dz\/index.php\/wp-json\/wp\/v2\/users\/6"}],"replies":[{"embeddable":true,"href":"https:\/\/lasentinelle.dz\/index.php\/wp-json\/wp\/v2\/comments?post=79742"}],"version-history":[{"count":1,"href":"https:\/\/lasentinelle.dz\/index.php\/wp-json\/wp\/v2\/posts\/79742\/revisions"}],"predecessor-version":[{"id":79744,"href":"https:\/\/lasentinelle.dz\/index.php\/wp-json\/wp\/v2\/posts\/79742\/revisions\/79744"}],"wp:featuredmedia":[{"embeddable":true,"href":"https:\/\/lasentinelle.dz\/index.php\/wp-json\/wp\/v2\/media\/79743"}],"wp:attachment":[{"href":"https:\/\/lasentinelle.dz\/index.php\/wp-json\/wp\/v2\/media?parent=79742"}],"wp:term":[{"taxonomy":"category","embeddable":true,"href":"https:\/\/lasentinelle.dz\/index.php\/wp-json\/wp\/v2\/categories?post=79742"},{"taxonomy":"post_tag","embeddable":true,"href":"https:\/\/lasentinelle.dz\/index.php\/wp-json\/wp\/v2\/tags?post=79742"}],"curies":[{"name":"wp","href":"https:\/\/api.w.org\/{rel}","templated":true}]}}