{"id":79745,"date":"2026-01-20T12:21:22","date_gmt":"2026-01-20T11:21:22","guid":{"rendered":"https:\/\/lasentinelle.dz\/?p=79745"},"modified":"2026-01-20T12:21:23","modified_gmt":"2026-01-20T11:21:23","slug":"fifa-series-2026-les-pays-hotes-de-la-competition-devoiles","status":"publish","type":"post","link":"https:\/\/lasentinelle.dz\/index.php\/2026\/01\/20\/fifa-series-2026-les-pays-hotes-de-la-competition-devoiles\/","title":{"rendered":"FIFA Series 2026\u00a0: Les pays h\u00f4tes de la comp\u00e9tition d\u00e9voil\u00e9s"},"content":{"rendered":"\n<p>La FIFA a d\u00e9voil\u00e9 ce lundi, la liste compl\u00e8te des pays h\u00f4tes ainsi que la composition des groupes des FIFA Series 2026, marquant une \u00e9tape majeure dans le d\u00e9veloppement de cette initiative au service des \u00e9quipes nationales masculines et f\u00e9minines. A la suite de l&rsquo;annonce, en novembre 2025, de l&rsquo;\u00e9largissement du format, les FIFA Series 2026 r\u00e9uniront 48 s\u00e9lections, r\u00e9parties en 12 groupes de quatre, qui s\u2019affronteront lors des fen\u00eatres internationales de mars et d&rsquo;avril. En r\u00e9unissant 48 \u00e9quipes, soit environ 25% des 211 associations membres de la FIFA, les FIFA Series mobiliseront pr\u00e8s d\u2019un quart de la communaut\u00e9 mondiale du football, pr\u00e9cise l&rsquo;instance internationale sur son site officiel. Onze associations membres de la FIFA accueilleront les rencontres des 12 groupes de la comp\u00e9tition, dont deux groupes au Rwanda. Les FIFA Series 2026 compteront neuf groupes masculins et trois groupes f\u00e9minins. Les six conf\u00e9d\u00e9rations de la FIFA seront repr\u00e9sent\u00e9es, soulignant ainsi la dimension v\u00e9ritablement mondiale de cette initiative, selon la m\u00eame source. Les rencontres des groupes masculins auront lieu en Azerba\u00efdjan, en Australie, en Indon\u00e9sie, au Kazakhstan, en Nouvelle-Z\u00e9lande, en Ouzb\u00e9kistan, \u00e0 Porto Rico et au Rwanda. Les rencontres f\u00e9minines se d\u00e9rouleront au Br\u00e9sil, en C\u00f4te d\u2019Ivoire et en Tha\u00eflande.<\/p>\n\n\n\n<p>Cinq \u00e9quipes nationales masculines d\u00e9j\u00e0 qualifi\u00e9es pour la Coupe du Monde 2026 seront notamment engag\u00e9es dans les FIFA Series 2026 \u2013 l&rsquo;Australie, le Cap-Vert, Cura\u00e7ao, la Nouvelle-Z\u00e9lande et l&rsquo;Ouzb\u00e9kistan \u2013, ce qui souligne la port\u00e9e sportive de cette initiative, en compl\u00e9ment de sa vocation de d\u00e9veloppement. Cette comp\u00e9tition s&rsquo;inscrit dans le cadre des Objectifs strat\u00e9giques 2023-2027 pour un football mondial. Elles offrent aux \u00e9quipes nationales la possibilit\u00e9 d\u2019affronter des s\u00e9lections d\u2019autres conf\u00e9d\u00e9rations sans alourdir le calendrier international et contribuent au d\u00e9veloppement technique, au renforcement organisationnel et aux \u00e9changes \u00e0 l\u2019\u00e9chelle mondiale, souligne la FIFA.<\/p>\n\n\n\n<p>Pour rappel, l&rsquo;Alg\u00e9rie avait accueilli en mars 2024 \u00ab\u00a0FIFA Series 2024\u00a0\u00bb : Un tournoi de haut niveau avec la participation des s\u00e9lections de quatre pays: l&rsquo;Alg\u00e9rie, la Bolivie, l&rsquo;Afrique du Sud et Andorre, dont les matchs se sont d\u00e9roul\u00e9s au stade Nelson-Mandela de Baraki (Alger).<\/p>\n\n\n\n<p>APS<\/p>\n","protected":false},"excerpt":{"rendered":"<p>La FIFA a d\u00e9voil\u00e9 ce lundi, la liste compl\u00e8te des pays h\u00f4tes ainsi que la composition des groupes des FIFA<\/p>\n","protected":false},"author":6,"featured_media":79353,"comment_status":"open","ping_status":"closed","sticky":false,"template":"","format":"standard","meta":{"colormag_page_container_layout":"default_layout","colormag_page_sidebar_layout":"default_layout","om_disable_all_campaigns":false,"_monsterinsights_skip_tracking":false,"_monsterinsights_sitenote_active":false,"_monsterinsights_sitenote_note":"","_monsterinsights_sitenote_category":0,"footnotes":"","_wpscppro_dont_share_socialmedia":false,"_wpscppro_custom_social_share_image":0,"_facebook_share_type":"default","_twitter_share_type":"default","_linkedin_share_type":"default","_pinterest_share_type":"default","_linkedin_share_type_page":"","_instagram_share_type":"default","_medium_share_type":"default","_threads_share_type":"default","_google_business_share_type":"default","_selected_social_profile":[],"_wpsp_enable_custom_social_template":false,"_wpsp_social_scheduling":{"enabled":false,"datetime":null,"platforms":[],"status":"template_only","dateOption":"today","timeOption":"now","customDays":"","customHours":"","customDate":"","customTime":"","schedulingType":"absolute"},"_wpsp_active_default_template":true},"categories":[33],"tags":[],"class_list":["post-79745","post","type-post","status-publish","format-standard","has-post-thumbnail","hentry","category-sports"],"aioseo_notices":[],"yoast_head":"<!-- This site is optimized with the Yoast SEO plugin v27.4 - https:\/\/yoast.com\/product\/yoast-seo-wordpress\/ -->\n<title>FIFA Series 2026\u00a0: Les pays h\u00f4tes de la comp\u00e9tition d\u00e9voil\u00e9s - La Sentinelle<\/title>\n<meta name=\"robots\" content=\"index, follow, max-snippet:-1, max-image-preview:large, max-video-preview:-1\" \/>\n<link rel=\"canonical\" href=\"https:\/\/lasentinelle.dz\/index.php\/2026\/01\/20\/fifa-series-2026-les-pays-hotes-de-la-competition-devoiles\/\" \/>\n<meta property=\"og:locale\" content=\"fr_FR\" \/>\n<meta property=\"og:type\" content=\"article\" \/>\n<meta property=\"og:title\" content=\"FIFA Series 2026\u00a0: Les pays h\u00f4tes de la comp\u00e9tition d\u00e9voil\u00e9s - La Sentinelle\" \/>\n<meta property=\"og:description\" content=\"La FIFA a d\u00e9voil\u00e9 ce lundi, la liste compl\u00e8te des pays h\u00f4tes ainsi que la composition des groupes des FIFA\" \/>\n<meta property=\"og:url\" content=\"https:\/\/lasentinelle.dz\/index.php\/2026\/01\/20\/fifa-series-2026-les-pays-hotes-de-la-competition-devoiles\/\" \/>\n<meta property=\"og:site_name\" content=\"La Sentinelle\" \/>\n<meta property=\"article:publisher\" content=\"https:\/\/www.facebook.com\/La-Sentinelle-104059864394773\" \/>\n<meta property=\"article:published_time\" content=\"2026-01-20T11:21:22+00:00\" \/>\n<meta property=\"article:modified_time\" content=\"2026-01-20T11:21:23+00:00\" \/>\n<meta property=\"og:image\" content=\"https:\/\/lasentinelle.dz\/wp-content\/uploads\/2026\/01\/FIFA.jpeg\" \/>\n\t<meta property=\"og:image:width\" content=\"1200\" \/>\n\t<meta property=\"og:image:height\" content=\"640\" \/>\n\t<meta property=\"og:image:type\" content=\"image\/jpeg\" \/>\n<meta name=\"author\" content=\"admin\" \/>\n<meta name=\"twitter:card\" content=\"summary_large_image\" \/>\n<meta name=\"twitter:label1\" content=\"\u00c9crit par\" \/>\n\t<meta name=\"twitter:data1\" content=\"admin\" \/>\n\t<meta name=\"twitter:label2\" content=\"Dur\u00e9e de lecture estim\u00e9e\" \/>\n\t<meta name=\"twitter:data2\" content=\"2 minutes\" \/>\n<script type=\"application\/ld+json\" class=\"yoast-schema-graph\">{\"@context\":\"https:\\\/\\\/schema.org\",\"@graph\":[{\"@type\":\"Article\",\"@id\":\"https:\\\/\\\/lasentinelle.dz\\\/index.php\\\/2026\\\/01\\\/20\\\/fifa-series-2026-les-pays-hotes-de-la-competition-devoiles\\\/#article\",\"isPartOf\":{\"@id\":\"https:\\\/\\\/lasentinelle.dz\\\/index.php\\\/2026\\\/01\\\/20\\\/fifa-series-2026-les-pays-hotes-de-la-competition-devoiles\\\/\"},\"author\":{\"name\":\"admin\",\"@id\":\"https:\\\/\\\/lasentinelle.dz\\\/#\\\/schema\\\/person\\\/729ee0024f24e0b8c5ec17232f8e8b41\"},\"headline\":\"FIFA Series 2026\u00a0: Les pays h\u00f4tes de la comp\u00e9tition d\u00e9voil\u00e9s\",\"datePublished\":\"2026-01-20T11:21:22+00:00\",\"dateModified\":\"2026-01-20T11:21:23+00:00\",\"mainEntityOfPage\":{\"@id\":\"https:\\\/\\\/lasentinelle.dz\\\/index.php\\\/2026\\\/01\\\/20\\\/fifa-series-2026-les-pays-hotes-de-la-competition-devoiles\\\/\"},\"wordCount\":399,\"commentCount\":0,\"publisher\":{\"@id\":\"https:\\\/\\\/lasentinelle.dz\\\/#organization\"},\"image\":{\"@id\":\"https:\\\/\\\/lasentinelle.dz\\\/index.php\\\/2026\\\/01\\\/20\\\/fifa-series-2026-les-pays-hotes-de-la-competition-devoiles\\\/#primaryimage\"},\"thumbnailUrl\":\"https:\\\/\\\/lasentinelle.dz\\\/wp-content\\\/uploads\\\/2026\\\/01\\\/FIFA.jpeg\",\"articleSection\":[\"Sports\"],\"inLanguage\":\"fr-FR\",\"potentialAction\":[{\"@type\":\"CommentAction\",\"name\":\"Comment\",\"target\":[\"https:\\\/\\\/lasentinelle.dz\\\/index.php\\\/2026\\\/01\\\/20\\\/fifa-series-2026-les-pays-hotes-de-la-competition-devoiles\\\/#respond\"]}]},{\"@type\":\"WebPage\",\"@id\":\"https:\\\/\\\/lasentinelle.dz\\\/index.php\\\/2026\\\/01\\\/20\\\/fifa-series-2026-les-pays-hotes-de-la-competition-devoiles\\\/\",\"url\":\"https:\\\/\\\/lasentinelle.dz\\\/index.php\\\/2026\\\/01\\\/20\\\/fifa-series-2026-les-pays-hotes-de-la-competition-devoiles\\\/\",\"name\":\"FIFA Series 2026\u00a0: Les pays h\u00f4tes de la comp\u00e9tition d\u00e9voil\u00e9s - La Sentinelle\",\"isPartOf\":{\"@id\":\"https:\\\/\\\/lasentinelle.dz\\\/#website\"},\"primaryImageOfPage\":{\"@id\":\"https:\\\/\\\/lasentinelle.dz\\\/index.php\\\/2026\\\/01\\\/20\\\/fifa-series-2026-les-pays-hotes-de-la-competition-devoiles\\\/#primaryimage\"},\"image\":{\"@id\":\"https:\\\/\\\/lasentinelle.dz\\\/index.php\\\/2026\\\/01\\\/20\\\/fifa-series-2026-les-pays-hotes-de-la-competition-devoiles\\\/#primaryimage\"},\"thumbnailUrl\":\"https:\\\/\\\/lasentinelle.dz\\\/wp-content\\\/uploads\\\/2026\\\/01\\\/FIFA.jpeg\",\"datePublished\":\"2026-01-20T11:21:22+00:00\",\"dateModified\":\"2026-01-20T11:21:23+00:00\",\"breadcrumb\":{\"@id\":\"https:\\\/\\\/lasentinelle.dz\\\/index.php\\\/2026\\\/01\\\/20\\\/fifa-series-2026-les-pays-hotes-de-la-competition-devoiles\\\/#breadcrumb\"},\"inLanguage\":\"fr-FR\",\"potentialAction\":[{\"@type\":\"ReadAction\",\"target\":[\"https:\\\/\\\/lasentinelle.dz\\\/index.php\\\/2026\\\/01\\\/20\\\/fifa-series-2026-les-pays-hotes-de-la-competition-devoiles\\\/\"]}]},{\"@type\":\"ImageObject\",\"inLanguage\":\"fr-FR\",\"@id\":\"https:\\\/\\\/lasentinelle.dz\\\/index.php\\\/2026\\\/01\\\/20\\\/fifa-series-2026-les-pays-hotes-de-la-competition-devoiles\\\/#primaryimage\",\"url\":\"https:\\\/\\\/lasentinelle.dz\\\/wp-content\\\/uploads\\\/2026\\\/01\\\/FIFA.jpeg\",\"contentUrl\":\"https:\\\/\\\/lasentinelle.dz\\\/wp-content\\\/uploads\\\/2026\\\/01\\\/FIFA.jpeg\",\"width\":1200,\"height\":640},{\"@type\":\"BreadcrumbList\",\"@id\":\"https:\\\/\\\/lasentinelle.dz\\\/index.php\\\/2026\\\/01\\\/20\\\/fifa-series-2026-les-pays-hotes-de-la-competition-devoiles\\\/#breadcrumb\",\"itemListElement\":[{\"@type\":\"ListItem\",\"position\":1,\"name\":\"Accueil\",\"item\":\"https:\\\/\\\/lasentinelle.dz\\\/\"},{\"@type\":\"ListItem\",\"position\":2,\"name\":\"FIFA Series 2026\u00a0: Les pays h\u00f4tes de la comp\u00e9tition d\u00e9voil\u00e9s\"}]},{\"@type\":\"WebSite\",\"@id\":\"https:\\\/\\\/lasentinelle.dz\\\/#website\",\"url\":\"https:\\\/\\\/lasentinelle.dz\\\/\",\"name\":\"La Sentinelle\",\"description\":\"Quotidien national d&#039;information\",\"publisher\":{\"@id\":\"https:\\\/\\\/lasentinelle.dz\\\/#organization\"},\"potentialAction\":[{\"@type\":\"SearchAction\",\"target\":{\"@type\":\"EntryPoint\",\"urlTemplate\":\"https:\\\/\\\/lasentinelle.dz\\\/?s={search_term_string}\"},\"query-input\":{\"@type\":\"PropertyValueSpecification\",\"valueRequired\":true,\"valueName\":\"search_term_string\"}}],\"inLanguage\":\"fr-FR\"},{\"@type\":\"Organization\",\"@id\":\"https:\\\/\\\/lasentinelle.dz\\\/#organization\",\"name\":\"Quotidien La Sentinelle\",\"url\":\"https:\\\/\\\/lasentinelle.dz\\\/\",\"logo\":{\"@type\":\"ImageObject\",\"inLanguage\":\"fr-FR\",\"@id\":\"https:\\\/\\\/lasentinelle.dz\\\/#\\\/schema\\\/logo\\\/image\\\/\",\"url\":\"https:\\\/\\\/lasentinelle.dz\\\/wp-content\\\/uploads\\\/2021\\\/09\\\/logo-sentinelleSLOGAN-1.png\",\"contentUrl\":\"https:\\\/\\\/lasentinelle.dz\\\/wp-content\\\/uploads\\\/2021\\\/09\\\/logo-sentinelleSLOGAN-1.png\",\"width\":615,\"height\":142,\"caption\":\"Quotidien La Sentinelle\"},\"image\":{\"@id\":\"https:\\\/\\\/lasentinelle.dz\\\/#\\\/schema\\\/logo\\\/image\\\/\"},\"sameAs\":[\"https:\\\/\\\/www.facebook.com\\\/La-Sentinelle-104059864394773\"]},{\"@type\":\"Person\",\"@id\":\"https:\\\/\\\/lasentinelle.dz\\\/#\\\/schema\\\/person\\\/729ee0024f24e0b8c5ec17232f8e8b41\",\"name\":\"admin\",\"image\":{\"@type\":\"ImageObject\",\"inLanguage\":\"fr-FR\",\"@id\":\"https:\\\/\\\/secure.gravatar.com\\\/avatar\\\/4c81fed838786e9b53f540bf46533e750f5d292099ae3b66cfc6fb1982e29df7?s=96&d=mm&r=g\",\"url\":\"https:\\\/\\\/secure.gravatar.com\\\/avatar\\\/4c81fed838786e9b53f540bf46533e750f5d292099ae3b66cfc6fb1982e29df7?s=96&d=mm&r=g\",\"contentUrl\":\"https:\\\/\\\/secure.gravatar.com\\\/avatar\\\/4c81fed838786e9b53f540bf46533e750f5d292099ae3b66cfc6fb1982e29df7?s=96&d=mm&r=g\",\"caption\":\"admin\"},\"description\":\"admin\",\"url\":\"https:\\\/\\\/lasentinelle.dz\\\/author\\\/admin\\\/\"}]}<\/script>\n<!-- \/ Yoast SEO plugin. -->","yoast_head_json":{"title":"FIFA Series 2026\u00a0: Les pays h\u00f4tes de la comp\u00e9tition d\u00e9voil\u00e9s - La Sentinelle","robots":{"index":"index","follow":"follow","max-snippet":"max-snippet:-1","max-image-preview":"max-image-preview:large","max-video-preview":"max-video-preview:-1"},"canonical":"https:\/\/lasentinelle.dz\/index.php\/2026\/01\/20\/fifa-series-2026-les-pays-hotes-de-la-competition-devoiles\/","og_locale":"fr_FR","og_type":"article","og_title":"FIFA Series 2026\u00a0: Les pays h\u00f4tes de la comp\u00e9tition d\u00e9voil\u00e9s - La Sentinelle","og_description":"La FIFA a d\u00e9voil\u00e9 ce lundi, la liste compl\u00e8te des pays h\u00f4tes ainsi que la composition des groupes des FIFA","og_url":"https:\/\/lasentinelle.dz\/index.php\/2026\/01\/20\/fifa-series-2026-les-pays-hotes-de-la-competition-devoiles\/","og_site_name":"La Sentinelle","article_publisher":"https:\/\/www.facebook.com\/La-Sentinelle-104059864394773","article_published_time":"2026-01-20T11:21:22+00:00","article_modified_time":"2026-01-20T11:21:23+00:00","og_image":[{"width":1200,"height":640,"url":"https:\/\/lasentinelle.dz\/wp-content\/uploads\/2026\/01\/FIFA.jpeg","type":"image\/jpeg"}],"author":"admin","twitter_card":"summary_large_image","twitter_misc":{"\u00c9crit par":"admin","Dur\u00e9e de lecture estim\u00e9e":"2 minutes"},"schema":{"@context":"https:\/\/schema.org","@graph":[{"@type":"Article","@id":"https:\/\/lasentinelle.dz\/index.php\/2026\/01\/20\/fifa-series-2026-les-pays-hotes-de-la-competition-devoiles\/#article","isPartOf":{"@id":"https:\/\/lasentinelle.dz\/index.php\/2026\/01\/20\/fifa-series-2026-les-pays-hotes-de-la-competition-devoiles\/"},"author":{"name":"admin","@id":"https:\/\/lasentinelle.dz\/#\/schema\/person\/729ee0024f24e0b8c5ec17232f8e8b41"},"headline":"FIFA Series 2026\u00a0: Les pays h\u00f4tes de la comp\u00e9tition d\u00e9voil\u00e9s","datePublished":"2026-01-20T11:21:22+00:00","dateModified":"2026-01-20T11:21:23+00:00","mainEntityOfPage":{"@id":"https:\/\/lasentinelle.dz\/index.php\/2026\/01\/20\/fifa-series-2026-les-pays-hotes-de-la-competition-devoiles\/"},"wordCount":399,"commentCount":0,"publisher":{"@id":"https:\/\/lasentinelle.dz\/#organization"},"image":{"@id":"https:\/\/lasentinelle.dz\/index.php\/2026\/01\/20\/fifa-series-2026-les-pays-hotes-de-la-competition-devoiles\/#primaryimage"},"thumbnailUrl":"https:\/\/lasentinelle.dz\/wp-content\/uploads\/2026\/01\/FIFA.jpeg","articleSection":["Sports"],"inLanguage":"fr-FR","potentialAction":[{"@type":"CommentAction","name":"Comment","target":["https:\/\/lasentinelle.dz\/index.php\/2026\/01\/20\/fifa-series-2026-les-pays-hotes-de-la-competition-devoiles\/#respond"]}]},{"@type":"WebPage","@id":"https:\/\/lasentinelle.dz\/index.php\/2026\/01\/20\/fifa-series-2026-les-pays-hotes-de-la-competition-devoiles\/","url":"https:\/\/lasentinelle.dz\/index.php\/2026\/01\/20\/fifa-series-2026-les-pays-hotes-de-la-competition-devoiles\/","name":"FIFA Series 2026\u00a0: Les pays h\u00f4tes de la comp\u00e9tition d\u00e9voil\u00e9s - La Sentinelle","isPartOf":{"@id":"https:\/\/lasentinelle.dz\/#website"},"primaryImageOfPage":{"@id":"https:\/\/lasentinelle.dz\/index.php\/2026\/01\/20\/fifa-series-2026-les-pays-hotes-de-la-competition-devoiles\/#primaryimage"},"image":{"@id":"https:\/\/lasentinelle.dz\/index.php\/2026\/01\/20\/fifa-series-2026-les-pays-hotes-de-la-competition-devoiles\/#primaryimage"},"thumbnailUrl":"https:\/\/lasentinelle.dz\/wp-content\/uploads\/2026\/01\/FIFA.jpeg","datePublished":"2026-01-20T11:21:22+00:00","dateModified":"2026-01-20T11:21:23+00:00","breadcrumb":{"@id":"https:\/\/lasentinelle.dz\/index.php\/2026\/01\/20\/fifa-series-2026-les-pays-hotes-de-la-competition-devoiles\/#breadcrumb"},"inLanguage":"fr-FR","potentialAction":[{"@type":"ReadAction","target":["https:\/\/lasentinelle.dz\/index.php\/2026\/01\/20\/fifa-series-2026-les-pays-hotes-de-la-competition-devoiles\/"]}]},{"@type":"ImageObject","inLanguage":"fr-FR","@id":"https:\/\/lasentinelle.dz\/index.php\/2026\/01\/20\/fifa-series-2026-les-pays-hotes-de-la-competition-devoiles\/#primaryimage","url":"https:\/\/lasentinelle.dz\/wp-content\/uploads\/2026\/01\/FIFA.jpeg","contentUrl":"https:\/\/lasentinelle.dz\/wp-content\/uploads\/2026\/01\/FIFA.jpeg","width":1200,"height":640},{"@type":"BreadcrumbList","@id":"https:\/\/lasentinelle.dz\/index.php\/2026\/01\/20\/fifa-series-2026-les-pays-hotes-de-la-competition-devoiles\/#breadcrumb","itemListElement":[{"@type":"ListItem","position":1,"name":"Accueil","item":"https:\/\/lasentinelle.dz\/"},{"@type":"ListItem","position":2,"name":"FIFA Series 2026\u00a0: Les pays h\u00f4tes de la comp\u00e9tition d\u00e9voil\u00e9s"}]},{"@type":"WebSite","@id":"https:\/\/lasentinelle.dz\/#website","url":"https:\/\/lasentinelle.dz\/","name":"La Sentinelle","description":"Quotidien national d&#039;information","publisher":{"@id":"https:\/\/lasentinelle.dz\/#organization"},"potentialAction":[{"@type":"SearchAction","target":{"@type":"EntryPoint","urlTemplate":"https:\/\/lasentinelle.dz\/?s={search_term_string}"},"query-input":{"@type":"PropertyValueSpecification","valueRequired":true,"valueName":"search_term_string"}}],"inLanguage":"fr-FR"},{"@type":"Organization","@id":"https:\/\/lasentinelle.dz\/#organization","name":"Quotidien La Sentinelle","url":"https:\/\/lasentinelle.dz\/","logo":{"@type":"ImageObject","inLanguage":"fr-FR","@id":"https:\/\/lasentinelle.dz\/#\/schema\/logo\/image\/","url":"https:\/\/lasentinelle.dz\/wp-content\/uploads\/2021\/09\/logo-sentinelleSLOGAN-1.png","contentUrl":"https:\/\/lasentinelle.dz\/wp-content\/uploads\/2021\/09\/logo-sentinelleSLOGAN-1.png","width":615,"height":142,"caption":"Quotidien La Sentinelle"},"image":{"@id":"https:\/\/lasentinelle.dz\/#\/schema\/logo\/image\/"},"sameAs":["https:\/\/www.facebook.com\/La-Sentinelle-104059864394773"]},{"@type":"Person","@id":"https:\/\/lasentinelle.dz\/#\/schema\/person\/729ee0024f24e0b8c5ec17232f8e8b41","name":"admin","image":{"@type":"ImageObject","inLanguage":"fr-FR","@id":"https:\/\/secure.gravatar.com\/avatar\/4c81fed838786e9b53f540bf46533e750f5d292099ae3b66cfc6fb1982e29df7?s=96&d=mm&r=g","url":"https:\/\/secure.gravatar.com\/avatar\/4c81fed838786e9b53f540bf46533e750f5d292099ae3b66cfc6fb1982e29df7?s=96&d=mm&r=g","contentUrl":"https:\/\/secure.gravatar.com\/avatar\/4c81fed838786e9b53f540bf46533e750f5d292099ae3b66cfc6fb1982e29df7?s=96&d=mm&r=g","caption":"admin"},"description":"admin","url":"https:\/\/lasentinelle.dz\/author\/admin\/"}]}},"_links":{"self":[{"href":"https:\/\/lasentinelle.dz\/index.php\/wp-json\/wp\/v2\/posts\/79745","targetHints":{"allow":["GET"]}}],"collection":[{"href":"https:\/\/lasentinelle.dz\/index.php\/wp-json\/wp\/v2\/posts"}],"about":[{"href":"https:\/\/lasentinelle.dz\/index.php\/wp-json\/wp\/v2\/types\/post"}],"author":[{"embeddable":true,"href":"https:\/\/lasentinelle.dz\/index.php\/wp-json\/wp\/v2\/users\/6"}],"replies":[{"embeddable":true,"href":"https:\/\/lasentinelle.dz\/index.php\/wp-json\/wp\/v2\/comments?post=79745"}],"version-history":[{"count":1,"href":"https:\/\/lasentinelle.dz\/index.php\/wp-json\/wp\/v2\/posts\/79745\/revisions"}],"predecessor-version":[{"id":79746,"href":"https:\/\/lasentinelle.dz\/index.php\/wp-json\/wp\/v2\/posts\/79745\/revisions\/79746"}],"wp:featuredmedia":[{"embeddable":true,"href":"https:\/\/lasentinelle.dz\/index.php\/wp-json\/wp\/v2\/media\/79353"}],"wp:attachment":[{"href":"https:\/\/lasentinelle.dz\/index.php\/wp-json\/wp\/v2\/media?parent=79745"}],"wp:term":[{"taxonomy":"category","embeddable":true,"href":"https:\/\/lasentinelle.dz\/index.php\/wp-json\/wp\/v2\/categories?post=79745"},{"taxonomy":"post_tag","embeddable":true,"href":"https:\/\/lasentinelle.dz\/index.php\/wp-json\/wp\/v2\/tags?post=79745"}],"curies":[{"name":"wp","href":"https:\/\/api.w.org\/{rel}","templated":true}]}}