{"id":79814,"date":"2026-01-21T12:02:08","date_gmt":"2026-01-21T11:02:08","guid":{"rendered":"https:\/\/lasentinelle.dz\/?p=79814"},"modified":"2026-01-21T12:02:09","modified_gmt":"2026-01-21T11:02:09","slug":"soudan-42-millions-denfants-et-de-femmes-seront-confrontes-a-une-malnutrition-aigue","status":"publish","type":"post","link":"https:\/\/lasentinelle.dz\/index.php\/2026\/01\/21\/soudan-42-millions-denfants-et-de-femmes-seront-confrontes-a-une-malnutrition-aigue\/","title":{"rendered":"Soudan\u00a0: 4,2 millions d&rsquo;enfants et de femmes seront confront\u00e9s \u00e0 une malnutrition aigu\u00eb\u00a0"},"content":{"rendered":"\n<p>Un groupe de coordination mondial dirig\u00e9 par l&rsquo;ONU a averti qu&rsquo;environ 4,2 millions d&rsquo;enfants et de femmes enceintes ou allaitantes au Soudan devraient souffrir de malnutrition aigu\u00eb en 2026 en raison du conflit en cours et de la d\u00e9t\u00e9rioration des services de base. Un rapport, publi\u00e9 lundi par le groupe de coordination, estime qu&rsquo;environ 8,4 millions de personnes auront besoin d&rsquo;une aide nutritionnelle en 2026, dont 5 millions d&rsquo;enfants de moins de cinq ans et 3,4 millions de femmes enceintes ou allaitantes. Parall\u00e8lement, on estime qu&rsquo;environ 824 000 enfants de moins de cinq ans souffriront de malnutrition aigu\u00eb s\u00e9v\u00e8re, la forme la plus mortelle, qui augmente consid\u00e9rablement le risque de mortalit\u00e9 en l&rsquo;absence d&rsquo;interventions urgentes. Le groupe a ajout\u00e9 que, parmi ses enqu\u00eates r\u00e9centes, 31 sur 61 ont fait \u00e9tat d&rsquo;une pr\u00e9valence de malnutrition aigu\u00eb globale de 15% ou plus, d\u00e9passant ainsi le seuil d&rsquo;urgence fix\u00e9 par l&rsquo;Organisation mondiale de la Sant\u00e9. Le rapport indique que la situation devrait encore se d\u00e9t\u00e9riorer en 2026 en raison de l&rsquo;expansion du conflit, de la baisse de la s\u00e9curit\u00e9 alimentaire et de la d\u00e9gradation des services de sant\u00e9 et d&rsquo;eau. En 2026, l&rsquo;UNICEF pr\u00e9voit de mobiliser pr\u00e8s d&rsquo;un milliard de dollars pour aider 13,8 millions de personnes au Soudan, dont 7,9 millions d&rsquo;enfants. L&rsquo;agence onusienne a averti que 3,4 millions d&rsquo;enfants sont confront\u00e9s \u00e0 des maladies potentiellement mortelles, car environ 70 % des \u00e9tablissements de sant\u00e9 dans les Etats touch\u00e9s par le conflit restent non fonctionnels. Le 15 janvier, le Programme alimentaire mondial (PAM) a averti que, sans financement imm\u00e9diat, ses stocks alimentaires au Soudan seraient \u00e9puis\u00e9s d&rsquo;ici la fin mars, laissant des millions de personnes sans aide, notamment dans les villes d&rsquo;El Fasher, au Darfour-Nord et de Kadugli, au Kordofan-Sud. De son c\u00f4t\u00e9,<\/p>\n\n\n\n<p>le Haut-Commissaire des Nations unies aux droits de l&rsquo;homme, Volker T\u00fcrk, a appel\u00e9, lundi, les acteurs r\u00e9gionaux \u00e0 agir afin de mettre fin au conflit au Soudan, mettant l&rsquo;accent sur la n\u00e9cessit\u00e9 de placer les droits de l&rsquo;homme au c\u0153ur des efforts de paix. \u00ab\u00a0J&rsquo;ai \u00e9t\u00e9 t\u00e9moin au Soudan d&rsquo;atrocit\u00e9s d&rsquo;une brutalit\u00e9 indescriptible subies par la population, mais j&rsquo;ai \u00e9galement vu la r\u00e9silience de l&rsquo;esprit humain et sa capacit\u00e9 de r\u00e9sistance\u00a0\u00bb, a d\u00e9clar\u00e9 T\u00fcrk dans une d\u00e9claration faite depuis la capitale k\u00e9nyane, Nairobi, \u00e0 l&rsquo;issue d&rsquo;une visite de cinq jours au Soudan. Le Haut-Commissaire a indiqu\u00e9 avoir rencontr\u00e9 lors de sa visite, diff\u00e9rentes composantes de la soci\u00e9t\u00e9 soudanaise, notamment des jeunes qui s&rsquo;organisent pour fournir une assistance \u00e0 leurs communaut\u00e9s, ce qui les expose davantage aux risques d&rsquo;arrestation et de violences. Il est \u00e0 noter que les infrastructures au Soudan ont \u00e9t\u00e9 \u00e0 plusieurs reprises la cible d&rsquo;attaques de drones lanc\u00e9es par les Forces de soutien rapide (FSR), notamment ces derni\u00e8res semaines. Ces attaques constituent de graves violations et pourraient s&rsquo;apparenter \u00e0 des crimes de guerre, a-t-il soulign\u00e9.<\/p>\n\n\n\n<p>R.I. avec APS<\/p>\n","protected":false},"excerpt":{"rendered":"<p>Un groupe de coordination mondial dirig\u00e9 par l&rsquo;ONU a averti qu&rsquo;environ 4,2 millions d&rsquo;enfants et de femmes enceintes ou allaitantes<\/p>\n","protected":false},"author":6,"featured_media":72411,"comment_status":"open","ping_status":"closed","sticky":false,"template":"","format":"standard","meta":{"colormag_page_container_layout":"default_layout","colormag_page_sidebar_layout":"default_layout","om_disable_all_campaigns":false,"_monsterinsights_skip_tracking":false,"_monsterinsights_sitenote_active":false,"_monsterinsights_sitenote_note":"","_monsterinsights_sitenote_category":0,"footnotes":"","_wpscppro_dont_share_socialmedia":false,"_wpscppro_custom_social_share_image":0,"_facebook_share_type":"default","_twitter_share_type":"default","_linkedin_share_type":"default","_pinterest_share_type":"default","_linkedin_share_type_page":"","_instagram_share_type":"default","_medium_share_type":"default","_threads_share_type":"default","_google_business_share_type":"default","_selected_social_profile":[],"_wpsp_enable_custom_social_template":false,"_wpsp_social_scheduling":{"enabled":false,"datetime":null,"platforms":[],"status":"template_only","dateOption":"today","timeOption":"now","customDays":"","customHours":"","customDate":"","customTime":"","schedulingType":"absolute"},"_wpsp_active_default_template":true},"categories":[37],"tags":[],"class_list":["post-79814","post","type-post","status-publish","format-standard","has-post-thumbnail","hentry","category-monde"],"aioseo_notices":[],"yoast_head":"<!-- This site is optimized with the Yoast SEO plugin v27.4 - https:\/\/yoast.com\/product\/yoast-seo-wordpress\/ -->\n<title>Soudan\u00a0: 4,2 millions d&rsquo;enfants et de femmes seront confront\u00e9s \u00e0 une malnutrition aigu\u00eb\u00a0 - La Sentinelle<\/title>\n<meta name=\"robots\" content=\"index, follow, max-snippet:-1, max-image-preview:large, max-video-preview:-1\" \/>\n<link rel=\"canonical\" href=\"https:\/\/lasentinelle.dz\/index.php\/2026\/01\/21\/soudan-42-millions-denfants-et-de-femmes-seront-confrontes-a-une-malnutrition-aigue\/\" \/>\n<meta property=\"og:locale\" content=\"fr_FR\" \/>\n<meta property=\"og:type\" content=\"article\" \/>\n<meta property=\"og:title\" content=\"Soudan\u00a0: 4,2 millions d&rsquo;enfants et de femmes seront confront\u00e9s \u00e0 une malnutrition aigu\u00eb\u00a0 - La Sentinelle\" \/>\n<meta property=\"og:description\" content=\"Un groupe de coordination mondial dirig\u00e9 par l&rsquo;ONU a averti qu&rsquo;environ 4,2 millions d&rsquo;enfants et de femmes enceintes ou allaitantes\" \/>\n<meta property=\"og:url\" content=\"https:\/\/lasentinelle.dz\/index.php\/2026\/01\/21\/soudan-42-millions-denfants-et-de-femmes-seront-confrontes-a-une-malnutrition-aigue\/\" \/>\n<meta property=\"og:site_name\" content=\"La Sentinelle\" \/>\n<meta property=\"article:publisher\" content=\"https:\/\/www.facebook.com\/La-Sentinelle-104059864394773\" \/>\n<meta property=\"article:published_time\" content=\"2026-01-21T11:02:08+00:00\" \/>\n<meta property=\"article:modified_time\" content=\"2026-01-21T11:02:09+00:00\" \/>\n<meta property=\"og:image\" content=\"https:\/\/lasentinelle.dz\/wp-content\/uploads\/2025\/08\/soudan.jpg\" \/>\n\t<meta property=\"og:image:width\" content=\"1200\" \/>\n\t<meta property=\"og:image:height\" content=\"675\" \/>\n\t<meta property=\"og:image:type\" content=\"image\/jpeg\" \/>\n<meta name=\"author\" content=\"admin\" \/>\n<meta name=\"twitter:card\" content=\"summary_large_image\" \/>\n<meta name=\"twitter:label1\" content=\"\u00c9crit par\" \/>\n\t<meta name=\"twitter:data1\" content=\"admin\" \/>\n\t<meta name=\"twitter:label2\" content=\"Dur\u00e9e de lecture estim\u00e9e\" \/>\n\t<meta name=\"twitter:data2\" content=\"3 minutes\" \/>\n<script type=\"application\/ld+json\" class=\"yoast-schema-graph\">{\"@context\":\"https:\\\/\\\/schema.org\",\"@graph\":[{\"@type\":\"Article\",\"@id\":\"https:\\\/\\\/lasentinelle.dz\\\/index.php\\\/2026\\\/01\\\/21\\\/soudan-42-millions-denfants-et-de-femmes-seront-confrontes-a-une-malnutrition-aigue\\\/#article\",\"isPartOf\":{\"@id\":\"https:\\\/\\\/lasentinelle.dz\\\/index.php\\\/2026\\\/01\\\/21\\\/soudan-42-millions-denfants-et-de-femmes-seront-confrontes-a-une-malnutrition-aigue\\\/\"},\"author\":{\"name\":\"admin\",\"@id\":\"https:\\\/\\\/lasentinelle.dz\\\/#\\\/schema\\\/person\\\/729ee0024f24e0b8c5ec17232f8e8b41\"},\"headline\":\"Soudan\u00a0: 4,2 millions d&rsquo;enfants et de femmes seront confront\u00e9s \u00e0 une malnutrition aigu\u00eb\u00a0\",\"datePublished\":\"2026-01-21T11:02:08+00:00\",\"dateModified\":\"2026-01-21T11:02:09+00:00\",\"mainEntityOfPage\":{\"@id\":\"https:\\\/\\\/lasentinelle.dz\\\/index.php\\\/2026\\\/01\\\/21\\\/soudan-42-millions-denfants-et-de-femmes-seront-confrontes-a-une-malnutrition-aigue\\\/\"},\"wordCount\":534,\"commentCount\":0,\"publisher\":{\"@id\":\"https:\\\/\\\/lasentinelle.dz\\\/#organization\"},\"image\":{\"@id\":\"https:\\\/\\\/lasentinelle.dz\\\/index.php\\\/2026\\\/01\\\/21\\\/soudan-42-millions-denfants-et-de-femmes-seront-confrontes-a-une-malnutrition-aigue\\\/#primaryimage\"},\"thumbnailUrl\":\"https:\\\/\\\/lasentinelle.dz\\\/wp-content\\\/uploads\\\/2025\\\/08\\\/soudan.jpg\",\"articleSection\":[\"Monde\"],\"inLanguage\":\"fr-FR\",\"potentialAction\":[{\"@type\":\"CommentAction\",\"name\":\"Comment\",\"target\":[\"https:\\\/\\\/lasentinelle.dz\\\/index.php\\\/2026\\\/01\\\/21\\\/soudan-42-millions-denfants-et-de-femmes-seront-confrontes-a-une-malnutrition-aigue\\\/#respond\"]}]},{\"@type\":\"WebPage\",\"@id\":\"https:\\\/\\\/lasentinelle.dz\\\/index.php\\\/2026\\\/01\\\/21\\\/soudan-42-millions-denfants-et-de-femmes-seront-confrontes-a-une-malnutrition-aigue\\\/\",\"url\":\"https:\\\/\\\/lasentinelle.dz\\\/index.php\\\/2026\\\/01\\\/21\\\/soudan-42-millions-denfants-et-de-femmes-seront-confrontes-a-une-malnutrition-aigue\\\/\",\"name\":\"Soudan\u00a0: 4,2 millions d&rsquo;enfants et de femmes seront confront\u00e9s \u00e0 une malnutrition aigu\u00eb\u00a0 - La Sentinelle\",\"isPartOf\":{\"@id\":\"https:\\\/\\\/lasentinelle.dz\\\/#website\"},\"primaryImageOfPage\":{\"@id\":\"https:\\\/\\\/lasentinelle.dz\\\/index.php\\\/2026\\\/01\\\/21\\\/soudan-42-millions-denfants-et-de-femmes-seront-confrontes-a-une-malnutrition-aigue\\\/#primaryimage\"},\"image\":{\"@id\":\"https:\\\/\\\/lasentinelle.dz\\\/index.php\\\/2026\\\/01\\\/21\\\/soudan-42-millions-denfants-et-de-femmes-seront-confrontes-a-une-malnutrition-aigue\\\/#primaryimage\"},\"thumbnailUrl\":\"https:\\\/\\\/lasentinelle.dz\\\/wp-content\\\/uploads\\\/2025\\\/08\\\/soudan.jpg\",\"datePublished\":\"2026-01-21T11:02:08+00:00\",\"dateModified\":\"2026-01-21T11:02:09+00:00\",\"breadcrumb\":{\"@id\":\"https:\\\/\\\/lasentinelle.dz\\\/index.php\\\/2026\\\/01\\\/21\\\/soudan-42-millions-denfants-et-de-femmes-seront-confrontes-a-une-malnutrition-aigue\\\/#breadcrumb\"},\"inLanguage\":\"fr-FR\",\"potentialAction\":[{\"@type\":\"ReadAction\",\"target\":[\"https:\\\/\\\/lasentinelle.dz\\\/index.php\\\/2026\\\/01\\\/21\\\/soudan-42-millions-denfants-et-de-femmes-seront-confrontes-a-une-malnutrition-aigue\\\/\"]}]},{\"@type\":\"ImageObject\",\"inLanguage\":\"fr-FR\",\"@id\":\"https:\\\/\\\/lasentinelle.dz\\\/index.php\\\/2026\\\/01\\\/21\\\/soudan-42-millions-denfants-et-de-femmes-seront-confrontes-a-une-malnutrition-aigue\\\/#primaryimage\",\"url\":\"https:\\\/\\\/lasentinelle.dz\\\/wp-content\\\/uploads\\\/2025\\\/08\\\/soudan.jpg\",\"contentUrl\":\"https:\\\/\\\/lasentinelle.dz\\\/wp-content\\\/uploads\\\/2025\\\/08\\\/soudan.jpg\",\"width\":1200,\"height\":675},{\"@type\":\"BreadcrumbList\",\"@id\":\"https:\\\/\\\/lasentinelle.dz\\\/index.php\\\/2026\\\/01\\\/21\\\/soudan-42-millions-denfants-et-de-femmes-seront-confrontes-a-une-malnutrition-aigue\\\/#breadcrumb\",\"itemListElement\":[{\"@type\":\"ListItem\",\"position\":1,\"name\":\"Accueil\",\"item\":\"https:\\\/\\\/lasentinelle.dz\\\/\"},{\"@type\":\"ListItem\",\"position\":2,\"name\":\"Soudan\u00a0: 4,2 millions d&rsquo;enfants et de femmes seront confront\u00e9s \u00e0 une malnutrition aigu\u00eb\u00a0\"}]},{\"@type\":\"WebSite\",\"@id\":\"https:\\\/\\\/lasentinelle.dz\\\/#website\",\"url\":\"https:\\\/\\\/lasentinelle.dz\\\/\",\"name\":\"La Sentinelle\",\"description\":\"Quotidien national d&#039;information\",\"publisher\":{\"@id\":\"https:\\\/\\\/lasentinelle.dz\\\/#organization\"},\"potentialAction\":[{\"@type\":\"SearchAction\",\"target\":{\"@type\":\"EntryPoint\",\"urlTemplate\":\"https:\\\/\\\/lasentinelle.dz\\\/?s={search_term_string}\"},\"query-input\":{\"@type\":\"PropertyValueSpecification\",\"valueRequired\":true,\"valueName\":\"search_term_string\"}}],\"inLanguage\":\"fr-FR\"},{\"@type\":\"Organization\",\"@id\":\"https:\\\/\\\/lasentinelle.dz\\\/#organization\",\"name\":\"Quotidien La Sentinelle\",\"url\":\"https:\\\/\\\/lasentinelle.dz\\\/\",\"logo\":{\"@type\":\"ImageObject\",\"inLanguage\":\"fr-FR\",\"@id\":\"https:\\\/\\\/lasentinelle.dz\\\/#\\\/schema\\\/logo\\\/image\\\/\",\"url\":\"https:\\\/\\\/lasentinelle.dz\\\/wp-content\\\/uploads\\\/2021\\\/09\\\/logo-sentinelleSLOGAN-1.png\",\"contentUrl\":\"https:\\\/\\\/lasentinelle.dz\\\/wp-content\\\/uploads\\\/2021\\\/09\\\/logo-sentinelleSLOGAN-1.png\",\"width\":615,\"height\":142,\"caption\":\"Quotidien La Sentinelle\"},\"image\":{\"@id\":\"https:\\\/\\\/lasentinelle.dz\\\/#\\\/schema\\\/logo\\\/image\\\/\"},\"sameAs\":[\"https:\\\/\\\/www.facebook.com\\\/La-Sentinelle-104059864394773\"]},{\"@type\":\"Person\",\"@id\":\"https:\\\/\\\/lasentinelle.dz\\\/#\\\/schema\\\/person\\\/729ee0024f24e0b8c5ec17232f8e8b41\",\"name\":\"admin\",\"image\":{\"@type\":\"ImageObject\",\"inLanguage\":\"fr-FR\",\"@id\":\"https:\\\/\\\/secure.gravatar.com\\\/avatar\\\/4c81fed838786e9b53f540bf46533e750f5d292099ae3b66cfc6fb1982e29df7?s=96&d=mm&r=g\",\"url\":\"https:\\\/\\\/secure.gravatar.com\\\/avatar\\\/4c81fed838786e9b53f540bf46533e750f5d292099ae3b66cfc6fb1982e29df7?s=96&d=mm&r=g\",\"contentUrl\":\"https:\\\/\\\/secure.gravatar.com\\\/avatar\\\/4c81fed838786e9b53f540bf46533e750f5d292099ae3b66cfc6fb1982e29df7?s=96&d=mm&r=g\",\"caption\":\"admin\"},\"description\":\"admin\",\"url\":\"https:\\\/\\\/lasentinelle.dz\\\/author\\\/admin\\\/\"}]}<\/script>\n<!-- \/ Yoast SEO plugin. -->","yoast_head_json":{"title":"Soudan\u00a0: 4,2 millions d&rsquo;enfants et de femmes seront confront\u00e9s \u00e0 une malnutrition aigu\u00eb\u00a0 - La Sentinelle","robots":{"index":"index","follow":"follow","max-snippet":"max-snippet:-1","max-image-preview":"max-image-preview:large","max-video-preview":"max-video-preview:-1"},"canonical":"https:\/\/lasentinelle.dz\/index.php\/2026\/01\/21\/soudan-42-millions-denfants-et-de-femmes-seront-confrontes-a-une-malnutrition-aigue\/","og_locale":"fr_FR","og_type":"article","og_title":"Soudan\u00a0: 4,2 millions d&rsquo;enfants et de femmes seront confront\u00e9s \u00e0 une malnutrition aigu\u00eb\u00a0 - La Sentinelle","og_description":"Un groupe de coordination mondial dirig\u00e9 par l&rsquo;ONU a averti qu&rsquo;environ 4,2 millions d&rsquo;enfants et de femmes enceintes ou allaitantes","og_url":"https:\/\/lasentinelle.dz\/index.php\/2026\/01\/21\/soudan-42-millions-denfants-et-de-femmes-seront-confrontes-a-une-malnutrition-aigue\/","og_site_name":"La Sentinelle","article_publisher":"https:\/\/www.facebook.com\/La-Sentinelle-104059864394773","article_published_time":"2026-01-21T11:02:08+00:00","article_modified_time":"2026-01-21T11:02:09+00:00","og_image":[{"width":1200,"height":675,"url":"https:\/\/lasentinelle.dz\/wp-content\/uploads\/2025\/08\/soudan.jpg","type":"image\/jpeg"}],"author":"admin","twitter_card":"summary_large_image","twitter_misc":{"\u00c9crit par":"admin","Dur\u00e9e de lecture estim\u00e9e":"3 minutes"},"schema":{"@context":"https:\/\/schema.org","@graph":[{"@type":"Article","@id":"https:\/\/lasentinelle.dz\/index.php\/2026\/01\/21\/soudan-42-millions-denfants-et-de-femmes-seront-confrontes-a-une-malnutrition-aigue\/#article","isPartOf":{"@id":"https:\/\/lasentinelle.dz\/index.php\/2026\/01\/21\/soudan-42-millions-denfants-et-de-femmes-seront-confrontes-a-une-malnutrition-aigue\/"},"author":{"name":"admin","@id":"https:\/\/lasentinelle.dz\/#\/schema\/person\/729ee0024f24e0b8c5ec17232f8e8b41"},"headline":"Soudan\u00a0: 4,2 millions d&rsquo;enfants et de femmes seront confront\u00e9s \u00e0 une malnutrition aigu\u00eb\u00a0","datePublished":"2026-01-21T11:02:08+00:00","dateModified":"2026-01-21T11:02:09+00:00","mainEntityOfPage":{"@id":"https:\/\/lasentinelle.dz\/index.php\/2026\/01\/21\/soudan-42-millions-denfants-et-de-femmes-seront-confrontes-a-une-malnutrition-aigue\/"},"wordCount":534,"commentCount":0,"publisher":{"@id":"https:\/\/lasentinelle.dz\/#organization"},"image":{"@id":"https:\/\/lasentinelle.dz\/index.php\/2026\/01\/21\/soudan-42-millions-denfants-et-de-femmes-seront-confrontes-a-une-malnutrition-aigue\/#primaryimage"},"thumbnailUrl":"https:\/\/lasentinelle.dz\/wp-content\/uploads\/2025\/08\/soudan.jpg","articleSection":["Monde"],"inLanguage":"fr-FR","potentialAction":[{"@type":"CommentAction","name":"Comment","target":["https:\/\/lasentinelle.dz\/index.php\/2026\/01\/21\/soudan-42-millions-denfants-et-de-femmes-seront-confrontes-a-une-malnutrition-aigue\/#respond"]}]},{"@type":"WebPage","@id":"https:\/\/lasentinelle.dz\/index.php\/2026\/01\/21\/soudan-42-millions-denfants-et-de-femmes-seront-confrontes-a-une-malnutrition-aigue\/","url":"https:\/\/lasentinelle.dz\/index.php\/2026\/01\/21\/soudan-42-millions-denfants-et-de-femmes-seront-confrontes-a-une-malnutrition-aigue\/","name":"Soudan\u00a0: 4,2 millions d&rsquo;enfants et de femmes seront confront\u00e9s \u00e0 une malnutrition aigu\u00eb\u00a0 - La Sentinelle","isPartOf":{"@id":"https:\/\/lasentinelle.dz\/#website"},"primaryImageOfPage":{"@id":"https:\/\/lasentinelle.dz\/index.php\/2026\/01\/21\/soudan-42-millions-denfants-et-de-femmes-seront-confrontes-a-une-malnutrition-aigue\/#primaryimage"},"image":{"@id":"https:\/\/lasentinelle.dz\/index.php\/2026\/01\/21\/soudan-42-millions-denfants-et-de-femmes-seront-confrontes-a-une-malnutrition-aigue\/#primaryimage"},"thumbnailUrl":"https:\/\/lasentinelle.dz\/wp-content\/uploads\/2025\/08\/soudan.jpg","datePublished":"2026-01-21T11:02:08+00:00","dateModified":"2026-01-21T11:02:09+00:00","breadcrumb":{"@id":"https:\/\/lasentinelle.dz\/index.php\/2026\/01\/21\/soudan-42-millions-denfants-et-de-femmes-seront-confrontes-a-une-malnutrition-aigue\/#breadcrumb"},"inLanguage":"fr-FR","potentialAction":[{"@type":"ReadAction","target":["https:\/\/lasentinelle.dz\/index.php\/2026\/01\/21\/soudan-42-millions-denfants-et-de-femmes-seront-confrontes-a-une-malnutrition-aigue\/"]}]},{"@type":"ImageObject","inLanguage":"fr-FR","@id":"https:\/\/lasentinelle.dz\/index.php\/2026\/01\/21\/soudan-42-millions-denfants-et-de-femmes-seront-confrontes-a-une-malnutrition-aigue\/#primaryimage","url":"https:\/\/lasentinelle.dz\/wp-content\/uploads\/2025\/08\/soudan.jpg","contentUrl":"https:\/\/lasentinelle.dz\/wp-content\/uploads\/2025\/08\/soudan.jpg","width":1200,"height":675},{"@type":"BreadcrumbList","@id":"https:\/\/lasentinelle.dz\/index.php\/2026\/01\/21\/soudan-42-millions-denfants-et-de-femmes-seront-confrontes-a-une-malnutrition-aigue\/#breadcrumb","itemListElement":[{"@type":"ListItem","position":1,"name":"Accueil","item":"https:\/\/lasentinelle.dz\/"},{"@type":"ListItem","position":2,"name":"Soudan\u00a0: 4,2 millions d&rsquo;enfants et de femmes seront confront\u00e9s \u00e0 une malnutrition aigu\u00eb\u00a0"}]},{"@type":"WebSite","@id":"https:\/\/lasentinelle.dz\/#website","url":"https:\/\/lasentinelle.dz\/","name":"La Sentinelle","description":"Quotidien national d&#039;information","publisher":{"@id":"https:\/\/lasentinelle.dz\/#organization"},"potentialAction":[{"@type":"SearchAction","target":{"@type":"EntryPoint","urlTemplate":"https:\/\/lasentinelle.dz\/?s={search_term_string}"},"query-input":{"@type":"PropertyValueSpecification","valueRequired":true,"valueName":"search_term_string"}}],"inLanguage":"fr-FR"},{"@type":"Organization","@id":"https:\/\/lasentinelle.dz\/#organization","name":"Quotidien La Sentinelle","url":"https:\/\/lasentinelle.dz\/","logo":{"@type":"ImageObject","inLanguage":"fr-FR","@id":"https:\/\/lasentinelle.dz\/#\/schema\/logo\/image\/","url":"https:\/\/lasentinelle.dz\/wp-content\/uploads\/2021\/09\/logo-sentinelleSLOGAN-1.png","contentUrl":"https:\/\/lasentinelle.dz\/wp-content\/uploads\/2021\/09\/logo-sentinelleSLOGAN-1.png","width":615,"height":142,"caption":"Quotidien La Sentinelle"},"image":{"@id":"https:\/\/lasentinelle.dz\/#\/schema\/logo\/image\/"},"sameAs":["https:\/\/www.facebook.com\/La-Sentinelle-104059864394773"]},{"@type":"Person","@id":"https:\/\/lasentinelle.dz\/#\/schema\/person\/729ee0024f24e0b8c5ec17232f8e8b41","name":"admin","image":{"@type":"ImageObject","inLanguage":"fr-FR","@id":"https:\/\/secure.gravatar.com\/avatar\/4c81fed838786e9b53f540bf46533e750f5d292099ae3b66cfc6fb1982e29df7?s=96&d=mm&r=g","url":"https:\/\/secure.gravatar.com\/avatar\/4c81fed838786e9b53f540bf46533e750f5d292099ae3b66cfc6fb1982e29df7?s=96&d=mm&r=g","contentUrl":"https:\/\/secure.gravatar.com\/avatar\/4c81fed838786e9b53f540bf46533e750f5d292099ae3b66cfc6fb1982e29df7?s=96&d=mm&r=g","caption":"admin"},"description":"admin","url":"https:\/\/lasentinelle.dz\/author\/admin\/"}]}},"_links":{"self":[{"href":"https:\/\/lasentinelle.dz\/index.php\/wp-json\/wp\/v2\/posts\/79814","targetHints":{"allow":["GET"]}}],"collection":[{"href":"https:\/\/lasentinelle.dz\/index.php\/wp-json\/wp\/v2\/posts"}],"about":[{"href":"https:\/\/lasentinelle.dz\/index.php\/wp-json\/wp\/v2\/types\/post"}],"author":[{"embeddable":true,"href":"https:\/\/lasentinelle.dz\/index.php\/wp-json\/wp\/v2\/users\/6"}],"replies":[{"embeddable":true,"href":"https:\/\/lasentinelle.dz\/index.php\/wp-json\/wp\/v2\/comments?post=79814"}],"version-history":[{"count":2,"href":"https:\/\/lasentinelle.dz\/index.php\/wp-json\/wp\/v2\/posts\/79814\/revisions"}],"predecessor-version":[{"id":79816,"href":"https:\/\/lasentinelle.dz\/index.php\/wp-json\/wp\/v2\/posts\/79814\/revisions\/79816"}],"wp:featuredmedia":[{"embeddable":true,"href":"https:\/\/lasentinelle.dz\/index.php\/wp-json\/wp\/v2\/media\/72411"}],"wp:attachment":[{"href":"https:\/\/lasentinelle.dz\/index.php\/wp-json\/wp\/v2\/media?parent=79814"}],"wp:term":[{"taxonomy":"category","embeddable":true,"href":"https:\/\/lasentinelle.dz\/index.php\/wp-json\/wp\/v2\/categories?post=79814"},{"taxonomy":"post_tag","embeddable":true,"href":"https:\/\/lasentinelle.dz\/index.php\/wp-json\/wp\/v2\/tags?post=79814"}],"curies":[{"name":"wp","href":"https:\/\/api.w.org\/{rel}","templated":true}]}}