{"id":79862,"date":"2026-01-21T12:24:38","date_gmt":"2026-01-21T11:24:38","guid":{"rendered":"https:\/\/lasentinelle.dz\/?p=79862"},"modified":"2026-01-21T12:24:40","modified_gmt":"2026-01-21T11:24:40","slug":"lhemicycle-a-lepreuve-du-dialogue-avec-les-partis","status":"publish","type":"post","link":"https:\/\/lasentinelle.dz\/index.php\/2026\/01\/21\/lhemicycle-a-lepreuve-du-dialogue-avec-les-partis\/","title":{"rendered":"L\u2019H\u00e9micycle \u00e0 l\u2019\u00e9preuve du dialogue avec les partis"},"content":{"rendered":"\n<p><em>L\u2019Assembl\u00e9e populaire nationale a lanc\u00e9 cette semaine le processus d\u2019examen du projet de loi organique relatif aux partis politiques, et la commission comp\u00e9tente a engag\u00e9 une s\u00e9rie d\u2019auditions des principales formations du pays. FLN, RND, MSP ont d\u00e9j\u00e0 \u00e9t\u00e9 convi\u00e9s \u00e0 faire entendre leur voix sur un texte appel\u00e9 \u00e0 redessiner durablement le paysage politique national. Une s\u00e9quence parlementaire qui consacre le retour du dialogue institutionnel avec la classe politique et place la r\u00e9forme au c\u0153ur du d\u00e9bat d\u00e9mocratique.<\/em><\/p>\n\n\n\n<p>L\u2019examen du projet de loi organique relatif aux partis politiques s\u2019accompagne d\u2019un processus consultatif \u00e9largi, associant directement les formations politiques \u00e0 l\u2019\u00e9laboration du texte. La Commission des affaires juridiques et administratives et des libert\u00e9s a ainsi ouvert ses portes, successivement, aux repr\u00e9sentants du Front de lib\u00e9ration nationale (FLN), du Rassemblement national d\u00e9mocratique (RND) et du Mouvement de la soci\u00e9t\u00e9 pour la paix (MSP). Une d\u00e9marche assum\u00e9e par le pr\u00e9sident de la commission, Abdelkader Toumi, pour qui ces auditions visent \u00e0 \u00ab enrichir le projet de loi et r\u00e9pondre aux exigences de l\u2019\u00e9tape actuelle, dans le respect des dispositions de la Constitution et au service de l\u2019int\u00e9r\u00eat g\u00e9n\u00e9ral \u00bb. Cette s\u00e9quence parlementaire s\u2019inscrit dans le sillage de la pr\u00e9sentation du texte par le ministre de l\u2019Int\u00e9rieur, Sa\u00efd Sayoud, qui a rappel\u00e9 dimanche lors de son audition devant la commission, que la r\u00e9forme entend \u00ab r\u00e9organiser la pratique politique sur des bases constitutionnelles, juridiques et institutionnelles renforc\u00e9es, en vue de faire des partis un socle essentiel pour l\u2019\u00e9dification d\u2019institutions fortes et cr\u00e9dibles \u00bb. Le projet, fort de 97 articles r\u00e9partis sur sept chapitres, ambitionne de doter les partis d\u2019un cadre clair, fond\u00e9 sur \u00ab la transparence, la reddition de comptes et le respect des principes du pluralisme et de la concurrence politique loyale \u00bb.<\/p>\n\n\n\n<p>Les auditions ont mis en lumi\u00e8re une convergence de vues sur la n\u00e9cessit\u00e9 de moderniser la vie partisane, tout en r\u00e9v\u00e9lant des attentes pr\u00e9cises. Pour le FLN, repr\u00e9sent\u00e9 par Mohamed Kennai, le texte constitue \u00ab l\u2019un des fondamentaux \u00e0 m\u00eame de consacrer la pratique d\u00e9mocratique, d\u2019ancrer le pluralisme partisan et de soutenir les partis politiques dans l\u2019accomplissement de leur r\u00f4le \u00bb. Le responsable a soulign\u00e9 que les \u00e9changes pr\u00e9alables avec les formations avaient d\u00e9j\u00e0 permis \u00ab l\u2019introduction de plusieurs propositions \u00bb, tout en pointant des dispositions que son parti juge \u00ab n\u00e9cessaires \u00e0 clarifier ou \u00e0 r\u00e9examiner \u00bb, notamment celles li\u00e9es au financement, \u00e0 la distinction entre action partisane et associative, \u00e0 la formation politique et au r\u00f4le des partis dans la s\u00e9lection des listes \u00e9lectorales.<\/p>\n\n\n\n<p>M\u00eame tonalit\u00e9 du c\u00f4t\u00e9 du RND. Son pr\u00e9sident de groupe parlementaire, Abdelghani Toumi, a estim\u00e9 que le projet s\u2019inscrit dans les \u00ab efforts tendant \u00e0 r\u00e9organiser la vie partisane sur des bases juridiques efficaces \u00bb, afin de renforcer le r\u00f4le des partis dans \u00ab l\u2019encadrement de la soci\u00e9t\u00e9 et la contribution \u00e0 l\u2019\u00e9laboration des politiques et des lois \u00bb. Le RND a formul\u00e9 une s\u00e9rie de propositions visant \u00e0 \u00ab renforcer l\u2019\u00e9quilibre du texte, \u00e0 en am\u00e9liorer la r\u00e9daction et \u00e0 garantir la libert\u00e9 d\u2019action partisane \u00bb, tout en plaidant pour \u00ab l\u2019\u00e9largissement de la participation politique, notamment \u00e0 travers la valorisation du r\u00f4le des jeunes et des femmes \u00bb, sans oublier la communaut\u00e9 nationale \u00e0 l\u2019\u00e9tranger.<\/p>\n\n\n\n<p><strong>Garde-fous<\/strong><\/p>\n\n\n\n<p>Derni\u00e8re formation re\u00e7ue en date, le MSP a salu\u00e9 mardi&nbsp;&nbsp;l\u2019esprit d\u2019ouverture entourant la r\u00e9forme. Son secr\u00e9taire national charg\u00e9 des affaires politiques, Farouk Tifour, a vu dans cette d\u00e9marche \u00ab l\u2019opportunit\u00e9 de contribuer \u00e0 l\u2019\u00e9laboration d\u2019un cadre juridique moderne, en phase avec les aspirations nationales \u00bb et \u00e0 la r\u00e9daction d\u2019\u00ab une loi qui traite les dysfonctionnements existants, en mettant l\u2019accent sur la r\u00e9forme, le renouveau et le d\u00e9veloppement \u00bb. Le responsable a insist\u00e9 sur \u00ab l\u2019importance de renforcer le dialogue national sur les questions majeures et d\u2019y associer la classe politique \u00bb, faisant de la concertation un levier de cr\u00e9dibilit\u00e9 pour la future loi.<\/p>\n\n\n\n<p>Au-del\u00e0 des positions partisanes, les auditions dessinent les grands axes d\u2019un texte structurant. Le projet garantit aux partis un champ d\u2019action \u00e9largi, leur reconna\u00eet des moyens d\u2019organisation et d\u2019expression, et consacre leur droit de recours contre les d\u00e9cisions administratives. En contrepartie, il impose le respect strict de la Constitution, des valeurs nationales et des principes d\u00e9mocratiques internes. Il interdit toute activit\u00e9 fond\u00e9e sur des bases religieuses, r\u00e9gionales ou raciales, proscrit les liens de d\u00e9pendance avec des int\u00e9r\u00eats \u00e9trangers et \u00e9rige la transparence financi\u00e8re en r\u00e8gle cardinale, avec contr\u00f4le des comptes, d\u00e9claration des dons et rapport annuel obligatoire.<\/p>\n\n\n\n<p>La r\u00e9forme introduit \u00e9galement des garde-fous in\u00e9dits : sanctions contre le nomadisme politique, avec d\u00e9ch\u00e9ance automatique du mandat, encadrement des coalitions, nouvelles conditions de cr\u00e9ation des partis et dissolution en cas de non-participation \u00e0 deux \u00e9ch\u00e9ances \u00e9lectorales successives. Autant de dispositions destin\u00e9es, selon le ministre, \u00e0 \u00ab permettre aux partis s\u00e9rieux d\u2019accomplir pleinement leur r\u00f4le dans l\u2019encadrement de la soci\u00e9t\u00e9 et la formation d\u2019\u00e9lites politiques qualifi\u00e9es \u00bb.<\/p>\n\n\n\n<p>Cette dynamique consultative, salu\u00e9e par les d\u00e9put\u00e9s comme par les formations auditionn\u00e9es, marque une inflexion dans la fabrique de la norme. Elle place la r\u00e9forme des partis non seulement sous le sceau de la l\u00e9galit\u00e9 constitutionnelle, mais aussi sous celui du dialogue politique. \u00c0 l\u2019heure o\u00f9 le texte s\u2019appr\u00eate \u00e0 entrer dans le vif du d\u00e9bat parlementaire, l\u2019h\u00e9micycle devient ainsi le th\u00e9\u00e2tre d\u2019un pari : refonder la vie partisane par la loi, mais aussi par l\u2019\u00e9coute.<\/p>\n\n\n\n<p>Hocine Fadheli<\/p>\n","protected":false},"excerpt":{"rendered":"<p>L\u2019Assembl\u00e9e populaire nationale a lanc\u00e9 cette semaine le processus d\u2019examen du projet de loi organique relatif aux partis politiques, et<\/p>\n","protected":false},"author":6,"featured_media":79863,"comment_status":"open","ping_status":"closed","sticky":false,"template":"","format":"standard","meta":{"colormag_page_container_layout":"default_layout","colormag_page_sidebar_layout":"default_layout","om_disable_all_campaigns":false,"_monsterinsights_skip_tracking":false,"_monsterinsights_sitenote_active":false,"_monsterinsights_sitenote_note":"","_monsterinsights_sitenote_category":0,"footnotes":"","_wpscppro_dont_share_socialmedia":false,"_wpscppro_custom_social_share_image":0,"_facebook_share_type":"default","_twitter_share_type":"default","_linkedin_share_type":"default","_pinterest_share_type":"default","_linkedin_share_type_page":"","_instagram_share_type":"default","_medium_share_type":"default","_threads_share_type":"default","_google_business_share_type":"default","_selected_social_profile":[],"_wpsp_enable_custom_social_template":false,"_wpsp_social_scheduling":{"enabled":false,"datetime":null,"platforms":[],"status":"template_only","dateOption":"today","timeOption":"now","customDays":"","customHours":"","customDate":"","customTime":"","schedulingType":"absolute"},"_wpsp_active_default_template":true},"categories":[52,27],"tags":[],"class_list":["post-79862","post","type-post","status-publish","format-standard","has-post-thumbnail","hentry","category-a-la-une","category-actualite"],"aioseo_notices":[],"yoast_head":"<!-- This site is optimized with the Yoast SEO plugin v27.4 - https:\/\/yoast.com\/product\/yoast-seo-wordpress\/ -->\n<title>L\u2019H\u00e9micycle \u00e0 l\u2019\u00e9preuve du dialogue avec les partis - La Sentinelle<\/title>\n<meta name=\"robots\" content=\"index, follow, max-snippet:-1, max-image-preview:large, max-video-preview:-1\" \/>\n<link rel=\"canonical\" href=\"https:\/\/lasentinelle.dz\/index.php\/2026\/01\/21\/lhemicycle-a-lepreuve-du-dialogue-avec-les-partis\/\" \/>\n<meta property=\"og:locale\" content=\"fr_FR\" \/>\n<meta property=\"og:type\" content=\"article\" \/>\n<meta property=\"og:title\" content=\"L\u2019H\u00e9micycle \u00e0 l\u2019\u00e9preuve du dialogue avec les partis - La Sentinelle\" \/>\n<meta property=\"og:description\" content=\"L\u2019Assembl\u00e9e populaire nationale a lanc\u00e9 cette semaine le processus d\u2019examen du projet de loi organique relatif aux partis politiques, et\" \/>\n<meta property=\"og:url\" content=\"https:\/\/lasentinelle.dz\/index.php\/2026\/01\/21\/lhemicycle-a-lepreuve-du-dialogue-avec-les-partis\/\" \/>\n<meta property=\"og:site_name\" content=\"La Sentinelle\" \/>\n<meta property=\"article:publisher\" content=\"https:\/\/www.facebook.com\/La-Sentinelle-104059864394773\" \/>\n<meta property=\"article:published_time\" content=\"2026-01-21T11:24:38+00:00\" \/>\n<meta property=\"article:modified_time\" content=\"2026-01-21T11:24:40+00:00\" \/>\n<meta property=\"og:image\" content=\"https:\/\/lasentinelle.dz\/wp-content\/uploads\/2026\/01\/Commission.jpg\" \/>\n\t<meta property=\"og:image:width\" content=\"2048\" \/>\n\t<meta property=\"og:image:height\" content=\"1365\" \/>\n\t<meta property=\"og:image:type\" content=\"image\/jpeg\" \/>\n<meta name=\"author\" content=\"admin\" \/>\n<meta name=\"twitter:card\" content=\"summary_large_image\" \/>\n<meta name=\"twitter:label1\" content=\"\u00c9crit par\" \/>\n\t<meta name=\"twitter:data1\" content=\"admin\" \/>\n\t<meta name=\"twitter:label2\" content=\"Dur\u00e9e de lecture estim\u00e9e\" \/>\n\t<meta name=\"twitter:data2\" content=\"5 minutes\" \/>\n<script type=\"application\/ld+json\" class=\"yoast-schema-graph\">{\"@context\":\"https:\\\/\\\/schema.org\",\"@graph\":[{\"@type\":\"Article\",\"@id\":\"https:\\\/\\\/lasentinelle.dz\\\/index.php\\\/2026\\\/01\\\/21\\\/lhemicycle-a-lepreuve-du-dialogue-avec-les-partis\\\/#article\",\"isPartOf\":{\"@id\":\"https:\\\/\\\/lasentinelle.dz\\\/index.php\\\/2026\\\/01\\\/21\\\/lhemicycle-a-lepreuve-du-dialogue-avec-les-partis\\\/\"},\"author\":{\"name\":\"admin\",\"@id\":\"https:\\\/\\\/lasentinelle.dz\\\/#\\\/schema\\\/person\\\/729ee0024f24e0b8c5ec17232f8e8b41\"},\"headline\":\"L\u2019H\u00e9micycle \u00e0 l\u2019\u00e9preuve du dialogue avec les partis\",\"datePublished\":\"2026-01-21T11:24:38+00:00\",\"dateModified\":\"2026-01-21T11:24:40+00:00\",\"mainEntityOfPage\":{\"@id\":\"https:\\\/\\\/lasentinelle.dz\\\/index.php\\\/2026\\\/01\\\/21\\\/lhemicycle-a-lepreuve-du-dialogue-avec-les-partis\\\/\"},\"wordCount\":987,\"commentCount\":0,\"publisher\":{\"@id\":\"https:\\\/\\\/lasentinelle.dz\\\/#organization\"},\"image\":{\"@id\":\"https:\\\/\\\/lasentinelle.dz\\\/index.php\\\/2026\\\/01\\\/21\\\/lhemicycle-a-lepreuve-du-dialogue-avec-les-partis\\\/#primaryimage\"},\"thumbnailUrl\":\"https:\\\/\\\/lasentinelle.dz\\\/wp-content\\\/uploads\\\/2026\\\/01\\\/Commission.jpg\",\"articleSection\":[\"\u00c0 la Une\",\"Actualit\u00e9\"],\"inLanguage\":\"fr-FR\",\"potentialAction\":[{\"@type\":\"CommentAction\",\"name\":\"Comment\",\"target\":[\"https:\\\/\\\/lasentinelle.dz\\\/index.php\\\/2026\\\/01\\\/21\\\/lhemicycle-a-lepreuve-du-dialogue-avec-les-partis\\\/#respond\"]}]},{\"@type\":\"WebPage\",\"@id\":\"https:\\\/\\\/lasentinelle.dz\\\/index.php\\\/2026\\\/01\\\/21\\\/lhemicycle-a-lepreuve-du-dialogue-avec-les-partis\\\/\",\"url\":\"https:\\\/\\\/lasentinelle.dz\\\/index.php\\\/2026\\\/01\\\/21\\\/lhemicycle-a-lepreuve-du-dialogue-avec-les-partis\\\/\",\"name\":\"L\u2019H\u00e9micycle \u00e0 l\u2019\u00e9preuve du dialogue avec les partis - La Sentinelle\",\"isPartOf\":{\"@id\":\"https:\\\/\\\/lasentinelle.dz\\\/#website\"},\"primaryImageOfPage\":{\"@id\":\"https:\\\/\\\/lasentinelle.dz\\\/index.php\\\/2026\\\/01\\\/21\\\/lhemicycle-a-lepreuve-du-dialogue-avec-les-partis\\\/#primaryimage\"},\"image\":{\"@id\":\"https:\\\/\\\/lasentinelle.dz\\\/index.php\\\/2026\\\/01\\\/21\\\/lhemicycle-a-lepreuve-du-dialogue-avec-les-partis\\\/#primaryimage\"},\"thumbnailUrl\":\"https:\\\/\\\/lasentinelle.dz\\\/wp-content\\\/uploads\\\/2026\\\/01\\\/Commission.jpg\",\"datePublished\":\"2026-01-21T11:24:38+00:00\",\"dateModified\":\"2026-01-21T11:24:40+00:00\",\"breadcrumb\":{\"@id\":\"https:\\\/\\\/lasentinelle.dz\\\/index.php\\\/2026\\\/01\\\/21\\\/lhemicycle-a-lepreuve-du-dialogue-avec-les-partis\\\/#breadcrumb\"},\"inLanguage\":\"fr-FR\",\"potentialAction\":[{\"@type\":\"ReadAction\",\"target\":[\"https:\\\/\\\/lasentinelle.dz\\\/index.php\\\/2026\\\/01\\\/21\\\/lhemicycle-a-lepreuve-du-dialogue-avec-les-partis\\\/\"]}]},{\"@type\":\"ImageObject\",\"inLanguage\":\"fr-FR\",\"@id\":\"https:\\\/\\\/lasentinelle.dz\\\/index.php\\\/2026\\\/01\\\/21\\\/lhemicycle-a-lepreuve-du-dialogue-avec-les-partis\\\/#primaryimage\",\"url\":\"https:\\\/\\\/lasentinelle.dz\\\/wp-content\\\/uploads\\\/2026\\\/01\\\/Commission.jpg\",\"contentUrl\":\"https:\\\/\\\/lasentinelle.dz\\\/wp-content\\\/uploads\\\/2026\\\/01\\\/Commission.jpg\",\"width\":2048,\"height\":1365},{\"@type\":\"BreadcrumbList\",\"@id\":\"https:\\\/\\\/lasentinelle.dz\\\/index.php\\\/2026\\\/01\\\/21\\\/lhemicycle-a-lepreuve-du-dialogue-avec-les-partis\\\/#breadcrumb\",\"itemListElement\":[{\"@type\":\"ListItem\",\"position\":1,\"name\":\"Accueil\",\"item\":\"https:\\\/\\\/lasentinelle.dz\\\/\"},{\"@type\":\"ListItem\",\"position\":2,\"name\":\"L\u2019H\u00e9micycle \u00e0 l\u2019\u00e9preuve du dialogue avec les partis\"}]},{\"@type\":\"WebSite\",\"@id\":\"https:\\\/\\\/lasentinelle.dz\\\/#website\",\"url\":\"https:\\\/\\\/lasentinelle.dz\\\/\",\"name\":\"La Sentinelle\",\"description\":\"Quotidien national d&#039;information\",\"publisher\":{\"@id\":\"https:\\\/\\\/lasentinelle.dz\\\/#organization\"},\"potentialAction\":[{\"@type\":\"SearchAction\",\"target\":{\"@type\":\"EntryPoint\",\"urlTemplate\":\"https:\\\/\\\/lasentinelle.dz\\\/?s={search_term_string}\"},\"query-input\":{\"@type\":\"PropertyValueSpecification\",\"valueRequired\":true,\"valueName\":\"search_term_string\"}}],\"inLanguage\":\"fr-FR\"},{\"@type\":\"Organization\",\"@id\":\"https:\\\/\\\/lasentinelle.dz\\\/#organization\",\"name\":\"Quotidien La Sentinelle\",\"url\":\"https:\\\/\\\/lasentinelle.dz\\\/\",\"logo\":{\"@type\":\"ImageObject\",\"inLanguage\":\"fr-FR\",\"@id\":\"https:\\\/\\\/lasentinelle.dz\\\/#\\\/schema\\\/logo\\\/image\\\/\",\"url\":\"https:\\\/\\\/lasentinelle.dz\\\/wp-content\\\/uploads\\\/2021\\\/09\\\/logo-sentinelleSLOGAN-1.png\",\"contentUrl\":\"https:\\\/\\\/lasentinelle.dz\\\/wp-content\\\/uploads\\\/2021\\\/09\\\/logo-sentinelleSLOGAN-1.png\",\"width\":615,\"height\":142,\"caption\":\"Quotidien La Sentinelle\"},\"image\":{\"@id\":\"https:\\\/\\\/lasentinelle.dz\\\/#\\\/schema\\\/logo\\\/image\\\/\"},\"sameAs\":[\"https:\\\/\\\/www.facebook.com\\\/La-Sentinelle-104059864394773\"]},{\"@type\":\"Person\",\"@id\":\"https:\\\/\\\/lasentinelle.dz\\\/#\\\/schema\\\/person\\\/729ee0024f24e0b8c5ec17232f8e8b41\",\"name\":\"admin\",\"image\":{\"@type\":\"ImageObject\",\"inLanguage\":\"fr-FR\",\"@id\":\"https:\\\/\\\/secure.gravatar.com\\\/avatar\\\/4c81fed838786e9b53f540bf46533e750f5d292099ae3b66cfc6fb1982e29df7?s=96&d=mm&r=g\",\"url\":\"https:\\\/\\\/secure.gravatar.com\\\/avatar\\\/4c81fed838786e9b53f540bf46533e750f5d292099ae3b66cfc6fb1982e29df7?s=96&d=mm&r=g\",\"contentUrl\":\"https:\\\/\\\/secure.gravatar.com\\\/avatar\\\/4c81fed838786e9b53f540bf46533e750f5d292099ae3b66cfc6fb1982e29df7?s=96&d=mm&r=g\",\"caption\":\"admin\"},\"description\":\"admin\",\"url\":\"https:\\\/\\\/lasentinelle.dz\\\/author\\\/admin\\\/\"}]}<\/script>\n<!-- \/ Yoast SEO plugin. -->","yoast_head_json":{"title":"L\u2019H\u00e9micycle \u00e0 l\u2019\u00e9preuve du dialogue avec les partis - La Sentinelle","robots":{"index":"index","follow":"follow","max-snippet":"max-snippet:-1","max-image-preview":"max-image-preview:large","max-video-preview":"max-video-preview:-1"},"canonical":"https:\/\/lasentinelle.dz\/index.php\/2026\/01\/21\/lhemicycle-a-lepreuve-du-dialogue-avec-les-partis\/","og_locale":"fr_FR","og_type":"article","og_title":"L\u2019H\u00e9micycle \u00e0 l\u2019\u00e9preuve du dialogue avec les partis - La Sentinelle","og_description":"L\u2019Assembl\u00e9e populaire nationale a lanc\u00e9 cette semaine le processus d\u2019examen du projet de loi organique relatif aux partis politiques, et","og_url":"https:\/\/lasentinelle.dz\/index.php\/2026\/01\/21\/lhemicycle-a-lepreuve-du-dialogue-avec-les-partis\/","og_site_name":"La Sentinelle","article_publisher":"https:\/\/www.facebook.com\/La-Sentinelle-104059864394773","article_published_time":"2026-01-21T11:24:38+00:00","article_modified_time":"2026-01-21T11:24:40+00:00","og_image":[{"width":2048,"height":1365,"url":"https:\/\/lasentinelle.dz\/wp-content\/uploads\/2026\/01\/Commission.jpg","type":"image\/jpeg"}],"author":"admin","twitter_card":"summary_large_image","twitter_misc":{"\u00c9crit par":"admin","Dur\u00e9e de lecture estim\u00e9e":"5 minutes"},"schema":{"@context":"https:\/\/schema.org","@graph":[{"@type":"Article","@id":"https:\/\/lasentinelle.dz\/index.php\/2026\/01\/21\/lhemicycle-a-lepreuve-du-dialogue-avec-les-partis\/#article","isPartOf":{"@id":"https:\/\/lasentinelle.dz\/index.php\/2026\/01\/21\/lhemicycle-a-lepreuve-du-dialogue-avec-les-partis\/"},"author":{"name":"admin","@id":"https:\/\/lasentinelle.dz\/#\/schema\/person\/729ee0024f24e0b8c5ec17232f8e8b41"},"headline":"L\u2019H\u00e9micycle \u00e0 l\u2019\u00e9preuve du dialogue avec les partis","datePublished":"2026-01-21T11:24:38+00:00","dateModified":"2026-01-21T11:24:40+00:00","mainEntityOfPage":{"@id":"https:\/\/lasentinelle.dz\/index.php\/2026\/01\/21\/lhemicycle-a-lepreuve-du-dialogue-avec-les-partis\/"},"wordCount":987,"commentCount":0,"publisher":{"@id":"https:\/\/lasentinelle.dz\/#organization"},"image":{"@id":"https:\/\/lasentinelle.dz\/index.php\/2026\/01\/21\/lhemicycle-a-lepreuve-du-dialogue-avec-les-partis\/#primaryimage"},"thumbnailUrl":"https:\/\/lasentinelle.dz\/wp-content\/uploads\/2026\/01\/Commission.jpg","articleSection":["\u00c0 la Une","Actualit\u00e9"],"inLanguage":"fr-FR","potentialAction":[{"@type":"CommentAction","name":"Comment","target":["https:\/\/lasentinelle.dz\/index.php\/2026\/01\/21\/lhemicycle-a-lepreuve-du-dialogue-avec-les-partis\/#respond"]}]},{"@type":"WebPage","@id":"https:\/\/lasentinelle.dz\/index.php\/2026\/01\/21\/lhemicycle-a-lepreuve-du-dialogue-avec-les-partis\/","url":"https:\/\/lasentinelle.dz\/index.php\/2026\/01\/21\/lhemicycle-a-lepreuve-du-dialogue-avec-les-partis\/","name":"L\u2019H\u00e9micycle \u00e0 l\u2019\u00e9preuve du dialogue avec les partis - La Sentinelle","isPartOf":{"@id":"https:\/\/lasentinelle.dz\/#website"},"primaryImageOfPage":{"@id":"https:\/\/lasentinelle.dz\/index.php\/2026\/01\/21\/lhemicycle-a-lepreuve-du-dialogue-avec-les-partis\/#primaryimage"},"image":{"@id":"https:\/\/lasentinelle.dz\/index.php\/2026\/01\/21\/lhemicycle-a-lepreuve-du-dialogue-avec-les-partis\/#primaryimage"},"thumbnailUrl":"https:\/\/lasentinelle.dz\/wp-content\/uploads\/2026\/01\/Commission.jpg","datePublished":"2026-01-21T11:24:38+00:00","dateModified":"2026-01-21T11:24:40+00:00","breadcrumb":{"@id":"https:\/\/lasentinelle.dz\/index.php\/2026\/01\/21\/lhemicycle-a-lepreuve-du-dialogue-avec-les-partis\/#breadcrumb"},"inLanguage":"fr-FR","potentialAction":[{"@type":"ReadAction","target":["https:\/\/lasentinelle.dz\/index.php\/2026\/01\/21\/lhemicycle-a-lepreuve-du-dialogue-avec-les-partis\/"]}]},{"@type":"ImageObject","inLanguage":"fr-FR","@id":"https:\/\/lasentinelle.dz\/index.php\/2026\/01\/21\/lhemicycle-a-lepreuve-du-dialogue-avec-les-partis\/#primaryimage","url":"https:\/\/lasentinelle.dz\/wp-content\/uploads\/2026\/01\/Commission.jpg","contentUrl":"https:\/\/lasentinelle.dz\/wp-content\/uploads\/2026\/01\/Commission.jpg","width":2048,"height":1365},{"@type":"BreadcrumbList","@id":"https:\/\/lasentinelle.dz\/index.php\/2026\/01\/21\/lhemicycle-a-lepreuve-du-dialogue-avec-les-partis\/#breadcrumb","itemListElement":[{"@type":"ListItem","position":1,"name":"Accueil","item":"https:\/\/lasentinelle.dz\/"},{"@type":"ListItem","position":2,"name":"L\u2019H\u00e9micycle \u00e0 l\u2019\u00e9preuve du dialogue avec les partis"}]},{"@type":"WebSite","@id":"https:\/\/lasentinelle.dz\/#website","url":"https:\/\/lasentinelle.dz\/","name":"La Sentinelle","description":"Quotidien national d&#039;information","publisher":{"@id":"https:\/\/lasentinelle.dz\/#organization"},"potentialAction":[{"@type":"SearchAction","target":{"@type":"EntryPoint","urlTemplate":"https:\/\/lasentinelle.dz\/?s={search_term_string}"},"query-input":{"@type":"PropertyValueSpecification","valueRequired":true,"valueName":"search_term_string"}}],"inLanguage":"fr-FR"},{"@type":"Organization","@id":"https:\/\/lasentinelle.dz\/#organization","name":"Quotidien La Sentinelle","url":"https:\/\/lasentinelle.dz\/","logo":{"@type":"ImageObject","inLanguage":"fr-FR","@id":"https:\/\/lasentinelle.dz\/#\/schema\/logo\/image\/","url":"https:\/\/lasentinelle.dz\/wp-content\/uploads\/2021\/09\/logo-sentinelleSLOGAN-1.png","contentUrl":"https:\/\/lasentinelle.dz\/wp-content\/uploads\/2021\/09\/logo-sentinelleSLOGAN-1.png","width":615,"height":142,"caption":"Quotidien La Sentinelle"},"image":{"@id":"https:\/\/lasentinelle.dz\/#\/schema\/logo\/image\/"},"sameAs":["https:\/\/www.facebook.com\/La-Sentinelle-104059864394773"]},{"@type":"Person","@id":"https:\/\/lasentinelle.dz\/#\/schema\/person\/729ee0024f24e0b8c5ec17232f8e8b41","name":"admin","image":{"@type":"ImageObject","inLanguage":"fr-FR","@id":"https:\/\/secure.gravatar.com\/avatar\/4c81fed838786e9b53f540bf46533e750f5d292099ae3b66cfc6fb1982e29df7?s=96&d=mm&r=g","url":"https:\/\/secure.gravatar.com\/avatar\/4c81fed838786e9b53f540bf46533e750f5d292099ae3b66cfc6fb1982e29df7?s=96&d=mm&r=g","contentUrl":"https:\/\/secure.gravatar.com\/avatar\/4c81fed838786e9b53f540bf46533e750f5d292099ae3b66cfc6fb1982e29df7?s=96&d=mm&r=g","caption":"admin"},"description":"admin","url":"https:\/\/lasentinelle.dz\/author\/admin\/"}]}},"_links":{"self":[{"href":"https:\/\/lasentinelle.dz\/index.php\/wp-json\/wp\/v2\/posts\/79862","targetHints":{"allow":["GET"]}}],"collection":[{"href":"https:\/\/lasentinelle.dz\/index.php\/wp-json\/wp\/v2\/posts"}],"about":[{"href":"https:\/\/lasentinelle.dz\/index.php\/wp-json\/wp\/v2\/types\/post"}],"author":[{"embeddable":true,"href":"https:\/\/lasentinelle.dz\/index.php\/wp-json\/wp\/v2\/users\/6"}],"replies":[{"embeddable":true,"href":"https:\/\/lasentinelle.dz\/index.php\/wp-json\/wp\/v2\/comments?post=79862"}],"version-history":[{"count":1,"href":"https:\/\/lasentinelle.dz\/index.php\/wp-json\/wp\/v2\/posts\/79862\/revisions"}],"predecessor-version":[{"id":79864,"href":"https:\/\/lasentinelle.dz\/index.php\/wp-json\/wp\/v2\/posts\/79862\/revisions\/79864"}],"wp:featuredmedia":[{"embeddable":true,"href":"https:\/\/lasentinelle.dz\/index.php\/wp-json\/wp\/v2\/media\/79863"}],"wp:attachment":[{"href":"https:\/\/lasentinelle.dz\/index.php\/wp-json\/wp\/v2\/media?parent=79862"}],"wp:term":[{"taxonomy":"category","embeddable":true,"href":"https:\/\/lasentinelle.dz\/index.php\/wp-json\/wp\/v2\/categories?post=79862"},{"taxonomy":"post_tag","embeddable":true,"href":"https:\/\/lasentinelle.dz\/index.php\/wp-json\/wp\/v2\/tags?post=79862"}],"curies":[{"name":"wp","href":"https:\/\/api.w.org\/{rel}","templated":true}]}}