{"id":79865,"date":"2026-01-21T12:25:20","date_gmt":"2026-01-21T11:25:20","guid":{"rendered":"https:\/\/lasentinelle.dz\/?p=79865"},"modified":"2026-01-21T12:25:21","modified_gmt":"2026-01-21T11:25:21","slug":"algerie-grece-plusieurs-accords-de-cooperation-signes","status":"publish","type":"post","link":"https:\/\/lasentinelle.dz\/index.php\/2026\/01\/21\/algerie-grece-plusieurs-accords-de-cooperation-signes\/","title":{"rendered":"Alg\u00e9rie\u2013Gr\u00e8ce\u00a0: Plusieurs accords de coop\u00e9ration sign\u00e9s"},"content":{"rendered":"\n<p>L\u2019Alg\u00e9rie et la Gr\u00e8ce consolident leur partenariat. R\u00e9unis \u00e0 Ath\u00e8nes, les officiels des deux pays ont franchi une nouvelle \u00e9tape dans le renforcement des relations bilat\u00e9rales \u00e0 l\u2019occasion de la 3e session de la Commission mixte alg\u00e9ro-grecque, copr\u00e9sid\u00e9e par le secr\u00e9taire d\u2019\u00c9tat aupr\u00e8s du ministre des Affaires \u00e9trang\u00e8res, charg\u00e9 de la Communaut\u00e9 nationale \u00e0 l\u2019\u00e9tranger, Sofiane Chaib, et le vice-ministre grec des Affaires \u00e9trang\u00e8res charg\u00e9 de la diplomatie \u00e9conomique, Harry Theoharis. Selon un communiqu\u00e9 du minist\u00e8re des Affaires \u00e9trang\u00e8res, cette session a permis \u00ab d\u2019aborder les diff\u00e9rents volets de la coop\u00e9ration entre les deux pays amis et de la renforcer dans les domaines d\u2019int\u00e9r\u00eat commun, notamment l\u2019\u00e9nergie et les \u00e9nergies renouvelables, la justice, l\u2019agriculture, la culture, le tourisme, la communication, les nouvelles technologies, les start-up, le sport et les transports \u00bb. Une dynamique qui traduit la volont\u00e9 partag\u00e9e d\u2019\u00e9largir le partenariat \u00e0 des secteurs porteurs et d\u2019avenir. Les \u00e9changes ont \u00e9galement port\u00e9 sur \u00ab les questions internationales et r\u00e9gionales d\u2019actualit\u00e9, ainsi que le partenariat liant l\u2019Alg\u00e9rie et l\u2019Union europ\u00e9enne, de m\u00eame que la coop\u00e9ration et la coordination multilat\u00e9rales \u00bb, souligne la m\u00eame source, mettant en \u00e9vidence une convergence de vues sur les grands dossiers r\u00e9gionaux. Les travaux ont \u00e9t\u00e9 sanctionn\u00e9s par \u00ab la signature de plusieurs accords et m\u00e9morandums d\u2019entente entre les deux pays dans les domaines de la formation diplomatique, du sport, de la communication, des archives nationales, ainsi que des services a\u00e9riens \u00bb, consacre le communiqu\u00e9. En marge de cette session, M. Chaib a tenu des rencontres bilat\u00e9rales avec des membres du gouvernement grec et de hauts responsables, permettant \u00ab d\u2019approfondir la concertation et d\u2019\u00e9changer les vues sur les diff\u00e9rents axes de la coop\u00e9ration bilat\u00e9rale \u00bb. Un signal fort d\u2019un partenariat appel\u00e9 \u00e0 gagner en densit\u00e9 et en impact.<\/p>\n\n\n\n<p>R.R.<\/p>\n","protected":false},"excerpt":{"rendered":"<p>L\u2019Alg\u00e9rie et la Gr\u00e8ce consolident leur partenariat. R\u00e9unis \u00e0 Ath\u00e8nes, les officiels des deux pays ont franchi une nouvelle \u00e9tape<\/p>\n","protected":false},"author":6,"featured_media":0,"comment_status":"open","ping_status":"closed","sticky":false,"template":"","format":"standard","meta":{"colormag_page_container_layout":"default_layout","colormag_page_sidebar_layout":"default_layout","om_disable_all_campaigns":false,"_monsterinsights_skip_tracking":false,"_monsterinsights_sitenote_active":false,"_monsterinsights_sitenote_note":"","_monsterinsights_sitenote_category":0,"footnotes":"","_wpscppro_dont_share_socialmedia":false,"_wpscppro_custom_social_share_image":0,"_facebook_share_type":"default","_twitter_share_type":"default","_linkedin_share_type":"default","_pinterest_share_type":"default","_linkedin_share_type_page":"","_instagram_share_type":"default","_medium_share_type":"default","_threads_share_type":"default","_google_business_share_type":"default","_selected_social_profile":[],"_wpsp_enable_custom_social_template":false,"_wpsp_social_scheduling":{"enabled":false,"datetime":null,"platforms":[],"status":"template_only","dateOption":"today","timeOption":"now","customDays":"","customHours":"","customDate":"","customTime":"","schedulingType":"absolute"},"_wpsp_active_default_template":true},"categories":[27],"tags":[],"class_list":["post-79865","post","type-post","status-publish","format-standard","hentry","category-actualite"],"aioseo_notices":[],"yoast_head":"<!-- This site is optimized with the Yoast SEO plugin v27.4 - https:\/\/yoast.com\/product\/yoast-seo-wordpress\/ -->\n<title>Alg\u00e9rie\u2013Gr\u00e8ce\u00a0: Plusieurs accords de coop\u00e9ration sign\u00e9s - La Sentinelle<\/title>\n<meta name=\"robots\" content=\"index, follow, max-snippet:-1, max-image-preview:large, max-video-preview:-1\" \/>\n<link rel=\"canonical\" href=\"https:\/\/lasentinelle.dz\/index.php\/2026\/01\/21\/algerie-grece-plusieurs-accords-de-cooperation-signes\/\" \/>\n<meta property=\"og:locale\" content=\"fr_FR\" \/>\n<meta property=\"og:type\" content=\"article\" \/>\n<meta property=\"og:title\" content=\"Alg\u00e9rie\u2013Gr\u00e8ce\u00a0: Plusieurs accords de coop\u00e9ration sign\u00e9s - La Sentinelle\" \/>\n<meta property=\"og:description\" content=\"L\u2019Alg\u00e9rie et la Gr\u00e8ce consolident leur partenariat. R\u00e9unis \u00e0 Ath\u00e8nes, les officiels des deux pays ont franchi une nouvelle \u00e9tape\" \/>\n<meta property=\"og:url\" content=\"https:\/\/lasentinelle.dz\/index.php\/2026\/01\/21\/algerie-grece-plusieurs-accords-de-cooperation-signes\/\" \/>\n<meta property=\"og:site_name\" content=\"La Sentinelle\" \/>\n<meta property=\"article:publisher\" content=\"https:\/\/www.facebook.com\/La-Sentinelle-104059864394773\" \/>\n<meta property=\"article:published_time\" content=\"2026-01-21T11:25:20+00:00\" \/>\n<meta property=\"article:modified_time\" content=\"2026-01-21T11:25:21+00:00\" \/>\n<meta name=\"author\" content=\"admin\" \/>\n<meta name=\"twitter:card\" content=\"summary_large_image\" \/>\n<meta name=\"twitter:label1\" content=\"\u00c9crit par\" \/>\n\t<meta name=\"twitter:data1\" content=\"admin\" \/>\n\t<meta name=\"twitter:label2\" content=\"Dur\u00e9e de lecture estim\u00e9e\" \/>\n\t<meta name=\"twitter:data2\" content=\"2 minutes\" \/>\n<script type=\"application\/ld+json\" class=\"yoast-schema-graph\">{\"@context\":\"https:\\\/\\\/schema.org\",\"@graph\":[{\"@type\":\"Article\",\"@id\":\"https:\\\/\\\/lasentinelle.dz\\\/index.php\\\/2026\\\/01\\\/21\\\/algerie-grece-plusieurs-accords-de-cooperation-signes\\\/#article\",\"isPartOf\":{\"@id\":\"https:\\\/\\\/lasentinelle.dz\\\/index.php\\\/2026\\\/01\\\/21\\\/algerie-grece-plusieurs-accords-de-cooperation-signes\\\/\"},\"author\":{\"name\":\"admin\",\"@id\":\"https:\\\/\\\/lasentinelle.dz\\\/#\\\/schema\\\/person\\\/729ee0024f24e0b8c5ec17232f8e8b41\"},\"headline\":\"Alg\u00e9rie\u2013Gr\u00e8ce\u00a0: Plusieurs accords de coop\u00e9ration sign\u00e9s\",\"datePublished\":\"2026-01-21T11:25:20+00:00\",\"dateModified\":\"2026-01-21T11:25:21+00:00\",\"mainEntityOfPage\":{\"@id\":\"https:\\\/\\\/lasentinelle.dz\\\/index.php\\\/2026\\\/01\\\/21\\\/algerie-grece-plusieurs-accords-de-cooperation-signes\\\/\"},\"wordCount\":342,\"commentCount\":0,\"publisher\":{\"@id\":\"https:\\\/\\\/lasentinelle.dz\\\/#organization\"},\"articleSection\":[\"Actualit\u00e9\"],\"inLanguage\":\"fr-FR\",\"potentialAction\":[{\"@type\":\"CommentAction\",\"name\":\"Comment\",\"target\":[\"https:\\\/\\\/lasentinelle.dz\\\/index.php\\\/2026\\\/01\\\/21\\\/algerie-grece-plusieurs-accords-de-cooperation-signes\\\/#respond\"]}]},{\"@type\":\"WebPage\",\"@id\":\"https:\\\/\\\/lasentinelle.dz\\\/index.php\\\/2026\\\/01\\\/21\\\/algerie-grece-plusieurs-accords-de-cooperation-signes\\\/\",\"url\":\"https:\\\/\\\/lasentinelle.dz\\\/index.php\\\/2026\\\/01\\\/21\\\/algerie-grece-plusieurs-accords-de-cooperation-signes\\\/\",\"name\":\"Alg\u00e9rie\u2013Gr\u00e8ce\u00a0: Plusieurs accords de coop\u00e9ration sign\u00e9s - La Sentinelle\",\"isPartOf\":{\"@id\":\"https:\\\/\\\/lasentinelle.dz\\\/#website\"},\"datePublished\":\"2026-01-21T11:25:20+00:00\",\"dateModified\":\"2026-01-21T11:25:21+00:00\",\"breadcrumb\":{\"@id\":\"https:\\\/\\\/lasentinelle.dz\\\/index.php\\\/2026\\\/01\\\/21\\\/algerie-grece-plusieurs-accords-de-cooperation-signes\\\/#breadcrumb\"},\"inLanguage\":\"fr-FR\",\"potentialAction\":[{\"@type\":\"ReadAction\",\"target\":[\"https:\\\/\\\/lasentinelle.dz\\\/index.php\\\/2026\\\/01\\\/21\\\/algerie-grece-plusieurs-accords-de-cooperation-signes\\\/\"]}]},{\"@type\":\"BreadcrumbList\",\"@id\":\"https:\\\/\\\/lasentinelle.dz\\\/index.php\\\/2026\\\/01\\\/21\\\/algerie-grece-plusieurs-accords-de-cooperation-signes\\\/#breadcrumb\",\"itemListElement\":[{\"@type\":\"ListItem\",\"position\":1,\"name\":\"Accueil\",\"item\":\"https:\\\/\\\/lasentinelle.dz\\\/\"},{\"@type\":\"ListItem\",\"position\":2,\"name\":\"Alg\u00e9rie\u2013Gr\u00e8ce\u00a0: Plusieurs accords de coop\u00e9ration sign\u00e9s\"}]},{\"@type\":\"WebSite\",\"@id\":\"https:\\\/\\\/lasentinelle.dz\\\/#website\",\"url\":\"https:\\\/\\\/lasentinelle.dz\\\/\",\"name\":\"La Sentinelle\",\"description\":\"Quotidien national d&#039;information\",\"publisher\":{\"@id\":\"https:\\\/\\\/lasentinelle.dz\\\/#organization\"},\"potentialAction\":[{\"@type\":\"SearchAction\",\"target\":{\"@type\":\"EntryPoint\",\"urlTemplate\":\"https:\\\/\\\/lasentinelle.dz\\\/?s={search_term_string}\"},\"query-input\":{\"@type\":\"PropertyValueSpecification\",\"valueRequired\":true,\"valueName\":\"search_term_string\"}}],\"inLanguage\":\"fr-FR\"},{\"@type\":\"Organization\",\"@id\":\"https:\\\/\\\/lasentinelle.dz\\\/#organization\",\"name\":\"Quotidien La Sentinelle\",\"url\":\"https:\\\/\\\/lasentinelle.dz\\\/\",\"logo\":{\"@type\":\"ImageObject\",\"inLanguage\":\"fr-FR\",\"@id\":\"https:\\\/\\\/lasentinelle.dz\\\/#\\\/schema\\\/logo\\\/image\\\/\",\"url\":\"https:\\\/\\\/lasentinelle.dz\\\/wp-content\\\/uploads\\\/2021\\\/09\\\/logo-sentinelleSLOGAN-1.png\",\"contentUrl\":\"https:\\\/\\\/lasentinelle.dz\\\/wp-content\\\/uploads\\\/2021\\\/09\\\/logo-sentinelleSLOGAN-1.png\",\"width\":615,\"height\":142,\"caption\":\"Quotidien La Sentinelle\"},\"image\":{\"@id\":\"https:\\\/\\\/lasentinelle.dz\\\/#\\\/schema\\\/logo\\\/image\\\/\"},\"sameAs\":[\"https:\\\/\\\/www.facebook.com\\\/La-Sentinelle-104059864394773\"]},{\"@type\":\"Person\",\"@id\":\"https:\\\/\\\/lasentinelle.dz\\\/#\\\/schema\\\/person\\\/729ee0024f24e0b8c5ec17232f8e8b41\",\"name\":\"admin\",\"image\":{\"@type\":\"ImageObject\",\"inLanguage\":\"fr-FR\",\"@id\":\"https:\\\/\\\/secure.gravatar.com\\\/avatar\\\/4c81fed838786e9b53f540bf46533e750f5d292099ae3b66cfc6fb1982e29df7?s=96&d=mm&r=g\",\"url\":\"https:\\\/\\\/secure.gravatar.com\\\/avatar\\\/4c81fed838786e9b53f540bf46533e750f5d292099ae3b66cfc6fb1982e29df7?s=96&d=mm&r=g\",\"contentUrl\":\"https:\\\/\\\/secure.gravatar.com\\\/avatar\\\/4c81fed838786e9b53f540bf46533e750f5d292099ae3b66cfc6fb1982e29df7?s=96&d=mm&r=g\",\"caption\":\"admin\"},\"description\":\"admin\",\"url\":\"https:\\\/\\\/lasentinelle.dz\\\/author\\\/admin\\\/\"}]}<\/script>\n<!-- \/ Yoast SEO plugin. -->","yoast_head_json":{"title":"Alg\u00e9rie\u2013Gr\u00e8ce\u00a0: Plusieurs accords de coop\u00e9ration sign\u00e9s - La Sentinelle","robots":{"index":"index","follow":"follow","max-snippet":"max-snippet:-1","max-image-preview":"max-image-preview:large","max-video-preview":"max-video-preview:-1"},"canonical":"https:\/\/lasentinelle.dz\/index.php\/2026\/01\/21\/algerie-grece-plusieurs-accords-de-cooperation-signes\/","og_locale":"fr_FR","og_type":"article","og_title":"Alg\u00e9rie\u2013Gr\u00e8ce\u00a0: Plusieurs accords de coop\u00e9ration sign\u00e9s - La Sentinelle","og_description":"L\u2019Alg\u00e9rie et la Gr\u00e8ce consolident leur partenariat. R\u00e9unis \u00e0 Ath\u00e8nes, les officiels des deux pays ont franchi une nouvelle \u00e9tape","og_url":"https:\/\/lasentinelle.dz\/index.php\/2026\/01\/21\/algerie-grece-plusieurs-accords-de-cooperation-signes\/","og_site_name":"La Sentinelle","article_publisher":"https:\/\/www.facebook.com\/La-Sentinelle-104059864394773","article_published_time":"2026-01-21T11:25:20+00:00","article_modified_time":"2026-01-21T11:25:21+00:00","author":"admin","twitter_card":"summary_large_image","twitter_misc":{"\u00c9crit par":"admin","Dur\u00e9e de lecture estim\u00e9e":"2 minutes"},"schema":{"@context":"https:\/\/schema.org","@graph":[{"@type":"Article","@id":"https:\/\/lasentinelle.dz\/index.php\/2026\/01\/21\/algerie-grece-plusieurs-accords-de-cooperation-signes\/#article","isPartOf":{"@id":"https:\/\/lasentinelle.dz\/index.php\/2026\/01\/21\/algerie-grece-plusieurs-accords-de-cooperation-signes\/"},"author":{"name":"admin","@id":"https:\/\/lasentinelle.dz\/#\/schema\/person\/729ee0024f24e0b8c5ec17232f8e8b41"},"headline":"Alg\u00e9rie\u2013Gr\u00e8ce\u00a0: Plusieurs accords de coop\u00e9ration sign\u00e9s","datePublished":"2026-01-21T11:25:20+00:00","dateModified":"2026-01-21T11:25:21+00:00","mainEntityOfPage":{"@id":"https:\/\/lasentinelle.dz\/index.php\/2026\/01\/21\/algerie-grece-plusieurs-accords-de-cooperation-signes\/"},"wordCount":342,"commentCount":0,"publisher":{"@id":"https:\/\/lasentinelle.dz\/#organization"},"articleSection":["Actualit\u00e9"],"inLanguage":"fr-FR","potentialAction":[{"@type":"CommentAction","name":"Comment","target":["https:\/\/lasentinelle.dz\/index.php\/2026\/01\/21\/algerie-grece-plusieurs-accords-de-cooperation-signes\/#respond"]}]},{"@type":"WebPage","@id":"https:\/\/lasentinelle.dz\/index.php\/2026\/01\/21\/algerie-grece-plusieurs-accords-de-cooperation-signes\/","url":"https:\/\/lasentinelle.dz\/index.php\/2026\/01\/21\/algerie-grece-plusieurs-accords-de-cooperation-signes\/","name":"Alg\u00e9rie\u2013Gr\u00e8ce\u00a0: Plusieurs accords de coop\u00e9ration sign\u00e9s - La Sentinelle","isPartOf":{"@id":"https:\/\/lasentinelle.dz\/#website"},"datePublished":"2026-01-21T11:25:20+00:00","dateModified":"2026-01-21T11:25:21+00:00","breadcrumb":{"@id":"https:\/\/lasentinelle.dz\/index.php\/2026\/01\/21\/algerie-grece-plusieurs-accords-de-cooperation-signes\/#breadcrumb"},"inLanguage":"fr-FR","potentialAction":[{"@type":"ReadAction","target":["https:\/\/lasentinelle.dz\/index.php\/2026\/01\/21\/algerie-grece-plusieurs-accords-de-cooperation-signes\/"]}]},{"@type":"BreadcrumbList","@id":"https:\/\/lasentinelle.dz\/index.php\/2026\/01\/21\/algerie-grece-plusieurs-accords-de-cooperation-signes\/#breadcrumb","itemListElement":[{"@type":"ListItem","position":1,"name":"Accueil","item":"https:\/\/lasentinelle.dz\/"},{"@type":"ListItem","position":2,"name":"Alg\u00e9rie\u2013Gr\u00e8ce\u00a0: Plusieurs accords de coop\u00e9ration sign\u00e9s"}]},{"@type":"WebSite","@id":"https:\/\/lasentinelle.dz\/#website","url":"https:\/\/lasentinelle.dz\/","name":"La Sentinelle","description":"Quotidien national d&#039;information","publisher":{"@id":"https:\/\/lasentinelle.dz\/#organization"},"potentialAction":[{"@type":"SearchAction","target":{"@type":"EntryPoint","urlTemplate":"https:\/\/lasentinelle.dz\/?s={search_term_string}"},"query-input":{"@type":"PropertyValueSpecification","valueRequired":true,"valueName":"search_term_string"}}],"inLanguage":"fr-FR"},{"@type":"Organization","@id":"https:\/\/lasentinelle.dz\/#organization","name":"Quotidien La Sentinelle","url":"https:\/\/lasentinelle.dz\/","logo":{"@type":"ImageObject","inLanguage":"fr-FR","@id":"https:\/\/lasentinelle.dz\/#\/schema\/logo\/image\/","url":"https:\/\/lasentinelle.dz\/wp-content\/uploads\/2021\/09\/logo-sentinelleSLOGAN-1.png","contentUrl":"https:\/\/lasentinelle.dz\/wp-content\/uploads\/2021\/09\/logo-sentinelleSLOGAN-1.png","width":615,"height":142,"caption":"Quotidien La Sentinelle"},"image":{"@id":"https:\/\/lasentinelle.dz\/#\/schema\/logo\/image\/"},"sameAs":["https:\/\/www.facebook.com\/La-Sentinelle-104059864394773"]},{"@type":"Person","@id":"https:\/\/lasentinelle.dz\/#\/schema\/person\/729ee0024f24e0b8c5ec17232f8e8b41","name":"admin","image":{"@type":"ImageObject","inLanguage":"fr-FR","@id":"https:\/\/secure.gravatar.com\/avatar\/4c81fed838786e9b53f540bf46533e750f5d292099ae3b66cfc6fb1982e29df7?s=96&d=mm&r=g","url":"https:\/\/secure.gravatar.com\/avatar\/4c81fed838786e9b53f540bf46533e750f5d292099ae3b66cfc6fb1982e29df7?s=96&d=mm&r=g","contentUrl":"https:\/\/secure.gravatar.com\/avatar\/4c81fed838786e9b53f540bf46533e750f5d292099ae3b66cfc6fb1982e29df7?s=96&d=mm&r=g","caption":"admin"},"description":"admin","url":"https:\/\/lasentinelle.dz\/author\/admin\/"}]}},"_links":{"self":[{"href":"https:\/\/lasentinelle.dz\/index.php\/wp-json\/wp\/v2\/posts\/79865","targetHints":{"allow":["GET"]}}],"collection":[{"href":"https:\/\/lasentinelle.dz\/index.php\/wp-json\/wp\/v2\/posts"}],"about":[{"href":"https:\/\/lasentinelle.dz\/index.php\/wp-json\/wp\/v2\/types\/post"}],"author":[{"embeddable":true,"href":"https:\/\/lasentinelle.dz\/index.php\/wp-json\/wp\/v2\/users\/6"}],"replies":[{"embeddable":true,"href":"https:\/\/lasentinelle.dz\/index.php\/wp-json\/wp\/v2\/comments?post=79865"}],"version-history":[{"count":1,"href":"https:\/\/lasentinelle.dz\/index.php\/wp-json\/wp\/v2\/posts\/79865\/revisions"}],"predecessor-version":[{"id":79866,"href":"https:\/\/lasentinelle.dz\/index.php\/wp-json\/wp\/v2\/posts\/79865\/revisions\/79866"}],"wp:attachment":[{"href":"https:\/\/lasentinelle.dz\/index.php\/wp-json\/wp\/v2\/media?parent=79865"}],"wp:term":[{"taxonomy":"category","embeddable":true,"href":"https:\/\/lasentinelle.dz\/index.php\/wp-json\/wp\/v2\/categories?post=79865"},{"taxonomy":"post_tag","embeddable":true,"href":"https:\/\/lasentinelle.dz\/index.php\/wp-json\/wp\/v2\/tags?post=79865"}],"curies":[{"name":"wp","href":"https:\/\/api.w.org\/{rel}","templated":true}]}}